{"id":113973,"date":"2016-09-01T07:40:07","date_gmt":"2016-09-01T10:40:07","guid":{"rendered":"http:\/\/www.notibras.com\/site\/?p=113973"},"modified":"2016-09-01T07:40:07","modified_gmt":"2016-09-01T10:40:07","slug":"brasil-chegou-ao-seu-limite-e-e-preciso-dar-um-basta-enquanto-ha-tempo","status":"publish","type":"post","link":"https:\/\/www.notibras.com\/site\/brasil-chegou-ao-seu-limite-e-e-preciso-dar-um-basta-enquanto-ha-tempo\/","title":{"rendered":"Brasil chegou ao seu limite e \u00e9 preciso dar um basta enquanto h\u00e1 tempo"},"content":{"rendered":"<p><strong>Jo\u00e3o Carlos Marchesan<\/strong><\/p>\n<p>O discurso de exposi\u00e7\u00e3o da nossa real situa\u00e7\u00e3o em todas as possibilidades que temos dispensa maiores explica\u00e7\u00f5es. A crise que vivemos transcende o pol\u00edtico, o econ\u00f4mico e chega ao social. O desemprego bate na porta da sociedade brasileira, chega a 12 milh\u00f5es de pessoas e, de acordo com o que ouvimos em Bras\u00edlia, pode chegar a 14 milh\u00f5es no final do ano.<\/p>\n<p>O caso brasileiro \u00e9 agravado pelas crises pol\u00edtica e fiscal e sabemos que com desemprego alto n\u00e3o temos mercado interno e, por mais que o atual governo fa\u00e7a, n\u00e3o conseguiremos inverter o processo da desindustrializa\u00e7\u00e3o do nosso setor antes do pr\u00f3ximo ano, quando esperamos que os investimentos voltem a fazer parte do cen\u00e1rio da ind\u00fastria brasileira.<\/p>\n<p>Temos convic\u00e7\u00e3o que a solu\u00e7\u00e3o para essa crise delineada existe. Exige uma constru\u00e7\u00e3o estrat\u00e9gica sensata e uma opera\u00e7\u00e3o t\u00e9cnica e pol\u00edtica delicada, com crit\u00e9rio, conten\u00e7\u00e3o de gastos e invers\u00e3o da pol\u00edtica de juros altos e c\u00e2mbio oscilante.<\/p>\n<p>Temos projetos para as diversas \u00e1reas do governo que poder\u00e3o inverter o rumo da crise e dar um f\u00f4lego para as nossas empresas.<\/p>\n<p>Mas como faremos para sobreviver a esta travessia e para chegar at\u00e9 o momento de crescimento econ\u00f4mico? O Brasil est\u00e1 entrando em seu terceiro ano de recess\u00e3o consecutiva. Desde 2013, todos os indicadores econ\u00f4micos retrocederam: emprego, PIB, produ\u00e7\u00e3o industrial, renda e consumo. O pa\u00eds entrou em uma crise fiscal sem precedentes. Na pr\u00e1tica, o Brasil de 2016 est\u00e1 no mesmo n\u00edvel de 2010. Perdemos seis anos. Por essa raz\u00e3o, temos que ter austeridade e persist\u00eancia junto \u00e0s autoridades para que possamos sobreviver.<\/p>\n<p>Temos que fazer todos os esfor\u00e7os para atravessar essa fase. O Brasil precisa reduzir os juros, desvalorizar a moeda, estabilizar o c\u00e2mbio e resgatar as empresas para que possam pagar os seus impostos. Precisamos sobreviver! Precisamos atravessar esse per\u00edodo!<\/p>\n<p>O Estado brasileiro chegou ao seu limite. \u00c9 um Estado demasiadamente caro, especialmente se levarmos em considera\u00e7\u00e3o a qualidade das pol\u00edticas p\u00fablicas em compara\u00e7\u00e3o com a elevada carga tribut\u00e1ria. Sendo respons\u00e1vel pela arrecada\u00e7\u00e3o de mais de 35% da renda nacional, o governo brasileiro foi muito al\u00e9m de todos os pa\u00edses emergentes e da maioria dos pa\u00edses desenvolvidos.<\/p>\n<p>J\u00e1 passou da \u00e9poca de o governo dar um basta nesse c\u00edrculo vicioso sem limites e come\u00e7ar a ser protagonista de uma nova hist\u00f3ria de desenvolvimento para o Brasil, tendo em vista as necessidades da ind\u00fastria. O nosso compromisso \u00e9 para garantir a sobreviv\u00eancia da ind\u00fastria nacional. E, para isso, continuaremos envidando todos os esfor\u00e7os.<\/p>\n","protected":false},"excerpt":{"rendered":"<p>Jo\u00e3o Carlos Marchesan O discurso de exposi\u00e7\u00e3o da nossa real situa\u00e7\u00e3o em todas as possibilidades que temos dispensa maiores explica\u00e7\u00f5es. A crise que vivemos transcende o pol\u00edtico, o econ\u00f4mico e chega ao social. O desemprego bate na porta da sociedade brasileira, chega a 12 milh\u00f5es de pessoas e, de acordo com o que ouvimos em [&hellip;]<\/p>\n","protected":false},"author":2,"featured_media":113974,"comment_status":"open","ping_status":"closed","sticky":false,"template":"","format":"standard","meta":{"_acf_changed":false,"footnotes":""},"categories":[25],"tags":[],"class_list":["post-113973","post","type-post","status-publish","format-standard","has-post-thumbnail","hentry","category-opina-ai"],"acf":[],"yoast_head":"<!-- This site is optimized with the Yoast SEO plugin v27.5 - https:\/\/yoast.com\/product\/yoast-seo-wordpress\/ -->\n<title>Brasil chegou ao seu limite e \u00e9 preciso dar um basta enquanto h\u00e1 tempo - Notibras<\/title>\n<meta name=\"robots\" content=\"index, follow, max-snippet:-1, max-image-preview:large, max-video-preview:-1\" \/>\n<link rel=\"canonical\" href=\"https:\/\/www.notibras.com\/site\/brasil-chegou-ao-seu-limite-e-e-preciso-dar-um-basta-enquanto-ha-tempo\/\" \/>\n<meta property=\"og:locale\" content=\"pt_BR\" \/>\n<meta property=\"og:type\" content=\"article\" \/>\n<meta property=\"og:title\" content=\"Brasil chegou ao seu limite e \u00e9 preciso dar um basta enquanto h\u00e1 tempo - Notibras\" \/>\n<meta property=\"og:description\" content=\"Jo\u00e3o Carlos Marchesan O discurso de exposi\u00e7\u00e3o da nossa real situa\u00e7\u00e3o em todas as possibilidades que temos dispensa maiores explica\u00e7\u00f5es. A crise que vivemos transcende o pol\u00edtico, o econ\u00f4mico e chega ao social. O desemprego bate na porta da sociedade brasileira, chega a 12 milh\u00f5es de pessoas e, de acordo com o que ouvimos em [&hellip;]\" \/>\n<meta property=\"og:url\" content=\"https:\/\/www.notibras.com\/site\/brasil-chegou-ao-seu-limite-e-e-preciso-dar-um-basta-enquanto-ha-tempo\/\" \/>\n<meta property=\"og:site_name\" content=\"Notibras\" \/>\n<meta property=\"article:publisher\" content=\"https:\/\/www.facebook.com\/notibras\/\" \/>\n<meta property=\"article:published_time\" content=\"2016-09-01T10:40:07+00:00\" \/>\n<meta property=\"og:image\" content=\"https:\/\/www.notibras.com\/site\/wp-content\/uploads\/2016\/09\/bandeira-rasgada-3.jpg\" \/>\n\t<meta property=\"og:image:width\" content=\"728\" \/>\n\t<meta property=\"og:image:height\" content=\"557\" \/>\n\t<meta property=\"og:image:type\" content=\"image\/jpeg\" \/>\n<meta name=\"author\" content=\"Reda\u00e7\u00e3o\" \/>\n<meta name=\"twitter:card\" content=\"summary_large_image\" \/>\n<meta name=\"twitter:creator\" content=\"@Notibras\" \/>\n<meta name=\"twitter:site\" content=\"@Notibras\" \/>\n<meta name=\"twitter:label1\" content=\"Escrito por\" \/>\n\t<meta name=\"twitter:data1\" content=\"Reda\u00e7\u00e3o\" \/>\n\t<meta name=\"twitter:label2\" content=\"Est. tempo de leitura\" \/>\n\t<meta name=\"twitter:data2\" content=\"2 minutos\" \/>\n<script type=\"application\/ld+json\" class=\"yoast-schema-graph\">{\"@context\":\"https:\\\/\\\/schema.org\",\"@graph\":[{\"@type\":\"Article\",\"@id\":\"https:\\\/\\\/www.notibras.com\\\/site\\\/brasil-chegou-ao-seu-limite-e-e-preciso-dar-um-basta-enquanto-ha-tempo\\\/#article\",\"isPartOf\":{\"@id\":\"https:\\\/\\\/www.notibras.com\\\/site\\\/brasil-chegou-ao-seu-limite-e-e-preciso-dar-um-basta-enquanto-ha-tempo\\\/\"},\"author\":{\"name\":\"Reda\u00e7\u00e3o\",\"@id\":\"https:\\\/\\\/www.notibras.com\\\/site\\\/#\\\/schema\\\/person\\\/36ab0979449956132d3e5b517ea76ac8\"},\"headline\":\"Brasil chegou ao seu limite e \u00e9 preciso dar um basta enquanto h\u00e1 tempo\",\"datePublished\":\"2016-09-01T10:40:07+00:00\",\"mainEntityOfPage\":{\"@id\":\"https:\\\/\\\/www.notibras.com\\\/site\\\/brasil-chegou-ao-seu-limite-e-e-preciso-dar-um-basta-enquanto-ha-tempo\\\/\"},\"wordCount\":478,\"commentCount\":0,\"publisher\":{\"@id\":\"https:\\\/\\\/www.notibras.com\\\/site\\\/#organization\"},\"image\":{\"@id\":\"https:\\\/\\\/www.notibras.com\\\/site\\\/brasil-chegou-ao-seu-limite-e-e-preciso-dar-um-basta-enquanto-ha-tempo\\\/#primaryimage\"},\"thumbnailUrl\":\"https:\\\/\\\/www.notibras.com\\\/site\\\/wp-content\\\/uploads\\\/2016\\\/09\\\/bandeira-rasgada-3.jpg\",\"articleSection\":[\"Opina a\u00ed\"],\"inLanguage\":\"pt-BR\",\"potentialAction\":[{\"@type\":\"CommentAction\",\"name\":\"Comment\",\"target\":[\"https:\\\/\\\/www.notibras.com\\\/site\\\/brasil-chegou-ao-seu-limite-e-e-preciso-dar-um-basta-enquanto-ha-tempo\\\/#respond\"]}]},{\"@type\":\"WebPage\",\"@id\":\"https:\\\/\\\/www.notibras.com\\\/site\\\/brasil-chegou-ao-seu-limite-e-e-preciso-dar-um-basta-enquanto-ha-tempo\\\/\",\"url\":\"https:\\\/\\\/www.notibras.com\\\/site\\\/brasil-chegou-ao-seu-limite-e-e-preciso-dar-um-basta-enquanto-ha-tempo\\\/\",\"name\":\"Brasil chegou ao seu limite e \u00e9 preciso dar um basta enquanto h\u00e1 tempo - Notibras\",\"isPartOf\":{\"@id\":\"https:\\\/\\\/www.notibras.com\\\/site\\\/#website\"},\"primaryImageOfPage\":{\"@id\":\"https:\\\/\\\/www.notibras.com\\\/site\\\/brasil-chegou-ao-seu-limite-e-e-preciso-dar-um-basta-enquanto-ha-tempo\\\/#primaryimage\"},\"image\":{\"@id\":\"https:\\\/\\\/www.notibras.com\\\/site\\\/brasil-chegou-ao-seu-limite-e-e-preciso-dar-um-basta-enquanto-ha-tempo\\\/#primaryimage\"},\"thumbnailUrl\":\"https:\\\/\\\/www.notibras.com\\\/site\\\/wp-content\\\/uploads\\\/2016\\\/09\\\/bandeira-rasgada-3.jpg\",\"datePublished\":\"2016-09-01T10:40:07+00:00\",\"breadcrumb\":{\"@id\":\"https:\\\/\\\/www.notibras.com\\\/site\\\/brasil-chegou-ao-seu-limite-e-e-preciso-dar-um-basta-enquanto-ha-tempo\\\/#breadcrumb\"},\"inLanguage\":\"pt-BR\",\"potentialAction\":[{\"@type\":\"ReadAction\",\"target\":[\"https:\\\/\\\/www.notibras.com\\\/site\\\/brasil-chegou-ao-seu-limite-e-e-preciso-dar-um-basta-enquanto-ha-tempo\\\/\"]}]},{\"@type\":\"ImageObject\",\"inLanguage\":\"pt-BR\",\"@id\":\"https:\\\/\\\/www.notibras.com\\\/site\\\/brasil-chegou-ao-seu-limite-e-e-preciso-dar-um-basta-enquanto-ha-tempo\\\/#primaryimage\",\"url\":\"https:\\\/\\\/www.notibras.com\\\/site\\\/wp-content\\\/uploads\\\/2016\\\/09\\\/bandeira-rasgada-3.jpg\",\"contentUrl\":\"https:\\\/\\\/www.notibras.com\\\/site\\\/wp-content\\\/uploads\\\/2016\\\/09\\\/bandeira-rasgada-3.jpg\",\"width\":728,\"height\":557},{\"@type\":\"BreadcrumbList\",\"@id\":\"https:\\\/\\\/www.notibras.com\\\/site\\\/brasil-chegou-ao-seu-limite-e-e-preciso-dar-um-basta-enquanto-ha-tempo\\\/#breadcrumb\",\"itemListElement\":[{\"@type\":\"ListItem\",\"position\":1,\"name\":\"In\u00edcio\",\"item\":\"https:\\\/\\\/www.notibras.com\\\/site\\\/\"},{\"@type\":\"ListItem\",\"position\":2,\"name\":\"Brasil chegou ao seu limite e \u00e9 preciso dar um basta enquanto h\u00e1 tempo\"}]},{\"@type\":\"WebSite\",\"@id\":\"https:\\\/\\\/www.notibras.com\\\/site\\\/#website\",\"url\":\"https:\\\/\\\/www.notibras.com\\\/site\\\/\",\"name\":\"Notibras\",\"description\":\"Not\u00edcias de Bras\u00edlia, do Brasil e do Mundo\",\"publisher\":{\"@id\":\"https:\\\/\\\/www.notibras.com\\\/site\\\/#organization\"},\"potentialAction\":[{\"@type\":\"SearchAction\",\"target\":{\"@type\":\"EntryPoint\",\"urlTemplate\":\"https:\\\/\\\/www.notibras.com\\\/site\\\/?s={search_term_string}\"},\"query-input\":{\"@type\":\"PropertyValueSpecification\",\"valueRequired\":true,\"valueName\":\"search_term_string\"}}],\"inLanguage\":\"pt-BR\"},{\"@type\":\"Organization\",\"@id\":\"https:\\\/\\\/www.notibras.com\\\/site\\\/#organization\",\"name\":\"Grupo Notibras de Comunica\u00e7\u00e3o\",\"url\":\"https:\\\/\\\/www.notibras.com\\\/site\\\/\",\"logo\":{\"@type\":\"ImageObject\",\"inLanguage\":\"pt-BR\",\"@id\":\"https:\\\/\\\/www.notibras.com\\\/site\\\/#\\\/schema\\\/logo\\\/image\\\/\",\"url\":\"https:\\\/\\\/www.notibras.com\\\/site\\\/wp-content\\\/uploads\\\/2023\\\/01\\\/notibras23.png\",\"contentUrl\":\"https:\\\/\\\/www.notibras.com\\\/site\\\/wp-content\\\/uploads\\\/2023\\\/01\\\/notibras23.png\",\"width\":350,\"height\":87,\"caption\":\"Grupo Notibras de Comunica\u00e7\u00e3o\"},\"image\":{\"@id\":\"https:\\\/\\\/www.notibras.com\\\/site\\\/#\\\/schema\\\/logo\\\/image\\\/\"},\"sameAs\":[\"https:\\\/\\\/www.facebook.com\\\/notibras\\\/\",\"https:\\\/\\\/x.com\\\/Notibras\",\"https:\\\/\\\/www.instagram.com\\\/notibras\\\/\"]},{\"@type\":\"Person\",\"@id\":\"https:\\\/\\\/www.notibras.com\\\/site\\\/#\\\/schema\\\/person\\\/36ab0979449956132d3e5b517ea76ac8\",\"name\":\"Reda\u00e7\u00e3o\",\"image\":{\"@type\":\"ImageObject\",\"inLanguage\":\"pt-BR\",\"@id\":\"https:\\\/\\\/secure.gravatar.com\\\/avatar\\\/e0a867bdedb85fd243eadf09663511f96fc81e0720a4a42581f334ad4303aa6b?s=96&d=mm&r=g\",\"url\":\"https:\\\/\\\/secure.gravatar.com\\\/avatar\\\/e0a867bdedb85fd243eadf09663511f96fc81e0720a4a42581f334ad4303aa6b?s=96&d=mm&r=g\",\"contentUrl\":\"https:\\\/\\\/secure.gravatar.com\\\/avatar\\\/e0a867bdedb85fd243eadf09663511f96fc81e0720a4a42581f334ad4303aa6b?s=96&d=mm&r=g\",\"caption\":\"Reda\u00e7\u00e3o\"}}]}<\/script>\n<!-- \/ Yoast SEO plugin. -->","yoast_head_json":{"title":"Brasil chegou ao seu limite e \u00e9 preciso dar um basta enquanto h\u00e1 tempo - Notibras","robots":{"index":"index","follow":"follow","max-snippet":"max-snippet:-1","max-image-preview":"max-image-preview:large","max-video-preview":"max-video-preview:-1"},"canonical":"https:\/\/www.notibras.com\/site\/brasil-chegou-ao-seu-limite-e-e-preciso-dar-um-basta-enquanto-ha-tempo\/","og_locale":"pt_BR","og_type":"article","og_title":"Brasil chegou ao seu limite e \u00e9 preciso dar um basta enquanto h\u00e1 tempo - Notibras","og_description":"Jo\u00e3o Carlos Marchesan O discurso de exposi\u00e7\u00e3o da nossa real situa\u00e7\u00e3o em todas as possibilidades que temos dispensa maiores explica\u00e7\u00f5es. A crise que vivemos transcende o pol\u00edtico, o econ\u00f4mico e chega ao social. O desemprego bate na porta da sociedade brasileira, chega a 12 milh\u00f5es de pessoas e, de acordo com o que ouvimos em [&hellip;]","og_url":"https:\/\/www.notibras.com\/site\/brasil-chegou-ao-seu-limite-e-e-preciso-dar-um-basta-enquanto-ha-tempo\/","og_site_name":"Notibras","article_publisher":"https:\/\/www.facebook.com\/notibras\/","article_published_time":"2016-09-01T10:40:07+00:00","og_image":[{"width":728,"height":557,"url":"https:\/\/www.notibras.com\/site\/wp-content\/uploads\/2016\/09\/bandeira-rasgada-3.jpg","type":"image\/jpeg"}],"author":"Reda\u00e7\u00e3o","twitter_card":"summary_large_image","twitter_creator":"@Notibras","twitter_site":"@Notibras","twitter_misc":{"Escrito por":"Reda\u00e7\u00e3o","Est. tempo de leitura":"2 minutos"},"schema":{"@context":"https:\/\/schema.org","@graph":[{"@type":"Article","@id":"https:\/\/www.notibras.com\/site\/brasil-chegou-ao-seu-limite-e-e-preciso-dar-um-basta-enquanto-ha-tempo\/#article","isPartOf":{"@id":"https:\/\/www.notibras.com\/site\/brasil-chegou-ao-seu-limite-e-e-preciso-dar-um-basta-enquanto-ha-tempo\/"},"author":{"name":"Reda\u00e7\u00e3o","@id":"https:\/\/www.notibras.com\/site\/#\/schema\/person\/36ab0979449956132d3e5b517ea76ac8"},"headline":"Brasil chegou ao seu limite e \u00e9 preciso dar um basta enquanto h\u00e1 tempo","datePublished":"2016-09-01T10:40:07+00:00","mainEntityOfPage":{"@id":"https:\/\/www.notibras.com\/site\/brasil-chegou-ao-seu-limite-e-e-preciso-dar-um-basta-enquanto-ha-tempo\/"},"wordCount":478,"commentCount":0,"publisher":{"@id":"https:\/\/www.notibras.com\/site\/#organization"},"image":{"@id":"https:\/\/www.notibras.com\/site\/brasil-chegou-ao-seu-limite-e-e-preciso-dar-um-basta-enquanto-ha-tempo\/#primaryimage"},"thumbnailUrl":"https:\/\/www.notibras.com\/site\/wp-content\/uploads\/2016\/09\/bandeira-rasgada-3.jpg","articleSection":["Opina a\u00ed"],"inLanguage":"pt-BR","potentialAction":[{"@type":"CommentAction","name":"Comment","target":["https:\/\/www.notibras.com\/site\/brasil-chegou-ao-seu-limite-e-e-preciso-dar-um-basta-enquanto-ha-tempo\/#respond"]}]},{"@type":"WebPage","@id":"https:\/\/www.notibras.com\/site\/brasil-chegou-ao-seu-limite-e-e-preciso-dar-um-basta-enquanto-ha-tempo\/","url":"https:\/\/www.notibras.com\/site\/brasil-chegou-ao-seu-limite-e-e-preciso-dar-um-basta-enquanto-ha-tempo\/","name":"Brasil chegou ao seu limite e \u00e9 preciso dar um basta enquanto h\u00e1 tempo - Notibras","isPartOf":{"@id":"https:\/\/www.notibras.com\/site\/#website"},"primaryImageOfPage":{"@id":"https:\/\/www.notibras.com\/site\/brasil-chegou-ao-seu-limite-e-e-preciso-dar-um-basta-enquanto-ha-tempo\/#primaryimage"},"image":{"@id":"https:\/\/www.notibras.com\/site\/brasil-chegou-ao-seu-limite-e-e-preciso-dar-um-basta-enquanto-ha-tempo\/#primaryimage"},"thumbnailUrl":"https:\/\/www.notibras.com\/site\/wp-content\/uploads\/2016\/09\/bandeira-rasgada-3.jpg","datePublished":"2016-09-01T10:40:07+00:00","breadcrumb":{"@id":"https:\/\/www.notibras.com\/site\/brasil-chegou-ao-seu-limite-e-e-preciso-dar-um-basta-enquanto-ha-tempo\/#breadcrumb"},"inLanguage":"pt-BR","potentialAction":[{"@type":"ReadAction","target":["https:\/\/www.notibras.com\/site\/brasil-chegou-ao-seu-limite-e-e-preciso-dar-um-basta-enquanto-ha-tempo\/"]}]},{"@type":"ImageObject","inLanguage":"pt-BR","@id":"https:\/\/www.notibras.com\/site\/brasil-chegou-ao-seu-limite-e-e-preciso-dar-um-basta-enquanto-ha-tempo\/#primaryimage","url":"https:\/\/www.notibras.com\/site\/wp-content\/uploads\/2016\/09\/bandeira-rasgada-3.jpg","contentUrl":"https:\/\/www.notibras.com\/site\/wp-content\/uploads\/2016\/09\/bandeira-rasgada-3.jpg","width":728,"height":557},{"@type":"BreadcrumbList","@id":"https:\/\/www.notibras.com\/site\/brasil-chegou-ao-seu-limite-e-e-preciso-dar-um-basta-enquanto-ha-tempo\/#breadcrumb","itemListElement":[{"@type":"ListItem","position":1,"name":"In\u00edcio","item":"https:\/\/www.notibras.com\/site\/"},{"@type":"ListItem","position":2,"name":"Brasil chegou ao seu limite e \u00e9 preciso dar um basta enquanto h\u00e1 tempo"}]},{"@type":"WebSite","@id":"https:\/\/www.notibras.com\/site\/#website","url":"https:\/\/www.notibras.com\/site\/","name":"Notibras","description":"Not\u00edcias de Bras\u00edlia, do Brasil e do Mundo","publisher":{"@id":"https:\/\/www.notibras.com\/site\/#organization"},"potentialAction":[{"@type":"SearchAction","target":{"@type":"EntryPoint","urlTemplate":"https:\/\/www.notibras.com\/site\/?s={search_term_string}"},"query-input":{"@type":"PropertyValueSpecification","valueRequired":true,"valueName":"search_term_string"}}],"inLanguage":"pt-BR"},{"@type":"Organization","@id":"https:\/\/www.notibras.com\/site\/#organization","name":"Grupo Notibras de Comunica\u00e7\u00e3o","url":"https:\/\/www.notibras.com\/site\/","logo":{"@type":"ImageObject","inLanguage":"pt-BR","@id":"https:\/\/www.notibras.com\/site\/#\/schema\/logo\/image\/","url":"https:\/\/www.notibras.com\/site\/wp-content\/uploads\/2023\/01\/notibras23.png","contentUrl":"https:\/\/www.notibras.com\/site\/wp-content\/uploads\/2023\/01\/notibras23.png","width":350,"height":87,"caption":"Grupo Notibras de Comunica\u00e7\u00e3o"},"image":{"@id":"https:\/\/www.notibras.com\/site\/#\/schema\/logo\/image\/"},"sameAs":["https:\/\/www.facebook.com\/notibras\/","https:\/\/x.com\/Notibras","https:\/\/www.instagram.com\/notibras\/"]},{"@type":"Person","@id":"https:\/\/www.notibras.com\/site\/#\/schema\/person\/36ab0979449956132d3e5b517ea76ac8","name":"Reda\u00e7\u00e3o","image":{"@type":"ImageObject","inLanguage":"pt-BR","@id":"https:\/\/secure.gravatar.com\/avatar\/e0a867bdedb85fd243eadf09663511f96fc81e0720a4a42581f334ad4303aa6b?s=96&d=mm&r=g","url":"https:\/\/secure.gravatar.com\/avatar\/e0a867bdedb85fd243eadf09663511f96fc81e0720a4a42581f334ad4303aa6b?s=96&d=mm&r=g","contentUrl":"https:\/\/secure.gravatar.com\/avatar\/e0a867bdedb85fd243eadf09663511f96fc81e0720a4a42581f334ad4303aa6b?s=96&d=mm&r=g","caption":"Reda\u00e7\u00e3o"}}]}},"amp_enabled":true,"_links":{"self":[{"href":"https:\/\/www.notibras.com\/site\/wp-json\/wp\/v2\/posts\/113973","targetHints":{"allow":["GET"]}}],"collection":[{"href":"https:\/\/www.notibras.com\/site\/wp-json\/wp\/v2\/posts"}],"about":[{"href":"https:\/\/www.notibras.com\/site\/wp-json\/wp\/v2\/types\/post"}],"author":[{"embeddable":true,"href":"https:\/\/www.notibras.com\/site\/wp-json\/wp\/v2\/users\/2"}],"replies":[{"embeddable":true,"href":"https:\/\/www.notibras.com\/site\/wp-json\/wp\/v2\/comments?post=113973"}],"version-history":[{"count":1,"href":"https:\/\/www.notibras.com\/site\/wp-json\/wp\/v2\/posts\/113973\/revisions"}],"predecessor-version":[{"id":113975,"href":"https:\/\/www.notibras.com\/site\/wp-json\/wp\/v2\/posts\/113973\/revisions\/113975"}],"wp:featuredmedia":[{"embeddable":true,"href":"https:\/\/www.notibras.com\/site\/wp-json\/wp\/v2\/media\/113974"}],"wp:attachment":[{"href":"https:\/\/www.notibras.com\/site\/wp-json\/wp\/v2\/media?parent=113973"}],"wp:term":[{"taxonomy":"category","embeddable":true,"href":"https:\/\/www.notibras.com\/site\/wp-json\/wp\/v2\/categories?post=113973"},{"taxonomy":"post_tag","embeddable":true,"href":"https:\/\/www.notibras.com\/site\/wp-json\/wp\/v2\/tags?post=113973"}],"curies":[{"name":"wp","href":"https:\/\/api.w.org\/{rel}","templated":true}]}}