{"id":114078,"date":"2016-09-02T06:00:04","date_gmt":"2016-09-02T09:00:04","guid":{"rendered":"http:\/\/www.notibras.com\/site\/?p=114078"},"modified":"2016-09-02T06:46:11","modified_gmt":"2016-09-02T09:46:11","slug":"coisa-bizarra-essa-e-perda-do-cargo-com-inabilitacao-por-oito-anos-e-pronto","status":"publish","type":"post","link":"https:\/\/www.notibras.com\/site\/coisa-bizarra-essa-e-perda-do-cargo-com-inabilitacao-por-oito-anos-e-pronto\/","title":{"rendered":"Coisa bizarra, essa. \u00c9 perda do cargo com inabilita\u00e7\u00e3o por oito anos. E pronto"},"content":{"rendered":"<p><strong>Luis Carlos Alcoforado e Erika Dutra Xavier<\/strong><\/p>\n<p>No julgamento da ex-presidente Dilma, sobreveio quest\u00e3o de ordem suscitada no plen\u00e1rio do Senado Federal, segundo a qual a condena\u00e7\u00e3o por crime de responsabilidade haveria de ser fatiada em duas pressuposi\u00e7\u00f5es f\u00e1tico-jur\u00eddicas, como institutos penal-administrativos aut\u00f4nomos: a perda do cargo e a inabilita\u00e7\u00e3o para o exerc\u00edcio de fun\u00e7\u00e3o p\u00fablica por oito anos.<\/p>\n<p>Cindido o julgamento em duas etapas, reconheceu-se a caracteriza\u00e7\u00e3o da infra\u00e7\u00e3o e, na segunda parte, acolheu-se o questionamento para que os senadores-ju\u00edzes deliberassem sobre o castigo a ser imposto \u00e0 ex-presidente considerada culpada por crime de responsabilidade.<\/p>\n<p>A Constitui\u00e7\u00e3o Federal comporta interpreta\u00e7\u00f5es, compreens\u00f5es e entendimentos sob o comando de hermen\u00eautica que traduza o desejo primevo do constituinte, especialmente quando o int\u00e9rprete se depara com norma constitucional em cujo comando se emba\u00e7a intelec\u00e7\u00e3o final\u00edstica.<\/p>\n<p>O Brasil carece de estabilidade constitucional, por for\u00e7a dos surtos de per\u00edodos que intercalam instabilidade e estabilidade de suas \u00e9pocas democr\u00e1tico-institucionais, mas as defectividades que consagram a conviv\u00eancia com novos textos legais n\u00e3o permitem que se prospectem interpreta\u00e7\u00f5es manietadas mais pela circunst\u00e2ncia da l\u00f3gica pol\u00edtica do que pela l\u00f3gica jur\u00eddica.<\/p>\n<p>No caso da san\u00e7\u00e3o em an\u00e1lise, \u00e9 assombrosa a clarivid\u00eancia do texto constitucional, segundo o qual eventuais condena\u00e7\u00f5es oriundas do julgamento proferido por dois ter\u00e7os do Senado Federal contra Presidente e Vice-Presidente da Rep\u00fablica, que se restringe aos crimes de responsabilidade, limitar-se-\u00e3o \u201c\u00e0 perda do cargo, com inabilita\u00e7\u00e3o, por oito anos, para o exerc\u00edcio de fun\u00e7\u00e3o p\u00fablica\u201d.<\/p>\n<p>O mesmo par\u00e1grafo \u00fanico do art. 52 da Constitui\u00e7\u00e3o deixa claro, tamb\u00e9m, que o governante condenado estar\u00e1 sujeito a julgamentos em outros foros, e, por conseguinte, a outras san\u00e7\u00f5es previstas no ordenamento.<\/p>\n<p>Trata-se de comando que prescinde de esfor\u00e7o hermen\u00eautico para recriar a vontade do constituinte, com o intuito de acomodar interesses afagados por pol\u00edticos que, perseguidos pela lei, buscam a reforma intelectiva do texto sem o concurso da reforma constitucional.<\/p>\n<p>A regra \u00e9 clara, haja vista que h\u00e1, indissociavelmente, um n\u00facleo sancionat\u00f3rio, regido pela conjun\u00e7\u00e3o de duas penas que se aplicam ao agente que comete o crime de responsabilidade, sem que se possa disjungir causas e efeitos, quando o Senado Federal declara culpado o Presidente da Rep\u00fablica.<\/p>\n<p>N\u00e3o se perde o cargo sem a inevit\u00e1vel comina\u00e7\u00e3o da inabilita\u00e7\u00e3o, por oito anos, para o exerc\u00edcio de fun\u00e7\u00e3o p\u00fablica, porque o constituinte pretendeu aplicar ao faltoso uma pena composta e conjuntiva, sem preju\u00edzo de outras san\u00e7\u00f5es.<\/p>\n<p>Ali\u00e1s, \u00e9 l\u00edcito, por mero exerc\u00edcio acad\u00eamico, compreender-se que se trata de um s\u00f3 castigo, segundo a unidade de prop\u00f3sitos da san\u00e7\u00e3o cominada para o sujeito contra o qual se declara o cometimento do crime de responsabilidade.<\/p>\n<p>Significa dizer que, reconhecida a pr\u00e1tica de atos que afrontem a lei lato sensu ou exponham a perigo a seguran\u00e7a nacional ou a estabilidade institucional, a puni\u00e7\u00e3o \u00e9 fixada de modo a alijar o infrator n\u00e3o s\u00f3 do poder, em raz\u00e3o de se ter achado em falta para o exerc\u00edcio de qualquer fun\u00e7\u00e3o p\u00fablica, prop\u00f3sito com o qual n\u00e3o se coaduna a perda do cargo isoladamente.<\/p>\n<p>Por essa mesma raz\u00e3o, a ren\u00fancia ao cargo n\u00e3o enseja o esvaziamento do objeto do processo de impedimento.<\/p>\n<p>Mel\u00edfluos sentimentos expressados pelos senadores-ju\u00edzes que, no caso espec\u00edfico, decidiram pela segrega\u00e7\u00e3o do castigo s\u00e3o argumentos imprest\u00e1veis para se minimizar a dor da perda do cargo de Presidente da Rep\u00fablica.<\/p>\n<p>A constru\u00e7\u00e3o desordeira do dispositivo constitucional se alastra para alcan\u00e7ar per\u00edmetros do submundo das inten\u00e7\u00f5es pol\u00edticas, ocultas ou oclusas, para valer como precedente, em prote\u00e7\u00e3o \u00e0queles que infidelizaram a Constitui\u00e7\u00e3o e tra\u00edram a jurisprud\u00eancia do Supremo Tribunal Federal, j\u00e1 firme quanto \u00e0 incid\u00eancia dual das reprimendas a que se sujeita aquele que comete crime de responsabilidade.<\/p>\n<p>Vale recordar que o Supremo Tribunal Federal, quando do julgamento do Mandado de Seguran\u00e7a n. 21.689-1\/DF, verberou que, sob o regime da Lei n. 1.079\/50, n\u00e3o \u00e9 poss\u00edvel a aplica\u00e7\u00e3o isolada da perda do cargo, nem a inabilita\u00e7\u00e3o para o exerc\u00edcio de fun\u00e7\u00f5es p\u00fablicas tem car\u00e1ter acess\u00f3rio.<\/p>\n<p>Logo, as penit\u00eancias se conjugam.<\/p>\n<p>A decis\u00e3o tomada pelo Senado Federal se recreia na infertilidade de sua efic\u00e1cia ao atropelar a textualidade da regra e a jurisprud\u00eancia do principal int\u00e9rprete da Constitui\u00e7\u00e3o, o Supremo Tribunal Federal.<\/p>\n<p>A decis\u00e3o foi mais do que uma excentricidade jur\u00eddica, porque a manobra constru\u00edda fez mistura, sem sofistica\u00e7\u00e3o ou refinamento, do art. 52 da Constitui\u00e7\u00e3o de 1988.<\/p>\n<p>Houve equ\u00edvoco na leitura da regra objetiva e clara, como se tratasse de laborioso e justificado tema a ser superado por artimanhas.<\/p>\n<p>Reconhecido que a ex-presidente praticou crime de responsabilidade, n\u00e3o haveria outro caminho para o Senado Federal, sen\u00e3o a imposi\u00e7\u00e3o da perda do cargo e da inabilita\u00e7\u00e3o para o desempenho de fun\u00e7\u00f5es p\u00fablicas.<\/p>\n<p>O tema n\u00e3o pode ser partidarizado ou ideologizado para se afirmar solu\u00e7\u00e3o que minimize a dor da perda ou se maximize a busca da prote\u00e7\u00e3o para reprodu\u00e7\u00e3o em casos futuros em que pol\u00edticos sejam alvejados pela lei com a perda do mandato.<\/p>\n<p>O Senado Federal pode ser extravagante na interpreta\u00e7\u00e3o da Constitui\u00e7\u00e3o, mas o Supremo Tribunal n\u00e3o tem o direito de tomar a literalidade de um texto e transform\u00e1-lo em obscurantismo fant\u00e1stico.<\/p>\n<p>Em uma Rep\u00fablica democr\u00e1tica, cuidar da Constitui\u00e7\u00e3o n\u00e3o se confunde com domar cond\u00f5es para recriar cl\u00e1usulas e penas.<\/p>\n","protected":false},"excerpt":{"rendered":"<p>Luis Carlos Alcoforado e Erika Dutra Xavier No julgamento da ex-presidente Dilma, sobreveio quest\u00e3o de ordem suscitada no plen\u00e1rio do Senado Federal, segundo a qual a condena\u00e7\u00e3o por crime de responsabilidade haveria de ser fatiada em duas pressuposi\u00e7\u00f5es f\u00e1tico-jur\u00eddicas, como institutos penal-administrativos aut\u00f4nomos: a perda do cargo e a inabilita\u00e7\u00e3o para o exerc\u00edcio de fun\u00e7\u00e3o [&hellip;]<\/p>\n","protected":false},"author":2,"featured_media":114079,"comment_status":"open","ping_status":"closed","sticky":false,"template":"","format":"standard","meta":{"_acf_changed":false,"footnotes":""},"categories":[25],"tags":[],"class_list":["post-114078","post","type-post","status-publish","format-standard","has-post-thumbnail","hentry","category-opina-ai"],"acf":[],"yoast_head":"<!-- This site is optimized with the Yoast SEO plugin v27.5 - https:\/\/yoast.com\/product\/yoast-seo-wordpress\/ -->\n<title>Coisa bizarra, essa. \u00c9 perda do cargo com inabilita\u00e7\u00e3o por oito anos. E pronto - Notibras<\/title>\n<meta name=\"robots\" content=\"index, follow, max-snippet:-1, max-image-preview:large, max-video-preview:-1\" \/>\n<link rel=\"canonical\" href=\"https:\/\/www.notibras.com\/site\/coisa-bizarra-essa-e-perda-do-cargo-com-inabilitacao-por-oito-anos-e-pronto\/\" \/>\n<meta property=\"og:locale\" content=\"pt_BR\" \/>\n<meta property=\"og:type\" content=\"article\" \/>\n<meta property=\"og:title\" content=\"Coisa bizarra, essa. \u00c9 perda do cargo com inabilita\u00e7\u00e3o por oito anos. E pronto - Notibras\" \/>\n<meta property=\"og:description\" content=\"Luis Carlos Alcoforado e Erika Dutra Xavier No julgamento da ex-presidente Dilma, sobreveio quest\u00e3o de ordem suscitada no plen\u00e1rio do Senado Federal, segundo a qual a condena\u00e7\u00e3o por crime de responsabilidade haveria de ser fatiada em duas pressuposi\u00e7\u00f5es f\u00e1tico-jur\u00eddicas, como institutos penal-administrativos aut\u00f4nomos: a perda do cargo e a inabilita\u00e7\u00e3o para o exerc\u00edcio de fun\u00e7\u00e3o [&hellip;]\" \/>\n<meta property=\"og:url\" content=\"https:\/\/www.notibras.com\/site\/coisa-bizarra-essa-e-perda-do-cargo-com-inabilitacao-por-oito-anos-e-pronto\/\" \/>\n<meta property=\"og:site_name\" content=\"Notibras\" \/>\n<meta property=\"article:publisher\" content=\"https:\/\/www.facebook.com\/notibras\/\" \/>\n<meta property=\"article:published_time\" content=\"2016-09-02T09:00:04+00:00\" \/>\n<meta property=\"article:modified_time\" content=\"2016-09-02T09:46:11+00:00\" \/>\n<meta property=\"og:image\" content=\"https:\/\/www.notibras.com\/site\/wp-content\/uploads\/2016\/09\/impeachment-presidente-dilma-brasilia.jpeg\" \/>\n\t<meta property=\"og:image:width\" content=\"690\" \/>\n\t<meta property=\"og:image:height\" content=\"518\" \/>\n\t<meta property=\"og:image:type\" content=\"image\/jpeg\" \/>\n<meta name=\"author\" content=\"Reda\u00e7\u00e3o\" \/>\n<meta name=\"twitter:card\" content=\"summary_large_image\" \/>\n<meta name=\"twitter:creator\" content=\"@Notibras\" \/>\n<meta name=\"twitter:site\" content=\"@Notibras\" \/>\n<meta name=\"twitter:label1\" content=\"Escrito por\" \/>\n\t<meta name=\"twitter:data1\" content=\"Reda\u00e7\u00e3o\" \/>\n\t<meta name=\"twitter:label2\" content=\"Est. tempo de leitura\" \/>\n\t<meta name=\"twitter:data2\" content=\"5 minutos\" \/>\n<script type=\"application\/ld+json\" class=\"yoast-schema-graph\">{\"@context\":\"https:\\\/\\\/schema.org\",\"@graph\":[{\"@type\":\"Article\",\"@id\":\"https:\\\/\\\/www.notibras.com\\\/site\\\/coisa-bizarra-essa-e-perda-do-cargo-com-inabilitacao-por-oito-anos-e-pronto\\\/#article\",\"isPartOf\":{\"@id\":\"https:\\\/\\\/www.notibras.com\\\/site\\\/coisa-bizarra-essa-e-perda-do-cargo-com-inabilitacao-por-oito-anos-e-pronto\\\/\"},\"author\":{\"name\":\"Reda\u00e7\u00e3o\",\"@id\":\"https:\\\/\\\/www.notibras.com\\\/site\\\/#\\\/schema\\\/person\\\/36ab0979449956132d3e5b517ea76ac8\"},\"headline\":\"Coisa bizarra, essa. \u00c9 perda do cargo com inabilita\u00e7\u00e3o por oito anos. E pronto\",\"datePublished\":\"2016-09-02T09:00:04+00:00\",\"dateModified\":\"2016-09-02T09:46:11+00:00\",\"mainEntityOfPage\":{\"@id\":\"https:\\\/\\\/www.notibras.com\\\/site\\\/coisa-bizarra-essa-e-perda-do-cargo-com-inabilitacao-por-oito-anos-e-pronto\\\/\"},\"wordCount\":1001,\"commentCount\":0,\"publisher\":{\"@id\":\"https:\\\/\\\/www.notibras.com\\\/site\\\/#organization\"},\"image\":{\"@id\":\"https:\\\/\\\/www.notibras.com\\\/site\\\/coisa-bizarra-essa-e-perda-do-cargo-com-inabilitacao-por-oito-anos-e-pronto\\\/#primaryimage\"},\"thumbnailUrl\":\"https:\\\/\\\/www.notibras.com\\\/site\\\/wp-content\\\/uploads\\\/2016\\\/09\\\/impeachment-presidente-dilma-brasilia.jpeg\",\"articleSection\":[\"Opina a\u00ed\"],\"inLanguage\":\"pt-BR\",\"potentialAction\":[{\"@type\":\"CommentAction\",\"name\":\"Comment\",\"target\":[\"https:\\\/\\\/www.notibras.com\\\/site\\\/coisa-bizarra-essa-e-perda-do-cargo-com-inabilitacao-por-oito-anos-e-pronto\\\/#respond\"]}]},{\"@type\":\"WebPage\",\"@id\":\"https:\\\/\\\/www.notibras.com\\\/site\\\/coisa-bizarra-essa-e-perda-do-cargo-com-inabilitacao-por-oito-anos-e-pronto\\\/\",\"url\":\"https:\\\/\\\/www.notibras.com\\\/site\\\/coisa-bizarra-essa-e-perda-do-cargo-com-inabilitacao-por-oito-anos-e-pronto\\\/\",\"name\":\"Coisa bizarra, essa. \u00c9 perda do cargo com inabilita\u00e7\u00e3o por oito anos. E pronto - Notibras\",\"isPartOf\":{\"@id\":\"https:\\\/\\\/www.notibras.com\\\/site\\\/#website\"},\"primaryImageOfPage\":{\"@id\":\"https:\\\/\\\/www.notibras.com\\\/site\\\/coisa-bizarra-essa-e-perda-do-cargo-com-inabilitacao-por-oito-anos-e-pronto\\\/#primaryimage\"},\"image\":{\"@id\":\"https:\\\/\\\/www.notibras.com\\\/site\\\/coisa-bizarra-essa-e-perda-do-cargo-com-inabilitacao-por-oito-anos-e-pronto\\\/#primaryimage\"},\"thumbnailUrl\":\"https:\\\/\\\/www.notibras.com\\\/site\\\/wp-content\\\/uploads\\\/2016\\\/09\\\/impeachment-presidente-dilma-brasilia.jpeg\",\"datePublished\":\"2016-09-02T09:00:04+00:00\",\"dateModified\":\"2016-09-02T09:46:11+00:00\",\"breadcrumb\":{\"@id\":\"https:\\\/\\\/www.notibras.com\\\/site\\\/coisa-bizarra-essa-e-perda-do-cargo-com-inabilitacao-por-oito-anos-e-pronto\\\/#breadcrumb\"},\"inLanguage\":\"pt-BR\",\"potentialAction\":[{\"@type\":\"ReadAction\",\"target\":[\"https:\\\/\\\/www.notibras.com\\\/site\\\/coisa-bizarra-essa-e-perda-do-cargo-com-inabilitacao-por-oito-anos-e-pronto\\\/\"]}]},{\"@type\":\"ImageObject\",\"inLanguage\":\"pt-BR\",\"@id\":\"https:\\\/\\\/www.notibras.com\\\/site\\\/coisa-bizarra-essa-e-perda-do-cargo-com-inabilitacao-por-oito-anos-e-pronto\\\/#primaryimage\",\"url\":\"https:\\\/\\\/www.notibras.com\\\/site\\\/wp-content\\\/uploads\\\/2016\\\/09\\\/impeachment-presidente-dilma-brasilia.jpeg\",\"contentUrl\":\"https:\\\/\\\/www.notibras.com\\\/site\\\/wp-content\\\/uploads\\\/2016\\\/09\\\/impeachment-presidente-dilma-brasilia.jpeg\",\"width\":690,\"height\":518},{\"@type\":\"BreadcrumbList\",\"@id\":\"https:\\\/\\\/www.notibras.com\\\/site\\\/coisa-bizarra-essa-e-perda-do-cargo-com-inabilitacao-por-oito-anos-e-pronto\\\/#breadcrumb\",\"itemListElement\":[{\"@type\":\"ListItem\",\"position\":1,\"name\":\"In\u00edcio\",\"item\":\"https:\\\/\\\/www.notibras.com\\\/site\\\/\"},{\"@type\":\"ListItem\",\"position\":2,\"name\":\"Coisa bizarra, essa. \u00c9 perda do cargo com inabilita\u00e7\u00e3o por oito anos. E pronto\"}]},{\"@type\":\"WebSite\",\"@id\":\"https:\\\/\\\/www.notibras.com\\\/site\\\/#website\",\"url\":\"https:\\\/\\\/www.notibras.com\\\/site\\\/\",\"name\":\"Notibras\",\"description\":\"Not\u00edcias de Bras\u00edlia, do Brasil e do Mundo\",\"publisher\":{\"@id\":\"https:\\\/\\\/www.notibras.com\\\/site\\\/#organization\"},\"potentialAction\":[{\"@type\":\"SearchAction\",\"target\":{\"@type\":\"EntryPoint\",\"urlTemplate\":\"https:\\\/\\\/www.notibras.com\\\/site\\\/?s={search_term_string}\"},\"query-input\":{\"@type\":\"PropertyValueSpecification\",\"valueRequired\":true,\"valueName\":\"search_term_string\"}}],\"inLanguage\":\"pt-BR\"},{\"@type\":\"Organization\",\"@id\":\"https:\\\/\\\/www.notibras.com\\\/site\\\/#organization\",\"name\":\"Grupo Notibras de Comunica\u00e7\u00e3o\",\"url\":\"https:\\\/\\\/www.notibras.com\\\/site\\\/\",\"logo\":{\"@type\":\"ImageObject\",\"inLanguage\":\"pt-BR\",\"@id\":\"https:\\\/\\\/www.notibras.com\\\/site\\\/#\\\/schema\\\/logo\\\/image\\\/\",\"url\":\"https:\\\/\\\/www.notibras.com\\\/site\\\/wp-content\\\/uploads\\\/2023\\\/01\\\/notibras23.png\",\"contentUrl\":\"https:\\\/\\\/www.notibras.com\\\/site\\\/wp-content\\\/uploads\\\/2023\\\/01\\\/notibras23.png\",\"width\":350,\"height\":87,\"caption\":\"Grupo Notibras de Comunica\u00e7\u00e3o\"},\"image\":{\"@id\":\"https:\\\/\\\/www.notibras.com\\\/site\\\/#\\\/schema\\\/logo\\\/image\\\/\"},\"sameAs\":[\"https:\\\/\\\/www.facebook.com\\\/notibras\\\/\",\"https:\\\/\\\/x.com\\\/Notibras\",\"https:\\\/\\\/www.instagram.com\\\/notibras\\\/\"]},{\"@type\":\"Person\",\"@id\":\"https:\\\/\\\/www.notibras.com\\\/site\\\/#\\\/schema\\\/person\\\/36ab0979449956132d3e5b517ea76ac8\",\"name\":\"Reda\u00e7\u00e3o\",\"image\":{\"@type\":\"ImageObject\",\"inLanguage\":\"pt-BR\",\"@id\":\"https:\\\/\\\/secure.gravatar.com\\\/avatar\\\/e0a867bdedb85fd243eadf09663511f96fc81e0720a4a42581f334ad4303aa6b?s=96&d=mm&r=g\",\"url\":\"https:\\\/\\\/secure.gravatar.com\\\/avatar\\\/e0a867bdedb85fd243eadf09663511f96fc81e0720a4a42581f334ad4303aa6b?s=96&d=mm&r=g\",\"contentUrl\":\"https:\\\/\\\/secure.gravatar.com\\\/avatar\\\/e0a867bdedb85fd243eadf09663511f96fc81e0720a4a42581f334ad4303aa6b?s=96&d=mm&r=g\",\"caption\":\"Reda\u00e7\u00e3o\"}}]}<\/script>\n<!-- \/ Yoast SEO plugin. -->","yoast_head_json":{"title":"Coisa bizarra, essa. \u00c9 perda do cargo com inabilita\u00e7\u00e3o por oito anos. E pronto - Notibras","robots":{"index":"index","follow":"follow","max-snippet":"max-snippet:-1","max-image-preview":"max-image-preview:large","max-video-preview":"max-video-preview:-1"},"canonical":"https:\/\/www.notibras.com\/site\/coisa-bizarra-essa-e-perda-do-cargo-com-inabilitacao-por-oito-anos-e-pronto\/","og_locale":"pt_BR","og_type":"article","og_title":"Coisa bizarra, essa. \u00c9 perda do cargo com inabilita\u00e7\u00e3o por oito anos. E pronto - Notibras","og_description":"Luis Carlos Alcoforado e Erika Dutra Xavier No julgamento da ex-presidente Dilma, sobreveio quest\u00e3o de ordem suscitada no plen\u00e1rio do Senado Federal, segundo a qual a condena\u00e7\u00e3o por crime de responsabilidade haveria de ser fatiada em duas pressuposi\u00e7\u00f5es f\u00e1tico-jur\u00eddicas, como institutos penal-administrativos aut\u00f4nomos: a perda do cargo e a inabilita\u00e7\u00e3o para o exerc\u00edcio de fun\u00e7\u00e3o [&hellip;]","og_url":"https:\/\/www.notibras.com\/site\/coisa-bizarra-essa-e-perda-do-cargo-com-inabilitacao-por-oito-anos-e-pronto\/","og_site_name":"Notibras","article_publisher":"https:\/\/www.facebook.com\/notibras\/","article_published_time":"2016-09-02T09:00:04+00:00","article_modified_time":"2016-09-02T09:46:11+00:00","og_image":[{"width":690,"height":518,"url":"https:\/\/www.notibras.com\/site\/wp-content\/uploads\/2016\/09\/impeachment-presidente-dilma-brasilia.jpeg","type":"image\/jpeg"}],"author":"Reda\u00e7\u00e3o","twitter_card":"summary_large_image","twitter_creator":"@Notibras","twitter_site":"@Notibras","twitter_misc":{"Escrito por":"Reda\u00e7\u00e3o","Est. tempo de leitura":"5 minutos"},"schema":{"@context":"https:\/\/schema.org","@graph":[{"@type":"Article","@id":"https:\/\/www.notibras.com\/site\/coisa-bizarra-essa-e-perda-do-cargo-com-inabilitacao-por-oito-anos-e-pronto\/#article","isPartOf":{"@id":"https:\/\/www.notibras.com\/site\/coisa-bizarra-essa-e-perda-do-cargo-com-inabilitacao-por-oito-anos-e-pronto\/"},"author":{"name":"Reda\u00e7\u00e3o","@id":"https:\/\/www.notibras.com\/site\/#\/schema\/person\/36ab0979449956132d3e5b517ea76ac8"},"headline":"Coisa bizarra, essa. \u00c9 perda do cargo com inabilita\u00e7\u00e3o por oito anos. E pronto","datePublished":"2016-09-02T09:00:04+00:00","dateModified":"2016-09-02T09:46:11+00:00","mainEntityOfPage":{"@id":"https:\/\/www.notibras.com\/site\/coisa-bizarra-essa-e-perda-do-cargo-com-inabilitacao-por-oito-anos-e-pronto\/"},"wordCount":1001,"commentCount":0,"publisher":{"@id":"https:\/\/www.notibras.com\/site\/#organization"},"image":{"@id":"https:\/\/www.notibras.com\/site\/coisa-bizarra-essa-e-perda-do-cargo-com-inabilitacao-por-oito-anos-e-pronto\/#primaryimage"},"thumbnailUrl":"https:\/\/www.notibras.com\/site\/wp-content\/uploads\/2016\/09\/impeachment-presidente-dilma-brasilia.jpeg","articleSection":["Opina a\u00ed"],"inLanguage":"pt-BR","potentialAction":[{"@type":"CommentAction","name":"Comment","target":["https:\/\/www.notibras.com\/site\/coisa-bizarra-essa-e-perda-do-cargo-com-inabilitacao-por-oito-anos-e-pronto\/#respond"]}]},{"@type":"WebPage","@id":"https:\/\/www.notibras.com\/site\/coisa-bizarra-essa-e-perda-do-cargo-com-inabilitacao-por-oito-anos-e-pronto\/","url":"https:\/\/www.notibras.com\/site\/coisa-bizarra-essa-e-perda-do-cargo-com-inabilitacao-por-oito-anos-e-pronto\/","name":"Coisa bizarra, essa. \u00c9 perda do cargo com inabilita\u00e7\u00e3o por oito anos. E pronto - Notibras","isPartOf":{"@id":"https:\/\/www.notibras.com\/site\/#website"},"primaryImageOfPage":{"@id":"https:\/\/www.notibras.com\/site\/coisa-bizarra-essa-e-perda-do-cargo-com-inabilitacao-por-oito-anos-e-pronto\/#primaryimage"},"image":{"@id":"https:\/\/www.notibras.com\/site\/coisa-bizarra-essa-e-perda-do-cargo-com-inabilitacao-por-oito-anos-e-pronto\/#primaryimage"},"thumbnailUrl":"https:\/\/www.notibras.com\/site\/wp-content\/uploads\/2016\/09\/impeachment-presidente-dilma-brasilia.jpeg","datePublished":"2016-09-02T09:00:04+00:00","dateModified":"2016-09-02T09:46:11+00:00","breadcrumb":{"@id":"https:\/\/www.notibras.com\/site\/coisa-bizarra-essa-e-perda-do-cargo-com-inabilitacao-por-oito-anos-e-pronto\/#breadcrumb"},"inLanguage":"pt-BR","potentialAction":[{"@type":"ReadAction","target":["https:\/\/www.notibras.com\/site\/coisa-bizarra-essa-e-perda-do-cargo-com-inabilitacao-por-oito-anos-e-pronto\/"]}]},{"@type":"ImageObject","inLanguage":"pt-BR","@id":"https:\/\/www.notibras.com\/site\/coisa-bizarra-essa-e-perda-do-cargo-com-inabilitacao-por-oito-anos-e-pronto\/#primaryimage","url":"https:\/\/www.notibras.com\/site\/wp-content\/uploads\/2016\/09\/impeachment-presidente-dilma-brasilia.jpeg","contentUrl":"https:\/\/www.notibras.com\/site\/wp-content\/uploads\/2016\/09\/impeachment-presidente-dilma-brasilia.jpeg","width":690,"height":518},{"@type":"BreadcrumbList","@id":"https:\/\/www.notibras.com\/site\/coisa-bizarra-essa-e-perda-do-cargo-com-inabilitacao-por-oito-anos-e-pronto\/#breadcrumb","itemListElement":[{"@type":"ListItem","position":1,"name":"In\u00edcio","item":"https:\/\/www.notibras.com\/site\/"},{"@type":"ListItem","position":2,"name":"Coisa bizarra, essa. \u00c9 perda do cargo com inabilita\u00e7\u00e3o por oito anos. E pronto"}]},{"@type":"WebSite","@id":"https:\/\/www.notibras.com\/site\/#website","url":"https:\/\/www.notibras.com\/site\/","name":"Notibras","description":"Not\u00edcias de Bras\u00edlia, do Brasil e do Mundo","publisher":{"@id":"https:\/\/www.notibras.com\/site\/#organization"},"potentialAction":[{"@type":"SearchAction","target":{"@type":"EntryPoint","urlTemplate":"https:\/\/www.notibras.com\/site\/?s={search_term_string}"},"query-input":{"@type":"PropertyValueSpecification","valueRequired":true,"valueName":"search_term_string"}}],"inLanguage":"pt-BR"},{"@type":"Organization","@id":"https:\/\/www.notibras.com\/site\/#organization","name":"Grupo Notibras de Comunica\u00e7\u00e3o","url":"https:\/\/www.notibras.com\/site\/","logo":{"@type":"ImageObject","inLanguage":"pt-BR","@id":"https:\/\/www.notibras.com\/site\/#\/schema\/logo\/image\/","url":"https:\/\/www.notibras.com\/site\/wp-content\/uploads\/2023\/01\/notibras23.png","contentUrl":"https:\/\/www.notibras.com\/site\/wp-content\/uploads\/2023\/01\/notibras23.png","width":350,"height":87,"caption":"Grupo Notibras de Comunica\u00e7\u00e3o"},"image":{"@id":"https:\/\/www.notibras.com\/site\/#\/schema\/logo\/image\/"},"sameAs":["https:\/\/www.facebook.com\/notibras\/","https:\/\/x.com\/Notibras","https:\/\/www.instagram.com\/notibras\/"]},{"@type":"Person","@id":"https:\/\/www.notibras.com\/site\/#\/schema\/person\/36ab0979449956132d3e5b517ea76ac8","name":"Reda\u00e7\u00e3o","image":{"@type":"ImageObject","inLanguage":"pt-BR","@id":"https:\/\/secure.gravatar.com\/avatar\/e0a867bdedb85fd243eadf09663511f96fc81e0720a4a42581f334ad4303aa6b?s=96&d=mm&r=g","url":"https:\/\/secure.gravatar.com\/avatar\/e0a867bdedb85fd243eadf09663511f96fc81e0720a4a42581f334ad4303aa6b?s=96&d=mm&r=g","contentUrl":"https:\/\/secure.gravatar.com\/avatar\/e0a867bdedb85fd243eadf09663511f96fc81e0720a4a42581f334ad4303aa6b?s=96&d=mm&r=g","caption":"Reda\u00e7\u00e3o"}}]}},"amp_enabled":true,"_links":{"self":[{"href":"https:\/\/www.notibras.com\/site\/wp-json\/wp\/v2\/posts\/114078","targetHints":{"allow":["GET"]}}],"collection":[{"href":"https:\/\/www.notibras.com\/site\/wp-json\/wp\/v2\/posts"}],"about":[{"href":"https:\/\/www.notibras.com\/site\/wp-json\/wp\/v2\/types\/post"}],"author":[{"embeddable":true,"href":"https:\/\/www.notibras.com\/site\/wp-json\/wp\/v2\/users\/2"}],"replies":[{"embeddable":true,"href":"https:\/\/www.notibras.com\/site\/wp-json\/wp\/v2\/comments?post=114078"}],"version-history":[{"count":1,"href":"https:\/\/www.notibras.com\/site\/wp-json\/wp\/v2\/posts\/114078\/revisions"}],"predecessor-version":[{"id":114080,"href":"https:\/\/www.notibras.com\/site\/wp-json\/wp\/v2\/posts\/114078\/revisions\/114080"}],"wp:featuredmedia":[{"embeddable":true,"href":"https:\/\/www.notibras.com\/site\/wp-json\/wp\/v2\/media\/114079"}],"wp:attachment":[{"href":"https:\/\/www.notibras.com\/site\/wp-json\/wp\/v2\/media?parent=114078"}],"wp:term":[{"taxonomy":"category","embeddable":true,"href":"https:\/\/www.notibras.com\/site\/wp-json\/wp\/v2\/categories?post=114078"},{"taxonomy":"post_tag","embeddable":true,"href":"https:\/\/www.notibras.com\/site\/wp-json\/wp\/v2\/tags?post=114078"}],"curies":[{"name":"wp","href":"https:\/\/api.w.org\/{rel}","templated":true}]}}