{"id":11411,"date":"2014-05-29T00:18:18","date_gmt":"2014-05-29T03:18:18","guid":{"rendered":"http:\/\/www.notibras.com\/site\/?p=11411"},"modified":"2014-05-29T00:18:38","modified_gmt":"2014-05-29T03:18:38","slug":"luis-fabiano-garante-empate-do-sao-paulo-contra-atletico-pr","status":"publish","type":"post","link":"https:\/\/www.notibras.com\/site\/luis-fabiano-garante-empate-do-sao-paulo-contra-atletico-pr\/","title":{"rendered":"Luis Fabiano garante empate do S\u00e3o Paulo contra o Atl\u00e9tico-PR"},"content":{"rendered":"<p>A partida foi em Uberl\u00e2ndia, em Minas Gerais, mas sob mando do Atl\u00e9tico-PR, ainda afastado da Arena da Baixada. No entanto, era o S\u00e3o Paulo o favorito. Al\u00e9m de ter maioria da torcida, colocou frente a um modesto plantel do t\u00e9cnico interino Leandro \u00c1vila estrelas como Alexandre Pato, Luis Fabiano e Paulo Henrique Ganso. E nem isso adiantou. O S\u00e3o Paulo jogou mal e empatou por 2 a 2. Rog\u00e9rio Ceni ainda marcou um gol que serviria como empate, mas viu seu time sofrer no fim. Nos acr\u00e9scimos, Luis Fabiano fez em confus\u00e3o na \u00e1rea. O gol do camisa 9 s\u00e3o-paulino, aos 47 minutos do segundo tempo, pareceu ter acontecido com um toque de bra\u00e7o.<\/p>\n<p>Mais uma vez, Muricy escolheu escalar Pato na ponta direita, e n\u00e3o mais como segundo atacante, como no in\u00edcio. Tudo para encaixar Paulo Henrique Ganso, que foi mal quando jogou pela ponta direita. Mas a alternativa fracassou. E a op\u00e7\u00e3o de Muricy, ent\u00e3o, foi sacar Pato em vez de tentar redesenhar a equipe em campo. O atacante emprestado pelo Corinthians saiu no intervalo, substitu\u00eddo pelo jovem Gabriel Boschilia.<\/p>\n<p>Maiores e mais importantes do que a falha de Douglas foram os erros t\u00e1ticos do S\u00e3o Paulo. Desfalcado do titular Maicon, Denilson foi a campo \u2013 pela terceira vez no ano. A culpa n\u00e3o foi dele, mas o time, como em outras oportunidades, demonstrou completa inefic\u00e1cia para fazer a bola transitar do campo defensivo para o campo ofensivo. Al\u00e9m disso, sobraram espa\u00e7os entre a linha de defesa e os volantes, e entre os volantes e a linha de tr\u00eas jogadores formada por Pato, Ganso e Osvaldo, da ponta direita \u00e0 ponta esquerda.<\/p>\n<p>O Atl\u00e9tico-PR soube aproveitar esses espa\u00e7os para jogar. Tirou do S\u00e3o Paulo a oportunidade de marcar uma posse de bola muito maior. E assim marcou. Em bola cruzada para a \u00e1rea, Douglas ajeitou da melhor forma que ele jamais imaginaria. Tentou tirar o perigo da \u00e1rea mas apenas levantou para Bady, que estufou as redes de Ceni.<\/p>\n<p>Durante longos minutos o S\u00e3o Paulo teria problemas para chegar ao gol advers\u00e1rio. A equipe s\u00f3 jogou pela faixa central de campo, desorganizada. Na defesa, foram v\u00e1rias as vezes em que dois ou mais jogadores correram atr\u00e1s da mesma bola, ou que dois jogadores procuraram o mesmo advers\u00e1rio para marcar.<\/p>\n<p>Na segunda etapa, sem Pato, n\u00e3o houve melhora significativa. Mas foi a partir dos 20 minutos finais que o gol de empate come\u00e7ou a ser ensaiado. Em uma das investidas, Luis Fabiano foi derrubado logo ap\u00f3s cruzar a linha da grande \u00e1rea. P\u00eanalti que Ceni converteu. Luis Fabiano teria chance clara ainda nos minutos seguintes, desperdi\u00e7ada.<\/p>\n<p>No fim da partida, Cl\u00e9o foi lan\u00e7ado na \u00e1rea e conseguiu superar a marca\u00e7\u00e3o s\u00e3o-paulina. Nos acr\u00e9scimos, em cruzamento na \u00e1rea, Luis Fabiano fez e empatou novamente.<\/p>\n","protected":false},"excerpt":{"rendered":"<p>A partida foi em Uberl\u00e2ndia, em Minas Gerais, mas sob mando do Atl\u00e9tico-PR, ainda afastado da Arena da Baixada. No entanto, era o S\u00e3o Paulo o favorito. Al\u00e9m de ter maioria da torcida, colocou frente a um modesto plantel do t\u00e9cnico interino Leandro \u00c1vila estrelas como Alexandre Pato, Luis Fabiano e Paulo Henrique Ganso. E [&hellip;]<\/p>\n","protected":false},"author":1,"featured_media":11412,"comment_status":"open","ping_status":"closed","sticky":false,"template":"","format":"standard","meta":{"_acf_changed":false,"footnotes":""},"categories":[29],"tags":[],"class_list":["post-11411","post","type-post","status-publish","format-standard","has-post-thumbnail","hentry","category-futebol"],"acf":[],"yoast_head":"<!-- This site is optimized with the Yoast SEO plugin v27.2 - https:\/\/yoast.com\/product\/yoast-seo-wordpress\/ -->\n<title>Luis Fabiano garante empate do S\u00e3o Paulo contra o Atl\u00e9tico-PR - Notibras<\/title>\n<meta name=\"robots\" content=\"index, follow, max-snippet:-1, max-image-preview:large, max-video-preview:-1\" \/>\n<link rel=\"canonical\" href=\"https:\/\/www.notibras.com\/site\/luis-fabiano-garante-empate-do-sao-paulo-contra-atletico-pr\/\" \/>\n<meta property=\"og:locale\" content=\"pt_BR\" \/>\n<meta property=\"og:type\" content=\"article\" \/>\n<meta property=\"og:title\" content=\"Luis Fabiano garante empate do S\u00e3o Paulo contra o Atl\u00e9tico-PR - Notibras\" \/>\n<meta property=\"og:description\" content=\"A partida foi em Uberl\u00e2ndia, em Minas Gerais, mas sob mando do Atl\u00e9tico-PR, ainda afastado da Arena da Baixada. No entanto, era o S\u00e3o Paulo o favorito. Al\u00e9m de ter maioria da torcida, colocou frente a um modesto plantel do t\u00e9cnico interino Leandro \u00c1vila estrelas como Alexandre Pato, Luis Fabiano e Paulo Henrique Ganso. E [&hellip;]\" \/>\n<meta property=\"og:url\" content=\"https:\/\/www.notibras.com\/site\/luis-fabiano-garante-empate-do-sao-paulo-contra-atletico-pr\/\" \/>\n<meta property=\"og:site_name\" content=\"Notibras\" \/>\n<meta property=\"article:publisher\" content=\"https:\/\/www.facebook.com\/notibras\/\" \/>\n<meta property=\"article:published_time\" content=\"2014-05-29T03:18:18+00:00\" \/>\n<meta property=\"article:modified_time\" content=\"2014-05-29T03:18:38+00:00\" \/>\n<meta property=\"og:image\" content=\"https:\/\/www.notibras.com\/site\/wp-content\/uploads\/2014\/05\/Sem-t\u00edtulo-136.jpg\" \/>\n\t<meta property=\"og:image:width\" content=\"460\" \/>\n\t<meta property=\"og:image:height\" content=\"340\" \/>\n\t<meta property=\"og:image:type\" content=\"image\/jpeg\" \/>\n<meta name=\"author\" content=\"Reda\u00e7\u00e3o\" \/>\n<meta name=\"twitter:card\" content=\"summary_large_image\" \/>\n<meta name=\"twitter:creator\" content=\"@Notibras\" \/>\n<meta name=\"twitter:site\" content=\"@Notibras\" \/>\n<meta name=\"twitter:label1\" content=\"Escrito por\" \/>\n\t<meta name=\"twitter:data1\" content=\"Reda\u00e7\u00e3o\" \/>\n\t<meta name=\"twitter:label2\" content=\"Est. tempo de leitura\" \/>\n\t<meta name=\"twitter:data2\" content=\"2 minutos\" \/>\n<script type=\"application\/ld+json\" class=\"yoast-schema-graph\">{\"@context\":\"https:\/\/schema.org\",\"@graph\":[{\"@type\":\"Article\",\"@id\":\"https:\/\/www.notibras.com\/site\/luis-fabiano-garante-empate-do-sao-paulo-contra-atletico-pr\/#article\",\"isPartOf\":{\"@id\":\"https:\/\/www.notibras.com\/site\/luis-fabiano-garante-empate-do-sao-paulo-contra-atletico-pr\/\"},\"author\":{\"name\":\"Reda\u00e7\u00e3o\",\"@id\":\"https:\/\/www.notibras.com\/site\/#\/schema\/person\/00b8e1aa08f9ef6563e878c5159d01cf\"},\"headline\":\"Luis Fabiano garante empate do S\u00e3o Paulo contra o Atl\u00e9tico-PR\",\"datePublished\":\"2014-05-29T03:18:18+00:00\",\"dateModified\":\"2014-05-29T03:18:38+00:00\",\"mainEntityOfPage\":{\"@id\":\"https:\/\/www.notibras.com\/site\/luis-fabiano-garante-empate-do-sao-paulo-contra-atletico-pr\/\"},\"wordCount\":511,\"commentCount\":0,\"publisher\":{\"@id\":\"https:\/\/www.notibras.com\/site\/#organization\"},\"image\":{\"@id\":\"https:\/\/www.notibras.com\/site\/luis-fabiano-garante-empate-do-sao-paulo-contra-atletico-pr\/#primaryimage\"},\"thumbnailUrl\":\"https:\/\/www.notibras.com\/site\/wp-content\/uploads\/2014\/05\/Sem-t\u00edtulo-136.jpg\",\"articleSection\":[\"Futebol\"],\"inLanguage\":\"pt-BR\",\"potentialAction\":[{\"@type\":\"CommentAction\",\"name\":\"Comment\",\"target\":[\"https:\/\/www.notibras.com\/site\/luis-fabiano-garante-empate-do-sao-paulo-contra-atletico-pr\/#respond\"]}]},{\"@type\":\"WebPage\",\"@id\":\"https:\/\/www.notibras.com\/site\/luis-fabiano-garante-empate-do-sao-paulo-contra-atletico-pr\/\",\"url\":\"https:\/\/www.notibras.com\/site\/luis-fabiano-garante-empate-do-sao-paulo-contra-atletico-pr\/\",\"name\":\"Luis Fabiano garante empate do S\u00e3o Paulo contra o Atl\u00e9tico-PR - Notibras\",\"isPartOf\":{\"@id\":\"https:\/\/www.notibras.com\/site\/#website\"},\"primaryImageOfPage\":{\"@id\":\"https:\/\/www.notibras.com\/site\/luis-fabiano-garante-empate-do-sao-paulo-contra-atletico-pr\/#primaryimage\"},\"image\":{\"@id\":\"https:\/\/www.notibras.com\/site\/luis-fabiano-garante-empate-do-sao-paulo-contra-atletico-pr\/#primaryimage\"},\"thumbnailUrl\":\"https:\/\/www.notibras.com\/site\/wp-content\/uploads\/2014\/05\/Sem-t\u00edtulo-136.jpg\",\"datePublished\":\"2014-05-29T03:18:18+00:00\",\"dateModified\":\"2014-05-29T03:18:38+00:00\",\"breadcrumb\":{\"@id\":\"https:\/\/www.notibras.com\/site\/luis-fabiano-garante-empate-do-sao-paulo-contra-atletico-pr\/#breadcrumb\"},\"inLanguage\":\"pt-BR\",\"potentialAction\":[{\"@type\":\"ReadAction\",\"target\":[\"https:\/\/www.notibras.com\/site\/luis-fabiano-garante-empate-do-sao-paulo-contra-atletico-pr\/\"]}]},{\"@type\":\"ImageObject\",\"inLanguage\":\"pt-BR\",\"@id\":\"https:\/\/www.notibras.com\/site\/luis-fabiano-garante-empate-do-sao-paulo-contra-atletico-pr\/#primaryimage\",\"url\":\"https:\/\/www.notibras.com\/site\/wp-content\/uploads\/2014\/05\/Sem-t\u00edtulo-136.jpg\",\"contentUrl\":\"https:\/\/www.notibras.com\/site\/wp-content\/uploads\/2014\/05\/Sem-t\u00edtulo-136.jpg\",\"width\":460,\"height\":340},{\"@type\":\"BreadcrumbList\",\"@id\":\"https:\/\/www.notibras.com\/site\/luis-fabiano-garante-empate-do-sao-paulo-contra-atletico-pr\/#breadcrumb\",\"itemListElement\":[{\"@type\":\"ListItem\",\"position\":1,\"name\":\"In\u00edcio\",\"item\":\"https:\/\/www.notibras.com\/site\/\"},{\"@type\":\"ListItem\",\"position\":2,\"name\":\"Luis Fabiano garante empate do S\u00e3o Paulo contra o Atl\u00e9tico-PR\"}]},{\"@type\":\"WebSite\",\"@id\":\"https:\/\/www.notibras.com\/site\/#website\",\"url\":\"https:\/\/www.notibras.com\/site\/\",\"name\":\"Notibras\",\"description\":\"Not\u00edcias de Bras\u00edlia, do Brasil e do Mundo\",\"publisher\":{\"@id\":\"https:\/\/www.notibras.com\/site\/#organization\"},\"potentialAction\":[{\"@type\":\"SearchAction\",\"target\":{\"@type\":\"EntryPoint\",\"urlTemplate\":\"https:\/\/www.notibras.com\/site\/?s={search_term_string}\"},\"query-input\":{\"@type\":\"PropertyValueSpecification\",\"valueRequired\":true,\"valueName\":\"search_term_string\"}}],\"inLanguage\":\"pt-BR\"},{\"@type\":\"Organization\",\"@id\":\"https:\/\/www.notibras.com\/site\/#organization\",\"name\":\"Grupo Notibras de Comunica\u00e7\u00e3o\",\"url\":\"https:\/\/www.notibras.com\/site\/\",\"logo\":{\"@type\":\"ImageObject\",\"inLanguage\":\"pt-BR\",\"@id\":\"https:\/\/www.notibras.com\/site\/#\/schema\/logo\/image\/\",\"url\":\"https:\/\/www.notibras.com\/site\/wp-content\/uploads\/2023\/01\/notibras23.png\",\"contentUrl\":\"https:\/\/www.notibras.com\/site\/wp-content\/uploads\/2023\/01\/notibras23.png\",\"width\":350,\"height\":87,\"caption\":\"Grupo Notibras de Comunica\u00e7\u00e3o\"},\"image\":{\"@id\":\"https:\/\/www.notibras.com\/site\/#\/schema\/logo\/image\/\"},\"sameAs\":[\"https:\/\/www.facebook.com\/notibras\/\",\"https:\/\/x.com\/Notibras\",\"https:\/\/www.instagram.com\/notibras\/\"]},{\"@type\":\"Person\",\"@id\":\"https:\/\/www.notibras.com\/site\/#\/schema\/person\/00b8e1aa08f9ef6563e878c5159d01cf\",\"name\":\"Reda\u00e7\u00e3o\",\"image\":{\"@type\":\"ImageObject\",\"inLanguage\":\"pt-BR\",\"@id\":\"https:\/\/secure.gravatar.com\/avatar\/ac5a707d5b47784a5ed426c6e213e201423c750890f64e4c379114dade67dfb9?s=96&d=mm&r=g\",\"url\":\"https:\/\/secure.gravatar.com\/avatar\/ac5a707d5b47784a5ed426c6e213e201423c750890f64e4c379114dade67dfb9?s=96&d=mm&r=g\",\"contentUrl\":\"https:\/\/secure.gravatar.com\/avatar\/ac5a707d5b47784a5ed426c6e213e201423c750890f64e4c379114dade67dfb9?s=96&d=mm&r=g\",\"caption\":\"Reda\u00e7\u00e3o\"}}]}<\/script>\n<!-- \/ Yoast SEO plugin. -->","yoast_head_json":{"title":"Luis Fabiano garante empate do S\u00e3o Paulo contra o Atl\u00e9tico-PR - Notibras","robots":{"index":"index","follow":"follow","max-snippet":"max-snippet:-1","max-image-preview":"max-image-preview:large","max-video-preview":"max-video-preview:-1"},"canonical":"https:\/\/www.notibras.com\/site\/luis-fabiano-garante-empate-do-sao-paulo-contra-atletico-pr\/","og_locale":"pt_BR","og_type":"article","og_title":"Luis Fabiano garante empate do S\u00e3o Paulo contra o Atl\u00e9tico-PR - Notibras","og_description":"A partida foi em Uberl\u00e2ndia, em Minas Gerais, mas sob mando do Atl\u00e9tico-PR, ainda afastado da Arena da Baixada. No entanto, era o S\u00e3o Paulo o favorito. Al\u00e9m de ter maioria da torcida, colocou frente a um modesto plantel do t\u00e9cnico interino Leandro \u00c1vila estrelas como Alexandre Pato, Luis Fabiano e Paulo Henrique Ganso. E [&hellip;]","og_url":"https:\/\/www.notibras.com\/site\/luis-fabiano-garante-empate-do-sao-paulo-contra-atletico-pr\/","og_site_name":"Notibras","article_publisher":"https:\/\/www.facebook.com\/notibras\/","article_published_time":"2014-05-29T03:18:18+00:00","article_modified_time":"2014-05-29T03:18:38+00:00","og_image":[{"width":460,"height":340,"url":"https:\/\/www.notibras.com\/site\/wp-content\/uploads\/2014\/05\/Sem-t\u00edtulo-136.jpg","type":"image\/jpeg"}],"author":"Reda\u00e7\u00e3o","twitter_card":"summary_large_image","twitter_creator":"@Notibras","twitter_site":"@Notibras","twitter_misc":{"Escrito por":"Reda\u00e7\u00e3o","Est. tempo de leitura":"2 minutos"},"schema":{"@context":"https:\/\/schema.org","@graph":[{"@type":"Article","@id":"https:\/\/www.notibras.com\/site\/luis-fabiano-garante-empate-do-sao-paulo-contra-atletico-pr\/#article","isPartOf":{"@id":"https:\/\/www.notibras.com\/site\/luis-fabiano-garante-empate-do-sao-paulo-contra-atletico-pr\/"},"author":{"name":"Reda\u00e7\u00e3o","@id":"https:\/\/www.notibras.com\/site\/#\/schema\/person\/00b8e1aa08f9ef6563e878c5159d01cf"},"headline":"Luis Fabiano garante empate do S\u00e3o Paulo contra o Atl\u00e9tico-PR","datePublished":"2014-05-29T03:18:18+00:00","dateModified":"2014-05-29T03:18:38+00:00","mainEntityOfPage":{"@id":"https:\/\/www.notibras.com\/site\/luis-fabiano-garante-empate-do-sao-paulo-contra-atletico-pr\/"},"wordCount":511,"commentCount":0,"publisher":{"@id":"https:\/\/www.notibras.com\/site\/#organization"},"image":{"@id":"https:\/\/www.notibras.com\/site\/luis-fabiano-garante-empate-do-sao-paulo-contra-atletico-pr\/#primaryimage"},"thumbnailUrl":"https:\/\/www.notibras.com\/site\/wp-content\/uploads\/2014\/05\/Sem-t\u00edtulo-136.jpg","articleSection":["Futebol"],"inLanguage":"pt-BR","potentialAction":[{"@type":"CommentAction","name":"Comment","target":["https:\/\/www.notibras.com\/site\/luis-fabiano-garante-empate-do-sao-paulo-contra-atletico-pr\/#respond"]}]},{"@type":"WebPage","@id":"https:\/\/www.notibras.com\/site\/luis-fabiano-garante-empate-do-sao-paulo-contra-atletico-pr\/","url":"https:\/\/www.notibras.com\/site\/luis-fabiano-garante-empate-do-sao-paulo-contra-atletico-pr\/","name":"Luis Fabiano garante empate do S\u00e3o Paulo contra o Atl\u00e9tico-PR - Notibras","isPartOf":{"@id":"https:\/\/www.notibras.com\/site\/#website"},"primaryImageOfPage":{"@id":"https:\/\/www.notibras.com\/site\/luis-fabiano-garante-empate-do-sao-paulo-contra-atletico-pr\/#primaryimage"},"image":{"@id":"https:\/\/www.notibras.com\/site\/luis-fabiano-garante-empate-do-sao-paulo-contra-atletico-pr\/#primaryimage"},"thumbnailUrl":"https:\/\/www.notibras.com\/site\/wp-content\/uploads\/2014\/05\/Sem-t\u00edtulo-136.jpg","datePublished":"2014-05-29T03:18:18+00:00","dateModified":"2014-05-29T03:18:38+00:00","breadcrumb":{"@id":"https:\/\/www.notibras.com\/site\/luis-fabiano-garante-empate-do-sao-paulo-contra-atletico-pr\/#breadcrumb"},"inLanguage":"pt-BR","potentialAction":[{"@type":"ReadAction","target":["https:\/\/www.notibras.com\/site\/luis-fabiano-garante-empate-do-sao-paulo-contra-atletico-pr\/"]}]},{"@type":"ImageObject","inLanguage":"pt-BR","@id":"https:\/\/www.notibras.com\/site\/luis-fabiano-garante-empate-do-sao-paulo-contra-atletico-pr\/#primaryimage","url":"https:\/\/www.notibras.com\/site\/wp-content\/uploads\/2014\/05\/Sem-t\u00edtulo-136.jpg","contentUrl":"https:\/\/www.notibras.com\/site\/wp-content\/uploads\/2014\/05\/Sem-t\u00edtulo-136.jpg","width":460,"height":340},{"@type":"BreadcrumbList","@id":"https:\/\/www.notibras.com\/site\/luis-fabiano-garante-empate-do-sao-paulo-contra-atletico-pr\/#breadcrumb","itemListElement":[{"@type":"ListItem","position":1,"name":"In\u00edcio","item":"https:\/\/www.notibras.com\/site\/"},{"@type":"ListItem","position":2,"name":"Luis Fabiano garante empate do S\u00e3o Paulo contra o Atl\u00e9tico-PR"}]},{"@type":"WebSite","@id":"https:\/\/www.notibras.com\/site\/#website","url":"https:\/\/www.notibras.com\/site\/","name":"Notibras","description":"Not\u00edcias de Bras\u00edlia, do Brasil e do Mundo","publisher":{"@id":"https:\/\/www.notibras.com\/site\/#organization"},"potentialAction":[{"@type":"SearchAction","target":{"@type":"EntryPoint","urlTemplate":"https:\/\/www.notibras.com\/site\/?s={search_term_string}"},"query-input":{"@type":"PropertyValueSpecification","valueRequired":true,"valueName":"search_term_string"}}],"inLanguage":"pt-BR"},{"@type":"Organization","@id":"https:\/\/www.notibras.com\/site\/#organization","name":"Grupo Notibras de Comunica\u00e7\u00e3o","url":"https:\/\/www.notibras.com\/site\/","logo":{"@type":"ImageObject","inLanguage":"pt-BR","@id":"https:\/\/www.notibras.com\/site\/#\/schema\/logo\/image\/","url":"https:\/\/www.notibras.com\/site\/wp-content\/uploads\/2023\/01\/notibras23.png","contentUrl":"https:\/\/www.notibras.com\/site\/wp-content\/uploads\/2023\/01\/notibras23.png","width":350,"height":87,"caption":"Grupo Notibras de Comunica\u00e7\u00e3o"},"image":{"@id":"https:\/\/www.notibras.com\/site\/#\/schema\/logo\/image\/"},"sameAs":["https:\/\/www.facebook.com\/notibras\/","https:\/\/x.com\/Notibras","https:\/\/www.instagram.com\/notibras\/"]},{"@type":"Person","@id":"https:\/\/www.notibras.com\/site\/#\/schema\/person\/00b8e1aa08f9ef6563e878c5159d01cf","name":"Reda\u00e7\u00e3o","image":{"@type":"ImageObject","inLanguage":"pt-BR","@id":"https:\/\/secure.gravatar.com\/avatar\/ac5a707d5b47784a5ed426c6e213e201423c750890f64e4c379114dade67dfb9?s=96&d=mm&r=g","url":"https:\/\/secure.gravatar.com\/avatar\/ac5a707d5b47784a5ed426c6e213e201423c750890f64e4c379114dade67dfb9?s=96&d=mm&r=g","contentUrl":"https:\/\/secure.gravatar.com\/avatar\/ac5a707d5b47784a5ed426c6e213e201423c750890f64e4c379114dade67dfb9?s=96&d=mm&r=g","caption":"Reda\u00e7\u00e3o"}}]}},"amp_enabled":true,"_links":{"self":[{"href":"https:\/\/www.notibras.com\/site\/wp-json\/wp\/v2\/posts\/11411","targetHints":{"allow":["GET"]}}],"collection":[{"href":"https:\/\/www.notibras.com\/site\/wp-json\/wp\/v2\/posts"}],"about":[{"href":"https:\/\/www.notibras.com\/site\/wp-json\/wp\/v2\/types\/post"}],"author":[{"embeddable":true,"href":"https:\/\/www.notibras.com\/site\/wp-json\/wp\/v2\/users\/1"}],"replies":[{"embeddable":true,"href":"https:\/\/www.notibras.com\/site\/wp-json\/wp\/v2\/comments?post=11411"}],"version-history":[{"count":0,"href":"https:\/\/www.notibras.com\/site\/wp-json\/wp\/v2\/posts\/11411\/revisions"}],"wp:featuredmedia":[{"embeddable":true,"href":"https:\/\/www.notibras.com\/site\/wp-json\/wp\/v2\/media\/11412"}],"wp:attachment":[{"href":"https:\/\/www.notibras.com\/site\/wp-json\/wp\/v2\/media?parent=11411"}],"wp:term":[{"taxonomy":"category","embeddable":true,"href":"https:\/\/www.notibras.com\/site\/wp-json\/wp\/v2\/categories?post=11411"},{"taxonomy":"post_tag","embeddable":true,"href":"https:\/\/www.notibras.com\/site\/wp-json\/wp\/v2\/tags?post=11411"}],"curies":[{"name":"wp","href":"https:\/\/api.w.org\/{rel}","templated":true}]}}