{"id":11415,"date":"2014-05-29T00:22:45","date_gmt":"2014-05-29T03:22:45","guid":{"rendered":"http:\/\/www.notibras.com\/site\/?p=11415"},"modified":"2014-05-29T00:23:03","modified_gmt":"2014-05-29T03:23:03","slug":"galo-vence-faz-as-pazes-com-a-torcida-e-quebra-serie-do-fluminense","status":"publish","type":"post","link":"https:\/\/www.notibras.com\/site\/galo-vence-faz-as-pazes-com-a-torcida-e-quebra-serie-do-fluminense\/","title":{"rendered":"Galo vence, faz as pazes com a torcida e quebra s\u00e9rie do Flu"},"content":{"rendered":"<p>Depois de empatar sem gols com o Crici\u00fama no domingo passado e decepcionar a torcida em Ipatinga, o Atl\u00e9tico-MG venceu o Fluminense, por 2 a 0, nesta quarta-feira, no est\u00e1dio Ipating\u00e3o, e assumiu o sexto lugar na tabela do Brasileir\u00e3o. Apesar de derrotado, o tricolor carioca, que vinha de duas vit\u00f3rias, se manteve na vice-lideran\u00e7a da competi\u00e7\u00e3o.<\/p>\n<p>Os gols sa\u00edram no somente no segundo tempo. D\u00e1tolo abriu o placar e depois deu assist\u00eancia para Diego Tardelli marcar depois de 15 jogos sem balan\u00e7ar as redes.<\/p>\n<p>O Atl\u00e9tico foi a 14 pontos e subiu tr\u00eas posi\u00e7\u00f5es na tabela, se aproximando do grupo de acesso \u00e0 Libertadores. O time mineiro completou cinco jogos sem perder na competi\u00e7\u00e3o, com quatro vit\u00f3rias e um empate. Na pr\u00f3xima rodada, enfrenta o S\u00e3o Paulo, s\u00e1bado, \u00e0s 18h30, no Morumbi, no \u00faltimo jogo antes da parada para a Copa do Mundo.<\/p>\n<p>Com a derrota, o Fluminense interrompeu sequ\u00eancia de duas vit\u00f3rias, por\u00e9m se manteve na segundo posi\u00e7\u00e3o na tabela com 15 pontos, um a menos que o l\u00edder Cruzeiro. No domingo, enfrenta o Internacional, \u00e0s 16h, em Maca\u00e9.<\/p>\n<p>Antes de a bolar rolar, o Fluminense homenageou o ex-atacante Washington, que faleceu no domingo passado. Os jogadores do tricolor carioca entraram em campo com uma faixa, onde estava escrito &#8220;Obrigado Washington&#8221;. Foi respeitado ainda um minuto de sil\u00eancio.<\/p>\n<p>As duas equipes entraram em campo com desfalques. Enquanto o Atl\u00e9tico n\u00e3o contou com Ronaldinho Ga\u00facho, R\u00e9ver, por problema f\u00edsico, J\u00f4 e Victor, que est\u00e3o com a sele\u00e7\u00e3o, o Fluminense n\u00e3o teve Fred, que tamb\u00e9m disputar\u00e1 a Copa, Cavalieri, que est\u00e1 na pr\u00e9-lista para o Mundial, e Wagner, contundido.<\/p>\n<p>Atl\u00e9tico e Fluminense fizeram um primeiro tempo equilibrado em Ipatinga, mas criaram poucas chances de gol. Os dois times apostaram em arremates de fora da \u00e1rea. O time mineiro tentou com Leandro Donizete, que chutou de longe por cima do travess\u00e3o, aos 20min. Walter arriscou tamb\u00e9m de longa dist\u00e2ncia e mandou a bola \u00e0 esquerda de Giovanni.<\/p>\n<p>Na reta final do primeiro tempo, o Atl\u00e9tico caiu um pouco de rendimento e deu espa\u00e7o ao advers\u00e1rio. Aos 38min, Rafael S\u00f3bis aproveitou cruzamento de Carlinhos da esquerda e cabeceou por cima do travess\u00e3o, com perigo. O time mineiro teve uma chance ainda com Marion, que recebeu livre na entrada da \u00e1rea e finalizou fraco para a defesa tranquila de Felipe.<\/p>\n<p>No in\u00edcio do segundo tempo, quando a torcida atleticana se irritava com os erros de passe da equipe e vaiava, o Atl\u00e9tico abriu o placar aos 7min. Emerson Concei\u00e7\u00e3o cruzou da esquerda e, antes de Andr\u00e9, Felipe rebateu nos p\u00e9s de D\u00e1tolo. O argentino dominou e chutou forte no canto esquerdo.<\/p>\n<p>O Fluminense teve a chance de empatar logo em seguida. Chiquinho cruzou da esquerda na medida para Walter, que finalizou em cima de Giovanni. Aos 15min, o goleiro atleticano fez grande defesa em uma bola cabeceada por S\u00f3bis.<\/p>\n<p>O Atl\u00e9tico n\u00e3o deixou cair o ritmo e chegou ao segundo gol aos 19min. D\u00e1tolo, que n\u00e3o foi bem no primeiro tempo, fez boa jogada pela direita e cruzou rasteiro para Diego Tardelli empurrar para o fundo da rede.<\/p>\n<p>O Fluminense n\u00e3o se abalou com os gols e se manteve no ataque. Aos 27min, Kenedy, que havia entrado no lugar de Chiquinho, desviou uma bola cruzada na \u00e1rea, mas ela saiu rente \u00e0 trave direta. O tricolor carioca ficou com um jogador a menos aos 35min. Michael, que havia substitu\u00eddo Rafael S\u00f3bis, ficou apenas um minuto em campo. Depois de pisar no p\u00e9 de Alex Silva, foi expulso.<\/p>\n<p>Apesar de jogar com um a menos, o tricolor carioca criou chance para marcar. Conca cobrou falta na entrada da \u00e1rea e acertou o travess\u00e3o. O Atl\u00e9tico segurou o resultado e garantiu a vit\u00f3ria diante da torcida no Ipating\u00e3o.<\/p>\n","protected":false},"excerpt":{"rendered":"<p>Depois de empatar sem gols com o Crici\u00fama no domingo passado e decepcionar a torcida em Ipatinga, o Atl\u00e9tico-MG venceu o Fluminense, por 2 a 0, nesta quarta-feira, no est\u00e1dio Ipating\u00e3o, e assumiu o sexto lugar na tabela do Brasileir\u00e3o. Apesar de derrotado, o tricolor carioca, que vinha de duas vit\u00f3rias, se manteve na vice-lideran\u00e7a [&hellip;]<\/p>\n","protected":false},"author":1,"featured_media":11416,"comment_status":"open","ping_status":"closed","sticky":false,"template":"","format":"standard","meta":{"_acf_changed":false,"footnotes":""},"categories":[29],"tags":[],"class_list":["post-11415","post","type-post","status-publish","format-standard","has-post-thumbnail","hentry","category-futebol"],"acf":[],"yoast_head":"<!-- This site is optimized with the Yoast SEO plugin v27.2 - https:\/\/yoast.com\/product\/yoast-seo-wordpress\/ -->\n<title>Galo vence, faz as pazes com a torcida e quebra s\u00e9rie do Flu - Notibras<\/title>\n<meta name=\"robots\" content=\"index, follow, max-snippet:-1, max-image-preview:large, max-video-preview:-1\" \/>\n<link rel=\"canonical\" href=\"https:\/\/www.notibras.com\/site\/galo-vence-faz-as-pazes-com-a-torcida-e-quebra-serie-do-fluminense\/\" \/>\n<meta property=\"og:locale\" content=\"pt_BR\" \/>\n<meta property=\"og:type\" content=\"article\" \/>\n<meta property=\"og:title\" content=\"Galo vence, faz as pazes com a torcida e quebra s\u00e9rie do Flu - Notibras\" \/>\n<meta property=\"og:description\" content=\"Depois de empatar sem gols com o Crici\u00fama no domingo passado e decepcionar a torcida em Ipatinga, o Atl\u00e9tico-MG venceu o Fluminense, por 2 a 0, nesta quarta-feira, no est\u00e1dio Ipating\u00e3o, e assumiu o sexto lugar na tabela do Brasileir\u00e3o. Apesar de derrotado, o tricolor carioca, que vinha de duas vit\u00f3rias, se manteve na vice-lideran\u00e7a [&hellip;]\" \/>\n<meta property=\"og:url\" content=\"https:\/\/www.notibras.com\/site\/galo-vence-faz-as-pazes-com-a-torcida-e-quebra-serie-do-fluminense\/\" \/>\n<meta property=\"og:site_name\" content=\"Notibras\" \/>\n<meta property=\"article:publisher\" content=\"https:\/\/www.facebook.com\/notibras\/\" \/>\n<meta property=\"article:published_time\" content=\"2014-05-29T03:22:45+00:00\" \/>\n<meta property=\"article:modified_time\" content=\"2014-05-29T03:23:03+00:00\" \/>\n<meta property=\"og:image\" content=\"https:\/\/www.notibras.com\/site\/wp-content\/uploads\/2014\/05\/Sem-t\u00edtulo-137.jpg\" \/>\n\t<meta property=\"og:image:width\" content=\"751\" \/>\n\t<meta property=\"og:image:height\" content=\"500\" \/>\n\t<meta property=\"og:image:type\" content=\"image\/jpeg\" \/>\n<meta name=\"author\" content=\"Reda\u00e7\u00e3o\" \/>\n<meta name=\"twitter:card\" content=\"summary_large_image\" \/>\n<meta name=\"twitter:creator\" content=\"@Notibras\" \/>\n<meta name=\"twitter:site\" content=\"@Notibras\" \/>\n<meta name=\"twitter:label1\" content=\"Escrito por\" \/>\n\t<meta name=\"twitter:data1\" content=\"Reda\u00e7\u00e3o\" \/>\n\t<meta name=\"twitter:label2\" content=\"Est. tempo de leitura\" \/>\n\t<meta name=\"twitter:data2\" content=\"3 minutos\" \/>\n<script type=\"application\/ld+json\" class=\"yoast-schema-graph\">{\"@context\":\"https:\/\/schema.org\",\"@graph\":[{\"@type\":\"Article\",\"@id\":\"https:\/\/www.notibras.com\/site\/galo-vence-faz-as-pazes-com-a-torcida-e-quebra-serie-do-fluminense\/#article\",\"isPartOf\":{\"@id\":\"https:\/\/www.notibras.com\/site\/galo-vence-faz-as-pazes-com-a-torcida-e-quebra-serie-do-fluminense\/\"},\"author\":{\"name\":\"Reda\u00e7\u00e3o\",\"@id\":\"https:\/\/www.notibras.com\/site\/#\/schema\/person\/00b8e1aa08f9ef6563e878c5159d01cf\"},\"headline\":\"Galo vence, faz as pazes com a torcida e quebra s\u00e9rie do Flu\",\"datePublished\":\"2014-05-29T03:22:45+00:00\",\"dateModified\":\"2014-05-29T03:23:03+00:00\",\"mainEntityOfPage\":{\"@id\":\"https:\/\/www.notibras.com\/site\/galo-vence-faz-as-pazes-com-a-torcida-e-quebra-serie-do-fluminense\/\"},\"wordCount\":691,\"commentCount\":0,\"publisher\":{\"@id\":\"https:\/\/www.notibras.com\/site\/#organization\"},\"image\":{\"@id\":\"https:\/\/www.notibras.com\/site\/galo-vence-faz-as-pazes-com-a-torcida-e-quebra-serie-do-fluminense\/#primaryimage\"},\"thumbnailUrl\":\"https:\/\/www.notibras.com\/site\/wp-content\/uploads\/2014\/05\/Sem-t\u00edtulo-137.jpg\",\"articleSection\":[\"Futebol\"],\"inLanguage\":\"pt-BR\",\"potentialAction\":[{\"@type\":\"CommentAction\",\"name\":\"Comment\",\"target\":[\"https:\/\/www.notibras.com\/site\/galo-vence-faz-as-pazes-com-a-torcida-e-quebra-serie-do-fluminense\/#respond\"]}]},{\"@type\":\"WebPage\",\"@id\":\"https:\/\/www.notibras.com\/site\/galo-vence-faz-as-pazes-com-a-torcida-e-quebra-serie-do-fluminense\/\",\"url\":\"https:\/\/www.notibras.com\/site\/galo-vence-faz-as-pazes-com-a-torcida-e-quebra-serie-do-fluminense\/\",\"name\":\"Galo vence, faz as pazes com a torcida e quebra s\u00e9rie do Flu - Notibras\",\"isPartOf\":{\"@id\":\"https:\/\/www.notibras.com\/site\/#website\"},\"primaryImageOfPage\":{\"@id\":\"https:\/\/www.notibras.com\/site\/galo-vence-faz-as-pazes-com-a-torcida-e-quebra-serie-do-fluminense\/#primaryimage\"},\"image\":{\"@id\":\"https:\/\/www.notibras.com\/site\/galo-vence-faz-as-pazes-com-a-torcida-e-quebra-serie-do-fluminense\/#primaryimage\"},\"thumbnailUrl\":\"https:\/\/www.notibras.com\/site\/wp-content\/uploads\/2014\/05\/Sem-t\u00edtulo-137.jpg\",\"datePublished\":\"2014-05-29T03:22:45+00:00\",\"dateModified\":\"2014-05-29T03:23:03+00:00\",\"breadcrumb\":{\"@id\":\"https:\/\/www.notibras.com\/site\/galo-vence-faz-as-pazes-com-a-torcida-e-quebra-serie-do-fluminense\/#breadcrumb\"},\"inLanguage\":\"pt-BR\",\"potentialAction\":[{\"@type\":\"ReadAction\",\"target\":[\"https:\/\/www.notibras.com\/site\/galo-vence-faz-as-pazes-com-a-torcida-e-quebra-serie-do-fluminense\/\"]}]},{\"@type\":\"ImageObject\",\"inLanguage\":\"pt-BR\",\"@id\":\"https:\/\/www.notibras.com\/site\/galo-vence-faz-as-pazes-com-a-torcida-e-quebra-serie-do-fluminense\/#primaryimage\",\"url\":\"https:\/\/www.notibras.com\/site\/wp-content\/uploads\/2014\/05\/Sem-t\u00edtulo-137.jpg\",\"contentUrl\":\"https:\/\/www.notibras.com\/site\/wp-content\/uploads\/2014\/05\/Sem-t\u00edtulo-137.jpg\",\"width\":751,\"height\":500},{\"@type\":\"BreadcrumbList\",\"@id\":\"https:\/\/www.notibras.com\/site\/galo-vence-faz-as-pazes-com-a-torcida-e-quebra-serie-do-fluminense\/#breadcrumb\",\"itemListElement\":[{\"@type\":\"ListItem\",\"position\":1,\"name\":\"In\u00edcio\",\"item\":\"https:\/\/www.notibras.com\/site\/\"},{\"@type\":\"ListItem\",\"position\":2,\"name\":\"Galo vence, faz as pazes com a torcida e quebra s\u00e9rie do Flu\"}]},{\"@type\":\"WebSite\",\"@id\":\"https:\/\/www.notibras.com\/site\/#website\",\"url\":\"https:\/\/www.notibras.com\/site\/\",\"name\":\"Notibras\",\"description\":\"Not\u00edcias de Bras\u00edlia, do Brasil e do Mundo\",\"publisher\":{\"@id\":\"https:\/\/www.notibras.com\/site\/#organization\"},\"potentialAction\":[{\"@type\":\"SearchAction\",\"target\":{\"@type\":\"EntryPoint\",\"urlTemplate\":\"https:\/\/www.notibras.com\/site\/?s={search_term_string}\"},\"query-input\":{\"@type\":\"PropertyValueSpecification\",\"valueRequired\":true,\"valueName\":\"search_term_string\"}}],\"inLanguage\":\"pt-BR\"},{\"@type\":\"Organization\",\"@id\":\"https:\/\/www.notibras.com\/site\/#organization\",\"name\":\"Grupo Notibras de Comunica\u00e7\u00e3o\",\"url\":\"https:\/\/www.notibras.com\/site\/\",\"logo\":{\"@type\":\"ImageObject\",\"inLanguage\":\"pt-BR\",\"@id\":\"https:\/\/www.notibras.com\/site\/#\/schema\/logo\/image\/\",\"url\":\"https:\/\/www.notibras.com\/site\/wp-content\/uploads\/2023\/01\/notibras23.png\",\"contentUrl\":\"https:\/\/www.notibras.com\/site\/wp-content\/uploads\/2023\/01\/notibras23.png\",\"width\":350,\"height\":87,\"caption\":\"Grupo Notibras de Comunica\u00e7\u00e3o\"},\"image\":{\"@id\":\"https:\/\/www.notibras.com\/site\/#\/schema\/logo\/image\/\"},\"sameAs\":[\"https:\/\/www.facebook.com\/notibras\/\",\"https:\/\/x.com\/Notibras\",\"https:\/\/www.instagram.com\/notibras\/\"]},{\"@type\":\"Person\",\"@id\":\"https:\/\/www.notibras.com\/site\/#\/schema\/person\/00b8e1aa08f9ef6563e878c5159d01cf\",\"name\":\"Reda\u00e7\u00e3o\",\"image\":{\"@type\":\"ImageObject\",\"inLanguage\":\"pt-BR\",\"@id\":\"https:\/\/secure.gravatar.com\/avatar\/ac5a707d5b47784a5ed426c6e213e201423c750890f64e4c379114dade67dfb9?s=96&d=mm&r=g\",\"url\":\"https:\/\/secure.gravatar.com\/avatar\/ac5a707d5b47784a5ed426c6e213e201423c750890f64e4c379114dade67dfb9?s=96&d=mm&r=g\",\"contentUrl\":\"https:\/\/secure.gravatar.com\/avatar\/ac5a707d5b47784a5ed426c6e213e201423c750890f64e4c379114dade67dfb9?s=96&d=mm&r=g\",\"caption\":\"Reda\u00e7\u00e3o\"}}]}<\/script>\n<!-- \/ Yoast SEO plugin. -->","yoast_head_json":{"title":"Galo vence, faz as pazes com a torcida e quebra s\u00e9rie do Flu - Notibras","robots":{"index":"index","follow":"follow","max-snippet":"max-snippet:-1","max-image-preview":"max-image-preview:large","max-video-preview":"max-video-preview:-1"},"canonical":"https:\/\/www.notibras.com\/site\/galo-vence-faz-as-pazes-com-a-torcida-e-quebra-serie-do-fluminense\/","og_locale":"pt_BR","og_type":"article","og_title":"Galo vence, faz as pazes com a torcida e quebra s\u00e9rie do Flu - Notibras","og_description":"Depois de empatar sem gols com o Crici\u00fama no domingo passado e decepcionar a torcida em Ipatinga, o Atl\u00e9tico-MG venceu o Fluminense, por 2 a 0, nesta quarta-feira, no est\u00e1dio Ipating\u00e3o, e assumiu o sexto lugar na tabela do Brasileir\u00e3o. Apesar de derrotado, o tricolor carioca, que vinha de duas vit\u00f3rias, se manteve na vice-lideran\u00e7a [&hellip;]","og_url":"https:\/\/www.notibras.com\/site\/galo-vence-faz-as-pazes-com-a-torcida-e-quebra-serie-do-fluminense\/","og_site_name":"Notibras","article_publisher":"https:\/\/www.facebook.com\/notibras\/","article_published_time":"2014-05-29T03:22:45+00:00","article_modified_time":"2014-05-29T03:23:03+00:00","og_image":[{"width":751,"height":500,"url":"https:\/\/www.notibras.com\/site\/wp-content\/uploads\/2014\/05\/Sem-t\u00edtulo-137.jpg","type":"image\/jpeg"}],"author":"Reda\u00e7\u00e3o","twitter_card":"summary_large_image","twitter_creator":"@Notibras","twitter_site":"@Notibras","twitter_misc":{"Escrito por":"Reda\u00e7\u00e3o","Est. tempo de leitura":"3 minutos"},"schema":{"@context":"https:\/\/schema.org","@graph":[{"@type":"Article","@id":"https:\/\/www.notibras.com\/site\/galo-vence-faz-as-pazes-com-a-torcida-e-quebra-serie-do-fluminense\/#article","isPartOf":{"@id":"https:\/\/www.notibras.com\/site\/galo-vence-faz-as-pazes-com-a-torcida-e-quebra-serie-do-fluminense\/"},"author":{"name":"Reda\u00e7\u00e3o","@id":"https:\/\/www.notibras.com\/site\/#\/schema\/person\/00b8e1aa08f9ef6563e878c5159d01cf"},"headline":"Galo vence, faz as pazes com a torcida e quebra s\u00e9rie do Flu","datePublished":"2014-05-29T03:22:45+00:00","dateModified":"2014-05-29T03:23:03+00:00","mainEntityOfPage":{"@id":"https:\/\/www.notibras.com\/site\/galo-vence-faz-as-pazes-com-a-torcida-e-quebra-serie-do-fluminense\/"},"wordCount":691,"commentCount":0,"publisher":{"@id":"https:\/\/www.notibras.com\/site\/#organization"},"image":{"@id":"https:\/\/www.notibras.com\/site\/galo-vence-faz-as-pazes-com-a-torcida-e-quebra-serie-do-fluminense\/#primaryimage"},"thumbnailUrl":"https:\/\/www.notibras.com\/site\/wp-content\/uploads\/2014\/05\/Sem-t\u00edtulo-137.jpg","articleSection":["Futebol"],"inLanguage":"pt-BR","potentialAction":[{"@type":"CommentAction","name":"Comment","target":["https:\/\/www.notibras.com\/site\/galo-vence-faz-as-pazes-com-a-torcida-e-quebra-serie-do-fluminense\/#respond"]}]},{"@type":"WebPage","@id":"https:\/\/www.notibras.com\/site\/galo-vence-faz-as-pazes-com-a-torcida-e-quebra-serie-do-fluminense\/","url":"https:\/\/www.notibras.com\/site\/galo-vence-faz-as-pazes-com-a-torcida-e-quebra-serie-do-fluminense\/","name":"Galo vence, faz as pazes com a torcida e quebra s\u00e9rie do Flu - Notibras","isPartOf":{"@id":"https:\/\/www.notibras.com\/site\/#website"},"primaryImageOfPage":{"@id":"https:\/\/www.notibras.com\/site\/galo-vence-faz-as-pazes-com-a-torcida-e-quebra-serie-do-fluminense\/#primaryimage"},"image":{"@id":"https:\/\/www.notibras.com\/site\/galo-vence-faz-as-pazes-com-a-torcida-e-quebra-serie-do-fluminense\/#primaryimage"},"thumbnailUrl":"https:\/\/www.notibras.com\/site\/wp-content\/uploads\/2014\/05\/Sem-t\u00edtulo-137.jpg","datePublished":"2014-05-29T03:22:45+00:00","dateModified":"2014-05-29T03:23:03+00:00","breadcrumb":{"@id":"https:\/\/www.notibras.com\/site\/galo-vence-faz-as-pazes-com-a-torcida-e-quebra-serie-do-fluminense\/#breadcrumb"},"inLanguage":"pt-BR","potentialAction":[{"@type":"ReadAction","target":["https:\/\/www.notibras.com\/site\/galo-vence-faz-as-pazes-com-a-torcida-e-quebra-serie-do-fluminense\/"]}]},{"@type":"ImageObject","inLanguage":"pt-BR","@id":"https:\/\/www.notibras.com\/site\/galo-vence-faz-as-pazes-com-a-torcida-e-quebra-serie-do-fluminense\/#primaryimage","url":"https:\/\/www.notibras.com\/site\/wp-content\/uploads\/2014\/05\/Sem-t\u00edtulo-137.jpg","contentUrl":"https:\/\/www.notibras.com\/site\/wp-content\/uploads\/2014\/05\/Sem-t\u00edtulo-137.jpg","width":751,"height":500},{"@type":"BreadcrumbList","@id":"https:\/\/www.notibras.com\/site\/galo-vence-faz-as-pazes-com-a-torcida-e-quebra-serie-do-fluminense\/#breadcrumb","itemListElement":[{"@type":"ListItem","position":1,"name":"In\u00edcio","item":"https:\/\/www.notibras.com\/site\/"},{"@type":"ListItem","position":2,"name":"Galo vence, faz as pazes com a torcida e quebra s\u00e9rie do Flu"}]},{"@type":"WebSite","@id":"https:\/\/www.notibras.com\/site\/#website","url":"https:\/\/www.notibras.com\/site\/","name":"Notibras","description":"Not\u00edcias de Bras\u00edlia, do Brasil e do Mundo","publisher":{"@id":"https:\/\/www.notibras.com\/site\/#organization"},"potentialAction":[{"@type":"SearchAction","target":{"@type":"EntryPoint","urlTemplate":"https:\/\/www.notibras.com\/site\/?s={search_term_string}"},"query-input":{"@type":"PropertyValueSpecification","valueRequired":true,"valueName":"search_term_string"}}],"inLanguage":"pt-BR"},{"@type":"Organization","@id":"https:\/\/www.notibras.com\/site\/#organization","name":"Grupo Notibras de Comunica\u00e7\u00e3o","url":"https:\/\/www.notibras.com\/site\/","logo":{"@type":"ImageObject","inLanguage":"pt-BR","@id":"https:\/\/www.notibras.com\/site\/#\/schema\/logo\/image\/","url":"https:\/\/www.notibras.com\/site\/wp-content\/uploads\/2023\/01\/notibras23.png","contentUrl":"https:\/\/www.notibras.com\/site\/wp-content\/uploads\/2023\/01\/notibras23.png","width":350,"height":87,"caption":"Grupo Notibras de Comunica\u00e7\u00e3o"},"image":{"@id":"https:\/\/www.notibras.com\/site\/#\/schema\/logo\/image\/"},"sameAs":["https:\/\/www.facebook.com\/notibras\/","https:\/\/x.com\/Notibras","https:\/\/www.instagram.com\/notibras\/"]},{"@type":"Person","@id":"https:\/\/www.notibras.com\/site\/#\/schema\/person\/00b8e1aa08f9ef6563e878c5159d01cf","name":"Reda\u00e7\u00e3o","image":{"@type":"ImageObject","inLanguage":"pt-BR","@id":"https:\/\/secure.gravatar.com\/avatar\/ac5a707d5b47784a5ed426c6e213e201423c750890f64e4c379114dade67dfb9?s=96&d=mm&r=g","url":"https:\/\/secure.gravatar.com\/avatar\/ac5a707d5b47784a5ed426c6e213e201423c750890f64e4c379114dade67dfb9?s=96&d=mm&r=g","contentUrl":"https:\/\/secure.gravatar.com\/avatar\/ac5a707d5b47784a5ed426c6e213e201423c750890f64e4c379114dade67dfb9?s=96&d=mm&r=g","caption":"Reda\u00e7\u00e3o"}}]}},"amp_enabled":true,"_links":{"self":[{"href":"https:\/\/www.notibras.com\/site\/wp-json\/wp\/v2\/posts\/11415","targetHints":{"allow":["GET"]}}],"collection":[{"href":"https:\/\/www.notibras.com\/site\/wp-json\/wp\/v2\/posts"}],"about":[{"href":"https:\/\/www.notibras.com\/site\/wp-json\/wp\/v2\/types\/post"}],"author":[{"embeddable":true,"href":"https:\/\/www.notibras.com\/site\/wp-json\/wp\/v2\/users\/1"}],"replies":[{"embeddable":true,"href":"https:\/\/www.notibras.com\/site\/wp-json\/wp\/v2\/comments?post=11415"}],"version-history":[{"count":0,"href":"https:\/\/www.notibras.com\/site\/wp-json\/wp\/v2\/posts\/11415\/revisions"}],"wp:featuredmedia":[{"embeddable":true,"href":"https:\/\/www.notibras.com\/site\/wp-json\/wp\/v2\/media\/11416"}],"wp:attachment":[{"href":"https:\/\/www.notibras.com\/site\/wp-json\/wp\/v2\/media?parent=11415"}],"wp:term":[{"taxonomy":"category","embeddable":true,"href":"https:\/\/www.notibras.com\/site\/wp-json\/wp\/v2\/categories?post=11415"},{"taxonomy":"post_tag","embeddable":true,"href":"https:\/\/www.notibras.com\/site\/wp-json\/wp\/v2\/tags?post=11415"}],"curies":[{"name":"wp","href":"https:\/\/api.w.org\/{rel}","templated":true}]}}