{"id":114210,"date":"2016-09-03T06:00:46","date_gmt":"2016-09-03T09:00:46","guid":{"rendered":"http:\/\/www.notibras.com\/site\/?p=114210"},"modified":"2016-09-03T07:36:10","modified_gmt":"2016-09-03T10:36:10","slug":"impeachment-de-dilma-e-legitimo-e-legal-mas-nao-resolve-os-problemas-do-pais","status":"publish","type":"post","link":"https:\/\/www.notibras.com\/site\/impeachment-de-dilma-e-legitimo-e-legal-mas-nao-resolve-os-problemas-do-pais\/","title":{"rendered":"Impeachment de Dilma \u00e9 leg\u00edtimo e legal, mas n\u00e3o resolve os problemas do Pa\u00eds"},"content":{"rendered":"<p><strong>Claudio Lamachia<\/strong><\/p>\n<p>O impeachment de Dilma Rousseff \u2013 leg\u00edtimo e legal \u2013 n\u00e3o resolve a crise \u00e9tica e moral vivida pelo pa\u00eds. A efetiva depura\u00e7\u00e3o do cen\u00e1rio pol\u00edtico nacional depende do eleitorado brasileiro, que deve reconhecer, com urg\u00eancia, sua fun\u00e7\u00e3o de verdadeiro definidor do futuro. Cabe a cada eleitora e a cada eleitor votar em pol\u00edticos que correspondam \u00e0s urgentes necessidades da sociedade.<\/p>\n<p>A chama da indigna\u00e7\u00e3o contra os desvios na gest\u00e3o da coisa p\u00fablica n\u00e3o pode ser apagada. O debate pol\u00edtico e a cr\u00edtica a respeito da condu\u00e7\u00e3o do Estado devem ser constantes. S\u00f3 assim os tomadores de decis\u00e3o saber\u00e3o que suas a\u00e7\u00f5es s\u00e3o rigorosamente acompanhadas e fiscalizadas pelos verdadeiros donos do poder, as cidad\u00e3s e os cidad\u00e3os brasileiros.<\/p>\n<p>Todo direito \u00e9 acompanhado por deveres. O direito de votar \u00e9 acompanhado pela obriga\u00e7\u00e3o de bem escolher os candidatos e controlar permanentemente os eleitos. Quem foi escolhido para representar a sociedade deve guardar coer\u00eancia com as ideias e discursos que motivaram sua elei\u00e7\u00e3o. Cabe ao eleitorado exigir que isso ocorra.<\/p>\n<p>O controle deve ser feito diariamente, n\u00e3o apenas quando o quadro pol\u00edtico fica irreversivelmente deteriorado. A sociedade n\u00e3o tem o direito de esmorecer at\u00e9 que exista, de fato, uma sintonia verdadeira entre os anseios da popula\u00e7\u00e3o e o comportamento dos eleitos. \u00c9 preciso que todos aqueles que receberam a honra de representar a sociedade ponham em pr\u00e1tica o discurso que lhes fez merecer cada voto.<\/p>\n<p>Cabe ao novo governo, por sua vez, reconhecer os problemas urgentes a serem enfrentados e assegurar a preserva\u00e7\u00e3o dos direitos fundamentais dos cidad\u00e3os, como o direito \u00e0 sa\u00fade, \u00e0 educa\u00e7\u00e3o, \u00e0 seguran\u00e7a e ao acesso \u00e0 Justi\u00e7a. \u00c9 preciso reverter a falta de recursos para a presta\u00e7\u00e3o desses servi\u00e7os b\u00e1sicos e priorit\u00e1rios. Do mesmo modo, deve-se afastar qualquer proposta que vise a diminuir ainda mais o investimento nessas \u00e1reas. O governo precisa encontrar m\u00e9todos de gest\u00e3o mais eficientes e conter despesas desnecess\u00e1rias.<\/p>\n<p>Do mesmo modo, n\u00e3o se pode enfraquecer o combate \u00e0 corrup\u00e7\u00e3o. \u00c9 preciso avan\u00e7ar no desbaratamento dos esquemas que sugam recursos dos cofres p\u00fablicos. Nesse sentido, urge aprovar uma lei que criminalize o caixa 2. \u00c9 preciso tamb\u00e9m assegurar independ\u00eancia para as institui\u00e7\u00f5es encarregadas de conduzir investiga\u00e7\u00f5es e garantir que todos os procedimentos investigativos e processuais respeitem a lei.<\/p>\n<p>\u00c9 inaceit\u00e1vel, por exemplo, que medidas usadas pela ditadura militar, como a minimiza\u00e7\u00e3o do habeas corpus, voltem a fazer parte do cotidiano brasileiro. Tampouco \u00e9 poss\u00edvel admitir o uso de provas ilegais nos processos. S\u00f3 \u00e9 poss\u00edvel avan\u00e7ar no combate ao crime se os m\u00e9todos usados forem legais. N\u00e3o se combate crime cometendo outros crimes.<\/p>\n<p>As possibilidades de melhoria para o Brasil s\u00e3o reais. Mas s\u00f3 acontecer\u00e3o com participa\u00e7\u00e3o popular e respeito \u00e0 Constitui\u00e7\u00e3o e aos direitos e garantias fundamentais que caracterizam o Estado Democr\u00e1tico de Direito.<\/p>\n","protected":false},"excerpt":{"rendered":"<p>Claudio Lamachia O impeachment de Dilma Rousseff \u2013 leg\u00edtimo e legal \u2013 n\u00e3o resolve a crise \u00e9tica e moral vivida pelo pa\u00eds. A efetiva depura\u00e7\u00e3o do cen\u00e1rio pol\u00edtico nacional depende do eleitorado brasileiro, que deve reconhecer, com urg\u00eancia, sua fun\u00e7\u00e3o de verdadeiro definidor do futuro. Cabe a cada eleitora e a cada eleitor votar em [&hellip;]<\/p>\n","protected":false},"author":2,"featured_media":114211,"comment_status":"open","ping_status":"closed","sticky":false,"template":"","format":"standard","meta":{"_acf_changed":false,"footnotes":""},"categories":[25],"tags":[],"class_list":["post-114210","post","type-post","status-publish","format-standard","has-post-thumbnail","hentry","category-opina-ai"],"acf":[],"yoast_head":"<!-- This site is optimized with the Yoast SEO plugin v27.5 - https:\/\/yoast.com\/product\/yoast-seo-wordpress\/ -->\n<title>Impeachment de Dilma \u00e9 leg\u00edtimo e legal, mas n\u00e3o resolve os problemas do Pa\u00eds - Notibras<\/title>\n<meta name=\"robots\" content=\"index, follow, max-snippet:-1, max-image-preview:large, max-video-preview:-1\" \/>\n<link rel=\"canonical\" href=\"https:\/\/www.notibras.com\/site\/impeachment-de-dilma-e-legitimo-e-legal-mas-nao-resolve-os-problemas-do-pais\/\" \/>\n<meta property=\"og:locale\" content=\"pt_BR\" \/>\n<meta property=\"og:type\" content=\"article\" \/>\n<meta property=\"og:title\" content=\"Impeachment de Dilma \u00e9 leg\u00edtimo e legal, mas n\u00e3o resolve os problemas do Pa\u00eds - Notibras\" \/>\n<meta property=\"og:description\" content=\"Claudio Lamachia O impeachment de Dilma Rousseff \u2013 leg\u00edtimo e legal \u2013 n\u00e3o resolve a crise \u00e9tica e moral vivida pelo pa\u00eds. A efetiva depura\u00e7\u00e3o do cen\u00e1rio pol\u00edtico nacional depende do eleitorado brasileiro, que deve reconhecer, com urg\u00eancia, sua fun\u00e7\u00e3o de verdadeiro definidor do futuro. Cabe a cada eleitora e a cada eleitor votar em [&hellip;]\" \/>\n<meta property=\"og:url\" content=\"https:\/\/www.notibras.com\/site\/impeachment-de-dilma-e-legitimo-e-legal-mas-nao-resolve-os-problemas-do-pais\/\" \/>\n<meta property=\"og:site_name\" content=\"Notibras\" \/>\n<meta property=\"article:publisher\" content=\"https:\/\/www.facebook.com\/notibras\/\" \/>\n<meta property=\"article:published_time\" content=\"2016-09-03T09:00:46+00:00\" \/>\n<meta property=\"article:modified_time\" content=\"2016-09-03T10:36:10+00:00\" \/>\n<meta property=\"og:image\" content=\"https:\/\/www.notibras.com\/site\/wp-content\/uploads\/2016\/09\/size_810_16_9_dilma4.jpg\" \/>\n\t<meta property=\"og:image:width\" content=\"810\" \/>\n\t<meta property=\"og:image:height\" content=\"455\" \/>\n\t<meta property=\"og:image:type\" content=\"image\/jpeg\" \/>\n<meta name=\"author\" content=\"Reda\u00e7\u00e3o\" \/>\n<meta name=\"twitter:card\" content=\"summary_large_image\" \/>\n<meta name=\"twitter:creator\" content=\"@Notibras\" \/>\n<meta name=\"twitter:site\" content=\"@Notibras\" \/>\n<meta name=\"twitter:label1\" content=\"Escrito por\" \/>\n\t<meta name=\"twitter:data1\" content=\"Reda\u00e7\u00e3o\" \/>\n\t<meta name=\"twitter:label2\" content=\"Est. tempo de leitura\" \/>\n\t<meta name=\"twitter:data2\" content=\"3 minutos\" \/>\n<script type=\"application\/ld+json\" class=\"yoast-schema-graph\">{\"@context\":\"https:\\\/\\\/schema.org\",\"@graph\":[{\"@type\":\"Article\",\"@id\":\"https:\\\/\\\/www.notibras.com\\\/site\\\/impeachment-de-dilma-e-legitimo-e-legal-mas-nao-resolve-os-problemas-do-pais\\\/#article\",\"isPartOf\":{\"@id\":\"https:\\\/\\\/www.notibras.com\\\/site\\\/impeachment-de-dilma-e-legitimo-e-legal-mas-nao-resolve-os-problemas-do-pais\\\/\"},\"author\":{\"name\":\"Reda\u00e7\u00e3o\",\"@id\":\"https:\\\/\\\/www.notibras.com\\\/site\\\/#\\\/schema\\\/person\\\/36ab0979449956132d3e5b517ea76ac8\"},\"headline\":\"Impeachment de Dilma \u00e9 leg\u00edtimo e legal, mas n\u00e3o resolve os problemas do Pa\u00eds\",\"datePublished\":\"2016-09-03T09:00:46+00:00\",\"dateModified\":\"2016-09-03T10:36:10+00:00\",\"mainEntityOfPage\":{\"@id\":\"https:\\\/\\\/www.notibras.com\\\/site\\\/impeachment-de-dilma-e-legitimo-e-legal-mas-nao-resolve-os-problemas-do-pais\\\/\"},\"wordCount\":524,\"commentCount\":0,\"publisher\":{\"@id\":\"https:\\\/\\\/www.notibras.com\\\/site\\\/#organization\"},\"image\":{\"@id\":\"https:\\\/\\\/www.notibras.com\\\/site\\\/impeachment-de-dilma-e-legitimo-e-legal-mas-nao-resolve-os-problemas-do-pais\\\/#primaryimage\"},\"thumbnailUrl\":\"https:\\\/\\\/www.notibras.com\\\/site\\\/wp-content\\\/uploads\\\/2016\\\/09\\\/size_810_16_9_dilma4.jpg\",\"articleSection\":[\"Opina a\u00ed\"],\"inLanguage\":\"pt-BR\",\"potentialAction\":[{\"@type\":\"CommentAction\",\"name\":\"Comment\",\"target\":[\"https:\\\/\\\/www.notibras.com\\\/site\\\/impeachment-de-dilma-e-legitimo-e-legal-mas-nao-resolve-os-problemas-do-pais\\\/#respond\"]}]},{\"@type\":\"WebPage\",\"@id\":\"https:\\\/\\\/www.notibras.com\\\/site\\\/impeachment-de-dilma-e-legitimo-e-legal-mas-nao-resolve-os-problemas-do-pais\\\/\",\"url\":\"https:\\\/\\\/www.notibras.com\\\/site\\\/impeachment-de-dilma-e-legitimo-e-legal-mas-nao-resolve-os-problemas-do-pais\\\/\",\"name\":\"Impeachment de Dilma \u00e9 leg\u00edtimo e legal, mas n\u00e3o resolve os problemas do Pa\u00eds - Notibras\",\"isPartOf\":{\"@id\":\"https:\\\/\\\/www.notibras.com\\\/site\\\/#website\"},\"primaryImageOfPage\":{\"@id\":\"https:\\\/\\\/www.notibras.com\\\/site\\\/impeachment-de-dilma-e-legitimo-e-legal-mas-nao-resolve-os-problemas-do-pais\\\/#primaryimage\"},\"image\":{\"@id\":\"https:\\\/\\\/www.notibras.com\\\/site\\\/impeachment-de-dilma-e-legitimo-e-legal-mas-nao-resolve-os-problemas-do-pais\\\/#primaryimage\"},\"thumbnailUrl\":\"https:\\\/\\\/www.notibras.com\\\/site\\\/wp-content\\\/uploads\\\/2016\\\/09\\\/size_810_16_9_dilma4.jpg\",\"datePublished\":\"2016-09-03T09:00:46+00:00\",\"dateModified\":\"2016-09-03T10:36:10+00:00\",\"breadcrumb\":{\"@id\":\"https:\\\/\\\/www.notibras.com\\\/site\\\/impeachment-de-dilma-e-legitimo-e-legal-mas-nao-resolve-os-problemas-do-pais\\\/#breadcrumb\"},\"inLanguage\":\"pt-BR\",\"potentialAction\":[{\"@type\":\"ReadAction\",\"target\":[\"https:\\\/\\\/www.notibras.com\\\/site\\\/impeachment-de-dilma-e-legitimo-e-legal-mas-nao-resolve-os-problemas-do-pais\\\/\"]}]},{\"@type\":\"ImageObject\",\"inLanguage\":\"pt-BR\",\"@id\":\"https:\\\/\\\/www.notibras.com\\\/site\\\/impeachment-de-dilma-e-legitimo-e-legal-mas-nao-resolve-os-problemas-do-pais\\\/#primaryimage\",\"url\":\"https:\\\/\\\/www.notibras.com\\\/site\\\/wp-content\\\/uploads\\\/2016\\\/09\\\/size_810_16_9_dilma4.jpg\",\"contentUrl\":\"https:\\\/\\\/www.notibras.com\\\/site\\\/wp-content\\\/uploads\\\/2016\\\/09\\\/size_810_16_9_dilma4.jpg\",\"width\":810,\"height\":455},{\"@type\":\"BreadcrumbList\",\"@id\":\"https:\\\/\\\/www.notibras.com\\\/site\\\/impeachment-de-dilma-e-legitimo-e-legal-mas-nao-resolve-os-problemas-do-pais\\\/#breadcrumb\",\"itemListElement\":[{\"@type\":\"ListItem\",\"position\":1,\"name\":\"In\u00edcio\",\"item\":\"https:\\\/\\\/www.notibras.com\\\/site\\\/\"},{\"@type\":\"ListItem\",\"position\":2,\"name\":\"Impeachment de Dilma \u00e9 leg\u00edtimo e legal, mas n\u00e3o resolve os problemas do Pa\u00eds\"}]},{\"@type\":\"WebSite\",\"@id\":\"https:\\\/\\\/www.notibras.com\\\/site\\\/#website\",\"url\":\"https:\\\/\\\/www.notibras.com\\\/site\\\/\",\"name\":\"Notibras\",\"description\":\"Not\u00edcias de Bras\u00edlia, do Brasil e do Mundo\",\"publisher\":{\"@id\":\"https:\\\/\\\/www.notibras.com\\\/site\\\/#organization\"},\"potentialAction\":[{\"@type\":\"SearchAction\",\"target\":{\"@type\":\"EntryPoint\",\"urlTemplate\":\"https:\\\/\\\/www.notibras.com\\\/site\\\/?s={search_term_string}\"},\"query-input\":{\"@type\":\"PropertyValueSpecification\",\"valueRequired\":true,\"valueName\":\"search_term_string\"}}],\"inLanguage\":\"pt-BR\"},{\"@type\":\"Organization\",\"@id\":\"https:\\\/\\\/www.notibras.com\\\/site\\\/#organization\",\"name\":\"Grupo Notibras de Comunica\u00e7\u00e3o\",\"url\":\"https:\\\/\\\/www.notibras.com\\\/site\\\/\",\"logo\":{\"@type\":\"ImageObject\",\"inLanguage\":\"pt-BR\",\"@id\":\"https:\\\/\\\/www.notibras.com\\\/site\\\/#\\\/schema\\\/logo\\\/image\\\/\",\"url\":\"https:\\\/\\\/www.notibras.com\\\/site\\\/wp-content\\\/uploads\\\/2023\\\/01\\\/notibras23.png\",\"contentUrl\":\"https:\\\/\\\/www.notibras.com\\\/site\\\/wp-content\\\/uploads\\\/2023\\\/01\\\/notibras23.png\",\"width\":350,\"height\":87,\"caption\":\"Grupo Notibras de Comunica\u00e7\u00e3o\"},\"image\":{\"@id\":\"https:\\\/\\\/www.notibras.com\\\/site\\\/#\\\/schema\\\/logo\\\/image\\\/\"},\"sameAs\":[\"https:\\\/\\\/www.facebook.com\\\/notibras\\\/\",\"https:\\\/\\\/x.com\\\/Notibras\",\"https:\\\/\\\/www.instagram.com\\\/notibras\\\/\"]},{\"@type\":\"Person\",\"@id\":\"https:\\\/\\\/www.notibras.com\\\/site\\\/#\\\/schema\\\/person\\\/36ab0979449956132d3e5b517ea76ac8\",\"name\":\"Reda\u00e7\u00e3o\",\"image\":{\"@type\":\"ImageObject\",\"inLanguage\":\"pt-BR\",\"@id\":\"https:\\\/\\\/secure.gravatar.com\\\/avatar\\\/e0a867bdedb85fd243eadf09663511f96fc81e0720a4a42581f334ad4303aa6b?s=96&d=mm&r=g\",\"url\":\"https:\\\/\\\/secure.gravatar.com\\\/avatar\\\/e0a867bdedb85fd243eadf09663511f96fc81e0720a4a42581f334ad4303aa6b?s=96&d=mm&r=g\",\"contentUrl\":\"https:\\\/\\\/secure.gravatar.com\\\/avatar\\\/e0a867bdedb85fd243eadf09663511f96fc81e0720a4a42581f334ad4303aa6b?s=96&d=mm&r=g\",\"caption\":\"Reda\u00e7\u00e3o\"}}]}<\/script>\n<!-- \/ Yoast SEO plugin. -->","yoast_head_json":{"title":"Impeachment de Dilma \u00e9 leg\u00edtimo e legal, mas n\u00e3o resolve os problemas do Pa\u00eds - Notibras","robots":{"index":"index","follow":"follow","max-snippet":"max-snippet:-1","max-image-preview":"max-image-preview:large","max-video-preview":"max-video-preview:-1"},"canonical":"https:\/\/www.notibras.com\/site\/impeachment-de-dilma-e-legitimo-e-legal-mas-nao-resolve-os-problemas-do-pais\/","og_locale":"pt_BR","og_type":"article","og_title":"Impeachment de Dilma \u00e9 leg\u00edtimo e legal, mas n\u00e3o resolve os problemas do Pa\u00eds - Notibras","og_description":"Claudio Lamachia O impeachment de Dilma Rousseff \u2013 leg\u00edtimo e legal \u2013 n\u00e3o resolve a crise \u00e9tica e moral vivida pelo pa\u00eds. A efetiva depura\u00e7\u00e3o do cen\u00e1rio pol\u00edtico nacional depende do eleitorado brasileiro, que deve reconhecer, com urg\u00eancia, sua fun\u00e7\u00e3o de verdadeiro definidor do futuro. Cabe a cada eleitora e a cada eleitor votar em [&hellip;]","og_url":"https:\/\/www.notibras.com\/site\/impeachment-de-dilma-e-legitimo-e-legal-mas-nao-resolve-os-problemas-do-pais\/","og_site_name":"Notibras","article_publisher":"https:\/\/www.facebook.com\/notibras\/","article_published_time":"2016-09-03T09:00:46+00:00","article_modified_time":"2016-09-03T10:36:10+00:00","og_image":[{"width":810,"height":455,"url":"https:\/\/www.notibras.com\/site\/wp-content\/uploads\/2016\/09\/size_810_16_9_dilma4.jpg","type":"image\/jpeg"}],"author":"Reda\u00e7\u00e3o","twitter_card":"summary_large_image","twitter_creator":"@Notibras","twitter_site":"@Notibras","twitter_misc":{"Escrito por":"Reda\u00e7\u00e3o","Est. tempo de leitura":"3 minutos"},"schema":{"@context":"https:\/\/schema.org","@graph":[{"@type":"Article","@id":"https:\/\/www.notibras.com\/site\/impeachment-de-dilma-e-legitimo-e-legal-mas-nao-resolve-os-problemas-do-pais\/#article","isPartOf":{"@id":"https:\/\/www.notibras.com\/site\/impeachment-de-dilma-e-legitimo-e-legal-mas-nao-resolve-os-problemas-do-pais\/"},"author":{"name":"Reda\u00e7\u00e3o","@id":"https:\/\/www.notibras.com\/site\/#\/schema\/person\/36ab0979449956132d3e5b517ea76ac8"},"headline":"Impeachment de Dilma \u00e9 leg\u00edtimo e legal, mas n\u00e3o resolve os problemas do Pa\u00eds","datePublished":"2016-09-03T09:00:46+00:00","dateModified":"2016-09-03T10:36:10+00:00","mainEntityOfPage":{"@id":"https:\/\/www.notibras.com\/site\/impeachment-de-dilma-e-legitimo-e-legal-mas-nao-resolve-os-problemas-do-pais\/"},"wordCount":524,"commentCount":0,"publisher":{"@id":"https:\/\/www.notibras.com\/site\/#organization"},"image":{"@id":"https:\/\/www.notibras.com\/site\/impeachment-de-dilma-e-legitimo-e-legal-mas-nao-resolve-os-problemas-do-pais\/#primaryimage"},"thumbnailUrl":"https:\/\/www.notibras.com\/site\/wp-content\/uploads\/2016\/09\/size_810_16_9_dilma4.jpg","articleSection":["Opina a\u00ed"],"inLanguage":"pt-BR","potentialAction":[{"@type":"CommentAction","name":"Comment","target":["https:\/\/www.notibras.com\/site\/impeachment-de-dilma-e-legitimo-e-legal-mas-nao-resolve-os-problemas-do-pais\/#respond"]}]},{"@type":"WebPage","@id":"https:\/\/www.notibras.com\/site\/impeachment-de-dilma-e-legitimo-e-legal-mas-nao-resolve-os-problemas-do-pais\/","url":"https:\/\/www.notibras.com\/site\/impeachment-de-dilma-e-legitimo-e-legal-mas-nao-resolve-os-problemas-do-pais\/","name":"Impeachment de Dilma \u00e9 leg\u00edtimo e legal, mas n\u00e3o resolve os problemas do Pa\u00eds - Notibras","isPartOf":{"@id":"https:\/\/www.notibras.com\/site\/#website"},"primaryImageOfPage":{"@id":"https:\/\/www.notibras.com\/site\/impeachment-de-dilma-e-legitimo-e-legal-mas-nao-resolve-os-problemas-do-pais\/#primaryimage"},"image":{"@id":"https:\/\/www.notibras.com\/site\/impeachment-de-dilma-e-legitimo-e-legal-mas-nao-resolve-os-problemas-do-pais\/#primaryimage"},"thumbnailUrl":"https:\/\/www.notibras.com\/site\/wp-content\/uploads\/2016\/09\/size_810_16_9_dilma4.jpg","datePublished":"2016-09-03T09:00:46+00:00","dateModified":"2016-09-03T10:36:10+00:00","breadcrumb":{"@id":"https:\/\/www.notibras.com\/site\/impeachment-de-dilma-e-legitimo-e-legal-mas-nao-resolve-os-problemas-do-pais\/#breadcrumb"},"inLanguage":"pt-BR","potentialAction":[{"@type":"ReadAction","target":["https:\/\/www.notibras.com\/site\/impeachment-de-dilma-e-legitimo-e-legal-mas-nao-resolve-os-problemas-do-pais\/"]}]},{"@type":"ImageObject","inLanguage":"pt-BR","@id":"https:\/\/www.notibras.com\/site\/impeachment-de-dilma-e-legitimo-e-legal-mas-nao-resolve-os-problemas-do-pais\/#primaryimage","url":"https:\/\/www.notibras.com\/site\/wp-content\/uploads\/2016\/09\/size_810_16_9_dilma4.jpg","contentUrl":"https:\/\/www.notibras.com\/site\/wp-content\/uploads\/2016\/09\/size_810_16_9_dilma4.jpg","width":810,"height":455},{"@type":"BreadcrumbList","@id":"https:\/\/www.notibras.com\/site\/impeachment-de-dilma-e-legitimo-e-legal-mas-nao-resolve-os-problemas-do-pais\/#breadcrumb","itemListElement":[{"@type":"ListItem","position":1,"name":"In\u00edcio","item":"https:\/\/www.notibras.com\/site\/"},{"@type":"ListItem","position":2,"name":"Impeachment de Dilma \u00e9 leg\u00edtimo e legal, mas n\u00e3o resolve os problemas do Pa\u00eds"}]},{"@type":"WebSite","@id":"https:\/\/www.notibras.com\/site\/#website","url":"https:\/\/www.notibras.com\/site\/","name":"Notibras","description":"Not\u00edcias de Bras\u00edlia, do Brasil e do Mundo","publisher":{"@id":"https:\/\/www.notibras.com\/site\/#organization"},"potentialAction":[{"@type":"SearchAction","target":{"@type":"EntryPoint","urlTemplate":"https:\/\/www.notibras.com\/site\/?s={search_term_string}"},"query-input":{"@type":"PropertyValueSpecification","valueRequired":true,"valueName":"search_term_string"}}],"inLanguage":"pt-BR"},{"@type":"Organization","@id":"https:\/\/www.notibras.com\/site\/#organization","name":"Grupo Notibras de Comunica\u00e7\u00e3o","url":"https:\/\/www.notibras.com\/site\/","logo":{"@type":"ImageObject","inLanguage":"pt-BR","@id":"https:\/\/www.notibras.com\/site\/#\/schema\/logo\/image\/","url":"https:\/\/www.notibras.com\/site\/wp-content\/uploads\/2023\/01\/notibras23.png","contentUrl":"https:\/\/www.notibras.com\/site\/wp-content\/uploads\/2023\/01\/notibras23.png","width":350,"height":87,"caption":"Grupo Notibras de Comunica\u00e7\u00e3o"},"image":{"@id":"https:\/\/www.notibras.com\/site\/#\/schema\/logo\/image\/"},"sameAs":["https:\/\/www.facebook.com\/notibras\/","https:\/\/x.com\/Notibras","https:\/\/www.instagram.com\/notibras\/"]},{"@type":"Person","@id":"https:\/\/www.notibras.com\/site\/#\/schema\/person\/36ab0979449956132d3e5b517ea76ac8","name":"Reda\u00e7\u00e3o","image":{"@type":"ImageObject","inLanguage":"pt-BR","@id":"https:\/\/secure.gravatar.com\/avatar\/e0a867bdedb85fd243eadf09663511f96fc81e0720a4a42581f334ad4303aa6b?s=96&d=mm&r=g","url":"https:\/\/secure.gravatar.com\/avatar\/e0a867bdedb85fd243eadf09663511f96fc81e0720a4a42581f334ad4303aa6b?s=96&d=mm&r=g","contentUrl":"https:\/\/secure.gravatar.com\/avatar\/e0a867bdedb85fd243eadf09663511f96fc81e0720a4a42581f334ad4303aa6b?s=96&d=mm&r=g","caption":"Reda\u00e7\u00e3o"}}]}},"amp_enabled":true,"_links":{"self":[{"href":"https:\/\/www.notibras.com\/site\/wp-json\/wp\/v2\/posts\/114210","targetHints":{"allow":["GET"]}}],"collection":[{"href":"https:\/\/www.notibras.com\/site\/wp-json\/wp\/v2\/posts"}],"about":[{"href":"https:\/\/www.notibras.com\/site\/wp-json\/wp\/v2\/types\/post"}],"author":[{"embeddable":true,"href":"https:\/\/www.notibras.com\/site\/wp-json\/wp\/v2\/users\/2"}],"replies":[{"embeddable":true,"href":"https:\/\/www.notibras.com\/site\/wp-json\/wp\/v2\/comments?post=114210"}],"version-history":[{"count":1,"href":"https:\/\/www.notibras.com\/site\/wp-json\/wp\/v2\/posts\/114210\/revisions"}],"predecessor-version":[{"id":114212,"href":"https:\/\/www.notibras.com\/site\/wp-json\/wp\/v2\/posts\/114210\/revisions\/114212"}],"wp:featuredmedia":[{"embeddable":true,"href":"https:\/\/www.notibras.com\/site\/wp-json\/wp\/v2\/media\/114211"}],"wp:attachment":[{"href":"https:\/\/www.notibras.com\/site\/wp-json\/wp\/v2\/media?parent=114210"}],"wp:term":[{"taxonomy":"category","embeddable":true,"href":"https:\/\/www.notibras.com\/site\/wp-json\/wp\/v2\/categories?post=114210"},{"taxonomy":"post_tag","embeddable":true,"href":"https:\/\/www.notibras.com\/site\/wp-json\/wp\/v2\/tags?post=114210"}],"curies":[{"name":"wp","href":"https:\/\/api.w.org\/{rel}","templated":true}]}}