{"id":114421,"date":"2016-09-04T08:54:59","date_gmt":"2016-09-04T11:54:59","guid":{"rendered":"http:\/\/www.notibras.com\/site\/?p=114421"},"modified":"2016-09-04T08:54:59","modified_gmt":"2016-09-04T11:54:59","slug":"parlamentarismo-e-uma-possibilidade-capaz-de-acabar-com-a-incoerencia-politica","status":"publish","type":"post","link":"https:\/\/www.notibras.com\/site\/parlamentarismo-e-uma-possibilidade-capaz-de-acabar-com-a-incoerencia-politica\/","title":{"rendered":"Parlamentarismo \u00e9 uma possibilidade capaz de acabar com a incoer\u00eancia pol\u00edtica"},"content":{"rendered":"<p><strong>Dirc\u00eao Torrecillas Ramos<\/strong><\/p>\n<p>Possibilidade \u00e9 a qualidade do poss\u00edvel. A utopia pode ser algo imagin\u00e1rio e inating\u00edvel, mas por outro lado \u00e9 uma institui\u00e7\u00e3o pol\u00edtica altamente aperfei\u00e7oada. Neste segundo sentido, o parlamentarismo, em suas vertentes, ser\u00e1 ut\u00f3pico dentro da reserva do poss\u00edvel.<\/p>\n<p>Muitos s\u00e3o os modelos adotados, e a cada Estado cabe selecionar o padr\u00e3o de acordo com sua situa\u00e7\u00e3o pol\u00edtica, econ\u00f4mica, social \u2013incluindo a cultural e a jur\u00eddica. Temos como consequ\u00eancia o parlamentarismo original, com suas vicissitudes no tempo e espa\u00e7o, adaptado a cada realidade. Em decorr\u00eancia disso, surgiram f\u00f3rmulas diversas, denominadas neoparlamentarismo, que conservam os elementos essenciais iniciais.<\/p>\n<p>Atualmente, no Brasil, discute-se a ado\u00e7\u00e3o do parlamentarismo, mas antes de uma conclus\u00e3o \u00e9 necess\u00e1rio estudar as atribui\u00e7\u00f5es constitucionais oferecidas ao presidente da Rep\u00fablica, ao primeiro-ministro e suas rela\u00e7\u00f5es com o Parlamento.<\/p>\n<p>A tentativa parlamentarista \u00e9 v\u00e1lida diante das crises do presidencialismo que houveram na hist\u00f3ria de nossa p\u00e1tria. Entretanto, v\u00e1rios obst\u00e1culos e mitos devem ser enfrentados e esclarecidos para elabora\u00e7\u00e3o de um projeto aperfei\u00e7oado, eliminando-se ou mitigando os problemas, resultando em custo-benef\u00edcio e solu\u00e7\u00f5es mais favor\u00e1veis.<\/p>\n<p>Algumas quest\u00f5es dever\u00e3o ser respondidas, entre elas: como um pa\u00eds com enorme deficit ir\u00e1 engrossar a federa\u00e7\u00e3o e aumentar seus custos com dois gabinetes, sendo um do presidente da Rep\u00fablica e outro do primeiro-ministro, estendendo a amplia\u00e7\u00e3o para os Estados-membros e munic\u00edpios?<\/p>\n<p>Lutamos pelas elei\u00e7\u00f5es diretas, e agora o escopo \u00e9 o sistema onde a elei\u00e7\u00e3o do governante \u00e9 indireta. O mesmo ocorre na It\u00e1lia, na Alemanha e foi assim na Fran\u00e7a at\u00e9 1962. O sistema requer o bipartidarismo ou o bipartidarismo imperfeito \u2013sendo invi\u00e1vel com o pluripartidarismo, que \u00e9 um empecilho para o presidencialismo nos dias de hoje.<\/p>\n<p>Outra quest\u00e3o \u00e9 quem ter\u00e1 a compet\u00eancia para a dissolu\u00e7\u00e3o do Congresso diante da ingovernabilidade? O presidente da Rep\u00fablica, primeiro-ministro ou ambos?<\/p>\n<p>Merece aten\u00e7\u00e3o no Brasil a desproporcionalidade na representa\u00e7\u00e3o popular dos Estados, com o m\u00ednimo de 8 e m\u00e1ximo de 70 deputados e tr\u00eas senadores para cada unidade da federa\u00e7\u00e3o. O Norte, o Nordeste e o Centro-Oeste ter\u00e3o maioria nas duas casas do Congresso e eleger\u00e3o o chefe do governo em detrimento das regi\u00f5es Sul e Sudeste, mais populosas e que mais contribuem com recursos.<\/p>\n<p>Neste caso, as medidas provis\u00f3rias ser\u00e3o editadas pelo primeiro-ministro? As experi\u00eancias parlamentaristas seriam para o povo ou para pretens\u00f5es pol\u00edticas daqueles que n\u00e3o chegariam \u00e0 presid\u00eancia, mas teriam oportunidades como chefe de governo? A prop\u00f3sito, qual a viabilidade do parlamentarismo com o n\u00edvel \u00e9tico da atual classe pol\u00edtica? Quanto \u00e0 corrup\u00e7\u00e3o, esta existe e continuar\u00e1 em qualquer sistema, mas como evit\u00e1-la ou reduzi-la?<\/p>\n<p>Embora alguns autores mencionem o parlamentarismo como caracter\u00edstica dos pa\u00edses desenvolvidos e democr\u00e1ticos, eu entendo que n\u00e3o \u00e9 necessariamente assim \u2013a exemplo de Angola e Mo\u00e7ambique\u2013 e o mesmo pode-se afirmar do presidencialismo. Como corol\u00e1rio, a experi\u00eancia \u00e9 v\u00e1lida.<\/p>\n<p>Alguns obst\u00e1culos observados no regime parlamentar podem ser superados pelo voto distrital misto, pela fidelidade partid\u00e1ria \u2013tanto para os parlamentares, como tamb\u00e9m aos partidos\u2013, pela democratiza\u00e7\u00e3o dentro dos partidos e pela elimina\u00e7\u00e3o das coliga\u00e7\u00f5es. Tamb\u00e9m seria poss\u00edvel o recall, pelo qual o povo cassa seu representante e, al\u00e9m disso, haveria o plebiscito para autorizar e o referendo para aprovar o projeto acabado. Nestes \u00faltimos casos, o cidad\u00e3o recupera sua participa\u00e7\u00e3o pol\u00edtica perdida pela elei\u00e7\u00e3o indireta do chefe de governo, e, talvez, do chefe de Estado.<\/p>\n<p>Com essas observa\u00e7\u00f5es, acreditamos na possibilidade de constru\u00e7\u00e3o de um modelo capaz de eliminar, reduzir ou superar as incoer\u00eancias encontradas no direito comparado e no Brasil, esclarecendo e justificando a experi\u00eancia com ado\u00e7\u00e3o de um novo sistema de governo, o parlamentarismo.<\/p>\n","protected":false},"excerpt":{"rendered":"<p>Dirc\u00eao Torrecillas Ramos Possibilidade \u00e9 a qualidade do poss\u00edvel. A utopia pode ser algo imagin\u00e1rio e inating\u00edvel, mas por outro lado \u00e9 uma institui\u00e7\u00e3o pol\u00edtica altamente aperfei\u00e7oada. Neste segundo sentido, o parlamentarismo, em suas vertentes, ser\u00e1 ut\u00f3pico dentro da reserva do poss\u00edvel. Muitos s\u00e3o os modelos adotados, e a cada Estado cabe selecionar o padr\u00e3o [&hellip;]<\/p>\n","protected":false},"author":2,"featured_media":114422,"comment_status":"open","ping_status":"closed","sticky":false,"template":"","format":"standard","meta":{"_acf_changed":false,"footnotes":""},"categories":[25],"tags":[],"class_list":["post-114421","post","type-post","status-publish","format-standard","has-post-thumbnail","hentry","category-opina-ai"],"acf":[],"yoast_head":"<!-- This site is optimized with the Yoast SEO plugin v27.5 - https:\/\/yoast.com\/product\/yoast-seo-wordpress\/ -->\n<title>Parlamentarismo \u00e9 uma possibilidade capaz de acabar com a incoer\u00eancia pol\u00edtica - Notibras<\/title>\n<meta name=\"robots\" content=\"index, follow, max-snippet:-1, max-image-preview:large, max-video-preview:-1\" \/>\n<link rel=\"canonical\" href=\"https:\/\/www.notibras.com\/site\/parlamentarismo-e-uma-possibilidade-capaz-de-acabar-com-a-incoerencia-politica\/\" \/>\n<meta property=\"og:locale\" content=\"pt_BR\" \/>\n<meta property=\"og:type\" content=\"article\" \/>\n<meta property=\"og:title\" content=\"Parlamentarismo \u00e9 uma possibilidade capaz de acabar com a incoer\u00eancia pol\u00edtica - Notibras\" \/>\n<meta property=\"og:description\" content=\"Dirc\u00eao Torrecillas Ramos Possibilidade \u00e9 a qualidade do poss\u00edvel. A utopia pode ser algo imagin\u00e1rio e inating\u00edvel, mas por outro lado \u00e9 uma institui\u00e7\u00e3o pol\u00edtica altamente aperfei\u00e7oada. Neste segundo sentido, o parlamentarismo, em suas vertentes, ser\u00e1 ut\u00f3pico dentro da reserva do poss\u00edvel. Muitos s\u00e3o os modelos adotados, e a cada Estado cabe selecionar o padr\u00e3o [&hellip;]\" \/>\n<meta property=\"og:url\" content=\"https:\/\/www.notibras.com\/site\/parlamentarismo-e-uma-possibilidade-capaz-de-acabar-com-a-incoerencia-politica\/\" \/>\n<meta property=\"og:site_name\" content=\"Notibras\" \/>\n<meta property=\"article:publisher\" content=\"https:\/\/www.facebook.com\/notibras\/\" \/>\n<meta property=\"article:published_time\" content=\"2016-09-04T11:54:59+00:00\" \/>\n<meta property=\"og:image\" content=\"https:\/\/www.notibras.com\/site\/wp-content\/uploads\/2016\/09\/votacao-congresso-confucao-20141203-0002-original.jpeg\" \/>\n\t<meta property=\"og:image:width\" content=\"928\" \/>\n\t<meta property=\"og:image:height\" content=\"585\" \/>\n\t<meta property=\"og:image:type\" content=\"image\/jpeg\" \/>\n<meta name=\"author\" content=\"Reda\u00e7\u00e3o\" \/>\n<meta name=\"twitter:card\" content=\"summary_large_image\" \/>\n<meta name=\"twitter:creator\" content=\"@Notibras\" \/>\n<meta name=\"twitter:site\" content=\"@Notibras\" \/>\n<meta name=\"twitter:label1\" content=\"Escrito por\" \/>\n\t<meta name=\"twitter:data1\" content=\"Reda\u00e7\u00e3o\" \/>\n\t<meta name=\"twitter:label2\" content=\"Est. tempo de leitura\" \/>\n\t<meta name=\"twitter:data2\" content=\"3 minutos\" \/>\n<script type=\"application\/ld+json\" class=\"yoast-schema-graph\">{\"@context\":\"https:\\\/\\\/schema.org\",\"@graph\":[{\"@type\":\"Article\",\"@id\":\"https:\\\/\\\/www.notibras.com\\\/site\\\/parlamentarismo-e-uma-possibilidade-capaz-de-acabar-com-a-incoerencia-politica\\\/#article\",\"isPartOf\":{\"@id\":\"https:\\\/\\\/www.notibras.com\\\/site\\\/parlamentarismo-e-uma-possibilidade-capaz-de-acabar-com-a-incoerencia-politica\\\/\"},\"author\":{\"name\":\"Reda\u00e7\u00e3o\",\"@id\":\"https:\\\/\\\/www.notibras.com\\\/site\\\/#\\\/schema\\\/person\\\/36ab0979449956132d3e5b517ea76ac8\"},\"headline\":\"Parlamentarismo \u00e9 uma possibilidade capaz de acabar com a incoer\u00eancia pol\u00edtica\",\"datePublished\":\"2016-09-04T11:54:59+00:00\",\"mainEntityOfPage\":{\"@id\":\"https:\\\/\\\/www.notibras.com\\\/site\\\/parlamentarismo-e-uma-possibilidade-capaz-de-acabar-com-a-incoerencia-politica\\\/\"},\"wordCount\":685,\"commentCount\":0,\"publisher\":{\"@id\":\"https:\\\/\\\/www.notibras.com\\\/site\\\/#organization\"},\"image\":{\"@id\":\"https:\\\/\\\/www.notibras.com\\\/site\\\/parlamentarismo-e-uma-possibilidade-capaz-de-acabar-com-a-incoerencia-politica\\\/#primaryimage\"},\"thumbnailUrl\":\"https:\\\/\\\/www.notibras.com\\\/site\\\/wp-content\\\/uploads\\\/2016\\\/09\\\/votacao-congresso-confucao-20141203-0002-original.jpeg\",\"articleSection\":[\"Opina a\u00ed\"],\"inLanguage\":\"pt-BR\",\"potentialAction\":[{\"@type\":\"CommentAction\",\"name\":\"Comment\",\"target\":[\"https:\\\/\\\/www.notibras.com\\\/site\\\/parlamentarismo-e-uma-possibilidade-capaz-de-acabar-com-a-incoerencia-politica\\\/#respond\"]}]},{\"@type\":\"WebPage\",\"@id\":\"https:\\\/\\\/www.notibras.com\\\/site\\\/parlamentarismo-e-uma-possibilidade-capaz-de-acabar-com-a-incoerencia-politica\\\/\",\"url\":\"https:\\\/\\\/www.notibras.com\\\/site\\\/parlamentarismo-e-uma-possibilidade-capaz-de-acabar-com-a-incoerencia-politica\\\/\",\"name\":\"Parlamentarismo \u00e9 uma possibilidade capaz de acabar com a incoer\u00eancia pol\u00edtica - Notibras\",\"isPartOf\":{\"@id\":\"https:\\\/\\\/www.notibras.com\\\/site\\\/#website\"},\"primaryImageOfPage\":{\"@id\":\"https:\\\/\\\/www.notibras.com\\\/site\\\/parlamentarismo-e-uma-possibilidade-capaz-de-acabar-com-a-incoerencia-politica\\\/#primaryimage\"},\"image\":{\"@id\":\"https:\\\/\\\/www.notibras.com\\\/site\\\/parlamentarismo-e-uma-possibilidade-capaz-de-acabar-com-a-incoerencia-politica\\\/#primaryimage\"},\"thumbnailUrl\":\"https:\\\/\\\/www.notibras.com\\\/site\\\/wp-content\\\/uploads\\\/2016\\\/09\\\/votacao-congresso-confucao-20141203-0002-original.jpeg\",\"datePublished\":\"2016-09-04T11:54:59+00:00\",\"breadcrumb\":{\"@id\":\"https:\\\/\\\/www.notibras.com\\\/site\\\/parlamentarismo-e-uma-possibilidade-capaz-de-acabar-com-a-incoerencia-politica\\\/#breadcrumb\"},\"inLanguage\":\"pt-BR\",\"potentialAction\":[{\"@type\":\"ReadAction\",\"target\":[\"https:\\\/\\\/www.notibras.com\\\/site\\\/parlamentarismo-e-uma-possibilidade-capaz-de-acabar-com-a-incoerencia-politica\\\/\"]}]},{\"@type\":\"ImageObject\",\"inLanguage\":\"pt-BR\",\"@id\":\"https:\\\/\\\/www.notibras.com\\\/site\\\/parlamentarismo-e-uma-possibilidade-capaz-de-acabar-com-a-incoerencia-politica\\\/#primaryimage\",\"url\":\"https:\\\/\\\/www.notibras.com\\\/site\\\/wp-content\\\/uploads\\\/2016\\\/09\\\/votacao-congresso-confucao-20141203-0002-original.jpeg\",\"contentUrl\":\"https:\\\/\\\/www.notibras.com\\\/site\\\/wp-content\\\/uploads\\\/2016\\\/09\\\/votacao-congresso-confucao-20141203-0002-original.jpeg\",\"width\":928,\"height\":585},{\"@type\":\"BreadcrumbList\",\"@id\":\"https:\\\/\\\/www.notibras.com\\\/site\\\/parlamentarismo-e-uma-possibilidade-capaz-de-acabar-com-a-incoerencia-politica\\\/#breadcrumb\",\"itemListElement\":[{\"@type\":\"ListItem\",\"position\":1,\"name\":\"In\u00edcio\",\"item\":\"https:\\\/\\\/www.notibras.com\\\/site\\\/\"},{\"@type\":\"ListItem\",\"position\":2,\"name\":\"Parlamentarismo \u00e9 uma possibilidade capaz de acabar com a incoer\u00eancia pol\u00edtica\"}]},{\"@type\":\"WebSite\",\"@id\":\"https:\\\/\\\/www.notibras.com\\\/site\\\/#website\",\"url\":\"https:\\\/\\\/www.notibras.com\\\/site\\\/\",\"name\":\"Notibras\",\"description\":\"Not\u00edcias de Bras\u00edlia, do Brasil e do Mundo\",\"publisher\":{\"@id\":\"https:\\\/\\\/www.notibras.com\\\/site\\\/#organization\"},\"potentialAction\":[{\"@type\":\"SearchAction\",\"target\":{\"@type\":\"EntryPoint\",\"urlTemplate\":\"https:\\\/\\\/www.notibras.com\\\/site\\\/?s={search_term_string}\"},\"query-input\":{\"@type\":\"PropertyValueSpecification\",\"valueRequired\":true,\"valueName\":\"search_term_string\"}}],\"inLanguage\":\"pt-BR\"},{\"@type\":\"Organization\",\"@id\":\"https:\\\/\\\/www.notibras.com\\\/site\\\/#organization\",\"name\":\"Grupo Notibras de Comunica\u00e7\u00e3o\",\"url\":\"https:\\\/\\\/www.notibras.com\\\/site\\\/\",\"logo\":{\"@type\":\"ImageObject\",\"inLanguage\":\"pt-BR\",\"@id\":\"https:\\\/\\\/www.notibras.com\\\/site\\\/#\\\/schema\\\/logo\\\/image\\\/\",\"url\":\"https:\\\/\\\/www.notibras.com\\\/site\\\/wp-content\\\/uploads\\\/2023\\\/01\\\/notibras23.png\",\"contentUrl\":\"https:\\\/\\\/www.notibras.com\\\/site\\\/wp-content\\\/uploads\\\/2023\\\/01\\\/notibras23.png\",\"width\":350,\"height\":87,\"caption\":\"Grupo Notibras de Comunica\u00e7\u00e3o\"},\"image\":{\"@id\":\"https:\\\/\\\/www.notibras.com\\\/site\\\/#\\\/schema\\\/logo\\\/image\\\/\"},\"sameAs\":[\"https:\\\/\\\/www.facebook.com\\\/notibras\\\/\",\"https:\\\/\\\/x.com\\\/Notibras\",\"https:\\\/\\\/www.instagram.com\\\/notibras\\\/\"]},{\"@type\":\"Person\",\"@id\":\"https:\\\/\\\/www.notibras.com\\\/site\\\/#\\\/schema\\\/person\\\/36ab0979449956132d3e5b517ea76ac8\",\"name\":\"Reda\u00e7\u00e3o\",\"image\":{\"@type\":\"ImageObject\",\"inLanguage\":\"pt-BR\",\"@id\":\"https:\\\/\\\/secure.gravatar.com\\\/avatar\\\/e0a867bdedb85fd243eadf09663511f96fc81e0720a4a42581f334ad4303aa6b?s=96&d=mm&r=g\",\"url\":\"https:\\\/\\\/secure.gravatar.com\\\/avatar\\\/e0a867bdedb85fd243eadf09663511f96fc81e0720a4a42581f334ad4303aa6b?s=96&d=mm&r=g\",\"contentUrl\":\"https:\\\/\\\/secure.gravatar.com\\\/avatar\\\/e0a867bdedb85fd243eadf09663511f96fc81e0720a4a42581f334ad4303aa6b?s=96&d=mm&r=g\",\"caption\":\"Reda\u00e7\u00e3o\"}}]}<\/script>\n<!-- \/ Yoast SEO plugin. -->","yoast_head_json":{"title":"Parlamentarismo \u00e9 uma possibilidade capaz de acabar com a incoer\u00eancia pol\u00edtica - Notibras","robots":{"index":"index","follow":"follow","max-snippet":"max-snippet:-1","max-image-preview":"max-image-preview:large","max-video-preview":"max-video-preview:-1"},"canonical":"https:\/\/www.notibras.com\/site\/parlamentarismo-e-uma-possibilidade-capaz-de-acabar-com-a-incoerencia-politica\/","og_locale":"pt_BR","og_type":"article","og_title":"Parlamentarismo \u00e9 uma possibilidade capaz de acabar com a incoer\u00eancia pol\u00edtica - Notibras","og_description":"Dirc\u00eao Torrecillas Ramos Possibilidade \u00e9 a qualidade do poss\u00edvel. A utopia pode ser algo imagin\u00e1rio e inating\u00edvel, mas por outro lado \u00e9 uma institui\u00e7\u00e3o pol\u00edtica altamente aperfei\u00e7oada. Neste segundo sentido, o parlamentarismo, em suas vertentes, ser\u00e1 ut\u00f3pico dentro da reserva do poss\u00edvel. Muitos s\u00e3o os modelos adotados, e a cada Estado cabe selecionar o padr\u00e3o [&hellip;]","og_url":"https:\/\/www.notibras.com\/site\/parlamentarismo-e-uma-possibilidade-capaz-de-acabar-com-a-incoerencia-politica\/","og_site_name":"Notibras","article_publisher":"https:\/\/www.facebook.com\/notibras\/","article_published_time":"2016-09-04T11:54:59+00:00","og_image":[{"width":928,"height":585,"url":"https:\/\/www.notibras.com\/site\/wp-content\/uploads\/2016\/09\/votacao-congresso-confucao-20141203-0002-original.jpeg","type":"image\/jpeg"}],"author":"Reda\u00e7\u00e3o","twitter_card":"summary_large_image","twitter_creator":"@Notibras","twitter_site":"@Notibras","twitter_misc":{"Escrito por":"Reda\u00e7\u00e3o","Est. tempo de leitura":"3 minutos"},"schema":{"@context":"https:\/\/schema.org","@graph":[{"@type":"Article","@id":"https:\/\/www.notibras.com\/site\/parlamentarismo-e-uma-possibilidade-capaz-de-acabar-com-a-incoerencia-politica\/#article","isPartOf":{"@id":"https:\/\/www.notibras.com\/site\/parlamentarismo-e-uma-possibilidade-capaz-de-acabar-com-a-incoerencia-politica\/"},"author":{"name":"Reda\u00e7\u00e3o","@id":"https:\/\/www.notibras.com\/site\/#\/schema\/person\/36ab0979449956132d3e5b517ea76ac8"},"headline":"Parlamentarismo \u00e9 uma possibilidade capaz de acabar com a incoer\u00eancia pol\u00edtica","datePublished":"2016-09-04T11:54:59+00:00","mainEntityOfPage":{"@id":"https:\/\/www.notibras.com\/site\/parlamentarismo-e-uma-possibilidade-capaz-de-acabar-com-a-incoerencia-politica\/"},"wordCount":685,"commentCount":0,"publisher":{"@id":"https:\/\/www.notibras.com\/site\/#organization"},"image":{"@id":"https:\/\/www.notibras.com\/site\/parlamentarismo-e-uma-possibilidade-capaz-de-acabar-com-a-incoerencia-politica\/#primaryimage"},"thumbnailUrl":"https:\/\/www.notibras.com\/site\/wp-content\/uploads\/2016\/09\/votacao-congresso-confucao-20141203-0002-original.jpeg","articleSection":["Opina a\u00ed"],"inLanguage":"pt-BR","potentialAction":[{"@type":"CommentAction","name":"Comment","target":["https:\/\/www.notibras.com\/site\/parlamentarismo-e-uma-possibilidade-capaz-de-acabar-com-a-incoerencia-politica\/#respond"]}]},{"@type":"WebPage","@id":"https:\/\/www.notibras.com\/site\/parlamentarismo-e-uma-possibilidade-capaz-de-acabar-com-a-incoerencia-politica\/","url":"https:\/\/www.notibras.com\/site\/parlamentarismo-e-uma-possibilidade-capaz-de-acabar-com-a-incoerencia-politica\/","name":"Parlamentarismo \u00e9 uma possibilidade capaz de acabar com a incoer\u00eancia pol\u00edtica - Notibras","isPartOf":{"@id":"https:\/\/www.notibras.com\/site\/#website"},"primaryImageOfPage":{"@id":"https:\/\/www.notibras.com\/site\/parlamentarismo-e-uma-possibilidade-capaz-de-acabar-com-a-incoerencia-politica\/#primaryimage"},"image":{"@id":"https:\/\/www.notibras.com\/site\/parlamentarismo-e-uma-possibilidade-capaz-de-acabar-com-a-incoerencia-politica\/#primaryimage"},"thumbnailUrl":"https:\/\/www.notibras.com\/site\/wp-content\/uploads\/2016\/09\/votacao-congresso-confucao-20141203-0002-original.jpeg","datePublished":"2016-09-04T11:54:59+00:00","breadcrumb":{"@id":"https:\/\/www.notibras.com\/site\/parlamentarismo-e-uma-possibilidade-capaz-de-acabar-com-a-incoerencia-politica\/#breadcrumb"},"inLanguage":"pt-BR","potentialAction":[{"@type":"ReadAction","target":["https:\/\/www.notibras.com\/site\/parlamentarismo-e-uma-possibilidade-capaz-de-acabar-com-a-incoerencia-politica\/"]}]},{"@type":"ImageObject","inLanguage":"pt-BR","@id":"https:\/\/www.notibras.com\/site\/parlamentarismo-e-uma-possibilidade-capaz-de-acabar-com-a-incoerencia-politica\/#primaryimage","url":"https:\/\/www.notibras.com\/site\/wp-content\/uploads\/2016\/09\/votacao-congresso-confucao-20141203-0002-original.jpeg","contentUrl":"https:\/\/www.notibras.com\/site\/wp-content\/uploads\/2016\/09\/votacao-congresso-confucao-20141203-0002-original.jpeg","width":928,"height":585},{"@type":"BreadcrumbList","@id":"https:\/\/www.notibras.com\/site\/parlamentarismo-e-uma-possibilidade-capaz-de-acabar-com-a-incoerencia-politica\/#breadcrumb","itemListElement":[{"@type":"ListItem","position":1,"name":"In\u00edcio","item":"https:\/\/www.notibras.com\/site\/"},{"@type":"ListItem","position":2,"name":"Parlamentarismo \u00e9 uma possibilidade capaz de acabar com a incoer\u00eancia pol\u00edtica"}]},{"@type":"WebSite","@id":"https:\/\/www.notibras.com\/site\/#website","url":"https:\/\/www.notibras.com\/site\/","name":"Notibras","description":"Not\u00edcias de Bras\u00edlia, do Brasil e do Mundo","publisher":{"@id":"https:\/\/www.notibras.com\/site\/#organization"},"potentialAction":[{"@type":"SearchAction","target":{"@type":"EntryPoint","urlTemplate":"https:\/\/www.notibras.com\/site\/?s={search_term_string}"},"query-input":{"@type":"PropertyValueSpecification","valueRequired":true,"valueName":"search_term_string"}}],"inLanguage":"pt-BR"},{"@type":"Organization","@id":"https:\/\/www.notibras.com\/site\/#organization","name":"Grupo Notibras de Comunica\u00e7\u00e3o","url":"https:\/\/www.notibras.com\/site\/","logo":{"@type":"ImageObject","inLanguage":"pt-BR","@id":"https:\/\/www.notibras.com\/site\/#\/schema\/logo\/image\/","url":"https:\/\/www.notibras.com\/site\/wp-content\/uploads\/2023\/01\/notibras23.png","contentUrl":"https:\/\/www.notibras.com\/site\/wp-content\/uploads\/2023\/01\/notibras23.png","width":350,"height":87,"caption":"Grupo Notibras de Comunica\u00e7\u00e3o"},"image":{"@id":"https:\/\/www.notibras.com\/site\/#\/schema\/logo\/image\/"},"sameAs":["https:\/\/www.facebook.com\/notibras\/","https:\/\/x.com\/Notibras","https:\/\/www.instagram.com\/notibras\/"]},{"@type":"Person","@id":"https:\/\/www.notibras.com\/site\/#\/schema\/person\/36ab0979449956132d3e5b517ea76ac8","name":"Reda\u00e7\u00e3o","image":{"@type":"ImageObject","inLanguage":"pt-BR","@id":"https:\/\/secure.gravatar.com\/avatar\/e0a867bdedb85fd243eadf09663511f96fc81e0720a4a42581f334ad4303aa6b?s=96&d=mm&r=g","url":"https:\/\/secure.gravatar.com\/avatar\/e0a867bdedb85fd243eadf09663511f96fc81e0720a4a42581f334ad4303aa6b?s=96&d=mm&r=g","contentUrl":"https:\/\/secure.gravatar.com\/avatar\/e0a867bdedb85fd243eadf09663511f96fc81e0720a4a42581f334ad4303aa6b?s=96&d=mm&r=g","caption":"Reda\u00e7\u00e3o"}}]}},"amp_enabled":true,"_links":{"self":[{"href":"https:\/\/www.notibras.com\/site\/wp-json\/wp\/v2\/posts\/114421","targetHints":{"allow":["GET"]}}],"collection":[{"href":"https:\/\/www.notibras.com\/site\/wp-json\/wp\/v2\/posts"}],"about":[{"href":"https:\/\/www.notibras.com\/site\/wp-json\/wp\/v2\/types\/post"}],"author":[{"embeddable":true,"href":"https:\/\/www.notibras.com\/site\/wp-json\/wp\/v2\/users\/2"}],"replies":[{"embeddable":true,"href":"https:\/\/www.notibras.com\/site\/wp-json\/wp\/v2\/comments?post=114421"}],"version-history":[{"count":1,"href":"https:\/\/www.notibras.com\/site\/wp-json\/wp\/v2\/posts\/114421\/revisions"}],"predecessor-version":[{"id":114423,"href":"https:\/\/www.notibras.com\/site\/wp-json\/wp\/v2\/posts\/114421\/revisions\/114423"}],"wp:featuredmedia":[{"embeddable":true,"href":"https:\/\/www.notibras.com\/site\/wp-json\/wp\/v2\/media\/114422"}],"wp:attachment":[{"href":"https:\/\/www.notibras.com\/site\/wp-json\/wp\/v2\/media?parent=114421"}],"wp:term":[{"taxonomy":"category","embeddable":true,"href":"https:\/\/www.notibras.com\/site\/wp-json\/wp\/v2\/categories?post=114421"},{"taxonomy":"post_tag","embeddable":true,"href":"https:\/\/www.notibras.com\/site\/wp-json\/wp\/v2\/tags?post=114421"}],"curies":[{"name":"wp","href":"https:\/\/api.w.org\/{rel}","templated":true}]}}