{"id":11444,"date":"2014-05-29T08:15:26","date_gmt":"2014-05-29T11:15:26","guid":{"rendered":"http:\/\/www.notibras.com\/site\/?p=11444"},"modified":"2014-05-29T08:15:26","modified_gmt":"2014-05-29T11:15:26","slug":"comissao-da-verdade-coloca-ditadura-no-banco-dos-reus","status":"publish","type":"post","link":"https:\/\/www.notibras.com\/site\/comissao-da-verdade-coloca-ditadura-no-banco-dos-reus\/","title":{"rendered":"Comiss\u00e3o da Verdade coloca ditadura no banco dos r\u00e9us"},"content":{"rendered":"<p>Desde que foi instaurada a Comiss\u00e3o Nacional da Verdade, a apura\u00e7\u00e3o de alguns dos mais paradigm\u00e1ticos crimes do tempo da ditadura tiveram importantes desdobramentos.<\/p>\n<p>O falso suic\u00eddio de Vladimir Herzog j\u00e1 n\u00e3o est\u00e1 nem mesmo nas sombras do registro civil. A viol\u00eancia contra ele praticada dentro do Doi-Codi hoje \u00e9 parte integrante de sua certid\u00e3o de \u00f3bito.<\/p>\n<p>Na semana que passou, a Ju\u00edza Ana Paula Vieira de Carvalho, da 6\u00aa Vara da Justi\u00e7a Federal, do Rio de Janeiro, recebeu den\u00fancia contra seis militares no caso Riocentro (entre os quais o general Newton Cruz), que pretendiam explodir bombas em um audit\u00f3rio lotado, quando se comemorava o Dia do Trabalho.<\/p>\n<p>Deu errado, a bomba explodiu no colo de um dos agentes da ditadura. Mas s\u00f3 agora, 33 anos depois o fato chegou, com seus respectivos autores e mandantes, ao crivo da justi\u00e7a. Que, no caso, tardou, em grande medida, porque a ditadura n\u00e3o permitiu investiga\u00e7\u00f5es de si mesmo \u2013inclusive com a cl\u00e1usula de autoanistia aprovada antes da redemocratiza\u00e7\u00e3o.<\/p>\n<p>N\u00e3o foi o primeiro processo criminal que levou recentemente militares aos bancos dos r\u00e9us.<\/p>\n<p>A Justi\u00e7a Federal de S\u00e3o Paulo j\u00e1 vem realizando oitivas de testemunhas na acusa\u00e7\u00e3o sobre o desaparecimento de Edgar de Aquino Duarte, no qual \u00e9 um dos r\u00e9us o coronel Brilhante Ustra (tamb\u00e9m j\u00e1 declarado torturador em a\u00e7\u00e3o civil que tramitou pelo TJSP).<\/p>\n<p>Nessa semana, deu-se a den\u00fancia no caso Rubens Paiva, jornalista e deputado que, segundo a mendaz vers\u00e3o oficial, teria fugido depois de ser preso, em 1971, quando desapareceu.<\/p>\n<p>N\u00e3o se tinha muitas d\u00favidas sobre sua morte nas m\u00e3os da ditadura, mas o \u00faltimo fio da meada veio da pr\u00f3pria Comiss\u00e3o da Verdade, em relato do coronel Paulo Malh\u00e3es, que assumira participa\u00e7\u00e3o em oculta\u00e7\u00e3o do cad\u00e1ver e dias depois ele mesmo morreu assassinado. Representantes do Minist\u00e9rio P\u00fablico Federal apontam como provas, ainda, documentos apreendidos na pr\u00f3pria resid\u00eancia do militar.<\/p>\n<p>Entre os detalhes s\u00e1dicos, est\u00e1 o fato de que o deputado teria sido torturado ao som de \u201cApesar de voc\u00ea\u201d, de Chico Buarque, que serviu como can\u00e7\u00e3o de protesto \u00e0 ditadura. \u00c9 uma pena que o amanh\u00e3 n\u00e3o chegou a tempo para o pr\u00f3prio Rubens Paiva.<\/p>\n<p>E a bem da verdade, tamb\u00e9m demora para n\u00f3s.<\/p>\n<p>Cinquenta anos depois do golpe que lan\u00e7ou o Brasil nessa aventura ditatorial de militares e civis e quase trinta anos ap\u00f3s a redemocratiza\u00e7\u00e3o. Mesmo com esses primeiros t\u00edmidos passos, o Brasil \u00e9, sem d\u00favida alguma, um dos pa\u00edses mais atrasados do Continente no encontro com seu passado.<\/p>\n<p>Conta para isso, de forma impactante, a decis\u00e3o do Supremo Tribunal Federal, na ADPF 153, que manteve, em 2010, \u00edntegra a interpreta\u00e7\u00e3o de que a lei da anistia tamb\u00e9m se estendia aos crimes dos agentes de Estado, tidos, sabe-se l\u00e1 como, conexos \u00e0queles pelos quais muitos militantes e guerrilheiros j\u00e1 foram julgados, torturados, condenados e presos.<\/p>\n<p>Com o passar do tempo, viu-se, todavia, que a decis\u00e3o do STF n\u00e3o era o ponto final na discuss\u00e3o.<\/p>\n<p>Os representantes do Minist\u00e9rio P\u00fablico Federal levantaram a argui\u00e7\u00e3o, com base em decis\u00f5es do pr\u00f3prio Supremo em casos de extradi\u00e7\u00e3o, que situa\u00e7\u00f5es dos crimes permanentes (como os desaparecimento e sequestro), n\u00e3o estariam abrigados seja pela prescri\u00e7\u00e3o, seja pela anistia.<\/p>\n<p>E em 2011, ao julgar o caso Araguaia, a Corte Interamericana de Direitos Humanos, tribunal cuja compet\u00eancia o pa\u00eds voluntariamente reconheceu, assinalou a incompatibilidade da autoanistia e tamb\u00e9m da prescri\u00e7\u00e3o, em crimes contra a humanidade, como no caso de massivas viola\u00e7\u00f5es de agentes do Estado \u00e0 popula\u00e7\u00e3o civil.<\/p>\n<p>Foi com base nesta decis\u00e3o, que a CIDH afirma peremptoriamente que deve ser aplicada por todos os agentes do Estado (nos quais est\u00e3o inclu\u00eddos procuradores e magistrados) que a ju\u00edza Ana Paula Vieira de Carvalho aceitou a den\u00fancia do caso Riocentro, trinta e tr\u00eas anos depois, afastando, principalmente a quest\u00e3o da prescri\u00e7\u00e3o. Como assinalou a magistrada, \u201c(i) os crimes de tortura, homic\u00eddio e desaparecimento de pessoas, cometidos por agentes do Estado, como forma de persegui\u00e7\u00e3o pol\u00edtica, no per\u00edodo da ditadura militar brasileira configuram crimes contra a humanidade; (ii) segundo princ\u00edpio geral de direito internacional, acolhido como costume pela pr\u00e1tica dos Estados e posteriormente por Resolu\u00e7\u00f5es da ONU, os crimes contra a humanidade s\u00e3o imprescrit\u00edveis.\u201d<\/p>\n<p>N\u00e3o se sabe ainda exata a dimens\u00e3o que a discuss\u00e3o tomar\u00e1 na justi\u00e7a, mas \u00e9 certo que a apura\u00e7\u00e3o dos crimes permitir\u00e1 que o pa\u00eds n\u00e3o apenas reencontre seu passado como pavimente caminho para um futuro com menos viol\u00eancia.<\/p>\n<p>Tem-se verificado que a viol\u00eancia policial \u00e9 menor nos pa\u00edses que promoveram as responsabilidades das ditaduras, raz\u00e3o pela qual n\u00e3o se pode olhar os julgamentos apenas sob o vi\u00e9s punitivista.<\/p>\n<p>N\u00e3o h\u00e1 vingan\u00e7a, nem justi\u00e7amento no caso.<\/p>\n<p>A apura\u00e7\u00e3o das responsabilidades tem a importante fun\u00e7\u00e3o de distinguir o papel leg\u00edtimo do ileg\u00edtimo no \u00e2mbito da seguran\u00e7a p\u00fablica.<\/p>\n<p>Reprimir a viol\u00eancia ilegal do Estado ao cidad\u00e3o, portanto, tamb\u00e9m \u00e9 um elemento de contra\u00e7\u00e3o do Direito Penal: significa estabelecer os limites que n\u00e3o podem ser ultrapassados para a garantia da democracia e dignidade humana, que a nossa Constitui\u00e7\u00e3o imp\u00f5e.<\/p>\n<p>\u00c9 importante assentar nossos limites, para poder distinguir homic\u00eddios de resist\u00eancias mascaradas, torturas de interrogat\u00f3rios policiais, linchamentos de atos de justi\u00e7a.<\/p>\n<p>\u00c9 preciso convencer-se, enfim, que na luta contra o crime os fins n\u00e3o justificam os meios, at\u00e9 porque muitos meios s\u00e3o crimes tamb\u00e9m.<\/p>\n<p><strong>Marcelo Semer<\/strong><\/p>\n","protected":false},"excerpt":{"rendered":"<p>Desde que foi instaurada a Comiss\u00e3o Nacional da Verdade, a apura\u00e7\u00e3o de alguns dos mais paradigm\u00e1ticos crimes do tempo da ditadura tiveram importantes desdobramentos. O falso suic\u00eddio de Vladimir Herzog j\u00e1 n\u00e3o est\u00e1 nem mesmo nas sombras do registro civil. A viol\u00eancia contra ele praticada dentro do Doi-Codi hoje \u00e9 parte integrante de sua certid\u00e3o [&hellip;]<\/p>\n","protected":false},"author":2,"featured_media":11448,"comment_status":"open","ping_status":"closed","sticky":false,"template":"","format":"standard","meta":{"_acf_changed":false,"footnotes":""},"categories":[25],"tags":[],"class_list":["post-11444","post","type-post","status-publish","format-standard","has-post-thumbnail","hentry","category-opina-ai"],"acf":[],"yoast_head":"<!-- This site is optimized with the Yoast SEO plugin v27.5 - https:\/\/yoast.com\/product\/yoast-seo-wordpress\/ -->\n<title>Comiss\u00e3o da Verdade coloca ditadura no banco dos r\u00e9us - Notibras<\/title>\n<meta name=\"robots\" content=\"index, follow, max-snippet:-1, max-image-preview:large, max-video-preview:-1\" \/>\n<link rel=\"canonical\" href=\"https:\/\/www.notibras.com\/site\/comissao-da-verdade-coloca-ditadura-no-banco-dos-reus\/\" \/>\n<meta property=\"og:locale\" content=\"pt_BR\" \/>\n<meta property=\"og:type\" content=\"article\" \/>\n<meta property=\"og:title\" content=\"Comiss\u00e3o da Verdade coloca ditadura no banco dos r\u00e9us - Notibras\" \/>\n<meta property=\"og:description\" content=\"Desde que foi instaurada a Comiss\u00e3o Nacional da Verdade, a apura\u00e7\u00e3o de alguns dos mais paradigm\u00e1ticos crimes do tempo da ditadura tiveram importantes desdobramentos. O falso suic\u00eddio de Vladimir Herzog j\u00e1 n\u00e3o est\u00e1 nem mesmo nas sombras do registro civil. A viol\u00eancia contra ele praticada dentro do Doi-Codi hoje \u00e9 parte integrante de sua certid\u00e3o [&hellip;]\" \/>\n<meta property=\"og:url\" content=\"https:\/\/www.notibras.com\/site\/comissao-da-verdade-coloca-ditadura-no-banco-dos-reus\/\" \/>\n<meta property=\"og:site_name\" content=\"Notibras\" \/>\n<meta property=\"article:publisher\" content=\"https:\/\/www.facebook.com\/notibras\/\" \/>\n<meta property=\"article:published_time\" content=\"2014-05-29T11:15:26+00:00\" \/>\n<meta property=\"og:image\" content=\"https:\/\/www.notibras.com\/site\/wp-content\/uploads\/2014\/05\/ditadura-militar.jpg\" \/>\n\t<meta property=\"og:image:width\" content=\"1024\" \/>\n\t<meta property=\"og:image:height\" content=\"659\" \/>\n\t<meta property=\"og:image:type\" content=\"image\/jpeg\" \/>\n<meta name=\"author\" content=\"Reda\u00e7\u00e3o\" \/>\n<meta name=\"twitter:card\" content=\"summary_large_image\" \/>\n<meta name=\"twitter:creator\" content=\"@Notibras\" \/>\n<meta name=\"twitter:site\" content=\"@Notibras\" \/>\n<meta name=\"twitter:label1\" content=\"Escrito por\" \/>\n\t<meta name=\"twitter:data1\" content=\"Reda\u00e7\u00e3o\" \/>\n\t<meta name=\"twitter:label2\" content=\"Est. tempo de leitura\" \/>\n\t<meta name=\"twitter:data2\" content=\"5 minutos\" \/>\n<script type=\"application\/ld+json\" class=\"yoast-schema-graph\">{\"@context\":\"https:\\\/\\\/schema.org\",\"@graph\":[{\"@type\":\"Article\",\"@id\":\"https:\\\/\\\/www.notibras.com\\\/site\\\/comissao-da-verdade-coloca-ditadura-no-banco-dos-reus\\\/#article\",\"isPartOf\":{\"@id\":\"https:\\\/\\\/www.notibras.com\\\/site\\\/comissao-da-verdade-coloca-ditadura-no-banco-dos-reus\\\/\"},\"author\":{\"name\":\"Reda\u00e7\u00e3o\",\"@id\":\"https:\\\/\\\/www.notibras.com\\\/site\\\/#\\\/schema\\\/person\\\/36ab0979449956132d3e5b517ea76ac8\"},\"headline\":\"Comiss\u00e3o da Verdade coloca ditadura no banco dos r\u00e9us\",\"datePublished\":\"2014-05-29T11:15:26+00:00\",\"mainEntityOfPage\":{\"@id\":\"https:\\\/\\\/www.notibras.com\\\/site\\\/comissao-da-verdade-coloca-ditadura-no-banco-dos-reus\\\/\"},\"wordCount\":990,\"commentCount\":0,\"publisher\":{\"@id\":\"https:\\\/\\\/www.notibras.com\\\/site\\\/#organization\"},\"image\":{\"@id\":\"https:\\\/\\\/www.notibras.com\\\/site\\\/comissao-da-verdade-coloca-ditadura-no-banco-dos-reus\\\/#primaryimage\"},\"thumbnailUrl\":\"https:\\\/\\\/www.notibras.com\\\/site\\\/wp-content\\\/uploads\\\/2014\\\/05\\\/ditadura-militar.jpg\",\"articleSection\":[\"Opina a\u00ed\"],\"inLanguage\":\"pt-BR\",\"potentialAction\":[{\"@type\":\"CommentAction\",\"name\":\"Comment\",\"target\":[\"https:\\\/\\\/www.notibras.com\\\/site\\\/comissao-da-verdade-coloca-ditadura-no-banco-dos-reus\\\/#respond\"]}]},{\"@type\":\"WebPage\",\"@id\":\"https:\\\/\\\/www.notibras.com\\\/site\\\/comissao-da-verdade-coloca-ditadura-no-banco-dos-reus\\\/\",\"url\":\"https:\\\/\\\/www.notibras.com\\\/site\\\/comissao-da-verdade-coloca-ditadura-no-banco-dos-reus\\\/\",\"name\":\"Comiss\u00e3o da Verdade coloca ditadura no banco dos r\u00e9us - Notibras\",\"isPartOf\":{\"@id\":\"https:\\\/\\\/www.notibras.com\\\/site\\\/#website\"},\"primaryImageOfPage\":{\"@id\":\"https:\\\/\\\/www.notibras.com\\\/site\\\/comissao-da-verdade-coloca-ditadura-no-banco-dos-reus\\\/#primaryimage\"},\"image\":{\"@id\":\"https:\\\/\\\/www.notibras.com\\\/site\\\/comissao-da-verdade-coloca-ditadura-no-banco-dos-reus\\\/#primaryimage\"},\"thumbnailUrl\":\"https:\\\/\\\/www.notibras.com\\\/site\\\/wp-content\\\/uploads\\\/2014\\\/05\\\/ditadura-militar.jpg\",\"datePublished\":\"2014-05-29T11:15:26+00:00\",\"breadcrumb\":{\"@id\":\"https:\\\/\\\/www.notibras.com\\\/site\\\/comissao-da-verdade-coloca-ditadura-no-banco-dos-reus\\\/#breadcrumb\"},\"inLanguage\":\"pt-BR\",\"potentialAction\":[{\"@type\":\"ReadAction\",\"target\":[\"https:\\\/\\\/www.notibras.com\\\/site\\\/comissao-da-verdade-coloca-ditadura-no-banco-dos-reus\\\/\"]}]},{\"@type\":\"ImageObject\",\"inLanguage\":\"pt-BR\",\"@id\":\"https:\\\/\\\/www.notibras.com\\\/site\\\/comissao-da-verdade-coloca-ditadura-no-banco-dos-reus\\\/#primaryimage\",\"url\":\"https:\\\/\\\/www.notibras.com\\\/site\\\/wp-content\\\/uploads\\\/2014\\\/05\\\/ditadura-militar.jpg\",\"contentUrl\":\"https:\\\/\\\/www.notibras.com\\\/site\\\/wp-content\\\/uploads\\\/2014\\\/05\\\/ditadura-militar.jpg\",\"width\":1024,\"height\":659,\"caption\":\"Foto\\\/Arquivo Notibras\"},{\"@type\":\"BreadcrumbList\",\"@id\":\"https:\\\/\\\/www.notibras.com\\\/site\\\/comissao-da-verdade-coloca-ditadura-no-banco-dos-reus\\\/#breadcrumb\",\"itemListElement\":[{\"@type\":\"ListItem\",\"position\":1,\"name\":\"In\u00edcio\",\"item\":\"https:\\\/\\\/www.notibras.com\\\/site\\\/\"},{\"@type\":\"ListItem\",\"position\":2,\"name\":\"Comiss\u00e3o da Verdade coloca ditadura no banco dos r\u00e9us\"}]},{\"@type\":\"WebSite\",\"@id\":\"https:\\\/\\\/www.notibras.com\\\/site\\\/#website\",\"url\":\"https:\\\/\\\/www.notibras.com\\\/site\\\/\",\"name\":\"Notibras\",\"description\":\"Not\u00edcias de Bras\u00edlia, do Brasil e do Mundo\",\"publisher\":{\"@id\":\"https:\\\/\\\/www.notibras.com\\\/site\\\/#organization\"},\"potentialAction\":[{\"@type\":\"SearchAction\",\"target\":{\"@type\":\"EntryPoint\",\"urlTemplate\":\"https:\\\/\\\/www.notibras.com\\\/site\\\/?s={search_term_string}\"},\"query-input\":{\"@type\":\"PropertyValueSpecification\",\"valueRequired\":true,\"valueName\":\"search_term_string\"}}],\"inLanguage\":\"pt-BR\"},{\"@type\":\"Organization\",\"@id\":\"https:\\\/\\\/www.notibras.com\\\/site\\\/#organization\",\"name\":\"Grupo Notibras de Comunica\u00e7\u00e3o\",\"url\":\"https:\\\/\\\/www.notibras.com\\\/site\\\/\",\"logo\":{\"@type\":\"ImageObject\",\"inLanguage\":\"pt-BR\",\"@id\":\"https:\\\/\\\/www.notibras.com\\\/site\\\/#\\\/schema\\\/logo\\\/image\\\/\",\"url\":\"https:\\\/\\\/www.notibras.com\\\/site\\\/wp-content\\\/uploads\\\/2023\\\/01\\\/notibras23.png\",\"contentUrl\":\"https:\\\/\\\/www.notibras.com\\\/site\\\/wp-content\\\/uploads\\\/2023\\\/01\\\/notibras23.png\",\"width\":350,\"height\":87,\"caption\":\"Grupo Notibras de Comunica\u00e7\u00e3o\"},\"image\":{\"@id\":\"https:\\\/\\\/www.notibras.com\\\/site\\\/#\\\/schema\\\/logo\\\/image\\\/\"},\"sameAs\":[\"https:\\\/\\\/www.facebook.com\\\/notibras\\\/\",\"https:\\\/\\\/x.com\\\/Notibras\",\"https:\\\/\\\/www.instagram.com\\\/notibras\\\/\"]},{\"@type\":\"Person\",\"@id\":\"https:\\\/\\\/www.notibras.com\\\/site\\\/#\\\/schema\\\/person\\\/36ab0979449956132d3e5b517ea76ac8\",\"name\":\"Reda\u00e7\u00e3o\",\"image\":{\"@type\":\"ImageObject\",\"inLanguage\":\"pt-BR\",\"@id\":\"https:\\\/\\\/secure.gravatar.com\\\/avatar\\\/e0a867bdedb85fd243eadf09663511f96fc81e0720a4a42581f334ad4303aa6b?s=96&d=mm&r=g\",\"url\":\"https:\\\/\\\/secure.gravatar.com\\\/avatar\\\/e0a867bdedb85fd243eadf09663511f96fc81e0720a4a42581f334ad4303aa6b?s=96&d=mm&r=g\",\"contentUrl\":\"https:\\\/\\\/secure.gravatar.com\\\/avatar\\\/e0a867bdedb85fd243eadf09663511f96fc81e0720a4a42581f334ad4303aa6b?s=96&d=mm&r=g\",\"caption\":\"Reda\u00e7\u00e3o\"}}]}<\/script>\n<!-- \/ Yoast SEO plugin. -->","yoast_head_json":{"title":"Comiss\u00e3o da Verdade coloca ditadura no banco dos r\u00e9us - Notibras","robots":{"index":"index","follow":"follow","max-snippet":"max-snippet:-1","max-image-preview":"max-image-preview:large","max-video-preview":"max-video-preview:-1"},"canonical":"https:\/\/www.notibras.com\/site\/comissao-da-verdade-coloca-ditadura-no-banco-dos-reus\/","og_locale":"pt_BR","og_type":"article","og_title":"Comiss\u00e3o da Verdade coloca ditadura no banco dos r\u00e9us - Notibras","og_description":"Desde que foi instaurada a Comiss\u00e3o Nacional da Verdade, a apura\u00e7\u00e3o de alguns dos mais paradigm\u00e1ticos crimes do tempo da ditadura tiveram importantes desdobramentos. O falso suic\u00eddio de Vladimir Herzog j\u00e1 n\u00e3o est\u00e1 nem mesmo nas sombras do registro civil. A viol\u00eancia contra ele praticada dentro do Doi-Codi hoje \u00e9 parte integrante de sua certid\u00e3o [&hellip;]","og_url":"https:\/\/www.notibras.com\/site\/comissao-da-verdade-coloca-ditadura-no-banco-dos-reus\/","og_site_name":"Notibras","article_publisher":"https:\/\/www.facebook.com\/notibras\/","article_published_time":"2014-05-29T11:15:26+00:00","og_image":[{"width":1024,"height":659,"url":"https:\/\/www.notibras.com\/site\/wp-content\/uploads\/2014\/05\/ditadura-militar.jpg","type":"image\/jpeg"}],"author":"Reda\u00e7\u00e3o","twitter_card":"summary_large_image","twitter_creator":"@Notibras","twitter_site":"@Notibras","twitter_misc":{"Escrito por":"Reda\u00e7\u00e3o","Est. tempo de leitura":"5 minutos"},"schema":{"@context":"https:\/\/schema.org","@graph":[{"@type":"Article","@id":"https:\/\/www.notibras.com\/site\/comissao-da-verdade-coloca-ditadura-no-banco-dos-reus\/#article","isPartOf":{"@id":"https:\/\/www.notibras.com\/site\/comissao-da-verdade-coloca-ditadura-no-banco-dos-reus\/"},"author":{"name":"Reda\u00e7\u00e3o","@id":"https:\/\/www.notibras.com\/site\/#\/schema\/person\/36ab0979449956132d3e5b517ea76ac8"},"headline":"Comiss\u00e3o da Verdade coloca ditadura no banco dos r\u00e9us","datePublished":"2014-05-29T11:15:26+00:00","mainEntityOfPage":{"@id":"https:\/\/www.notibras.com\/site\/comissao-da-verdade-coloca-ditadura-no-banco-dos-reus\/"},"wordCount":990,"commentCount":0,"publisher":{"@id":"https:\/\/www.notibras.com\/site\/#organization"},"image":{"@id":"https:\/\/www.notibras.com\/site\/comissao-da-verdade-coloca-ditadura-no-banco-dos-reus\/#primaryimage"},"thumbnailUrl":"https:\/\/www.notibras.com\/site\/wp-content\/uploads\/2014\/05\/ditadura-militar.jpg","articleSection":["Opina a\u00ed"],"inLanguage":"pt-BR","potentialAction":[{"@type":"CommentAction","name":"Comment","target":["https:\/\/www.notibras.com\/site\/comissao-da-verdade-coloca-ditadura-no-banco-dos-reus\/#respond"]}]},{"@type":"WebPage","@id":"https:\/\/www.notibras.com\/site\/comissao-da-verdade-coloca-ditadura-no-banco-dos-reus\/","url":"https:\/\/www.notibras.com\/site\/comissao-da-verdade-coloca-ditadura-no-banco-dos-reus\/","name":"Comiss\u00e3o da Verdade coloca ditadura no banco dos r\u00e9us - Notibras","isPartOf":{"@id":"https:\/\/www.notibras.com\/site\/#website"},"primaryImageOfPage":{"@id":"https:\/\/www.notibras.com\/site\/comissao-da-verdade-coloca-ditadura-no-banco-dos-reus\/#primaryimage"},"image":{"@id":"https:\/\/www.notibras.com\/site\/comissao-da-verdade-coloca-ditadura-no-banco-dos-reus\/#primaryimage"},"thumbnailUrl":"https:\/\/www.notibras.com\/site\/wp-content\/uploads\/2014\/05\/ditadura-militar.jpg","datePublished":"2014-05-29T11:15:26+00:00","breadcrumb":{"@id":"https:\/\/www.notibras.com\/site\/comissao-da-verdade-coloca-ditadura-no-banco-dos-reus\/#breadcrumb"},"inLanguage":"pt-BR","potentialAction":[{"@type":"ReadAction","target":["https:\/\/www.notibras.com\/site\/comissao-da-verdade-coloca-ditadura-no-banco-dos-reus\/"]}]},{"@type":"ImageObject","inLanguage":"pt-BR","@id":"https:\/\/www.notibras.com\/site\/comissao-da-verdade-coloca-ditadura-no-banco-dos-reus\/#primaryimage","url":"https:\/\/www.notibras.com\/site\/wp-content\/uploads\/2014\/05\/ditadura-militar.jpg","contentUrl":"https:\/\/www.notibras.com\/site\/wp-content\/uploads\/2014\/05\/ditadura-militar.jpg","width":1024,"height":659,"caption":"Foto\/Arquivo Notibras"},{"@type":"BreadcrumbList","@id":"https:\/\/www.notibras.com\/site\/comissao-da-verdade-coloca-ditadura-no-banco-dos-reus\/#breadcrumb","itemListElement":[{"@type":"ListItem","position":1,"name":"In\u00edcio","item":"https:\/\/www.notibras.com\/site\/"},{"@type":"ListItem","position":2,"name":"Comiss\u00e3o da Verdade coloca ditadura no banco dos r\u00e9us"}]},{"@type":"WebSite","@id":"https:\/\/www.notibras.com\/site\/#website","url":"https:\/\/www.notibras.com\/site\/","name":"Notibras","description":"Not\u00edcias de Bras\u00edlia, do Brasil e do Mundo","publisher":{"@id":"https:\/\/www.notibras.com\/site\/#organization"},"potentialAction":[{"@type":"SearchAction","target":{"@type":"EntryPoint","urlTemplate":"https:\/\/www.notibras.com\/site\/?s={search_term_string}"},"query-input":{"@type":"PropertyValueSpecification","valueRequired":true,"valueName":"search_term_string"}}],"inLanguage":"pt-BR"},{"@type":"Organization","@id":"https:\/\/www.notibras.com\/site\/#organization","name":"Grupo Notibras de Comunica\u00e7\u00e3o","url":"https:\/\/www.notibras.com\/site\/","logo":{"@type":"ImageObject","inLanguage":"pt-BR","@id":"https:\/\/www.notibras.com\/site\/#\/schema\/logo\/image\/","url":"https:\/\/www.notibras.com\/site\/wp-content\/uploads\/2023\/01\/notibras23.png","contentUrl":"https:\/\/www.notibras.com\/site\/wp-content\/uploads\/2023\/01\/notibras23.png","width":350,"height":87,"caption":"Grupo Notibras de Comunica\u00e7\u00e3o"},"image":{"@id":"https:\/\/www.notibras.com\/site\/#\/schema\/logo\/image\/"},"sameAs":["https:\/\/www.facebook.com\/notibras\/","https:\/\/x.com\/Notibras","https:\/\/www.instagram.com\/notibras\/"]},{"@type":"Person","@id":"https:\/\/www.notibras.com\/site\/#\/schema\/person\/36ab0979449956132d3e5b517ea76ac8","name":"Reda\u00e7\u00e3o","image":{"@type":"ImageObject","inLanguage":"pt-BR","@id":"https:\/\/secure.gravatar.com\/avatar\/e0a867bdedb85fd243eadf09663511f96fc81e0720a4a42581f334ad4303aa6b?s=96&d=mm&r=g","url":"https:\/\/secure.gravatar.com\/avatar\/e0a867bdedb85fd243eadf09663511f96fc81e0720a4a42581f334ad4303aa6b?s=96&d=mm&r=g","contentUrl":"https:\/\/secure.gravatar.com\/avatar\/e0a867bdedb85fd243eadf09663511f96fc81e0720a4a42581f334ad4303aa6b?s=96&d=mm&r=g","caption":"Reda\u00e7\u00e3o"}}]}},"amp_enabled":true,"_links":{"self":[{"href":"https:\/\/www.notibras.com\/site\/wp-json\/wp\/v2\/posts\/11444","targetHints":{"allow":["GET"]}}],"collection":[{"href":"https:\/\/www.notibras.com\/site\/wp-json\/wp\/v2\/posts"}],"about":[{"href":"https:\/\/www.notibras.com\/site\/wp-json\/wp\/v2\/types\/post"}],"author":[{"embeddable":true,"href":"https:\/\/www.notibras.com\/site\/wp-json\/wp\/v2\/users\/2"}],"replies":[{"embeddable":true,"href":"https:\/\/www.notibras.com\/site\/wp-json\/wp\/v2\/comments?post=11444"}],"version-history":[{"count":0,"href":"https:\/\/www.notibras.com\/site\/wp-json\/wp\/v2\/posts\/11444\/revisions"}],"wp:featuredmedia":[{"embeddable":true,"href":"https:\/\/www.notibras.com\/site\/wp-json\/wp\/v2\/media\/11448"}],"wp:attachment":[{"href":"https:\/\/www.notibras.com\/site\/wp-json\/wp\/v2\/media?parent=11444"}],"wp:term":[{"taxonomy":"category","embeddable":true,"href":"https:\/\/www.notibras.com\/site\/wp-json\/wp\/v2\/categories?post=11444"},{"taxonomy":"post_tag","embeddable":true,"href":"https:\/\/www.notibras.com\/site\/wp-json\/wp\/v2\/tags?post=11444"}],"curies":[{"name":"wp","href":"https:\/\/api.w.org\/{rel}","templated":true}]}}