{"id":114498,"date":"2016-09-05T06:00:00","date_gmt":"2016-09-05T09:00:00","guid":{"rendered":"http:\/\/www.notibras.com\/site\/?p=114498"},"modified":"2016-09-05T07:49:58","modified_gmt":"2016-09-05T10:49:58","slug":"armas-apreendidas-de-bandidos-devem-ser-usadas-pela-policia-por-que-nao","status":"publish","type":"post","link":"https:\/\/www.notibras.com\/site\/armas-apreendidas-de-bandidos-devem-ser-usadas-pela-policia-por-que-nao\/","title":{"rendered":"Armas apreendidas de bandidos devem ser usadas pela pol\u00edcia. Por que n\u00e3o?"},"content":{"rendered":"<p><strong>Bene Barbosa<\/strong><\/p>\n<p>Em recente entrevista concedida na Cidade da Pol\u00edcia \u2013 local, na zona norte do Rio, onde se concentram as delegacias especializadas da Pol\u00edcia Civil \u2013, o ministro da Justi\u00e7a, Alexandre de Moraes, chamou a aten\u00e7\u00e3o para uma grave situa\u00e7\u00e3o: a falta de investimentos do governo Dilma em equipamentos b\u00e9licos para as pol\u00edcias.<\/p>\n<p>O ministro afirmou que o Brasil precisa de menos pesquisas e diagn\u00f3sticos de seguran\u00e7a p\u00fablica e mais armamentos. &#8220;Tem especialista que nunca trabalhou em seguran\u00e7a p\u00fablica, mas de alguma forma vira especialista que cobra viagens internacionais para aprender n\u00e3o sei o qu\u00ea&#8221;, disse.<\/p>\n<p>Estudos financiados pelo governo, como o Mapa da Viol\u00eancia e o Anu\u00e1rio Brasileiro de Seguran\u00e7a P\u00fablica, consolidaram-se como refer\u00eancias dos quadros de viol\u00eancia no pa\u00eds, sendo adotados pelos \u00f3rg\u00e3os p\u00fablicos, especialmente pelo Minist\u00e9rio da Justi\u00e7a, para balizar a atual pol\u00edtica de seguran\u00e7a p\u00fablica.<\/p>\n<p>Seguindo a diretriz de um governo em prol do desarmamento, essas pesquisas possuem claramente vi\u00e9s ideol\u00f3gico e \u2013com uma distor\u00e7\u00e3o da realidade, dos n\u00fameros e das estat\u00edsticas\u2013 tentam justificar a fracassada pol\u00edtica nacional de desarmamento que, ap\u00f3s mais de dez anos em vigor, n\u00e3o surtiu efeito na redu\u00e7\u00e3o da viol\u00eancia. Ao contr\u00e1rio.<\/p>\n<p>O Brasil \u00e9 o 11\u00ba pa\u00eds com maior taxa de homic\u00eddios do mundo, segundo dados da Organiza\u00e7\u00e3o Mundial da Sa\u00fade. De acordo com tal ag\u00eancia da ONU, a taxa no pa\u00eds \u00e9 de 32,4 homic\u00eddios para cada 100 mil habitantes, mais do que o triplo do limite que \u00e9 considerado aceit\u00e1vel pela ONU, que classifica como viol\u00eancia epid\u00eamica quando h\u00e1 mais de 10 homic\u00eddios para cada 100 mil moradores. O estudo usa dados de 2012, \u00faltimo ano em que o levantamento foi feito em todo o mundo.<\/p>\n<p>\u00c9 n\u00edtido que a atual pol\u00edtica de seguran\u00e7a p\u00fablica do pa\u00eds est\u00e1 rumo ao colapso. Hoje, vemos uma total falta de controle das armas de fogo. Criminosos agem livremente com armamentos pesados e ilegais. Enquanto isso, os agentes de seguran\u00e7a p\u00fablica n\u00e3o possuem equipamentos o suficiente para fazer frente aos dos bandidos. Al\u00e9m disso, os cidad\u00e3os de bem est\u00e3o desarmados e desprotegidos, uma vez que n\u00e3o conseguem legalmente possuir uma arma de fogo e, por vezes, se veem obrigados a optar pela ilegalidade para se defender.<\/p>\n<p>A precariedade das instala\u00e7\u00f5es policiais, os n\u00fameros reduzidos de efetivos, viaturas e equipamentos, a defasagem salarial e as prec\u00e1rias condi\u00e7\u00f5es de trabalho est\u00e3o entre os principais problemas enfrentados pelas corpora\u00e7\u00f5es policiais, atualmente. A reivindica\u00e7\u00e3o de mais equipamentos de seguran\u00e7a adequados \u00e0 atividade policial por profissionais de seguran\u00e7a p\u00fablica tamb\u00e9m n\u00e3o \u00e9 algo novo. N\u00e3o raramente o calibre do armamento \u00e9 inadequado frente aos fuzis que os criminosos utilizam sem se preocuparem com a ilegalidade de seus atos.<\/p>\n<p>Segundo Alexandre de Moraes, um decreto deve ser publicado at\u00e9 o final de agosto para permitir que policiais usem armamento apreendido com criminosos, ap\u00f3s processo de legaliza\u00e7\u00e3o. A medida pretende regulamentar a regra prevista no Estatuto do Desarmamento, assim permitindo a doa\u00e7\u00e3o das armas para os \u00f3rg\u00e3os de seguran\u00e7a p\u00fablica.<\/p>\n<p>Moraes ainda negou que no novo governo haja uma pol\u00edtica de enfrentamento ao crime e preferiu cham\u00e1-la de pol\u00edtica de legalidade. De fato, a a\u00e7\u00e3o proposta pretende transformar os milhares de armas ilegais, que s\u00e3o utilizadas por criminosos contra os policiais e a popula\u00e7\u00e3o, em instrumentos legalizados de prote\u00e7\u00e3o e defesa da sociedade.<\/p>\n<p>O posicionamento do ministro \u00e9 in\u00e9dito naquela pasta e vem em encontro a algo que j\u00e1 sabemos faz muito tempo: urge uma mudan\u00e7a radical na legisla\u00e7\u00e3o atual para que a mesma tenha poder para punir criminosos e garantir que institui\u00e7\u00f5es pol\u00edcias, agentes de seguran\u00e7a e at\u00e9 mesmo o cidad\u00e3o n\u00e3o continuem desarmados e \u00e0 merc\u00ea dos criminosos.<\/p>\n","protected":false},"excerpt":{"rendered":"<p>Bene Barbosa Em recente entrevista concedida na Cidade da Pol\u00edcia \u2013 local, na zona norte do Rio, onde se concentram as delegacias especializadas da Pol\u00edcia Civil \u2013, o ministro da Justi\u00e7a, Alexandre de Moraes, chamou a aten\u00e7\u00e3o para uma grave situa\u00e7\u00e3o: a falta de investimentos do governo Dilma em equipamentos b\u00e9licos para as pol\u00edcias. O [&hellip;]<\/p>\n","protected":false},"author":2,"featured_media":114499,"comment_status":"open","ping_status":"closed","sticky":false,"template":"","format":"standard","meta":{"_acf_changed":false,"footnotes":""},"categories":[25],"tags":[],"class_list":["post-114498","post","type-post","status-publish","format-standard","has-post-thumbnail","hentry","category-opina-ai"],"acf":[],"yoast_head":"<!-- This site is optimized with the Yoast SEO plugin v27.5 - https:\/\/yoast.com\/product\/yoast-seo-wordpress\/ -->\n<title>Armas apreendidas de bandidos devem ser usadas pela pol\u00edcia. Por que n\u00e3o? - Notibras<\/title>\n<meta name=\"robots\" content=\"index, follow, max-snippet:-1, max-image-preview:large, max-video-preview:-1\" \/>\n<link rel=\"canonical\" href=\"https:\/\/www.notibras.com\/site\/armas-apreendidas-de-bandidos-devem-ser-usadas-pela-policia-por-que-nao\/\" \/>\n<meta property=\"og:locale\" content=\"pt_BR\" \/>\n<meta property=\"og:type\" content=\"article\" \/>\n<meta property=\"og:title\" content=\"Armas apreendidas de bandidos devem ser usadas pela pol\u00edcia. Por que n\u00e3o? - Notibras\" \/>\n<meta property=\"og:description\" content=\"Bene Barbosa Em recente entrevista concedida na Cidade da Pol\u00edcia \u2013 local, na zona norte do Rio, onde se concentram as delegacias especializadas da Pol\u00edcia Civil \u2013, o ministro da Justi\u00e7a, Alexandre de Moraes, chamou a aten\u00e7\u00e3o para uma grave situa\u00e7\u00e3o: a falta de investimentos do governo Dilma em equipamentos b\u00e9licos para as pol\u00edcias. O [&hellip;]\" \/>\n<meta property=\"og:url\" content=\"https:\/\/www.notibras.com\/site\/armas-apreendidas-de-bandidos-devem-ser-usadas-pela-policia-por-que-nao\/\" \/>\n<meta property=\"og:site_name\" content=\"Notibras\" \/>\n<meta property=\"article:publisher\" content=\"https:\/\/www.facebook.com\/notibras\/\" \/>\n<meta property=\"article:published_time\" content=\"2016-09-05T09:00:00+00:00\" \/>\n<meta property=\"article:modified_time\" content=\"2016-09-05T10:49:58+00:00\" \/>\n<meta property=\"og:image\" content=\"https:\/\/www.notibras.com\/site\/wp-content\/uploads\/2016\/09\/20150302044400_armas.jpg\" \/>\n\t<meta property=\"og:image:width\" content=\"600\" \/>\n\t<meta property=\"og:image:height\" content=\"375\" \/>\n\t<meta property=\"og:image:type\" content=\"image\/jpeg\" \/>\n<meta name=\"author\" content=\"Reda\u00e7\u00e3o\" \/>\n<meta name=\"twitter:card\" content=\"summary_large_image\" \/>\n<meta name=\"twitter:creator\" content=\"@Notibras\" \/>\n<meta name=\"twitter:site\" content=\"@Notibras\" \/>\n<meta name=\"twitter:label1\" content=\"Escrito por\" \/>\n\t<meta name=\"twitter:data1\" content=\"Reda\u00e7\u00e3o\" \/>\n\t<meta name=\"twitter:label2\" content=\"Est. tempo de leitura\" \/>\n\t<meta name=\"twitter:data2\" content=\"3 minutos\" \/>\n<script type=\"application\/ld+json\" class=\"yoast-schema-graph\">{\"@context\":\"https:\\\/\\\/schema.org\",\"@graph\":[{\"@type\":\"Article\",\"@id\":\"https:\\\/\\\/www.notibras.com\\\/site\\\/armas-apreendidas-de-bandidos-devem-ser-usadas-pela-policia-por-que-nao\\\/#article\",\"isPartOf\":{\"@id\":\"https:\\\/\\\/www.notibras.com\\\/site\\\/armas-apreendidas-de-bandidos-devem-ser-usadas-pela-policia-por-que-nao\\\/\"},\"author\":{\"name\":\"Reda\u00e7\u00e3o\",\"@id\":\"https:\\\/\\\/www.notibras.com\\\/site\\\/#\\\/schema\\\/person\\\/36ab0979449956132d3e5b517ea76ac8\"},\"headline\":\"Armas apreendidas de bandidos devem ser usadas pela pol\u00edcia. Por que n\u00e3o?\",\"datePublished\":\"2016-09-05T09:00:00+00:00\",\"dateModified\":\"2016-09-05T10:49:58+00:00\",\"mainEntityOfPage\":{\"@id\":\"https:\\\/\\\/www.notibras.com\\\/site\\\/armas-apreendidas-de-bandidos-devem-ser-usadas-pela-policia-por-que-nao\\\/\"},\"wordCount\":694,\"commentCount\":0,\"publisher\":{\"@id\":\"https:\\\/\\\/www.notibras.com\\\/site\\\/#organization\"},\"image\":{\"@id\":\"https:\\\/\\\/www.notibras.com\\\/site\\\/armas-apreendidas-de-bandidos-devem-ser-usadas-pela-policia-por-que-nao\\\/#primaryimage\"},\"thumbnailUrl\":\"https:\\\/\\\/www.notibras.com\\\/site\\\/wp-content\\\/uploads\\\/2016\\\/09\\\/20150302044400_armas.jpg\",\"articleSection\":[\"Opina a\u00ed\"],\"inLanguage\":\"pt-BR\",\"potentialAction\":[{\"@type\":\"CommentAction\",\"name\":\"Comment\",\"target\":[\"https:\\\/\\\/www.notibras.com\\\/site\\\/armas-apreendidas-de-bandidos-devem-ser-usadas-pela-policia-por-que-nao\\\/#respond\"]}]},{\"@type\":\"WebPage\",\"@id\":\"https:\\\/\\\/www.notibras.com\\\/site\\\/armas-apreendidas-de-bandidos-devem-ser-usadas-pela-policia-por-que-nao\\\/\",\"url\":\"https:\\\/\\\/www.notibras.com\\\/site\\\/armas-apreendidas-de-bandidos-devem-ser-usadas-pela-policia-por-que-nao\\\/\",\"name\":\"Armas apreendidas de bandidos devem ser usadas pela pol\u00edcia. Por que n\u00e3o? - Notibras\",\"isPartOf\":{\"@id\":\"https:\\\/\\\/www.notibras.com\\\/site\\\/#website\"},\"primaryImageOfPage\":{\"@id\":\"https:\\\/\\\/www.notibras.com\\\/site\\\/armas-apreendidas-de-bandidos-devem-ser-usadas-pela-policia-por-que-nao\\\/#primaryimage\"},\"image\":{\"@id\":\"https:\\\/\\\/www.notibras.com\\\/site\\\/armas-apreendidas-de-bandidos-devem-ser-usadas-pela-policia-por-que-nao\\\/#primaryimage\"},\"thumbnailUrl\":\"https:\\\/\\\/www.notibras.com\\\/site\\\/wp-content\\\/uploads\\\/2016\\\/09\\\/20150302044400_armas.jpg\",\"datePublished\":\"2016-09-05T09:00:00+00:00\",\"dateModified\":\"2016-09-05T10:49:58+00:00\",\"breadcrumb\":{\"@id\":\"https:\\\/\\\/www.notibras.com\\\/site\\\/armas-apreendidas-de-bandidos-devem-ser-usadas-pela-policia-por-que-nao\\\/#breadcrumb\"},\"inLanguage\":\"pt-BR\",\"potentialAction\":[{\"@type\":\"ReadAction\",\"target\":[\"https:\\\/\\\/www.notibras.com\\\/site\\\/armas-apreendidas-de-bandidos-devem-ser-usadas-pela-policia-por-que-nao\\\/\"]}]},{\"@type\":\"ImageObject\",\"inLanguage\":\"pt-BR\",\"@id\":\"https:\\\/\\\/www.notibras.com\\\/site\\\/armas-apreendidas-de-bandidos-devem-ser-usadas-pela-policia-por-que-nao\\\/#primaryimage\",\"url\":\"https:\\\/\\\/www.notibras.com\\\/site\\\/wp-content\\\/uploads\\\/2016\\\/09\\\/20150302044400_armas.jpg\",\"contentUrl\":\"https:\\\/\\\/www.notibras.com\\\/site\\\/wp-content\\\/uploads\\\/2016\\\/09\\\/20150302044400_armas.jpg\",\"width\":600,\"height\":375},{\"@type\":\"BreadcrumbList\",\"@id\":\"https:\\\/\\\/www.notibras.com\\\/site\\\/armas-apreendidas-de-bandidos-devem-ser-usadas-pela-policia-por-que-nao\\\/#breadcrumb\",\"itemListElement\":[{\"@type\":\"ListItem\",\"position\":1,\"name\":\"In\u00edcio\",\"item\":\"https:\\\/\\\/www.notibras.com\\\/site\\\/\"},{\"@type\":\"ListItem\",\"position\":2,\"name\":\"Armas apreendidas de bandidos devem ser usadas pela pol\u00edcia. Por que n\u00e3o?\"}]},{\"@type\":\"WebSite\",\"@id\":\"https:\\\/\\\/www.notibras.com\\\/site\\\/#website\",\"url\":\"https:\\\/\\\/www.notibras.com\\\/site\\\/\",\"name\":\"Notibras\",\"description\":\"Not\u00edcias de Bras\u00edlia, do Brasil e do Mundo\",\"publisher\":{\"@id\":\"https:\\\/\\\/www.notibras.com\\\/site\\\/#organization\"},\"potentialAction\":[{\"@type\":\"SearchAction\",\"target\":{\"@type\":\"EntryPoint\",\"urlTemplate\":\"https:\\\/\\\/www.notibras.com\\\/site\\\/?s={search_term_string}\"},\"query-input\":{\"@type\":\"PropertyValueSpecification\",\"valueRequired\":true,\"valueName\":\"search_term_string\"}}],\"inLanguage\":\"pt-BR\"},{\"@type\":\"Organization\",\"@id\":\"https:\\\/\\\/www.notibras.com\\\/site\\\/#organization\",\"name\":\"Grupo Notibras de Comunica\u00e7\u00e3o\",\"url\":\"https:\\\/\\\/www.notibras.com\\\/site\\\/\",\"logo\":{\"@type\":\"ImageObject\",\"inLanguage\":\"pt-BR\",\"@id\":\"https:\\\/\\\/www.notibras.com\\\/site\\\/#\\\/schema\\\/logo\\\/image\\\/\",\"url\":\"https:\\\/\\\/www.notibras.com\\\/site\\\/wp-content\\\/uploads\\\/2023\\\/01\\\/notibras23.png\",\"contentUrl\":\"https:\\\/\\\/www.notibras.com\\\/site\\\/wp-content\\\/uploads\\\/2023\\\/01\\\/notibras23.png\",\"width\":350,\"height\":87,\"caption\":\"Grupo Notibras de Comunica\u00e7\u00e3o\"},\"image\":{\"@id\":\"https:\\\/\\\/www.notibras.com\\\/site\\\/#\\\/schema\\\/logo\\\/image\\\/\"},\"sameAs\":[\"https:\\\/\\\/www.facebook.com\\\/notibras\\\/\",\"https:\\\/\\\/x.com\\\/Notibras\",\"https:\\\/\\\/www.instagram.com\\\/notibras\\\/\"]},{\"@type\":\"Person\",\"@id\":\"https:\\\/\\\/www.notibras.com\\\/site\\\/#\\\/schema\\\/person\\\/36ab0979449956132d3e5b517ea76ac8\",\"name\":\"Reda\u00e7\u00e3o\",\"image\":{\"@type\":\"ImageObject\",\"inLanguage\":\"pt-BR\",\"@id\":\"https:\\\/\\\/secure.gravatar.com\\\/avatar\\\/e0a867bdedb85fd243eadf09663511f96fc81e0720a4a42581f334ad4303aa6b?s=96&d=mm&r=g\",\"url\":\"https:\\\/\\\/secure.gravatar.com\\\/avatar\\\/e0a867bdedb85fd243eadf09663511f96fc81e0720a4a42581f334ad4303aa6b?s=96&d=mm&r=g\",\"contentUrl\":\"https:\\\/\\\/secure.gravatar.com\\\/avatar\\\/e0a867bdedb85fd243eadf09663511f96fc81e0720a4a42581f334ad4303aa6b?s=96&d=mm&r=g\",\"caption\":\"Reda\u00e7\u00e3o\"}}]}<\/script>\n<!-- \/ Yoast SEO plugin. -->","yoast_head_json":{"title":"Armas apreendidas de bandidos devem ser usadas pela pol\u00edcia. Por que n\u00e3o? - Notibras","robots":{"index":"index","follow":"follow","max-snippet":"max-snippet:-1","max-image-preview":"max-image-preview:large","max-video-preview":"max-video-preview:-1"},"canonical":"https:\/\/www.notibras.com\/site\/armas-apreendidas-de-bandidos-devem-ser-usadas-pela-policia-por-que-nao\/","og_locale":"pt_BR","og_type":"article","og_title":"Armas apreendidas de bandidos devem ser usadas pela pol\u00edcia. Por que n\u00e3o? - Notibras","og_description":"Bene Barbosa Em recente entrevista concedida na Cidade da Pol\u00edcia \u2013 local, na zona norte do Rio, onde se concentram as delegacias especializadas da Pol\u00edcia Civil \u2013, o ministro da Justi\u00e7a, Alexandre de Moraes, chamou a aten\u00e7\u00e3o para uma grave situa\u00e7\u00e3o: a falta de investimentos do governo Dilma em equipamentos b\u00e9licos para as pol\u00edcias. O [&hellip;]","og_url":"https:\/\/www.notibras.com\/site\/armas-apreendidas-de-bandidos-devem-ser-usadas-pela-policia-por-que-nao\/","og_site_name":"Notibras","article_publisher":"https:\/\/www.facebook.com\/notibras\/","article_published_time":"2016-09-05T09:00:00+00:00","article_modified_time":"2016-09-05T10:49:58+00:00","og_image":[{"width":600,"height":375,"url":"https:\/\/www.notibras.com\/site\/wp-content\/uploads\/2016\/09\/20150302044400_armas.jpg","type":"image\/jpeg"}],"author":"Reda\u00e7\u00e3o","twitter_card":"summary_large_image","twitter_creator":"@Notibras","twitter_site":"@Notibras","twitter_misc":{"Escrito por":"Reda\u00e7\u00e3o","Est. tempo de leitura":"3 minutos"},"schema":{"@context":"https:\/\/schema.org","@graph":[{"@type":"Article","@id":"https:\/\/www.notibras.com\/site\/armas-apreendidas-de-bandidos-devem-ser-usadas-pela-policia-por-que-nao\/#article","isPartOf":{"@id":"https:\/\/www.notibras.com\/site\/armas-apreendidas-de-bandidos-devem-ser-usadas-pela-policia-por-que-nao\/"},"author":{"name":"Reda\u00e7\u00e3o","@id":"https:\/\/www.notibras.com\/site\/#\/schema\/person\/36ab0979449956132d3e5b517ea76ac8"},"headline":"Armas apreendidas de bandidos devem ser usadas pela pol\u00edcia. Por que n\u00e3o?","datePublished":"2016-09-05T09:00:00+00:00","dateModified":"2016-09-05T10:49:58+00:00","mainEntityOfPage":{"@id":"https:\/\/www.notibras.com\/site\/armas-apreendidas-de-bandidos-devem-ser-usadas-pela-policia-por-que-nao\/"},"wordCount":694,"commentCount":0,"publisher":{"@id":"https:\/\/www.notibras.com\/site\/#organization"},"image":{"@id":"https:\/\/www.notibras.com\/site\/armas-apreendidas-de-bandidos-devem-ser-usadas-pela-policia-por-que-nao\/#primaryimage"},"thumbnailUrl":"https:\/\/www.notibras.com\/site\/wp-content\/uploads\/2016\/09\/20150302044400_armas.jpg","articleSection":["Opina a\u00ed"],"inLanguage":"pt-BR","potentialAction":[{"@type":"CommentAction","name":"Comment","target":["https:\/\/www.notibras.com\/site\/armas-apreendidas-de-bandidos-devem-ser-usadas-pela-policia-por-que-nao\/#respond"]}]},{"@type":"WebPage","@id":"https:\/\/www.notibras.com\/site\/armas-apreendidas-de-bandidos-devem-ser-usadas-pela-policia-por-que-nao\/","url":"https:\/\/www.notibras.com\/site\/armas-apreendidas-de-bandidos-devem-ser-usadas-pela-policia-por-que-nao\/","name":"Armas apreendidas de bandidos devem ser usadas pela pol\u00edcia. Por que n\u00e3o? - Notibras","isPartOf":{"@id":"https:\/\/www.notibras.com\/site\/#website"},"primaryImageOfPage":{"@id":"https:\/\/www.notibras.com\/site\/armas-apreendidas-de-bandidos-devem-ser-usadas-pela-policia-por-que-nao\/#primaryimage"},"image":{"@id":"https:\/\/www.notibras.com\/site\/armas-apreendidas-de-bandidos-devem-ser-usadas-pela-policia-por-que-nao\/#primaryimage"},"thumbnailUrl":"https:\/\/www.notibras.com\/site\/wp-content\/uploads\/2016\/09\/20150302044400_armas.jpg","datePublished":"2016-09-05T09:00:00+00:00","dateModified":"2016-09-05T10:49:58+00:00","breadcrumb":{"@id":"https:\/\/www.notibras.com\/site\/armas-apreendidas-de-bandidos-devem-ser-usadas-pela-policia-por-que-nao\/#breadcrumb"},"inLanguage":"pt-BR","potentialAction":[{"@type":"ReadAction","target":["https:\/\/www.notibras.com\/site\/armas-apreendidas-de-bandidos-devem-ser-usadas-pela-policia-por-que-nao\/"]}]},{"@type":"ImageObject","inLanguage":"pt-BR","@id":"https:\/\/www.notibras.com\/site\/armas-apreendidas-de-bandidos-devem-ser-usadas-pela-policia-por-que-nao\/#primaryimage","url":"https:\/\/www.notibras.com\/site\/wp-content\/uploads\/2016\/09\/20150302044400_armas.jpg","contentUrl":"https:\/\/www.notibras.com\/site\/wp-content\/uploads\/2016\/09\/20150302044400_armas.jpg","width":600,"height":375},{"@type":"BreadcrumbList","@id":"https:\/\/www.notibras.com\/site\/armas-apreendidas-de-bandidos-devem-ser-usadas-pela-policia-por-que-nao\/#breadcrumb","itemListElement":[{"@type":"ListItem","position":1,"name":"In\u00edcio","item":"https:\/\/www.notibras.com\/site\/"},{"@type":"ListItem","position":2,"name":"Armas apreendidas de bandidos devem ser usadas pela pol\u00edcia. Por que n\u00e3o?"}]},{"@type":"WebSite","@id":"https:\/\/www.notibras.com\/site\/#website","url":"https:\/\/www.notibras.com\/site\/","name":"Notibras","description":"Not\u00edcias de Bras\u00edlia, do Brasil e do Mundo","publisher":{"@id":"https:\/\/www.notibras.com\/site\/#organization"},"potentialAction":[{"@type":"SearchAction","target":{"@type":"EntryPoint","urlTemplate":"https:\/\/www.notibras.com\/site\/?s={search_term_string}"},"query-input":{"@type":"PropertyValueSpecification","valueRequired":true,"valueName":"search_term_string"}}],"inLanguage":"pt-BR"},{"@type":"Organization","@id":"https:\/\/www.notibras.com\/site\/#organization","name":"Grupo Notibras de Comunica\u00e7\u00e3o","url":"https:\/\/www.notibras.com\/site\/","logo":{"@type":"ImageObject","inLanguage":"pt-BR","@id":"https:\/\/www.notibras.com\/site\/#\/schema\/logo\/image\/","url":"https:\/\/www.notibras.com\/site\/wp-content\/uploads\/2023\/01\/notibras23.png","contentUrl":"https:\/\/www.notibras.com\/site\/wp-content\/uploads\/2023\/01\/notibras23.png","width":350,"height":87,"caption":"Grupo Notibras de Comunica\u00e7\u00e3o"},"image":{"@id":"https:\/\/www.notibras.com\/site\/#\/schema\/logo\/image\/"},"sameAs":["https:\/\/www.facebook.com\/notibras\/","https:\/\/x.com\/Notibras","https:\/\/www.instagram.com\/notibras\/"]},{"@type":"Person","@id":"https:\/\/www.notibras.com\/site\/#\/schema\/person\/36ab0979449956132d3e5b517ea76ac8","name":"Reda\u00e7\u00e3o","image":{"@type":"ImageObject","inLanguage":"pt-BR","@id":"https:\/\/secure.gravatar.com\/avatar\/e0a867bdedb85fd243eadf09663511f96fc81e0720a4a42581f334ad4303aa6b?s=96&d=mm&r=g","url":"https:\/\/secure.gravatar.com\/avatar\/e0a867bdedb85fd243eadf09663511f96fc81e0720a4a42581f334ad4303aa6b?s=96&d=mm&r=g","contentUrl":"https:\/\/secure.gravatar.com\/avatar\/e0a867bdedb85fd243eadf09663511f96fc81e0720a4a42581f334ad4303aa6b?s=96&d=mm&r=g","caption":"Reda\u00e7\u00e3o"}}]}},"amp_enabled":true,"_links":{"self":[{"href":"https:\/\/www.notibras.com\/site\/wp-json\/wp\/v2\/posts\/114498","targetHints":{"allow":["GET"]}}],"collection":[{"href":"https:\/\/www.notibras.com\/site\/wp-json\/wp\/v2\/posts"}],"about":[{"href":"https:\/\/www.notibras.com\/site\/wp-json\/wp\/v2\/types\/post"}],"author":[{"embeddable":true,"href":"https:\/\/www.notibras.com\/site\/wp-json\/wp\/v2\/users\/2"}],"replies":[{"embeddable":true,"href":"https:\/\/www.notibras.com\/site\/wp-json\/wp\/v2\/comments?post=114498"}],"version-history":[{"count":1,"href":"https:\/\/www.notibras.com\/site\/wp-json\/wp\/v2\/posts\/114498\/revisions"}],"predecessor-version":[{"id":114500,"href":"https:\/\/www.notibras.com\/site\/wp-json\/wp\/v2\/posts\/114498\/revisions\/114500"}],"wp:featuredmedia":[{"embeddable":true,"href":"https:\/\/www.notibras.com\/site\/wp-json\/wp\/v2\/media\/114499"}],"wp:attachment":[{"href":"https:\/\/www.notibras.com\/site\/wp-json\/wp\/v2\/media?parent=114498"}],"wp:term":[{"taxonomy":"category","embeddable":true,"href":"https:\/\/www.notibras.com\/site\/wp-json\/wp\/v2\/categories?post=114498"},{"taxonomy":"post_tag","embeddable":true,"href":"https:\/\/www.notibras.com\/site\/wp-json\/wp\/v2\/tags?post=114498"}],"curies":[{"name":"wp","href":"https:\/\/api.w.org\/{rel}","templated":true}]}}