{"id":1145,"date":"2014-02-11T10:39:56","date_gmt":"2014-02-11T13:39:56","guid":{"rendered":"http:\/\/www.notibras.com\/site\/?p=1145"},"modified":"2014-02-13T17:02:21","modified_gmt":"2014-02-13T20:02:21","slug":"dilma-corta-verba-e-obras-de-navegacao-do-capibaribe-empacam","status":"publish","type":"post","link":"https:\/\/www.notibras.com\/site\/dilma-corta-verba-e-obras-de-navegacao-do-capibaribe-empacam\/","title":{"rendered":"Dilma corta verba e navega\u00e7\u00e3o do Capibaribe empaca"},"content":{"rendered":"<p>As obras para tornar o Rio Capibaribe naveg\u00e1vel para transporte p\u00fablico fluvial est\u00e3o paralisadas. O projeto, que inclui a constru\u00e7\u00e3o de esta\u00e7\u00f5es de embarque e desembarque de passageiros, foi interrompido por falta de repasse de verba do governo federal, informou a Secretaria Estadual das Cidades.<\/p>\n<p>A dragagem do Capibaribe come\u00e7ou a ser executada em mar\u00e7o de 2013. O trabalho deu in\u00edcio ao projeto que pretende incorporar o rio ao sistema de transporte p\u00fablico da cidade. Em 13 de setembro passado, o governador Eduardo Campos chegou a fazer um passeio pelo curso-d\u2019\u00e1gua para conferir o andamento das obras. Ele assinou ordem de servi\u00e7o para constru\u00e7\u00e3o de sete esta\u00e7\u00f5es. De acordo com o projeto, quando a navegabilidade estiver implantada, 300 mil pessoas por m\u00eas dever\u00e3o usar o transporte.<\/p>\n<p>As tr\u00eas primeiras esta\u00e7\u00f5es deveriam ficar prontas j\u00e1 no pr\u00f3ximo m\u00eas. No entanto, cinco meses ap\u00f3s a visita do governador, n\u00e3o se v\u00ea mais a draga no rio. Em um canteiro pr\u00f3ximo \u00e0 BR-101, h\u00e1 m\u00e1quinas e caminh\u00f5es sem uso. Segundo o governo estadual, que informou ter investido R$ 25 milh\u00f5es, o servi\u00e7o parou porque a Uni\u00e3o n\u00e3o repassou, at\u00e9 agora, R$ 165 milh\u00f5es para tornar poss\u00edvel a navegabilidade do Capibaribe.<\/p>\n<p>Na Zona Norte do Recife, a constru\u00e7\u00e3o da esta\u00e7\u00e3o de Santana tamb\u00e9m foi paralisada. O mesmo ocorreu na esta\u00e7\u00e3o do Derby, na \u00e1rea central da capital. Os oper\u00e1rios do cons\u00f3rcio da obra est\u00e3o em aviso pr\u00e9vio desde 20 de janeiro e, devido \u00e0 falta dos recursos, todos os prazos est\u00e3o comprometidos.<\/p>\n<p>Segundo a secret\u00e1ria-adjunta das Cidades, Ana Rita Suassuna, as obras foram suspensas porque n\u00e3o h\u00e1 mais verba em caixa para o projeto. &#8220;A gente estava na expectativa de repasses acontecerem, como acontecem normalmente, simultaneamente aos nossos repasses de recursos, de contrapartida, mas isso n\u00e3o ocorreu. Da\u00ed a gente teve que paralisar os servi\u00e7os a partir de hoje [segunda] e vamos ver o desenvolver dos acontecimentos para retomada&#8221;, afirmou.<\/p>\n","protected":false},"excerpt":{"rendered":"<p>As obras para tornar o Rio Capibaribe naveg\u00e1vel para transporte p\u00fablico fluvial est\u00e3o paralisadas. O projeto, que inclui a constru\u00e7\u00e3o de esta\u00e7\u00f5es de embarque e desembarque de passageiros, foi interrompido por falta de repasse de verba do governo federal, informou a Secretaria Estadual das Cidades. A dragagem do Capibaribe come\u00e7ou a ser executada em mar\u00e7o [&hellip;]<\/p>\n","protected":false},"author":2,"featured_media":1146,"comment_status":"open","ping_status":"closed","sticky":false,"template":"","format":"standard","meta":{"_acf_changed":false,"footnotes":""},"categories":[1],"tags":[],"class_list":["post-1145","post","type-post","status-publish","format-standard","has-post-thumbnail","hentry","category-brasilia"],"acf":[],"yoast_head":"<!-- This site is optimized with the Yoast SEO plugin v27.2 - https:\/\/yoast.com\/product\/yoast-seo-wordpress\/ -->\n<title>Dilma corta verba e navega\u00e7\u00e3o do Capibaribe empaca - Notibras<\/title>\n<meta name=\"robots\" content=\"index, follow, max-snippet:-1, max-image-preview:large, max-video-preview:-1\" \/>\n<link rel=\"canonical\" href=\"https:\/\/www.notibras.com\/site\/dilma-corta-verba-e-obras-de-navegacao-do-capibaribe-empacam\/\" \/>\n<meta property=\"og:locale\" content=\"pt_BR\" \/>\n<meta property=\"og:type\" content=\"article\" \/>\n<meta property=\"og:title\" content=\"Dilma corta verba e navega\u00e7\u00e3o do Capibaribe empaca - Notibras\" \/>\n<meta property=\"og:description\" content=\"As obras para tornar o Rio Capibaribe naveg\u00e1vel para transporte p\u00fablico fluvial est\u00e3o paralisadas. O projeto, que inclui a constru\u00e7\u00e3o de esta\u00e7\u00f5es de embarque e desembarque de passageiros, foi interrompido por falta de repasse de verba do governo federal, informou a Secretaria Estadual das Cidades. A dragagem do Capibaribe come\u00e7ou a ser executada em mar\u00e7o [&hellip;]\" \/>\n<meta property=\"og:url\" content=\"https:\/\/www.notibras.com\/site\/dilma-corta-verba-e-obras-de-navegacao-do-capibaribe-empacam\/\" \/>\n<meta property=\"og:site_name\" content=\"Notibras\" \/>\n<meta property=\"article:publisher\" content=\"https:\/\/www.facebook.com\/notibras\/\" \/>\n<meta property=\"article:published_time\" content=\"2014-02-11T13:39:56+00:00\" \/>\n<meta property=\"article:modified_time\" content=\"2014-02-13T20:02:21+00:00\" \/>\n<meta property=\"og:image\" content=\"https:\/\/www.notibras.com\/site\/wp-content\/uploads\/2014\/02\/pe3.jpg\" \/>\n\t<meta property=\"og:image:width\" content=\"448\" \/>\n\t<meta property=\"og:image:height\" content=\"336\" \/>\n\t<meta property=\"og:image:type\" content=\"image\/jpeg\" \/>\n<meta name=\"author\" content=\"Reda\u00e7\u00e3o\" \/>\n<meta name=\"twitter:card\" content=\"summary_large_image\" \/>\n<meta name=\"twitter:creator\" content=\"@Notibras\" \/>\n<meta name=\"twitter:site\" content=\"@Notibras\" \/>\n<meta name=\"twitter:label1\" content=\"Escrito por\" \/>\n\t<meta name=\"twitter:data1\" content=\"Reda\u00e7\u00e3o\" \/>\n\t<meta name=\"twitter:label2\" content=\"Est. tempo de leitura\" \/>\n\t<meta name=\"twitter:data2\" content=\"2 minutos\" \/>\n<script type=\"application\/ld+json\" class=\"yoast-schema-graph\">{\"@context\":\"https:\/\/schema.org\",\"@graph\":[{\"@type\":\"Article\",\"@id\":\"https:\/\/www.notibras.com\/site\/dilma-corta-verba-e-obras-de-navegacao-do-capibaribe-empacam\/#article\",\"isPartOf\":{\"@id\":\"https:\/\/www.notibras.com\/site\/dilma-corta-verba-e-obras-de-navegacao-do-capibaribe-empacam\/\"},\"author\":{\"name\":\"Reda\u00e7\u00e3o\",\"@id\":\"https:\/\/www.notibras.com\/site\/#\/schema\/person\/36ab0979449956132d3e5b517ea76ac8\"},\"headline\":\"Dilma corta verba e navega\u00e7\u00e3o do Capibaribe empaca\",\"datePublished\":\"2014-02-11T13:39:56+00:00\",\"dateModified\":\"2014-02-13T20:02:21+00:00\",\"mainEntityOfPage\":{\"@id\":\"https:\/\/www.notibras.com\/site\/dilma-corta-verba-e-obras-de-navegacao-do-capibaribe-empacam\/\"},\"wordCount\":360,\"commentCount\":0,\"publisher\":{\"@id\":\"https:\/\/www.notibras.com\/site\/#organization\"},\"image\":{\"@id\":\"https:\/\/www.notibras.com\/site\/dilma-corta-verba-e-obras-de-navegacao-do-capibaribe-empacam\/#primaryimage\"},\"thumbnailUrl\":\"https:\/\/www.notibras.com\/site\/wp-content\/uploads\/2014\/02\/pe3.jpg\",\"articleSection\":[\"Bras\u00edlia\"],\"inLanguage\":\"pt-BR\",\"potentialAction\":[{\"@type\":\"CommentAction\",\"name\":\"Comment\",\"target\":[\"https:\/\/www.notibras.com\/site\/dilma-corta-verba-e-obras-de-navegacao-do-capibaribe-empacam\/#respond\"]}]},{\"@type\":\"WebPage\",\"@id\":\"https:\/\/www.notibras.com\/site\/dilma-corta-verba-e-obras-de-navegacao-do-capibaribe-empacam\/\",\"url\":\"https:\/\/www.notibras.com\/site\/dilma-corta-verba-e-obras-de-navegacao-do-capibaribe-empacam\/\",\"name\":\"Dilma corta verba e navega\u00e7\u00e3o do Capibaribe empaca - Notibras\",\"isPartOf\":{\"@id\":\"https:\/\/www.notibras.com\/site\/#website\"},\"primaryImageOfPage\":{\"@id\":\"https:\/\/www.notibras.com\/site\/dilma-corta-verba-e-obras-de-navegacao-do-capibaribe-empacam\/#primaryimage\"},\"image\":{\"@id\":\"https:\/\/www.notibras.com\/site\/dilma-corta-verba-e-obras-de-navegacao-do-capibaribe-empacam\/#primaryimage\"},\"thumbnailUrl\":\"https:\/\/www.notibras.com\/site\/wp-content\/uploads\/2014\/02\/pe3.jpg\",\"datePublished\":\"2014-02-11T13:39:56+00:00\",\"dateModified\":\"2014-02-13T20:02:21+00:00\",\"breadcrumb\":{\"@id\":\"https:\/\/www.notibras.com\/site\/dilma-corta-verba-e-obras-de-navegacao-do-capibaribe-empacam\/#breadcrumb\"},\"inLanguage\":\"pt-BR\",\"potentialAction\":[{\"@type\":\"ReadAction\",\"target\":[\"https:\/\/www.notibras.com\/site\/dilma-corta-verba-e-obras-de-navegacao-do-capibaribe-empacam\/\"]}]},{\"@type\":\"ImageObject\",\"inLanguage\":\"pt-BR\",\"@id\":\"https:\/\/www.notibras.com\/site\/dilma-corta-verba-e-obras-de-navegacao-do-capibaribe-empacam\/#primaryimage\",\"url\":\"https:\/\/www.notibras.com\/site\/wp-content\/uploads\/2014\/02\/pe3.jpg\",\"contentUrl\":\"https:\/\/www.notibras.com\/site\/wp-content\/uploads\/2014\/02\/pe3.jpg\",\"width\":448,\"height\":336},{\"@type\":\"BreadcrumbList\",\"@id\":\"https:\/\/www.notibras.com\/site\/dilma-corta-verba-e-obras-de-navegacao-do-capibaribe-empacam\/#breadcrumb\",\"itemListElement\":[{\"@type\":\"ListItem\",\"position\":1,\"name\":\"In\u00edcio\",\"item\":\"https:\/\/www.notibras.com\/site\/\"},{\"@type\":\"ListItem\",\"position\":2,\"name\":\"Dilma corta verba e navega\u00e7\u00e3o do Capibaribe empaca\"}]},{\"@type\":\"WebSite\",\"@id\":\"https:\/\/www.notibras.com\/site\/#website\",\"url\":\"https:\/\/www.notibras.com\/site\/\",\"name\":\"Notibras\",\"description\":\"Not\u00edcias de Bras\u00edlia, do Brasil e do Mundo\",\"publisher\":{\"@id\":\"https:\/\/www.notibras.com\/site\/#organization\"},\"potentialAction\":[{\"@type\":\"SearchAction\",\"target\":{\"@type\":\"EntryPoint\",\"urlTemplate\":\"https:\/\/www.notibras.com\/site\/?s={search_term_string}\"},\"query-input\":{\"@type\":\"PropertyValueSpecification\",\"valueRequired\":true,\"valueName\":\"search_term_string\"}}],\"inLanguage\":\"pt-BR\"},{\"@type\":\"Organization\",\"@id\":\"https:\/\/www.notibras.com\/site\/#organization\",\"name\":\"Grupo Notibras de Comunica\u00e7\u00e3o\",\"url\":\"https:\/\/www.notibras.com\/site\/\",\"logo\":{\"@type\":\"ImageObject\",\"inLanguage\":\"pt-BR\",\"@id\":\"https:\/\/www.notibras.com\/site\/#\/schema\/logo\/image\/\",\"url\":\"https:\/\/www.notibras.com\/site\/wp-content\/uploads\/2023\/01\/notibras23.png\",\"contentUrl\":\"https:\/\/www.notibras.com\/site\/wp-content\/uploads\/2023\/01\/notibras23.png\",\"width\":350,\"height\":87,\"caption\":\"Grupo Notibras de Comunica\u00e7\u00e3o\"},\"image\":{\"@id\":\"https:\/\/www.notibras.com\/site\/#\/schema\/logo\/image\/\"},\"sameAs\":[\"https:\/\/www.facebook.com\/notibras\/\",\"https:\/\/x.com\/Notibras\",\"https:\/\/www.instagram.com\/notibras\/\"]},{\"@type\":\"Person\",\"@id\":\"https:\/\/www.notibras.com\/site\/#\/schema\/person\/36ab0979449956132d3e5b517ea76ac8\",\"name\":\"Reda\u00e7\u00e3o\",\"image\":{\"@type\":\"ImageObject\",\"inLanguage\":\"pt-BR\",\"@id\":\"https:\/\/secure.gravatar.com\/avatar\/e0a867bdedb85fd243eadf09663511f96fc81e0720a4a42581f334ad4303aa6b?s=96&d=mm&r=g\",\"url\":\"https:\/\/secure.gravatar.com\/avatar\/e0a867bdedb85fd243eadf09663511f96fc81e0720a4a42581f334ad4303aa6b?s=96&d=mm&r=g\",\"contentUrl\":\"https:\/\/secure.gravatar.com\/avatar\/e0a867bdedb85fd243eadf09663511f96fc81e0720a4a42581f334ad4303aa6b?s=96&d=mm&r=g\",\"caption\":\"Reda\u00e7\u00e3o\"}}]}<\/script>\n<!-- \/ Yoast SEO plugin. -->","yoast_head_json":{"title":"Dilma corta verba e navega\u00e7\u00e3o do Capibaribe empaca - Notibras","robots":{"index":"index","follow":"follow","max-snippet":"max-snippet:-1","max-image-preview":"max-image-preview:large","max-video-preview":"max-video-preview:-1"},"canonical":"https:\/\/www.notibras.com\/site\/dilma-corta-verba-e-obras-de-navegacao-do-capibaribe-empacam\/","og_locale":"pt_BR","og_type":"article","og_title":"Dilma corta verba e navega\u00e7\u00e3o do Capibaribe empaca - Notibras","og_description":"As obras para tornar o Rio Capibaribe naveg\u00e1vel para transporte p\u00fablico fluvial est\u00e3o paralisadas. O projeto, que inclui a constru\u00e7\u00e3o de esta\u00e7\u00f5es de embarque e desembarque de passageiros, foi interrompido por falta de repasse de verba do governo federal, informou a Secretaria Estadual das Cidades. A dragagem do Capibaribe come\u00e7ou a ser executada em mar\u00e7o [&hellip;]","og_url":"https:\/\/www.notibras.com\/site\/dilma-corta-verba-e-obras-de-navegacao-do-capibaribe-empacam\/","og_site_name":"Notibras","article_publisher":"https:\/\/www.facebook.com\/notibras\/","article_published_time":"2014-02-11T13:39:56+00:00","article_modified_time":"2014-02-13T20:02:21+00:00","og_image":[{"width":448,"height":336,"url":"https:\/\/www.notibras.com\/site\/wp-content\/uploads\/2014\/02\/pe3.jpg","type":"image\/jpeg"}],"author":"Reda\u00e7\u00e3o","twitter_card":"summary_large_image","twitter_creator":"@Notibras","twitter_site":"@Notibras","twitter_misc":{"Escrito por":"Reda\u00e7\u00e3o","Est. tempo de leitura":"2 minutos"},"schema":{"@context":"https:\/\/schema.org","@graph":[{"@type":"Article","@id":"https:\/\/www.notibras.com\/site\/dilma-corta-verba-e-obras-de-navegacao-do-capibaribe-empacam\/#article","isPartOf":{"@id":"https:\/\/www.notibras.com\/site\/dilma-corta-verba-e-obras-de-navegacao-do-capibaribe-empacam\/"},"author":{"name":"Reda\u00e7\u00e3o","@id":"https:\/\/www.notibras.com\/site\/#\/schema\/person\/36ab0979449956132d3e5b517ea76ac8"},"headline":"Dilma corta verba e navega\u00e7\u00e3o do Capibaribe empaca","datePublished":"2014-02-11T13:39:56+00:00","dateModified":"2014-02-13T20:02:21+00:00","mainEntityOfPage":{"@id":"https:\/\/www.notibras.com\/site\/dilma-corta-verba-e-obras-de-navegacao-do-capibaribe-empacam\/"},"wordCount":360,"commentCount":0,"publisher":{"@id":"https:\/\/www.notibras.com\/site\/#organization"},"image":{"@id":"https:\/\/www.notibras.com\/site\/dilma-corta-verba-e-obras-de-navegacao-do-capibaribe-empacam\/#primaryimage"},"thumbnailUrl":"https:\/\/www.notibras.com\/site\/wp-content\/uploads\/2014\/02\/pe3.jpg","articleSection":["Bras\u00edlia"],"inLanguage":"pt-BR","potentialAction":[{"@type":"CommentAction","name":"Comment","target":["https:\/\/www.notibras.com\/site\/dilma-corta-verba-e-obras-de-navegacao-do-capibaribe-empacam\/#respond"]}]},{"@type":"WebPage","@id":"https:\/\/www.notibras.com\/site\/dilma-corta-verba-e-obras-de-navegacao-do-capibaribe-empacam\/","url":"https:\/\/www.notibras.com\/site\/dilma-corta-verba-e-obras-de-navegacao-do-capibaribe-empacam\/","name":"Dilma corta verba e navega\u00e7\u00e3o do Capibaribe empaca - Notibras","isPartOf":{"@id":"https:\/\/www.notibras.com\/site\/#website"},"primaryImageOfPage":{"@id":"https:\/\/www.notibras.com\/site\/dilma-corta-verba-e-obras-de-navegacao-do-capibaribe-empacam\/#primaryimage"},"image":{"@id":"https:\/\/www.notibras.com\/site\/dilma-corta-verba-e-obras-de-navegacao-do-capibaribe-empacam\/#primaryimage"},"thumbnailUrl":"https:\/\/www.notibras.com\/site\/wp-content\/uploads\/2014\/02\/pe3.jpg","datePublished":"2014-02-11T13:39:56+00:00","dateModified":"2014-02-13T20:02:21+00:00","breadcrumb":{"@id":"https:\/\/www.notibras.com\/site\/dilma-corta-verba-e-obras-de-navegacao-do-capibaribe-empacam\/#breadcrumb"},"inLanguage":"pt-BR","potentialAction":[{"@type":"ReadAction","target":["https:\/\/www.notibras.com\/site\/dilma-corta-verba-e-obras-de-navegacao-do-capibaribe-empacam\/"]}]},{"@type":"ImageObject","inLanguage":"pt-BR","@id":"https:\/\/www.notibras.com\/site\/dilma-corta-verba-e-obras-de-navegacao-do-capibaribe-empacam\/#primaryimage","url":"https:\/\/www.notibras.com\/site\/wp-content\/uploads\/2014\/02\/pe3.jpg","contentUrl":"https:\/\/www.notibras.com\/site\/wp-content\/uploads\/2014\/02\/pe3.jpg","width":448,"height":336},{"@type":"BreadcrumbList","@id":"https:\/\/www.notibras.com\/site\/dilma-corta-verba-e-obras-de-navegacao-do-capibaribe-empacam\/#breadcrumb","itemListElement":[{"@type":"ListItem","position":1,"name":"In\u00edcio","item":"https:\/\/www.notibras.com\/site\/"},{"@type":"ListItem","position":2,"name":"Dilma corta verba e navega\u00e7\u00e3o do Capibaribe empaca"}]},{"@type":"WebSite","@id":"https:\/\/www.notibras.com\/site\/#website","url":"https:\/\/www.notibras.com\/site\/","name":"Notibras","description":"Not\u00edcias de Bras\u00edlia, do Brasil e do Mundo","publisher":{"@id":"https:\/\/www.notibras.com\/site\/#organization"},"potentialAction":[{"@type":"SearchAction","target":{"@type":"EntryPoint","urlTemplate":"https:\/\/www.notibras.com\/site\/?s={search_term_string}"},"query-input":{"@type":"PropertyValueSpecification","valueRequired":true,"valueName":"search_term_string"}}],"inLanguage":"pt-BR"},{"@type":"Organization","@id":"https:\/\/www.notibras.com\/site\/#organization","name":"Grupo Notibras de Comunica\u00e7\u00e3o","url":"https:\/\/www.notibras.com\/site\/","logo":{"@type":"ImageObject","inLanguage":"pt-BR","@id":"https:\/\/www.notibras.com\/site\/#\/schema\/logo\/image\/","url":"https:\/\/www.notibras.com\/site\/wp-content\/uploads\/2023\/01\/notibras23.png","contentUrl":"https:\/\/www.notibras.com\/site\/wp-content\/uploads\/2023\/01\/notibras23.png","width":350,"height":87,"caption":"Grupo Notibras de Comunica\u00e7\u00e3o"},"image":{"@id":"https:\/\/www.notibras.com\/site\/#\/schema\/logo\/image\/"},"sameAs":["https:\/\/www.facebook.com\/notibras\/","https:\/\/x.com\/Notibras","https:\/\/www.instagram.com\/notibras\/"]},{"@type":"Person","@id":"https:\/\/www.notibras.com\/site\/#\/schema\/person\/36ab0979449956132d3e5b517ea76ac8","name":"Reda\u00e7\u00e3o","image":{"@type":"ImageObject","inLanguage":"pt-BR","@id":"https:\/\/secure.gravatar.com\/avatar\/e0a867bdedb85fd243eadf09663511f96fc81e0720a4a42581f334ad4303aa6b?s=96&d=mm&r=g","url":"https:\/\/secure.gravatar.com\/avatar\/e0a867bdedb85fd243eadf09663511f96fc81e0720a4a42581f334ad4303aa6b?s=96&d=mm&r=g","contentUrl":"https:\/\/secure.gravatar.com\/avatar\/e0a867bdedb85fd243eadf09663511f96fc81e0720a4a42581f334ad4303aa6b?s=96&d=mm&r=g","caption":"Reda\u00e7\u00e3o"}}]}},"amp_enabled":true,"_links":{"self":[{"href":"https:\/\/www.notibras.com\/site\/wp-json\/wp\/v2\/posts\/1145","targetHints":{"allow":["GET"]}}],"collection":[{"href":"https:\/\/www.notibras.com\/site\/wp-json\/wp\/v2\/posts"}],"about":[{"href":"https:\/\/www.notibras.com\/site\/wp-json\/wp\/v2\/types\/post"}],"author":[{"embeddable":true,"href":"https:\/\/www.notibras.com\/site\/wp-json\/wp\/v2\/users\/2"}],"replies":[{"embeddable":true,"href":"https:\/\/www.notibras.com\/site\/wp-json\/wp\/v2\/comments?post=1145"}],"version-history":[{"count":0,"href":"https:\/\/www.notibras.com\/site\/wp-json\/wp\/v2\/posts\/1145\/revisions"}],"wp:featuredmedia":[{"embeddable":true,"href":"https:\/\/www.notibras.com\/site\/wp-json\/wp\/v2\/media\/1146"}],"wp:attachment":[{"href":"https:\/\/www.notibras.com\/site\/wp-json\/wp\/v2\/media?parent=1145"}],"wp:term":[{"taxonomy":"category","embeddable":true,"href":"https:\/\/www.notibras.com\/site\/wp-json\/wp\/v2\/categories?post=1145"},{"taxonomy":"post_tag","embeddable":true,"href":"https:\/\/www.notibras.com\/site\/wp-json\/wp\/v2\/tags?post=1145"}],"curies":[{"name":"wp","href":"https:\/\/api.w.org\/{rel}","templated":true}]}}