{"id":11460,"date":"2014-05-29T10:42:21","date_gmt":"2014-05-29T13:42:21","guid":{"rendered":"http:\/\/www.notibras.com\/site\/?p=11460"},"modified":"2014-05-29T14:31:13","modified_gmt":"2014-05-29T17:31:13","slug":"irritado-com-calote-traficante-decepa-o-dedo-de-cliente-viciada-de-20-anos","status":"publish","type":"post","link":"https:\/\/www.notibras.com\/site\/irritado-com-calote-traficante-decepa-o-dedo-de-cliente-viciada-de-20-anos\/","title":{"rendered":"Irritado com calote, traficante decepa o dedo de mo\u00e7a de 22"},"content":{"rendered":"<p>Acusado de ser traficante, Fl\u00e1vio Lima da Silva, 20 anos, decepou com um alicate, o dedo m\u00ednimo de uma usu\u00e1ria de drogas, cliente dele, que comprou entorpecentes e n\u00e3o pagou a conta. A v\u00edtima \u00e9 usu\u00e1ria de coca\u00edna e tem 20 anos.<\/p>\n<p>O traficante foi preso em flagrante em \u00c1gua Boa, interior de Mato Grosso, e vai responder pelos crimes de tr\u00e1fico de drogas e tortura.<\/p>\n<p class=\"text\">Fl\u00e1vio \u00e9 investigado na cidade por envolvimento em diversas a\u00e7\u00f5es criminosas e acabou surpreendido pela pol\u00edcia na sua casa, no momento em que vendia entorpecentes. A pol\u00edcia apreendeu no local v\u00e1rias por\u00e7\u00f5es de droga e um ve\u00edculo Gol.<\/p>\n<p class=\"text\">Segundo a pol\u00edcia, esta n\u00e3o \u00e9 a primeira vez que Fl\u00e1vio teria torturado a usu\u00e1ria. Em fevereiro deste ano, ele teria tamb\u00e9m queimado o p\u00e9 dela para garantir que n\u00e3o o delatasse. O traficante tamb\u00e9m responde a outro inqu\u00e9rito pelo crime de homic\u00eddio, que teria cometido tamb\u00e9m com requintes de tortura.<\/p>\n<p class=\"text\">Ele teria executado Warlen da Silva Toledo, conhecido como Ferruginha, 21 anos, a golpes de faca. Al\u00e9m de perfurado, o corpo de Warlen foi parcialmente queimado e jogado \u00e0s margens de uma estrada vicinal a cerca de quatro quil\u00f4metros da cidade.<\/p>\n<p class=\"text\">A Pol\u00edcia T\u00e9cnica (Politec) vai realizar per\u00edcia no veiculo apreendido, por suspeita de ter sido encontrado sangue dentro do carro, que pode ser de Ferruginha. \u201cAinda n\u00e3o tem nada confirmado sobre isso, mas estamos investigando\u201d, afirma a delegada municipal de \u00c1gua Boa, Luciana Batista.<\/p>\n","protected":false},"excerpt":{"rendered":"<p>Acusado de ser traficante, Fl\u00e1vio Lima da Silva, 20 anos, decepou com um alicate, o dedo m\u00ednimo de uma usu\u00e1ria de drogas, cliente dele, que comprou entorpecentes e n\u00e3o pagou a conta. A v\u00edtima \u00e9 usu\u00e1ria de coca\u00edna e tem 20 anos. O traficante foi preso em flagrante em \u00c1gua Boa, interior de Mato Grosso, [&hellip;]<\/p>\n","protected":false},"author":2,"featured_media":11461,"comment_status":"open","ping_status":"closed","sticky":false,"template":"","format":"standard","meta":{"_acf_changed":false,"footnotes":""},"categories":[16],"tags":[],"class_list":["post-11460","post","type-post","status-publish","format-standard","has-post-thumbnail","hentry","category-brasil"],"acf":[],"yoast_head":"<!-- This site is optimized with the Yoast SEO plugin v27.2 - https:\/\/yoast.com\/product\/yoast-seo-wordpress\/ -->\n<title>Irritado com calote, traficante decepa o dedo de mo\u00e7a de 22 - Notibras<\/title>\n<meta name=\"robots\" content=\"index, follow, max-snippet:-1, max-image-preview:large, max-video-preview:-1\" \/>\n<link rel=\"canonical\" href=\"https:\/\/www.notibras.com\/site\/irritado-com-calote-traficante-decepa-o-dedo-de-cliente-viciada-de-20-anos\/\" \/>\n<meta property=\"og:locale\" content=\"pt_BR\" \/>\n<meta property=\"og:type\" content=\"article\" \/>\n<meta property=\"og:title\" content=\"Irritado com calote, traficante decepa o dedo de mo\u00e7a de 22 - Notibras\" \/>\n<meta property=\"og:description\" content=\"Acusado de ser traficante, Fl\u00e1vio Lima da Silva, 20 anos, decepou com um alicate, o dedo m\u00ednimo de uma usu\u00e1ria de drogas, cliente dele, que comprou entorpecentes e n\u00e3o pagou a conta. A v\u00edtima \u00e9 usu\u00e1ria de coca\u00edna e tem 20 anos. O traficante foi preso em flagrante em \u00c1gua Boa, interior de Mato Grosso, [&hellip;]\" \/>\n<meta property=\"og:url\" content=\"https:\/\/www.notibras.com\/site\/irritado-com-calote-traficante-decepa-o-dedo-de-cliente-viciada-de-20-anos\/\" \/>\n<meta property=\"og:site_name\" content=\"Notibras\" \/>\n<meta property=\"article:publisher\" content=\"https:\/\/www.facebook.com\/notibras\/\" \/>\n<meta property=\"article:published_time\" content=\"2014-05-29T13:42:21+00:00\" \/>\n<meta property=\"article:modified_time\" content=\"2014-05-29T17:31:13+00:00\" \/>\n<meta property=\"og:image\" content=\"https:\/\/www.notibras.com\/site\/wp-content\/uploads\/2014\/05\/traficante-preso-exibia-joias-e-ia-a-bailes-funk3a1d1d137f7fe9c92b4c09eceb6a480e.jpg\" \/>\n\t<meta property=\"og:image:width\" content=\"600\" \/>\n\t<meta property=\"og:image:height\" content=\"450\" \/>\n\t<meta property=\"og:image:type\" content=\"image\/jpeg\" \/>\n<meta name=\"author\" content=\"Reda\u00e7\u00e3o\" \/>\n<meta name=\"twitter:card\" content=\"summary_large_image\" \/>\n<meta name=\"twitter:creator\" content=\"@Notibras\" \/>\n<meta name=\"twitter:site\" content=\"@Notibras\" \/>\n<meta name=\"twitter:label1\" content=\"Escrito por\" \/>\n\t<meta name=\"twitter:data1\" content=\"Reda\u00e7\u00e3o\" \/>\n\t<meta name=\"twitter:label2\" content=\"Est. tempo de leitura\" \/>\n\t<meta name=\"twitter:data2\" content=\"1 minuto\" \/>\n<script type=\"application\/ld+json\" class=\"yoast-schema-graph\">{\"@context\":\"https:\/\/schema.org\",\"@graph\":[{\"@type\":\"Article\",\"@id\":\"https:\/\/www.notibras.com\/site\/irritado-com-calote-traficante-decepa-o-dedo-de-cliente-viciada-de-20-anos\/#article\",\"isPartOf\":{\"@id\":\"https:\/\/www.notibras.com\/site\/irritado-com-calote-traficante-decepa-o-dedo-de-cliente-viciada-de-20-anos\/\"},\"author\":{\"name\":\"Reda\u00e7\u00e3o\",\"@id\":\"https:\/\/www.notibras.com\/site\/#\/schema\/person\/36ab0979449956132d3e5b517ea76ac8\"},\"headline\":\"Irritado com calote, traficante decepa o dedo de mo\u00e7a de 22\",\"datePublished\":\"2014-05-29T13:42:21+00:00\",\"dateModified\":\"2014-05-29T17:31:13+00:00\",\"mainEntityOfPage\":{\"@id\":\"https:\/\/www.notibras.com\/site\/irritado-com-calote-traficante-decepa-o-dedo-de-cliente-viciada-de-20-anos\/\"},\"wordCount\":276,\"commentCount\":0,\"publisher\":{\"@id\":\"https:\/\/www.notibras.com\/site\/#organization\"},\"image\":{\"@id\":\"https:\/\/www.notibras.com\/site\/irritado-com-calote-traficante-decepa-o-dedo-de-cliente-viciada-de-20-anos\/#primaryimage\"},\"thumbnailUrl\":\"https:\/\/www.notibras.com\/site\/wp-content\/uploads\/2014\/05\/traficante-preso-exibia-joias-e-ia-a-bailes-funk3a1d1d137f7fe9c92b4c09eceb6a480e.jpg\",\"articleSection\":[\"Brasil\"],\"inLanguage\":\"pt-BR\",\"potentialAction\":[{\"@type\":\"CommentAction\",\"name\":\"Comment\",\"target\":[\"https:\/\/www.notibras.com\/site\/irritado-com-calote-traficante-decepa-o-dedo-de-cliente-viciada-de-20-anos\/#respond\"]}]},{\"@type\":\"WebPage\",\"@id\":\"https:\/\/www.notibras.com\/site\/irritado-com-calote-traficante-decepa-o-dedo-de-cliente-viciada-de-20-anos\/\",\"url\":\"https:\/\/www.notibras.com\/site\/irritado-com-calote-traficante-decepa-o-dedo-de-cliente-viciada-de-20-anos\/\",\"name\":\"Irritado com calote, traficante decepa o dedo de mo\u00e7a de 22 - Notibras\",\"isPartOf\":{\"@id\":\"https:\/\/www.notibras.com\/site\/#website\"},\"primaryImageOfPage\":{\"@id\":\"https:\/\/www.notibras.com\/site\/irritado-com-calote-traficante-decepa-o-dedo-de-cliente-viciada-de-20-anos\/#primaryimage\"},\"image\":{\"@id\":\"https:\/\/www.notibras.com\/site\/irritado-com-calote-traficante-decepa-o-dedo-de-cliente-viciada-de-20-anos\/#primaryimage\"},\"thumbnailUrl\":\"https:\/\/www.notibras.com\/site\/wp-content\/uploads\/2014\/05\/traficante-preso-exibia-joias-e-ia-a-bailes-funk3a1d1d137f7fe9c92b4c09eceb6a480e.jpg\",\"datePublished\":\"2014-05-29T13:42:21+00:00\",\"dateModified\":\"2014-05-29T17:31:13+00:00\",\"breadcrumb\":{\"@id\":\"https:\/\/www.notibras.com\/site\/irritado-com-calote-traficante-decepa-o-dedo-de-cliente-viciada-de-20-anos\/#breadcrumb\"},\"inLanguage\":\"pt-BR\",\"potentialAction\":[{\"@type\":\"ReadAction\",\"target\":[\"https:\/\/www.notibras.com\/site\/irritado-com-calote-traficante-decepa-o-dedo-de-cliente-viciada-de-20-anos\/\"]}]},{\"@type\":\"ImageObject\",\"inLanguage\":\"pt-BR\",\"@id\":\"https:\/\/www.notibras.com\/site\/irritado-com-calote-traficante-decepa-o-dedo-de-cliente-viciada-de-20-anos\/#primaryimage\",\"url\":\"https:\/\/www.notibras.com\/site\/wp-content\/uploads\/2014\/05\/traficante-preso-exibia-joias-e-ia-a-bailes-funk3a1d1d137f7fe9c92b4c09eceb6a480e.jpg\",\"contentUrl\":\"https:\/\/www.notibras.com\/site\/wp-content\/uploads\/2014\/05\/traficante-preso-exibia-joias-e-ia-a-bailes-funk3a1d1d137f7fe9c92b4c09eceb6a480e.jpg\",\"width\":600,\"height\":450},{\"@type\":\"BreadcrumbList\",\"@id\":\"https:\/\/www.notibras.com\/site\/irritado-com-calote-traficante-decepa-o-dedo-de-cliente-viciada-de-20-anos\/#breadcrumb\",\"itemListElement\":[{\"@type\":\"ListItem\",\"position\":1,\"name\":\"In\u00edcio\",\"item\":\"https:\/\/www.notibras.com\/site\/\"},{\"@type\":\"ListItem\",\"position\":2,\"name\":\"Irritado com calote, traficante decepa o dedo de mo\u00e7a de 22\"}]},{\"@type\":\"WebSite\",\"@id\":\"https:\/\/www.notibras.com\/site\/#website\",\"url\":\"https:\/\/www.notibras.com\/site\/\",\"name\":\"Notibras\",\"description\":\"Not\u00edcias de Bras\u00edlia, do Brasil e do Mundo\",\"publisher\":{\"@id\":\"https:\/\/www.notibras.com\/site\/#organization\"},\"potentialAction\":[{\"@type\":\"SearchAction\",\"target\":{\"@type\":\"EntryPoint\",\"urlTemplate\":\"https:\/\/www.notibras.com\/site\/?s={search_term_string}\"},\"query-input\":{\"@type\":\"PropertyValueSpecification\",\"valueRequired\":true,\"valueName\":\"search_term_string\"}}],\"inLanguage\":\"pt-BR\"},{\"@type\":\"Organization\",\"@id\":\"https:\/\/www.notibras.com\/site\/#organization\",\"name\":\"Grupo Notibras de Comunica\u00e7\u00e3o\",\"url\":\"https:\/\/www.notibras.com\/site\/\",\"logo\":{\"@type\":\"ImageObject\",\"inLanguage\":\"pt-BR\",\"@id\":\"https:\/\/www.notibras.com\/site\/#\/schema\/logo\/image\/\",\"url\":\"https:\/\/www.notibras.com\/site\/wp-content\/uploads\/2023\/01\/notibras23.png\",\"contentUrl\":\"https:\/\/www.notibras.com\/site\/wp-content\/uploads\/2023\/01\/notibras23.png\",\"width\":350,\"height\":87,\"caption\":\"Grupo Notibras de Comunica\u00e7\u00e3o\"},\"image\":{\"@id\":\"https:\/\/www.notibras.com\/site\/#\/schema\/logo\/image\/\"},\"sameAs\":[\"https:\/\/www.facebook.com\/notibras\/\",\"https:\/\/x.com\/Notibras\",\"https:\/\/www.instagram.com\/notibras\/\"]},{\"@type\":\"Person\",\"@id\":\"https:\/\/www.notibras.com\/site\/#\/schema\/person\/36ab0979449956132d3e5b517ea76ac8\",\"name\":\"Reda\u00e7\u00e3o\",\"image\":{\"@type\":\"ImageObject\",\"inLanguage\":\"pt-BR\",\"@id\":\"https:\/\/secure.gravatar.com\/avatar\/e0a867bdedb85fd243eadf09663511f96fc81e0720a4a42581f334ad4303aa6b?s=96&d=mm&r=g\",\"url\":\"https:\/\/secure.gravatar.com\/avatar\/e0a867bdedb85fd243eadf09663511f96fc81e0720a4a42581f334ad4303aa6b?s=96&d=mm&r=g\",\"contentUrl\":\"https:\/\/secure.gravatar.com\/avatar\/e0a867bdedb85fd243eadf09663511f96fc81e0720a4a42581f334ad4303aa6b?s=96&d=mm&r=g\",\"caption\":\"Reda\u00e7\u00e3o\"}}]}<\/script>\n<!-- \/ Yoast SEO plugin. -->","yoast_head_json":{"title":"Irritado com calote, traficante decepa o dedo de mo\u00e7a de 22 - Notibras","robots":{"index":"index","follow":"follow","max-snippet":"max-snippet:-1","max-image-preview":"max-image-preview:large","max-video-preview":"max-video-preview:-1"},"canonical":"https:\/\/www.notibras.com\/site\/irritado-com-calote-traficante-decepa-o-dedo-de-cliente-viciada-de-20-anos\/","og_locale":"pt_BR","og_type":"article","og_title":"Irritado com calote, traficante decepa o dedo de mo\u00e7a de 22 - Notibras","og_description":"Acusado de ser traficante, Fl\u00e1vio Lima da Silva, 20 anos, decepou com um alicate, o dedo m\u00ednimo de uma usu\u00e1ria de drogas, cliente dele, que comprou entorpecentes e n\u00e3o pagou a conta. A v\u00edtima \u00e9 usu\u00e1ria de coca\u00edna e tem 20 anos. O traficante foi preso em flagrante em \u00c1gua Boa, interior de Mato Grosso, [&hellip;]","og_url":"https:\/\/www.notibras.com\/site\/irritado-com-calote-traficante-decepa-o-dedo-de-cliente-viciada-de-20-anos\/","og_site_name":"Notibras","article_publisher":"https:\/\/www.facebook.com\/notibras\/","article_published_time":"2014-05-29T13:42:21+00:00","article_modified_time":"2014-05-29T17:31:13+00:00","og_image":[{"width":600,"height":450,"url":"https:\/\/www.notibras.com\/site\/wp-content\/uploads\/2014\/05\/traficante-preso-exibia-joias-e-ia-a-bailes-funk3a1d1d137f7fe9c92b4c09eceb6a480e.jpg","type":"image\/jpeg"}],"author":"Reda\u00e7\u00e3o","twitter_card":"summary_large_image","twitter_creator":"@Notibras","twitter_site":"@Notibras","twitter_misc":{"Escrito por":"Reda\u00e7\u00e3o","Est. tempo de leitura":"1 minuto"},"schema":{"@context":"https:\/\/schema.org","@graph":[{"@type":"Article","@id":"https:\/\/www.notibras.com\/site\/irritado-com-calote-traficante-decepa-o-dedo-de-cliente-viciada-de-20-anos\/#article","isPartOf":{"@id":"https:\/\/www.notibras.com\/site\/irritado-com-calote-traficante-decepa-o-dedo-de-cliente-viciada-de-20-anos\/"},"author":{"name":"Reda\u00e7\u00e3o","@id":"https:\/\/www.notibras.com\/site\/#\/schema\/person\/36ab0979449956132d3e5b517ea76ac8"},"headline":"Irritado com calote, traficante decepa o dedo de mo\u00e7a de 22","datePublished":"2014-05-29T13:42:21+00:00","dateModified":"2014-05-29T17:31:13+00:00","mainEntityOfPage":{"@id":"https:\/\/www.notibras.com\/site\/irritado-com-calote-traficante-decepa-o-dedo-de-cliente-viciada-de-20-anos\/"},"wordCount":276,"commentCount":0,"publisher":{"@id":"https:\/\/www.notibras.com\/site\/#organization"},"image":{"@id":"https:\/\/www.notibras.com\/site\/irritado-com-calote-traficante-decepa-o-dedo-de-cliente-viciada-de-20-anos\/#primaryimage"},"thumbnailUrl":"https:\/\/www.notibras.com\/site\/wp-content\/uploads\/2014\/05\/traficante-preso-exibia-joias-e-ia-a-bailes-funk3a1d1d137f7fe9c92b4c09eceb6a480e.jpg","articleSection":["Brasil"],"inLanguage":"pt-BR","potentialAction":[{"@type":"CommentAction","name":"Comment","target":["https:\/\/www.notibras.com\/site\/irritado-com-calote-traficante-decepa-o-dedo-de-cliente-viciada-de-20-anos\/#respond"]}]},{"@type":"WebPage","@id":"https:\/\/www.notibras.com\/site\/irritado-com-calote-traficante-decepa-o-dedo-de-cliente-viciada-de-20-anos\/","url":"https:\/\/www.notibras.com\/site\/irritado-com-calote-traficante-decepa-o-dedo-de-cliente-viciada-de-20-anos\/","name":"Irritado com calote, traficante decepa o dedo de mo\u00e7a de 22 - Notibras","isPartOf":{"@id":"https:\/\/www.notibras.com\/site\/#website"},"primaryImageOfPage":{"@id":"https:\/\/www.notibras.com\/site\/irritado-com-calote-traficante-decepa-o-dedo-de-cliente-viciada-de-20-anos\/#primaryimage"},"image":{"@id":"https:\/\/www.notibras.com\/site\/irritado-com-calote-traficante-decepa-o-dedo-de-cliente-viciada-de-20-anos\/#primaryimage"},"thumbnailUrl":"https:\/\/www.notibras.com\/site\/wp-content\/uploads\/2014\/05\/traficante-preso-exibia-joias-e-ia-a-bailes-funk3a1d1d137f7fe9c92b4c09eceb6a480e.jpg","datePublished":"2014-05-29T13:42:21+00:00","dateModified":"2014-05-29T17:31:13+00:00","breadcrumb":{"@id":"https:\/\/www.notibras.com\/site\/irritado-com-calote-traficante-decepa-o-dedo-de-cliente-viciada-de-20-anos\/#breadcrumb"},"inLanguage":"pt-BR","potentialAction":[{"@type":"ReadAction","target":["https:\/\/www.notibras.com\/site\/irritado-com-calote-traficante-decepa-o-dedo-de-cliente-viciada-de-20-anos\/"]}]},{"@type":"ImageObject","inLanguage":"pt-BR","@id":"https:\/\/www.notibras.com\/site\/irritado-com-calote-traficante-decepa-o-dedo-de-cliente-viciada-de-20-anos\/#primaryimage","url":"https:\/\/www.notibras.com\/site\/wp-content\/uploads\/2014\/05\/traficante-preso-exibia-joias-e-ia-a-bailes-funk3a1d1d137f7fe9c92b4c09eceb6a480e.jpg","contentUrl":"https:\/\/www.notibras.com\/site\/wp-content\/uploads\/2014\/05\/traficante-preso-exibia-joias-e-ia-a-bailes-funk3a1d1d137f7fe9c92b4c09eceb6a480e.jpg","width":600,"height":450},{"@type":"BreadcrumbList","@id":"https:\/\/www.notibras.com\/site\/irritado-com-calote-traficante-decepa-o-dedo-de-cliente-viciada-de-20-anos\/#breadcrumb","itemListElement":[{"@type":"ListItem","position":1,"name":"In\u00edcio","item":"https:\/\/www.notibras.com\/site\/"},{"@type":"ListItem","position":2,"name":"Irritado com calote, traficante decepa o dedo de mo\u00e7a de 22"}]},{"@type":"WebSite","@id":"https:\/\/www.notibras.com\/site\/#website","url":"https:\/\/www.notibras.com\/site\/","name":"Notibras","description":"Not\u00edcias de Bras\u00edlia, do Brasil e do Mundo","publisher":{"@id":"https:\/\/www.notibras.com\/site\/#organization"},"potentialAction":[{"@type":"SearchAction","target":{"@type":"EntryPoint","urlTemplate":"https:\/\/www.notibras.com\/site\/?s={search_term_string}"},"query-input":{"@type":"PropertyValueSpecification","valueRequired":true,"valueName":"search_term_string"}}],"inLanguage":"pt-BR"},{"@type":"Organization","@id":"https:\/\/www.notibras.com\/site\/#organization","name":"Grupo Notibras de Comunica\u00e7\u00e3o","url":"https:\/\/www.notibras.com\/site\/","logo":{"@type":"ImageObject","inLanguage":"pt-BR","@id":"https:\/\/www.notibras.com\/site\/#\/schema\/logo\/image\/","url":"https:\/\/www.notibras.com\/site\/wp-content\/uploads\/2023\/01\/notibras23.png","contentUrl":"https:\/\/www.notibras.com\/site\/wp-content\/uploads\/2023\/01\/notibras23.png","width":350,"height":87,"caption":"Grupo Notibras de Comunica\u00e7\u00e3o"},"image":{"@id":"https:\/\/www.notibras.com\/site\/#\/schema\/logo\/image\/"},"sameAs":["https:\/\/www.facebook.com\/notibras\/","https:\/\/x.com\/Notibras","https:\/\/www.instagram.com\/notibras\/"]},{"@type":"Person","@id":"https:\/\/www.notibras.com\/site\/#\/schema\/person\/36ab0979449956132d3e5b517ea76ac8","name":"Reda\u00e7\u00e3o","image":{"@type":"ImageObject","inLanguage":"pt-BR","@id":"https:\/\/secure.gravatar.com\/avatar\/e0a867bdedb85fd243eadf09663511f96fc81e0720a4a42581f334ad4303aa6b?s=96&d=mm&r=g","url":"https:\/\/secure.gravatar.com\/avatar\/e0a867bdedb85fd243eadf09663511f96fc81e0720a4a42581f334ad4303aa6b?s=96&d=mm&r=g","contentUrl":"https:\/\/secure.gravatar.com\/avatar\/e0a867bdedb85fd243eadf09663511f96fc81e0720a4a42581f334ad4303aa6b?s=96&d=mm&r=g","caption":"Reda\u00e7\u00e3o"}}]}},"amp_enabled":true,"_links":{"self":[{"href":"https:\/\/www.notibras.com\/site\/wp-json\/wp\/v2\/posts\/11460","targetHints":{"allow":["GET"]}}],"collection":[{"href":"https:\/\/www.notibras.com\/site\/wp-json\/wp\/v2\/posts"}],"about":[{"href":"https:\/\/www.notibras.com\/site\/wp-json\/wp\/v2\/types\/post"}],"author":[{"embeddable":true,"href":"https:\/\/www.notibras.com\/site\/wp-json\/wp\/v2\/users\/2"}],"replies":[{"embeddable":true,"href":"https:\/\/www.notibras.com\/site\/wp-json\/wp\/v2\/comments?post=11460"}],"version-history":[{"count":0,"href":"https:\/\/www.notibras.com\/site\/wp-json\/wp\/v2\/posts\/11460\/revisions"}],"wp:featuredmedia":[{"embeddable":true,"href":"https:\/\/www.notibras.com\/site\/wp-json\/wp\/v2\/media\/11461"}],"wp:attachment":[{"href":"https:\/\/www.notibras.com\/site\/wp-json\/wp\/v2\/media?parent=11460"}],"wp:term":[{"taxonomy":"category","embeddable":true,"href":"https:\/\/www.notibras.com\/site\/wp-json\/wp\/v2\/categories?post=11460"},{"taxonomy":"post_tag","embeddable":true,"href":"https:\/\/www.notibras.com\/site\/wp-json\/wp\/v2\/tags?post=11460"}],"curies":[{"name":"wp","href":"https:\/\/api.w.org\/{rel}","templated":true}]}}