{"id":11477,"date":"2014-05-29T14:29:59","date_gmt":"2014-05-29T17:29:59","guid":{"rendered":"http:\/\/www.notibras.com\/site\/?p=11477"},"modified":"2014-05-29T20:23:56","modified_gmt":"2014-05-29T23:23:56","slug":"joaquim-da-as-costas-ao-poder-do-supremo-e-anuncia-a-aposentadoria","status":"publish","type":"post","link":"https:\/\/www.notibras.com\/site\/joaquim-da-as-costas-ao-poder-do-supremo-e-anuncia-a-aposentadoria\/","title":{"rendered":"Joaquim d\u00e1 costas ao poder (do Supremo) e anuncia aposentadoria para junho"},"content":{"rendered":"<p><span class=\"s1\">Lembrado por diferentes segmentos da sociedade como um forte nome para disputar a presid\u00eancia da Rep\u00fablica, o ministro Joaquim Barbosa, presidente do Supremo Tribunal Federal, est\u00e1 deixando o poder para tr\u00e1s. A aposentadoria deve ser oficializada nesta quinta-feira, mas j\u00e1 foi antecipada pelos presidentes do Senado Renan Calheiros e da C\u00e2mara, Henrique Eduardo Alves.<\/span><\/p>\n<p><span class=\"s1\">Joaquim Barbosa esteve logo cedo em uma audi\u00eancia privada com a presidente Dilma Rousseff. Do Pal\u00e1cio do Planalto, ele foi at\u00e9 o congresso, onde conversou com os presidentes das duas Casas legislativas. Ele n\u00e3o revelou publicamente os motivos de sua decis\u00e3o.<\/span><\/p>\n<p class=\"p1\">&#8220;Ele disse que vai deixar o Supremo. Comunicou que a visita era uma oportunidade para se despedir&#8221;, contou Renan, ap\u00f3s receber Barbosa em seu gabinete, acrescentando que a informa\u00e7\u00e3o o pegou de surpresa. &#8220;Ele vai se aposentar. Sentimos muito porque ele \u00e9 uma das melhores personalidades do Brasil. Isso \u00e9 muito triste.&#8221;<\/p>\n<p class=\"p1\">Durante o encontro, Barbosa foi questionado por senadores se estaria se aposentando para sair candidato nas elei\u00e7\u00f5es de outubro. Segundo os senadores, ele respondeu com um sorriso e disse que deve se dividir entre Bras\u00edlia e o Rio de Janeiro.<\/p>\n<p class=\"p1\">Pela legisla\u00e7\u00e3o eleitoral, magistrados t\u00eam at\u00e9 o dia 30 de junho para se filiarem a partidos caso desejem disputar as elei\u00e7\u00f5es, mas no caso de Barbosa ele deveria ter se desincompatibilizado at\u00e9 o dia 5 de abril.<\/p>\n<p class=\"p1\">A \u00a0Lei Complementar n\u00ba 64\/1990 detalha que magistrados, secret\u00e1rios estaduais e ministros de Estado que pretendem concorrer nas Elei\u00e7\u00f5es devem deixar as suas fun\u00e7\u00f5es at\u00e9 seis meses antes do pleito de outubro. Caso contr\u00e1rio, ser\u00e3o considerados ineleg\u00edveis. Dessa forma, ele s\u00f3 pode se candidatar a partir das elei\u00e7\u00f5es de 2016.<\/p>\n<p class=\"p1\">Joaquim Barbosa tem 59 anos e est\u00e1 no STF desde 2003. Desde 2012 \u00e9 presidente da Corte. Ele foi o respons\u00e1vel por comandar o julgamento do mensal\u00e3o, o maior da hist\u00f3ria do STF. Com a popularidade que adquiriu no processo,\u00a0no qual foi relator, o nome de Barbosa\u00a0chegou a aparecer em algumas pesquisas de opini\u00e3o para as elei\u00e7\u00f5es de 2014\u00a0para presidente.<\/p>\n<p class=\"p1\">\n","protected":false},"excerpt":{"rendered":"<p>Lembrado por diferentes segmentos da sociedade como um forte nome para disputar a presid\u00eancia da Rep\u00fablica, o ministro Joaquim Barbosa, presidente do Supremo Tribunal Federal, est\u00e1 deixando o poder para tr\u00e1s. A aposentadoria deve ser oficializada nesta quinta-feira, mas j\u00e1 foi antecipada pelos presidentes do Senado Renan Calheiros e da C\u00e2mara, Henrique Eduardo Alves. Joaquim [&hellip;]<\/p>\n","protected":false},"author":2,"featured_media":11478,"comment_status":"open","ping_status":"closed","sticky":false,"template":"","format":"standard","meta":{"_acf_changed":false,"footnotes":""},"categories":[16],"tags":[],"class_list":["post-11477","post","type-post","status-publish","format-standard","has-post-thumbnail","hentry","category-brasil"],"acf":[],"yoast_head":"<!-- This site is optimized with the Yoast SEO plugin v27.2 - https:\/\/yoast.com\/product\/yoast-seo-wordpress\/ -->\n<title>Joaquim d\u00e1 costas ao poder (do Supremo) e anuncia aposentadoria para junho - Notibras<\/title>\n<meta name=\"robots\" content=\"index, follow, max-snippet:-1, max-image-preview:large, max-video-preview:-1\" \/>\n<link rel=\"canonical\" href=\"https:\/\/www.notibras.com\/site\/joaquim-da-as-costas-ao-poder-do-supremo-e-anuncia-a-aposentadoria\/\" \/>\n<meta property=\"og:locale\" content=\"pt_BR\" \/>\n<meta property=\"og:type\" content=\"article\" \/>\n<meta property=\"og:title\" content=\"Joaquim d\u00e1 costas ao poder (do Supremo) e anuncia aposentadoria para junho - Notibras\" \/>\n<meta property=\"og:description\" content=\"Lembrado por diferentes segmentos da sociedade como um forte nome para disputar a presid\u00eancia da Rep\u00fablica, o ministro Joaquim Barbosa, presidente do Supremo Tribunal Federal, est\u00e1 deixando o poder para tr\u00e1s. A aposentadoria deve ser oficializada nesta quinta-feira, mas j\u00e1 foi antecipada pelos presidentes do Senado Renan Calheiros e da C\u00e2mara, Henrique Eduardo Alves. Joaquim [&hellip;]\" \/>\n<meta property=\"og:url\" content=\"https:\/\/www.notibras.com\/site\/joaquim-da-as-costas-ao-poder-do-supremo-e-anuncia-a-aposentadoria\/\" \/>\n<meta property=\"og:site_name\" content=\"Notibras\" \/>\n<meta property=\"article:publisher\" content=\"https:\/\/www.facebook.com\/notibras\/\" \/>\n<meta property=\"article:published_time\" content=\"2014-05-29T17:29:59+00:00\" \/>\n<meta property=\"article:modified_time\" content=\"2014-05-29T23:23:56+00:00\" \/>\n<meta property=\"og:image\" content=\"https:\/\/www.notibras.com\/site\/wp-content\/uploads\/2014\/05\/joaquimbarbosafalaexamegabrielabilofut.jpg\" \/>\n\t<meta property=\"og:image:width\" content=\"460\" \/>\n\t<meta property=\"og:image:height\" content=\"340\" \/>\n\t<meta property=\"og:image:type\" content=\"image\/jpeg\" \/>\n<meta name=\"author\" content=\"Reda\u00e7\u00e3o\" \/>\n<meta name=\"twitter:card\" content=\"summary_large_image\" \/>\n<meta name=\"twitter:creator\" content=\"@Notibras\" \/>\n<meta name=\"twitter:site\" content=\"@Notibras\" \/>\n<meta name=\"twitter:label1\" content=\"Escrito por\" \/>\n\t<meta name=\"twitter:data1\" content=\"Reda\u00e7\u00e3o\" \/>\n\t<meta name=\"twitter:label2\" content=\"Est. tempo de leitura\" \/>\n\t<meta name=\"twitter:data2\" content=\"2 minutos\" \/>\n<script type=\"application\/ld+json\" class=\"yoast-schema-graph\">{\"@context\":\"https:\/\/schema.org\",\"@graph\":[{\"@type\":\"Article\",\"@id\":\"https:\/\/www.notibras.com\/site\/joaquim-da-as-costas-ao-poder-do-supremo-e-anuncia-a-aposentadoria\/#article\",\"isPartOf\":{\"@id\":\"https:\/\/www.notibras.com\/site\/joaquim-da-as-costas-ao-poder-do-supremo-e-anuncia-a-aposentadoria\/\"},\"author\":{\"name\":\"Reda\u00e7\u00e3o\",\"@id\":\"https:\/\/www.notibras.com\/site\/#\/schema\/person\/36ab0979449956132d3e5b517ea76ac8\"},\"headline\":\"Joaquim d\u00e1 costas ao poder (do Supremo) e anuncia aposentadoria para junho\",\"datePublished\":\"2014-05-29T17:29:59+00:00\",\"dateModified\":\"2014-05-29T23:23:56+00:00\",\"mainEntityOfPage\":{\"@id\":\"https:\/\/www.notibras.com\/site\/joaquim-da-as-costas-ao-poder-do-supremo-e-anuncia-a-aposentadoria\/\"},\"wordCount\":365,\"commentCount\":0,\"publisher\":{\"@id\":\"https:\/\/www.notibras.com\/site\/#organization\"},\"image\":{\"@id\":\"https:\/\/www.notibras.com\/site\/joaquim-da-as-costas-ao-poder-do-supremo-e-anuncia-a-aposentadoria\/#primaryimage\"},\"thumbnailUrl\":\"https:\/\/www.notibras.com\/site\/wp-content\/uploads\/2014\/05\/joaquimbarbosafalaexamegabrielabilofut.jpg\",\"articleSection\":[\"Brasil\"],\"inLanguage\":\"pt-BR\",\"potentialAction\":[{\"@type\":\"CommentAction\",\"name\":\"Comment\",\"target\":[\"https:\/\/www.notibras.com\/site\/joaquim-da-as-costas-ao-poder-do-supremo-e-anuncia-a-aposentadoria\/#respond\"]}]},{\"@type\":\"WebPage\",\"@id\":\"https:\/\/www.notibras.com\/site\/joaquim-da-as-costas-ao-poder-do-supremo-e-anuncia-a-aposentadoria\/\",\"url\":\"https:\/\/www.notibras.com\/site\/joaquim-da-as-costas-ao-poder-do-supremo-e-anuncia-a-aposentadoria\/\",\"name\":\"Joaquim d\u00e1 costas ao poder (do Supremo) e anuncia aposentadoria para junho - Notibras\",\"isPartOf\":{\"@id\":\"https:\/\/www.notibras.com\/site\/#website\"},\"primaryImageOfPage\":{\"@id\":\"https:\/\/www.notibras.com\/site\/joaquim-da-as-costas-ao-poder-do-supremo-e-anuncia-a-aposentadoria\/#primaryimage\"},\"image\":{\"@id\":\"https:\/\/www.notibras.com\/site\/joaquim-da-as-costas-ao-poder-do-supremo-e-anuncia-a-aposentadoria\/#primaryimage\"},\"thumbnailUrl\":\"https:\/\/www.notibras.com\/site\/wp-content\/uploads\/2014\/05\/joaquimbarbosafalaexamegabrielabilofut.jpg\",\"datePublished\":\"2014-05-29T17:29:59+00:00\",\"dateModified\":\"2014-05-29T23:23:56+00:00\",\"breadcrumb\":{\"@id\":\"https:\/\/www.notibras.com\/site\/joaquim-da-as-costas-ao-poder-do-supremo-e-anuncia-a-aposentadoria\/#breadcrumb\"},\"inLanguage\":\"pt-BR\",\"potentialAction\":[{\"@type\":\"ReadAction\",\"target\":[\"https:\/\/www.notibras.com\/site\/joaquim-da-as-costas-ao-poder-do-supremo-e-anuncia-a-aposentadoria\/\"]}]},{\"@type\":\"ImageObject\",\"inLanguage\":\"pt-BR\",\"@id\":\"https:\/\/www.notibras.com\/site\/joaquim-da-as-costas-ao-poder-do-supremo-e-anuncia-a-aposentadoria\/#primaryimage\",\"url\":\"https:\/\/www.notibras.com\/site\/wp-content\/uploads\/2014\/05\/joaquimbarbosafalaexamegabrielabilofut.jpg\",\"contentUrl\":\"https:\/\/www.notibras.com\/site\/wp-content\/uploads\/2014\/05\/joaquimbarbosafalaexamegabrielabilofut.jpg\",\"width\":460,\"height\":340},{\"@type\":\"BreadcrumbList\",\"@id\":\"https:\/\/www.notibras.com\/site\/joaquim-da-as-costas-ao-poder-do-supremo-e-anuncia-a-aposentadoria\/#breadcrumb\",\"itemListElement\":[{\"@type\":\"ListItem\",\"position\":1,\"name\":\"In\u00edcio\",\"item\":\"https:\/\/www.notibras.com\/site\/\"},{\"@type\":\"ListItem\",\"position\":2,\"name\":\"Joaquim d\u00e1 costas ao poder (do Supremo) e anuncia aposentadoria para junho\"}]},{\"@type\":\"WebSite\",\"@id\":\"https:\/\/www.notibras.com\/site\/#website\",\"url\":\"https:\/\/www.notibras.com\/site\/\",\"name\":\"Notibras\",\"description\":\"Not\u00edcias de Bras\u00edlia, do Brasil e do Mundo\",\"publisher\":{\"@id\":\"https:\/\/www.notibras.com\/site\/#organization\"},\"potentialAction\":[{\"@type\":\"SearchAction\",\"target\":{\"@type\":\"EntryPoint\",\"urlTemplate\":\"https:\/\/www.notibras.com\/site\/?s={search_term_string}\"},\"query-input\":{\"@type\":\"PropertyValueSpecification\",\"valueRequired\":true,\"valueName\":\"search_term_string\"}}],\"inLanguage\":\"pt-BR\"},{\"@type\":\"Organization\",\"@id\":\"https:\/\/www.notibras.com\/site\/#organization\",\"name\":\"Grupo Notibras de Comunica\u00e7\u00e3o\",\"url\":\"https:\/\/www.notibras.com\/site\/\",\"logo\":{\"@type\":\"ImageObject\",\"inLanguage\":\"pt-BR\",\"@id\":\"https:\/\/www.notibras.com\/site\/#\/schema\/logo\/image\/\",\"url\":\"https:\/\/www.notibras.com\/site\/wp-content\/uploads\/2023\/01\/notibras23.png\",\"contentUrl\":\"https:\/\/www.notibras.com\/site\/wp-content\/uploads\/2023\/01\/notibras23.png\",\"width\":350,\"height\":87,\"caption\":\"Grupo Notibras de Comunica\u00e7\u00e3o\"},\"image\":{\"@id\":\"https:\/\/www.notibras.com\/site\/#\/schema\/logo\/image\/\"},\"sameAs\":[\"https:\/\/www.facebook.com\/notibras\/\",\"https:\/\/x.com\/Notibras\",\"https:\/\/www.instagram.com\/notibras\/\"]},{\"@type\":\"Person\",\"@id\":\"https:\/\/www.notibras.com\/site\/#\/schema\/person\/36ab0979449956132d3e5b517ea76ac8\",\"name\":\"Reda\u00e7\u00e3o\",\"image\":{\"@type\":\"ImageObject\",\"inLanguage\":\"pt-BR\",\"@id\":\"https:\/\/secure.gravatar.com\/avatar\/e0a867bdedb85fd243eadf09663511f96fc81e0720a4a42581f334ad4303aa6b?s=96&d=mm&r=g\",\"url\":\"https:\/\/secure.gravatar.com\/avatar\/e0a867bdedb85fd243eadf09663511f96fc81e0720a4a42581f334ad4303aa6b?s=96&d=mm&r=g\",\"contentUrl\":\"https:\/\/secure.gravatar.com\/avatar\/e0a867bdedb85fd243eadf09663511f96fc81e0720a4a42581f334ad4303aa6b?s=96&d=mm&r=g\",\"caption\":\"Reda\u00e7\u00e3o\"}}]}<\/script>\n<!-- \/ Yoast SEO plugin. -->","yoast_head_json":{"title":"Joaquim d\u00e1 costas ao poder (do Supremo) e anuncia aposentadoria para junho - Notibras","robots":{"index":"index","follow":"follow","max-snippet":"max-snippet:-1","max-image-preview":"max-image-preview:large","max-video-preview":"max-video-preview:-1"},"canonical":"https:\/\/www.notibras.com\/site\/joaquim-da-as-costas-ao-poder-do-supremo-e-anuncia-a-aposentadoria\/","og_locale":"pt_BR","og_type":"article","og_title":"Joaquim d\u00e1 costas ao poder (do Supremo) e anuncia aposentadoria para junho - Notibras","og_description":"Lembrado por diferentes segmentos da sociedade como um forte nome para disputar a presid\u00eancia da Rep\u00fablica, o ministro Joaquim Barbosa, presidente do Supremo Tribunal Federal, est\u00e1 deixando o poder para tr\u00e1s. A aposentadoria deve ser oficializada nesta quinta-feira, mas j\u00e1 foi antecipada pelos presidentes do Senado Renan Calheiros e da C\u00e2mara, Henrique Eduardo Alves. Joaquim [&hellip;]","og_url":"https:\/\/www.notibras.com\/site\/joaquim-da-as-costas-ao-poder-do-supremo-e-anuncia-a-aposentadoria\/","og_site_name":"Notibras","article_publisher":"https:\/\/www.facebook.com\/notibras\/","article_published_time":"2014-05-29T17:29:59+00:00","article_modified_time":"2014-05-29T23:23:56+00:00","og_image":[{"width":460,"height":340,"url":"https:\/\/www.notibras.com\/site\/wp-content\/uploads\/2014\/05\/joaquimbarbosafalaexamegabrielabilofut.jpg","type":"image\/jpeg"}],"author":"Reda\u00e7\u00e3o","twitter_card":"summary_large_image","twitter_creator":"@Notibras","twitter_site":"@Notibras","twitter_misc":{"Escrito por":"Reda\u00e7\u00e3o","Est. tempo de leitura":"2 minutos"},"schema":{"@context":"https:\/\/schema.org","@graph":[{"@type":"Article","@id":"https:\/\/www.notibras.com\/site\/joaquim-da-as-costas-ao-poder-do-supremo-e-anuncia-a-aposentadoria\/#article","isPartOf":{"@id":"https:\/\/www.notibras.com\/site\/joaquim-da-as-costas-ao-poder-do-supremo-e-anuncia-a-aposentadoria\/"},"author":{"name":"Reda\u00e7\u00e3o","@id":"https:\/\/www.notibras.com\/site\/#\/schema\/person\/36ab0979449956132d3e5b517ea76ac8"},"headline":"Joaquim d\u00e1 costas ao poder (do Supremo) e anuncia aposentadoria para junho","datePublished":"2014-05-29T17:29:59+00:00","dateModified":"2014-05-29T23:23:56+00:00","mainEntityOfPage":{"@id":"https:\/\/www.notibras.com\/site\/joaquim-da-as-costas-ao-poder-do-supremo-e-anuncia-a-aposentadoria\/"},"wordCount":365,"commentCount":0,"publisher":{"@id":"https:\/\/www.notibras.com\/site\/#organization"},"image":{"@id":"https:\/\/www.notibras.com\/site\/joaquim-da-as-costas-ao-poder-do-supremo-e-anuncia-a-aposentadoria\/#primaryimage"},"thumbnailUrl":"https:\/\/www.notibras.com\/site\/wp-content\/uploads\/2014\/05\/joaquimbarbosafalaexamegabrielabilofut.jpg","articleSection":["Brasil"],"inLanguage":"pt-BR","potentialAction":[{"@type":"CommentAction","name":"Comment","target":["https:\/\/www.notibras.com\/site\/joaquim-da-as-costas-ao-poder-do-supremo-e-anuncia-a-aposentadoria\/#respond"]}]},{"@type":"WebPage","@id":"https:\/\/www.notibras.com\/site\/joaquim-da-as-costas-ao-poder-do-supremo-e-anuncia-a-aposentadoria\/","url":"https:\/\/www.notibras.com\/site\/joaquim-da-as-costas-ao-poder-do-supremo-e-anuncia-a-aposentadoria\/","name":"Joaquim d\u00e1 costas ao poder (do Supremo) e anuncia aposentadoria para junho - Notibras","isPartOf":{"@id":"https:\/\/www.notibras.com\/site\/#website"},"primaryImageOfPage":{"@id":"https:\/\/www.notibras.com\/site\/joaquim-da-as-costas-ao-poder-do-supremo-e-anuncia-a-aposentadoria\/#primaryimage"},"image":{"@id":"https:\/\/www.notibras.com\/site\/joaquim-da-as-costas-ao-poder-do-supremo-e-anuncia-a-aposentadoria\/#primaryimage"},"thumbnailUrl":"https:\/\/www.notibras.com\/site\/wp-content\/uploads\/2014\/05\/joaquimbarbosafalaexamegabrielabilofut.jpg","datePublished":"2014-05-29T17:29:59+00:00","dateModified":"2014-05-29T23:23:56+00:00","breadcrumb":{"@id":"https:\/\/www.notibras.com\/site\/joaquim-da-as-costas-ao-poder-do-supremo-e-anuncia-a-aposentadoria\/#breadcrumb"},"inLanguage":"pt-BR","potentialAction":[{"@type":"ReadAction","target":["https:\/\/www.notibras.com\/site\/joaquim-da-as-costas-ao-poder-do-supremo-e-anuncia-a-aposentadoria\/"]}]},{"@type":"ImageObject","inLanguage":"pt-BR","@id":"https:\/\/www.notibras.com\/site\/joaquim-da-as-costas-ao-poder-do-supremo-e-anuncia-a-aposentadoria\/#primaryimage","url":"https:\/\/www.notibras.com\/site\/wp-content\/uploads\/2014\/05\/joaquimbarbosafalaexamegabrielabilofut.jpg","contentUrl":"https:\/\/www.notibras.com\/site\/wp-content\/uploads\/2014\/05\/joaquimbarbosafalaexamegabrielabilofut.jpg","width":460,"height":340},{"@type":"BreadcrumbList","@id":"https:\/\/www.notibras.com\/site\/joaquim-da-as-costas-ao-poder-do-supremo-e-anuncia-a-aposentadoria\/#breadcrumb","itemListElement":[{"@type":"ListItem","position":1,"name":"In\u00edcio","item":"https:\/\/www.notibras.com\/site\/"},{"@type":"ListItem","position":2,"name":"Joaquim d\u00e1 costas ao poder (do Supremo) e anuncia aposentadoria para junho"}]},{"@type":"WebSite","@id":"https:\/\/www.notibras.com\/site\/#website","url":"https:\/\/www.notibras.com\/site\/","name":"Notibras","description":"Not\u00edcias de Bras\u00edlia, do Brasil e do Mundo","publisher":{"@id":"https:\/\/www.notibras.com\/site\/#organization"},"potentialAction":[{"@type":"SearchAction","target":{"@type":"EntryPoint","urlTemplate":"https:\/\/www.notibras.com\/site\/?s={search_term_string}"},"query-input":{"@type":"PropertyValueSpecification","valueRequired":true,"valueName":"search_term_string"}}],"inLanguage":"pt-BR"},{"@type":"Organization","@id":"https:\/\/www.notibras.com\/site\/#organization","name":"Grupo Notibras de Comunica\u00e7\u00e3o","url":"https:\/\/www.notibras.com\/site\/","logo":{"@type":"ImageObject","inLanguage":"pt-BR","@id":"https:\/\/www.notibras.com\/site\/#\/schema\/logo\/image\/","url":"https:\/\/www.notibras.com\/site\/wp-content\/uploads\/2023\/01\/notibras23.png","contentUrl":"https:\/\/www.notibras.com\/site\/wp-content\/uploads\/2023\/01\/notibras23.png","width":350,"height":87,"caption":"Grupo Notibras de Comunica\u00e7\u00e3o"},"image":{"@id":"https:\/\/www.notibras.com\/site\/#\/schema\/logo\/image\/"},"sameAs":["https:\/\/www.facebook.com\/notibras\/","https:\/\/x.com\/Notibras","https:\/\/www.instagram.com\/notibras\/"]},{"@type":"Person","@id":"https:\/\/www.notibras.com\/site\/#\/schema\/person\/36ab0979449956132d3e5b517ea76ac8","name":"Reda\u00e7\u00e3o","image":{"@type":"ImageObject","inLanguage":"pt-BR","@id":"https:\/\/secure.gravatar.com\/avatar\/e0a867bdedb85fd243eadf09663511f96fc81e0720a4a42581f334ad4303aa6b?s=96&d=mm&r=g","url":"https:\/\/secure.gravatar.com\/avatar\/e0a867bdedb85fd243eadf09663511f96fc81e0720a4a42581f334ad4303aa6b?s=96&d=mm&r=g","contentUrl":"https:\/\/secure.gravatar.com\/avatar\/e0a867bdedb85fd243eadf09663511f96fc81e0720a4a42581f334ad4303aa6b?s=96&d=mm&r=g","caption":"Reda\u00e7\u00e3o"}}]}},"amp_enabled":true,"_links":{"self":[{"href":"https:\/\/www.notibras.com\/site\/wp-json\/wp\/v2\/posts\/11477","targetHints":{"allow":["GET"]}}],"collection":[{"href":"https:\/\/www.notibras.com\/site\/wp-json\/wp\/v2\/posts"}],"about":[{"href":"https:\/\/www.notibras.com\/site\/wp-json\/wp\/v2\/types\/post"}],"author":[{"embeddable":true,"href":"https:\/\/www.notibras.com\/site\/wp-json\/wp\/v2\/users\/2"}],"replies":[{"embeddable":true,"href":"https:\/\/www.notibras.com\/site\/wp-json\/wp\/v2\/comments?post=11477"}],"version-history":[{"count":0,"href":"https:\/\/www.notibras.com\/site\/wp-json\/wp\/v2\/posts\/11477\/revisions"}],"wp:featuredmedia":[{"embeddable":true,"href":"https:\/\/www.notibras.com\/site\/wp-json\/wp\/v2\/media\/11478"}],"wp:attachment":[{"href":"https:\/\/www.notibras.com\/site\/wp-json\/wp\/v2\/media?parent=11477"}],"wp:term":[{"taxonomy":"category","embeddable":true,"href":"https:\/\/www.notibras.com\/site\/wp-json\/wp\/v2\/categories?post=11477"},{"taxonomy":"post_tag","embeddable":true,"href":"https:\/\/www.notibras.com\/site\/wp-json\/wp\/v2\/tags?post=11477"}],"curies":[{"name":"wp","href":"https:\/\/api.w.org\/{rel}","templated":true}]}}