{"id":114796,"date":"2016-09-08T08:36:21","date_gmt":"2016-09-08T11:36:21","guid":{"rendered":"http:\/\/www.notibras.com\/site\/?p=114796"},"modified":"2016-09-08T10:38:19","modified_gmt":"2016-09-08T13:38:19","slug":"preparar-a-mao-de-obra-qualificada-tambem-e-uma-obrigacao-das-empresas","status":"publish","type":"post","link":"https:\/\/www.notibras.com\/site\/preparar-a-mao-de-obra-qualificada-tambem-e-uma-obrigacao-das-empresas\/","title":{"rendered":"Preparar a m\u00e3o-de-obra qualificada tamb\u00e9m \u00e9 uma obriga\u00e7\u00e3o das empresas"},"content":{"rendered":"<p><strong>Alexandre Santille<\/strong><\/p>\n<p>Desde 2008, marco da crise financeira global, a economia mundial enfrenta menores \u00edndices de crescimento e produtividade, al\u00e9m de \u00edndices elevados de desemprego. Tal cen\u00e1rio reflete um grande desafio para a maioria das economias desenvolvidas e dos mercados emergentes \u2013entre estes, o do Brasil.<\/p>\n<p>A an\u00e1lise \u00e9 do WEF (World Economic Forum). Em seu ranking, composto por 140 pa\u00edses, sobre competitividade global, o Brasil est\u00e1 na 75\u00aa posi\u00e7\u00e3o, atr\u00e1s de pa\u00edses latino-americanos como Uruguai, Peru, Col\u00f4mbia, M\u00e9xico, Costa Rica, Panam\u00e1 e Chile.<\/p>\n<p>Al\u00e9m do mau desempenho em competitividade, o pa\u00eds ainda ranqueia mal em produtividade. Um trabalhador brasileiro produz aproximadamente 25% do que produz um americano, segundo pesquisa de 2015 do The Conference Board, que reuniu 1.200 empresas p\u00fablicas e privadas de 60 pa\u00edses.<\/p>\n<p>O que os estudos mostram \u00e9 que a competitividade, apesar de ser complexa e envolver diversos fatores macroambientais, tamb\u00e9m depende totalmente do quanto o sistema educacional est\u00e1 alinhado \u00e0 efici\u00eancia do mercado de trabalho. O desalinhamento entre o sistema educacional e a iniciativa privada no Brasil deixa as institui\u00e7\u00f5es e as empresas em uma situa\u00e7\u00e3o bastante cr\u00edtica.<\/p>\n<p>No \u00e2mbito empresarial, a competitividade est\u00e1 atrelada a caracter\u00edsticas como as das capacidades de educar, treinar e inovar. Aprimorar tais habilidades passou a ser uma quest\u00e3o de sobreviv\u00eancia para qualquer empresa.<\/p>\n<p>N\u00e3o por acaso, os pa\u00edses que lideram a lista de competitividade do WEF \u2013como \u00e9 o caso da Su\u00ed\u00e7a, de Cingapura e dos Estados Unidos\u2013 despontam em pilares como o da educa\u00e7\u00e3o prim\u00e1ria, o do ensino superior, o de treinamento de sua for\u00e7a de trabalho e tamb\u00e9m o da inova\u00e7\u00e3o. Ao contr\u00e1rio do Brasil que, em um total de 130 pa\u00edses, aparece em 118\u00ba lugar quando o assunto \u00e9 qualidade em educa\u00e7\u00e3o prim\u00e1ria.<\/p>\n<p>O que podemos tirar disso \u00e9 que os governos t\u00eam, sem sombra de d\u00favidas, um papel essencial na revers\u00e3o de parte dessa situa\u00e7\u00e3o. Entretanto, e as empresas? Elas podem e devem assumir parte do papel de preparar a m\u00e3o de obra para assim ampliar a sua capacidade competitiva.<\/p>\n<p>Em um mundo em que a competitividade global nos imp\u00f5e novos perfis de profissionais e altas metas de performance, o conceito de &#8220;lifelong learning&#8221; (aprender para toda a vida) \u00e9 essencial, e as empresas possuem um papel preponderante nesse desenvolvimento.<\/p>\n<p>Aliada a ferramentas tecnol\u00f3gicas, acredito que a educa\u00e7\u00e3o corporativa, como parte integrante desse sistema educacional e com a sua nova vis\u00e3o de aprendizagem, desempenha um papel fundamental no sentido de garantir que os profissionais atuais e os das novas gera\u00e7\u00f5es adquiram as habilidades necess\u00e1rias para dar conta do desafio da competitividade.<\/p>\n<p>Nesse aspecto, as explos\u00f5es de tecnologias e mobile s\u00e3o, aliadas a uma curadoria criteriosa, pe\u00e7as-chave para se ampliar a capacidade das empresas de promover a aprendizagem continuada com baixo custo e com alto impacto.<\/p>\n<p>Impulsionada pela tecnologia, a educa\u00e7\u00e3o corporativa vem adotando pr\u00e1ticas de gamifica\u00e7\u00e3o, mobile learning, ensino adaptativo, realidade virtual, entre tantas outras inova\u00e7\u00f5es. Todas elas acompanhando o ritmo da revolu\u00e7\u00e3o digital presente em diversos aspectos da nossa vida.<\/p>\n<p>Quando bem usadas, tais pr\u00e1ticas s\u00e3o tamb\u00e9m poderosas ferramentas para o aumento da produtividade e da competitividade das empresas e do pa\u00eds. Precisamos pensar em aprendizagem n\u00e3o como a tradicional que conhecemos, mas como aquela engajadora que gera resultados tanto para o indiv\u00edduo quanto para as organiza\u00e7\u00f5es.<\/p>\n","protected":false},"excerpt":{"rendered":"<p>Alexandre Santille Desde 2008, marco da crise financeira global, a economia mundial enfrenta menores \u00edndices de crescimento e produtividade, al\u00e9m de \u00edndices elevados de desemprego. Tal cen\u00e1rio reflete um grande desafio para a maioria das economias desenvolvidas e dos mercados emergentes \u2013entre estes, o do Brasil. A an\u00e1lise \u00e9 do WEF (World Economic Forum). Em [&hellip;]<\/p>\n","protected":false},"author":2,"featured_media":114797,"comment_status":"open","ping_status":"closed","sticky":false,"template":"","format":"standard","meta":{"_acf_changed":false,"footnotes":""},"categories":[25],"tags":[],"class_list":["post-114796","post","type-post","status-publish","format-standard","has-post-thumbnail","hentry","category-opina-ai"],"acf":[],"yoast_head":"<!-- This site is optimized with the Yoast SEO plugin v27.5 - https:\/\/yoast.com\/product\/yoast-seo-wordpress\/ -->\n<title>Preparar a m\u00e3o-de-obra qualificada tamb\u00e9m \u00e9 uma obriga\u00e7\u00e3o das empresas - Notibras<\/title>\n<meta name=\"robots\" content=\"index, follow, max-snippet:-1, max-image-preview:large, max-video-preview:-1\" \/>\n<link rel=\"canonical\" href=\"https:\/\/www.notibras.com\/site\/preparar-a-mao-de-obra-qualificada-tambem-e-uma-obrigacao-das-empresas\/\" \/>\n<meta property=\"og:locale\" content=\"pt_BR\" \/>\n<meta property=\"og:type\" content=\"article\" \/>\n<meta property=\"og:title\" content=\"Preparar a m\u00e3o-de-obra qualificada tamb\u00e9m \u00e9 uma obriga\u00e7\u00e3o das empresas - Notibras\" \/>\n<meta property=\"og:description\" content=\"Alexandre Santille Desde 2008, marco da crise financeira global, a economia mundial enfrenta menores \u00edndices de crescimento e produtividade, al\u00e9m de \u00edndices elevados de desemprego. Tal cen\u00e1rio reflete um grande desafio para a maioria das economias desenvolvidas e dos mercados emergentes \u2013entre estes, o do Brasil. A an\u00e1lise \u00e9 do WEF (World Economic Forum). Em [&hellip;]\" \/>\n<meta property=\"og:url\" content=\"https:\/\/www.notibras.com\/site\/preparar-a-mao-de-obra-qualificada-tambem-e-uma-obrigacao-das-empresas\/\" \/>\n<meta property=\"og:site_name\" content=\"Notibras\" \/>\n<meta property=\"article:publisher\" content=\"https:\/\/www.facebook.com\/notibras\/\" \/>\n<meta property=\"article:published_time\" content=\"2016-09-08T11:36:21+00:00\" \/>\n<meta property=\"article:modified_time\" content=\"2016-09-08T13:38:19+00:00\" \/>\n<meta property=\"og:image\" content=\"https:\/\/www.notibras.com\/site\/wp-content\/uploads\/2016\/09\/Nao-falta-mao-de-obra-qualificada-no-brasil-diz-ipea-sera-televendas-cobranca.jpg\" \/>\n\t<meta property=\"og:image:width\" content=\"560\" \/>\n\t<meta property=\"og:image:height\" content=\"497\" \/>\n\t<meta property=\"og:image:type\" content=\"image\/jpeg\" \/>\n<meta name=\"author\" content=\"Reda\u00e7\u00e3o\" \/>\n<meta name=\"twitter:card\" content=\"summary_large_image\" \/>\n<meta name=\"twitter:creator\" content=\"@Notibras\" \/>\n<meta name=\"twitter:site\" content=\"@Notibras\" \/>\n<meta name=\"twitter:label1\" content=\"Escrito por\" \/>\n\t<meta name=\"twitter:data1\" content=\"Reda\u00e7\u00e3o\" \/>\n\t<meta name=\"twitter:label2\" content=\"Est. tempo de leitura\" \/>\n\t<meta name=\"twitter:data2\" content=\"3 minutos\" \/>\n<script type=\"application\/ld+json\" class=\"yoast-schema-graph\">{\"@context\":\"https:\\\/\\\/schema.org\",\"@graph\":[{\"@type\":\"Article\",\"@id\":\"https:\\\/\\\/www.notibras.com\\\/site\\\/preparar-a-mao-de-obra-qualificada-tambem-e-uma-obrigacao-das-empresas\\\/#article\",\"isPartOf\":{\"@id\":\"https:\\\/\\\/www.notibras.com\\\/site\\\/preparar-a-mao-de-obra-qualificada-tambem-e-uma-obrigacao-das-empresas\\\/\"},\"author\":{\"name\":\"Reda\u00e7\u00e3o\",\"@id\":\"https:\\\/\\\/www.notibras.com\\\/site\\\/#\\\/schema\\\/person\\\/36ab0979449956132d3e5b517ea76ac8\"},\"headline\":\"Preparar a m\u00e3o-de-obra qualificada tamb\u00e9m \u00e9 uma obriga\u00e7\u00e3o das empresas\",\"datePublished\":\"2016-09-08T11:36:21+00:00\",\"dateModified\":\"2016-09-08T13:38:19+00:00\",\"mainEntityOfPage\":{\"@id\":\"https:\\\/\\\/www.notibras.com\\\/site\\\/preparar-a-mao-de-obra-qualificada-tambem-e-uma-obrigacao-das-empresas\\\/\"},\"wordCount\":598,\"commentCount\":0,\"publisher\":{\"@id\":\"https:\\\/\\\/www.notibras.com\\\/site\\\/#organization\"},\"image\":{\"@id\":\"https:\\\/\\\/www.notibras.com\\\/site\\\/preparar-a-mao-de-obra-qualificada-tambem-e-uma-obrigacao-das-empresas\\\/#primaryimage\"},\"thumbnailUrl\":\"https:\\\/\\\/www.notibras.com\\\/site\\\/wp-content\\\/uploads\\\/2016\\\/09\\\/Nao-falta-mao-de-obra-qualificada-no-brasil-diz-ipea-sera-televendas-cobranca.jpg\",\"articleSection\":[\"Opina a\u00ed\"],\"inLanguage\":\"pt-BR\",\"potentialAction\":[{\"@type\":\"CommentAction\",\"name\":\"Comment\",\"target\":[\"https:\\\/\\\/www.notibras.com\\\/site\\\/preparar-a-mao-de-obra-qualificada-tambem-e-uma-obrigacao-das-empresas\\\/#respond\"]}]},{\"@type\":\"WebPage\",\"@id\":\"https:\\\/\\\/www.notibras.com\\\/site\\\/preparar-a-mao-de-obra-qualificada-tambem-e-uma-obrigacao-das-empresas\\\/\",\"url\":\"https:\\\/\\\/www.notibras.com\\\/site\\\/preparar-a-mao-de-obra-qualificada-tambem-e-uma-obrigacao-das-empresas\\\/\",\"name\":\"Preparar a m\u00e3o-de-obra qualificada tamb\u00e9m \u00e9 uma obriga\u00e7\u00e3o das empresas - Notibras\",\"isPartOf\":{\"@id\":\"https:\\\/\\\/www.notibras.com\\\/site\\\/#website\"},\"primaryImageOfPage\":{\"@id\":\"https:\\\/\\\/www.notibras.com\\\/site\\\/preparar-a-mao-de-obra-qualificada-tambem-e-uma-obrigacao-das-empresas\\\/#primaryimage\"},\"image\":{\"@id\":\"https:\\\/\\\/www.notibras.com\\\/site\\\/preparar-a-mao-de-obra-qualificada-tambem-e-uma-obrigacao-das-empresas\\\/#primaryimage\"},\"thumbnailUrl\":\"https:\\\/\\\/www.notibras.com\\\/site\\\/wp-content\\\/uploads\\\/2016\\\/09\\\/Nao-falta-mao-de-obra-qualificada-no-brasil-diz-ipea-sera-televendas-cobranca.jpg\",\"datePublished\":\"2016-09-08T11:36:21+00:00\",\"dateModified\":\"2016-09-08T13:38:19+00:00\",\"breadcrumb\":{\"@id\":\"https:\\\/\\\/www.notibras.com\\\/site\\\/preparar-a-mao-de-obra-qualificada-tambem-e-uma-obrigacao-das-empresas\\\/#breadcrumb\"},\"inLanguage\":\"pt-BR\",\"potentialAction\":[{\"@type\":\"ReadAction\",\"target\":[\"https:\\\/\\\/www.notibras.com\\\/site\\\/preparar-a-mao-de-obra-qualificada-tambem-e-uma-obrigacao-das-empresas\\\/\"]}]},{\"@type\":\"ImageObject\",\"inLanguage\":\"pt-BR\",\"@id\":\"https:\\\/\\\/www.notibras.com\\\/site\\\/preparar-a-mao-de-obra-qualificada-tambem-e-uma-obrigacao-das-empresas\\\/#primaryimage\",\"url\":\"https:\\\/\\\/www.notibras.com\\\/site\\\/wp-content\\\/uploads\\\/2016\\\/09\\\/Nao-falta-mao-de-obra-qualificada-no-brasil-diz-ipea-sera-televendas-cobranca.jpg\",\"contentUrl\":\"https:\\\/\\\/www.notibras.com\\\/site\\\/wp-content\\\/uploads\\\/2016\\\/09\\\/Nao-falta-mao-de-obra-qualificada-no-brasil-diz-ipea-sera-televendas-cobranca.jpg\",\"width\":560,\"height\":497},{\"@type\":\"BreadcrumbList\",\"@id\":\"https:\\\/\\\/www.notibras.com\\\/site\\\/preparar-a-mao-de-obra-qualificada-tambem-e-uma-obrigacao-das-empresas\\\/#breadcrumb\",\"itemListElement\":[{\"@type\":\"ListItem\",\"position\":1,\"name\":\"In\u00edcio\",\"item\":\"https:\\\/\\\/www.notibras.com\\\/site\\\/\"},{\"@type\":\"ListItem\",\"position\":2,\"name\":\"Preparar a m\u00e3o-de-obra qualificada tamb\u00e9m \u00e9 uma obriga\u00e7\u00e3o das empresas\"}]},{\"@type\":\"WebSite\",\"@id\":\"https:\\\/\\\/www.notibras.com\\\/site\\\/#website\",\"url\":\"https:\\\/\\\/www.notibras.com\\\/site\\\/\",\"name\":\"Notibras\",\"description\":\"Not\u00edcias de Bras\u00edlia, do Brasil e do Mundo\",\"publisher\":{\"@id\":\"https:\\\/\\\/www.notibras.com\\\/site\\\/#organization\"},\"potentialAction\":[{\"@type\":\"SearchAction\",\"target\":{\"@type\":\"EntryPoint\",\"urlTemplate\":\"https:\\\/\\\/www.notibras.com\\\/site\\\/?s={search_term_string}\"},\"query-input\":{\"@type\":\"PropertyValueSpecification\",\"valueRequired\":true,\"valueName\":\"search_term_string\"}}],\"inLanguage\":\"pt-BR\"},{\"@type\":\"Organization\",\"@id\":\"https:\\\/\\\/www.notibras.com\\\/site\\\/#organization\",\"name\":\"Grupo Notibras de Comunica\u00e7\u00e3o\",\"url\":\"https:\\\/\\\/www.notibras.com\\\/site\\\/\",\"logo\":{\"@type\":\"ImageObject\",\"inLanguage\":\"pt-BR\",\"@id\":\"https:\\\/\\\/www.notibras.com\\\/site\\\/#\\\/schema\\\/logo\\\/image\\\/\",\"url\":\"https:\\\/\\\/www.notibras.com\\\/site\\\/wp-content\\\/uploads\\\/2023\\\/01\\\/notibras23.png\",\"contentUrl\":\"https:\\\/\\\/www.notibras.com\\\/site\\\/wp-content\\\/uploads\\\/2023\\\/01\\\/notibras23.png\",\"width\":350,\"height\":87,\"caption\":\"Grupo Notibras de Comunica\u00e7\u00e3o\"},\"image\":{\"@id\":\"https:\\\/\\\/www.notibras.com\\\/site\\\/#\\\/schema\\\/logo\\\/image\\\/\"},\"sameAs\":[\"https:\\\/\\\/www.facebook.com\\\/notibras\\\/\",\"https:\\\/\\\/x.com\\\/Notibras\",\"https:\\\/\\\/www.instagram.com\\\/notibras\\\/\"]},{\"@type\":\"Person\",\"@id\":\"https:\\\/\\\/www.notibras.com\\\/site\\\/#\\\/schema\\\/person\\\/36ab0979449956132d3e5b517ea76ac8\",\"name\":\"Reda\u00e7\u00e3o\",\"image\":{\"@type\":\"ImageObject\",\"inLanguage\":\"pt-BR\",\"@id\":\"https:\\\/\\\/secure.gravatar.com\\\/avatar\\\/e0a867bdedb85fd243eadf09663511f96fc81e0720a4a42581f334ad4303aa6b?s=96&d=mm&r=g\",\"url\":\"https:\\\/\\\/secure.gravatar.com\\\/avatar\\\/e0a867bdedb85fd243eadf09663511f96fc81e0720a4a42581f334ad4303aa6b?s=96&d=mm&r=g\",\"contentUrl\":\"https:\\\/\\\/secure.gravatar.com\\\/avatar\\\/e0a867bdedb85fd243eadf09663511f96fc81e0720a4a42581f334ad4303aa6b?s=96&d=mm&r=g\",\"caption\":\"Reda\u00e7\u00e3o\"}}]}<\/script>\n<!-- \/ Yoast SEO plugin. -->","yoast_head_json":{"title":"Preparar a m\u00e3o-de-obra qualificada tamb\u00e9m \u00e9 uma obriga\u00e7\u00e3o das empresas - Notibras","robots":{"index":"index","follow":"follow","max-snippet":"max-snippet:-1","max-image-preview":"max-image-preview:large","max-video-preview":"max-video-preview:-1"},"canonical":"https:\/\/www.notibras.com\/site\/preparar-a-mao-de-obra-qualificada-tambem-e-uma-obrigacao-das-empresas\/","og_locale":"pt_BR","og_type":"article","og_title":"Preparar a m\u00e3o-de-obra qualificada tamb\u00e9m \u00e9 uma obriga\u00e7\u00e3o das empresas - Notibras","og_description":"Alexandre Santille Desde 2008, marco da crise financeira global, a economia mundial enfrenta menores \u00edndices de crescimento e produtividade, al\u00e9m de \u00edndices elevados de desemprego. Tal cen\u00e1rio reflete um grande desafio para a maioria das economias desenvolvidas e dos mercados emergentes \u2013entre estes, o do Brasil. A an\u00e1lise \u00e9 do WEF (World Economic Forum). Em [&hellip;]","og_url":"https:\/\/www.notibras.com\/site\/preparar-a-mao-de-obra-qualificada-tambem-e-uma-obrigacao-das-empresas\/","og_site_name":"Notibras","article_publisher":"https:\/\/www.facebook.com\/notibras\/","article_published_time":"2016-09-08T11:36:21+00:00","article_modified_time":"2016-09-08T13:38:19+00:00","og_image":[{"width":560,"height":497,"url":"https:\/\/www.notibras.com\/site\/wp-content\/uploads\/2016\/09\/Nao-falta-mao-de-obra-qualificada-no-brasil-diz-ipea-sera-televendas-cobranca.jpg","type":"image\/jpeg"}],"author":"Reda\u00e7\u00e3o","twitter_card":"summary_large_image","twitter_creator":"@Notibras","twitter_site":"@Notibras","twitter_misc":{"Escrito por":"Reda\u00e7\u00e3o","Est. tempo de leitura":"3 minutos"},"schema":{"@context":"https:\/\/schema.org","@graph":[{"@type":"Article","@id":"https:\/\/www.notibras.com\/site\/preparar-a-mao-de-obra-qualificada-tambem-e-uma-obrigacao-das-empresas\/#article","isPartOf":{"@id":"https:\/\/www.notibras.com\/site\/preparar-a-mao-de-obra-qualificada-tambem-e-uma-obrigacao-das-empresas\/"},"author":{"name":"Reda\u00e7\u00e3o","@id":"https:\/\/www.notibras.com\/site\/#\/schema\/person\/36ab0979449956132d3e5b517ea76ac8"},"headline":"Preparar a m\u00e3o-de-obra qualificada tamb\u00e9m \u00e9 uma obriga\u00e7\u00e3o das empresas","datePublished":"2016-09-08T11:36:21+00:00","dateModified":"2016-09-08T13:38:19+00:00","mainEntityOfPage":{"@id":"https:\/\/www.notibras.com\/site\/preparar-a-mao-de-obra-qualificada-tambem-e-uma-obrigacao-das-empresas\/"},"wordCount":598,"commentCount":0,"publisher":{"@id":"https:\/\/www.notibras.com\/site\/#organization"},"image":{"@id":"https:\/\/www.notibras.com\/site\/preparar-a-mao-de-obra-qualificada-tambem-e-uma-obrigacao-das-empresas\/#primaryimage"},"thumbnailUrl":"https:\/\/www.notibras.com\/site\/wp-content\/uploads\/2016\/09\/Nao-falta-mao-de-obra-qualificada-no-brasil-diz-ipea-sera-televendas-cobranca.jpg","articleSection":["Opina a\u00ed"],"inLanguage":"pt-BR","potentialAction":[{"@type":"CommentAction","name":"Comment","target":["https:\/\/www.notibras.com\/site\/preparar-a-mao-de-obra-qualificada-tambem-e-uma-obrigacao-das-empresas\/#respond"]}]},{"@type":"WebPage","@id":"https:\/\/www.notibras.com\/site\/preparar-a-mao-de-obra-qualificada-tambem-e-uma-obrigacao-das-empresas\/","url":"https:\/\/www.notibras.com\/site\/preparar-a-mao-de-obra-qualificada-tambem-e-uma-obrigacao-das-empresas\/","name":"Preparar a m\u00e3o-de-obra qualificada tamb\u00e9m \u00e9 uma obriga\u00e7\u00e3o das empresas - Notibras","isPartOf":{"@id":"https:\/\/www.notibras.com\/site\/#website"},"primaryImageOfPage":{"@id":"https:\/\/www.notibras.com\/site\/preparar-a-mao-de-obra-qualificada-tambem-e-uma-obrigacao-das-empresas\/#primaryimage"},"image":{"@id":"https:\/\/www.notibras.com\/site\/preparar-a-mao-de-obra-qualificada-tambem-e-uma-obrigacao-das-empresas\/#primaryimage"},"thumbnailUrl":"https:\/\/www.notibras.com\/site\/wp-content\/uploads\/2016\/09\/Nao-falta-mao-de-obra-qualificada-no-brasil-diz-ipea-sera-televendas-cobranca.jpg","datePublished":"2016-09-08T11:36:21+00:00","dateModified":"2016-09-08T13:38:19+00:00","breadcrumb":{"@id":"https:\/\/www.notibras.com\/site\/preparar-a-mao-de-obra-qualificada-tambem-e-uma-obrigacao-das-empresas\/#breadcrumb"},"inLanguage":"pt-BR","potentialAction":[{"@type":"ReadAction","target":["https:\/\/www.notibras.com\/site\/preparar-a-mao-de-obra-qualificada-tambem-e-uma-obrigacao-das-empresas\/"]}]},{"@type":"ImageObject","inLanguage":"pt-BR","@id":"https:\/\/www.notibras.com\/site\/preparar-a-mao-de-obra-qualificada-tambem-e-uma-obrigacao-das-empresas\/#primaryimage","url":"https:\/\/www.notibras.com\/site\/wp-content\/uploads\/2016\/09\/Nao-falta-mao-de-obra-qualificada-no-brasil-diz-ipea-sera-televendas-cobranca.jpg","contentUrl":"https:\/\/www.notibras.com\/site\/wp-content\/uploads\/2016\/09\/Nao-falta-mao-de-obra-qualificada-no-brasil-diz-ipea-sera-televendas-cobranca.jpg","width":560,"height":497},{"@type":"BreadcrumbList","@id":"https:\/\/www.notibras.com\/site\/preparar-a-mao-de-obra-qualificada-tambem-e-uma-obrigacao-das-empresas\/#breadcrumb","itemListElement":[{"@type":"ListItem","position":1,"name":"In\u00edcio","item":"https:\/\/www.notibras.com\/site\/"},{"@type":"ListItem","position":2,"name":"Preparar a m\u00e3o-de-obra qualificada tamb\u00e9m \u00e9 uma obriga\u00e7\u00e3o das empresas"}]},{"@type":"WebSite","@id":"https:\/\/www.notibras.com\/site\/#website","url":"https:\/\/www.notibras.com\/site\/","name":"Notibras","description":"Not\u00edcias de Bras\u00edlia, do Brasil e do Mundo","publisher":{"@id":"https:\/\/www.notibras.com\/site\/#organization"},"potentialAction":[{"@type":"SearchAction","target":{"@type":"EntryPoint","urlTemplate":"https:\/\/www.notibras.com\/site\/?s={search_term_string}"},"query-input":{"@type":"PropertyValueSpecification","valueRequired":true,"valueName":"search_term_string"}}],"inLanguage":"pt-BR"},{"@type":"Organization","@id":"https:\/\/www.notibras.com\/site\/#organization","name":"Grupo Notibras de Comunica\u00e7\u00e3o","url":"https:\/\/www.notibras.com\/site\/","logo":{"@type":"ImageObject","inLanguage":"pt-BR","@id":"https:\/\/www.notibras.com\/site\/#\/schema\/logo\/image\/","url":"https:\/\/www.notibras.com\/site\/wp-content\/uploads\/2023\/01\/notibras23.png","contentUrl":"https:\/\/www.notibras.com\/site\/wp-content\/uploads\/2023\/01\/notibras23.png","width":350,"height":87,"caption":"Grupo Notibras de Comunica\u00e7\u00e3o"},"image":{"@id":"https:\/\/www.notibras.com\/site\/#\/schema\/logo\/image\/"},"sameAs":["https:\/\/www.facebook.com\/notibras\/","https:\/\/x.com\/Notibras","https:\/\/www.instagram.com\/notibras\/"]},{"@type":"Person","@id":"https:\/\/www.notibras.com\/site\/#\/schema\/person\/36ab0979449956132d3e5b517ea76ac8","name":"Reda\u00e7\u00e3o","image":{"@type":"ImageObject","inLanguage":"pt-BR","@id":"https:\/\/secure.gravatar.com\/avatar\/e0a867bdedb85fd243eadf09663511f96fc81e0720a4a42581f334ad4303aa6b?s=96&d=mm&r=g","url":"https:\/\/secure.gravatar.com\/avatar\/e0a867bdedb85fd243eadf09663511f96fc81e0720a4a42581f334ad4303aa6b?s=96&d=mm&r=g","contentUrl":"https:\/\/secure.gravatar.com\/avatar\/e0a867bdedb85fd243eadf09663511f96fc81e0720a4a42581f334ad4303aa6b?s=96&d=mm&r=g","caption":"Reda\u00e7\u00e3o"}}]}},"amp_enabled":true,"_links":{"self":[{"href":"https:\/\/www.notibras.com\/site\/wp-json\/wp\/v2\/posts\/114796","targetHints":{"allow":["GET"]}}],"collection":[{"href":"https:\/\/www.notibras.com\/site\/wp-json\/wp\/v2\/posts"}],"about":[{"href":"https:\/\/www.notibras.com\/site\/wp-json\/wp\/v2\/types\/post"}],"author":[{"embeddable":true,"href":"https:\/\/www.notibras.com\/site\/wp-json\/wp\/v2\/users\/2"}],"replies":[{"embeddable":true,"href":"https:\/\/www.notibras.com\/site\/wp-json\/wp\/v2\/comments?post=114796"}],"version-history":[{"count":1,"href":"https:\/\/www.notibras.com\/site\/wp-json\/wp\/v2\/posts\/114796\/revisions"}],"predecessor-version":[{"id":114798,"href":"https:\/\/www.notibras.com\/site\/wp-json\/wp\/v2\/posts\/114796\/revisions\/114798"}],"wp:featuredmedia":[{"embeddable":true,"href":"https:\/\/www.notibras.com\/site\/wp-json\/wp\/v2\/media\/114797"}],"wp:attachment":[{"href":"https:\/\/www.notibras.com\/site\/wp-json\/wp\/v2\/media?parent=114796"}],"wp:term":[{"taxonomy":"category","embeddable":true,"href":"https:\/\/www.notibras.com\/site\/wp-json\/wp\/v2\/categories?post=114796"},{"taxonomy":"post_tag","embeddable":true,"href":"https:\/\/www.notibras.com\/site\/wp-json\/wp\/v2\/tags?post=114796"}],"curies":[{"name":"wp","href":"https:\/\/api.w.org\/{rel}","templated":true}]}}