{"id":11493,"date":"2014-05-29T18:18:47","date_gmt":"2014-05-29T21:18:47","guid":{"rendered":"http:\/\/www.notibras.com\/site\/?p=11493"},"modified":"2014-05-30T01:17:28","modified_gmt":"2014-05-30T04:17:28","slug":"brasileiro-passa-mais-tempo-no-face-do-que-argentino-na-internet","status":"publish","type":"post","link":"https:\/\/www.notibras.com\/site\/brasileiro-passa-mais-tempo-no-face-do-que-argentino-na-internet\/","title":{"rendered":"Brasileiro passa mais tempo no Face que argentino na web"},"content":{"rendered":"<p>Os brasileiros gastaram 46,615 bilh\u00f5es de minutos em fevereiro no Facebook, o que representa mais tempo do que os argentinos e os mexicanos gastam navegando na web em geral. Juntas, a popula\u00e7\u00e3o dos dois pa\u00edses passaram 44,270 bilh\u00f5es de minutos na internet no mesmo per\u00edodo analisado. Os dados s\u00e3o da pesquisa \u201cBrazil Digital Future in Focus 2014\u201d, da empresa de medi\u00e7\u00e3o de audi\u00eancia digital comScore.<\/p>\n<p class=\"text\" dir=\"ltr\">Se separarmos os n\u00fameros, cada brasileiro passou quase 13 horas na rede social por m\u00eas, mais que o dobro da m\u00e9dia dos outros pa\u00edses, que \u00e9 de 5,7 horas.<\/p>\n<p class=\"text\" dir=\"ltr\">O Facebook \u00e9 a rede social l\u00edder em termos de audi\u00eancia, com 69,5 milh\u00f5es de visitantes \u00fanicos por m\u00eas. Surpreendentemente, o LinkedIn tomou a posi\u00e7\u00e3o do Twitter no segundo lugar, com 11,8 milh\u00f5es de visitantes \u00fanicos. O microblog vem em seguida com 11,4 milh\u00f5es. Tamb\u00e9m fazem parte do ranking o Tumblr (7,9 milh\u00f5es), Ask.FM (5 milh\u00f5es), Orkut (4,9 milh\u00f5es), Badoo (3,1 milh\u00f5es) e Yahoo Profile (2,7 milh\u00f5es).<\/p>\n<p class=\"text\" dir=\"ltr\">A rede social de Mark Zuckerberg \u00e9 a que mais toma o tempo dos internautas brasileiros. No Pa\u00eds, 97,8% do tempo gasto em redes sociais \u00e9 no Facebook. Os outros 2,2% se dividem entre as outras cinco plataformas citadas: o Twitter fica com 0,7%, o Tumblr com 0,6%, Ask.FM com 0,5%, Orkut com 0,3% e, por fim, o LinkedIn com 0,2%.<\/p>\n<p class=\"text\" dir=\"ltr\">O Instagram tamb\u00e9m ganhou destaque nas medi\u00e7\u00f5es da pesquisa. As marcas perceberam um crescimento do engajamento dos usu\u00e1rios de quase 900% desde janeiro de 2013. Desse per\u00edodo at\u00e9 abril de 2014, foram contabilizadas 21 milh\u00f5es de intera\u00e7\u00f5es.<\/p>\n","protected":false},"excerpt":{"rendered":"<p>Os brasileiros gastaram 46,615 bilh\u00f5es de minutos em fevereiro no Facebook, o que representa mais tempo do que os argentinos e os mexicanos gastam navegando na web em geral. Juntas, a popula\u00e7\u00e3o dos dois pa\u00edses passaram 44,270 bilh\u00f5es de minutos na internet no mesmo per\u00edodo analisado. Os dados s\u00e3o da pesquisa \u201cBrazil Digital Future in [&hellip;]<\/p>\n","protected":false},"author":2,"featured_media":11494,"comment_status":"open","ping_status":"closed","sticky":false,"template":"","format":"standard","meta":{"_acf_changed":false,"footnotes":""},"categories":[16],"tags":[],"class_list":["post-11493","post","type-post","status-publish","format-standard","has-post-thumbnail","hentry","category-brasil"],"acf":[],"yoast_head":"<!-- This site is optimized with the Yoast SEO plugin v27.2 - https:\/\/yoast.com\/product\/yoast-seo-wordpress\/ -->\n<title>Brasileiro passa mais tempo no Face que argentino na web - Notibras<\/title>\n<meta name=\"robots\" content=\"index, follow, max-snippet:-1, max-image-preview:large, max-video-preview:-1\" \/>\n<link rel=\"canonical\" href=\"https:\/\/www.notibras.com\/site\/brasileiro-passa-mais-tempo-no-face-do-que-argentino-na-internet\/\" \/>\n<meta property=\"og:locale\" content=\"pt_BR\" \/>\n<meta property=\"og:type\" content=\"article\" \/>\n<meta property=\"og:title\" content=\"Brasileiro passa mais tempo no Face que argentino na web - Notibras\" \/>\n<meta property=\"og:description\" content=\"Os brasileiros gastaram 46,615 bilh\u00f5es de minutos em fevereiro no Facebook, o que representa mais tempo do que os argentinos e os mexicanos gastam navegando na web em geral. Juntas, a popula\u00e7\u00e3o dos dois pa\u00edses passaram 44,270 bilh\u00f5es de minutos na internet no mesmo per\u00edodo analisado. Os dados s\u00e3o da pesquisa \u201cBrazil Digital Future in [&hellip;]\" \/>\n<meta property=\"og:url\" content=\"https:\/\/www.notibras.com\/site\/brasileiro-passa-mais-tempo-no-face-do-que-argentino-na-internet\/\" \/>\n<meta property=\"og:site_name\" content=\"Notibras\" \/>\n<meta property=\"article:publisher\" content=\"https:\/\/www.facebook.com\/notibras\/\" \/>\n<meta property=\"article:published_time\" content=\"2014-05-29T21:18:47+00:00\" \/>\n<meta property=\"article:modified_time\" content=\"2014-05-30T04:17:28+00:00\" \/>\n<meta property=\"og:image\" content=\"https:\/\/www.notibras.com\/site\/wp-content\/uploads\/2014\/05\/facebook-curtidas.jpg\" \/>\n\t<meta property=\"og:image:width\" content=\"637\" \/>\n\t<meta property=\"og:image:height\" content=\"439\" \/>\n\t<meta property=\"og:image:type\" content=\"image\/jpeg\" \/>\n<meta name=\"author\" content=\"Reda\u00e7\u00e3o\" \/>\n<meta name=\"twitter:card\" content=\"summary_large_image\" \/>\n<meta name=\"twitter:creator\" content=\"@Notibras\" \/>\n<meta name=\"twitter:site\" content=\"@Notibras\" \/>\n<meta name=\"twitter:label1\" content=\"Escrito por\" \/>\n\t<meta name=\"twitter:data1\" content=\"Reda\u00e7\u00e3o\" \/>\n\t<meta name=\"twitter:label2\" content=\"Est. tempo de leitura\" \/>\n\t<meta name=\"twitter:data2\" content=\"1 minuto\" \/>\n<script type=\"application\/ld+json\" class=\"yoast-schema-graph\">{\"@context\":\"https:\/\/schema.org\",\"@graph\":[{\"@type\":\"Article\",\"@id\":\"https:\/\/www.notibras.com\/site\/brasileiro-passa-mais-tempo-no-face-do-que-argentino-na-internet\/#article\",\"isPartOf\":{\"@id\":\"https:\/\/www.notibras.com\/site\/brasileiro-passa-mais-tempo-no-face-do-que-argentino-na-internet\/\"},\"author\":{\"name\":\"Reda\u00e7\u00e3o\",\"@id\":\"https:\/\/www.notibras.com\/site\/#\/schema\/person\/36ab0979449956132d3e5b517ea76ac8\"},\"headline\":\"Brasileiro passa mais tempo no Face que argentino na web\",\"datePublished\":\"2014-05-29T21:18:47+00:00\",\"dateModified\":\"2014-05-30T04:17:28+00:00\",\"mainEntityOfPage\":{\"@id\":\"https:\/\/www.notibras.com\/site\/brasileiro-passa-mais-tempo-no-face-do-que-argentino-na-internet\/\"},\"wordCount\":275,\"commentCount\":0,\"publisher\":{\"@id\":\"https:\/\/www.notibras.com\/site\/#organization\"},\"image\":{\"@id\":\"https:\/\/www.notibras.com\/site\/brasileiro-passa-mais-tempo-no-face-do-que-argentino-na-internet\/#primaryimage\"},\"thumbnailUrl\":\"https:\/\/www.notibras.com\/site\/wp-content\/uploads\/2014\/05\/facebook-curtidas.jpg\",\"articleSection\":[\"Brasil\"],\"inLanguage\":\"pt-BR\",\"potentialAction\":[{\"@type\":\"CommentAction\",\"name\":\"Comment\",\"target\":[\"https:\/\/www.notibras.com\/site\/brasileiro-passa-mais-tempo-no-face-do-que-argentino-na-internet\/#respond\"]}]},{\"@type\":\"WebPage\",\"@id\":\"https:\/\/www.notibras.com\/site\/brasileiro-passa-mais-tempo-no-face-do-que-argentino-na-internet\/\",\"url\":\"https:\/\/www.notibras.com\/site\/brasileiro-passa-mais-tempo-no-face-do-que-argentino-na-internet\/\",\"name\":\"Brasileiro passa mais tempo no Face que argentino na web - Notibras\",\"isPartOf\":{\"@id\":\"https:\/\/www.notibras.com\/site\/#website\"},\"primaryImageOfPage\":{\"@id\":\"https:\/\/www.notibras.com\/site\/brasileiro-passa-mais-tempo-no-face-do-que-argentino-na-internet\/#primaryimage\"},\"image\":{\"@id\":\"https:\/\/www.notibras.com\/site\/brasileiro-passa-mais-tempo-no-face-do-que-argentino-na-internet\/#primaryimage\"},\"thumbnailUrl\":\"https:\/\/www.notibras.com\/site\/wp-content\/uploads\/2014\/05\/facebook-curtidas.jpg\",\"datePublished\":\"2014-05-29T21:18:47+00:00\",\"dateModified\":\"2014-05-30T04:17:28+00:00\",\"breadcrumb\":{\"@id\":\"https:\/\/www.notibras.com\/site\/brasileiro-passa-mais-tempo-no-face-do-que-argentino-na-internet\/#breadcrumb\"},\"inLanguage\":\"pt-BR\",\"potentialAction\":[{\"@type\":\"ReadAction\",\"target\":[\"https:\/\/www.notibras.com\/site\/brasileiro-passa-mais-tempo-no-face-do-que-argentino-na-internet\/\"]}]},{\"@type\":\"ImageObject\",\"inLanguage\":\"pt-BR\",\"@id\":\"https:\/\/www.notibras.com\/site\/brasileiro-passa-mais-tempo-no-face-do-que-argentino-na-internet\/#primaryimage\",\"url\":\"https:\/\/www.notibras.com\/site\/wp-content\/uploads\/2014\/05\/facebook-curtidas.jpg\",\"contentUrl\":\"https:\/\/www.notibras.com\/site\/wp-content\/uploads\/2014\/05\/facebook-curtidas.jpg\",\"width\":637,\"height\":439},{\"@type\":\"BreadcrumbList\",\"@id\":\"https:\/\/www.notibras.com\/site\/brasileiro-passa-mais-tempo-no-face-do-que-argentino-na-internet\/#breadcrumb\",\"itemListElement\":[{\"@type\":\"ListItem\",\"position\":1,\"name\":\"In\u00edcio\",\"item\":\"https:\/\/www.notibras.com\/site\/\"},{\"@type\":\"ListItem\",\"position\":2,\"name\":\"Brasileiro passa mais tempo no Face que argentino na web\"}]},{\"@type\":\"WebSite\",\"@id\":\"https:\/\/www.notibras.com\/site\/#website\",\"url\":\"https:\/\/www.notibras.com\/site\/\",\"name\":\"Notibras\",\"description\":\"Not\u00edcias de Bras\u00edlia, do Brasil e do Mundo\",\"publisher\":{\"@id\":\"https:\/\/www.notibras.com\/site\/#organization\"},\"potentialAction\":[{\"@type\":\"SearchAction\",\"target\":{\"@type\":\"EntryPoint\",\"urlTemplate\":\"https:\/\/www.notibras.com\/site\/?s={search_term_string}\"},\"query-input\":{\"@type\":\"PropertyValueSpecification\",\"valueRequired\":true,\"valueName\":\"search_term_string\"}}],\"inLanguage\":\"pt-BR\"},{\"@type\":\"Organization\",\"@id\":\"https:\/\/www.notibras.com\/site\/#organization\",\"name\":\"Grupo Notibras de Comunica\u00e7\u00e3o\",\"url\":\"https:\/\/www.notibras.com\/site\/\",\"logo\":{\"@type\":\"ImageObject\",\"inLanguage\":\"pt-BR\",\"@id\":\"https:\/\/www.notibras.com\/site\/#\/schema\/logo\/image\/\",\"url\":\"https:\/\/www.notibras.com\/site\/wp-content\/uploads\/2023\/01\/notibras23.png\",\"contentUrl\":\"https:\/\/www.notibras.com\/site\/wp-content\/uploads\/2023\/01\/notibras23.png\",\"width\":350,\"height\":87,\"caption\":\"Grupo Notibras de Comunica\u00e7\u00e3o\"},\"image\":{\"@id\":\"https:\/\/www.notibras.com\/site\/#\/schema\/logo\/image\/\"},\"sameAs\":[\"https:\/\/www.facebook.com\/notibras\/\",\"https:\/\/x.com\/Notibras\",\"https:\/\/www.instagram.com\/notibras\/\"]},{\"@type\":\"Person\",\"@id\":\"https:\/\/www.notibras.com\/site\/#\/schema\/person\/36ab0979449956132d3e5b517ea76ac8\",\"name\":\"Reda\u00e7\u00e3o\",\"image\":{\"@type\":\"ImageObject\",\"inLanguage\":\"pt-BR\",\"@id\":\"https:\/\/secure.gravatar.com\/avatar\/e0a867bdedb85fd243eadf09663511f96fc81e0720a4a42581f334ad4303aa6b?s=96&d=mm&r=g\",\"url\":\"https:\/\/secure.gravatar.com\/avatar\/e0a867bdedb85fd243eadf09663511f96fc81e0720a4a42581f334ad4303aa6b?s=96&d=mm&r=g\",\"contentUrl\":\"https:\/\/secure.gravatar.com\/avatar\/e0a867bdedb85fd243eadf09663511f96fc81e0720a4a42581f334ad4303aa6b?s=96&d=mm&r=g\",\"caption\":\"Reda\u00e7\u00e3o\"}}]}<\/script>\n<!-- \/ Yoast SEO plugin. -->","yoast_head_json":{"title":"Brasileiro passa mais tempo no Face que argentino na web - Notibras","robots":{"index":"index","follow":"follow","max-snippet":"max-snippet:-1","max-image-preview":"max-image-preview:large","max-video-preview":"max-video-preview:-1"},"canonical":"https:\/\/www.notibras.com\/site\/brasileiro-passa-mais-tempo-no-face-do-que-argentino-na-internet\/","og_locale":"pt_BR","og_type":"article","og_title":"Brasileiro passa mais tempo no Face que argentino na web - Notibras","og_description":"Os brasileiros gastaram 46,615 bilh\u00f5es de minutos em fevereiro no Facebook, o que representa mais tempo do que os argentinos e os mexicanos gastam navegando na web em geral. Juntas, a popula\u00e7\u00e3o dos dois pa\u00edses passaram 44,270 bilh\u00f5es de minutos na internet no mesmo per\u00edodo analisado. Os dados s\u00e3o da pesquisa \u201cBrazil Digital Future in [&hellip;]","og_url":"https:\/\/www.notibras.com\/site\/brasileiro-passa-mais-tempo-no-face-do-que-argentino-na-internet\/","og_site_name":"Notibras","article_publisher":"https:\/\/www.facebook.com\/notibras\/","article_published_time":"2014-05-29T21:18:47+00:00","article_modified_time":"2014-05-30T04:17:28+00:00","og_image":[{"width":637,"height":439,"url":"https:\/\/www.notibras.com\/site\/wp-content\/uploads\/2014\/05\/facebook-curtidas.jpg","type":"image\/jpeg"}],"author":"Reda\u00e7\u00e3o","twitter_card":"summary_large_image","twitter_creator":"@Notibras","twitter_site":"@Notibras","twitter_misc":{"Escrito por":"Reda\u00e7\u00e3o","Est. tempo de leitura":"1 minuto"},"schema":{"@context":"https:\/\/schema.org","@graph":[{"@type":"Article","@id":"https:\/\/www.notibras.com\/site\/brasileiro-passa-mais-tempo-no-face-do-que-argentino-na-internet\/#article","isPartOf":{"@id":"https:\/\/www.notibras.com\/site\/brasileiro-passa-mais-tempo-no-face-do-que-argentino-na-internet\/"},"author":{"name":"Reda\u00e7\u00e3o","@id":"https:\/\/www.notibras.com\/site\/#\/schema\/person\/36ab0979449956132d3e5b517ea76ac8"},"headline":"Brasileiro passa mais tempo no Face que argentino na web","datePublished":"2014-05-29T21:18:47+00:00","dateModified":"2014-05-30T04:17:28+00:00","mainEntityOfPage":{"@id":"https:\/\/www.notibras.com\/site\/brasileiro-passa-mais-tempo-no-face-do-que-argentino-na-internet\/"},"wordCount":275,"commentCount":0,"publisher":{"@id":"https:\/\/www.notibras.com\/site\/#organization"},"image":{"@id":"https:\/\/www.notibras.com\/site\/brasileiro-passa-mais-tempo-no-face-do-que-argentino-na-internet\/#primaryimage"},"thumbnailUrl":"https:\/\/www.notibras.com\/site\/wp-content\/uploads\/2014\/05\/facebook-curtidas.jpg","articleSection":["Brasil"],"inLanguage":"pt-BR","potentialAction":[{"@type":"CommentAction","name":"Comment","target":["https:\/\/www.notibras.com\/site\/brasileiro-passa-mais-tempo-no-face-do-que-argentino-na-internet\/#respond"]}]},{"@type":"WebPage","@id":"https:\/\/www.notibras.com\/site\/brasileiro-passa-mais-tempo-no-face-do-que-argentino-na-internet\/","url":"https:\/\/www.notibras.com\/site\/brasileiro-passa-mais-tempo-no-face-do-que-argentino-na-internet\/","name":"Brasileiro passa mais tempo no Face que argentino na web - Notibras","isPartOf":{"@id":"https:\/\/www.notibras.com\/site\/#website"},"primaryImageOfPage":{"@id":"https:\/\/www.notibras.com\/site\/brasileiro-passa-mais-tempo-no-face-do-que-argentino-na-internet\/#primaryimage"},"image":{"@id":"https:\/\/www.notibras.com\/site\/brasileiro-passa-mais-tempo-no-face-do-que-argentino-na-internet\/#primaryimage"},"thumbnailUrl":"https:\/\/www.notibras.com\/site\/wp-content\/uploads\/2014\/05\/facebook-curtidas.jpg","datePublished":"2014-05-29T21:18:47+00:00","dateModified":"2014-05-30T04:17:28+00:00","breadcrumb":{"@id":"https:\/\/www.notibras.com\/site\/brasileiro-passa-mais-tempo-no-face-do-que-argentino-na-internet\/#breadcrumb"},"inLanguage":"pt-BR","potentialAction":[{"@type":"ReadAction","target":["https:\/\/www.notibras.com\/site\/brasileiro-passa-mais-tempo-no-face-do-que-argentino-na-internet\/"]}]},{"@type":"ImageObject","inLanguage":"pt-BR","@id":"https:\/\/www.notibras.com\/site\/brasileiro-passa-mais-tempo-no-face-do-que-argentino-na-internet\/#primaryimage","url":"https:\/\/www.notibras.com\/site\/wp-content\/uploads\/2014\/05\/facebook-curtidas.jpg","contentUrl":"https:\/\/www.notibras.com\/site\/wp-content\/uploads\/2014\/05\/facebook-curtidas.jpg","width":637,"height":439},{"@type":"BreadcrumbList","@id":"https:\/\/www.notibras.com\/site\/brasileiro-passa-mais-tempo-no-face-do-que-argentino-na-internet\/#breadcrumb","itemListElement":[{"@type":"ListItem","position":1,"name":"In\u00edcio","item":"https:\/\/www.notibras.com\/site\/"},{"@type":"ListItem","position":2,"name":"Brasileiro passa mais tempo no Face que argentino na web"}]},{"@type":"WebSite","@id":"https:\/\/www.notibras.com\/site\/#website","url":"https:\/\/www.notibras.com\/site\/","name":"Notibras","description":"Not\u00edcias de Bras\u00edlia, do Brasil e do Mundo","publisher":{"@id":"https:\/\/www.notibras.com\/site\/#organization"},"potentialAction":[{"@type":"SearchAction","target":{"@type":"EntryPoint","urlTemplate":"https:\/\/www.notibras.com\/site\/?s={search_term_string}"},"query-input":{"@type":"PropertyValueSpecification","valueRequired":true,"valueName":"search_term_string"}}],"inLanguage":"pt-BR"},{"@type":"Organization","@id":"https:\/\/www.notibras.com\/site\/#organization","name":"Grupo Notibras de Comunica\u00e7\u00e3o","url":"https:\/\/www.notibras.com\/site\/","logo":{"@type":"ImageObject","inLanguage":"pt-BR","@id":"https:\/\/www.notibras.com\/site\/#\/schema\/logo\/image\/","url":"https:\/\/www.notibras.com\/site\/wp-content\/uploads\/2023\/01\/notibras23.png","contentUrl":"https:\/\/www.notibras.com\/site\/wp-content\/uploads\/2023\/01\/notibras23.png","width":350,"height":87,"caption":"Grupo Notibras de Comunica\u00e7\u00e3o"},"image":{"@id":"https:\/\/www.notibras.com\/site\/#\/schema\/logo\/image\/"},"sameAs":["https:\/\/www.facebook.com\/notibras\/","https:\/\/x.com\/Notibras","https:\/\/www.instagram.com\/notibras\/"]},{"@type":"Person","@id":"https:\/\/www.notibras.com\/site\/#\/schema\/person\/36ab0979449956132d3e5b517ea76ac8","name":"Reda\u00e7\u00e3o","image":{"@type":"ImageObject","inLanguage":"pt-BR","@id":"https:\/\/secure.gravatar.com\/avatar\/e0a867bdedb85fd243eadf09663511f96fc81e0720a4a42581f334ad4303aa6b?s=96&d=mm&r=g","url":"https:\/\/secure.gravatar.com\/avatar\/e0a867bdedb85fd243eadf09663511f96fc81e0720a4a42581f334ad4303aa6b?s=96&d=mm&r=g","contentUrl":"https:\/\/secure.gravatar.com\/avatar\/e0a867bdedb85fd243eadf09663511f96fc81e0720a4a42581f334ad4303aa6b?s=96&d=mm&r=g","caption":"Reda\u00e7\u00e3o"}}]}},"amp_enabled":true,"_links":{"self":[{"href":"https:\/\/www.notibras.com\/site\/wp-json\/wp\/v2\/posts\/11493","targetHints":{"allow":["GET"]}}],"collection":[{"href":"https:\/\/www.notibras.com\/site\/wp-json\/wp\/v2\/posts"}],"about":[{"href":"https:\/\/www.notibras.com\/site\/wp-json\/wp\/v2\/types\/post"}],"author":[{"embeddable":true,"href":"https:\/\/www.notibras.com\/site\/wp-json\/wp\/v2\/users\/2"}],"replies":[{"embeddable":true,"href":"https:\/\/www.notibras.com\/site\/wp-json\/wp\/v2\/comments?post=11493"}],"version-history":[{"count":0,"href":"https:\/\/www.notibras.com\/site\/wp-json\/wp\/v2\/posts\/11493\/revisions"}],"wp:featuredmedia":[{"embeddable":true,"href":"https:\/\/www.notibras.com\/site\/wp-json\/wp\/v2\/media\/11494"}],"wp:attachment":[{"href":"https:\/\/www.notibras.com\/site\/wp-json\/wp\/v2\/media?parent=11493"}],"wp:term":[{"taxonomy":"category","embeddable":true,"href":"https:\/\/www.notibras.com\/site\/wp-json\/wp\/v2\/categories?post=11493"},{"taxonomy":"post_tag","embeddable":true,"href":"https:\/\/www.notibras.com\/site\/wp-json\/wp\/v2\/tags?post=11493"}],"curies":[{"name":"wp","href":"https:\/\/api.w.org\/{rel}","templated":true}]}}