{"id":115001,"date":"2016-09-10T08:12:32","date_gmt":"2016-09-10T11:12:32","guid":{"rendered":"http:\/\/www.notibras.com\/site\/?p=115001"},"modified":"2016-09-10T08:12:32","modified_gmt":"2016-09-10T11:12:32","slug":"paz-com-as-farc-nao-garante-paz-na-colombia","status":"publish","type":"post","link":"https:\/\/www.notibras.com\/site\/paz-com-as-farc-nao-garante-paz-na-colombia\/","title":{"rendered":"Paz com as Farc n\u00e3o garante paz na Col\u00f4mbia"},"content":{"rendered":"<p><strong>Gilberto M. A. Rodrigues<\/strong><\/p>\n<p>O acordo de paz entre o governo colombiano e as Farc (For\u00e7as Armadas Revolucionarias Colombianas) colocou fim em um conflito armado de mais de cinco d\u00e9cadas de exist\u00eancia. O t\u00edtulo preciso do documento \u00e9 &#8220;Acordo Geral Para a Finaliza\u00e7\u00e3o do Conflito e a Constru\u00e7\u00e3o de uma Paz Est\u00e1vel e Duradoura&#8221;. Agora, h\u00e1 dois momentos interdependentes no processo que se inicia: o fim da guerra civil e a constru\u00e7\u00e3o da paz.<\/p>\n<p>A not\u00edcia sobre a conclus\u00e3o desse acordo gerou grande al\u00edvio e satisfa\u00e7\u00e3o, especialmente na Am\u00e9rica Latina. Houve muita habilidade e determina\u00e7\u00e3o do governo do presidente Juan Manuel Santos para construir o processo no \u00e2mbito interno e na esfera internacional. Noruega e Cuba estiveram diretamente envolvidos nas negocia\u00e7\u00f5es e, atualmente, continuam como garantidores do processo de implementa\u00e7\u00e3o do acordo.<\/p>\n<p>O documento em si \u00e9 um roteiro para a paz. Suas 297 p\u00e1ginas detalham como a finaliza\u00e7\u00e3o do conflito dever\u00e1 se dar e tamb\u00e9m \u2013o que \u00e9 mais dif\u00edcil e mais desafiador do que o cessar definitivo e a deposi\u00e7\u00e3o das armas\u00ad\u2013 de que maneira a paz ser\u00e1 constru\u00edda. O acordo ainda adjetiva a paz como est\u00e1vel e duradoura.<\/p>\n<p>H\u00e1 toda uma literatura dos estudos da paz que, desde o final da Segunda Guerra, vem contribuindo para as compreens\u00f5es te\u00f3ricas e pr\u00e1ticas de processos de apaziguamentos. A partir da\u00ed, surgiram algumas correntes, sobretudo nos pa\u00edses n\u00f3rdicos, como as das escolas de Oslo (Noruega), de Uppsala (Su\u00e9cia), de Copenhague (Dinamarca). \u00c9 importante mencion\u00e1-las aqui, pois o Acordo de Paz da Col\u00f4mbia incorpora muito da experi\u00eancia e das li\u00e7\u00f5es dos debates sobre o tema, al\u00e9m dos acordos que deram certo e daqueles deram errado nas \u00faltimas d\u00e9cadas.<\/p>\n<p>Uma paz est\u00e1vel e duradoura n\u00e3o \u00e9 um processo de vitoriosos e derrotados. \u00c9 um processo ganha-ganha e que visa desarmar reciprocamente as partes, inclui-las na vida civil e na social e tamb\u00e9m garantir oportunidades de representa\u00e7\u00e3o pol\u00edtica e de prosperidade econ\u00f4mica. A paz positiva \u2013para invocar o soci\u00f3logo noruegu\u00eas Johan Galtung\u2013 \u00e9 aquela que vai muito al\u00e9m da aus\u00eancia de guerra, \u00e9 aquela que tem as marcas das democracias pol\u00edtica, econ\u00f4mica e social e a dos direitos humanos tamb\u00e9m.<\/p>\n<p>O primeiro grande desafio do roteiro da paz \u00e9 o de que ele seja formalmente aprovado pelo povo colombiano por meio de um referendo que ocorrer\u00e1 em outubro de 2016. Ou seja, n\u00e3o basta que o Congresso colombiano se manifeste, o tema \u00e9 por demasiado transcendente para ficar nas m\u00e3os do voto indireto. Esse passo crucial dar\u00e1 legitimidade a tudo o que foi longa e pacientemente negociado pelas partes interessadas. Se exitosa essa etapa, o acordo ser\u00e1 de toda a sociedade.<\/p>\n<p>J\u00e1 o segundo grande desafio ser\u00e1 lidar com os julgamentos de quem praticou crimes de guerra e graves viola\u00e7\u00f5es aos direitos humanos. Esse \u00e9 um cap\u00edtulo extremamente delicado em todos os processos de constru\u00e7\u00e3o da paz e que \u00e9 conhecido como &#8220;justi\u00e7a de transi\u00e7\u00e3o&#8221;. Sabe-se, pela experi\u00eancia de diversos processos de apaziguamento, que n\u00e3o pode haver anistia plena nem puni\u00e7\u00f5es radicais nos mesmos moldes dos tribunais comuns. Deve ser um meio-termo, uma alternativa que contribua para impedir a impunidade, mas que colabore para reconciliar aqueles advers\u00e1rios que a letra do acordo, por si s\u00f3, n\u00e3o aproxima.<\/p>\n<p>O terceiro grande desafio \u00e9 a reincorpora\u00e7\u00e3o dos combatentes \u2013sobretudo, os das Farc\u2013 \u00e0s vidas civil e pol\u00edtica. Muitos passaram a maior parte de seus anos na selva, n\u00e3o cursaram a escola formal e necessitam de apoio e oportunidades para esse &#8220;retorno&#8221;.<\/p>\n<p>Por fim, o quarto grande desafio \u00e9 garantir acesso aos meios de produ\u00e7\u00e3o econ\u00f4mica \u2013em especial, ao direito \u00e0 terra\u2013, o que implica numa reforma agr\u00e1ria que beneficie os antigos guerrilheiros, assim garantindo seu direito \u00e0 propriedade. No entanto, essa foi uma das quest\u00f5es estruturais que geraram o conflito colombiano, nos anos 1960.<\/p>\n<p>A expectativa da aprova\u00e7\u00e3o contundente do acordo pela popula\u00e7\u00e3o \u00e9 grande, dentro e fora da Col\u00f4mbia, apesar de haver a oposi\u00e7\u00e3o de setores conservadores que preferiam derrotar militarmente as Farc, o que significaria gerar massacres e fomentar apenas uma paz negativa \u2013fr\u00e1gil, artificial e incompleta. O roteiro da paz \u00e9, nesse sentido, uma promessa fact\u00edvel, que depende da confian\u00e7a, do apoio e da f\u00e9 da maioria.<\/p>\n","protected":false},"excerpt":{"rendered":"<p>Gilberto M. A. Rodrigues O acordo de paz entre o governo colombiano e as Farc (For\u00e7as Armadas Revolucionarias Colombianas) colocou fim em um conflito armado de mais de cinco d\u00e9cadas de exist\u00eancia. O t\u00edtulo preciso do documento \u00e9 &#8220;Acordo Geral Para a Finaliza\u00e7\u00e3o do Conflito e a Constru\u00e7\u00e3o de uma Paz Est\u00e1vel e Duradoura&#8221;. Agora, [&hellip;]<\/p>\n","protected":false},"author":2,"featured_media":115002,"comment_status":"open","ping_status":"closed","sticky":false,"template":"","format":"standard","meta":{"_acf_changed":false,"footnotes":""},"categories":[25],"tags":[],"class_list":["post-115001","post","type-post","status-publish","format-standard","has-post-thumbnail","hentry","category-opina-ai"],"acf":[],"yoast_head":"<!-- This site is optimized with the Yoast SEO plugin v27.5 - https:\/\/yoast.com\/product\/yoast-seo-wordpress\/ -->\n<title>Paz com as Farc n\u00e3o garante paz na Col\u00f4mbia - Notibras<\/title>\n<meta name=\"robots\" content=\"index, follow, max-snippet:-1, max-image-preview:large, max-video-preview:-1\" \/>\n<link rel=\"canonical\" href=\"https:\/\/www.notibras.com\/site\/paz-com-as-farc-nao-garante-paz-na-colombia\/\" \/>\n<meta property=\"og:locale\" content=\"pt_BR\" \/>\n<meta property=\"og:type\" content=\"article\" \/>\n<meta property=\"og:title\" content=\"Paz com as Farc n\u00e3o garante paz na Col\u00f4mbia - Notibras\" \/>\n<meta property=\"og:description\" content=\"Gilberto M. A. Rodrigues O acordo de paz entre o governo colombiano e as Farc (For\u00e7as Armadas Revolucionarias Colombianas) colocou fim em um conflito armado de mais de cinco d\u00e9cadas de exist\u00eancia. O t\u00edtulo preciso do documento \u00e9 &#8220;Acordo Geral Para a Finaliza\u00e7\u00e3o do Conflito e a Constru\u00e7\u00e3o de uma Paz Est\u00e1vel e Duradoura&#8221;. Agora, [&hellip;]\" \/>\n<meta property=\"og:url\" content=\"https:\/\/www.notibras.com\/site\/paz-com-as-farc-nao-garante-paz-na-colombia\/\" \/>\n<meta property=\"og:site_name\" content=\"Notibras\" \/>\n<meta property=\"article:publisher\" content=\"https:\/\/www.facebook.com\/notibras\/\" \/>\n<meta property=\"article:published_time\" content=\"2016-09-10T11:12:32+00:00\" \/>\n<meta property=\"og:image\" content=\"https:\/\/www.notibras.com\/site\/wp-content\/uploads\/2016\/09\/Farc-2.jpg\" \/>\n\t<meta property=\"og:image:width\" content=\"1460\" \/>\n\t<meta property=\"og:image:height\" content=\"913\" \/>\n\t<meta property=\"og:image:type\" content=\"image\/jpeg\" \/>\n<meta name=\"author\" content=\"Reda\u00e7\u00e3o\" \/>\n<meta name=\"twitter:card\" content=\"summary_large_image\" \/>\n<meta name=\"twitter:creator\" content=\"@Notibras\" \/>\n<meta name=\"twitter:site\" content=\"@Notibras\" \/>\n<meta name=\"twitter:label1\" content=\"Escrito por\" \/>\n\t<meta name=\"twitter:data1\" content=\"Reda\u00e7\u00e3o\" \/>\n\t<meta name=\"twitter:label2\" content=\"Est. tempo de leitura\" \/>\n\t<meta name=\"twitter:data2\" content=\"4 minutos\" \/>\n<script type=\"application\/ld+json\" class=\"yoast-schema-graph\">{\"@context\":\"https:\\\/\\\/schema.org\",\"@graph\":[{\"@type\":\"Article\",\"@id\":\"https:\\\/\\\/www.notibras.com\\\/site\\\/paz-com-as-farc-nao-garante-paz-na-colombia\\\/#article\",\"isPartOf\":{\"@id\":\"https:\\\/\\\/www.notibras.com\\\/site\\\/paz-com-as-farc-nao-garante-paz-na-colombia\\\/\"},\"author\":{\"name\":\"Reda\u00e7\u00e3o\",\"@id\":\"https:\\\/\\\/www.notibras.com\\\/site\\\/#\\\/schema\\\/person\\\/36ab0979449956132d3e5b517ea76ac8\"},\"headline\":\"Paz com as Farc n\u00e3o garante paz na Col\u00f4mbia\",\"datePublished\":\"2016-09-10T11:12:32+00:00\",\"mainEntityOfPage\":{\"@id\":\"https:\\\/\\\/www.notibras.com\\\/site\\\/paz-com-as-farc-nao-garante-paz-na-colombia\\\/\"},\"wordCount\":759,\"commentCount\":0,\"publisher\":{\"@id\":\"https:\\\/\\\/www.notibras.com\\\/site\\\/#organization\"},\"image\":{\"@id\":\"https:\\\/\\\/www.notibras.com\\\/site\\\/paz-com-as-farc-nao-garante-paz-na-colombia\\\/#primaryimage\"},\"thumbnailUrl\":\"https:\\\/\\\/www.notibras.com\\\/site\\\/wp-content\\\/uploads\\\/2016\\\/09\\\/Farc-2.jpg\",\"articleSection\":[\"Opina a\u00ed\"],\"inLanguage\":\"pt-BR\",\"potentialAction\":[{\"@type\":\"CommentAction\",\"name\":\"Comment\",\"target\":[\"https:\\\/\\\/www.notibras.com\\\/site\\\/paz-com-as-farc-nao-garante-paz-na-colombia\\\/#respond\"]}]},{\"@type\":\"WebPage\",\"@id\":\"https:\\\/\\\/www.notibras.com\\\/site\\\/paz-com-as-farc-nao-garante-paz-na-colombia\\\/\",\"url\":\"https:\\\/\\\/www.notibras.com\\\/site\\\/paz-com-as-farc-nao-garante-paz-na-colombia\\\/\",\"name\":\"Paz com as Farc n\u00e3o garante paz na Col\u00f4mbia - Notibras\",\"isPartOf\":{\"@id\":\"https:\\\/\\\/www.notibras.com\\\/site\\\/#website\"},\"primaryImageOfPage\":{\"@id\":\"https:\\\/\\\/www.notibras.com\\\/site\\\/paz-com-as-farc-nao-garante-paz-na-colombia\\\/#primaryimage\"},\"image\":{\"@id\":\"https:\\\/\\\/www.notibras.com\\\/site\\\/paz-com-as-farc-nao-garante-paz-na-colombia\\\/#primaryimage\"},\"thumbnailUrl\":\"https:\\\/\\\/www.notibras.com\\\/site\\\/wp-content\\\/uploads\\\/2016\\\/09\\\/Farc-2.jpg\",\"datePublished\":\"2016-09-10T11:12:32+00:00\",\"breadcrumb\":{\"@id\":\"https:\\\/\\\/www.notibras.com\\\/site\\\/paz-com-as-farc-nao-garante-paz-na-colombia\\\/#breadcrumb\"},\"inLanguage\":\"pt-BR\",\"potentialAction\":[{\"@type\":\"ReadAction\",\"target\":[\"https:\\\/\\\/www.notibras.com\\\/site\\\/paz-com-as-farc-nao-garante-paz-na-colombia\\\/\"]}]},{\"@type\":\"ImageObject\",\"inLanguage\":\"pt-BR\",\"@id\":\"https:\\\/\\\/www.notibras.com\\\/site\\\/paz-com-as-farc-nao-garante-paz-na-colombia\\\/#primaryimage\",\"url\":\"https:\\\/\\\/www.notibras.com\\\/site\\\/wp-content\\\/uploads\\\/2016\\\/09\\\/Farc-2.jpg\",\"contentUrl\":\"https:\\\/\\\/www.notibras.com\\\/site\\\/wp-content\\\/uploads\\\/2016\\\/09\\\/Farc-2.jpg\",\"width\":1460,\"height\":913,\"caption\":\"Foto: Reprodu\u00e7\u00e3o\"},{\"@type\":\"BreadcrumbList\",\"@id\":\"https:\\\/\\\/www.notibras.com\\\/site\\\/paz-com-as-farc-nao-garante-paz-na-colombia\\\/#breadcrumb\",\"itemListElement\":[{\"@type\":\"ListItem\",\"position\":1,\"name\":\"In\u00edcio\",\"item\":\"https:\\\/\\\/www.notibras.com\\\/site\\\/\"},{\"@type\":\"ListItem\",\"position\":2,\"name\":\"Paz com as Farc n\u00e3o garante paz na Col\u00f4mbia\"}]},{\"@type\":\"WebSite\",\"@id\":\"https:\\\/\\\/www.notibras.com\\\/site\\\/#website\",\"url\":\"https:\\\/\\\/www.notibras.com\\\/site\\\/\",\"name\":\"Notibras\",\"description\":\"Not\u00edcias de Bras\u00edlia, do Brasil e do Mundo\",\"publisher\":{\"@id\":\"https:\\\/\\\/www.notibras.com\\\/site\\\/#organization\"},\"potentialAction\":[{\"@type\":\"SearchAction\",\"target\":{\"@type\":\"EntryPoint\",\"urlTemplate\":\"https:\\\/\\\/www.notibras.com\\\/site\\\/?s={search_term_string}\"},\"query-input\":{\"@type\":\"PropertyValueSpecification\",\"valueRequired\":true,\"valueName\":\"search_term_string\"}}],\"inLanguage\":\"pt-BR\"},{\"@type\":\"Organization\",\"@id\":\"https:\\\/\\\/www.notibras.com\\\/site\\\/#organization\",\"name\":\"Grupo Notibras de Comunica\u00e7\u00e3o\",\"url\":\"https:\\\/\\\/www.notibras.com\\\/site\\\/\",\"logo\":{\"@type\":\"ImageObject\",\"inLanguage\":\"pt-BR\",\"@id\":\"https:\\\/\\\/www.notibras.com\\\/site\\\/#\\\/schema\\\/logo\\\/image\\\/\",\"url\":\"https:\\\/\\\/www.notibras.com\\\/site\\\/wp-content\\\/uploads\\\/2023\\\/01\\\/notibras23.png\",\"contentUrl\":\"https:\\\/\\\/www.notibras.com\\\/site\\\/wp-content\\\/uploads\\\/2023\\\/01\\\/notibras23.png\",\"width\":350,\"height\":87,\"caption\":\"Grupo Notibras de Comunica\u00e7\u00e3o\"},\"image\":{\"@id\":\"https:\\\/\\\/www.notibras.com\\\/site\\\/#\\\/schema\\\/logo\\\/image\\\/\"},\"sameAs\":[\"https:\\\/\\\/www.facebook.com\\\/notibras\\\/\",\"https:\\\/\\\/x.com\\\/Notibras\",\"https:\\\/\\\/www.instagram.com\\\/notibras\\\/\"]},{\"@type\":\"Person\",\"@id\":\"https:\\\/\\\/www.notibras.com\\\/site\\\/#\\\/schema\\\/person\\\/36ab0979449956132d3e5b517ea76ac8\",\"name\":\"Reda\u00e7\u00e3o\",\"image\":{\"@type\":\"ImageObject\",\"inLanguage\":\"pt-BR\",\"@id\":\"https:\\\/\\\/secure.gravatar.com\\\/avatar\\\/e0a867bdedb85fd243eadf09663511f96fc81e0720a4a42581f334ad4303aa6b?s=96&d=mm&r=g\",\"url\":\"https:\\\/\\\/secure.gravatar.com\\\/avatar\\\/e0a867bdedb85fd243eadf09663511f96fc81e0720a4a42581f334ad4303aa6b?s=96&d=mm&r=g\",\"contentUrl\":\"https:\\\/\\\/secure.gravatar.com\\\/avatar\\\/e0a867bdedb85fd243eadf09663511f96fc81e0720a4a42581f334ad4303aa6b?s=96&d=mm&r=g\",\"caption\":\"Reda\u00e7\u00e3o\"}}]}<\/script>\n<!-- \/ Yoast SEO plugin. -->","yoast_head_json":{"title":"Paz com as Farc n\u00e3o garante paz na Col\u00f4mbia - Notibras","robots":{"index":"index","follow":"follow","max-snippet":"max-snippet:-1","max-image-preview":"max-image-preview:large","max-video-preview":"max-video-preview:-1"},"canonical":"https:\/\/www.notibras.com\/site\/paz-com-as-farc-nao-garante-paz-na-colombia\/","og_locale":"pt_BR","og_type":"article","og_title":"Paz com as Farc n\u00e3o garante paz na Col\u00f4mbia - Notibras","og_description":"Gilberto M. A. Rodrigues O acordo de paz entre o governo colombiano e as Farc (For\u00e7as Armadas Revolucionarias Colombianas) colocou fim em um conflito armado de mais de cinco d\u00e9cadas de exist\u00eancia. O t\u00edtulo preciso do documento \u00e9 &#8220;Acordo Geral Para a Finaliza\u00e7\u00e3o do Conflito e a Constru\u00e7\u00e3o de uma Paz Est\u00e1vel e Duradoura&#8221;. Agora, [&hellip;]","og_url":"https:\/\/www.notibras.com\/site\/paz-com-as-farc-nao-garante-paz-na-colombia\/","og_site_name":"Notibras","article_publisher":"https:\/\/www.facebook.com\/notibras\/","article_published_time":"2016-09-10T11:12:32+00:00","og_image":[{"width":1460,"height":913,"url":"https:\/\/www.notibras.com\/site\/wp-content\/uploads\/2016\/09\/Farc-2.jpg","type":"image\/jpeg"}],"author":"Reda\u00e7\u00e3o","twitter_card":"summary_large_image","twitter_creator":"@Notibras","twitter_site":"@Notibras","twitter_misc":{"Escrito por":"Reda\u00e7\u00e3o","Est. tempo de leitura":"4 minutos"},"schema":{"@context":"https:\/\/schema.org","@graph":[{"@type":"Article","@id":"https:\/\/www.notibras.com\/site\/paz-com-as-farc-nao-garante-paz-na-colombia\/#article","isPartOf":{"@id":"https:\/\/www.notibras.com\/site\/paz-com-as-farc-nao-garante-paz-na-colombia\/"},"author":{"name":"Reda\u00e7\u00e3o","@id":"https:\/\/www.notibras.com\/site\/#\/schema\/person\/36ab0979449956132d3e5b517ea76ac8"},"headline":"Paz com as Farc n\u00e3o garante paz na Col\u00f4mbia","datePublished":"2016-09-10T11:12:32+00:00","mainEntityOfPage":{"@id":"https:\/\/www.notibras.com\/site\/paz-com-as-farc-nao-garante-paz-na-colombia\/"},"wordCount":759,"commentCount":0,"publisher":{"@id":"https:\/\/www.notibras.com\/site\/#organization"},"image":{"@id":"https:\/\/www.notibras.com\/site\/paz-com-as-farc-nao-garante-paz-na-colombia\/#primaryimage"},"thumbnailUrl":"https:\/\/www.notibras.com\/site\/wp-content\/uploads\/2016\/09\/Farc-2.jpg","articleSection":["Opina a\u00ed"],"inLanguage":"pt-BR","potentialAction":[{"@type":"CommentAction","name":"Comment","target":["https:\/\/www.notibras.com\/site\/paz-com-as-farc-nao-garante-paz-na-colombia\/#respond"]}]},{"@type":"WebPage","@id":"https:\/\/www.notibras.com\/site\/paz-com-as-farc-nao-garante-paz-na-colombia\/","url":"https:\/\/www.notibras.com\/site\/paz-com-as-farc-nao-garante-paz-na-colombia\/","name":"Paz com as Farc n\u00e3o garante paz na Col\u00f4mbia - Notibras","isPartOf":{"@id":"https:\/\/www.notibras.com\/site\/#website"},"primaryImageOfPage":{"@id":"https:\/\/www.notibras.com\/site\/paz-com-as-farc-nao-garante-paz-na-colombia\/#primaryimage"},"image":{"@id":"https:\/\/www.notibras.com\/site\/paz-com-as-farc-nao-garante-paz-na-colombia\/#primaryimage"},"thumbnailUrl":"https:\/\/www.notibras.com\/site\/wp-content\/uploads\/2016\/09\/Farc-2.jpg","datePublished":"2016-09-10T11:12:32+00:00","breadcrumb":{"@id":"https:\/\/www.notibras.com\/site\/paz-com-as-farc-nao-garante-paz-na-colombia\/#breadcrumb"},"inLanguage":"pt-BR","potentialAction":[{"@type":"ReadAction","target":["https:\/\/www.notibras.com\/site\/paz-com-as-farc-nao-garante-paz-na-colombia\/"]}]},{"@type":"ImageObject","inLanguage":"pt-BR","@id":"https:\/\/www.notibras.com\/site\/paz-com-as-farc-nao-garante-paz-na-colombia\/#primaryimage","url":"https:\/\/www.notibras.com\/site\/wp-content\/uploads\/2016\/09\/Farc-2.jpg","contentUrl":"https:\/\/www.notibras.com\/site\/wp-content\/uploads\/2016\/09\/Farc-2.jpg","width":1460,"height":913,"caption":"Foto: Reprodu\u00e7\u00e3o"},{"@type":"BreadcrumbList","@id":"https:\/\/www.notibras.com\/site\/paz-com-as-farc-nao-garante-paz-na-colombia\/#breadcrumb","itemListElement":[{"@type":"ListItem","position":1,"name":"In\u00edcio","item":"https:\/\/www.notibras.com\/site\/"},{"@type":"ListItem","position":2,"name":"Paz com as Farc n\u00e3o garante paz na Col\u00f4mbia"}]},{"@type":"WebSite","@id":"https:\/\/www.notibras.com\/site\/#website","url":"https:\/\/www.notibras.com\/site\/","name":"Notibras","description":"Not\u00edcias de Bras\u00edlia, do Brasil e do Mundo","publisher":{"@id":"https:\/\/www.notibras.com\/site\/#organization"},"potentialAction":[{"@type":"SearchAction","target":{"@type":"EntryPoint","urlTemplate":"https:\/\/www.notibras.com\/site\/?s={search_term_string}"},"query-input":{"@type":"PropertyValueSpecification","valueRequired":true,"valueName":"search_term_string"}}],"inLanguage":"pt-BR"},{"@type":"Organization","@id":"https:\/\/www.notibras.com\/site\/#organization","name":"Grupo Notibras de Comunica\u00e7\u00e3o","url":"https:\/\/www.notibras.com\/site\/","logo":{"@type":"ImageObject","inLanguage":"pt-BR","@id":"https:\/\/www.notibras.com\/site\/#\/schema\/logo\/image\/","url":"https:\/\/www.notibras.com\/site\/wp-content\/uploads\/2023\/01\/notibras23.png","contentUrl":"https:\/\/www.notibras.com\/site\/wp-content\/uploads\/2023\/01\/notibras23.png","width":350,"height":87,"caption":"Grupo Notibras de Comunica\u00e7\u00e3o"},"image":{"@id":"https:\/\/www.notibras.com\/site\/#\/schema\/logo\/image\/"},"sameAs":["https:\/\/www.facebook.com\/notibras\/","https:\/\/x.com\/Notibras","https:\/\/www.instagram.com\/notibras\/"]},{"@type":"Person","@id":"https:\/\/www.notibras.com\/site\/#\/schema\/person\/36ab0979449956132d3e5b517ea76ac8","name":"Reda\u00e7\u00e3o","image":{"@type":"ImageObject","inLanguage":"pt-BR","@id":"https:\/\/secure.gravatar.com\/avatar\/e0a867bdedb85fd243eadf09663511f96fc81e0720a4a42581f334ad4303aa6b?s=96&d=mm&r=g","url":"https:\/\/secure.gravatar.com\/avatar\/e0a867bdedb85fd243eadf09663511f96fc81e0720a4a42581f334ad4303aa6b?s=96&d=mm&r=g","contentUrl":"https:\/\/secure.gravatar.com\/avatar\/e0a867bdedb85fd243eadf09663511f96fc81e0720a4a42581f334ad4303aa6b?s=96&d=mm&r=g","caption":"Reda\u00e7\u00e3o"}}]}},"amp_enabled":true,"_links":{"self":[{"href":"https:\/\/www.notibras.com\/site\/wp-json\/wp\/v2\/posts\/115001","targetHints":{"allow":["GET"]}}],"collection":[{"href":"https:\/\/www.notibras.com\/site\/wp-json\/wp\/v2\/posts"}],"about":[{"href":"https:\/\/www.notibras.com\/site\/wp-json\/wp\/v2\/types\/post"}],"author":[{"embeddable":true,"href":"https:\/\/www.notibras.com\/site\/wp-json\/wp\/v2\/users\/2"}],"replies":[{"embeddable":true,"href":"https:\/\/www.notibras.com\/site\/wp-json\/wp\/v2\/comments?post=115001"}],"version-history":[{"count":1,"href":"https:\/\/www.notibras.com\/site\/wp-json\/wp\/v2\/posts\/115001\/revisions"}],"predecessor-version":[{"id":115003,"href":"https:\/\/www.notibras.com\/site\/wp-json\/wp\/v2\/posts\/115001\/revisions\/115003"}],"wp:featuredmedia":[{"embeddable":true,"href":"https:\/\/www.notibras.com\/site\/wp-json\/wp\/v2\/media\/115002"}],"wp:attachment":[{"href":"https:\/\/www.notibras.com\/site\/wp-json\/wp\/v2\/media?parent=115001"}],"wp:term":[{"taxonomy":"category","embeddable":true,"href":"https:\/\/www.notibras.com\/site\/wp-json\/wp\/v2\/categories?post=115001"},{"taxonomy":"post_tag","embeddable":true,"href":"https:\/\/www.notibras.com\/site\/wp-json\/wp\/v2\/tags?post=115001"}],"curies":[{"name":"wp","href":"https:\/\/api.w.org\/{rel}","templated":true}]}}