{"id":11511,"date":"2014-05-29T20:45:34","date_gmt":"2014-05-29T23:45:34","guid":{"rendered":"http:\/\/www.notibras.com\/site\/?p=11511"},"modified":"2014-05-29T22:11:48","modified_gmt":"2014-05-30T01:11:48","slug":"felipao-manda-grupo-jogar-futevolei-na-tarde-fria-de-teresopolis","status":"publish","type":"post","link":"https:\/\/www.notibras.com\/site\/felipao-manda-grupo-jogar-futevolei-na-tarde-fria-de-teresopolis\/","title":{"rendered":"Felip\u00e3o manda grupo jogar futev\u00f4lei no frio de Teres\u00f3polis"},"content":{"rendered":"<p>O trabalho da Sele\u00e7\u00e3o Brasileira na tarde gelada e de chuva fina na Granja Comary, em Teres\u00f3polis, nesta quinta-feira, foi em\u00a0um cen\u00e1rio de praia. Luiz\u00a0Felipe Scolari colocou os 20 jogadores para relaxarem com um animado futev\u00f4lei no campo de areia\u00a0localizado atr\u00e1s dos dois campos principais.<\/p>\n<p>Apenas os goleiros ficaram fora da atividade, trabalhando a parte f\u00edsica na academia. O trabalho foi comandado pelo preparador f\u00edsico Paulo Paix\u00e3o.<\/p>\n<p class=\"text\">Antes do treino, Fred, usando luvas e gorro por causa do frio, mostrou seu lado contador de hist\u00f3rias, divertindo os jogadores contando uma hist\u00f3ria cheia de gestos. Outro que usou gorro foi Neymar, que foi o primeiro a come\u00e7ar a brincar na areia. O jogador do Barcelona parecia estar com saudade\u00a0da praia.<\/p>\n<blockquote>\n<p class=\"text\">Os jogadores foram divididos em dois grupos de 20 jogadores e cada grupo ficou de um lado da rede, dando quantos toques quisesse, para n\u00e3o deixar de fazer a atividade e ao mesmo tempo trabalhar a parte muscular. Alguns jogadores usaram mei\u00e3o e outros preferiram enfrentar a areia descal\u00e7os.<\/p>\n<\/blockquote>\n<p class=\"text\">Pela primeira vez desde que chegaram a Teres\u00f3polis e que trabalharam com bola, os jogadores n\u00e3o tiveram contato com a Brazuca, bola oficial da Copa, mas com uma espec\u00edfica de futev\u00f4lei.\u00a0O mau tempo acabou por encurtar a sess\u00e3o, que come\u00e7ou atrasada. Tudo come\u00e7ou com\u00a0Felip\u00e3o, que deu uma entrevista exclusiva no campo, depois atrasou a coletiva de Marcelo e Hernanes e por fim o treino, que come\u00e7aria \u00e0s 15h30, teve in\u00edcio apenas meia hora depois.<\/p>\n<p class=\"text\">No fim do treino, Neymar fez a alegria da garotada que mora no condom\u00ednio Comary, onde est\u00e1 situada a Granja. Ele terminou uma animada partida de futev\u00f4lei com Daniel Alves, primeiro contra a dupla Dante e Hulk e depois contra David Luiz\u00a0e Thiago Silva e distribuiu aut\u00f3grafos, j\u00e1 de noite. Felip\u00e3o, Julio Cesar, Hulk e David Luiz\u00a0tamb\u00e9m se aproximaram dos torcedores.<\/p>\n","protected":false},"excerpt":{"rendered":"<p>O trabalho da Sele\u00e7\u00e3o Brasileira na tarde gelada e de chuva fina na Granja Comary, em Teres\u00f3polis, nesta quinta-feira, foi em\u00a0um cen\u00e1rio de praia. Luiz\u00a0Felipe Scolari colocou os 20 jogadores para relaxarem com um animado futev\u00f4lei no campo de areia\u00a0localizado atr\u00e1s dos dois campos principais. Apenas os goleiros ficaram fora da atividade, trabalhando a parte [&hellip;]<\/p>\n","protected":false},"author":2,"featured_media":11512,"comment_status":"open","ping_status":"closed","sticky":false,"template":"","format":"standard","meta":{"_acf_changed":false,"footnotes":""},"categories":[19],"tags":[],"class_list":["post-11511","post","type-post","status-publish","format-standard","has-post-thumbnail","hentry","category-esportes"],"acf":[],"yoast_head":"<!-- This site is optimized with the Yoast SEO plugin v27.2 - https:\/\/yoast.com\/product\/yoast-seo-wordpress\/ -->\n<title>Felip\u00e3o manda grupo jogar futev\u00f4lei no frio de Teres\u00f3polis - Notibras<\/title>\n<meta name=\"robots\" content=\"index, follow, max-snippet:-1, max-image-preview:large, max-video-preview:-1\" \/>\n<link rel=\"canonical\" href=\"https:\/\/www.notibras.com\/site\/felipao-manda-grupo-jogar-futevolei-na-tarde-fria-de-teresopolis\/\" \/>\n<meta property=\"og:locale\" content=\"pt_BR\" \/>\n<meta property=\"og:type\" content=\"article\" \/>\n<meta property=\"og:title\" content=\"Felip\u00e3o manda grupo jogar futev\u00f4lei no frio de Teres\u00f3polis - Notibras\" \/>\n<meta property=\"og:description\" content=\"O trabalho da Sele\u00e7\u00e3o Brasileira na tarde gelada e de chuva fina na Granja Comary, em Teres\u00f3polis, nesta quinta-feira, foi em\u00a0um cen\u00e1rio de praia. Luiz\u00a0Felipe Scolari colocou os 20 jogadores para relaxarem com um animado futev\u00f4lei no campo de areia\u00a0localizado atr\u00e1s dos dois campos principais. Apenas os goleiros ficaram fora da atividade, trabalhando a parte [&hellip;]\" \/>\n<meta property=\"og:url\" content=\"https:\/\/www.notibras.com\/site\/felipao-manda-grupo-jogar-futevolei-na-tarde-fria-de-teresopolis\/\" \/>\n<meta property=\"og:site_name\" content=\"Notibras\" \/>\n<meta property=\"article:publisher\" content=\"https:\/\/www.facebook.com\/notibras\/\" \/>\n<meta property=\"article:published_time\" content=\"2014-05-29T23:45:34+00:00\" \/>\n<meta property=\"article:modified_time\" content=\"2014-05-30T01:11:48+00:00\" \/>\n<meta property=\"og:image\" content=\"https:\/\/www.notibras.com\/site\/wp-content\/uploads\/2014\/05\/01neymarbrincatreinormatsukawaterra.jpg\" \/>\n\t<meta property=\"og:image:width\" content=\"460\" \/>\n\t<meta property=\"og:image:height\" content=\"340\" \/>\n\t<meta property=\"og:image:type\" content=\"image\/jpeg\" \/>\n<meta name=\"author\" content=\"Reda\u00e7\u00e3o\" \/>\n<meta name=\"twitter:card\" content=\"summary_large_image\" \/>\n<meta name=\"twitter:creator\" content=\"@Notibras\" \/>\n<meta name=\"twitter:site\" content=\"@Notibras\" \/>\n<meta name=\"twitter:label1\" content=\"Escrito por\" \/>\n\t<meta name=\"twitter:data1\" content=\"Reda\u00e7\u00e3o\" \/>\n\t<meta name=\"twitter:label2\" content=\"Est. tempo de leitura\" \/>\n\t<meta name=\"twitter:data2\" content=\"2 minutos\" \/>\n<script type=\"application\/ld+json\" class=\"yoast-schema-graph\">{\"@context\":\"https:\/\/schema.org\",\"@graph\":[{\"@type\":\"Article\",\"@id\":\"https:\/\/www.notibras.com\/site\/felipao-manda-grupo-jogar-futevolei-na-tarde-fria-de-teresopolis\/#article\",\"isPartOf\":{\"@id\":\"https:\/\/www.notibras.com\/site\/felipao-manda-grupo-jogar-futevolei-na-tarde-fria-de-teresopolis\/\"},\"author\":{\"name\":\"Reda\u00e7\u00e3o\",\"@id\":\"https:\/\/www.notibras.com\/site\/#\/schema\/person\/36ab0979449956132d3e5b517ea76ac8\"},\"headline\":\"Felip\u00e3o manda grupo jogar futev\u00f4lei no frio de Teres\u00f3polis\",\"datePublished\":\"2014-05-29T23:45:34+00:00\",\"dateModified\":\"2014-05-30T01:11:48+00:00\",\"mainEntityOfPage\":{\"@id\":\"https:\/\/www.notibras.com\/site\/felipao-manda-grupo-jogar-futevolei-na-tarde-fria-de-teresopolis\/\"},\"wordCount\":350,\"commentCount\":0,\"publisher\":{\"@id\":\"https:\/\/www.notibras.com\/site\/#organization\"},\"image\":{\"@id\":\"https:\/\/www.notibras.com\/site\/felipao-manda-grupo-jogar-futevolei-na-tarde-fria-de-teresopolis\/#primaryimage\"},\"thumbnailUrl\":\"https:\/\/www.notibras.com\/site\/wp-content\/uploads\/2014\/05\/01neymarbrincatreinormatsukawaterra.jpg\",\"articleSection\":[\"Esportes\"],\"inLanguage\":\"pt-BR\",\"potentialAction\":[{\"@type\":\"CommentAction\",\"name\":\"Comment\",\"target\":[\"https:\/\/www.notibras.com\/site\/felipao-manda-grupo-jogar-futevolei-na-tarde-fria-de-teresopolis\/#respond\"]}]},{\"@type\":\"WebPage\",\"@id\":\"https:\/\/www.notibras.com\/site\/felipao-manda-grupo-jogar-futevolei-na-tarde-fria-de-teresopolis\/\",\"url\":\"https:\/\/www.notibras.com\/site\/felipao-manda-grupo-jogar-futevolei-na-tarde-fria-de-teresopolis\/\",\"name\":\"Felip\u00e3o manda grupo jogar futev\u00f4lei no frio de Teres\u00f3polis - Notibras\",\"isPartOf\":{\"@id\":\"https:\/\/www.notibras.com\/site\/#website\"},\"primaryImageOfPage\":{\"@id\":\"https:\/\/www.notibras.com\/site\/felipao-manda-grupo-jogar-futevolei-na-tarde-fria-de-teresopolis\/#primaryimage\"},\"image\":{\"@id\":\"https:\/\/www.notibras.com\/site\/felipao-manda-grupo-jogar-futevolei-na-tarde-fria-de-teresopolis\/#primaryimage\"},\"thumbnailUrl\":\"https:\/\/www.notibras.com\/site\/wp-content\/uploads\/2014\/05\/01neymarbrincatreinormatsukawaterra.jpg\",\"datePublished\":\"2014-05-29T23:45:34+00:00\",\"dateModified\":\"2014-05-30T01:11:48+00:00\",\"breadcrumb\":{\"@id\":\"https:\/\/www.notibras.com\/site\/felipao-manda-grupo-jogar-futevolei-na-tarde-fria-de-teresopolis\/#breadcrumb\"},\"inLanguage\":\"pt-BR\",\"potentialAction\":[{\"@type\":\"ReadAction\",\"target\":[\"https:\/\/www.notibras.com\/site\/felipao-manda-grupo-jogar-futevolei-na-tarde-fria-de-teresopolis\/\"]}]},{\"@type\":\"ImageObject\",\"inLanguage\":\"pt-BR\",\"@id\":\"https:\/\/www.notibras.com\/site\/felipao-manda-grupo-jogar-futevolei-na-tarde-fria-de-teresopolis\/#primaryimage\",\"url\":\"https:\/\/www.notibras.com\/site\/wp-content\/uploads\/2014\/05\/01neymarbrincatreinormatsukawaterra.jpg\",\"contentUrl\":\"https:\/\/www.notibras.com\/site\/wp-content\/uploads\/2014\/05\/01neymarbrincatreinormatsukawaterra.jpg\",\"width\":460,\"height\":340},{\"@type\":\"BreadcrumbList\",\"@id\":\"https:\/\/www.notibras.com\/site\/felipao-manda-grupo-jogar-futevolei-na-tarde-fria-de-teresopolis\/#breadcrumb\",\"itemListElement\":[{\"@type\":\"ListItem\",\"position\":1,\"name\":\"In\u00edcio\",\"item\":\"https:\/\/www.notibras.com\/site\/\"},{\"@type\":\"ListItem\",\"position\":2,\"name\":\"Felip\u00e3o manda grupo jogar futev\u00f4lei no frio de Teres\u00f3polis\"}]},{\"@type\":\"WebSite\",\"@id\":\"https:\/\/www.notibras.com\/site\/#website\",\"url\":\"https:\/\/www.notibras.com\/site\/\",\"name\":\"Notibras\",\"description\":\"Not\u00edcias de Bras\u00edlia, do Brasil e do Mundo\",\"publisher\":{\"@id\":\"https:\/\/www.notibras.com\/site\/#organization\"},\"potentialAction\":[{\"@type\":\"SearchAction\",\"target\":{\"@type\":\"EntryPoint\",\"urlTemplate\":\"https:\/\/www.notibras.com\/site\/?s={search_term_string}\"},\"query-input\":{\"@type\":\"PropertyValueSpecification\",\"valueRequired\":true,\"valueName\":\"search_term_string\"}}],\"inLanguage\":\"pt-BR\"},{\"@type\":\"Organization\",\"@id\":\"https:\/\/www.notibras.com\/site\/#organization\",\"name\":\"Grupo Notibras de Comunica\u00e7\u00e3o\",\"url\":\"https:\/\/www.notibras.com\/site\/\",\"logo\":{\"@type\":\"ImageObject\",\"inLanguage\":\"pt-BR\",\"@id\":\"https:\/\/www.notibras.com\/site\/#\/schema\/logo\/image\/\",\"url\":\"https:\/\/www.notibras.com\/site\/wp-content\/uploads\/2023\/01\/notibras23.png\",\"contentUrl\":\"https:\/\/www.notibras.com\/site\/wp-content\/uploads\/2023\/01\/notibras23.png\",\"width\":350,\"height\":87,\"caption\":\"Grupo Notibras de Comunica\u00e7\u00e3o\"},\"image\":{\"@id\":\"https:\/\/www.notibras.com\/site\/#\/schema\/logo\/image\/\"},\"sameAs\":[\"https:\/\/www.facebook.com\/notibras\/\",\"https:\/\/x.com\/Notibras\",\"https:\/\/www.instagram.com\/notibras\/\"]},{\"@type\":\"Person\",\"@id\":\"https:\/\/www.notibras.com\/site\/#\/schema\/person\/36ab0979449956132d3e5b517ea76ac8\",\"name\":\"Reda\u00e7\u00e3o\",\"image\":{\"@type\":\"ImageObject\",\"inLanguage\":\"pt-BR\",\"@id\":\"https:\/\/secure.gravatar.com\/avatar\/e0a867bdedb85fd243eadf09663511f96fc81e0720a4a42581f334ad4303aa6b?s=96&d=mm&r=g\",\"url\":\"https:\/\/secure.gravatar.com\/avatar\/e0a867bdedb85fd243eadf09663511f96fc81e0720a4a42581f334ad4303aa6b?s=96&d=mm&r=g\",\"contentUrl\":\"https:\/\/secure.gravatar.com\/avatar\/e0a867bdedb85fd243eadf09663511f96fc81e0720a4a42581f334ad4303aa6b?s=96&d=mm&r=g\",\"caption\":\"Reda\u00e7\u00e3o\"}}]}<\/script>\n<!-- \/ Yoast SEO plugin. -->","yoast_head_json":{"title":"Felip\u00e3o manda grupo jogar futev\u00f4lei no frio de Teres\u00f3polis - Notibras","robots":{"index":"index","follow":"follow","max-snippet":"max-snippet:-1","max-image-preview":"max-image-preview:large","max-video-preview":"max-video-preview:-1"},"canonical":"https:\/\/www.notibras.com\/site\/felipao-manda-grupo-jogar-futevolei-na-tarde-fria-de-teresopolis\/","og_locale":"pt_BR","og_type":"article","og_title":"Felip\u00e3o manda grupo jogar futev\u00f4lei no frio de Teres\u00f3polis - Notibras","og_description":"O trabalho da Sele\u00e7\u00e3o Brasileira na tarde gelada e de chuva fina na Granja Comary, em Teres\u00f3polis, nesta quinta-feira, foi em\u00a0um cen\u00e1rio de praia. Luiz\u00a0Felipe Scolari colocou os 20 jogadores para relaxarem com um animado futev\u00f4lei no campo de areia\u00a0localizado atr\u00e1s dos dois campos principais. Apenas os goleiros ficaram fora da atividade, trabalhando a parte [&hellip;]","og_url":"https:\/\/www.notibras.com\/site\/felipao-manda-grupo-jogar-futevolei-na-tarde-fria-de-teresopolis\/","og_site_name":"Notibras","article_publisher":"https:\/\/www.facebook.com\/notibras\/","article_published_time":"2014-05-29T23:45:34+00:00","article_modified_time":"2014-05-30T01:11:48+00:00","og_image":[{"width":460,"height":340,"url":"https:\/\/www.notibras.com\/site\/wp-content\/uploads\/2014\/05\/01neymarbrincatreinormatsukawaterra.jpg","type":"image\/jpeg"}],"author":"Reda\u00e7\u00e3o","twitter_card":"summary_large_image","twitter_creator":"@Notibras","twitter_site":"@Notibras","twitter_misc":{"Escrito por":"Reda\u00e7\u00e3o","Est. tempo de leitura":"2 minutos"},"schema":{"@context":"https:\/\/schema.org","@graph":[{"@type":"Article","@id":"https:\/\/www.notibras.com\/site\/felipao-manda-grupo-jogar-futevolei-na-tarde-fria-de-teresopolis\/#article","isPartOf":{"@id":"https:\/\/www.notibras.com\/site\/felipao-manda-grupo-jogar-futevolei-na-tarde-fria-de-teresopolis\/"},"author":{"name":"Reda\u00e7\u00e3o","@id":"https:\/\/www.notibras.com\/site\/#\/schema\/person\/36ab0979449956132d3e5b517ea76ac8"},"headline":"Felip\u00e3o manda grupo jogar futev\u00f4lei no frio de Teres\u00f3polis","datePublished":"2014-05-29T23:45:34+00:00","dateModified":"2014-05-30T01:11:48+00:00","mainEntityOfPage":{"@id":"https:\/\/www.notibras.com\/site\/felipao-manda-grupo-jogar-futevolei-na-tarde-fria-de-teresopolis\/"},"wordCount":350,"commentCount":0,"publisher":{"@id":"https:\/\/www.notibras.com\/site\/#organization"},"image":{"@id":"https:\/\/www.notibras.com\/site\/felipao-manda-grupo-jogar-futevolei-na-tarde-fria-de-teresopolis\/#primaryimage"},"thumbnailUrl":"https:\/\/www.notibras.com\/site\/wp-content\/uploads\/2014\/05\/01neymarbrincatreinormatsukawaterra.jpg","articleSection":["Esportes"],"inLanguage":"pt-BR","potentialAction":[{"@type":"CommentAction","name":"Comment","target":["https:\/\/www.notibras.com\/site\/felipao-manda-grupo-jogar-futevolei-na-tarde-fria-de-teresopolis\/#respond"]}]},{"@type":"WebPage","@id":"https:\/\/www.notibras.com\/site\/felipao-manda-grupo-jogar-futevolei-na-tarde-fria-de-teresopolis\/","url":"https:\/\/www.notibras.com\/site\/felipao-manda-grupo-jogar-futevolei-na-tarde-fria-de-teresopolis\/","name":"Felip\u00e3o manda grupo jogar futev\u00f4lei no frio de Teres\u00f3polis - Notibras","isPartOf":{"@id":"https:\/\/www.notibras.com\/site\/#website"},"primaryImageOfPage":{"@id":"https:\/\/www.notibras.com\/site\/felipao-manda-grupo-jogar-futevolei-na-tarde-fria-de-teresopolis\/#primaryimage"},"image":{"@id":"https:\/\/www.notibras.com\/site\/felipao-manda-grupo-jogar-futevolei-na-tarde-fria-de-teresopolis\/#primaryimage"},"thumbnailUrl":"https:\/\/www.notibras.com\/site\/wp-content\/uploads\/2014\/05\/01neymarbrincatreinormatsukawaterra.jpg","datePublished":"2014-05-29T23:45:34+00:00","dateModified":"2014-05-30T01:11:48+00:00","breadcrumb":{"@id":"https:\/\/www.notibras.com\/site\/felipao-manda-grupo-jogar-futevolei-na-tarde-fria-de-teresopolis\/#breadcrumb"},"inLanguage":"pt-BR","potentialAction":[{"@type":"ReadAction","target":["https:\/\/www.notibras.com\/site\/felipao-manda-grupo-jogar-futevolei-na-tarde-fria-de-teresopolis\/"]}]},{"@type":"ImageObject","inLanguage":"pt-BR","@id":"https:\/\/www.notibras.com\/site\/felipao-manda-grupo-jogar-futevolei-na-tarde-fria-de-teresopolis\/#primaryimage","url":"https:\/\/www.notibras.com\/site\/wp-content\/uploads\/2014\/05\/01neymarbrincatreinormatsukawaterra.jpg","contentUrl":"https:\/\/www.notibras.com\/site\/wp-content\/uploads\/2014\/05\/01neymarbrincatreinormatsukawaterra.jpg","width":460,"height":340},{"@type":"BreadcrumbList","@id":"https:\/\/www.notibras.com\/site\/felipao-manda-grupo-jogar-futevolei-na-tarde-fria-de-teresopolis\/#breadcrumb","itemListElement":[{"@type":"ListItem","position":1,"name":"In\u00edcio","item":"https:\/\/www.notibras.com\/site\/"},{"@type":"ListItem","position":2,"name":"Felip\u00e3o manda grupo jogar futev\u00f4lei no frio de Teres\u00f3polis"}]},{"@type":"WebSite","@id":"https:\/\/www.notibras.com\/site\/#website","url":"https:\/\/www.notibras.com\/site\/","name":"Notibras","description":"Not\u00edcias de Bras\u00edlia, do Brasil e do Mundo","publisher":{"@id":"https:\/\/www.notibras.com\/site\/#organization"},"potentialAction":[{"@type":"SearchAction","target":{"@type":"EntryPoint","urlTemplate":"https:\/\/www.notibras.com\/site\/?s={search_term_string}"},"query-input":{"@type":"PropertyValueSpecification","valueRequired":true,"valueName":"search_term_string"}}],"inLanguage":"pt-BR"},{"@type":"Organization","@id":"https:\/\/www.notibras.com\/site\/#organization","name":"Grupo Notibras de Comunica\u00e7\u00e3o","url":"https:\/\/www.notibras.com\/site\/","logo":{"@type":"ImageObject","inLanguage":"pt-BR","@id":"https:\/\/www.notibras.com\/site\/#\/schema\/logo\/image\/","url":"https:\/\/www.notibras.com\/site\/wp-content\/uploads\/2023\/01\/notibras23.png","contentUrl":"https:\/\/www.notibras.com\/site\/wp-content\/uploads\/2023\/01\/notibras23.png","width":350,"height":87,"caption":"Grupo Notibras de Comunica\u00e7\u00e3o"},"image":{"@id":"https:\/\/www.notibras.com\/site\/#\/schema\/logo\/image\/"},"sameAs":["https:\/\/www.facebook.com\/notibras\/","https:\/\/x.com\/Notibras","https:\/\/www.instagram.com\/notibras\/"]},{"@type":"Person","@id":"https:\/\/www.notibras.com\/site\/#\/schema\/person\/36ab0979449956132d3e5b517ea76ac8","name":"Reda\u00e7\u00e3o","image":{"@type":"ImageObject","inLanguage":"pt-BR","@id":"https:\/\/secure.gravatar.com\/avatar\/e0a867bdedb85fd243eadf09663511f96fc81e0720a4a42581f334ad4303aa6b?s=96&d=mm&r=g","url":"https:\/\/secure.gravatar.com\/avatar\/e0a867bdedb85fd243eadf09663511f96fc81e0720a4a42581f334ad4303aa6b?s=96&d=mm&r=g","contentUrl":"https:\/\/secure.gravatar.com\/avatar\/e0a867bdedb85fd243eadf09663511f96fc81e0720a4a42581f334ad4303aa6b?s=96&d=mm&r=g","caption":"Reda\u00e7\u00e3o"}}]}},"amp_enabled":true,"_links":{"self":[{"href":"https:\/\/www.notibras.com\/site\/wp-json\/wp\/v2\/posts\/11511","targetHints":{"allow":["GET"]}}],"collection":[{"href":"https:\/\/www.notibras.com\/site\/wp-json\/wp\/v2\/posts"}],"about":[{"href":"https:\/\/www.notibras.com\/site\/wp-json\/wp\/v2\/types\/post"}],"author":[{"embeddable":true,"href":"https:\/\/www.notibras.com\/site\/wp-json\/wp\/v2\/users\/2"}],"replies":[{"embeddable":true,"href":"https:\/\/www.notibras.com\/site\/wp-json\/wp\/v2\/comments?post=11511"}],"version-history":[{"count":0,"href":"https:\/\/www.notibras.com\/site\/wp-json\/wp\/v2\/posts\/11511\/revisions"}],"wp:featuredmedia":[{"embeddable":true,"href":"https:\/\/www.notibras.com\/site\/wp-json\/wp\/v2\/media\/11512"}],"wp:attachment":[{"href":"https:\/\/www.notibras.com\/site\/wp-json\/wp\/v2\/media?parent=11511"}],"wp:term":[{"taxonomy":"category","embeddable":true,"href":"https:\/\/www.notibras.com\/site\/wp-json\/wp\/v2\/categories?post=11511"},{"taxonomy":"post_tag","embeddable":true,"href":"https:\/\/www.notibras.com\/site\/wp-json\/wp\/v2\/tags?post=11511"}],"curies":[{"name":"wp","href":"https:\/\/api.w.org\/{rel}","templated":true}]}}