{"id":115156,"date":"2016-09-11T19:18:06","date_gmt":"2016-09-11T22:18:06","guid":{"rendered":"http:\/\/www.notibras.com\/site\/?p=115156"},"modified":"2016-09-11T19:18:06","modified_gmt":"2016-09-11T22:18:06","slug":"pt-da-uma-canseira-e-o-brasil-que-se-exploda","status":"publish","type":"post","link":"https:\/\/www.notibras.com\/site\/pt-da-uma-canseira-e-o-brasil-que-se-exploda\/","title":{"rendered":"PT d\u00e1 uma canseira, e o Brasil que se exploda"},"content":{"rendered":"<p><strong>Percival Puggina<\/strong><\/p>\n<p>Milicianos petistas desfilam em grandes centros aos gritos de &#8220;Fora Temer!&#8221;. Aparentam grande descontentamento, como se lhes houvessem tomado algo muito valioso, tipo assim, digamos, uma presidente como Dilma Rousseff. Naquelas mentes, o Brasil, sem Dilma, sem o PT e com Lula dando explica\u00e7\u00e3o para delegado, ser\u00e1 tomado pelo caos.<\/p>\n<p>Sob o novo governo, sup\u00f5em, irromper\u00e3o esc\u00e2ndalos na Petrobr\u00e1s, nas obras federais, nos programas sociais. Os fundos de pens\u00e3o dos trabalhadores ser\u00e3o dilapidados. A infla\u00e7\u00e3o alcan\u00e7ar\u00e1 dois d\u00edgitos, o pa\u00eds entrar\u00e1 em recess\u00e3o e cair\u00e1 em descr\u00e9dito, o desemprego se abater\u00e1 sobre milh\u00f5es de fam\u00edlias. Cair\u00e1 a renda do trabalhador.<\/p>\n<p>Receiam que, com Temer, negocistas reunidos em torno do poder far\u00e3o transa\u00e7\u00f5es danosas ao Brasil, comprar\u00e3o sucatas no exterior e entregar\u00e3o patrim\u00f4nio nacional a pa\u00edses de direita. Ent\u00e3o, diante desse cen\u00e1rio desolador, as mil\u00edcias se impacientam e, vez por outra, partem para a ofensiva.<\/p>\n<p>Vivesse entre n\u00f3s, Miguel de Cervantes n\u00e3o faria o ind\u00f4mito D. Quixote de la Mancha direcionar suas investidas a inocentes moinhos de vento, mas o faria arremeter contra as novas lixeiras. S\u00f3 um conservador ordin\u00e1rio como Sancho Pan\u00e7a n\u00e3o percebe nelas o potencial reacion\u00e1rio a exigir destrui\u00e7\u00e3o total. Eu sempre soube que as lixeiras seriam as primeiras v\u00edtimas de uma rea\u00e7\u00e3o esquerdista no Brasil. \u00c9 muito simbolismo para passarem inc\u00f3lumes. Logo a seguir, pelo estardalha\u00e7o que causam e pela transpar\u00eancia que sugerem, viriam as vidra\u00e7as. Fogo nas lixeiras! Abaixo as vidra\u00e7as! E, claro, &#8220;Fora Temer!&#8221;.<\/p>\n<p>Tenho encontrado pessoas que depois de desfilarem entre milh\u00f5es, nas ruas e pra\u00e7as do Brasil, se deixam impressionar pela gritaria dos esparsos grupelhos esquerdistas. Ora, meus caros, nos \u00faltimos 30 anos, n\u00e3o houve nem h\u00e1 governo, municipal, estadual ou federal que, tendo o PT como oposicionista, cumpra mandato sem escutar alarido semelhante. O &#8220;Fora quem n\u00e3o seja nosso!&#8221; faz parte do pujante e rico arsenal ret\u00f3rico do partido. E quando o grito sai de um peito com estrela nada h\u00e1 nele de golpista. \u00c9 simples manifesta\u00e7\u00e3o de justificada &#8220;repulsa c\u00edvica&#8221;.<\/p>\n<p>Ent\u00e3o, o que estamos assistindo n\u00e3o pode causar surpresa. O sentimento que essas manifesta\u00e7\u00f5es me inspiram \u00e9 de perplexidade pela contradi\u00e7\u00e3o formal entre os milicianos de rostos expostos e os de rostos encobertos. Como entender condutas t\u00e3o diferentes num mesmo evento? Enquanto estes \u00faltimos t\u00eam consci\u00eancia da pr\u00f3pria incivilidade e falta de compostura, os primeiros parecem orgulhar-se do que s\u00e3o e do que fazem. Pois prefiro os que tapam a cara. Parecem-se mais com seres humanos. Em algum lugar pulsa uma consci\u00eancia. Os outros, ou deixaram a vergonha de lado em ressaca ideol\u00f3gica, ou, o que \u00e9 bem pior, seja a soldo, seja como volunt\u00e1rios, querem restaurar o caos que o petismo produziu. E que o pa\u00eds se exploda.<\/p>\n","protected":false},"excerpt":{"rendered":"<p>Percival Puggina Milicianos petistas desfilam em grandes centros aos gritos de &#8220;Fora Temer!&#8221;. Aparentam grande descontentamento, como se lhes houvessem tomado algo muito valioso, tipo assim, digamos, uma presidente como Dilma Rousseff. Naquelas mentes, o Brasil, sem Dilma, sem o PT e com Lula dando explica\u00e7\u00e3o para delegado, ser\u00e1 tomado pelo caos. Sob o novo [&hellip;]<\/p>\n","protected":false},"author":2,"featured_media":115157,"comment_status":"open","ping_status":"closed","sticky":false,"template":"","format":"standard","meta":{"_acf_changed":false,"footnotes":""},"categories":[25],"tags":[],"class_list":["post-115156","post","type-post","status-publish","format-standard","has-post-thumbnail","hentry","category-opina-ai"],"acf":[],"yoast_head":"<!-- This site is optimized with the Yoast SEO plugin v27.5 - https:\/\/yoast.com\/product\/yoast-seo-wordpress\/ -->\n<title>PT d\u00e1 uma canseira, e o Brasil que se exploda - Notibras<\/title>\n<meta name=\"robots\" content=\"index, follow, max-snippet:-1, max-image-preview:large, max-video-preview:-1\" \/>\n<link rel=\"canonical\" href=\"https:\/\/www.notibras.com\/site\/pt-da-uma-canseira-e-o-brasil-que-se-exploda\/\" \/>\n<meta property=\"og:locale\" content=\"pt_BR\" \/>\n<meta property=\"og:type\" content=\"article\" \/>\n<meta property=\"og:title\" content=\"PT d\u00e1 uma canseira, e o Brasil que se exploda - Notibras\" \/>\n<meta property=\"og:description\" content=\"Percival Puggina Milicianos petistas desfilam em grandes centros aos gritos de &#8220;Fora Temer!&#8221;. Aparentam grande descontentamento, como se lhes houvessem tomado algo muito valioso, tipo assim, digamos, uma presidente como Dilma Rousseff. Naquelas mentes, o Brasil, sem Dilma, sem o PT e com Lula dando explica\u00e7\u00e3o para delegado, ser\u00e1 tomado pelo caos. Sob o novo [&hellip;]\" \/>\n<meta property=\"og:url\" content=\"https:\/\/www.notibras.com\/site\/pt-da-uma-canseira-e-o-brasil-que-se-exploda\/\" \/>\n<meta property=\"og:site_name\" content=\"Notibras\" \/>\n<meta property=\"article:publisher\" content=\"https:\/\/www.facebook.com\/notibras\/\" \/>\n<meta property=\"article:published_time\" content=\"2016-09-11T22:18:06+00:00\" \/>\n<meta property=\"og:image\" content=\"https:\/\/www.notibras.com\/site\/wp-content\/uploads\/2016\/09\/cut2.jpg\" \/>\n\t<meta property=\"og:image:width\" content=\"800\" \/>\n\t<meta property=\"og:image:height\" content=\"600\" \/>\n\t<meta property=\"og:image:type\" content=\"image\/jpeg\" \/>\n<meta name=\"author\" content=\"Reda\u00e7\u00e3o\" \/>\n<meta name=\"twitter:card\" content=\"summary_large_image\" \/>\n<meta name=\"twitter:creator\" content=\"@Notibras\" \/>\n<meta name=\"twitter:site\" content=\"@Notibras\" \/>\n<meta name=\"twitter:label1\" content=\"Escrito por\" \/>\n\t<meta name=\"twitter:data1\" content=\"Reda\u00e7\u00e3o\" \/>\n\t<meta name=\"twitter:label2\" content=\"Est. tempo de leitura\" \/>\n\t<meta name=\"twitter:data2\" content=\"3 minutos\" \/>\n<script type=\"application\/ld+json\" class=\"yoast-schema-graph\">{\"@context\":\"https:\\\/\\\/schema.org\",\"@graph\":[{\"@type\":\"Article\",\"@id\":\"https:\\\/\\\/www.notibras.com\\\/site\\\/pt-da-uma-canseira-e-o-brasil-que-se-exploda\\\/#article\",\"isPartOf\":{\"@id\":\"https:\\\/\\\/www.notibras.com\\\/site\\\/pt-da-uma-canseira-e-o-brasil-que-se-exploda\\\/\"},\"author\":{\"name\":\"Reda\u00e7\u00e3o\",\"@id\":\"https:\\\/\\\/www.notibras.com\\\/site\\\/#\\\/schema\\\/person\\\/36ab0979449956132d3e5b517ea76ac8\"},\"headline\":\"PT d\u00e1 uma canseira, e o Brasil que se exploda\",\"datePublished\":\"2016-09-11T22:18:06+00:00\",\"mainEntityOfPage\":{\"@id\":\"https:\\\/\\\/www.notibras.com\\\/site\\\/pt-da-uma-canseira-e-o-brasil-que-se-exploda\\\/\"},\"wordCount\":514,\"commentCount\":0,\"publisher\":{\"@id\":\"https:\\\/\\\/www.notibras.com\\\/site\\\/#organization\"},\"image\":{\"@id\":\"https:\\\/\\\/www.notibras.com\\\/site\\\/pt-da-uma-canseira-e-o-brasil-que-se-exploda\\\/#primaryimage\"},\"thumbnailUrl\":\"https:\\\/\\\/www.notibras.com\\\/site\\\/wp-content\\\/uploads\\\/2016\\\/09\\\/cut2.jpg\",\"articleSection\":[\"Opina a\u00ed\"],\"inLanguage\":\"pt-BR\",\"potentialAction\":[{\"@type\":\"CommentAction\",\"name\":\"Comment\",\"target\":[\"https:\\\/\\\/www.notibras.com\\\/site\\\/pt-da-uma-canseira-e-o-brasil-que-se-exploda\\\/#respond\"]}]},{\"@type\":\"WebPage\",\"@id\":\"https:\\\/\\\/www.notibras.com\\\/site\\\/pt-da-uma-canseira-e-o-brasil-que-se-exploda\\\/\",\"url\":\"https:\\\/\\\/www.notibras.com\\\/site\\\/pt-da-uma-canseira-e-o-brasil-que-se-exploda\\\/\",\"name\":\"PT d\u00e1 uma canseira, e o Brasil que se exploda - Notibras\",\"isPartOf\":{\"@id\":\"https:\\\/\\\/www.notibras.com\\\/site\\\/#website\"},\"primaryImageOfPage\":{\"@id\":\"https:\\\/\\\/www.notibras.com\\\/site\\\/pt-da-uma-canseira-e-o-brasil-que-se-exploda\\\/#primaryimage\"},\"image\":{\"@id\":\"https:\\\/\\\/www.notibras.com\\\/site\\\/pt-da-uma-canseira-e-o-brasil-que-se-exploda\\\/#primaryimage\"},\"thumbnailUrl\":\"https:\\\/\\\/www.notibras.com\\\/site\\\/wp-content\\\/uploads\\\/2016\\\/09\\\/cut2.jpg\",\"datePublished\":\"2016-09-11T22:18:06+00:00\",\"breadcrumb\":{\"@id\":\"https:\\\/\\\/www.notibras.com\\\/site\\\/pt-da-uma-canseira-e-o-brasil-que-se-exploda\\\/#breadcrumb\"},\"inLanguage\":\"pt-BR\",\"potentialAction\":[{\"@type\":\"ReadAction\",\"target\":[\"https:\\\/\\\/www.notibras.com\\\/site\\\/pt-da-uma-canseira-e-o-brasil-que-se-exploda\\\/\"]}]},{\"@type\":\"ImageObject\",\"inLanguage\":\"pt-BR\",\"@id\":\"https:\\\/\\\/www.notibras.com\\\/site\\\/pt-da-uma-canseira-e-o-brasil-que-se-exploda\\\/#primaryimage\",\"url\":\"https:\\\/\\\/www.notibras.com\\\/site\\\/wp-content\\\/uploads\\\/2016\\\/09\\\/cut2.jpg\",\"contentUrl\":\"https:\\\/\\\/www.notibras.com\\\/site\\\/wp-content\\\/uploads\\\/2016\\\/09\\\/cut2.jpg\",\"width\":800,\"height\":600},{\"@type\":\"BreadcrumbList\",\"@id\":\"https:\\\/\\\/www.notibras.com\\\/site\\\/pt-da-uma-canseira-e-o-brasil-que-se-exploda\\\/#breadcrumb\",\"itemListElement\":[{\"@type\":\"ListItem\",\"position\":1,\"name\":\"In\u00edcio\",\"item\":\"https:\\\/\\\/www.notibras.com\\\/site\\\/\"},{\"@type\":\"ListItem\",\"position\":2,\"name\":\"PT d\u00e1 uma canseira, e o Brasil que se exploda\"}]},{\"@type\":\"WebSite\",\"@id\":\"https:\\\/\\\/www.notibras.com\\\/site\\\/#website\",\"url\":\"https:\\\/\\\/www.notibras.com\\\/site\\\/\",\"name\":\"Notibras\",\"description\":\"Not\u00edcias de Bras\u00edlia, do Brasil e do Mundo\",\"publisher\":{\"@id\":\"https:\\\/\\\/www.notibras.com\\\/site\\\/#organization\"},\"potentialAction\":[{\"@type\":\"SearchAction\",\"target\":{\"@type\":\"EntryPoint\",\"urlTemplate\":\"https:\\\/\\\/www.notibras.com\\\/site\\\/?s={search_term_string}\"},\"query-input\":{\"@type\":\"PropertyValueSpecification\",\"valueRequired\":true,\"valueName\":\"search_term_string\"}}],\"inLanguage\":\"pt-BR\"},{\"@type\":\"Organization\",\"@id\":\"https:\\\/\\\/www.notibras.com\\\/site\\\/#organization\",\"name\":\"Grupo Notibras de Comunica\u00e7\u00e3o\",\"url\":\"https:\\\/\\\/www.notibras.com\\\/site\\\/\",\"logo\":{\"@type\":\"ImageObject\",\"inLanguage\":\"pt-BR\",\"@id\":\"https:\\\/\\\/www.notibras.com\\\/site\\\/#\\\/schema\\\/logo\\\/image\\\/\",\"url\":\"https:\\\/\\\/www.notibras.com\\\/site\\\/wp-content\\\/uploads\\\/2023\\\/01\\\/notibras23.png\",\"contentUrl\":\"https:\\\/\\\/www.notibras.com\\\/site\\\/wp-content\\\/uploads\\\/2023\\\/01\\\/notibras23.png\",\"width\":350,\"height\":87,\"caption\":\"Grupo Notibras de Comunica\u00e7\u00e3o\"},\"image\":{\"@id\":\"https:\\\/\\\/www.notibras.com\\\/site\\\/#\\\/schema\\\/logo\\\/image\\\/\"},\"sameAs\":[\"https:\\\/\\\/www.facebook.com\\\/notibras\\\/\",\"https:\\\/\\\/x.com\\\/Notibras\",\"https:\\\/\\\/www.instagram.com\\\/notibras\\\/\"]},{\"@type\":\"Person\",\"@id\":\"https:\\\/\\\/www.notibras.com\\\/site\\\/#\\\/schema\\\/person\\\/36ab0979449956132d3e5b517ea76ac8\",\"name\":\"Reda\u00e7\u00e3o\",\"image\":{\"@type\":\"ImageObject\",\"inLanguage\":\"pt-BR\",\"@id\":\"https:\\\/\\\/secure.gravatar.com\\\/avatar\\\/e0a867bdedb85fd243eadf09663511f96fc81e0720a4a42581f334ad4303aa6b?s=96&d=mm&r=g\",\"url\":\"https:\\\/\\\/secure.gravatar.com\\\/avatar\\\/e0a867bdedb85fd243eadf09663511f96fc81e0720a4a42581f334ad4303aa6b?s=96&d=mm&r=g\",\"contentUrl\":\"https:\\\/\\\/secure.gravatar.com\\\/avatar\\\/e0a867bdedb85fd243eadf09663511f96fc81e0720a4a42581f334ad4303aa6b?s=96&d=mm&r=g\",\"caption\":\"Reda\u00e7\u00e3o\"}}]}<\/script>\n<!-- \/ Yoast SEO plugin. -->","yoast_head_json":{"title":"PT d\u00e1 uma canseira, e o Brasil que se exploda - Notibras","robots":{"index":"index","follow":"follow","max-snippet":"max-snippet:-1","max-image-preview":"max-image-preview:large","max-video-preview":"max-video-preview:-1"},"canonical":"https:\/\/www.notibras.com\/site\/pt-da-uma-canseira-e-o-brasil-que-se-exploda\/","og_locale":"pt_BR","og_type":"article","og_title":"PT d\u00e1 uma canseira, e o Brasil que se exploda - Notibras","og_description":"Percival Puggina Milicianos petistas desfilam em grandes centros aos gritos de &#8220;Fora Temer!&#8221;. Aparentam grande descontentamento, como se lhes houvessem tomado algo muito valioso, tipo assim, digamos, uma presidente como Dilma Rousseff. Naquelas mentes, o Brasil, sem Dilma, sem o PT e com Lula dando explica\u00e7\u00e3o para delegado, ser\u00e1 tomado pelo caos. Sob o novo [&hellip;]","og_url":"https:\/\/www.notibras.com\/site\/pt-da-uma-canseira-e-o-brasil-que-se-exploda\/","og_site_name":"Notibras","article_publisher":"https:\/\/www.facebook.com\/notibras\/","article_published_time":"2016-09-11T22:18:06+00:00","og_image":[{"width":800,"height":600,"url":"https:\/\/www.notibras.com\/site\/wp-content\/uploads\/2016\/09\/cut2.jpg","type":"image\/jpeg"}],"author":"Reda\u00e7\u00e3o","twitter_card":"summary_large_image","twitter_creator":"@Notibras","twitter_site":"@Notibras","twitter_misc":{"Escrito por":"Reda\u00e7\u00e3o","Est. tempo de leitura":"3 minutos"},"schema":{"@context":"https:\/\/schema.org","@graph":[{"@type":"Article","@id":"https:\/\/www.notibras.com\/site\/pt-da-uma-canseira-e-o-brasil-que-se-exploda\/#article","isPartOf":{"@id":"https:\/\/www.notibras.com\/site\/pt-da-uma-canseira-e-o-brasil-que-se-exploda\/"},"author":{"name":"Reda\u00e7\u00e3o","@id":"https:\/\/www.notibras.com\/site\/#\/schema\/person\/36ab0979449956132d3e5b517ea76ac8"},"headline":"PT d\u00e1 uma canseira, e o Brasil que se exploda","datePublished":"2016-09-11T22:18:06+00:00","mainEntityOfPage":{"@id":"https:\/\/www.notibras.com\/site\/pt-da-uma-canseira-e-o-brasil-que-se-exploda\/"},"wordCount":514,"commentCount":0,"publisher":{"@id":"https:\/\/www.notibras.com\/site\/#organization"},"image":{"@id":"https:\/\/www.notibras.com\/site\/pt-da-uma-canseira-e-o-brasil-que-se-exploda\/#primaryimage"},"thumbnailUrl":"https:\/\/www.notibras.com\/site\/wp-content\/uploads\/2016\/09\/cut2.jpg","articleSection":["Opina a\u00ed"],"inLanguage":"pt-BR","potentialAction":[{"@type":"CommentAction","name":"Comment","target":["https:\/\/www.notibras.com\/site\/pt-da-uma-canseira-e-o-brasil-que-se-exploda\/#respond"]}]},{"@type":"WebPage","@id":"https:\/\/www.notibras.com\/site\/pt-da-uma-canseira-e-o-brasil-que-se-exploda\/","url":"https:\/\/www.notibras.com\/site\/pt-da-uma-canseira-e-o-brasil-que-se-exploda\/","name":"PT d\u00e1 uma canseira, e o Brasil que se exploda - Notibras","isPartOf":{"@id":"https:\/\/www.notibras.com\/site\/#website"},"primaryImageOfPage":{"@id":"https:\/\/www.notibras.com\/site\/pt-da-uma-canseira-e-o-brasil-que-se-exploda\/#primaryimage"},"image":{"@id":"https:\/\/www.notibras.com\/site\/pt-da-uma-canseira-e-o-brasil-que-se-exploda\/#primaryimage"},"thumbnailUrl":"https:\/\/www.notibras.com\/site\/wp-content\/uploads\/2016\/09\/cut2.jpg","datePublished":"2016-09-11T22:18:06+00:00","breadcrumb":{"@id":"https:\/\/www.notibras.com\/site\/pt-da-uma-canseira-e-o-brasil-que-se-exploda\/#breadcrumb"},"inLanguage":"pt-BR","potentialAction":[{"@type":"ReadAction","target":["https:\/\/www.notibras.com\/site\/pt-da-uma-canseira-e-o-brasil-que-se-exploda\/"]}]},{"@type":"ImageObject","inLanguage":"pt-BR","@id":"https:\/\/www.notibras.com\/site\/pt-da-uma-canseira-e-o-brasil-que-se-exploda\/#primaryimage","url":"https:\/\/www.notibras.com\/site\/wp-content\/uploads\/2016\/09\/cut2.jpg","contentUrl":"https:\/\/www.notibras.com\/site\/wp-content\/uploads\/2016\/09\/cut2.jpg","width":800,"height":600},{"@type":"BreadcrumbList","@id":"https:\/\/www.notibras.com\/site\/pt-da-uma-canseira-e-o-brasil-que-se-exploda\/#breadcrumb","itemListElement":[{"@type":"ListItem","position":1,"name":"In\u00edcio","item":"https:\/\/www.notibras.com\/site\/"},{"@type":"ListItem","position":2,"name":"PT d\u00e1 uma canseira, e o Brasil que se exploda"}]},{"@type":"WebSite","@id":"https:\/\/www.notibras.com\/site\/#website","url":"https:\/\/www.notibras.com\/site\/","name":"Notibras","description":"Not\u00edcias de Bras\u00edlia, do Brasil e do Mundo","publisher":{"@id":"https:\/\/www.notibras.com\/site\/#organization"},"potentialAction":[{"@type":"SearchAction","target":{"@type":"EntryPoint","urlTemplate":"https:\/\/www.notibras.com\/site\/?s={search_term_string}"},"query-input":{"@type":"PropertyValueSpecification","valueRequired":true,"valueName":"search_term_string"}}],"inLanguage":"pt-BR"},{"@type":"Organization","@id":"https:\/\/www.notibras.com\/site\/#organization","name":"Grupo Notibras de Comunica\u00e7\u00e3o","url":"https:\/\/www.notibras.com\/site\/","logo":{"@type":"ImageObject","inLanguage":"pt-BR","@id":"https:\/\/www.notibras.com\/site\/#\/schema\/logo\/image\/","url":"https:\/\/www.notibras.com\/site\/wp-content\/uploads\/2023\/01\/notibras23.png","contentUrl":"https:\/\/www.notibras.com\/site\/wp-content\/uploads\/2023\/01\/notibras23.png","width":350,"height":87,"caption":"Grupo Notibras de Comunica\u00e7\u00e3o"},"image":{"@id":"https:\/\/www.notibras.com\/site\/#\/schema\/logo\/image\/"},"sameAs":["https:\/\/www.facebook.com\/notibras\/","https:\/\/x.com\/Notibras","https:\/\/www.instagram.com\/notibras\/"]},{"@type":"Person","@id":"https:\/\/www.notibras.com\/site\/#\/schema\/person\/36ab0979449956132d3e5b517ea76ac8","name":"Reda\u00e7\u00e3o","image":{"@type":"ImageObject","inLanguage":"pt-BR","@id":"https:\/\/secure.gravatar.com\/avatar\/e0a867bdedb85fd243eadf09663511f96fc81e0720a4a42581f334ad4303aa6b?s=96&d=mm&r=g","url":"https:\/\/secure.gravatar.com\/avatar\/e0a867bdedb85fd243eadf09663511f96fc81e0720a4a42581f334ad4303aa6b?s=96&d=mm&r=g","contentUrl":"https:\/\/secure.gravatar.com\/avatar\/e0a867bdedb85fd243eadf09663511f96fc81e0720a4a42581f334ad4303aa6b?s=96&d=mm&r=g","caption":"Reda\u00e7\u00e3o"}}]}},"amp_enabled":true,"_links":{"self":[{"href":"https:\/\/www.notibras.com\/site\/wp-json\/wp\/v2\/posts\/115156","targetHints":{"allow":["GET"]}}],"collection":[{"href":"https:\/\/www.notibras.com\/site\/wp-json\/wp\/v2\/posts"}],"about":[{"href":"https:\/\/www.notibras.com\/site\/wp-json\/wp\/v2\/types\/post"}],"author":[{"embeddable":true,"href":"https:\/\/www.notibras.com\/site\/wp-json\/wp\/v2\/users\/2"}],"replies":[{"embeddable":true,"href":"https:\/\/www.notibras.com\/site\/wp-json\/wp\/v2\/comments?post=115156"}],"version-history":[{"count":1,"href":"https:\/\/www.notibras.com\/site\/wp-json\/wp\/v2\/posts\/115156\/revisions"}],"predecessor-version":[{"id":115158,"href":"https:\/\/www.notibras.com\/site\/wp-json\/wp\/v2\/posts\/115156\/revisions\/115158"}],"wp:featuredmedia":[{"embeddable":true,"href":"https:\/\/www.notibras.com\/site\/wp-json\/wp\/v2\/media\/115157"}],"wp:attachment":[{"href":"https:\/\/www.notibras.com\/site\/wp-json\/wp\/v2\/media?parent=115156"}],"wp:term":[{"taxonomy":"category","embeddable":true,"href":"https:\/\/www.notibras.com\/site\/wp-json\/wp\/v2\/categories?post=115156"},{"taxonomy":"post_tag","embeddable":true,"href":"https:\/\/www.notibras.com\/site\/wp-json\/wp\/v2\/tags?post=115156"}],"curies":[{"name":"wp","href":"https:\/\/api.w.org\/{rel}","templated":true}]}}