{"id":115359,"date":"2016-09-13T06:00:29","date_gmt":"2016-09-13T09:00:29","guid":{"rendered":"http:\/\/www.notibras.com\/site\/?p=115359"},"modified":"2016-09-13T08:07:31","modified_gmt":"2016-09-13T11:07:31","slug":"fhc-ideologo-nao-pode-esquecer-a-contrarrevolucao","status":"publish","type":"post","link":"https:\/\/www.notibras.com\/site\/fhc-ideologo-nao-pode-esquecer-a-contrarrevolucao\/","title":{"rendered":"FHC, ide\u00f3logo, n\u00e3o pode esquecer a contrarrevolu\u00e7\u00e3o"},"content":{"rendered":"<p><strong>Nivaldo Cordeiro<\/strong><\/p>\n<p>O ex-presidente Fernando Henrique Cardoso em tudo que escreve n\u00e3o se esquece de sua veia de ide\u00f3logo socialista, raz\u00e3o porque elegeu como inimigo de verdade o grupo conservador, n\u00e3o apenas na sua representa\u00e7\u00e3o pol\u00edtica, mas na sua condi\u00e7\u00e3o existencial. FHC nunca faz esse combate com id\u00eantica energia quando se refere aos liberais doutrin\u00e1rios, pois sabe ele que o ber\u00e7o de ambas as ideologias, socialista e lieral, \u00e9 o mesmo.<\/p>\n<p>FHC aceita o liberalismo, sobretudo na sua vers\u00e3o norte-americana, mas tamb\u00e9m na cl\u00e1ssica. Descobriu governando, ao implantar o Plano Cruzado, que a ci\u00eancia econ\u00f4mica digna do nome \u00e9 a liberal. Seu &#8220;neoliberalismo&#8221; consiste na concilia\u00e7\u00e3o do Estado grande com as ideias centrais do liberalismo cl\u00e1ssico, ao menos no que se refere \u00e0 busca do equil\u00edbrio econ\u00f4mico e na boa administra\u00e7\u00e3o da moeda.<\/p>\n<p>No artigo Triste Fim, comentando o ocaso pol\u00edtico de Dilma Rousseff, lamentou pelo PT e proclamou:<\/p>\n<p>&#8220;O atual am\u00e1lgama dos ultraconservadores em mat\u00e9ria comportamental com os oportunistas, clientelistas etc., forma o que eu denomino de &#8220;o atraso&#8221;&#8221;.<\/p>\n<p>O que FHC chama de ultraconservadores s\u00e3o os crist\u00e3os e os que s\u00e3o contra o socialismo. Aqueles que lutam contra a pr\u00e1tica do aborto enquanto institui\u00e7\u00e3o do Estado, os que lutam contra o gaysismo como fac\u00e7\u00e3o pol\u00edtica que quer moldar a moralidade coletiva, os que lutam contra o patroc\u00ednio estatal ao uso cotidiano de estupefacientes, com destaque para a maconha. \u00c9 toda a agenda globalista que ele empunha. FHC se esquece que, antes que os gramscianos grassassem por aqui, os conservadores j\u00e1 estavam e que a popula\u00e7\u00e3o brasileira \u00e9 majoritariamente conservadora. Na verdade, finge esquecer, pois sabe que o campo de batalha \u00e9 contra essa gente, intrinsecamente reconhecendo a sua import\u00e2ncia pol\u00edtica.<\/p>\n<p>Vejam que FHC n\u00e3o est\u00e1 preocupado com as elei\u00e7\u00f5es do dia (ou do ano), mas com a ocupa\u00e7\u00e3o do aparelho do Estado de forma a patrocinar sua pol\u00edtica socialista e revolucion\u00e1ria no longo prazo. N\u00e3o \u00e9 uma luta meramente eleitoral, a dele, \u00e9 uma luta transformadora. No discurso de FHC n\u00e3o h\u00e1 lugar para reconhecer a legitimidade da exist\u00eancia do conservadorismo, que equipara aos oportunistas e clientelistas, o atraso (express\u00e3o cunhada por S\u00e9rgio Buarque de Holanda). Desde que se tornou um homem adulto FHC fez-se um agente revolucion\u00e1rio eficaz nos termos gramscianos, t\u00e3o eficaz que ele pr\u00f3prio se tornou presidente da Rep\u00fablica e fez o seu pr\u00f3prio sucessor, Lula e o PT, obra m\u00e1xima de sua engenharia pol\u00edtica.<\/p>\n<p>[A ironia pol\u00edtica \u00e9 que FHC e o PSDB tiveram que apoiar a destitui\u00e7\u00e3o do PT dentro da ordem, abrindo espa\u00e7o para a emerg\u00eancia das for\u00e7as conservadoras. O socialismo radicalizado do PT mostrou-se incompat\u00edvel com a realidade, levando o pa\u00eds \u00e0 mais grave crise econ\u00f4mica de sua hist\u00f3ria. Talvez contra a vontade \u00edntima de FHC o PSDB teve que apoiar o levante parlamentar bem sucedido, que colocou nos ombros do PT a responsabilidade do resgate hist\u00f3rico daqueles que praticamente estavam exclu\u00eddos do debate pol\u00edtico nacional. O pr\u00f3prio FHC e o PT governando \u00e9 que deram for\u00e7a e se aliaram aos oportunistas e clientelistas.]<\/p>\n<p>FHC sabe que a derrota do PT foi um passo atr\u00e1s no rumo da revolu\u00e7\u00e3o que ele tanto acalantou e pela qual tanto lutou. Pena que o PT colocou os burros n&#8217;\u00e1gua e imp\u00f4s a sua eje\u00e7\u00e3o do poder, sob pena de destruir a economia nacional. Seu lamento \u00e9 ostensivo: &#8220;o atraso passou a comandar as a\u00e7\u00f5es pol\u00edticas, tendo Eduardo Cunha como figura exponencial&#8221;.<\/p>\n<p>Lembremos que Eduardo Cunha arquivou a agenda da revolu\u00e7\u00e3o dos costumes, t\u00e3o cara a FHC, tento chegado l\u00e1 por pura inabilidade de Dilma Rousseff na elei\u00e7\u00e3o para a presid\u00eancia da C\u00e2mara de Deputados. Desde que Eduardo Cunha assumiu, a agenda abortista, gaysista e de libera\u00e7\u00e3o da maconha foi esquecida, para desespero de FHC.<\/p>\n<p>FHC sabe bem o tamanho do retrocesso que \u00e9 a derrota do PT no \u00e2mbito do processo revolucion\u00e1rio, mas as besteiras do Partido dos Trabalhadores foram tantas que n\u00e3o houve outro jeito que n\u00e3o assistir ao ressurgir fortalecido das for\u00e7as conservadoras, t\u00e3o detestadas por ele pr\u00f3prio.<\/p>\n<p>A contrarrevolu\u00e7\u00e3o est\u00e1 em marcha e as elei\u00e7\u00f5es deste ano poder\u00e3o fazer surgir novas lideran\u00e7as conservadoras.<\/p>\n","protected":false},"excerpt":{"rendered":"<p>Nivaldo Cordeiro O ex-presidente Fernando Henrique Cardoso em tudo que escreve n\u00e3o se esquece de sua veia de ide\u00f3logo socialista, raz\u00e3o porque elegeu como inimigo de verdade o grupo conservador, n\u00e3o apenas na sua representa\u00e7\u00e3o pol\u00edtica, mas na sua condi\u00e7\u00e3o existencial. FHC nunca faz esse combate com id\u00eantica energia quando se refere aos liberais doutrin\u00e1rios, [&hellip;]<\/p>\n","protected":false},"author":2,"featured_media":115360,"comment_status":"open","ping_status":"closed","sticky":false,"template":"","format":"standard","meta":{"_acf_changed":false,"footnotes":""},"categories":[25],"tags":[],"class_list":["post-115359","post","type-post","status-publish","format-standard","has-post-thumbnail","hentry","category-opina-ai"],"acf":[],"yoast_head":"<!-- This site is optimized with the Yoast SEO plugin v27.5 - https:\/\/yoast.com\/product\/yoast-seo-wordpress\/ -->\n<title>FHC, ide\u00f3logo, n\u00e3o pode esquecer a contrarrevolu\u00e7\u00e3o - Notibras<\/title>\n<meta name=\"robots\" content=\"index, follow, max-snippet:-1, max-image-preview:large, max-video-preview:-1\" \/>\n<link rel=\"canonical\" href=\"https:\/\/www.notibras.com\/site\/fhc-ideologo-nao-pode-esquecer-a-contrarrevolucao\/\" \/>\n<meta property=\"og:locale\" content=\"pt_BR\" \/>\n<meta property=\"og:type\" content=\"article\" \/>\n<meta property=\"og:title\" content=\"FHC, ide\u00f3logo, n\u00e3o pode esquecer a contrarrevolu\u00e7\u00e3o - Notibras\" \/>\n<meta property=\"og:description\" content=\"Nivaldo Cordeiro O ex-presidente Fernando Henrique Cardoso em tudo que escreve n\u00e3o se esquece de sua veia de ide\u00f3logo socialista, raz\u00e3o porque elegeu como inimigo de verdade o grupo conservador, n\u00e3o apenas na sua representa\u00e7\u00e3o pol\u00edtica, mas na sua condi\u00e7\u00e3o existencial. FHC nunca faz esse combate com id\u00eantica energia quando se refere aos liberais doutrin\u00e1rios, [&hellip;]\" \/>\n<meta property=\"og:url\" content=\"https:\/\/www.notibras.com\/site\/fhc-ideologo-nao-pode-esquecer-a-contrarrevolucao\/\" \/>\n<meta property=\"og:site_name\" content=\"Notibras\" \/>\n<meta property=\"article:publisher\" content=\"https:\/\/www.facebook.com\/notibras\/\" \/>\n<meta property=\"article:published_time\" content=\"2016-09-13T09:00:29+00:00\" \/>\n<meta property=\"article:modified_time\" content=\"2016-09-13T11:07:31+00:00\" \/>\n<meta property=\"og:image\" content=\"https:\/\/www.notibras.com\/site\/wp-content\/uploads\/2016\/09\/fhc.jpg\" \/>\n\t<meta property=\"og:image:width\" content=\"550\" \/>\n\t<meta property=\"og:image:height\" content=\"368\" \/>\n\t<meta property=\"og:image:type\" content=\"image\/jpeg\" \/>\n<meta name=\"author\" content=\"Reda\u00e7\u00e3o\" \/>\n<meta name=\"twitter:card\" content=\"summary_large_image\" \/>\n<meta name=\"twitter:creator\" content=\"@Notibras\" \/>\n<meta name=\"twitter:site\" content=\"@Notibras\" \/>\n<meta name=\"twitter:label1\" content=\"Escrito por\" \/>\n\t<meta name=\"twitter:data1\" content=\"Reda\u00e7\u00e3o\" \/>\n\t<meta name=\"twitter:label2\" content=\"Est. tempo de leitura\" \/>\n\t<meta name=\"twitter:data2\" content=\"4 minutos\" \/>\n<script type=\"application\/ld+json\" class=\"yoast-schema-graph\">{\"@context\":\"https:\\\/\\\/schema.org\",\"@graph\":[{\"@type\":\"Article\",\"@id\":\"https:\\\/\\\/www.notibras.com\\\/site\\\/fhc-ideologo-nao-pode-esquecer-a-contrarrevolucao\\\/#article\",\"isPartOf\":{\"@id\":\"https:\\\/\\\/www.notibras.com\\\/site\\\/fhc-ideologo-nao-pode-esquecer-a-contrarrevolucao\\\/\"},\"author\":{\"name\":\"Reda\u00e7\u00e3o\",\"@id\":\"https:\\\/\\\/www.notibras.com\\\/site\\\/#\\\/schema\\\/person\\\/36ab0979449956132d3e5b517ea76ac8\"},\"headline\":\"FHC, ide\u00f3logo, n\u00e3o pode esquecer a contrarrevolu\u00e7\u00e3o\",\"datePublished\":\"2016-09-13T09:00:29+00:00\",\"dateModified\":\"2016-09-13T11:07:31+00:00\",\"mainEntityOfPage\":{\"@id\":\"https:\\\/\\\/www.notibras.com\\\/site\\\/fhc-ideologo-nao-pode-esquecer-a-contrarrevolucao\\\/\"},\"wordCount\":767,\"commentCount\":0,\"publisher\":{\"@id\":\"https:\\\/\\\/www.notibras.com\\\/site\\\/#organization\"},\"image\":{\"@id\":\"https:\\\/\\\/www.notibras.com\\\/site\\\/fhc-ideologo-nao-pode-esquecer-a-contrarrevolucao\\\/#primaryimage\"},\"thumbnailUrl\":\"https:\\\/\\\/www.notibras.com\\\/site\\\/wp-content\\\/uploads\\\/2016\\\/09\\\/fhc.jpg\",\"articleSection\":[\"Opina a\u00ed\"],\"inLanguage\":\"pt-BR\",\"potentialAction\":[{\"@type\":\"CommentAction\",\"name\":\"Comment\",\"target\":[\"https:\\\/\\\/www.notibras.com\\\/site\\\/fhc-ideologo-nao-pode-esquecer-a-contrarrevolucao\\\/#respond\"]}]},{\"@type\":\"WebPage\",\"@id\":\"https:\\\/\\\/www.notibras.com\\\/site\\\/fhc-ideologo-nao-pode-esquecer-a-contrarrevolucao\\\/\",\"url\":\"https:\\\/\\\/www.notibras.com\\\/site\\\/fhc-ideologo-nao-pode-esquecer-a-contrarrevolucao\\\/\",\"name\":\"FHC, ide\u00f3logo, n\u00e3o pode esquecer a contrarrevolu\u00e7\u00e3o - Notibras\",\"isPartOf\":{\"@id\":\"https:\\\/\\\/www.notibras.com\\\/site\\\/#website\"},\"primaryImageOfPage\":{\"@id\":\"https:\\\/\\\/www.notibras.com\\\/site\\\/fhc-ideologo-nao-pode-esquecer-a-contrarrevolucao\\\/#primaryimage\"},\"image\":{\"@id\":\"https:\\\/\\\/www.notibras.com\\\/site\\\/fhc-ideologo-nao-pode-esquecer-a-contrarrevolucao\\\/#primaryimage\"},\"thumbnailUrl\":\"https:\\\/\\\/www.notibras.com\\\/site\\\/wp-content\\\/uploads\\\/2016\\\/09\\\/fhc.jpg\",\"datePublished\":\"2016-09-13T09:00:29+00:00\",\"dateModified\":\"2016-09-13T11:07:31+00:00\",\"breadcrumb\":{\"@id\":\"https:\\\/\\\/www.notibras.com\\\/site\\\/fhc-ideologo-nao-pode-esquecer-a-contrarrevolucao\\\/#breadcrumb\"},\"inLanguage\":\"pt-BR\",\"potentialAction\":[{\"@type\":\"ReadAction\",\"target\":[\"https:\\\/\\\/www.notibras.com\\\/site\\\/fhc-ideologo-nao-pode-esquecer-a-contrarrevolucao\\\/\"]}]},{\"@type\":\"ImageObject\",\"inLanguage\":\"pt-BR\",\"@id\":\"https:\\\/\\\/www.notibras.com\\\/site\\\/fhc-ideologo-nao-pode-esquecer-a-contrarrevolucao\\\/#primaryimage\",\"url\":\"https:\\\/\\\/www.notibras.com\\\/site\\\/wp-content\\\/uploads\\\/2016\\\/09\\\/fhc.jpg\",\"contentUrl\":\"https:\\\/\\\/www.notibras.com\\\/site\\\/wp-content\\\/uploads\\\/2016\\\/09\\\/fhc.jpg\",\"width\":550,\"height\":368},{\"@type\":\"BreadcrumbList\",\"@id\":\"https:\\\/\\\/www.notibras.com\\\/site\\\/fhc-ideologo-nao-pode-esquecer-a-contrarrevolucao\\\/#breadcrumb\",\"itemListElement\":[{\"@type\":\"ListItem\",\"position\":1,\"name\":\"In\u00edcio\",\"item\":\"https:\\\/\\\/www.notibras.com\\\/site\\\/\"},{\"@type\":\"ListItem\",\"position\":2,\"name\":\"FHC, ide\u00f3logo, n\u00e3o pode esquecer a contrarrevolu\u00e7\u00e3o\"}]},{\"@type\":\"WebSite\",\"@id\":\"https:\\\/\\\/www.notibras.com\\\/site\\\/#website\",\"url\":\"https:\\\/\\\/www.notibras.com\\\/site\\\/\",\"name\":\"Notibras\",\"description\":\"Not\u00edcias de Bras\u00edlia, do Brasil e do Mundo\",\"publisher\":{\"@id\":\"https:\\\/\\\/www.notibras.com\\\/site\\\/#organization\"},\"potentialAction\":[{\"@type\":\"SearchAction\",\"target\":{\"@type\":\"EntryPoint\",\"urlTemplate\":\"https:\\\/\\\/www.notibras.com\\\/site\\\/?s={search_term_string}\"},\"query-input\":{\"@type\":\"PropertyValueSpecification\",\"valueRequired\":true,\"valueName\":\"search_term_string\"}}],\"inLanguage\":\"pt-BR\"},{\"@type\":\"Organization\",\"@id\":\"https:\\\/\\\/www.notibras.com\\\/site\\\/#organization\",\"name\":\"Grupo Notibras de Comunica\u00e7\u00e3o\",\"url\":\"https:\\\/\\\/www.notibras.com\\\/site\\\/\",\"logo\":{\"@type\":\"ImageObject\",\"inLanguage\":\"pt-BR\",\"@id\":\"https:\\\/\\\/www.notibras.com\\\/site\\\/#\\\/schema\\\/logo\\\/image\\\/\",\"url\":\"https:\\\/\\\/www.notibras.com\\\/site\\\/wp-content\\\/uploads\\\/2023\\\/01\\\/notibras23.png\",\"contentUrl\":\"https:\\\/\\\/www.notibras.com\\\/site\\\/wp-content\\\/uploads\\\/2023\\\/01\\\/notibras23.png\",\"width\":350,\"height\":87,\"caption\":\"Grupo Notibras de Comunica\u00e7\u00e3o\"},\"image\":{\"@id\":\"https:\\\/\\\/www.notibras.com\\\/site\\\/#\\\/schema\\\/logo\\\/image\\\/\"},\"sameAs\":[\"https:\\\/\\\/www.facebook.com\\\/notibras\\\/\",\"https:\\\/\\\/x.com\\\/Notibras\",\"https:\\\/\\\/www.instagram.com\\\/notibras\\\/\"]},{\"@type\":\"Person\",\"@id\":\"https:\\\/\\\/www.notibras.com\\\/site\\\/#\\\/schema\\\/person\\\/36ab0979449956132d3e5b517ea76ac8\",\"name\":\"Reda\u00e7\u00e3o\",\"image\":{\"@type\":\"ImageObject\",\"inLanguage\":\"pt-BR\",\"@id\":\"https:\\\/\\\/secure.gravatar.com\\\/avatar\\\/e0a867bdedb85fd243eadf09663511f96fc81e0720a4a42581f334ad4303aa6b?s=96&d=mm&r=g\",\"url\":\"https:\\\/\\\/secure.gravatar.com\\\/avatar\\\/e0a867bdedb85fd243eadf09663511f96fc81e0720a4a42581f334ad4303aa6b?s=96&d=mm&r=g\",\"contentUrl\":\"https:\\\/\\\/secure.gravatar.com\\\/avatar\\\/e0a867bdedb85fd243eadf09663511f96fc81e0720a4a42581f334ad4303aa6b?s=96&d=mm&r=g\",\"caption\":\"Reda\u00e7\u00e3o\"}}]}<\/script>\n<!-- \/ Yoast SEO plugin. -->","yoast_head_json":{"title":"FHC, ide\u00f3logo, n\u00e3o pode esquecer a contrarrevolu\u00e7\u00e3o - Notibras","robots":{"index":"index","follow":"follow","max-snippet":"max-snippet:-1","max-image-preview":"max-image-preview:large","max-video-preview":"max-video-preview:-1"},"canonical":"https:\/\/www.notibras.com\/site\/fhc-ideologo-nao-pode-esquecer-a-contrarrevolucao\/","og_locale":"pt_BR","og_type":"article","og_title":"FHC, ide\u00f3logo, n\u00e3o pode esquecer a contrarrevolu\u00e7\u00e3o - Notibras","og_description":"Nivaldo Cordeiro O ex-presidente Fernando Henrique Cardoso em tudo que escreve n\u00e3o se esquece de sua veia de ide\u00f3logo socialista, raz\u00e3o porque elegeu como inimigo de verdade o grupo conservador, n\u00e3o apenas na sua representa\u00e7\u00e3o pol\u00edtica, mas na sua condi\u00e7\u00e3o existencial. FHC nunca faz esse combate com id\u00eantica energia quando se refere aos liberais doutrin\u00e1rios, [&hellip;]","og_url":"https:\/\/www.notibras.com\/site\/fhc-ideologo-nao-pode-esquecer-a-contrarrevolucao\/","og_site_name":"Notibras","article_publisher":"https:\/\/www.facebook.com\/notibras\/","article_published_time":"2016-09-13T09:00:29+00:00","article_modified_time":"2016-09-13T11:07:31+00:00","og_image":[{"width":550,"height":368,"url":"https:\/\/www.notibras.com\/site\/wp-content\/uploads\/2016\/09\/fhc.jpg","type":"image\/jpeg"}],"author":"Reda\u00e7\u00e3o","twitter_card":"summary_large_image","twitter_creator":"@Notibras","twitter_site":"@Notibras","twitter_misc":{"Escrito por":"Reda\u00e7\u00e3o","Est. tempo de leitura":"4 minutos"},"schema":{"@context":"https:\/\/schema.org","@graph":[{"@type":"Article","@id":"https:\/\/www.notibras.com\/site\/fhc-ideologo-nao-pode-esquecer-a-contrarrevolucao\/#article","isPartOf":{"@id":"https:\/\/www.notibras.com\/site\/fhc-ideologo-nao-pode-esquecer-a-contrarrevolucao\/"},"author":{"name":"Reda\u00e7\u00e3o","@id":"https:\/\/www.notibras.com\/site\/#\/schema\/person\/36ab0979449956132d3e5b517ea76ac8"},"headline":"FHC, ide\u00f3logo, n\u00e3o pode esquecer a contrarrevolu\u00e7\u00e3o","datePublished":"2016-09-13T09:00:29+00:00","dateModified":"2016-09-13T11:07:31+00:00","mainEntityOfPage":{"@id":"https:\/\/www.notibras.com\/site\/fhc-ideologo-nao-pode-esquecer-a-contrarrevolucao\/"},"wordCount":767,"commentCount":0,"publisher":{"@id":"https:\/\/www.notibras.com\/site\/#organization"},"image":{"@id":"https:\/\/www.notibras.com\/site\/fhc-ideologo-nao-pode-esquecer-a-contrarrevolucao\/#primaryimage"},"thumbnailUrl":"https:\/\/www.notibras.com\/site\/wp-content\/uploads\/2016\/09\/fhc.jpg","articleSection":["Opina a\u00ed"],"inLanguage":"pt-BR","potentialAction":[{"@type":"CommentAction","name":"Comment","target":["https:\/\/www.notibras.com\/site\/fhc-ideologo-nao-pode-esquecer-a-contrarrevolucao\/#respond"]}]},{"@type":"WebPage","@id":"https:\/\/www.notibras.com\/site\/fhc-ideologo-nao-pode-esquecer-a-contrarrevolucao\/","url":"https:\/\/www.notibras.com\/site\/fhc-ideologo-nao-pode-esquecer-a-contrarrevolucao\/","name":"FHC, ide\u00f3logo, n\u00e3o pode esquecer a contrarrevolu\u00e7\u00e3o - Notibras","isPartOf":{"@id":"https:\/\/www.notibras.com\/site\/#website"},"primaryImageOfPage":{"@id":"https:\/\/www.notibras.com\/site\/fhc-ideologo-nao-pode-esquecer-a-contrarrevolucao\/#primaryimage"},"image":{"@id":"https:\/\/www.notibras.com\/site\/fhc-ideologo-nao-pode-esquecer-a-contrarrevolucao\/#primaryimage"},"thumbnailUrl":"https:\/\/www.notibras.com\/site\/wp-content\/uploads\/2016\/09\/fhc.jpg","datePublished":"2016-09-13T09:00:29+00:00","dateModified":"2016-09-13T11:07:31+00:00","breadcrumb":{"@id":"https:\/\/www.notibras.com\/site\/fhc-ideologo-nao-pode-esquecer-a-contrarrevolucao\/#breadcrumb"},"inLanguage":"pt-BR","potentialAction":[{"@type":"ReadAction","target":["https:\/\/www.notibras.com\/site\/fhc-ideologo-nao-pode-esquecer-a-contrarrevolucao\/"]}]},{"@type":"ImageObject","inLanguage":"pt-BR","@id":"https:\/\/www.notibras.com\/site\/fhc-ideologo-nao-pode-esquecer-a-contrarrevolucao\/#primaryimage","url":"https:\/\/www.notibras.com\/site\/wp-content\/uploads\/2016\/09\/fhc.jpg","contentUrl":"https:\/\/www.notibras.com\/site\/wp-content\/uploads\/2016\/09\/fhc.jpg","width":550,"height":368},{"@type":"BreadcrumbList","@id":"https:\/\/www.notibras.com\/site\/fhc-ideologo-nao-pode-esquecer-a-contrarrevolucao\/#breadcrumb","itemListElement":[{"@type":"ListItem","position":1,"name":"In\u00edcio","item":"https:\/\/www.notibras.com\/site\/"},{"@type":"ListItem","position":2,"name":"FHC, ide\u00f3logo, n\u00e3o pode esquecer a contrarrevolu\u00e7\u00e3o"}]},{"@type":"WebSite","@id":"https:\/\/www.notibras.com\/site\/#website","url":"https:\/\/www.notibras.com\/site\/","name":"Notibras","description":"Not\u00edcias de Bras\u00edlia, do Brasil e do Mundo","publisher":{"@id":"https:\/\/www.notibras.com\/site\/#organization"},"potentialAction":[{"@type":"SearchAction","target":{"@type":"EntryPoint","urlTemplate":"https:\/\/www.notibras.com\/site\/?s={search_term_string}"},"query-input":{"@type":"PropertyValueSpecification","valueRequired":true,"valueName":"search_term_string"}}],"inLanguage":"pt-BR"},{"@type":"Organization","@id":"https:\/\/www.notibras.com\/site\/#organization","name":"Grupo Notibras de Comunica\u00e7\u00e3o","url":"https:\/\/www.notibras.com\/site\/","logo":{"@type":"ImageObject","inLanguage":"pt-BR","@id":"https:\/\/www.notibras.com\/site\/#\/schema\/logo\/image\/","url":"https:\/\/www.notibras.com\/site\/wp-content\/uploads\/2023\/01\/notibras23.png","contentUrl":"https:\/\/www.notibras.com\/site\/wp-content\/uploads\/2023\/01\/notibras23.png","width":350,"height":87,"caption":"Grupo Notibras de Comunica\u00e7\u00e3o"},"image":{"@id":"https:\/\/www.notibras.com\/site\/#\/schema\/logo\/image\/"},"sameAs":["https:\/\/www.facebook.com\/notibras\/","https:\/\/x.com\/Notibras","https:\/\/www.instagram.com\/notibras\/"]},{"@type":"Person","@id":"https:\/\/www.notibras.com\/site\/#\/schema\/person\/36ab0979449956132d3e5b517ea76ac8","name":"Reda\u00e7\u00e3o","image":{"@type":"ImageObject","inLanguage":"pt-BR","@id":"https:\/\/secure.gravatar.com\/avatar\/e0a867bdedb85fd243eadf09663511f96fc81e0720a4a42581f334ad4303aa6b?s=96&d=mm&r=g","url":"https:\/\/secure.gravatar.com\/avatar\/e0a867bdedb85fd243eadf09663511f96fc81e0720a4a42581f334ad4303aa6b?s=96&d=mm&r=g","contentUrl":"https:\/\/secure.gravatar.com\/avatar\/e0a867bdedb85fd243eadf09663511f96fc81e0720a4a42581f334ad4303aa6b?s=96&d=mm&r=g","caption":"Reda\u00e7\u00e3o"}}]}},"amp_enabled":true,"_links":{"self":[{"href":"https:\/\/www.notibras.com\/site\/wp-json\/wp\/v2\/posts\/115359","targetHints":{"allow":["GET"]}}],"collection":[{"href":"https:\/\/www.notibras.com\/site\/wp-json\/wp\/v2\/posts"}],"about":[{"href":"https:\/\/www.notibras.com\/site\/wp-json\/wp\/v2\/types\/post"}],"author":[{"embeddable":true,"href":"https:\/\/www.notibras.com\/site\/wp-json\/wp\/v2\/users\/2"}],"replies":[{"embeddable":true,"href":"https:\/\/www.notibras.com\/site\/wp-json\/wp\/v2\/comments?post=115359"}],"version-history":[{"count":1,"href":"https:\/\/www.notibras.com\/site\/wp-json\/wp\/v2\/posts\/115359\/revisions"}],"predecessor-version":[{"id":115361,"href":"https:\/\/www.notibras.com\/site\/wp-json\/wp\/v2\/posts\/115359\/revisions\/115361"}],"wp:featuredmedia":[{"embeddable":true,"href":"https:\/\/www.notibras.com\/site\/wp-json\/wp\/v2\/media\/115360"}],"wp:attachment":[{"href":"https:\/\/www.notibras.com\/site\/wp-json\/wp\/v2\/media?parent=115359"}],"wp:term":[{"taxonomy":"category","embeddable":true,"href":"https:\/\/www.notibras.com\/site\/wp-json\/wp\/v2\/categories?post=115359"},{"taxonomy":"post_tag","embeddable":true,"href":"https:\/\/www.notibras.com\/site\/wp-json\/wp\/v2\/tags?post=115359"}],"curies":[{"name":"wp","href":"https:\/\/api.w.org\/{rel}","templated":true}]}}