{"id":11560,"date":"2014-05-29T22:19:07","date_gmt":"2014-05-30T01:19:07","guid":{"rendered":"http:\/\/www.notibras.com\/site\/?p=11560"},"modified":"2014-05-30T01:23:28","modified_gmt":"2014-05-30T04:23:28","slug":"federais-desbaratam-gangue-da-droga-e-apreendem-11-t-de-coca","status":"publish","type":"post","link":"https:\/\/www.notibras.com\/site\/federais-desbaratam-gangue-da-droga-e-apreendem-11-t-de-coca\/","title":{"rendered":"Federais desbaratam gangue e apreendem 1,1 t de coca\u00edna"},"content":{"rendered":"<p>A Pol\u00edcia Federal desarticulou uma quadrilha de tr\u00e1fico internacional de drogas nesta quinta-feira. Foram cumpridos mandados de pris\u00e3o e 26 mandados de busca no Rio Grande do Sul e Mato Grosso do Sul, al\u00e9m do sequestro de 21 im\u00f3veis e 120 ve\u00edculos, entre carros, utilit\u00e1rios e caminh\u00f5es. Mais de 150 policiais federais est\u00e3o envolvidos na a\u00e7\u00e3o.<\/p>\n<blockquote>\n<p class=\"text\">Batizada de Su\u00e7uarana, a opera\u00e7\u00e3o investiga h\u00e1 um ano um esquema de tr\u00e1fico de drogas que movimentava c\u00e9lulas em diversos Estados. Neste per\u00edodo, houve apreens\u00f5es de entorpecente, totalizando 1,1 tonelada de coca\u00edna e 3 toneladas de maconha.<\/p>\n<\/blockquote>\n<p class=\"text\">Inicialmente, a coca\u00edna vinha da Bol\u00edvia de avi\u00e3o e chegava ao Paraguai, onde atravessava para o Brasil via terr, no Mato Grosso do Sul, de onde seguia em fundos falsos de caminh\u00f5es para o Rio Grande do Sul, S\u00e3o Paulo, Rio de Janeiro e Minas Gerais.<\/p>\n<p class=\"text\">Alguns integrantes da quadrilha moravam em condom\u00ednios de luxo e possu\u00edam carros importados. Em um dos casos, um indiv\u00edduo montou uma revenda de ve\u00edculos para justificar o seu patrim\u00f4nio. Os presos responder\u00e3o pelos crimes de tr\u00e1fico de drogas com agravante pela transnacionalidade, associa\u00e7\u00e3o por tr\u00e1fico, organiza\u00e7\u00e3o criminosa e lavagem de dinheiro. Se somadas, as penas m\u00e1ximas ultrapassam 33 anos de pris\u00e3o.<\/p>\n","protected":false},"excerpt":{"rendered":"<p>A Pol\u00edcia Federal desarticulou uma quadrilha de tr\u00e1fico internacional de drogas nesta quinta-feira. Foram cumpridos mandados de pris\u00e3o e 26 mandados de busca no Rio Grande do Sul e Mato Grosso do Sul, al\u00e9m do sequestro de 21 im\u00f3veis e 120 ve\u00edculos, entre carros, utilit\u00e1rios e caminh\u00f5es. Mais de 150 policiais federais est\u00e3o envolvidos na [&hellip;]<\/p>\n","protected":false},"author":2,"featured_media":11562,"comment_status":"open","ping_status":"closed","sticky":false,"template":"","format":"standard","meta":{"_acf_changed":false,"footnotes":""},"categories":[16],"tags":[],"class_list":["post-11560","post","type-post","status-publish","format-standard","has-post-thumbnail","hentry","category-brasil"],"acf":[],"yoast_head":"<!-- This site is optimized with the Yoast SEO plugin v27.2 - https:\/\/yoast.com\/product\/yoast-seo-wordpress\/ -->\n<title>Federais desbaratam gangue e apreendem 1,1 t de coca\u00edna - Notibras<\/title>\n<meta name=\"robots\" content=\"index, follow, max-snippet:-1, max-image-preview:large, max-video-preview:-1\" \/>\n<link rel=\"canonical\" href=\"https:\/\/www.notibras.com\/site\/federais-desbaratam-gangue-da-droga-e-apreendem-11-t-de-coca\/\" \/>\n<meta property=\"og:locale\" content=\"pt_BR\" \/>\n<meta property=\"og:type\" content=\"article\" \/>\n<meta property=\"og:title\" content=\"Federais desbaratam gangue e apreendem 1,1 t de coca\u00edna - Notibras\" \/>\n<meta property=\"og:description\" content=\"A Pol\u00edcia Federal desarticulou uma quadrilha de tr\u00e1fico internacional de drogas nesta quinta-feira. Foram cumpridos mandados de pris\u00e3o e 26 mandados de busca no Rio Grande do Sul e Mato Grosso do Sul, al\u00e9m do sequestro de 21 im\u00f3veis e 120 ve\u00edculos, entre carros, utilit\u00e1rios e caminh\u00f5es. Mais de 150 policiais federais est\u00e3o envolvidos na [&hellip;]\" \/>\n<meta property=\"og:url\" content=\"https:\/\/www.notibras.com\/site\/federais-desbaratam-gangue-da-droga-e-apreendem-11-t-de-coca\/\" \/>\n<meta property=\"og:site_name\" content=\"Notibras\" \/>\n<meta property=\"article:publisher\" content=\"https:\/\/www.facebook.com\/notibras\/\" \/>\n<meta property=\"article:published_time\" content=\"2014-05-30T01:19:07+00:00\" \/>\n<meta property=\"article:modified_time\" content=\"2014-05-30T04:23:28+00:00\" \/>\n<meta property=\"og:image\" content=\"https:\/\/www.notibras.com\/site\/wp-content\/uploads\/2014\/05\/PF-apreende-382-kg-de-coca\u00edna-no-Cear\u00e1.jpg\" \/>\n\t<meta property=\"og:image:width\" content=\"800\" \/>\n\t<meta property=\"og:image:height\" content=\"600\" \/>\n\t<meta property=\"og:image:type\" content=\"image\/jpeg\" \/>\n<meta name=\"author\" content=\"Reda\u00e7\u00e3o\" \/>\n<meta name=\"twitter:card\" content=\"summary_large_image\" \/>\n<meta name=\"twitter:creator\" content=\"@Notibras\" \/>\n<meta name=\"twitter:site\" content=\"@Notibras\" \/>\n<meta name=\"twitter:label1\" content=\"Escrito por\" \/>\n\t<meta name=\"twitter:data1\" content=\"Reda\u00e7\u00e3o\" \/>\n\t<meta name=\"twitter:label2\" content=\"Est. tempo de leitura\" \/>\n\t<meta name=\"twitter:data2\" content=\"1 minuto\" \/>\n<script type=\"application\/ld+json\" class=\"yoast-schema-graph\">{\"@context\":\"https:\/\/schema.org\",\"@graph\":[{\"@type\":\"Article\",\"@id\":\"https:\/\/www.notibras.com\/site\/federais-desbaratam-gangue-da-droga-e-apreendem-11-t-de-coca\/#article\",\"isPartOf\":{\"@id\":\"https:\/\/www.notibras.com\/site\/federais-desbaratam-gangue-da-droga-e-apreendem-11-t-de-coca\/\"},\"author\":{\"name\":\"Reda\u00e7\u00e3o\",\"@id\":\"https:\/\/www.notibras.com\/site\/#\/schema\/person\/36ab0979449956132d3e5b517ea76ac8\"},\"headline\":\"Federais desbaratam gangue e apreendem 1,1 t de coca\u00edna\",\"datePublished\":\"2014-05-30T01:19:07+00:00\",\"dateModified\":\"2014-05-30T04:23:28+00:00\",\"mainEntityOfPage\":{\"@id\":\"https:\/\/www.notibras.com\/site\/federais-desbaratam-gangue-da-droga-e-apreendem-11-t-de-coca\/\"},\"wordCount\":236,\"commentCount\":0,\"publisher\":{\"@id\":\"https:\/\/www.notibras.com\/site\/#organization\"},\"image\":{\"@id\":\"https:\/\/www.notibras.com\/site\/federais-desbaratam-gangue-da-droga-e-apreendem-11-t-de-coca\/#primaryimage\"},\"thumbnailUrl\":\"https:\/\/www.notibras.com\/site\/wp-content\/uploads\/2014\/05\/PF-apreende-382-kg-de-coca\u00edna-no-Cear\u00e1.jpg\",\"articleSection\":[\"Brasil\"],\"inLanguage\":\"pt-BR\",\"potentialAction\":[{\"@type\":\"CommentAction\",\"name\":\"Comment\",\"target\":[\"https:\/\/www.notibras.com\/site\/federais-desbaratam-gangue-da-droga-e-apreendem-11-t-de-coca\/#respond\"]}]},{\"@type\":\"WebPage\",\"@id\":\"https:\/\/www.notibras.com\/site\/federais-desbaratam-gangue-da-droga-e-apreendem-11-t-de-coca\/\",\"url\":\"https:\/\/www.notibras.com\/site\/federais-desbaratam-gangue-da-droga-e-apreendem-11-t-de-coca\/\",\"name\":\"Federais desbaratam gangue e apreendem 1,1 t de coca\u00edna - Notibras\",\"isPartOf\":{\"@id\":\"https:\/\/www.notibras.com\/site\/#website\"},\"primaryImageOfPage\":{\"@id\":\"https:\/\/www.notibras.com\/site\/federais-desbaratam-gangue-da-droga-e-apreendem-11-t-de-coca\/#primaryimage\"},\"image\":{\"@id\":\"https:\/\/www.notibras.com\/site\/federais-desbaratam-gangue-da-droga-e-apreendem-11-t-de-coca\/#primaryimage\"},\"thumbnailUrl\":\"https:\/\/www.notibras.com\/site\/wp-content\/uploads\/2014\/05\/PF-apreende-382-kg-de-coca\u00edna-no-Cear\u00e1.jpg\",\"datePublished\":\"2014-05-30T01:19:07+00:00\",\"dateModified\":\"2014-05-30T04:23:28+00:00\",\"breadcrumb\":{\"@id\":\"https:\/\/www.notibras.com\/site\/federais-desbaratam-gangue-da-droga-e-apreendem-11-t-de-coca\/#breadcrumb\"},\"inLanguage\":\"pt-BR\",\"potentialAction\":[{\"@type\":\"ReadAction\",\"target\":[\"https:\/\/www.notibras.com\/site\/federais-desbaratam-gangue-da-droga-e-apreendem-11-t-de-coca\/\"]}]},{\"@type\":\"ImageObject\",\"inLanguage\":\"pt-BR\",\"@id\":\"https:\/\/www.notibras.com\/site\/federais-desbaratam-gangue-da-droga-e-apreendem-11-t-de-coca\/#primaryimage\",\"url\":\"https:\/\/www.notibras.com\/site\/wp-content\/uploads\/2014\/05\/PF-apreende-382-kg-de-coca\u00edna-no-Cear\u00e1.jpg\",\"contentUrl\":\"https:\/\/www.notibras.com\/site\/wp-content\/uploads\/2014\/05\/PF-apreende-382-kg-de-coca\u00edna-no-Cear\u00e1.jpg\",\"width\":800,\"height\":600},{\"@type\":\"BreadcrumbList\",\"@id\":\"https:\/\/www.notibras.com\/site\/federais-desbaratam-gangue-da-droga-e-apreendem-11-t-de-coca\/#breadcrumb\",\"itemListElement\":[{\"@type\":\"ListItem\",\"position\":1,\"name\":\"In\u00edcio\",\"item\":\"https:\/\/www.notibras.com\/site\/\"},{\"@type\":\"ListItem\",\"position\":2,\"name\":\"Federais desbaratam gangue e apreendem 1,1 t de coca\u00edna\"}]},{\"@type\":\"WebSite\",\"@id\":\"https:\/\/www.notibras.com\/site\/#website\",\"url\":\"https:\/\/www.notibras.com\/site\/\",\"name\":\"Notibras\",\"description\":\"Not\u00edcias de Bras\u00edlia, do Brasil e do Mundo\",\"publisher\":{\"@id\":\"https:\/\/www.notibras.com\/site\/#organization\"},\"potentialAction\":[{\"@type\":\"SearchAction\",\"target\":{\"@type\":\"EntryPoint\",\"urlTemplate\":\"https:\/\/www.notibras.com\/site\/?s={search_term_string}\"},\"query-input\":{\"@type\":\"PropertyValueSpecification\",\"valueRequired\":true,\"valueName\":\"search_term_string\"}}],\"inLanguage\":\"pt-BR\"},{\"@type\":\"Organization\",\"@id\":\"https:\/\/www.notibras.com\/site\/#organization\",\"name\":\"Grupo Notibras de Comunica\u00e7\u00e3o\",\"url\":\"https:\/\/www.notibras.com\/site\/\",\"logo\":{\"@type\":\"ImageObject\",\"inLanguage\":\"pt-BR\",\"@id\":\"https:\/\/www.notibras.com\/site\/#\/schema\/logo\/image\/\",\"url\":\"https:\/\/www.notibras.com\/site\/wp-content\/uploads\/2023\/01\/notibras23.png\",\"contentUrl\":\"https:\/\/www.notibras.com\/site\/wp-content\/uploads\/2023\/01\/notibras23.png\",\"width\":350,\"height\":87,\"caption\":\"Grupo Notibras de Comunica\u00e7\u00e3o\"},\"image\":{\"@id\":\"https:\/\/www.notibras.com\/site\/#\/schema\/logo\/image\/\"},\"sameAs\":[\"https:\/\/www.facebook.com\/notibras\/\",\"https:\/\/x.com\/Notibras\",\"https:\/\/www.instagram.com\/notibras\/\"]},{\"@type\":\"Person\",\"@id\":\"https:\/\/www.notibras.com\/site\/#\/schema\/person\/36ab0979449956132d3e5b517ea76ac8\",\"name\":\"Reda\u00e7\u00e3o\",\"image\":{\"@type\":\"ImageObject\",\"inLanguage\":\"pt-BR\",\"@id\":\"https:\/\/secure.gravatar.com\/avatar\/e0a867bdedb85fd243eadf09663511f96fc81e0720a4a42581f334ad4303aa6b?s=96&d=mm&r=g\",\"url\":\"https:\/\/secure.gravatar.com\/avatar\/e0a867bdedb85fd243eadf09663511f96fc81e0720a4a42581f334ad4303aa6b?s=96&d=mm&r=g\",\"contentUrl\":\"https:\/\/secure.gravatar.com\/avatar\/e0a867bdedb85fd243eadf09663511f96fc81e0720a4a42581f334ad4303aa6b?s=96&d=mm&r=g\",\"caption\":\"Reda\u00e7\u00e3o\"}}]}<\/script>\n<!-- \/ Yoast SEO plugin. -->","yoast_head_json":{"title":"Federais desbaratam gangue e apreendem 1,1 t de coca\u00edna - Notibras","robots":{"index":"index","follow":"follow","max-snippet":"max-snippet:-1","max-image-preview":"max-image-preview:large","max-video-preview":"max-video-preview:-1"},"canonical":"https:\/\/www.notibras.com\/site\/federais-desbaratam-gangue-da-droga-e-apreendem-11-t-de-coca\/","og_locale":"pt_BR","og_type":"article","og_title":"Federais desbaratam gangue e apreendem 1,1 t de coca\u00edna - Notibras","og_description":"A Pol\u00edcia Federal desarticulou uma quadrilha de tr\u00e1fico internacional de drogas nesta quinta-feira. Foram cumpridos mandados de pris\u00e3o e 26 mandados de busca no Rio Grande do Sul e Mato Grosso do Sul, al\u00e9m do sequestro de 21 im\u00f3veis e 120 ve\u00edculos, entre carros, utilit\u00e1rios e caminh\u00f5es. Mais de 150 policiais federais est\u00e3o envolvidos na [&hellip;]","og_url":"https:\/\/www.notibras.com\/site\/federais-desbaratam-gangue-da-droga-e-apreendem-11-t-de-coca\/","og_site_name":"Notibras","article_publisher":"https:\/\/www.facebook.com\/notibras\/","article_published_time":"2014-05-30T01:19:07+00:00","article_modified_time":"2014-05-30T04:23:28+00:00","og_image":[{"width":800,"height":600,"url":"https:\/\/www.notibras.com\/site\/wp-content\/uploads\/2014\/05\/PF-apreende-382-kg-de-coca\u00edna-no-Cear\u00e1.jpg","type":"image\/jpeg"}],"author":"Reda\u00e7\u00e3o","twitter_card":"summary_large_image","twitter_creator":"@Notibras","twitter_site":"@Notibras","twitter_misc":{"Escrito por":"Reda\u00e7\u00e3o","Est. tempo de leitura":"1 minuto"},"schema":{"@context":"https:\/\/schema.org","@graph":[{"@type":"Article","@id":"https:\/\/www.notibras.com\/site\/federais-desbaratam-gangue-da-droga-e-apreendem-11-t-de-coca\/#article","isPartOf":{"@id":"https:\/\/www.notibras.com\/site\/federais-desbaratam-gangue-da-droga-e-apreendem-11-t-de-coca\/"},"author":{"name":"Reda\u00e7\u00e3o","@id":"https:\/\/www.notibras.com\/site\/#\/schema\/person\/36ab0979449956132d3e5b517ea76ac8"},"headline":"Federais desbaratam gangue e apreendem 1,1 t de coca\u00edna","datePublished":"2014-05-30T01:19:07+00:00","dateModified":"2014-05-30T04:23:28+00:00","mainEntityOfPage":{"@id":"https:\/\/www.notibras.com\/site\/federais-desbaratam-gangue-da-droga-e-apreendem-11-t-de-coca\/"},"wordCount":236,"commentCount":0,"publisher":{"@id":"https:\/\/www.notibras.com\/site\/#organization"},"image":{"@id":"https:\/\/www.notibras.com\/site\/federais-desbaratam-gangue-da-droga-e-apreendem-11-t-de-coca\/#primaryimage"},"thumbnailUrl":"https:\/\/www.notibras.com\/site\/wp-content\/uploads\/2014\/05\/PF-apreende-382-kg-de-coca\u00edna-no-Cear\u00e1.jpg","articleSection":["Brasil"],"inLanguage":"pt-BR","potentialAction":[{"@type":"CommentAction","name":"Comment","target":["https:\/\/www.notibras.com\/site\/federais-desbaratam-gangue-da-droga-e-apreendem-11-t-de-coca\/#respond"]}]},{"@type":"WebPage","@id":"https:\/\/www.notibras.com\/site\/federais-desbaratam-gangue-da-droga-e-apreendem-11-t-de-coca\/","url":"https:\/\/www.notibras.com\/site\/federais-desbaratam-gangue-da-droga-e-apreendem-11-t-de-coca\/","name":"Federais desbaratam gangue e apreendem 1,1 t de coca\u00edna - Notibras","isPartOf":{"@id":"https:\/\/www.notibras.com\/site\/#website"},"primaryImageOfPage":{"@id":"https:\/\/www.notibras.com\/site\/federais-desbaratam-gangue-da-droga-e-apreendem-11-t-de-coca\/#primaryimage"},"image":{"@id":"https:\/\/www.notibras.com\/site\/federais-desbaratam-gangue-da-droga-e-apreendem-11-t-de-coca\/#primaryimage"},"thumbnailUrl":"https:\/\/www.notibras.com\/site\/wp-content\/uploads\/2014\/05\/PF-apreende-382-kg-de-coca\u00edna-no-Cear\u00e1.jpg","datePublished":"2014-05-30T01:19:07+00:00","dateModified":"2014-05-30T04:23:28+00:00","breadcrumb":{"@id":"https:\/\/www.notibras.com\/site\/federais-desbaratam-gangue-da-droga-e-apreendem-11-t-de-coca\/#breadcrumb"},"inLanguage":"pt-BR","potentialAction":[{"@type":"ReadAction","target":["https:\/\/www.notibras.com\/site\/federais-desbaratam-gangue-da-droga-e-apreendem-11-t-de-coca\/"]}]},{"@type":"ImageObject","inLanguage":"pt-BR","@id":"https:\/\/www.notibras.com\/site\/federais-desbaratam-gangue-da-droga-e-apreendem-11-t-de-coca\/#primaryimage","url":"https:\/\/www.notibras.com\/site\/wp-content\/uploads\/2014\/05\/PF-apreende-382-kg-de-coca\u00edna-no-Cear\u00e1.jpg","contentUrl":"https:\/\/www.notibras.com\/site\/wp-content\/uploads\/2014\/05\/PF-apreende-382-kg-de-coca\u00edna-no-Cear\u00e1.jpg","width":800,"height":600},{"@type":"BreadcrumbList","@id":"https:\/\/www.notibras.com\/site\/federais-desbaratam-gangue-da-droga-e-apreendem-11-t-de-coca\/#breadcrumb","itemListElement":[{"@type":"ListItem","position":1,"name":"In\u00edcio","item":"https:\/\/www.notibras.com\/site\/"},{"@type":"ListItem","position":2,"name":"Federais desbaratam gangue e apreendem 1,1 t de coca\u00edna"}]},{"@type":"WebSite","@id":"https:\/\/www.notibras.com\/site\/#website","url":"https:\/\/www.notibras.com\/site\/","name":"Notibras","description":"Not\u00edcias de Bras\u00edlia, do Brasil e do Mundo","publisher":{"@id":"https:\/\/www.notibras.com\/site\/#organization"},"potentialAction":[{"@type":"SearchAction","target":{"@type":"EntryPoint","urlTemplate":"https:\/\/www.notibras.com\/site\/?s={search_term_string}"},"query-input":{"@type":"PropertyValueSpecification","valueRequired":true,"valueName":"search_term_string"}}],"inLanguage":"pt-BR"},{"@type":"Organization","@id":"https:\/\/www.notibras.com\/site\/#organization","name":"Grupo Notibras de Comunica\u00e7\u00e3o","url":"https:\/\/www.notibras.com\/site\/","logo":{"@type":"ImageObject","inLanguage":"pt-BR","@id":"https:\/\/www.notibras.com\/site\/#\/schema\/logo\/image\/","url":"https:\/\/www.notibras.com\/site\/wp-content\/uploads\/2023\/01\/notibras23.png","contentUrl":"https:\/\/www.notibras.com\/site\/wp-content\/uploads\/2023\/01\/notibras23.png","width":350,"height":87,"caption":"Grupo Notibras de Comunica\u00e7\u00e3o"},"image":{"@id":"https:\/\/www.notibras.com\/site\/#\/schema\/logo\/image\/"},"sameAs":["https:\/\/www.facebook.com\/notibras\/","https:\/\/x.com\/Notibras","https:\/\/www.instagram.com\/notibras\/"]},{"@type":"Person","@id":"https:\/\/www.notibras.com\/site\/#\/schema\/person\/36ab0979449956132d3e5b517ea76ac8","name":"Reda\u00e7\u00e3o","image":{"@type":"ImageObject","inLanguage":"pt-BR","@id":"https:\/\/secure.gravatar.com\/avatar\/e0a867bdedb85fd243eadf09663511f96fc81e0720a4a42581f334ad4303aa6b?s=96&d=mm&r=g","url":"https:\/\/secure.gravatar.com\/avatar\/e0a867bdedb85fd243eadf09663511f96fc81e0720a4a42581f334ad4303aa6b?s=96&d=mm&r=g","contentUrl":"https:\/\/secure.gravatar.com\/avatar\/e0a867bdedb85fd243eadf09663511f96fc81e0720a4a42581f334ad4303aa6b?s=96&d=mm&r=g","caption":"Reda\u00e7\u00e3o"}}]}},"amp_enabled":true,"_links":{"self":[{"href":"https:\/\/www.notibras.com\/site\/wp-json\/wp\/v2\/posts\/11560","targetHints":{"allow":["GET"]}}],"collection":[{"href":"https:\/\/www.notibras.com\/site\/wp-json\/wp\/v2\/posts"}],"about":[{"href":"https:\/\/www.notibras.com\/site\/wp-json\/wp\/v2\/types\/post"}],"author":[{"embeddable":true,"href":"https:\/\/www.notibras.com\/site\/wp-json\/wp\/v2\/users\/2"}],"replies":[{"embeddable":true,"href":"https:\/\/www.notibras.com\/site\/wp-json\/wp\/v2\/comments?post=11560"}],"version-history":[{"count":0,"href":"https:\/\/www.notibras.com\/site\/wp-json\/wp\/v2\/posts\/11560\/revisions"}],"wp:featuredmedia":[{"embeddable":true,"href":"https:\/\/www.notibras.com\/site\/wp-json\/wp\/v2\/media\/11562"}],"wp:attachment":[{"href":"https:\/\/www.notibras.com\/site\/wp-json\/wp\/v2\/media?parent=11560"}],"wp:term":[{"taxonomy":"category","embeddable":true,"href":"https:\/\/www.notibras.com\/site\/wp-json\/wp\/v2\/categories?post=11560"},{"taxonomy":"post_tag","embeddable":true,"href":"https:\/\/www.notibras.com\/site\/wp-json\/wp\/v2\/tags?post=11560"}],"curies":[{"name":"wp","href":"https:\/\/api.w.org\/{rel}","templated":true}]}}