{"id":115826,"date":"2016-09-17T18:00:10","date_gmt":"2016-09-17T21:00:10","guid":{"rendered":"http:\/\/www.notibras.com\/site\/?p=115826"},"modified":"2016-09-17T22:09:13","modified_gmt":"2016-09-18T01:09:13","slug":"falta-combinar-com-os-russos-o-que-sera-da-siria","status":"publish","type":"post","link":"https:\/\/www.notibras.com\/site\/falta-combinar-com-os-russos-o-que-sera-da-siria\/","title":{"rendered":"Falta combinar com os russos o que ser\u00e1 da S\u00edria"},"content":{"rendered":"<p><strong>Rita do Val<\/strong><\/p>\n<p>A c\u00e9lebre pergunta que o genial Garrincha teria feito ao t\u00e9cnico Vicente Feola, \u00e0s v\u00e9speras do jogo da Sele\u00e7\u00e3o Brasileira contra a Uni\u00e3o Sovi\u00e9tica, na Copa do Mundo de 1958, sobre se havia combinado com os russos tudo o que ensaiara no treino, ganha agora uma nova vers\u00e3o, nos entendimentos sobre o cessar-fogo na S\u00edria. Washington e Moscou celebraram um acordo aparentemente hist\u00f3rico para p\u00f4r fim \u00e0s hostilidades no sofrido pa\u00eds \u00e1rabe. Contudo, teria o presidente dos Estados Unidos, Barack Obama, consultado a fundo o seu colega russo, Vladimir Putin?<\/p>\n<p>A pergunta \u00e9 pertinente, pois \u00e9 preciso saber como ir\u00e3o levar a quest\u00e3o a bom termo, ap\u00f3s vencida a dif\u00edcil etapa de parar as hostilidades. Os primeiros passos s\u00e3o de \u00f3bvio consenso: separar as tropas do ditador Bashar al-Assad e as mil\u00edcias opositoras de tend\u00eancia moderada, protagonistas iniciais do conflito, e frear os combatentes do Estado Isl\u00e2mico (EI) e da Frente Al Nusra, ligada \u00e0 Al Qaeda, ambos jihadistas radicais e classificados como grupos terroristas no contexto internacional.<\/p>\n<p>A primeira dessas duas miss\u00f5es consensuais \u00e9 diplom\u00e1tica, envolvendo negocia\u00e7\u00f5es entre governo e oposi\u00e7\u00e3o armada. A segunda \u00e9 militar, pois EI e Al Nusra seguir\u00e3o ignorando o entendimento e o di\u00e1logo e somente sair\u00e3o da S\u00edria ap\u00f3s irrevers\u00edvel derrota militar. Nessa etapa b\u00e9lica, como norte-americanos e russos far\u00e3o? Lutar\u00e3o com tropas pr\u00f3prias ou seguir\u00e3o com os bombardeios de drones, orienta\u00e7\u00e3o e apoio t\u00e9cnico?<\/p>\n<p>Digamos que as duas etapas anteriores sejam cumpridas com sucesso, que governo e rebeldes moderados comportem-se e que os jihadistas sejam derrotados e saiam de cena (o que exigir\u00e1 duros combates, inclusive no enfrentamento de grupos de guerrilha urbana). Que S\u00edria emergir\u00e1 desse hipot\u00e9tico cen\u00e1rio? Ser\u00e1 exatamente o pa\u00eds de alguns anos atr\u00e1s, quando come\u00e7ou a guerra civil: de um lado, um governo ditatorial e, de outro, uma oposi\u00e7\u00e3o armada e ainda disposta a fazer a revolu\u00e7\u00e3o. Eis a\u00ed a pergunta que provavelmente Obama ainda n\u00e3o fez a Putin: qual ser\u00e1, ent\u00e3o, a posi\u00e7\u00e3o da R\u00fassia? Deixar\u00e1 de apoiar seu antigo aliado s\u00edrio para costurar um novo arranjo do poder na S\u00edria?<\/p>\n<p>Com certeza, tal detalhe n\u00e3o foi combinado com os russos, o que confere instigante atualidade \u00e0 s\u00e1bia quest\u00e3o colocada pelo inesquec\u00edvel Garrincha. O pior \u00e9 que, sem o aval de Moscou sobre o futuro pol\u00edtico de Damasco, o acordo rec\u00e9m-celebrado \u00e9 para ingl\u00eas ver. Ali\u00e1s, n\u00e3o s\u00f3 os brit\u00e2nicos, mas todos os aliados dos Estados Unidos e da R\u00fassia, cada vez mais suscet\u00edveis \u00e0s amea\u00e7as do terrorismo, cujo epicentro global encontra-se hoje no teatro de opera\u00e7\u00f5es do conflito s\u00edrio e no Iraque. N\u00e3o \u00e9 sem raz\u00e3o que o acordo siga despertando o ceticismo dos europeus.<\/p>\n<p>Em tempo: Garrincha tinha raz\u00e3o. Em 1958, a poderosa sele\u00e7\u00e3o da Uni\u00e3o Sovi\u00e9tica fez tudo diferente em campo do que imaginara o treinador Vicente Feola. Ganhamos por 2 a 0, gra\u00e7as \u00e0 imensa criatividade e capacidade de improviso de nossos craques, virtudes nas quais os pol\u00edticos de todo o mundo perdem de goleada para aquele fant\u00e1stico time brasileiro.<\/p>\n","protected":false},"excerpt":{"rendered":"<p>Rita do Val A c\u00e9lebre pergunta que o genial Garrincha teria feito ao t\u00e9cnico Vicente Feola, \u00e0s v\u00e9speras do jogo da Sele\u00e7\u00e3o Brasileira contra a Uni\u00e3o Sovi\u00e9tica, na Copa do Mundo de 1958, sobre se havia combinado com os russos tudo o que ensaiara no treino, ganha agora uma nova vers\u00e3o, nos entendimentos sobre o [&hellip;]<\/p>\n","protected":false},"author":2,"featured_media":115827,"comment_status":"open","ping_status":"closed","sticky":false,"template":"","format":"standard","meta":{"_acf_changed":false,"footnotes":""},"categories":[25],"tags":[],"class_list":["post-115826","post","type-post","status-publish","format-standard","has-post-thumbnail","hentry","category-opina-ai"],"acf":[],"yoast_head":"<!-- This site is optimized with the Yoast SEO plugin v27.5 - https:\/\/yoast.com\/product\/yoast-seo-wordpress\/ -->\n<title>Falta combinar com os russos o que ser\u00e1 da S\u00edria - Notibras<\/title>\n<meta name=\"robots\" content=\"index, follow, max-snippet:-1, max-image-preview:large, max-video-preview:-1\" \/>\n<link rel=\"canonical\" href=\"https:\/\/www.notibras.com\/site\/falta-combinar-com-os-russos-o-que-sera-da-siria\/\" \/>\n<meta property=\"og:locale\" content=\"pt_BR\" \/>\n<meta property=\"og:type\" content=\"article\" \/>\n<meta property=\"og:title\" content=\"Falta combinar com os russos o que ser\u00e1 da S\u00edria - Notibras\" \/>\n<meta property=\"og:description\" content=\"Rita do Val A c\u00e9lebre pergunta que o genial Garrincha teria feito ao t\u00e9cnico Vicente Feola, \u00e0s v\u00e9speras do jogo da Sele\u00e7\u00e3o Brasileira contra a Uni\u00e3o Sovi\u00e9tica, na Copa do Mundo de 1958, sobre se havia combinado com os russos tudo o que ensaiara no treino, ganha agora uma nova vers\u00e3o, nos entendimentos sobre o [&hellip;]\" \/>\n<meta property=\"og:url\" content=\"https:\/\/www.notibras.com\/site\/falta-combinar-com-os-russos-o-que-sera-da-siria\/\" \/>\n<meta property=\"og:site_name\" content=\"Notibras\" \/>\n<meta property=\"article:publisher\" content=\"https:\/\/www.facebook.com\/notibras\/\" \/>\n<meta property=\"article:published_time\" content=\"2016-09-17T21:00:10+00:00\" \/>\n<meta property=\"article:modified_time\" content=\"2016-09-18T01:09:13+00:00\" \/>\n<meta property=\"og:image\" content=\"https:\/\/www.notibras.com\/site\/wp-content\/uploads\/2016\/09\/Putin-Assad.jpg\" \/>\n\t<meta property=\"og:image:width\" content=\"650\" \/>\n\t<meta property=\"og:image:height\" content=\"366\" \/>\n\t<meta property=\"og:image:type\" content=\"image\/jpeg\" \/>\n<meta name=\"author\" content=\"Reda\u00e7\u00e3o\" \/>\n<meta name=\"twitter:card\" content=\"summary_large_image\" \/>\n<meta name=\"twitter:creator\" content=\"@Notibras\" \/>\n<meta name=\"twitter:site\" content=\"@Notibras\" \/>\n<meta name=\"twitter:label1\" content=\"Escrito por\" \/>\n\t<meta name=\"twitter:data1\" content=\"Reda\u00e7\u00e3o\" \/>\n\t<meta name=\"twitter:label2\" content=\"Est. tempo de leitura\" \/>\n\t<meta name=\"twitter:data2\" content=\"3 minutos\" \/>\n<script type=\"application\/ld+json\" class=\"yoast-schema-graph\">{\"@context\":\"https:\\\/\\\/schema.org\",\"@graph\":[{\"@type\":\"Article\",\"@id\":\"https:\\\/\\\/www.notibras.com\\\/site\\\/falta-combinar-com-os-russos-o-que-sera-da-siria\\\/#article\",\"isPartOf\":{\"@id\":\"https:\\\/\\\/www.notibras.com\\\/site\\\/falta-combinar-com-os-russos-o-que-sera-da-siria\\\/\"},\"author\":{\"name\":\"Reda\u00e7\u00e3o\",\"@id\":\"https:\\\/\\\/www.notibras.com\\\/site\\\/#\\\/schema\\\/person\\\/36ab0979449956132d3e5b517ea76ac8\"},\"headline\":\"Falta combinar com os russos o que ser\u00e1 da S\u00edria\",\"datePublished\":\"2016-09-17T21:00:10+00:00\",\"dateModified\":\"2016-09-18T01:09:13+00:00\",\"mainEntityOfPage\":{\"@id\":\"https:\\\/\\\/www.notibras.com\\\/site\\\/falta-combinar-com-os-russos-o-que-sera-da-siria\\\/\"},\"wordCount\":570,\"commentCount\":0,\"publisher\":{\"@id\":\"https:\\\/\\\/www.notibras.com\\\/site\\\/#organization\"},\"image\":{\"@id\":\"https:\\\/\\\/www.notibras.com\\\/site\\\/falta-combinar-com-os-russos-o-que-sera-da-siria\\\/#primaryimage\"},\"thumbnailUrl\":\"https:\\\/\\\/www.notibras.com\\\/site\\\/wp-content\\\/uploads\\\/2016\\\/09\\\/Putin-Assad.jpg\",\"articleSection\":[\"Opina a\u00ed\"],\"inLanguage\":\"pt-BR\",\"potentialAction\":[{\"@type\":\"CommentAction\",\"name\":\"Comment\",\"target\":[\"https:\\\/\\\/www.notibras.com\\\/site\\\/falta-combinar-com-os-russos-o-que-sera-da-siria\\\/#respond\"]}]},{\"@type\":\"WebPage\",\"@id\":\"https:\\\/\\\/www.notibras.com\\\/site\\\/falta-combinar-com-os-russos-o-que-sera-da-siria\\\/\",\"url\":\"https:\\\/\\\/www.notibras.com\\\/site\\\/falta-combinar-com-os-russos-o-que-sera-da-siria\\\/\",\"name\":\"Falta combinar com os russos o que ser\u00e1 da S\u00edria - Notibras\",\"isPartOf\":{\"@id\":\"https:\\\/\\\/www.notibras.com\\\/site\\\/#website\"},\"primaryImageOfPage\":{\"@id\":\"https:\\\/\\\/www.notibras.com\\\/site\\\/falta-combinar-com-os-russos-o-que-sera-da-siria\\\/#primaryimage\"},\"image\":{\"@id\":\"https:\\\/\\\/www.notibras.com\\\/site\\\/falta-combinar-com-os-russos-o-que-sera-da-siria\\\/#primaryimage\"},\"thumbnailUrl\":\"https:\\\/\\\/www.notibras.com\\\/site\\\/wp-content\\\/uploads\\\/2016\\\/09\\\/Putin-Assad.jpg\",\"datePublished\":\"2016-09-17T21:00:10+00:00\",\"dateModified\":\"2016-09-18T01:09:13+00:00\",\"breadcrumb\":{\"@id\":\"https:\\\/\\\/www.notibras.com\\\/site\\\/falta-combinar-com-os-russos-o-que-sera-da-siria\\\/#breadcrumb\"},\"inLanguage\":\"pt-BR\",\"potentialAction\":[{\"@type\":\"ReadAction\",\"target\":[\"https:\\\/\\\/www.notibras.com\\\/site\\\/falta-combinar-com-os-russos-o-que-sera-da-siria\\\/\"]}]},{\"@type\":\"ImageObject\",\"inLanguage\":\"pt-BR\",\"@id\":\"https:\\\/\\\/www.notibras.com\\\/site\\\/falta-combinar-com-os-russos-o-que-sera-da-siria\\\/#primaryimage\",\"url\":\"https:\\\/\\\/www.notibras.com\\\/site\\\/wp-content\\\/uploads\\\/2016\\\/09\\\/Putin-Assad.jpg\",\"contentUrl\":\"https:\\\/\\\/www.notibras.com\\\/site\\\/wp-content\\\/uploads\\\/2016\\\/09\\\/Putin-Assad.jpg\",\"width\":650,\"height\":366,\"caption\":\"Europeus e americanos cercam Assad, que tem apoio de Putin. Foto\\\/Arquivo Notibras\"},{\"@type\":\"BreadcrumbList\",\"@id\":\"https:\\\/\\\/www.notibras.com\\\/site\\\/falta-combinar-com-os-russos-o-que-sera-da-siria\\\/#breadcrumb\",\"itemListElement\":[{\"@type\":\"ListItem\",\"position\":1,\"name\":\"In\u00edcio\",\"item\":\"https:\\\/\\\/www.notibras.com\\\/site\\\/\"},{\"@type\":\"ListItem\",\"position\":2,\"name\":\"Falta combinar com os russos o que ser\u00e1 da S\u00edria\"}]},{\"@type\":\"WebSite\",\"@id\":\"https:\\\/\\\/www.notibras.com\\\/site\\\/#website\",\"url\":\"https:\\\/\\\/www.notibras.com\\\/site\\\/\",\"name\":\"Notibras\",\"description\":\"Not\u00edcias de Bras\u00edlia, do Brasil e do Mundo\",\"publisher\":{\"@id\":\"https:\\\/\\\/www.notibras.com\\\/site\\\/#organization\"},\"potentialAction\":[{\"@type\":\"SearchAction\",\"target\":{\"@type\":\"EntryPoint\",\"urlTemplate\":\"https:\\\/\\\/www.notibras.com\\\/site\\\/?s={search_term_string}\"},\"query-input\":{\"@type\":\"PropertyValueSpecification\",\"valueRequired\":true,\"valueName\":\"search_term_string\"}}],\"inLanguage\":\"pt-BR\"},{\"@type\":\"Organization\",\"@id\":\"https:\\\/\\\/www.notibras.com\\\/site\\\/#organization\",\"name\":\"Grupo Notibras de Comunica\u00e7\u00e3o\",\"url\":\"https:\\\/\\\/www.notibras.com\\\/site\\\/\",\"logo\":{\"@type\":\"ImageObject\",\"inLanguage\":\"pt-BR\",\"@id\":\"https:\\\/\\\/www.notibras.com\\\/site\\\/#\\\/schema\\\/logo\\\/image\\\/\",\"url\":\"https:\\\/\\\/www.notibras.com\\\/site\\\/wp-content\\\/uploads\\\/2023\\\/01\\\/notibras23.png\",\"contentUrl\":\"https:\\\/\\\/www.notibras.com\\\/site\\\/wp-content\\\/uploads\\\/2023\\\/01\\\/notibras23.png\",\"width\":350,\"height\":87,\"caption\":\"Grupo Notibras de Comunica\u00e7\u00e3o\"},\"image\":{\"@id\":\"https:\\\/\\\/www.notibras.com\\\/site\\\/#\\\/schema\\\/logo\\\/image\\\/\"},\"sameAs\":[\"https:\\\/\\\/www.facebook.com\\\/notibras\\\/\",\"https:\\\/\\\/x.com\\\/Notibras\",\"https:\\\/\\\/www.instagram.com\\\/notibras\\\/\"]},{\"@type\":\"Person\",\"@id\":\"https:\\\/\\\/www.notibras.com\\\/site\\\/#\\\/schema\\\/person\\\/36ab0979449956132d3e5b517ea76ac8\",\"name\":\"Reda\u00e7\u00e3o\",\"image\":{\"@type\":\"ImageObject\",\"inLanguage\":\"pt-BR\",\"@id\":\"https:\\\/\\\/secure.gravatar.com\\\/avatar\\\/e0a867bdedb85fd243eadf09663511f96fc81e0720a4a42581f334ad4303aa6b?s=96&d=mm&r=g\",\"url\":\"https:\\\/\\\/secure.gravatar.com\\\/avatar\\\/e0a867bdedb85fd243eadf09663511f96fc81e0720a4a42581f334ad4303aa6b?s=96&d=mm&r=g\",\"contentUrl\":\"https:\\\/\\\/secure.gravatar.com\\\/avatar\\\/e0a867bdedb85fd243eadf09663511f96fc81e0720a4a42581f334ad4303aa6b?s=96&d=mm&r=g\",\"caption\":\"Reda\u00e7\u00e3o\"}}]}<\/script>\n<!-- \/ Yoast SEO plugin. -->","yoast_head_json":{"title":"Falta combinar com os russos o que ser\u00e1 da S\u00edria - Notibras","robots":{"index":"index","follow":"follow","max-snippet":"max-snippet:-1","max-image-preview":"max-image-preview:large","max-video-preview":"max-video-preview:-1"},"canonical":"https:\/\/www.notibras.com\/site\/falta-combinar-com-os-russos-o-que-sera-da-siria\/","og_locale":"pt_BR","og_type":"article","og_title":"Falta combinar com os russos o que ser\u00e1 da S\u00edria - Notibras","og_description":"Rita do Val A c\u00e9lebre pergunta que o genial Garrincha teria feito ao t\u00e9cnico Vicente Feola, \u00e0s v\u00e9speras do jogo da Sele\u00e7\u00e3o Brasileira contra a Uni\u00e3o Sovi\u00e9tica, na Copa do Mundo de 1958, sobre se havia combinado com os russos tudo o que ensaiara no treino, ganha agora uma nova vers\u00e3o, nos entendimentos sobre o [&hellip;]","og_url":"https:\/\/www.notibras.com\/site\/falta-combinar-com-os-russos-o-que-sera-da-siria\/","og_site_name":"Notibras","article_publisher":"https:\/\/www.facebook.com\/notibras\/","article_published_time":"2016-09-17T21:00:10+00:00","article_modified_time":"2016-09-18T01:09:13+00:00","og_image":[{"width":650,"height":366,"url":"https:\/\/www.notibras.com\/site\/wp-content\/uploads\/2016\/09\/Putin-Assad.jpg","type":"image\/jpeg"}],"author":"Reda\u00e7\u00e3o","twitter_card":"summary_large_image","twitter_creator":"@Notibras","twitter_site":"@Notibras","twitter_misc":{"Escrito por":"Reda\u00e7\u00e3o","Est. tempo de leitura":"3 minutos"},"schema":{"@context":"https:\/\/schema.org","@graph":[{"@type":"Article","@id":"https:\/\/www.notibras.com\/site\/falta-combinar-com-os-russos-o-que-sera-da-siria\/#article","isPartOf":{"@id":"https:\/\/www.notibras.com\/site\/falta-combinar-com-os-russos-o-que-sera-da-siria\/"},"author":{"name":"Reda\u00e7\u00e3o","@id":"https:\/\/www.notibras.com\/site\/#\/schema\/person\/36ab0979449956132d3e5b517ea76ac8"},"headline":"Falta combinar com os russos o que ser\u00e1 da S\u00edria","datePublished":"2016-09-17T21:00:10+00:00","dateModified":"2016-09-18T01:09:13+00:00","mainEntityOfPage":{"@id":"https:\/\/www.notibras.com\/site\/falta-combinar-com-os-russos-o-que-sera-da-siria\/"},"wordCount":570,"commentCount":0,"publisher":{"@id":"https:\/\/www.notibras.com\/site\/#organization"},"image":{"@id":"https:\/\/www.notibras.com\/site\/falta-combinar-com-os-russos-o-que-sera-da-siria\/#primaryimage"},"thumbnailUrl":"https:\/\/www.notibras.com\/site\/wp-content\/uploads\/2016\/09\/Putin-Assad.jpg","articleSection":["Opina a\u00ed"],"inLanguage":"pt-BR","potentialAction":[{"@type":"CommentAction","name":"Comment","target":["https:\/\/www.notibras.com\/site\/falta-combinar-com-os-russos-o-que-sera-da-siria\/#respond"]}]},{"@type":"WebPage","@id":"https:\/\/www.notibras.com\/site\/falta-combinar-com-os-russos-o-que-sera-da-siria\/","url":"https:\/\/www.notibras.com\/site\/falta-combinar-com-os-russos-o-que-sera-da-siria\/","name":"Falta combinar com os russos o que ser\u00e1 da S\u00edria - Notibras","isPartOf":{"@id":"https:\/\/www.notibras.com\/site\/#website"},"primaryImageOfPage":{"@id":"https:\/\/www.notibras.com\/site\/falta-combinar-com-os-russos-o-que-sera-da-siria\/#primaryimage"},"image":{"@id":"https:\/\/www.notibras.com\/site\/falta-combinar-com-os-russos-o-que-sera-da-siria\/#primaryimage"},"thumbnailUrl":"https:\/\/www.notibras.com\/site\/wp-content\/uploads\/2016\/09\/Putin-Assad.jpg","datePublished":"2016-09-17T21:00:10+00:00","dateModified":"2016-09-18T01:09:13+00:00","breadcrumb":{"@id":"https:\/\/www.notibras.com\/site\/falta-combinar-com-os-russos-o-que-sera-da-siria\/#breadcrumb"},"inLanguage":"pt-BR","potentialAction":[{"@type":"ReadAction","target":["https:\/\/www.notibras.com\/site\/falta-combinar-com-os-russos-o-que-sera-da-siria\/"]}]},{"@type":"ImageObject","inLanguage":"pt-BR","@id":"https:\/\/www.notibras.com\/site\/falta-combinar-com-os-russos-o-que-sera-da-siria\/#primaryimage","url":"https:\/\/www.notibras.com\/site\/wp-content\/uploads\/2016\/09\/Putin-Assad.jpg","contentUrl":"https:\/\/www.notibras.com\/site\/wp-content\/uploads\/2016\/09\/Putin-Assad.jpg","width":650,"height":366,"caption":"Europeus e americanos cercam Assad, que tem apoio de Putin. Foto\/Arquivo Notibras"},{"@type":"BreadcrumbList","@id":"https:\/\/www.notibras.com\/site\/falta-combinar-com-os-russos-o-que-sera-da-siria\/#breadcrumb","itemListElement":[{"@type":"ListItem","position":1,"name":"In\u00edcio","item":"https:\/\/www.notibras.com\/site\/"},{"@type":"ListItem","position":2,"name":"Falta combinar com os russos o que ser\u00e1 da S\u00edria"}]},{"@type":"WebSite","@id":"https:\/\/www.notibras.com\/site\/#website","url":"https:\/\/www.notibras.com\/site\/","name":"Notibras","description":"Not\u00edcias de Bras\u00edlia, do Brasil e do Mundo","publisher":{"@id":"https:\/\/www.notibras.com\/site\/#organization"},"potentialAction":[{"@type":"SearchAction","target":{"@type":"EntryPoint","urlTemplate":"https:\/\/www.notibras.com\/site\/?s={search_term_string}"},"query-input":{"@type":"PropertyValueSpecification","valueRequired":true,"valueName":"search_term_string"}}],"inLanguage":"pt-BR"},{"@type":"Organization","@id":"https:\/\/www.notibras.com\/site\/#organization","name":"Grupo Notibras de Comunica\u00e7\u00e3o","url":"https:\/\/www.notibras.com\/site\/","logo":{"@type":"ImageObject","inLanguage":"pt-BR","@id":"https:\/\/www.notibras.com\/site\/#\/schema\/logo\/image\/","url":"https:\/\/www.notibras.com\/site\/wp-content\/uploads\/2023\/01\/notibras23.png","contentUrl":"https:\/\/www.notibras.com\/site\/wp-content\/uploads\/2023\/01\/notibras23.png","width":350,"height":87,"caption":"Grupo Notibras de Comunica\u00e7\u00e3o"},"image":{"@id":"https:\/\/www.notibras.com\/site\/#\/schema\/logo\/image\/"},"sameAs":["https:\/\/www.facebook.com\/notibras\/","https:\/\/x.com\/Notibras","https:\/\/www.instagram.com\/notibras\/"]},{"@type":"Person","@id":"https:\/\/www.notibras.com\/site\/#\/schema\/person\/36ab0979449956132d3e5b517ea76ac8","name":"Reda\u00e7\u00e3o","image":{"@type":"ImageObject","inLanguage":"pt-BR","@id":"https:\/\/secure.gravatar.com\/avatar\/e0a867bdedb85fd243eadf09663511f96fc81e0720a4a42581f334ad4303aa6b?s=96&d=mm&r=g","url":"https:\/\/secure.gravatar.com\/avatar\/e0a867bdedb85fd243eadf09663511f96fc81e0720a4a42581f334ad4303aa6b?s=96&d=mm&r=g","contentUrl":"https:\/\/secure.gravatar.com\/avatar\/e0a867bdedb85fd243eadf09663511f96fc81e0720a4a42581f334ad4303aa6b?s=96&d=mm&r=g","caption":"Reda\u00e7\u00e3o"}}]}},"amp_enabled":true,"_links":{"self":[{"href":"https:\/\/www.notibras.com\/site\/wp-json\/wp\/v2\/posts\/115826","targetHints":{"allow":["GET"]}}],"collection":[{"href":"https:\/\/www.notibras.com\/site\/wp-json\/wp\/v2\/posts"}],"about":[{"href":"https:\/\/www.notibras.com\/site\/wp-json\/wp\/v2\/types\/post"}],"author":[{"embeddable":true,"href":"https:\/\/www.notibras.com\/site\/wp-json\/wp\/v2\/users\/2"}],"replies":[{"embeddable":true,"href":"https:\/\/www.notibras.com\/site\/wp-json\/wp\/v2\/comments?post=115826"}],"version-history":[{"count":2,"href":"https:\/\/www.notibras.com\/site\/wp-json\/wp\/v2\/posts\/115826\/revisions"}],"predecessor-version":[{"id":115830,"href":"https:\/\/www.notibras.com\/site\/wp-json\/wp\/v2\/posts\/115826\/revisions\/115830"}],"wp:featuredmedia":[{"embeddable":true,"href":"https:\/\/www.notibras.com\/site\/wp-json\/wp\/v2\/media\/115827"}],"wp:attachment":[{"href":"https:\/\/www.notibras.com\/site\/wp-json\/wp\/v2\/media?parent=115826"}],"wp:term":[{"taxonomy":"category","embeddable":true,"href":"https:\/\/www.notibras.com\/site\/wp-json\/wp\/v2\/categories?post=115826"},{"taxonomy":"post_tag","embeddable":true,"href":"https:\/\/www.notibras.com\/site\/wp-json\/wp\/v2\/tags?post=115826"}],"curies":[{"name":"wp","href":"https:\/\/api.w.org\/{rel}","templated":true}]}}