{"id":115890,"date":"2016-09-19T06:00:02","date_gmt":"2016-09-19T09:00:02","guid":{"rendered":"http:\/\/www.notibras.com\/site\/?p=115890"},"modified":"2016-09-18T18:20:59","modified_gmt":"2016-09-18T21:20:59","slug":"parques-dependem-de-auxilio-do-setor-privado","status":"publish","type":"post","link":"https:\/\/www.notibras.com\/site\/parques-dependem-de-auxilio-do-setor-privado\/","title":{"rendered":"Parques dependem de aux\u00edlio do setor privado"},"content":{"rendered":"<p><strong>Fernando Pieroni<\/strong><\/p>\n<p>O Brasil vem sendo constantemente provocado a refletir sobre alternativas para a conserva\u00e7\u00e3o e para os usos dos patrim\u00f4nios ambiental e cultural de seus parques p\u00fablicos. O alarme mais recente veio da amea\u00e7a de fechamento do Parque Nacional Serra da Capivara, no Piau\u00ed, considerado patrim\u00f4nio cultural da humanidade. Tal impasse foi desencadeado pelo bloqueio de recursos do fundo de compensa\u00e7\u00e3o ambiental.<\/p>\n<p>O fato \u00e9 que a vulnerabilidade financeira e a de gest\u00e3o dos parques s\u00e3o um problema estrutural. A lei paulista 16.260\/2016 \u2013publicada recentemente e que autoriza a concess\u00e3o de 25 unidades de conserva\u00e7\u00e3o\u2013 sinaliza a inten\u00e7\u00e3o de se ampliar a participa\u00e7\u00e3o do setor privado na gest\u00e3o desses espa\u00e7os. H\u00e1 ainda a declara\u00e7\u00e3o do ministro Sarney Filho sobre a inten\u00e7\u00e3o de contar com a iniciativa privada na administra\u00e7\u00e3o de dez parques nacionais. Esses movimentos refor\u00e7am a necessidade de aprofundar a discuss\u00e3o sobre o envolvimento do setor privado na gest\u00e3o de unidades de conserva\u00e7\u00e3o.<\/p>\n<p>A dificuldade na gest\u00e3o de parques n\u00e3o \u00e9 exclusiva do Brasil, mas a diferen\u00e7a est\u00e1 nas solu\u00e7\u00f5es adotadas. J\u00e1 h\u00e1 algum tempo, pa\u00edses como Estados Unidos e Nova Zel\u00e2ndia t\u00eam recorrido a parcerias com o setor privado para auxiliar o melhor aproveitamento de seus parques. S\u00f3 em 2015, os parques norte-americanos atra\u00edram mais de 307 milh\u00f5es de visitantes, sendo que US$ 32 bilh\u00f5es foram injetados na economia e cerca de 300 mil empregos foram gerados.<\/p>\n<p>E esse modelo n\u00e3o se aplica apenas \u00e0 realidade dos pa\u00edses mais desenvolvidos. A \u00c1frica do Sul, com uma iniciativa similar, por meio de parcerias com o setor privado garante 75% das receitas operacionais. Outras solu\u00e7\u00f5es \u2013em que o privado explora o turismo e, como obriga\u00e7\u00e3o, garante a conserva\u00e7\u00e3o\u2013 est\u00e3o em desenvolvimento na Rep\u00fablica Democr\u00e1tica do Congo, Eti\u00f3pia e Z\u00e2mbia.<\/p>\n<p>A an\u00e1lise desses exemplos refor\u00e7a a necessidade de que o Brasil siga essa tend\u00eancia. Na verdade, j\u00e1 existem algumas concess\u00f5es em parques brasileiros que indicam o potencial de sucesso \u2013com a ressalva de n\u00e3o inclu\u00edrem a conserva\u00e7\u00e3o no escopo do contrato.<\/p>\n<p>Em 2015, por exemplo, a visita\u00e7\u00e3o a parques nacionais chegou a 7,14 milh\u00f5es de turistas, de acordo com o Instituto Chico Mendes de Conserva\u00e7\u00e3o da Biodiversidade. Dois foram os destinos que atra\u00edram cerca de 65% do p\u00fablico total: o Parque Nacional do Igua\u00e7u (PR) e o Parque Nacional da Tijuca (RJ), ambos com contratos de concess\u00e3o. Muitos outros parques, tamb\u00e9m atrativos, ainda est\u00e3o longe desse desempenho.<\/p>\n<p>Para mudar esse cen\u00e1rio e alcan\u00e7ar um patamar em que nossos parques cumpram de fato seus objetivos de cria\u00e7\u00e3o \u2013ou seja, conserva\u00e7\u00e3o da biodiversidade, desenvolvimento socioecon\u00f4mico e promo\u00e7\u00e3o do uso p\u00fablico\u2013, \u00e9 fundamental intensificar a reflex\u00e3o sobre como estabelecer novos formatos de parceria com o setor privado.<\/p>\n<p>Os contratos podem ter um escopo ampliado, assim passando a abranger conserva\u00e7\u00e3o e um aproveitamento tur\u00edstico respons\u00e1vel. Dessa forma, seria poss\u00edvel garantir que o interesse p\u00fablico se sobressa\u00edsse, gerando oportunidades para a popula\u00e7\u00e3o do entorno e tamb\u00e9m sa\u00fade e bem-estar para toda a sociedade. O modelo a ser adotado depende da voca\u00e7\u00e3o de cada parque, mas o certo \u00e9 que, al\u00e9m de sustentabilidade financeira, esse \u00e9 o caminho para tamb\u00e9m atrair investimentos, melhores pr\u00e1ticas de gest\u00e3o e efici\u00eancia. A discuss\u00e3o ainda d\u00e1 seus primeiros passos, por\u00e9m \u00e9 urgente a necessidade de se aprofundar esse debate.<\/p>\n","protected":false},"excerpt":{"rendered":"<p>Fernando Pieroni O Brasil vem sendo constantemente provocado a refletir sobre alternativas para a conserva\u00e7\u00e3o e para os usos dos patrim\u00f4nios ambiental e cultural de seus parques p\u00fablicos. O alarme mais recente veio da amea\u00e7a de fechamento do Parque Nacional Serra da Capivara, no Piau\u00ed, considerado patrim\u00f4nio cultural da humanidade. Tal impasse foi desencadeado pelo [&hellip;]<\/p>\n","protected":false},"author":2,"featured_media":115891,"comment_status":"open","ping_status":"closed","sticky":false,"template":"","format":"standard","meta":{"_acf_changed":false,"footnotes":""},"categories":[25],"tags":[],"class_list":["post-115890","post","type-post","status-publish","format-standard","has-post-thumbnail","hentry","category-opina-ai"],"acf":[],"yoast_head":"<!-- This site is optimized with the Yoast SEO plugin v27.5 - https:\/\/yoast.com\/product\/yoast-seo-wordpress\/ -->\n<title>Parques dependem de aux\u00edlio do setor privado - Notibras<\/title>\n<meta name=\"robots\" content=\"index, follow, max-snippet:-1, max-image-preview:large, max-video-preview:-1\" \/>\n<link rel=\"canonical\" href=\"https:\/\/www.notibras.com\/site\/parques-dependem-de-auxilio-do-setor-privado\/\" \/>\n<meta property=\"og:locale\" content=\"pt_BR\" \/>\n<meta property=\"og:type\" content=\"article\" \/>\n<meta property=\"og:title\" content=\"Parques dependem de aux\u00edlio do setor privado - Notibras\" \/>\n<meta property=\"og:description\" content=\"Fernando Pieroni O Brasil vem sendo constantemente provocado a refletir sobre alternativas para a conserva\u00e7\u00e3o e para os usos dos patrim\u00f4nios ambiental e cultural de seus parques p\u00fablicos. O alarme mais recente veio da amea\u00e7a de fechamento do Parque Nacional Serra da Capivara, no Piau\u00ed, considerado patrim\u00f4nio cultural da humanidade. Tal impasse foi desencadeado pelo [&hellip;]\" \/>\n<meta property=\"og:url\" content=\"https:\/\/www.notibras.com\/site\/parques-dependem-de-auxilio-do-setor-privado\/\" \/>\n<meta property=\"og:site_name\" content=\"Notibras\" \/>\n<meta property=\"article:publisher\" content=\"https:\/\/www.facebook.com\/notibras\/\" \/>\n<meta property=\"article:published_time\" content=\"2016-09-19T09:00:02+00:00\" \/>\n<meta property=\"og:image\" content=\"https:\/\/www.notibras.com\/site\/wp-content\/uploads\/2016\/09\/chapada-diamantina-635x423.jpg\" \/>\n\t<meta property=\"og:image:width\" content=\"635\" \/>\n\t<meta property=\"og:image:height\" content=\"423\" \/>\n\t<meta property=\"og:image:type\" content=\"image\/jpeg\" \/>\n<meta name=\"author\" content=\"Reda\u00e7\u00e3o\" \/>\n<meta name=\"twitter:card\" content=\"summary_large_image\" \/>\n<meta name=\"twitter:creator\" content=\"@Notibras\" \/>\n<meta name=\"twitter:site\" content=\"@Notibras\" \/>\n<meta name=\"twitter:label1\" content=\"Escrito por\" \/>\n\t<meta name=\"twitter:data1\" content=\"Reda\u00e7\u00e3o\" \/>\n\t<meta name=\"twitter:label2\" content=\"Est. tempo de leitura\" \/>\n\t<meta name=\"twitter:data2\" content=\"3 minutos\" \/>\n<script type=\"application\/ld+json\" class=\"yoast-schema-graph\">{\"@context\":\"https:\\\/\\\/schema.org\",\"@graph\":[{\"@type\":\"Article\",\"@id\":\"https:\\\/\\\/www.notibras.com\\\/site\\\/parques-dependem-de-auxilio-do-setor-privado\\\/#article\",\"isPartOf\":{\"@id\":\"https:\\\/\\\/www.notibras.com\\\/site\\\/parques-dependem-de-auxilio-do-setor-privado\\\/\"},\"author\":{\"name\":\"Reda\u00e7\u00e3o\",\"@id\":\"https:\\\/\\\/www.notibras.com\\\/site\\\/#\\\/schema\\\/person\\\/36ab0979449956132d3e5b517ea76ac8\"},\"headline\":\"Parques dependem de aux\u00edlio do setor privado\",\"datePublished\":\"2016-09-19T09:00:02+00:00\",\"mainEntityOfPage\":{\"@id\":\"https:\\\/\\\/www.notibras.com\\\/site\\\/parques-dependem-de-auxilio-do-setor-privado\\\/\"},\"wordCount\":612,\"commentCount\":0,\"publisher\":{\"@id\":\"https:\\\/\\\/www.notibras.com\\\/site\\\/#organization\"},\"image\":{\"@id\":\"https:\\\/\\\/www.notibras.com\\\/site\\\/parques-dependem-de-auxilio-do-setor-privado\\\/#primaryimage\"},\"thumbnailUrl\":\"https:\\\/\\\/www.notibras.com\\\/site\\\/wp-content\\\/uploads\\\/2016\\\/09\\\/chapada-diamantina-635x423.jpg\",\"articleSection\":[\"Opina a\u00ed\"],\"inLanguage\":\"pt-BR\",\"potentialAction\":[{\"@type\":\"CommentAction\",\"name\":\"Comment\",\"target\":[\"https:\\\/\\\/www.notibras.com\\\/site\\\/parques-dependem-de-auxilio-do-setor-privado\\\/#respond\"]}]},{\"@type\":\"WebPage\",\"@id\":\"https:\\\/\\\/www.notibras.com\\\/site\\\/parques-dependem-de-auxilio-do-setor-privado\\\/\",\"url\":\"https:\\\/\\\/www.notibras.com\\\/site\\\/parques-dependem-de-auxilio-do-setor-privado\\\/\",\"name\":\"Parques dependem de aux\u00edlio do setor privado - Notibras\",\"isPartOf\":{\"@id\":\"https:\\\/\\\/www.notibras.com\\\/site\\\/#website\"},\"primaryImageOfPage\":{\"@id\":\"https:\\\/\\\/www.notibras.com\\\/site\\\/parques-dependem-de-auxilio-do-setor-privado\\\/#primaryimage\"},\"image\":{\"@id\":\"https:\\\/\\\/www.notibras.com\\\/site\\\/parques-dependem-de-auxilio-do-setor-privado\\\/#primaryimage\"},\"thumbnailUrl\":\"https:\\\/\\\/www.notibras.com\\\/site\\\/wp-content\\\/uploads\\\/2016\\\/09\\\/chapada-diamantina-635x423.jpg\",\"datePublished\":\"2016-09-19T09:00:02+00:00\",\"breadcrumb\":{\"@id\":\"https:\\\/\\\/www.notibras.com\\\/site\\\/parques-dependem-de-auxilio-do-setor-privado\\\/#breadcrumb\"},\"inLanguage\":\"pt-BR\",\"potentialAction\":[{\"@type\":\"ReadAction\",\"target\":[\"https:\\\/\\\/www.notibras.com\\\/site\\\/parques-dependem-de-auxilio-do-setor-privado\\\/\"]}]},{\"@type\":\"ImageObject\",\"inLanguage\":\"pt-BR\",\"@id\":\"https:\\\/\\\/www.notibras.com\\\/site\\\/parques-dependem-de-auxilio-do-setor-privado\\\/#primaryimage\",\"url\":\"https:\\\/\\\/www.notibras.com\\\/site\\\/wp-content\\\/uploads\\\/2016\\\/09\\\/chapada-diamantina-635x423.jpg\",\"contentUrl\":\"https:\\\/\\\/www.notibras.com\\\/site\\\/wp-content\\\/uploads\\\/2016\\\/09\\\/chapada-diamantina-635x423.jpg\",\"width\":635,\"height\":423},{\"@type\":\"BreadcrumbList\",\"@id\":\"https:\\\/\\\/www.notibras.com\\\/site\\\/parques-dependem-de-auxilio-do-setor-privado\\\/#breadcrumb\",\"itemListElement\":[{\"@type\":\"ListItem\",\"position\":1,\"name\":\"In\u00edcio\",\"item\":\"https:\\\/\\\/www.notibras.com\\\/site\\\/\"},{\"@type\":\"ListItem\",\"position\":2,\"name\":\"Parques dependem de aux\u00edlio do setor privado\"}]},{\"@type\":\"WebSite\",\"@id\":\"https:\\\/\\\/www.notibras.com\\\/site\\\/#website\",\"url\":\"https:\\\/\\\/www.notibras.com\\\/site\\\/\",\"name\":\"Notibras\",\"description\":\"Not\u00edcias de Bras\u00edlia, do Brasil e do Mundo\",\"publisher\":{\"@id\":\"https:\\\/\\\/www.notibras.com\\\/site\\\/#organization\"},\"potentialAction\":[{\"@type\":\"SearchAction\",\"target\":{\"@type\":\"EntryPoint\",\"urlTemplate\":\"https:\\\/\\\/www.notibras.com\\\/site\\\/?s={search_term_string}\"},\"query-input\":{\"@type\":\"PropertyValueSpecification\",\"valueRequired\":true,\"valueName\":\"search_term_string\"}}],\"inLanguage\":\"pt-BR\"},{\"@type\":\"Organization\",\"@id\":\"https:\\\/\\\/www.notibras.com\\\/site\\\/#organization\",\"name\":\"Grupo Notibras de Comunica\u00e7\u00e3o\",\"url\":\"https:\\\/\\\/www.notibras.com\\\/site\\\/\",\"logo\":{\"@type\":\"ImageObject\",\"inLanguage\":\"pt-BR\",\"@id\":\"https:\\\/\\\/www.notibras.com\\\/site\\\/#\\\/schema\\\/logo\\\/image\\\/\",\"url\":\"https:\\\/\\\/www.notibras.com\\\/site\\\/wp-content\\\/uploads\\\/2023\\\/01\\\/notibras23.png\",\"contentUrl\":\"https:\\\/\\\/www.notibras.com\\\/site\\\/wp-content\\\/uploads\\\/2023\\\/01\\\/notibras23.png\",\"width\":350,\"height\":87,\"caption\":\"Grupo Notibras de Comunica\u00e7\u00e3o\"},\"image\":{\"@id\":\"https:\\\/\\\/www.notibras.com\\\/site\\\/#\\\/schema\\\/logo\\\/image\\\/\"},\"sameAs\":[\"https:\\\/\\\/www.facebook.com\\\/notibras\\\/\",\"https:\\\/\\\/x.com\\\/Notibras\",\"https:\\\/\\\/www.instagram.com\\\/notibras\\\/\"]},{\"@type\":\"Person\",\"@id\":\"https:\\\/\\\/www.notibras.com\\\/site\\\/#\\\/schema\\\/person\\\/36ab0979449956132d3e5b517ea76ac8\",\"name\":\"Reda\u00e7\u00e3o\",\"image\":{\"@type\":\"ImageObject\",\"inLanguage\":\"pt-BR\",\"@id\":\"https:\\\/\\\/secure.gravatar.com\\\/avatar\\\/e0a867bdedb85fd243eadf09663511f96fc81e0720a4a42581f334ad4303aa6b?s=96&d=mm&r=g\",\"url\":\"https:\\\/\\\/secure.gravatar.com\\\/avatar\\\/e0a867bdedb85fd243eadf09663511f96fc81e0720a4a42581f334ad4303aa6b?s=96&d=mm&r=g\",\"contentUrl\":\"https:\\\/\\\/secure.gravatar.com\\\/avatar\\\/e0a867bdedb85fd243eadf09663511f96fc81e0720a4a42581f334ad4303aa6b?s=96&d=mm&r=g\",\"caption\":\"Reda\u00e7\u00e3o\"}}]}<\/script>\n<!-- \/ Yoast SEO plugin. -->","yoast_head_json":{"title":"Parques dependem de aux\u00edlio do setor privado - Notibras","robots":{"index":"index","follow":"follow","max-snippet":"max-snippet:-1","max-image-preview":"max-image-preview:large","max-video-preview":"max-video-preview:-1"},"canonical":"https:\/\/www.notibras.com\/site\/parques-dependem-de-auxilio-do-setor-privado\/","og_locale":"pt_BR","og_type":"article","og_title":"Parques dependem de aux\u00edlio do setor privado - Notibras","og_description":"Fernando Pieroni O Brasil vem sendo constantemente provocado a refletir sobre alternativas para a conserva\u00e7\u00e3o e para os usos dos patrim\u00f4nios ambiental e cultural de seus parques p\u00fablicos. O alarme mais recente veio da amea\u00e7a de fechamento do Parque Nacional Serra da Capivara, no Piau\u00ed, considerado patrim\u00f4nio cultural da humanidade. Tal impasse foi desencadeado pelo [&hellip;]","og_url":"https:\/\/www.notibras.com\/site\/parques-dependem-de-auxilio-do-setor-privado\/","og_site_name":"Notibras","article_publisher":"https:\/\/www.facebook.com\/notibras\/","article_published_time":"2016-09-19T09:00:02+00:00","og_image":[{"width":635,"height":423,"url":"https:\/\/www.notibras.com\/site\/wp-content\/uploads\/2016\/09\/chapada-diamantina-635x423.jpg","type":"image\/jpeg"}],"author":"Reda\u00e7\u00e3o","twitter_card":"summary_large_image","twitter_creator":"@Notibras","twitter_site":"@Notibras","twitter_misc":{"Escrito por":"Reda\u00e7\u00e3o","Est. tempo de leitura":"3 minutos"},"schema":{"@context":"https:\/\/schema.org","@graph":[{"@type":"Article","@id":"https:\/\/www.notibras.com\/site\/parques-dependem-de-auxilio-do-setor-privado\/#article","isPartOf":{"@id":"https:\/\/www.notibras.com\/site\/parques-dependem-de-auxilio-do-setor-privado\/"},"author":{"name":"Reda\u00e7\u00e3o","@id":"https:\/\/www.notibras.com\/site\/#\/schema\/person\/36ab0979449956132d3e5b517ea76ac8"},"headline":"Parques dependem de aux\u00edlio do setor privado","datePublished":"2016-09-19T09:00:02+00:00","mainEntityOfPage":{"@id":"https:\/\/www.notibras.com\/site\/parques-dependem-de-auxilio-do-setor-privado\/"},"wordCount":612,"commentCount":0,"publisher":{"@id":"https:\/\/www.notibras.com\/site\/#organization"},"image":{"@id":"https:\/\/www.notibras.com\/site\/parques-dependem-de-auxilio-do-setor-privado\/#primaryimage"},"thumbnailUrl":"https:\/\/www.notibras.com\/site\/wp-content\/uploads\/2016\/09\/chapada-diamantina-635x423.jpg","articleSection":["Opina a\u00ed"],"inLanguage":"pt-BR","potentialAction":[{"@type":"CommentAction","name":"Comment","target":["https:\/\/www.notibras.com\/site\/parques-dependem-de-auxilio-do-setor-privado\/#respond"]}]},{"@type":"WebPage","@id":"https:\/\/www.notibras.com\/site\/parques-dependem-de-auxilio-do-setor-privado\/","url":"https:\/\/www.notibras.com\/site\/parques-dependem-de-auxilio-do-setor-privado\/","name":"Parques dependem de aux\u00edlio do setor privado - Notibras","isPartOf":{"@id":"https:\/\/www.notibras.com\/site\/#website"},"primaryImageOfPage":{"@id":"https:\/\/www.notibras.com\/site\/parques-dependem-de-auxilio-do-setor-privado\/#primaryimage"},"image":{"@id":"https:\/\/www.notibras.com\/site\/parques-dependem-de-auxilio-do-setor-privado\/#primaryimage"},"thumbnailUrl":"https:\/\/www.notibras.com\/site\/wp-content\/uploads\/2016\/09\/chapada-diamantina-635x423.jpg","datePublished":"2016-09-19T09:00:02+00:00","breadcrumb":{"@id":"https:\/\/www.notibras.com\/site\/parques-dependem-de-auxilio-do-setor-privado\/#breadcrumb"},"inLanguage":"pt-BR","potentialAction":[{"@type":"ReadAction","target":["https:\/\/www.notibras.com\/site\/parques-dependem-de-auxilio-do-setor-privado\/"]}]},{"@type":"ImageObject","inLanguage":"pt-BR","@id":"https:\/\/www.notibras.com\/site\/parques-dependem-de-auxilio-do-setor-privado\/#primaryimage","url":"https:\/\/www.notibras.com\/site\/wp-content\/uploads\/2016\/09\/chapada-diamantina-635x423.jpg","contentUrl":"https:\/\/www.notibras.com\/site\/wp-content\/uploads\/2016\/09\/chapada-diamantina-635x423.jpg","width":635,"height":423},{"@type":"BreadcrumbList","@id":"https:\/\/www.notibras.com\/site\/parques-dependem-de-auxilio-do-setor-privado\/#breadcrumb","itemListElement":[{"@type":"ListItem","position":1,"name":"In\u00edcio","item":"https:\/\/www.notibras.com\/site\/"},{"@type":"ListItem","position":2,"name":"Parques dependem de aux\u00edlio do setor privado"}]},{"@type":"WebSite","@id":"https:\/\/www.notibras.com\/site\/#website","url":"https:\/\/www.notibras.com\/site\/","name":"Notibras","description":"Not\u00edcias de Bras\u00edlia, do Brasil e do Mundo","publisher":{"@id":"https:\/\/www.notibras.com\/site\/#organization"},"potentialAction":[{"@type":"SearchAction","target":{"@type":"EntryPoint","urlTemplate":"https:\/\/www.notibras.com\/site\/?s={search_term_string}"},"query-input":{"@type":"PropertyValueSpecification","valueRequired":true,"valueName":"search_term_string"}}],"inLanguage":"pt-BR"},{"@type":"Organization","@id":"https:\/\/www.notibras.com\/site\/#organization","name":"Grupo Notibras de Comunica\u00e7\u00e3o","url":"https:\/\/www.notibras.com\/site\/","logo":{"@type":"ImageObject","inLanguage":"pt-BR","@id":"https:\/\/www.notibras.com\/site\/#\/schema\/logo\/image\/","url":"https:\/\/www.notibras.com\/site\/wp-content\/uploads\/2023\/01\/notibras23.png","contentUrl":"https:\/\/www.notibras.com\/site\/wp-content\/uploads\/2023\/01\/notibras23.png","width":350,"height":87,"caption":"Grupo Notibras de Comunica\u00e7\u00e3o"},"image":{"@id":"https:\/\/www.notibras.com\/site\/#\/schema\/logo\/image\/"},"sameAs":["https:\/\/www.facebook.com\/notibras\/","https:\/\/x.com\/Notibras","https:\/\/www.instagram.com\/notibras\/"]},{"@type":"Person","@id":"https:\/\/www.notibras.com\/site\/#\/schema\/person\/36ab0979449956132d3e5b517ea76ac8","name":"Reda\u00e7\u00e3o","image":{"@type":"ImageObject","inLanguage":"pt-BR","@id":"https:\/\/secure.gravatar.com\/avatar\/e0a867bdedb85fd243eadf09663511f96fc81e0720a4a42581f334ad4303aa6b?s=96&d=mm&r=g","url":"https:\/\/secure.gravatar.com\/avatar\/e0a867bdedb85fd243eadf09663511f96fc81e0720a4a42581f334ad4303aa6b?s=96&d=mm&r=g","contentUrl":"https:\/\/secure.gravatar.com\/avatar\/e0a867bdedb85fd243eadf09663511f96fc81e0720a4a42581f334ad4303aa6b?s=96&d=mm&r=g","caption":"Reda\u00e7\u00e3o"}}]}},"amp_enabled":true,"_links":{"self":[{"href":"https:\/\/www.notibras.com\/site\/wp-json\/wp\/v2\/posts\/115890","targetHints":{"allow":["GET"]}}],"collection":[{"href":"https:\/\/www.notibras.com\/site\/wp-json\/wp\/v2\/posts"}],"about":[{"href":"https:\/\/www.notibras.com\/site\/wp-json\/wp\/v2\/types\/post"}],"author":[{"embeddable":true,"href":"https:\/\/www.notibras.com\/site\/wp-json\/wp\/v2\/users\/2"}],"replies":[{"embeddable":true,"href":"https:\/\/www.notibras.com\/site\/wp-json\/wp\/v2\/comments?post=115890"}],"version-history":[{"count":1,"href":"https:\/\/www.notibras.com\/site\/wp-json\/wp\/v2\/posts\/115890\/revisions"}],"predecessor-version":[{"id":115892,"href":"https:\/\/www.notibras.com\/site\/wp-json\/wp\/v2\/posts\/115890\/revisions\/115892"}],"wp:featuredmedia":[{"embeddable":true,"href":"https:\/\/www.notibras.com\/site\/wp-json\/wp\/v2\/media\/115891"}],"wp:attachment":[{"href":"https:\/\/www.notibras.com\/site\/wp-json\/wp\/v2\/media?parent=115890"}],"wp:term":[{"taxonomy":"category","embeddable":true,"href":"https:\/\/www.notibras.com\/site\/wp-json\/wp\/v2\/categories?post=115890"},{"taxonomy":"post_tag","embeddable":true,"href":"https:\/\/www.notibras.com\/site\/wp-json\/wp\/v2\/tags?post=115890"}],"curies":[{"name":"wp","href":"https:\/\/api.w.org\/{rel}","templated":true}]}}