{"id":116222,"date":"2016-09-21T18:08:24","date_gmt":"2016-09-21T21:08:24","guid":{"rendered":"http:\/\/www.notibras.com\/site\/?p=116222"},"modified":"2016-09-22T07:17:36","modified_gmt":"2016-09-22T10:17:36","slug":"mp-encaixa-as-pecas-e-vai-salvando-acordos-de-leniencia","status":"publish","type":"post","link":"https:\/\/www.notibras.com\/site\/mp-encaixa-as-pecas-e-vai-salvando-acordos-de-leniencia\/","title":{"rendered":"MP encaixa as pe\u00e7as e salva os acordos de leni\u00eancia"},"content":{"rendered":"<p><strong>Talita Matias de Oliveira e<\/strong><br \/>\n<strong>Luis Carlos Alcoforado<\/strong><\/p>\n<p>Crescem as infra\u00e7\u00f5es contra a ordem econ\u00f4mica, motivo por que se devem garantir ao Estado medidas protetivas e inibit\u00f3rias mais eficazes para assegurar a preserva\u00e7\u00e3o da seguran\u00e7a do regime jur\u00eddico, no combate \u00e0s pr\u00e1ticas infracionais, sem sacrificar, totalmente, a atividade empres\u00e1ria nas suas dimens\u00f5es materiais e imateriais. O sistema jur\u00eddico repressor se acha pejado de leis, preceitos e princ\u00edpios, quase todos em fase experimental pela inova\u00e7\u00e3o de seus alcances e pela aplica\u00e7\u00e3o de seus comandos.<\/p>\n<p>No campo legislativo, houve refor\u00e7os substanciais, com a introdu\u00e7\u00e3o de institutos administrativo-penais, dentre os quais se destacam a colabora\u00e7\u00e3o premiada e o acordo de leni\u00eancia, que se prestam a resolver e mediar conflitos entre o Estado, titular do direito de punir, e a pessoa jur\u00eddica, infratora.<\/p>\n<p>Considera-se acordo de colabora\u00e7\u00e3o premiada instrumento de investiga\u00e7\u00e3o criminal pelo qual \u00e9 concedida recompensa legal ao acusado que admite a sua participa\u00e7\u00e3o no delito e contribui de forma eficaz para a resolu\u00e7\u00e3o do crime.<\/p>\n<p>A opera\u00e7\u00e3o jur\u00eddica mediante a qual ocorre a colabora\u00e7\u00e3o premiada guarda mais desconforto e dificuldade na execu\u00e7\u00e3o do que na identifica\u00e7\u00e3o do ambiente em que se celebra o acordo entre o Minist\u00e9rio P\u00fablico e a parte delatora, com a homologa\u00e7\u00e3o do Judici\u00e1rio, interven\u00e7\u00e3o sem a qual se frustra a efic\u00e1cia da dela\u00e7\u00e3o.<\/p>\n<p>J\u00e1 em rela\u00e7\u00e3o ao acordo de leni\u00eancia, avultam-se os problemas acerca dos \u00f3rg\u00e3os envolvidos, aos quais se confere legitimidade para firm\u00e1-lo.<\/p>\n<p>Reputa-se acordo de leni\u00eancia o pacto firmado entre uma entidade estatal e um infrator confesso (pessoa jur\u00eddica ou pessoa f\u00edsica), pelo qual o transgressor compromete-se a cessar a pr\u00e1tica ilegal e a colaborar para as investiga\u00e7\u00f5es em troca da suaviza\u00e7\u00e3o da puni\u00e7\u00e3o ou mesmo a extin\u00e7\u00e3o da pena.<\/p>\n<p>A legitimidade para firmar o acordo de leni\u00eancia, nos casos de atos lesivos \u00e0 Administra\u00e7\u00e3o P\u00fablica, \u00e9 da autoridade m\u00e1xima de cada \u00f3rg\u00e3o ou entidade, sendo que, no \u00e2mbito do Poder Executivo Federal, atribui-se a compet\u00eancia \u00e0 Controladoria-Geral da Uni\u00e3o (CGU), conforme disposto na Lei n\u00ba 12.846\/2013, comumente conhecida como Lei Anticorrup\u00e7\u00e3o.<\/p>\n<p>J\u00e1 especificamente para os crimes contra a ordem econ\u00f4mica, a Lei n\u00ba 12.529\/2011 prev\u00ea a legitimidade do Conselho Administrativo de Defesa Econ\u00f4mica (CADE) para a celebra\u00e7\u00e3o do acordo de leni\u00eancia antitruste com as empresas ou pessoas f\u00edsicas envolvidas em cartel ou em pr\u00e1ticas anticoncorrenciais coletivas.<\/p>\n<p>Tolda-se a compet\u00eancia do Tribunal de Contas da Uni\u00e3o no que se refere \u00e0 celebra\u00e7\u00e3o de acordo de leni\u00eancia, preservado, contudo, o poder de fiscaliza\u00e7\u00e3o das referidas aven\u00e7as quanto \u00e0 sua legalidade, legitimidade e economicidade, desde a manifesta\u00e7\u00e3o do infrator confesso em colaborar com as investiga\u00e7\u00f5es at\u00e9 a aprecia\u00e7\u00e3o dos resultados obtidos com o acordo.<\/p>\n<p>Entretanto, \u00e9 na figura do Minist\u00e9rio P\u00fablico que reside obscuridade quanto \u00e0 legitimidade para a proposi\u00e7\u00e3o dos acordos de leni\u00eancia, em ambiente administrativo, sem jurisdi\u00e7\u00e3o.<\/p>\n<p>Por disposi\u00e7\u00e3o legal, confere-se legitimidade ao CADE e n\u00e3o ao Minist\u00e9rio P\u00fablico, situa\u00e7\u00e3o em decorr\u00eancia da qual a interven\u00e7\u00e3o do <em>parquet<\/em> restaria descartada no \u00e2mbito do processo administrativo.<\/p>\n<p>Contudo, recolha-se como censur\u00e1vel conferir efic\u00e1cia aos efeitos criminais da composi\u00e7\u00e3o de leni\u00eancia no processo administrativo, sem a participa\u00e7\u00e3o do Minist\u00e9rio P\u00fablico.<\/p>\n<p>Trata-se de controv\u00e9rsia muito discutida, com grau de efervesc\u00eancia doutrin\u00e1ria, por for\u00e7a da qual surgiram tr\u00eas compreens\u00f5es distintas acerca da atua\u00e7\u00e3o do Minist\u00e9rio P\u00fablico nos acordos de leni\u00eancia.<\/p>\n<p>A primeira posi\u00e7\u00e3o entende que o Minist\u00e9rio P\u00fablico estaria impedido de ingressar com a a\u00e7\u00e3o criminal, uma vez firmado o acordo na esfera administrativa.<\/p>\n<p>Tal entendimento encontra fundamento na Lei n\u00ba 12.529\/2011, que atribui ao CADE livre motiva\u00e7\u00e3o e livre convencimento para celebrar o acordo com o agente infrator. Por conseguinte, o Minist\u00e9rio P\u00fablico s\u00f3 poderia promover a a\u00e7\u00e3o penal nos casos em que n\u00e3o houvesse a celebra\u00e7\u00e3o de acordo de leni\u00eancia administrativo.<\/p>\n<p>Completamente desarrazoada essa compreens\u00e3o, pois n\u00e3o se pode retirar totalmente a legitimidade, rediga-se, constitucional, do Minist\u00e9rio P\u00fablico com rela\u00e7\u00e3o \u00e0 a\u00e7\u00e3o penal p\u00fablica.<\/p>\n<p>Cuida-se, destarte, de verdadeira afronta \u00e0 vontade do constituinte, em que se viciaria a compet\u00eancia do \u00f3rg\u00e3o ministerial.<\/p>\n<p>O segundo entendimento defende que n\u00e3o pode o legislador olvidar-se que a a\u00e7\u00e3o penal p\u00fablica \u00e9 regida pelos princ\u00edpios da obrigatoriedade e da indisponibilidade, segundo os quais o Minist\u00e9rio P\u00fablico possui o dever legal de promover a persecu\u00e7\u00e3o criminal, n\u00e3o podendo exercer ju\u00edzo de conveni\u00eancia quanto ao oferecimento da den\u00fancia e, uma vez iniciada a a\u00e7\u00e3o penal, n\u00e3o poder\u00e1 o <em>parquet<\/em> dela dispor.<\/p>\n<p>Nesse diapas\u00e3o, a segunda posi\u00e7\u00e3o alega que tais princ\u00edpios justificam o impedimento dos efeitos penais no acordo de leni\u00eancia e, assim, o Minist\u00e9rio P\u00fablico poderia promover a a\u00e7\u00e3o penal mesmo com a celebra\u00e7\u00e3o do acordo na esfera administrativa.<\/p>\n<p>Contudo, esse entendimento gera um verdadeiro desest\u00edmulo para os infratores em realizar o pacto de leni\u00eancia, pois estariam se auto-incriminando em troca de benef\u00edcios apenas na esfera administrativa, sem a garantia da leni\u00eancia penal.<\/p>\n<p>Correm o risco, portanto, de serem denunciados pelo cometimento de crimes contra a ordem econ\u00f4mica e, consequentemente, penalizados, o que afasta o encorajamento dos infratores para colaborar com as investiga\u00e7\u00f5es.<\/p>\n<p>J\u00e1 a terceira posi\u00e7\u00e3o aduz que a celebra\u00e7\u00e3o do acordo de leni\u00eancia imprescinde da consulta e do consentimento do Minist\u00e9rio P\u00fablico para que, ao final do cumprimento do pacto, seja decretada a extin\u00e7\u00e3o da punibilidade do agente.<\/p>\n<p>Ora, diante dos entendimentos mencionados, esse parece o mais razo\u00e1vel, haja vista que, como \u00f3rg\u00e3o constitucionalmente incumbido por promover a a\u00e7\u00e3o penal p\u00fablica, o Minist\u00e9rio P\u00fablico haveria de afian\u00e7ar ou anuir com o acordo de leni\u00eancia, a fim de que se garantam os efeitos do pacto na esfera criminal, ainda mais quando se fala em ren\u00fancia da a\u00e7\u00e3o penal.<\/p>\n<p>Trata-se de uma mitiga\u00e7\u00e3o do princ\u00edpio da obrigatoriedade da a\u00e7\u00e3o penal, sem d\u00favidas.<\/p>\n<p>Contudo, o sistema jur\u00eddico brasileiro j\u00e1 prev\u00ea algumas exce\u00e7\u00f5es ao referido princ\u00edpio, sendo a pr\u00f3pria dela\u00e7\u00e3o premiada, prevista na Lei n\u00ba 12.850\/2013, uma das mais importantes.<\/p>\n<p>O que se vislumbra \u00e9 que o acordo de leni\u00eancia nada mais \u00e9 que uma esp\u00e9cie de dela\u00e7\u00e3o premiada e, por conseguinte, a terceira posi\u00e7\u00e3o \u00e9 a que se demonstra mais plaus\u00edvel para a resolu\u00e7\u00e3o da controv\u00e9rsia exposta, por melhor se adequar ao ordenamento jur\u00eddico e contribuir para a higidez do sistema normativo.<\/p>\n<p>Nesse sentindo, a anu\u00eancia do Minist\u00e9rio P\u00fablico se mostra como elemento que integra a qualidade e efic\u00e1cia do neg\u00f3cio jur\u00eddico do acordo de leni\u00eancia, premissa em decorr\u00eancia da qual se esvai o interesse deste \u00f3rg\u00e3o em propor a\u00e7\u00e3o penal p\u00fablica.<\/p>\n<p>Justifica-se, assim, a mitiga\u00e7\u00e3o do princ\u00edpio da obrigatoriedade da a\u00e7\u00e3o penal em face da participa\u00e7\u00e3o do Minist\u00e9rio P\u00fablico na celebra\u00e7\u00e3o do acordo de leni\u00eancia, suficiente para punir os crimes contra a ordem econ\u00f4mica.<\/p>\n<p>A participa\u00e7\u00e3o do Minist\u00e9rio P\u00fablico na celebra\u00e7\u00e3o do acordo de leni\u00eancia se revela imprescind\u00edvel para assegurar (e refor\u00e7ar) a supremacia do interesse p\u00fablico, pilar do regime jur\u00eddico brasileiro, de forma a garantir a m\u00e1xima efic\u00e1cia \u00e0 vultosa contribui\u00e7\u00e3o do legislador no combate \u00e0s infra\u00e7\u00f5es contra a ordem econ\u00f4mica, que \u00e9 o acordo de leni\u00eancia, e dirimir os conflitos entre os infratores e aquele que tem o dever de punir, o Estado.<\/p>\n","protected":false},"excerpt":{"rendered":"<p>Talita Matias de Oliveira e Luis Carlos Alcoforado Crescem as infra\u00e7\u00f5es contra a ordem econ\u00f4mica, motivo por que se devem garantir ao Estado medidas protetivas e inibit\u00f3rias mais eficazes para assegurar a preserva\u00e7\u00e3o da seguran\u00e7a do regime jur\u00eddico, no combate \u00e0s pr\u00e1ticas infracionais, sem sacrificar, totalmente, a atividade empres\u00e1ria nas suas dimens\u00f5es materiais e imateriais. [&hellip;]<\/p>\n","protected":false},"author":2,"featured_media":116223,"comment_status":"open","ping_status":"closed","sticky":false,"template":"","format":"standard","meta":{"_acf_changed":false,"footnotes":""},"categories":[25],"tags":[],"class_list":["post-116222","post","type-post","status-publish","format-standard","has-post-thumbnail","hentry","category-opina-ai"],"acf":[],"yoast_head":"<!-- This site is optimized with the Yoast SEO plugin v27.5 - https:\/\/yoast.com\/product\/yoast-seo-wordpress\/ -->\n<title>MP encaixa as pe\u00e7as e salva os acordos de leni\u00eancia - Notibras<\/title>\n<meta name=\"robots\" content=\"index, follow, max-snippet:-1, max-image-preview:large, max-video-preview:-1\" \/>\n<link rel=\"canonical\" href=\"https:\/\/www.notibras.com\/site\/mp-encaixa-as-pecas-e-vai-salvando-acordos-de-leniencia\/\" \/>\n<meta property=\"og:locale\" content=\"pt_BR\" \/>\n<meta property=\"og:type\" content=\"article\" \/>\n<meta property=\"og:title\" content=\"MP encaixa as pe\u00e7as e salva os acordos de leni\u00eancia - Notibras\" \/>\n<meta property=\"og:description\" content=\"Talita Matias de Oliveira e Luis Carlos Alcoforado Crescem as infra\u00e7\u00f5es contra a ordem econ\u00f4mica, motivo por que se devem garantir ao Estado medidas protetivas e inibit\u00f3rias mais eficazes para assegurar a preserva\u00e7\u00e3o da seguran\u00e7a do regime jur\u00eddico, no combate \u00e0s pr\u00e1ticas infracionais, sem sacrificar, totalmente, a atividade empres\u00e1ria nas suas dimens\u00f5es materiais e imateriais. [&hellip;]\" \/>\n<meta property=\"og:url\" content=\"https:\/\/www.notibras.com\/site\/mp-encaixa-as-pecas-e-vai-salvando-acordos-de-leniencia\/\" \/>\n<meta property=\"og:site_name\" content=\"Notibras\" \/>\n<meta property=\"article:publisher\" content=\"https:\/\/www.facebook.com\/notibras\/\" \/>\n<meta property=\"article:published_time\" content=\"2016-09-21T21:08:24+00:00\" \/>\n<meta property=\"article:modified_time\" content=\"2016-09-22T10:17:36+00:00\" \/>\n<meta property=\"og:image\" content=\"https:\/\/www.notibras.com\/site\/wp-content\/uploads\/2016\/09\/1-1.jpg\" \/>\n\t<meta property=\"og:image:width\" content=\"1200\" \/>\n\t<meta property=\"og:image:height\" content=\"803\" \/>\n\t<meta property=\"og:image:type\" content=\"image\/jpeg\" \/>\n<meta name=\"author\" content=\"Reda\u00e7\u00e3o\" \/>\n<meta name=\"twitter:card\" content=\"summary_large_image\" \/>\n<meta name=\"twitter:creator\" content=\"@Notibras\" \/>\n<meta name=\"twitter:site\" content=\"@Notibras\" \/>\n<meta name=\"twitter:label1\" content=\"Escrito por\" \/>\n\t<meta name=\"twitter:data1\" content=\"Reda\u00e7\u00e3o\" \/>\n\t<meta name=\"twitter:label2\" content=\"Est. tempo de leitura\" \/>\n\t<meta name=\"twitter:data2\" content=\"7 minutos\" \/>\n<script type=\"application\/ld+json\" class=\"yoast-schema-graph\">{\"@context\":\"https:\\\/\\\/schema.org\",\"@graph\":[{\"@type\":\"Article\",\"@id\":\"https:\\\/\\\/www.notibras.com\\\/site\\\/mp-encaixa-as-pecas-e-vai-salvando-acordos-de-leniencia\\\/#article\",\"isPartOf\":{\"@id\":\"https:\\\/\\\/www.notibras.com\\\/site\\\/mp-encaixa-as-pecas-e-vai-salvando-acordos-de-leniencia\\\/\"},\"author\":{\"name\":\"Reda\u00e7\u00e3o\",\"@id\":\"https:\\\/\\\/www.notibras.com\\\/site\\\/#\\\/schema\\\/person\\\/36ab0979449956132d3e5b517ea76ac8\"},\"headline\":\"MP encaixa as pe\u00e7as e salva os acordos de leni\u00eancia\",\"datePublished\":\"2016-09-21T21:08:24+00:00\",\"dateModified\":\"2016-09-22T10:17:36+00:00\",\"mainEntityOfPage\":{\"@id\":\"https:\\\/\\\/www.notibras.com\\\/site\\\/mp-encaixa-as-pecas-e-vai-salvando-acordos-de-leniencia\\\/\"},\"wordCount\":1355,\"commentCount\":0,\"publisher\":{\"@id\":\"https:\\\/\\\/www.notibras.com\\\/site\\\/#organization\"},\"image\":{\"@id\":\"https:\\\/\\\/www.notibras.com\\\/site\\\/mp-encaixa-as-pecas-e-vai-salvando-acordos-de-leniencia\\\/#primaryimage\"},\"thumbnailUrl\":\"https:\\\/\\\/www.notibras.com\\\/site\\\/wp-content\\\/uploads\\\/2016\\\/09\\\/1-1.jpg\",\"articleSection\":[\"Opina a\u00ed\"],\"inLanguage\":\"pt-BR\",\"potentialAction\":[{\"@type\":\"CommentAction\",\"name\":\"Comment\",\"target\":[\"https:\\\/\\\/www.notibras.com\\\/site\\\/mp-encaixa-as-pecas-e-vai-salvando-acordos-de-leniencia\\\/#respond\"]}]},{\"@type\":\"WebPage\",\"@id\":\"https:\\\/\\\/www.notibras.com\\\/site\\\/mp-encaixa-as-pecas-e-vai-salvando-acordos-de-leniencia\\\/\",\"url\":\"https:\\\/\\\/www.notibras.com\\\/site\\\/mp-encaixa-as-pecas-e-vai-salvando-acordos-de-leniencia\\\/\",\"name\":\"MP encaixa as pe\u00e7as e salva os acordos de leni\u00eancia - Notibras\",\"isPartOf\":{\"@id\":\"https:\\\/\\\/www.notibras.com\\\/site\\\/#website\"},\"primaryImageOfPage\":{\"@id\":\"https:\\\/\\\/www.notibras.com\\\/site\\\/mp-encaixa-as-pecas-e-vai-salvando-acordos-de-leniencia\\\/#primaryimage\"},\"image\":{\"@id\":\"https:\\\/\\\/www.notibras.com\\\/site\\\/mp-encaixa-as-pecas-e-vai-salvando-acordos-de-leniencia\\\/#primaryimage\"},\"thumbnailUrl\":\"https:\\\/\\\/www.notibras.com\\\/site\\\/wp-content\\\/uploads\\\/2016\\\/09\\\/1-1.jpg\",\"datePublished\":\"2016-09-21T21:08:24+00:00\",\"dateModified\":\"2016-09-22T10:17:36+00:00\",\"breadcrumb\":{\"@id\":\"https:\\\/\\\/www.notibras.com\\\/site\\\/mp-encaixa-as-pecas-e-vai-salvando-acordos-de-leniencia\\\/#breadcrumb\"},\"inLanguage\":\"pt-BR\",\"potentialAction\":[{\"@type\":\"ReadAction\",\"target\":[\"https:\\\/\\\/www.notibras.com\\\/site\\\/mp-encaixa-as-pecas-e-vai-salvando-acordos-de-leniencia\\\/\"]}]},{\"@type\":\"ImageObject\",\"inLanguage\":\"pt-BR\",\"@id\":\"https:\\\/\\\/www.notibras.com\\\/site\\\/mp-encaixa-as-pecas-e-vai-salvando-acordos-de-leniencia\\\/#primaryimage\",\"url\":\"https:\\\/\\\/www.notibras.com\\\/site\\\/wp-content\\\/uploads\\\/2016\\\/09\\\/1-1.jpg\",\"contentUrl\":\"https:\\\/\\\/www.notibras.com\\\/site\\\/wp-content\\\/uploads\\\/2016\\\/09\\\/1-1.jpg\",\"width\":1200,\"height\":803},{\"@type\":\"BreadcrumbList\",\"@id\":\"https:\\\/\\\/www.notibras.com\\\/site\\\/mp-encaixa-as-pecas-e-vai-salvando-acordos-de-leniencia\\\/#breadcrumb\",\"itemListElement\":[{\"@type\":\"ListItem\",\"position\":1,\"name\":\"In\u00edcio\",\"item\":\"https:\\\/\\\/www.notibras.com\\\/site\\\/\"},{\"@type\":\"ListItem\",\"position\":2,\"name\":\"MP encaixa as pe\u00e7as e salva os acordos de leni\u00eancia\"}]},{\"@type\":\"WebSite\",\"@id\":\"https:\\\/\\\/www.notibras.com\\\/site\\\/#website\",\"url\":\"https:\\\/\\\/www.notibras.com\\\/site\\\/\",\"name\":\"Notibras\",\"description\":\"Not\u00edcias de Bras\u00edlia, do Brasil e do Mundo\",\"publisher\":{\"@id\":\"https:\\\/\\\/www.notibras.com\\\/site\\\/#organization\"},\"potentialAction\":[{\"@type\":\"SearchAction\",\"target\":{\"@type\":\"EntryPoint\",\"urlTemplate\":\"https:\\\/\\\/www.notibras.com\\\/site\\\/?s={search_term_string}\"},\"query-input\":{\"@type\":\"PropertyValueSpecification\",\"valueRequired\":true,\"valueName\":\"search_term_string\"}}],\"inLanguage\":\"pt-BR\"},{\"@type\":\"Organization\",\"@id\":\"https:\\\/\\\/www.notibras.com\\\/site\\\/#organization\",\"name\":\"Grupo Notibras de Comunica\u00e7\u00e3o\",\"url\":\"https:\\\/\\\/www.notibras.com\\\/site\\\/\",\"logo\":{\"@type\":\"ImageObject\",\"inLanguage\":\"pt-BR\",\"@id\":\"https:\\\/\\\/www.notibras.com\\\/site\\\/#\\\/schema\\\/logo\\\/image\\\/\",\"url\":\"https:\\\/\\\/www.notibras.com\\\/site\\\/wp-content\\\/uploads\\\/2023\\\/01\\\/notibras23.png\",\"contentUrl\":\"https:\\\/\\\/www.notibras.com\\\/site\\\/wp-content\\\/uploads\\\/2023\\\/01\\\/notibras23.png\",\"width\":350,\"height\":87,\"caption\":\"Grupo Notibras de Comunica\u00e7\u00e3o\"},\"image\":{\"@id\":\"https:\\\/\\\/www.notibras.com\\\/site\\\/#\\\/schema\\\/logo\\\/image\\\/\"},\"sameAs\":[\"https:\\\/\\\/www.facebook.com\\\/notibras\\\/\",\"https:\\\/\\\/x.com\\\/Notibras\",\"https:\\\/\\\/www.instagram.com\\\/notibras\\\/\"]},{\"@type\":\"Person\",\"@id\":\"https:\\\/\\\/www.notibras.com\\\/site\\\/#\\\/schema\\\/person\\\/36ab0979449956132d3e5b517ea76ac8\",\"name\":\"Reda\u00e7\u00e3o\",\"image\":{\"@type\":\"ImageObject\",\"inLanguage\":\"pt-BR\",\"@id\":\"https:\\\/\\\/secure.gravatar.com\\\/avatar\\\/e0a867bdedb85fd243eadf09663511f96fc81e0720a4a42581f334ad4303aa6b?s=96&d=mm&r=g\",\"url\":\"https:\\\/\\\/secure.gravatar.com\\\/avatar\\\/e0a867bdedb85fd243eadf09663511f96fc81e0720a4a42581f334ad4303aa6b?s=96&d=mm&r=g\",\"contentUrl\":\"https:\\\/\\\/secure.gravatar.com\\\/avatar\\\/e0a867bdedb85fd243eadf09663511f96fc81e0720a4a42581f334ad4303aa6b?s=96&d=mm&r=g\",\"caption\":\"Reda\u00e7\u00e3o\"}}]}<\/script>\n<!-- \/ Yoast SEO plugin. -->","yoast_head_json":{"title":"MP encaixa as pe\u00e7as e salva os acordos de leni\u00eancia - Notibras","robots":{"index":"index","follow":"follow","max-snippet":"max-snippet:-1","max-image-preview":"max-image-preview:large","max-video-preview":"max-video-preview:-1"},"canonical":"https:\/\/www.notibras.com\/site\/mp-encaixa-as-pecas-e-vai-salvando-acordos-de-leniencia\/","og_locale":"pt_BR","og_type":"article","og_title":"MP encaixa as pe\u00e7as e salva os acordos de leni\u00eancia - Notibras","og_description":"Talita Matias de Oliveira e Luis Carlos Alcoforado Crescem as infra\u00e7\u00f5es contra a ordem econ\u00f4mica, motivo por que se devem garantir ao Estado medidas protetivas e inibit\u00f3rias mais eficazes para assegurar a preserva\u00e7\u00e3o da seguran\u00e7a do regime jur\u00eddico, no combate \u00e0s pr\u00e1ticas infracionais, sem sacrificar, totalmente, a atividade empres\u00e1ria nas suas dimens\u00f5es materiais e imateriais. [&hellip;]","og_url":"https:\/\/www.notibras.com\/site\/mp-encaixa-as-pecas-e-vai-salvando-acordos-de-leniencia\/","og_site_name":"Notibras","article_publisher":"https:\/\/www.facebook.com\/notibras\/","article_published_time":"2016-09-21T21:08:24+00:00","article_modified_time":"2016-09-22T10:17:36+00:00","og_image":[{"width":1200,"height":803,"url":"https:\/\/www.notibras.com\/site\/wp-content\/uploads\/2016\/09\/1-1.jpg","type":"image\/jpeg"}],"author":"Reda\u00e7\u00e3o","twitter_card":"summary_large_image","twitter_creator":"@Notibras","twitter_site":"@Notibras","twitter_misc":{"Escrito por":"Reda\u00e7\u00e3o","Est. tempo de leitura":"7 minutos"},"schema":{"@context":"https:\/\/schema.org","@graph":[{"@type":"Article","@id":"https:\/\/www.notibras.com\/site\/mp-encaixa-as-pecas-e-vai-salvando-acordos-de-leniencia\/#article","isPartOf":{"@id":"https:\/\/www.notibras.com\/site\/mp-encaixa-as-pecas-e-vai-salvando-acordos-de-leniencia\/"},"author":{"name":"Reda\u00e7\u00e3o","@id":"https:\/\/www.notibras.com\/site\/#\/schema\/person\/36ab0979449956132d3e5b517ea76ac8"},"headline":"MP encaixa as pe\u00e7as e salva os acordos de leni\u00eancia","datePublished":"2016-09-21T21:08:24+00:00","dateModified":"2016-09-22T10:17:36+00:00","mainEntityOfPage":{"@id":"https:\/\/www.notibras.com\/site\/mp-encaixa-as-pecas-e-vai-salvando-acordos-de-leniencia\/"},"wordCount":1355,"commentCount":0,"publisher":{"@id":"https:\/\/www.notibras.com\/site\/#organization"},"image":{"@id":"https:\/\/www.notibras.com\/site\/mp-encaixa-as-pecas-e-vai-salvando-acordos-de-leniencia\/#primaryimage"},"thumbnailUrl":"https:\/\/www.notibras.com\/site\/wp-content\/uploads\/2016\/09\/1-1.jpg","articleSection":["Opina a\u00ed"],"inLanguage":"pt-BR","potentialAction":[{"@type":"CommentAction","name":"Comment","target":["https:\/\/www.notibras.com\/site\/mp-encaixa-as-pecas-e-vai-salvando-acordos-de-leniencia\/#respond"]}]},{"@type":"WebPage","@id":"https:\/\/www.notibras.com\/site\/mp-encaixa-as-pecas-e-vai-salvando-acordos-de-leniencia\/","url":"https:\/\/www.notibras.com\/site\/mp-encaixa-as-pecas-e-vai-salvando-acordos-de-leniencia\/","name":"MP encaixa as pe\u00e7as e salva os acordos de leni\u00eancia - Notibras","isPartOf":{"@id":"https:\/\/www.notibras.com\/site\/#website"},"primaryImageOfPage":{"@id":"https:\/\/www.notibras.com\/site\/mp-encaixa-as-pecas-e-vai-salvando-acordos-de-leniencia\/#primaryimage"},"image":{"@id":"https:\/\/www.notibras.com\/site\/mp-encaixa-as-pecas-e-vai-salvando-acordos-de-leniencia\/#primaryimage"},"thumbnailUrl":"https:\/\/www.notibras.com\/site\/wp-content\/uploads\/2016\/09\/1-1.jpg","datePublished":"2016-09-21T21:08:24+00:00","dateModified":"2016-09-22T10:17:36+00:00","breadcrumb":{"@id":"https:\/\/www.notibras.com\/site\/mp-encaixa-as-pecas-e-vai-salvando-acordos-de-leniencia\/#breadcrumb"},"inLanguage":"pt-BR","potentialAction":[{"@type":"ReadAction","target":["https:\/\/www.notibras.com\/site\/mp-encaixa-as-pecas-e-vai-salvando-acordos-de-leniencia\/"]}]},{"@type":"ImageObject","inLanguage":"pt-BR","@id":"https:\/\/www.notibras.com\/site\/mp-encaixa-as-pecas-e-vai-salvando-acordos-de-leniencia\/#primaryimage","url":"https:\/\/www.notibras.com\/site\/wp-content\/uploads\/2016\/09\/1-1.jpg","contentUrl":"https:\/\/www.notibras.com\/site\/wp-content\/uploads\/2016\/09\/1-1.jpg","width":1200,"height":803},{"@type":"BreadcrumbList","@id":"https:\/\/www.notibras.com\/site\/mp-encaixa-as-pecas-e-vai-salvando-acordos-de-leniencia\/#breadcrumb","itemListElement":[{"@type":"ListItem","position":1,"name":"In\u00edcio","item":"https:\/\/www.notibras.com\/site\/"},{"@type":"ListItem","position":2,"name":"MP encaixa as pe\u00e7as e salva os acordos de leni\u00eancia"}]},{"@type":"WebSite","@id":"https:\/\/www.notibras.com\/site\/#website","url":"https:\/\/www.notibras.com\/site\/","name":"Notibras","description":"Not\u00edcias de Bras\u00edlia, do Brasil e do Mundo","publisher":{"@id":"https:\/\/www.notibras.com\/site\/#organization"},"potentialAction":[{"@type":"SearchAction","target":{"@type":"EntryPoint","urlTemplate":"https:\/\/www.notibras.com\/site\/?s={search_term_string}"},"query-input":{"@type":"PropertyValueSpecification","valueRequired":true,"valueName":"search_term_string"}}],"inLanguage":"pt-BR"},{"@type":"Organization","@id":"https:\/\/www.notibras.com\/site\/#organization","name":"Grupo Notibras de Comunica\u00e7\u00e3o","url":"https:\/\/www.notibras.com\/site\/","logo":{"@type":"ImageObject","inLanguage":"pt-BR","@id":"https:\/\/www.notibras.com\/site\/#\/schema\/logo\/image\/","url":"https:\/\/www.notibras.com\/site\/wp-content\/uploads\/2023\/01\/notibras23.png","contentUrl":"https:\/\/www.notibras.com\/site\/wp-content\/uploads\/2023\/01\/notibras23.png","width":350,"height":87,"caption":"Grupo Notibras de Comunica\u00e7\u00e3o"},"image":{"@id":"https:\/\/www.notibras.com\/site\/#\/schema\/logo\/image\/"},"sameAs":["https:\/\/www.facebook.com\/notibras\/","https:\/\/x.com\/Notibras","https:\/\/www.instagram.com\/notibras\/"]},{"@type":"Person","@id":"https:\/\/www.notibras.com\/site\/#\/schema\/person\/36ab0979449956132d3e5b517ea76ac8","name":"Reda\u00e7\u00e3o","image":{"@type":"ImageObject","inLanguage":"pt-BR","@id":"https:\/\/secure.gravatar.com\/avatar\/e0a867bdedb85fd243eadf09663511f96fc81e0720a4a42581f334ad4303aa6b?s=96&d=mm&r=g","url":"https:\/\/secure.gravatar.com\/avatar\/e0a867bdedb85fd243eadf09663511f96fc81e0720a4a42581f334ad4303aa6b?s=96&d=mm&r=g","contentUrl":"https:\/\/secure.gravatar.com\/avatar\/e0a867bdedb85fd243eadf09663511f96fc81e0720a4a42581f334ad4303aa6b?s=96&d=mm&r=g","caption":"Reda\u00e7\u00e3o"}}]}},"amp_enabled":true,"_links":{"self":[{"href":"https:\/\/www.notibras.com\/site\/wp-json\/wp\/v2\/posts\/116222","targetHints":{"allow":["GET"]}}],"collection":[{"href":"https:\/\/www.notibras.com\/site\/wp-json\/wp\/v2\/posts"}],"about":[{"href":"https:\/\/www.notibras.com\/site\/wp-json\/wp\/v2\/types\/post"}],"author":[{"embeddable":true,"href":"https:\/\/www.notibras.com\/site\/wp-json\/wp\/v2\/users\/2"}],"replies":[{"embeddable":true,"href":"https:\/\/www.notibras.com\/site\/wp-json\/wp\/v2\/comments?post=116222"}],"version-history":[{"count":4,"href":"https:\/\/www.notibras.com\/site\/wp-json\/wp\/v2\/posts\/116222\/revisions"}],"predecessor-version":[{"id":116227,"href":"https:\/\/www.notibras.com\/site\/wp-json\/wp\/v2\/posts\/116222\/revisions\/116227"}],"wp:featuredmedia":[{"embeddable":true,"href":"https:\/\/www.notibras.com\/site\/wp-json\/wp\/v2\/media\/116223"}],"wp:attachment":[{"href":"https:\/\/www.notibras.com\/site\/wp-json\/wp\/v2\/media?parent=116222"}],"wp:term":[{"taxonomy":"category","embeddable":true,"href":"https:\/\/www.notibras.com\/site\/wp-json\/wp\/v2\/categories?post=116222"},{"taxonomy":"post_tag","embeddable":true,"href":"https:\/\/www.notibras.com\/site\/wp-json\/wp\/v2\/tags?post=116222"}],"curies":[{"name":"wp","href":"https:\/\/api.w.org\/{rel}","templated":true}]}}