{"id":116363,"date":"2016-09-23T06:15:09","date_gmt":"2016-09-23T09:15:09","guid":{"rendered":"http:\/\/www.notibras.com\/site\/?p=116363"},"modified":"2016-09-23T06:47:30","modified_gmt":"2016-09-23T09:47:30","slug":"quantos-crimes-sao-cometidos-em-teu-nome","status":"publish","type":"post","link":"https:\/\/www.notibras.com\/site\/quantos-crimes-sao-cometidos-em-teu-nome\/","title":{"rendered":"Quantos crimes s\u00e3o cometidos em teu nome"},"content":{"rendered":"<p><strong>Fl\u00e1vio Ferreira<\/strong><\/p>\n<p>Recentemente li texto de articulista &#8211; que se declarou jurista, humanista e defensor dos direitos humanos &#8211; com proposta de classificar como inconstitucional o Artigo 305 do C\u00f3digo de Tr\u00e2nsito Brasileiro, que estabelece penas de deten\u00e7\u00e3o de seis meses a um ano ou multa, para o seguinte comportamento: \u201cAfastar-se o condutor do ve\u00edculo do local do acidente, para fugir \u00e0 responsabilidade penal ou civil que lhe possa ser atribu\u00edda\u201d.<\/p>\n<p>Segundo ele, a exig\u00eancia imposta no referido dispositivo legal fere n\u00e3o s\u00f3 a nossa Constitui\u00e7\u00e3o Federal como a Conven\u00e7\u00e3o Americana de Direitos Humanos que garantem a todos o direito de n\u00e3o produzir prova contra si mesmo e tamb\u00e9m o direito de n\u00e3o se autoincriminar. Embora silente a respeito, seguindo o racioc\u00ednio l\u00f3gico \u00e9 poss\u00edvel concluir que sob as mesmas justificativas, o condutor sequer teria obriga\u00e7\u00e3o de ligar para o servi\u00e7o de emerg\u00eancia, tendo em vista a possibilidade de rastreamento do aparelho.<\/p>\n<p>Inicialmente esclare\u00e7o que a proposta do presente artigo \u00e9 abordar a quest\u00e3o sob a \u00f3tica do humanismo e dos direitos humanos, e, neste sentido, o foco ser\u00e1 a an\u00e1lise dos casos de acidentes com risco humano potencial ou efetivo. Sob este aspecto, \u00e9 preciso ressaltar que o Artigo 305 do CTB foi mal redigido, pois embora a inten\u00e7\u00e3o do condutor ao se evadir do local do acidente, possa ser a de fugir da responsabilidade penal ou civil, na realidade a inten\u00e7\u00e3o do legislador foi a de humanizar as rela\u00e7\u00f5es entre os indiv\u00edduos na sociedade, visando especialmente o bem estar da v\u00edtima.<\/p>\n<p>De fato, nos casos de v\u00edtimas politraumatizadas, condi\u00e7\u00e3o freq\u00fcente nos lesionados em acidentes de tr\u00e2nsito, a rapidez no atendimento m\u00e9dico pode significar a diferen\u00e7a entre a vida e a morte. Ademais, no caso, por exemplo, de atropelamento, frequentemente a equipe m\u00e9dica encontra a v\u00edtima incapacitada para se comunicar ou mesmo desacordada, de maneira que a presen\u00e7a do condutor do ve\u00edculo \u00e9 fundamental para esclarecer os eventos permitindo um atendimento cl\u00ednico mais r\u00e1pido e eficiente do paciente.<\/p>\n<p>Importa acrescentar, ainda, que ao contr\u00e1rio da viol\u00eancia social epid\u00eamica que vivenciamos, na qual a inten\u00e7\u00e3o clara do ofensor \u00e9 causar dano ou matar a v\u00edtima, no caso da viol\u00eancia pr\u00f3pria do tr\u00e2nsito o legislador entendeu que normalmente \u00e9 fruto de neglig\u00eancia, imprud\u00eancia ou imper\u00edcia do condutor, de maneira que o citado dispositivo legal d\u00e1 a ele a oportunidade de praticar um ato de humanidade, minimizando as consequ\u00eancias do evento. Portanto, n\u00e3o h\u00e1 como negar que a norma legal tem claramente cunho de prote\u00e7\u00e3o da pessoa humana.<\/p>\n<p>No caso de um atropelamento, \u00e9 fato que existe um conflito entre o direito a vida e a integridade f\u00edsica da v\u00edtima em oposi\u00e7\u00e3o ao direito do condutor do ve\u00edculo de n\u00e3o produzir prova contra si; entretanto, \u00e9 \u00f3bvio que por sua relev\u00e2ncia, o direito da v\u00edtima deve prevalecer.<\/p>\n<p>A pr\u00f3pria Constitui\u00e7\u00e3o Federal estabelece em seu pre\u00e2mbulo, como um dos valores supremos da na\u00e7\u00e3o brasileira, o direito ao bem-estar do cidad\u00e3o, o que pressup\u00f5e a garantia de sua vida e da sua integridade f\u00edsica, ficando subordinados, portando, todos os demais direitos e garantias constitucionais.<\/p>\n<p>Ademais, \u00e9 fato que na hip\u00f3tese de conflito entre direitos equivalentes &#8211; a vida, por exemplo &#8211; o nosso ordenamento jur\u00eddico ampara e protege a parte vitimada, como no caso cl\u00e1ssico do homic\u00eddio em leg\u00edtima defesa, que \u201cin casu\u201d exclui a ilicitude do ato nos termos do Artigo 23, Inciso II do C\u00f3digo Penal.<\/p>\n<p>Entretanto, o que se observa atualmente \u00e9 que de maneira totalmente il\u00f3gica h\u00e1 uma prioriza\u00e7\u00e3o da defesa dos que agridem as disposi\u00e7\u00f5es legais em detrimento das v\u00edtimas potenciais ou efetivas dessas agress\u00f5es. Sen\u00e3o, vejamos. No momento vivenciamos um aumento significativo de mortes no tr\u00e2nsito provocadas por motoristas alcoolizados. O poder p\u00fablico tenta controlar o problema atrav\u00e9s de campanhas educativas, bem como utilizando medidas legais coercitivas, o que levanta a voz dos defensores das garantias individuais.<\/p>\n<p>No caso, por exemplo, do teste do baf\u00f4metro (etil\u00f4metro), que busca identificar motoristas que fizeram uso de bebidas alco\u00f3licas, s\u00e3o invocados os direitos de n\u00e3o produzir prova contra si, da n\u00e3o autoincrimina\u00e7\u00e3o, a intimidade, da presun\u00e7\u00e3o de inoc\u00eancia e outros. Ora, as a\u00e7\u00f5es do poder p\u00fablico visam antes de tudo, garantir a vida de todos no tr\u00e2nsito, inclusive dos motoristas alcoolizados, uma vez que muitos dos acidentes com v\u00edtima, ceifam a vida dos pr\u00f3prios condutores b\u00eabados.<\/p>\n<p>Assim, o l\u00f3gico seria que os verdadeiros defensores dos direitos humanos e das garantias individuais, lutassem primeiramente em defesa dos direitos primordiais que s\u00e3o a vida e a integridade f\u00edsica das pessoas &#8211; o que seria feito atrav\u00e9s do apoio as medidas do governo visando coibir o uso de bebidas alco\u00f3licas pelos motoristas &#8211; deixando em segundo plano os demais direitos que com estes eventualmente colidissem.<\/p>\n<p>Na verdade, nos parece que h\u00e1 uma verdadeira \u201ccompeti\u00e7\u00e3o\u201d entre os profissionais que esquadrinham com lupa a legisla\u00e7\u00e3o em busca de interpreta\u00e7\u00f5es jur\u00eddicas perform\u00e1ticas, que lancem sombras de inconstitucionalidade e\/ou ilegalidade nas a\u00e7\u00f5es do poder p\u00fablico, inclusive aquelas que visam apenas e t\u00e3o somente garantir par\u00e2metros m\u00ednimos de conviv\u00eancia da pr\u00f3pria sociedade. Isso indica que, infelizmente, no momento atual a pauta \u201cdireitos humanos\u201d nada mais \u00e9 que instrumento ideol\u00f3gico, e, portanto, n\u00e3o abrange a sociedade como um todo, mas est\u00e1 direcionada para favorecer aqueles situados no espectro e\/ou a servi\u00e7o desses ide\u00f3logos. Inseguran\u00e7a p\u00fablica, viol\u00eancia epid\u00eamica e sensa\u00e7\u00e3o de impunidade s\u00e3o alguns reflexos desse problema.<\/p>\n<p>Com isso, acabamos vivenciando uma sociedade norteada por id\u00e9ias equivocadas e contradit\u00f3rias nesta quest\u00e3o de direitos humanos. Sim, \u00e9 equivocada essa perspectiva de an\u00e1lise que busca apenas encontrar brechas legais para defender quem arrosta as disposi\u00e7\u00f5es legais, pois n\u00e3o s\u00f3 n\u00e3o protege a sociedade e\/ou os indiv\u00edduos como tamb\u00e9m em muitos casos sequer \u00e9 ben\u00e9fica para quem infringe a lei.<\/p>\n<p>De fato, no caso de um atropelamento o mais justo seria inculcar no motorista atropelador que o comportamento mais digno e humano \u00e9 ajudar a v\u00edtima, at\u00e9 porque, essa ajuda pode salvar a vida dela, enquanto a omiss\u00e3o de socorro pode conden\u00e1-la a morte. Ora nessa \u00faltima hip\u00f3tese o atropelador responderia penal e civelmente n\u00e3o por les\u00f5es corporais, mas sim, por homic\u00eddio.<\/p>\n<p>Por outro, \u00e9 contradit\u00f3ria com o seu objetivo humanit\u00e1rio. Como explicar para uma v\u00edtima de atropelamento que jaz no asfalto, sangrando e gemendo de dor, que o condutor do ve\u00edculo que a atingiu se evadiu sem prestar socorro, com o benepl\u00e1cito dos juristas humanistas, defensores dos direitos humanos e das garantias individuais?<\/p>\n<p>\u00c9 preciso hierarquizar corretamente direitos e deveres, valorando com responsabilidade o limite entre o individual e o coletivo. Enquanto a mudan\u00e7a de paradigma n\u00e3o ocorrer, as injusti\u00e7as continuar\u00e3o sob o manto dessa pol\u00edtica de direitos humanos.<\/p>\n","protected":false},"excerpt":{"rendered":"<p>Fl\u00e1vio Ferreira Recentemente li texto de articulista &#8211; que se declarou jurista, humanista e defensor dos direitos humanos &#8211; com proposta de classificar como inconstitucional o Artigo 305 do C\u00f3digo de Tr\u00e2nsito Brasileiro, que estabelece penas de deten\u00e7\u00e3o de seis meses a um ano ou multa, para o seguinte comportamento: \u201cAfastar-se o condutor do ve\u00edculo [&hellip;]<\/p>\n","protected":false},"author":2,"featured_media":116364,"comment_status":"open","ping_status":"closed","sticky":false,"template":"","format":"standard","meta":{"_acf_changed":false,"footnotes":""},"categories":[25],"tags":[],"class_list":["post-116363","post","type-post","status-publish","format-standard","has-post-thumbnail","hentry","category-opina-ai"],"acf":[],"yoast_head":"<!-- This site is optimized with the Yoast SEO plugin v27.5 - https:\/\/yoast.com\/product\/yoast-seo-wordpress\/ -->\n<title>Quantos crimes s\u00e3o cometidos em teu nome - Notibras<\/title>\n<meta name=\"robots\" content=\"index, follow, max-snippet:-1, max-image-preview:large, max-video-preview:-1\" \/>\n<link rel=\"canonical\" href=\"https:\/\/www.notibras.com\/site\/quantos-crimes-sao-cometidos-em-teu-nome\/\" \/>\n<meta property=\"og:locale\" content=\"pt_BR\" \/>\n<meta property=\"og:type\" content=\"article\" \/>\n<meta property=\"og:title\" content=\"Quantos crimes s\u00e3o cometidos em teu nome - Notibras\" \/>\n<meta property=\"og:description\" content=\"Fl\u00e1vio Ferreira Recentemente li texto de articulista &#8211; que se declarou jurista, humanista e defensor dos direitos humanos &#8211; com proposta de classificar como inconstitucional o Artigo 305 do C\u00f3digo de Tr\u00e2nsito Brasileiro, que estabelece penas de deten\u00e7\u00e3o de seis meses a um ano ou multa, para o seguinte comportamento: \u201cAfastar-se o condutor do ve\u00edculo [&hellip;]\" \/>\n<meta property=\"og:url\" content=\"https:\/\/www.notibras.com\/site\/quantos-crimes-sao-cometidos-em-teu-nome\/\" \/>\n<meta property=\"og:site_name\" content=\"Notibras\" \/>\n<meta property=\"article:publisher\" content=\"https:\/\/www.facebook.com\/notibras\/\" \/>\n<meta property=\"article:published_time\" content=\"2016-09-23T09:15:09+00:00\" \/>\n<meta property=\"article:modified_time\" content=\"2016-09-23T09:47:30+00:00\" \/>\n<meta property=\"og:image\" content=\"https:\/\/www.notibras.com\/site\/wp-content\/uploads\/2016\/09\/atropelamento.jpg\" \/>\n\t<meta property=\"og:image:width\" content=\"640\" \/>\n\t<meta property=\"og:image:height\" content=\"586\" \/>\n\t<meta property=\"og:image:type\" content=\"image\/jpeg\" \/>\n<meta name=\"author\" content=\"Reda\u00e7\u00e3o\" \/>\n<meta name=\"twitter:card\" content=\"summary_large_image\" \/>\n<meta name=\"twitter:creator\" content=\"@Notibras\" \/>\n<meta name=\"twitter:site\" content=\"@Notibras\" \/>\n<meta name=\"twitter:label1\" content=\"Escrito por\" \/>\n\t<meta name=\"twitter:data1\" content=\"Reda\u00e7\u00e3o\" \/>\n\t<meta name=\"twitter:label2\" content=\"Est. tempo de leitura\" \/>\n\t<meta name=\"twitter:data2\" content=\"6 minutos\" \/>\n<script type=\"application\/ld+json\" class=\"yoast-schema-graph\">{\"@context\":\"https:\\\/\\\/schema.org\",\"@graph\":[{\"@type\":\"Article\",\"@id\":\"https:\\\/\\\/www.notibras.com\\\/site\\\/quantos-crimes-sao-cometidos-em-teu-nome\\\/#article\",\"isPartOf\":{\"@id\":\"https:\\\/\\\/www.notibras.com\\\/site\\\/quantos-crimes-sao-cometidos-em-teu-nome\\\/\"},\"author\":{\"name\":\"Reda\u00e7\u00e3o\",\"@id\":\"https:\\\/\\\/www.notibras.com\\\/site\\\/#\\\/schema\\\/person\\\/36ab0979449956132d3e5b517ea76ac8\"},\"headline\":\"Quantos crimes s\u00e3o cometidos em teu nome\",\"datePublished\":\"2016-09-23T09:15:09+00:00\",\"dateModified\":\"2016-09-23T09:47:30+00:00\",\"mainEntityOfPage\":{\"@id\":\"https:\\\/\\\/www.notibras.com\\\/site\\\/quantos-crimes-sao-cometidos-em-teu-nome\\\/\"},\"wordCount\":1238,\"commentCount\":0,\"publisher\":{\"@id\":\"https:\\\/\\\/www.notibras.com\\\/site\\\/#organization\"},\"image\":{\"@id\":\"https:\\\/\\\/www.notibras.com\\\/site\\\/quantos-crimes-sao-cometidos-em-teu-nome\\\/#primaryimage\"},\"thumbnailUrl\":\"https:\\\/\\\/www.notibras.com\\\/site\\\/wp-content\\\/uploads\\\/2016\\\/09\\\/atropelamento.jpg\",\"articleSection\":[\"Opina a\u00ed\"],\"inLanguage\":\"pt-BR\",\"potentialAction\":[{\"@type\":\"CommentAction\",\"name\":\"Comment\",\"target\":[\"https:\\\/\\\/www.notibras.com\\\/site\\\/quantos-crimes-sao-cometidos-em-teu-nome\\\/#respond\"]}]},{\"@type\":\"WebPage\",\"@id\":\"https:\\\/\\\/www.notibras.com\\\/site\\\/quantos-crimes-sao-cometidos-em-teu-nome\\\/\",\"url\":\"https:\\\/\\\/www.notibras.com\\\/site\\\/quantos-crimes-sao-cometidos-em-teu-nome\\\/\",\"name\":\"Quantos crimes s\u00e3o cometidos em teu nome - Notibras\",\"isPartOf\":{\"@id\":\"https:\\\/\\\/www.notibras.com\\\/site\\\/#website\"},\"primaryImageOfPage\":{\"@id\":\"https:\\\/\\\/www.notibras.com\\\/site\\\/quantos-crimes-sao-cometidos-em-teu-nome\\\/#primaryimage\"},\"image\":{\"@id\":\"https:\\\/\\\/www.notibras.com\\\/site\\\/quantos-crimes-sao-cometidos-em-teu-nome\\\/#primaryimage\"},\"thumbnailUrl\":\"https:\\\/\\\/www.notibras.com\\\/site\\\/wp-content\\\/uploads\\\/2016\\\/09\\\/atropelamento.jpg\",\"datePublished\":\"2016-09-23T09:15:09+00:00\",\"dateModified\":\"2016-09-23T09:47:30+00:00\",\"breadcrumb\":{\"@id\":\"https:\\\/\\\/www.notibras.com\\\/site\\\/quantos-crimes-sao-cometidos-em-teu-nome\\\/#breadcrumb\"},\"inLanguage\":\"pt-BR\",\"potentialAction\":[{\"@type\":\"ReadAction\",\"target\":[\"https:\\\/\\\/www.notibras.com\\\/site\\\/quantos-crimes-sao-cometidos-em-teu-nome\\\/\"]}]},{\"@type\":\"ImageObject\",\"inLanguage\":\"pt-BR\",\"@id\":\"https:\\\/\\\/www.notibras.com\\\/site\\\/quantos-crimes-sao-cometidos-em-teu-nome\\\/#primaryimage\",\"url\":\"https:\\\/\\\/www.notibras.com\\\/site\\\/wp-content\\\/uploads\\\/2016\\\/09\\\/atropelamento.jpg\",\"contentUrl\":\"https:\\\/\\\/www.notibras.com\\\/site\\\/wp-content\\\/uploads\\\/2016\\\/09\\\/atropelamento.jpg\",\"width\":640,\"height\":586},{\"@type\":\"BreadcrumbList\",\"@id\":\"https:\\\/\\\/www.notibras.com\\\/site\\\/quantos-crimes-sao-cometidos-em-teu-nome\\\/#breadcrumb\",\"itemListElement\":[{\"@type\":\"ListItem\",\"position\":1,\"name\":\"In\u00edcio\",\"item\":\"https:\\\/\\\/www.notibras.com\\\/site\\\/\"},{\"@type\":\"ListItem\",\"position\":2,\"name\":\"Quantos crimes s\u00e3o cometidos em teu nome\"}]},{\"@type\":\"WebSite\",\"@id\":\"https:\\\/\\\/www.notibras.com\\\/site\\\/#website\",\"url\":\"https:\\\/\\\/www.notibras.com\\\/site\\\/\",\"name\":\"Notibras\",\"description\":\"Not\u00edcias de Bras\u00edlia, do Brasil e do Mundo\",\"publisher\":{\"@id\":\"https:\\\/\\\/www.notibras.com\\\/site\\\/#organization\"},\"potentialAction\":[{\"@type\":\"SearchAction\",\"target\":{\"@type\":\"EntryPoint\",\"urlTemplate\":\"https:\\\/\\\/www.notibras.com\\\/site\\\/?s={search_term_string}\"},\"query-input\":{\"@type\":\"PropertyValueSpecification\",\"valueRequired\":true,\"valueName\":\"search_term_string\"}}],\"inLanguage\":\"pt-BR\"},{\"@type\":\"Organization\",\"@id\":\"https:\\\/\\\/www.notibras.com\\\/site\\\/#organization\",\"name\":\"Grupo Notibras de Comunica\u00e7\u00e3o\",\"url\":\"https:\\\/\\\/www.notibras.com\\\/site\\\/\",\"logo\":{\"@type\":\"ImageObject\",\"inLanguage\":\"pt-BR\",\"@id\":\"https:\\\/\\\/www.notibras.com\\\/site\\\/#\\\/schema\\\/logo\\\/image\\\/\",\"url\":\"https:\\\/\\\/www.notibras.com\\\/site\\\/wp-content\\\/uploads\\\/2023\\\/01\\\/notibras23.png\",\"contentUrl\":\"https:\\\/\\\/www.notibras.com\\\/site\\\/wp-content\\\/uploads\\\/2023\\\/01\\\/notibras23.png\",\"width\":350,\"height\":87,\"caption\":\"Grupo Notibras de Comunica\u00e7\u00e3o\"},\"image\":{\"@id\":\"https:\\\/\\\/www.notibras.com\\\/site\\\/#\\\/schema\\\/logo\\\/image\\\/\"},\"sameAs\":[\"https:\\\/\\\/www.facebook.com\\\/notibras\\\/\",\"https:\\\/\\\/x.com\\\/Notibras\",\"https:\\\/\\\/www.instagram.com\\\/notibras\\\/\"]},{\"@type\":\"Person\",\"@id\":\"https:\\\/\\\/www.notibras.com\\\/site\\\/#\\\/schema\\\/person\\\/36ab0979449956132d3e5b517ea76ac8\",\"name\":\"Reda\u00e7\u00e3o\",\"image\":{\"@type\":\"ImageObject\",\"inLanguage\":\"pt-BR\",\"@id\":\"https:\\\/\\\/secure.gravatar.com\\\/avatar\\\/e0a867bdedb85fd243eadf09663511f96fc81e0720a4a42581f334ad4303aa6b?s=96&d=mm&r=g\",\"url\":\"https:\\\/\\\/secure.gravatar.com\\\/avatar\\\/e0a867bdedb85fd243eadf09663511f96fc81e0720a4a42581f334ad4303aa6b?s=96&d=mm&r=g\",\"contentUrl\":\"https:\\\/\\\/secure.gravatar.com\\\/avatar\\\/e0a867bdedb85fd243eadf09663511f96fc81e0720a4a42581f334ad4303aa6b?s=96&d=mm&r=g\",\"caption\":\"Reda\u00e7\u00e3o\"}}]}<\/script>\n<!-- \/ Yoast SEO plugin. -->","yoast_head_json":{"title":"Quantos crimes s\u00e3o cometidos em teu nome - Notibras","robots":{"index":"index","follow":"follow","max-snippet":"max-snippet:-1","max-image-preview":"max-image-preview:large","max-video-preview":"max-video-preview:-1"},"canonical":"https:\/\/www.notibras.com\/site\/quantos-crimes-sao-cometidos-em-teu-nome\/","og_locale":"pt_BR","og_type":"article","og_title":"Quantos crimes s\u00e3o cometidos em teu nome - Notibras","og_description":"Fl\u00e1vio Ferreira Recentemente li texto de articulista &#8211; que se declarou jurista, humanista e defensor dos direitos humanos &#8211; com proposta de classificar como inconstitucional o Artigo 305 do C\u00f3digo de Tr\u00e2nsito Brasileiro, que estabelece penas de deten\u00e7\u00e3o de seis meses a um ano ou multa, para o seguinte comportamento: \u201cAfastar-se o condutor do ve\u00edculo [&hellip;]","og_url":"https:\/\/www.notibras.com\/site\/quantos-crimes-sao-cometidos-em-teu-nome\/","og_site_name":"Notibras","article_publisher":"https:\/\/www.facebook.com\/notibras\/","article_published_time":"2016-09-23T09:15:09+00:00","article_modified_time":"2016-09-23T09:47:30+00:00","og_image":[{"width":640,"height":586,"url":"https:\/\/www.notibras.com\/site\/wp-content\/uploads\/2016\/09\/atropelamento.jpg","type":"image\/jpeg"}],"author":"Reda\u00e7\u00e3o","twitter_card":"summary_large_image","twitter_creator":"@Notibras","twitter_site":"@Notibras","twitter_misc":{"Escrito por":"Reda\u00e7\u00e3o","Est. tempo de leitura":"6 minutos"},"schema":{"@context":"https:\/\/schema.org","@graph":[{"@type":"Article","@id":"https:\/\/www.notibras.com\/site\/quantos-crimes-sao-cometidos-em-teu-nome\/#article","isPartOf":{"@id":"https:\/\/www.notibras.com\/site\/quantos-crimes-sao-cometidos-em-teu-nome\/"},"author":{"name":"Reda\u00e7\u00e3o","@id":"https:\/\/www.notibras.com\/site\/#\/schema\/person\/36ab0979449956132d3e5b517ea76ac8"},"headline":"Quantos crimes s\u00e3o cometidos em teu nome","datePublished":"2016-09-23T09:15:09+00:00","dateModified":"2016-09-23T09:47:30+00:00","mainEntityOfPage":{"@id":"https:\/\/www.notibras.com\/site\/quantos-crimes-sao-cometidos-em-teu-nome\/"},"wordCount":1238,"commentCount":0,"publisher":{"@id":"https:\/\/www.notibras.com\/site\/#organization"},"image":{"@id":"https:\/\/www.notibras.com\/site\/quantos-crimes-sao-cometidos-em-teu-nome\/#primaryimage"},"thumbnailUrl":"https:\/\/www.notibras.com\/site\/wp-content\/uploads\/2016\/09\/atropelamento.jpg","articleSection":["Opina a\u00ed"],"inLanguage":"pt-BR","potentialAction":[{"@type":"CommentAction","name":"Comment","target":["https:\/\/www.notibras.com\/site\/quantos-crimes-sao-cometidos-em-teu-nome\/#respond"]}]},{"@type":"WebPage","@id":"https:\/\/www.notibras.com\/site\/quantos-crimes-sao-cometidos-em-teu-nome\/","url":"https:\/\/www.notibras.com\/site\/quantos-crimes-sao-cometidos-em-teu-nome\/","name":"Quantos crimes s\u00e3o cometidos em teu nome - Notibras","isPartOf":{"@id":"https:\/\/www.notibras.com\/site\/#website"},"primaryImageOfPage":{"@id":"https:\/\/www.notibras.com\/site\/quantos-crimes-sao-cometidos-em-teu-nome\/#primaryimage"},"image":{"@id":"https:\/\/www.notibras.com\/site\/quantos-crimes-sao-cometidos-em-teu-nome\/#primaryimage"},"thumbnailUrl":"https:\/\/www.notibras.com\/site\/wp-content\/uploads\/2016\/09\/atropelamento.jpg","datePublished":"2016-09-23T09:15:09+00:00","dateModified":"2016-09-23T09:47:30+00:00","breadcrumb":{"@id":"https:\/\/www.notibras.com\/site\/quantos-crimes-sao-cometidos-em-teu-nome\/#breadcrumb"},"inLanguage":"pt-BR","potentialAction":[{"@type":"ReadAction","target":["https:\/\/www.notibras.com\/site\/quantos-crimes-sao-cometidos-em-teu-nome\/"]}]},{"@type":"ImageObject","inLanguage":"pt-BR","@id":"https:\/\/www.notibras.com\/site\/quantos-crimes-sao-cometidos-em-teu-nome\/#primaryimage","url":"https:\/\/www.notibras.com\/site\/wp-content\/uploads\/2016\/09\/atropelamento.jpg","contentUrl":"https:\/\/www.notibras.com\/site\/wp-content\/uploads\/2016\/09\/atropelamento.jpg","width":640,"height":586},{"@type":"BreadcrumbList","@id":"https:\/\/www.notibras.com\/site\/quantos-crimes-sao-cometidos-em-teu-nome\/#breadcrumb","itemListElement":[{"@type":"ListItem","position":1,"name":"In\u00edcio","item":"https:\/\/www.notibras.com\/site\/"},{"@type":"ListItem","position":2,"name":"Quantos crimes s\u00e3o cometidos em teu nome"}]},{"@type":"WebSite","@id":"https:\/\/www.notibras.com\/site\/#website","url":"https:\/\/www.notibras.com\/site\/","name":"Notibras","description":"Not\u00edcias de Bras\u00edlia, do Brasil e do Mundo","publisher":{"@id":"https:\/\/www.notibras.com\/site\/#organization"},"potentialAction":[{"@type":"SearchAction","target":{"@type":"EntryPoint","urlTemplate":"https:\/\/www.notibras.com\/site\/?s={search_term_string}"},"query-input":{"@type":"PropertyValueSpecification","valueRequired":true,"valueName":"search_term_string"}}],"inLanguage":"pt-BR"},{"@type":"Organization","@id":"https:\/\/www.notibras.com\/site\/#organization","name":"Grupo Notibras de Comunica\u00e7\u00e3o","url":"https:\/\/www.notibras.com\/site\/","logo":{"@type":"ImageObject","inLanguage":"pt-BR","@id":"https:\/\/www.notibras.com\/site\/#\/schema\/logo\/image\/","url":"https:\/\/www.notibras.com\/site\/wp-content\/uploads\/2023\/01\/notibras23.png","contentUrl":"https:\/\/www.notibras.com\/site\/wp-content\/uploads\/2023\/01\/notibras23.png","width":350,"height":87,"caption":"Grupo Notibras de Comunica\u00e7\u00e3o"},"image":{"@id":"https:\/\/www.notibras.com\/site\/#\/schema\/logo\/image\/"},"sameAs":["https:\/\/www.facebook.com\/notibras\/","https:\/\/x.com\/Notibras","https:\/\/www.instagram.com\/notibras\/"]},{"@type":"Person","@id":"https:\/\/www.notibras.com\/site\/#\/schema\/person\/36ab0979449956132d3e5b517ea76ac8","name":"Reda\u00e7\u00e3o","image":{"@type":"ImageObject","inLanguage":"pt-BR","@id":"https:\/\/secure.gravatar.com\/avatar\/e0a867bdedb85fd243eadf09663511f96fc81e0720a4a42581f334ad4303aa6b?s=96&d=mm&r=g","url":"https:\/\/secure.gravatar.com\/avatar\/e0a867bdedb85fd243eadf09663511f96fc81e0720a4a42581f334ad4303aa6b?s=96&d=mm&r=g","contentUrl":"https:\/\/secure.gravatar.com\/avatar\/e0a867bdedb85fd243eadf09663511f96fc81e0720a4a42581f334ad4303aa6b?s=96&d=mm&r=g","caption":"Reda\u00e7\u00e3o"}}]}},"amp_enabled":true,"_links":{"self":[{"href":"https:\/\/www.notibras.com\/site\/wp-json\/wp\/v2\/posts\/116363","targetHints":{"allow":["GET"]}}],"collection":[{"href":"https:\/\/www.notibras.com\/site\/wp-json\/wp\/v2\/posts"}],"about":[{"href":"https:\/\/www.notibras.com\/site\/wp-json\/wp\/v2\/types\/post"}],"author":[{"embeddable":true,"href":"https:\/\/www.notibras.com\/site\/wp-json\/wp\/v2\/users\/2"}],"replies":[{"embeddable":true,"href":"https:\/\/www.notibras.com\/site\/wp-json\/wp\/v2\/comments?post=116363"}],"version-history":[{"count":1,"href":"https:\/\/www.notibras.com\/site\/wp-json\/wp\/v2\/posts\/116363\/revisions"}],"predecessor-version":[{"id":116365,"href":"https:\/\/www.notibras.com\/site\/wp-json\/wp\/v2\/posts\/116363\/revisions\/116365"}],"wp:featuredmedia":[{"embeddable":true,"href":"https:\/\/www.notibras.com\/site\/wp-json\/wp\/v2\/media\/116364"}],"wp:attachment":[{"href":"https:\/\/www.notibras.com\/site\/wp-json\/wp\/v2\/media?parent=116363"}],"wp:term":[{"taxonomy":"category","embeddable":true,"href":"https:\/\/www.notibras.com\/site\/wp-json\/wp\/v2\/categories?post=116363"},{"taxonomy":"post_tag","embeddable":true,"href":"https:\/\/www.notibras.com\/site\/wp-json\/wp\/v2\/tags?post=116363"}],"curies":[{"name":"wp","href":"https:\/\/api.w.org\/{rel}","templated":true}]}}