{"id":116668,"date":"2016-09-26T04:00:10","date_gmt":"2016-09-26T07:00:10","guid":{"rendered":"http:\/\/www.notibras.com\/site\/?p=116668"},"modified":"2016-09-26T04:52:31","modified_gmt":"2016-09-26T07:52:31","slug":"estado-tem-obrigacao-de-resgatar-estudantes","status":"publish","type":"post","link":"https:\/\/www.notibras.com\/site\/estado-tem-obrigacao-de-resgatar-estudantes\/","title":{"rendered":"Estado tem obriga\u00e7\u00e3o de resgatar estudantes"},"content":{"rendered":"<p><strong>Gary Stahl<\/strong><\/p>\n<p>A divulga\u00e7\u00e3o do Ideb (\u00cdndice de Desenvolvimento da Educa\u00e7\u00e3o B\u00e1sica) revela um cen\u00e1rio preocupante: os adolescentes e os jovens brasileiros n\u00e3o est\u00e3o desenvolvendo nem metade de seus potenciais de aprendizagem. Nos anos finais do ensino fundamental, o pa\u00eds tem nota 4,5. J\u00e1 no ensino m\u00e9dio, o cen\u00e1rio \u00e9 ainda mais grave, visto que, h\u00e1 quatro anos, o Ideb n\u00e3o ultrapassa os 3,7.<\/p>\n<p>Embora o Ideb n\u00e3o possa ser usado como \u00fanico indicador para analisar o cen\u00e1rio educacional brasileiro, ele traz importantes alertas que precisam ser levados em conta. Os n\u00fameros mostram que a melhoria do acesso \u00e0 escola \u2013conquista que o Brasil n\u00e3o deve abrir m\u00e3o\u2013 n\u00e3o veio acompanhada da qualidade necess\u00e1ria. O pa\u00eds ainda tem uma grande d\u00edvida social com suas crian\u00e7as e, em especial, com os adolescentes. S\u00e3o estes os que mais sofrem com a baixa qualidade do ensino.<\/p>\n<p>Os dados que foram divulgados confirmam um alerta que o Unicef (Fundo das Na\u00e7\u00f5es Unidas para a Inf\u00e2ncia) vem fazendo nos \u00faltimos dez anos: os investimentos na primeira inf\u00e2ncia s\u00f3 se consolidam se forem mantidos nas demais etapas da vida. O foco na inf\u00e2ncia \u00e9 essencial para o desenvolvimento humano, e \u00e9 preciso investir mais e com mais efici\u00eancia.<\/p>\n<p>Na educa\u00e7\u00e3o, estamos diante de uma situa\u00e7\u00e3o em que as melhorias produzidas nos anos iniciais do ensino fundamental \u2013que v\u00e3o do 1\u00ba ao 5\u00ba ano\u2013 n\u00e3o s\u00e3o observadas nas etapas seguintes. Baixos n\u00edveis de aprendizagem, altos \u00edndices de distor\u00e7\u00e3o idade-s\u00e9rie (atraso escolar), abandono e evas\u00e3o fazem parte do atual cen\u00e1rio a que s\u00e3o expostos adolescentes e jovens.<\/p>\n<p>Para muitos, a escola n\u00e3o \u00e9 atrativa. Falta conex\u00e3o entre aquilo que se aprende nas salas de aula com um projeto de vida junto da realidade desses meninos e meninas. Prova disso s\u00e3o as in\u00fameras ocupa\u00e7\u00f5es de escolas que t\u00eam sido vistas pelo pa\u00eds, desde o final de 2015. Ao mesmo tempo, falta investimento nos professores e na valoriza\u00e7\u00e3o da carreira docente, na infraestrutura escolar e tamb\u00e9m no desenvolvimento e na dissemina\u00e7\u00e3o de boas pr\u00e1ticas e de pesquisas pedag\u00f3gicas.<\/p>\n<p>\u00c9 preciso dar aten\u00e7\u00e3o \u00e0s crian\u00e7as e aos adolescentes que est\u00e3o fora da escola, sendo a maioria oriunda de popula\u00e7\u00f5es vulner\u00e1veis. S\u00e3o meninos e meninas negros, ind\u00edgenas, quilombolas, pobres, do campo, sob risco de viol\u00eancia e de explora\u00e7\u00e3o e\/ou com defici\u00eancia. \u00c9 preciso tamb\u00e9m olhar para as crian\u00e7as e para os adolescentes que, dentro da escola, n\u00e3o t\u00eam garantido seu direito de aprender devido a diversas raz\u00f5es e vulnerabilidades. Um dos principais fatores de risco para a perman\u00eancia das crian\u00e7as na escola \u00e9 o fracasso escolar, representado pela repet\u00eancia, o que provoca elevadas taxas de distor\u00e7\u00e3o idade-s\u00e9rie.<\/p>\n<p>O pa\u00eds tem o dever de garantir a aprendizagem de quem est\u00e1 na escola e trazer de volta aqueles que desistiram. Por\u00e9m, n\u00e3o basta resgatar esses adolescentes e jovens e oferecer a eles o mesmo modelo de ensino. \u00c9 preciso fazer da escola um espa\u00e7o de cultura que respeite as linguagens e as din\u00e2micas dos meninos e das meninas que est\u00e3o nessa etapa de escolariza\u00e7\u00e3o. A escola tem que se voltar mais \u00e0 intera\u00e7\u00e3o e \u00e0s pr\u00e1ticas pedag\u00f3gicas capazes de estimular essa gera\u00e7\u00e3o a contribuir para o desafio de construir um ensino m\u00e9dio de qualidade, algo t\u00e3o essencial para o Brasil.<\/p>\n<p>Para todas as etapas, vale o mesmo princ\u00edpio: valoriza\u00e7\u00e3o dos professores, mais investimento, mais consist\u00eancia pedag\u00f3gica, e mais comprometimento pol\u00edtico. Nesse sentido, a melhor representa\u00e7\u00e3o da vontade pol\u00edtica de um governo n\u00e3o \u00e9 o n\u00famero de projetos de lei aprovados para incluir ou para proibir conte\u00fados nas escolas, mas a quantidade de recursos realmente investidos para fazer acontecer as mudan\u00e7as necess\u00e1rias na educa\u00e7\u00e3o, que s\u00e3o a base para um desenvolvimento sustent\u00e1vel de, sem exce\u00e7\u00e3o, qualquer na\u00e7\u00e3o.<\/p>\n<p>N\u00e3o h\u00e1 solu\u00e7\u00f5es m\u00e1gicas. Trata-se de medidas conhecidas, que come\u00e7am pela garantia da universaliza\u00e7\u00e3o do acesso a todos os ciclos da educa\u00e7\u00e3o b\u00e1sica. Contudo, o Unicef est\u00e1 convencido de que essa universaliza\u00e7\u00e3o apenas se tornar\u00e1 realidade com uma educa\u00e7\u00e3o de qualidade que, por sua vez, s\u00f3 ser\u00e1 poss\u00edvel com investimentos, com a produ\u00e7\u00e3o de conhecimento e, \u00e9 claro, com o envolvimento da comunidade e a participa\u00e7\u00e3o ativa dos estudantes. A educa\u00e7\u00e3o de qualidade para cada crian\u00e7a e cada adolescente precisa ser, de fato, uma prioridade nacional.<\/p>\n","protected":false},"excerpt":{"rendered":"<p>Gary Stahl A divulga\u00e7\u00e3o do Ideb (\u00cdndice de Desenvolvimento da Educa\u00e7\u00e3o B\u00e1sica) revela um cen\u00e1rio preocupante: os adolescentes e os jovens brasileiros n\u00e3o est\u00e3o desenvolvendo nem metade de seus potenciais de aprendizagem. Nos anos finais do ensino fundamental, o pa\u00eds tem nota 4,5. J\u00e1 no ensino m\u00e9dio, o cen\u00e1rio \u00e9 ainda mais grave, visto que, [&hellip;]<\/p>\n","protected":false},"author":2,"featured_media":116678,"comment_status":"open","ping_status":"closed","sticky":false,"template":"","format":"standard","meta":{"_acf_changed":false,"footnotes":""},"categories":[25],"tags":[],"class_list":["post-116668","post","type-post","status-publish","format-standard","has-post-thumbnail","hentry","category-opina-ai"],"acf":[],"yoast_head":"<!-- This site is optimized with the Yoast SEO plugin v27.5 - https:\/\/yoast.com\/product\/yoast-seo-wordpress\/ -->\n<title>Estado tem obriga\u00e7\u00e3o de resgatar estudantes - Notibras<\/title>\n<meta name=\"robots\" content=\"index, follow, max-snippet:-1, max-image-preview:large, max-video-preview:-1\" \/>\n<link rel=\"canonical\" href=\"https:\/\/www.notibras.com\/site\/estado-tem-obrigacao-de-resgatar-estudantes\/\" \/>\n<meta property=\"og:locale\" content=\"pt_BR\" \/>\n<meta property=\"og:type\" content=\"article\" \/>\n<meta property=\"og:title\" content=\"Estado tem obriga\u00e7\u00e3o de resgatar estudantes - Notibras\" \/>\n<meta property=\"og:description\" content=\"Gary Stahl A divulga\u00e7\u00e3o do Ideb (\u00cdndice de Desenvolvimento da Educa\u00e7\u00e3o B\u00e1sica) revela um cen\u00e1rio preocupante: os adolescentes e os jovens brasileiros n\u00e3o est\u00e3o desenvolvendo nem metade de seus potenciais de aprendizagem. Nos anos finais do ensino fundamental, o pa\u00eds tem nota 4,5. J\u00e1 no ensino m\u00e9dio, o cen\u00e1rio \u00e9 ainda mais grave, visto que, [&hellip;]\" \/>\n<meta property=\"og:url\" content=\"https:\/\/www.notibras.com\/site\/estado-tem-obrigacao-de-resgatar-estudantes\/\" \/>\n<meta property=\"og:site_name\" content=\"Notibras\" \/>\n<meta property=\"article:publisher\" content=\"https:\/\/www.facebook.com\/notibras\/\" \/>\n<meta property=\"article:published_time\" content=\"2016-09-26T07:00:10+00:00\" \/>\n<meta property=\"article:modified_time\" content=\"2016-09-26T07:52:31+00:00\" \/>\n<meta property=\"og:image\" content=\"https:\/\/www.notibras.com\/site\/wp-content\/uploads\/2016\/09\/alunosSaladeAula.jpg\" \/>\n\t<meta property=\"og:image:width\" content=\"588\" \/>\n\t<meta property=\"og:image:height\" content=\"360\" \/>\n\t<meta property=\"og:image:type\" content=\"image\/jpeg\" \/>\n<meta name=\"author\" content=\"Reda\u00e7\u00e3o\" \/>\n<meta name=\"twitter:card\" content=\"summary_large_image\" \/>\n<meta name=\"twitter:creator\" content=\"@Notibras\" \/>\n<meta name=\"twitter:site\" content=\"@Notibras\" \/>\n<meta name=\"twitter:label1\" content=\"Escrito por\" \/>\n\t<meta name=\"twitter:data1\" content=\"Reda\u00e7\u00e3o\" \/>\n\t<meta name=\"twitter:label2\" content=\"Est. tempo de leitura\" \/>\n\t<meta name=\"twitter:data2\" content=\"4 minutos\" \/>\n<script type=\"application\/ld+json\" class=\"yoast-schema-graph\">{\"@context\":\"https:\\\/\\\/schema.org\",\"@graph\":[{\"@type\":\"Article\",\"@id\":\"https:\\\/\\\/www.notibras.com\\\/site\\\/estado-tem-obrigacao-de-resgatar-estudantes\\\/#article\",\"isPartOf\":{\"@id\":\"https:\\\/\\\/www.notibras.com\\\/site\\\/estado-tem-obrigacao-de-resgatar-estudantes\\\/\"},\"author\":{\"name\":\"Reda\u00e7\u00e3o\",\"@id\":\"https:\\\/\\\/www.notibras.com\\\/site\\\/#\\\/schema\\\/person\\\/36ab0979449956132d3e5b517ea76ac8\"},\"headline\":\"Estado tem obriga\u00e7\u00e3o de resgatar estudantes\",\"datePublished\":\"2016-09-26T07:00:10+00:00\",\"dateModified\":\"2016-09-26T07:52:31+00:00\",\"mainEntityOfPage\":{\"@id\":\"https:\\\/\\\/www.notibras.com\\\/site\\\/estado-tem-obrigacao-de-resgatar-estudantes\\\/\"},\"wordCount\":802,\"commentCount\":0,\"publisher\":{\"@id\":\"https:\\\/\\\/www.notibras.com\\\/site\\\/#organization\"},\"image\":{\"@id\":\"https:\\\/\\\/www.notibras.com\\\/site\\\/estado-tem-obrigacao-de-resgatar-estudantes\\\/#primaryimage\"},\"thumbnailUrl\":\"https:\\\/\\\/www.notibras.com\\\/site\\\/wp-content\\\/uploads\\\/2016\\\/09\\\/alunosSaladeAula.jpg\",\"articleSection\":[\"Opina a\u00ed\"],\"inLanguage\":\"pt-BR\",\"potentialAction\":[{\"@type\":\"CommentAction\",\"name\":\"Comment\",\"target\":[\"https:\\\/\\\/www.notibras.com\\\/site\\\/estado-tem-obrigacao-de-resgatar-estudantes\\\/#respond\"]}]},{\"@type\":\"WebPage\",\"@id\":\"https:\\\/\\\/www.notibras.com\\\/site\\\/estado-tem-obrigacao-de-resgatar-estudantes\\\/\",\"url\":\"https:\\\/\\\/www.notibras.com\\\/site\\\/estado-tem-obrigacao-de-resgatar-estudantes\\\/\",\"name\":\"Estado tem obriga\u00e7\u00e3o de resgatar estudantes - Notibras\",\"isPartOf\":{\"@id\":\"https:\\\/\\\/www.notibras.com\\\/site\\\/#website\"},\"primaryImageOfPage\":{\"@id\":\"https:\\\/\\\/www.notibras.com\\\/site\\\/estado-tem-obrigacao-de-resgatar-estudantes\\\/#primaryimage\"},\"image\":{\"@id\":\"https:\\\/\\\/www.notibras.com\\\/site\\\/estado-tem-obrigacao-de-resgatar-estudantes\\\/#primaryimage\"},\"thumbnailUrl\":\"https:\\\/\\\/www.notibras.com\\\/site\\\/wp-content\\\/uploads\\\/2016\\\/09\\\/alunosSaladeAula.jpg\",\"datePublished\":\"2016-09-26T07:00:10+00:00\",\"dateModified\":\"2016-09-26T07:52:31+00:00\",\"breadcrumb\":{\"@id\":\"https:\\\/\\\/www.notibras.com\\\/site\\\/estado-tem-obrigacao-de-resgatar-estudantes\\\/#breadcrumb\"},\"inLanguage\":\"pt-BR\",\"potentialAction\":[{\"@type\":\"ReadAction\",\"target\":[\"https:\\\/\\\/www.notibras.com\\\/site\\\/estado-tem-obrigacao-de-resgatar-estudantes\\\/\"]}]},{\"@type\":\"ImageObject\",\"inLanguage\":\"pt-BR\",\"@id\":\"https:\\\/\\\/www.notibras.com\\\/site\\\/estado-tem-obrigacao-de-resgatar-estudantes\\\/#primaryimage\",\"url\":\"https:\\\/\\\/www.notibras.com\\\/site\\\/wp-content\\\/uploads\\\/2016\\\/09\\\/alunosSaladeAula.jpg\",\"contentUrl\":\"https:\\\/\\\/www.notibras.com\\\/site\\\/wp-content\\\/uploads\\\/2016\\\/09\\\/alunosSaladeAula.jpg\",\"width\":588,\"height\":360},{\"@type\":\"BreadcrumbList\",\"@id\":\"https:\\\/\\\/www.notibras.com\\\/site\\\/estado-tem-obrigacao-de-resgatar-estudantes\\\/#breadcrumb\",\"itemListElement\":[{\"@type\":\"ListItem\",\"position\":1,\"name\":\"In\u00edcio\",\"item\":\"https:\\\/\\\/www.notibras.com\\\/site\\\/\"},{\"@type\":\"ListItem\",\"position\":2,\"name\":\"Estado tem obriga\u00e7\u00e3o de resgatar estudantes\"}]},{\"@type\":\"WebSite\",\"@id\":\"https:\\\/\\\/www.notibras.com\\\/site\\\/#website\",\"url\":\"https:\\\/\\\/www.notibras.com\\\/site\\\/\",\"name\":\"Notibras\",\"description\":\"Not\u00edcias de Bras\u00edlia, do Brasil e do Mundo\",\"publisher\":{\"@id\":\"https:\\\/\\\/www.notibras.com\\\/site\\\/#organization\"},\"potentialAction\":[{\"@type\":\"SearchAction\",\"target\":{\"@type\":\"EntryPoint\",\"urlTemplate\":\"https:\\\/\\\/www.notibras.com\\\/site\\\/?s={search_term_string}\"},\"query-input\":{\"@type\":\"PropertyValueSpecification\",\"valueRequired\":true,\"valueName\":\"search_term_string\"}}],\"inLanguage\":\"pt-BR\"},{\"@type\":\"Organization\",\"@id\":\"https:\\\/\\\/www.notibras.com\\\/site\\\/#organization\",\"name\":\"Grupo Notibras de Comunica\u00e7\u00e3o\",\"url\":\"https:\\\/\\\/www.notibras.com\\\/site\\\/\",\"logo\":{\"@type\":\"ImageObject\",\"inLanguage\":\"pt-BR\",\"@id\":\"https:\\\/\\\/www.notibras.com\\\/site\\\/#\\\/schema\\\/logo\\\/image\\\/\",\"url\":\"https:\\\/\\\/www.notibras.com\\\/site\\\/wp-content\\\/uploads\\\/2023\\\/01\\\/notibras23.png\",\"contentUrl\":\"https:\\\/\\\/www.notibras.com\\\/site\\\/wp-content\\\/uploads\\\/2023\\\/01\\\/notibras23.png\",\"width\":350,\"height\":87,\"caption\":\"Grupo Notibras de Comunica\u00e7\u00e3o\"},\"image\":{\"@id\":\"https:\\\/\\\/www.notibras.com\\\/site\\\/#\\\/schema\\\/logo\\\/image\\\/\"},\"sameAs\":[\"https:\\\/\\\/www.facebook.com\\\/notibras\\\/\",\"https:\\\/\\\/x.com\\\/Notibras\",\"https:\\\/\\\/www.instagram.com\\\/notibras\\\/\"]},{\"@type\":\"Person\",\"@id\":\"https:\\\/\\\/www.notibras.com\\\/site\\\/#\\\/schema\\\/person\\\/36ab0979449956132d3e5b517ea76ac8\",\"name\":\"Reda\u00e7\u00e3o\",\"image\":{\"@type\":\"ImageObject\",\"inLanguage\":\"pt-BR\",\"@id\":\"https:\\\/\\\/secure.gravatar.com\\\/avatar\\\/e0a867bdedb85fd243eadf09663511f96fc81e0720a4a42581f334ad4303aa6b?s=96&d=mm&r=g\",\"url\":\"https:\\\/\\\/secure.gravatar.com\\\/avatar\\\/e0a867bdedb85fd243eadf09663511f96fc81e0720a4a42581f334ad4303aa6b?s=96&d=mm&r=g\",\"contentUrl\":\"https:\\\/\\\/secure.gravatar.com\\\/avatar\\\/e0a867bdedb85fd243eadf09663511f96fc81e0720a4a42581f334ad4303aa6b?s=96&d=mm&r=g\",\"caption\":\"Reda\u00e7\u00e3o\"}}]}<\/script>\n<!-- \/ Yoast SEO plugin. -->","yoast_head_json":{"title":"Estado tem obriga\u00e7\u00e3o de resgatar estudantes - Notibras","robots":{"index":"index","follow":"follow","max-snippet":"max-snippet:-1","max-image-preview":"max-image-preview:large","max-video-preview":"max-video-preview:-1"},"canonical":"https:\/\/www.notibras.com\/site\/estado-tem-obrigacao-de-resgatar-estudantes\/","og_locale":"pt_BR","og_type":"article","og_title":"Estado tem obriga\u00e7\u00e3o de resgatar estudantes - Notibras","og_description":"Gary Stahl A divulga\u00e7\u00e3o do Ideb (\u00cdndice de Desenvolvimento da Educa\u00e7\u00e3o B\u00e1sica) revela um cen\u00e1rio preocupante: os adolescentes e os jovens brasileiros n\u00e3o est\u00e3o desenvolvendo nem metade de seus potenciais de aprendizagem. Nos anos finais do ensino fundamental, o pa\u00eds tem nota 4,5. J\u00e1 no ensino m\u00e9dio, o cen\u00e1rio \u00e9 ainda mais grave, visto que, [&hellip;]","og_url":"https:\/\/www.notibras.com\/site\/estado-tem-obrigacao-de-resgatar-estudantes\/","og_site_name":"Notibras","article_publisher":"https:\/\/www.facebook.com\/notibras\/","article_published_time":"2016-09-26T07:00:10+00:00","article_modified_time":"2016-09-26T07:52:31+00:00","og_image":[{"width":588,"height":360,"url":"https:\/\/www.notibras.com\/site\/wp-content\/uploads\/2016\/09\/alunosSaladeAula.jpg","type":"image\/jpeg"}],"author":"Reda\u00e7\u00e3o","twitter_card":"summary_large_image","twitter_creator":"@Notibras","twitter_site":"@Notibras","twitter_misc":{"Escrito por":"Reda\u00e7\u00e3o","Est. tempo de leitura":"4 minutos"},"schema":{"@context":"https:\/\/schema.org","@graph":[{"@type":"Article","@id":"https:\/\/www.notibras.com\/site\/estado-tem-obrigacao-de-resgatar-estudantes\/#article","isPartOf":{"@id":"https:\/\/www.notibras.com\/site\/estado-tem-obrigacao-de-resgatar-estudantes\/"},"author":{"name":"Reda\u00e7\u00e3o","@id":"https:\/\/www.notibras.com\/site\/#\/schema\/person\/36ab0979449956132d3e5b517ea76ac8"},"headline":"Estado tem obriga\u00e7\u00e3o de resgatar estudantes","datePublished":"2016-09-26T07:00:10+00:00","dateModified":"2016-09-26T07:52:31+00:00","mainEntityOfPage":{"@id":"https:\/\/www.notibras.com\/site\/estado-tem-obrigacao-de-resgatar-estudantes\/"},"wordCount":802,"commentCount":0,"publisher":{"@id":"https:\/\/www.notibras.com\/site\/#organization"},"image":{"@id":"https:\/\/www.notibras.com\/site\/estado-tem-obrigacao-de-resgatar-estudantes\/#primaryimage"},"thumbnailUrl":"https:\/\/www.notibras.com\/site\/wp-content\/uploads\/2016\/09\/alunosSaladeAula.jpg","articleSection":["Opina a\u00ed"],"inLanguage":"pt-BR","potentialAction":[{"@type":"CommentAction","name":"Comment","target":["https:\/\/www.notibras.com\/site\/estado-tem-obrigacao-de-resgatar-estudantes\/#respond"]}]},{"@type":"WebPage","@id":"https:\/\/www.notibras.com\/site\/estado-tem-obrigacao-de-resgatar-estudantes\/","url":"https:\/\/www.notibras.com\/site\/estado-tem-obrigacao-de-resgatar-estudantes\/","name":"Estado tem obriga\u00e7\u00e3o de resgatar estudantes - Notibras","isPartOf":{"@id":"https:\/\/www.notibras.com\/site\/#website"},"primaryImageOfPage":{"@id":"https:\/\/www.notibras.com\/site\/estado-tem-obrigacao-de-resgatar-estudantes\/#primaryimage"},"image":{"@id":"https:\/\/www.notibras.com\/site\/estado-tem-obrigacao-de-resgatar-estudantes\/#primaryimage"},"thumbnailUrl":"https:\/\/www.notibras.com\/site\/wp-content\/uploads\/2016\/09\/alunosSaladeAula.jpg","datePublished":"2016-09-26T07:00:10+00:00","dateModified":"2016-09-26T07:52:31+00:00","breadcrumb":{"@id":"https:\/\/www.notibras.com\/site\/estado-tem-obrigacao-de-resgatar-estudantes\/#breadcrumb"},"inLanguage":"pt-BR","potentialAction":[{"@type":"ReadAction","target":["https:\/\/www.notibras.com\/site\/estado-tem-obrigacao-de-resgatar-estudantes\/"]}]},{"@type":"ImageObject","inLanguage":"pt-BR","@id":"https:\/\/www.notibras.com\/site\/estado-tem-obrigacao-de-resgatar-estudantes\/#primaryimage","url":"https:\/\/www.notibras.com\/site\/wp-content\/uploads\/2016\/09\/alunosSaladeAula.jpg","contentUrl":"https:\/\/www.notibras.com\/site\/wp-content\/uploads\/2016\/09\/alunosSaladeAula.jpg","width":588,"height":360},{"@type":"BreadcrumbList","@id":"https:\/\/www.notibras.com\/site\/estado-tem-obrigacao-de-resgatar-estudantes\/#breadcrumb","itemListElement":[{"@type":"ListItem","position":1,"name":"In\u00edcio","item":"https:\/\/www.notibras.com\/site\/"},{"@type":"ListItem","position":2,"name":"Estado tem obriga\u00e7\u00e3o de resgatar estudantes"}]},{"@type":"WebSite","@id":"https:\/\/www.notibras.com\/site\/#website","url":"https:\/\/www.notibras.com\/site\/","name":"Notibras","description":"Not\u00edcias de Bras\u00edlia, do Brasil e do Mundo","publisher":{"@id":"https:\/\/www.notibras.com\/site\/#organization"},"potentialAction":[{"@type":"SearchAction","target":{"@type":"EntryPoint","urlTemplate":"https:\/\/www.notibras.com\/site\/?s={search_term_string}"},"query-input":{"@type":"PropertyValueSpecification","valueRequired":true,"valueName":"search_term_string"}}],"inLanguage":"pt-BR"},{"@type":"Organization","@id":"https:\/\/www.notibras.com\/site\/#organization","name":"Grupo Notibras de Comunica\u00e7\u00e3o","url":"https:\/\/www.notibras.com\/site\/","logo":{"@type":"ImageObject","inLanguage":"pt-BR","@id":"https:\/\/www.notibras.com\/site\/#\/schema\/logo\/image\/","url":"https:\/\/www.notibras.com\/site\/wp-content\/uploads\/2023\/01\/notibras23.png","contentUrl":"https:\/\/www.notibras.com\/site\/wp-content\/uploads\/2023\/01\/notibras23.png","width":350,"height":87,"caption":"Grupo Notibras de Comunica\u00e7\u00e3o"},"image":{"@id":"https:\/\/www.notibras.com\/site\/#\/schema\/logo\/image\/"},"sameAs":["https:\/\/www.facebook.com\/notibras\/","https:\/\/x.com\/Notibras","https:\/\/www.instagram.com\/notibras\/"]},{"@type":"Person","@id":"https:\/\/www.notibras.com\/site\/#\/schema\/person\/36ab0979449956132d3e5b517ea76ac8","name":"Reda\u00e7\u00e3o","image":{"@type":"ImageObject","inLanguage":"pt-BR","@id":"https:\/\/secure.gravatar.com\/avatar\/e0a867bdedb85fd243eadf09663511f96fc81e0720a4a42581f334ad4303aa6b?s=96&d=mm&r=g","url":"https:\/\/secure.gravatar.com\/avatar\/e0a867bdedb85fd243eadf09663511f96fc81e0720a4a42581f334ad4303aa6b?s=96&d=mm&r=g","contentUrl":"https:\/\/secure.gravatar.com\/avatar\/e0a867bdedb85fd243eadf09663511f96fc81e0720a4a42581f334ad4303aa6b?s=96&d=mm&r=g","caption":"Reda\u00e7\u00e3o"}}]}},"amp_enabled":true,"_links":{"self":[{"href":"https:\/\/www.notibras.com\/site\/wp-json\/wp\/v2\/posts\/116668","targetHints":{"allow":["GET"]}}],"collection":[{"href":"https:\/\/www.notibras.com\/site\/wp-json\/wp\/v2\/posts"}],"about":[{"href":"https:\/\/www.notibras.com\/site\/wp-json\/wp\/v2\/types\/post"}],"author":[{"embeddable":true,"href":"https:\/\/www.notibras.com\/site\/wp-json\/wp\/v2\/users\/2"}],"replies":[{"embeddable":true,"href":"https:\/\/www.notibras.com\/site\/wp-json\/wp\/v2\/comments?post=116668"}],"version-history":[{"count":1,"href":"https:\/\/www.notibras.com\/site\/wp-json\/wp\/v2\/posts\/116668\/revisions"}],"predecessor-version":[{"id":116670,"href":"https:\/\/www.notibras.com\/site\/wp-json\/wp\/v2\/posts\/116668\/revisions\/116670"}],"wp:featuredmedia":[{"embeddable":true,"href":"https:\/\/www.notibras.com\/site\/wp-json\/wp\/v2\/media\/116678"}],"wp:attachment":[{"href":"https:\/\/www.notibras.com\/site\/wp-json\/wp\/v2\/media?parent=116668"}],"wp:term":[{"taxonomy":"category","embeddable":true,"href":"https:\/\/www.notibras.com\/site\/wp-json\/wp\/v2\/categories?post=116668"},{"taxonomy":"post_tag","embeddable":true,"href":"https:\/\/www.notibras.com\/site\/wp-json\/wp\/v2\/tags?post=116668"}],"curies":[{"name":"wp","href":"https:\/\/api.w.org\/{rel}","templated":true}]}}