{"id":116701,"date":"2016-09-26T23:01:25","date_gmt":"2016-09-27T02:01:25","guid":{"rendered":"http:\/\/www.notibras.com\/site\/?p=116701"},"modified":"2016-09-26T08:03:25","modified_gmt":"2016-09-26T11:03:25","slug":"jacques-wagner-foi-cagao-como-foi-darcy","status":"publish","type":"post","link":"https:\/\/www.notibras.com\/site\/jacques-wagner-foi-cagao-como-foi-darcy\/","title":{"rendered":"Jacques Wagner foi cag\u00e3o, como foi Darcy"},"content":{"rendered":"<p><strong>Beto Almeida<\/strong><\/p>\n<p>A pat\u00e9tica declara\u00e7\u00e3o de Jacques Wagner, na semana passada, afirmando que Temer \u201cdeveria ter sido preso por conspira\u00e7\u00e3o contra o Estado de Direito e a democracia\u201d quando transformava o Jaburu em bunker da conspira\u00e7\u00e3o golpista, revelando, ao mesmo tempo, que n\u00e3o agiu quando podia, mesmo tendo instrumentos legais para isto, faz lembrar e compartilhar o que teria sido, segundo familiares, a \u00fanica grande tristeza que Darcy Ribeiro levou para o t\u00famulo.<\/p>\n<p>Ap\u00f3s o golpe de 64, ao encontrar-se com Che Guevara pessoalmente, este lhe passou um tremendo pito, chamando-o de tudo, de cag\u00e3o, incompetente, vacil\u00e3o etc, por ter deixado o poder escapar das m\u00e3os, sem rea\u00e7\u00e3o, e por n\u00e3o terem usado as ferramentas de poder para derrotar o golpe.<\/p>\n<p>Como se sabe, enquanto Brizola pregava a organiza\u00e7\u00e3o da resist\u00eancia, a prepara\u00e7\u00e3o para o enfrentamento, h\u00e1 grava\u00e7\u00f5es de janeiro de 64, de um programa de audit\u00f3rio na Radio Mayrink Veiga, em que o ga\u00facho chamava claramente para uma organiza\u00e7\u00e3o em defesa da democracia, a linha predominante no governo Jango era de n\u00e3o resistir.<\/p>\n<p>Em agosto de 1961, na Campanha da Legalidade, Brizola chegou a organizar uma caravana militar ga\u00facha para ir at\u00e9 Bras\u00edlia \u201cprender os golpistas e fechar congresso\u201d, que estavam conspirando contra a democracia, portanto , fora da lei. Quando a crise foi superada e os golpistas derrotados , desistindo do golpe, com a op\u00e7\u00e3o pelo plebiscito, dispositivos militares precursores ga\u00fachos j\u00e1 estavam em S\u00e3o Paulo, em dire\u00e7\u00e3o a Bras\u00edlia. Essa iniciativa, juntamente com a mobiliza\u00e7\u00e3o do povo, a distribui\u00e7\u00e3o de armas e uma audaciosa rede de r\u00e1dios em defesa da legalidade, obrigou os golpistas a recuarem, admitindo a posse de Jango, embora com poderes limitados, que ele recuperaria via plebiscito pouco depois. Devemos a Leonel Brizola a posse de um presidente da Rep\u00fablica!<\/p>\n<p>Che tinha conhecimento de tudo isto e n\u00e3o perdoou Darcy Ribeiro e a vacila\u00e7\u00e3o que permitiu o golpe sem qualquer resist\u00eancia, quando o Almirante Arag\u00e3o. comandante militar do Rio de Janeiro, em 64, tinha tropas cercando o Pal\u00e1cio da Guanabara, onde estava Lacerda, o cabe\u00e7a do golpe, tendo solicitado ordem para atacar, o que lhe foi negado por Jango. O Brigadeiro Moreira lima, com posi\u00e7\u00f5es de comando na Base A\u00e9rea de Santa Cruz, sobrevoou as tropas golpistas que vinham de Minas, e tamb\u00e9m n\u00e3o teve autoriza\u00e7\u00e3o para atacar.<\/p>\n<p>Darcy ouviu cabisbaixo o pito de Che Guevara. Tudo indica que concordou com a bronca guevarista, pois, segundo familiares, foi a grande tristeza que ele levou para o t\u00famulo.<\/p>\n<p>A declara\u00e7\u00e3o de Jacques Wagner \u00e9 indicativo do que j\u00e1 sabemos: n\u00e3o houve nenhuma tentativa de organizar uma resist\u00eancia. A TV Brasil s\u00f3 alterou sua programa\u00e7\u00e3o quando a situa\u00e7\u00e3o estava quase perdida. Dilma declarou \u00e0 Telesur que n\u00e3o tinha nenhuma indica\u00e7\u00e3o de que se tratava de um golpe organizado de fora, nada foi feito para conter os abusos ilegais da PF., que \u00e9 apenas um departamento do Minist\u00e9rio da Justi\u00e7a. Se nem os dirigentes sabem quem \u00e9 o inimigo e de onde vem o golpe\u2026.Por isso, a proposta de forma\u00e7\u00e3o de uma Rede de Comunica\u00e7\u00e3o Democr\u00e1tica, interligando as TVs Educativas em m\u00e3os de governos \u00e0 esquerda, mais as r\u00e1dios educativas e comunit\u00e1rias, mais as tvs comunit\u00e1rias, para denunciar o golpe e convocar o povo a resistir n\u00e3o foi levada em considera\u00e7\u00e3o.<\/p>\n<p>Muito ainda est\u00e1 por ser revelado sobre o golpe que derrubou Dilma, sem que se tenha convocado a uma rea\u00e7\u00e3o contundente, sequer uma Rede da Legalidade de R\u00e1dios e TVs, como proposta foi tentada. Com 7 tvs legislativas nas m\u00e3os, os governadores petistas,com obriga\u00e7\u00e3o de defender a Constitui\u00e7\u00e3o, sequer alteraram a programa\u00e7\u00e3o das emissoras sob sua \u00e1rea de influ\u00eancia, a come\u00e7ar pela forma\u00e7\u00e3o de uma rede em defesa da democracia e da legalidade. O golpe transcorreu como um procedimento normal, sem que se convocasse o povo a resistir e a se mobilizar. A m\u00eddia internacional mostrou o golpe, denunciou. A TV Brasil e as TV Educativas continuaram com sua programa\u00e7\u00e3o convencional, desenho animados, filmes com pipoca e nenhuma convoca\u00e7\u00e3o ao povo para que defendesse a democracia.<\/p>\n<p>Sentir\u00e1 Wagner a mesma tristeza sentida pelo inesquec\u00edvel Darcy Ribeiro?<\/p>\n","protected":false},"excerpt":{"rendered":"<p>Beto Almeida A pat\u00e9tica declara\u00e7\u00e3o de Jacques Wagner, na semana passada, afirmando que Temer \u201cdeveria ter sido preso por conspira\u00e7\u00e3o contra o Estado de Direito e a democracia\u201d quando transformava o Jaburu em bunker da conspira\u00e7\u00e3o golpista, revelando, ao mesmo tempo, que n\u00e3o agiu quando podia, mesmo tendo instrumentos legais para isto, faz lembrar e [&hellip;]<\/p>\n","protected":false},"author":2,"featured_media":116702,"comment_status":"open","ping_status":"closed","sticky":false,"template":"","format":"standard","meta":{"_acf_changed":false,"footnotes":""},"categories":[25],"tags":[],"class_list":["post-116701","post","type-post","status-publish","format-standard","has-post-thumbnail","hentry","category-opina-ai"],"acf":[],"yoast_head":"<!-- This site is optimized with the Yoast SEO plugin v27.5 - https:\/\/yoast.com\/product\/yoast-seo-wordpress\/ -->\n<title>Jacques Wagner foi cag\u00e3o, como foi Darcy - Notibras<\/title>\n<meta name=\"robots\" content=\"index, follow, max-snippet:-1, max-image-preview:large, max-video-preview:-1\" \/>\n<link rel=\"canonical\" href=\"https:\/\/www.notibras.com\/site\/jacques-wagner-foi-cagao-como-foi-darcy\/\" \/>\n<meta property=\"og:locale\" content=\"pt_BR\" \/>\n<meta property=\"og:type\" content=\"article\" \/>\n<meta property=\"og:title\" content=\"Jacques Wagner foi cag\u00e3o, como foi Darcy - Notibras\" \/>\n<meta property=\"og:description\" content=\"Beto Almeida A pat\u00e9tica declara\u00e7\u00e3o de Jacques Wagner, na semana passada, afirmando que Temer \u201cdeveria ter sido preso por conspira\u00e7\u00e3o contra o Estado de Direito e a democracia\u201d quando transformava o Jaburu em bunker da conspira\u00e7\u00e3o golpista, revelando, ao mesmo tempo, que n\u00e3o agiu quando podia, mesmo tendo instrumentos legais para isto, faz lembrar e [&hellip;]\" \/>\n<meta property=\"og:url\" content=\"https:\/\/www.notibras.com\/site\/jacques-wagner-foi-cagao-como-foi-darcy\/\" \/>\n<meta property=\"og:site_name\" content=\"Notibras\" \/>\n<meta property=\"article:publisher\" content=\"https:\/\/www.facebook.com\/notibras\/\" \/>\n<meta property=\"article:published_time\" content=\"2016-09-27T02:01:25+00:00\" \/>\n<meta property=\"og:image\" content=\"https:\/\/www.notibras.com\/site\/wp-content\/uploads\/2016\/09\/JAQUES.jpg\" \/>\n\t<meta property=\"og:image:width\" content=\"800\" \/>\n\t<meta property=\"og:image:height\" content=\"546\" \/>\n\t<meta property=\"og:image:type\" content=\"image\/jpeg\" \/>\n<meta name=\"author\" content=\"Reda\u00e7\u00e3o\" \/>\n<meta name=\"twitter:card\" content=\"summary_large_image\" \/>\n<meta name=\"twitter:creator\" content=\"@Notibras\" \/>\n<meta name=\"twitter:site\" content=\"@Notibras\" \/>\n<meta name=\"twitter:label1\" content=\"Escrito por\" \/>\n\t<meta name=\"twitter:data1\" content=\"Reda\u00e7\u00e3o\" \/>\n\t<meta name=\"twitter:label2\" content=\"Est. tempo de leitura\" \/>\n\t<meta name=\"twitter:data2\" content=\"4 minutos\" \/>\n<script type=\"application\/ld+json\" class=\"yoast-schema-graph\">{\"@context\":\"https:\\\/\\\/schema.org\",\"@graph\":[{\"@type\":\"Article\",\"@id\":\"https:\\\/\\\/www.notibras.com\\\/site\\\/jacques-wagner-foi-cagao-como-foi-darcy\\\/#article\",\"isPartOf\":{\"@id\":\"https:\\\/\\\/www.notibras.com\\\/site\\\/jacques-wagner-foi-cagao-como-foi-darcy\\\/\"},\"author\":{\"name\":\"Reda\u00e7\u00e3o\",\"@id\":\"https:\\\/\\\/www.notibras.com\\\/site\\\/#\\\/schema\\\/person\\\/36ab0979449956132d3e5b517ea76ac8\"},\"headline\":\"Jacques Wagner foi cag\u00e3o, como foi Darcy\",\"datePublished\":\"2016-09-27T02:01:25+00:00\",\"mainEntityOfPage\":{\"@id\":\"https:\\\/\\\/www.notibras.com\\\/site\\\/jacques-wagner-foi-cagao-como-foi-darcy\\\/\"},\"wordCount\":752,\"commentCount\":0,\"publisher\":{\"@id\":\"https:\\\/\\\/www.notibras.com\\\/site\\\/#organization\"},\"image\":{\"@id\":\"https:\\\/\\\/www.notibras.com\\\/site\\\/jacques-wagner-foi-cagao-como-foi-darcy\\\/#primaryimage\"},\"thumbnailUrl\":\"https:\\\/\\\/www.notibras.com\\\/site\\\/wp-content\\\/uploads\\\/2016\\\/09\\\/JAQUES.jpg\",\"articleSection\":[\"Opina a\u00ed\"],\"inLanguage\":\"pt-BR\",\"potentialAction\":[{\"@type\":\"CommentAction\",\"name\":\"Comment\",\"target\":[\"https:\\\/\\\/www.notibras.com\\\/site\\\/jacques-wagner-foi-cagao-como-foi-darcy\\\/#respond\"]}]},{\"@type\":\"WebPage\",\"@id\":\"https:\\\/\\\/www.notibras.com\\\/site\\\/jacques-wagner-foi-cagao-como-foi-darcy\\\/\",\"url\":\"https:\\\/\\\/www.notibras.com\\\/site\\\/jacques-wagner-foi-cagao-como-foi-darcy\\\/\",\"name\":\"Jacques Wagner foi cag\u00e3o, como foi Darcy - Notibras\",\"isPartOf\":{\"@id\":\"https:\\\/\\\/www.notibras.com\\\/site\\\/#website\"},\"primaryImageOfPage\":{\"@id\":\"https:\\\/\\\/www.notibras.com\\\/site\\\/jacques-wagner-foi-cagao-como-foi-darcy\\\/#primaryimage\"},\"image\":{\"@id\":\"https:\\\/\\\/www.notibras.com\\\/site\\\/jacques-wagner-foi-cagao-como-foi-darcy\\\/#primaryimage\"},\"thumbnailUrl\":\"https:\\\/\\\/www.notibras.com\\\/site\\\/wp-content\\\/uploads\\\/2016\\\/09\\\/JAQUES.jpg\",\"datePublished\":\"2016-09-27T02:01:25+00:00\",\"breadcrumb\":{\"@id\":\"https:\\\/\\\/www.notibras.com\\\/site\\\/jacques-wagner-foi-cagao-como-foi-darcy\\\/#breadcrumb\"},\"inLanguage\":\"pt-BR\",\"potentialAction\":[{\"@type\":\"ReadAction\",\"target\":[\"https:\\\/\\\/www.notibras.com\\\/site\\\/jacques-wagner-foi-cagao-como-foi-darcy\\\/\"]}]},{\"@type\":\"ImageObject\",\"inLanguage\":\"pt-BR\",\"@id\":\"https:\\\/\\\/www.notibras.com\\\/site\\\/jacques-wagner-foi-cagao-como-foi-darcy\\\/#primaryimage\",\"url\":\"https:\\\/\\\/www.notibras.com\\\/site\\\/wp-content\\\/uploads\\\/2016\\\/09\\\/JAQUES.jpg\",\"contentUrl\":\"https:\\\/\\\/www.notibras.com\\\/site\\\/wp-content\\\/uploads\\\/2016\\\/09\\\/JAQUES.jpg\",\"width\":800,\"height\":546},{\"@type\":\"BreadcrumbList\",\"@id\":\"https:\\\/\\\/www.notibras.com\\\/site\\\/jacques-wagner-foi-cagao-como-foi-darcy\\\/#breadcrumb\",\"itemListElement\":[{\"@type\":\"ListItem\",\"position\":1,\"name\":\"In\u00edcio\",\"item\":\"https:\\\/\\\/www.notibras.com\\\/site\\\/\"},{\"@type\":\"ListItem\",\"position\":2,\"name\":\"Jacques Wagner foi cag\u00e3o, como foi Darcy\"}]},{\"@type\":\"WebSite\",\"@id\":\"https:\\\/\\\/www.notibras.com\\\/site\\\/#website\",\"url\":\"https:\\\/\\\/www.notibras.com\\\/site\\\/\",\"name\":\"Notibras\",\"description\":\"Not\u00edcias de Bras\u00edlia, do Brasil e do Mundo\",\"publisher\":{\"@id\":\"https:\\\/\\\/www.notibras.com\\\/site\\\/#organization\"},\"potentialAction\":[{\"@type\":\"SearchAction\",\"target\":{\"@type\":\"EntryPoint\",\"urlTemplate\":\"https:\\\/\\\/www.notibras.com\\\/site\\\/?s={search_term_string}\"},\"query-input\":{\"@type\":\"PropertyValueSpecification\",\"valueRequired\":true,\"valueName\":\"search_term_string\"}}],\"inLanguage\":\"pt-BR\"},{\"@type\":\"Organization\",\"@id\":\"https:\\\/\\\/www.notibras.com\\\/site\\\/#organization\",\"name\":\"Grupo Notibras de Comunica\u00e7\u00e3o\",\"url\":\"https:\\\/\\\/www.notibras.com\\\/site\\\/\",\"logo\":{\"@type\":\"ImageObject\",\"inLanguage\":\"pt-BR\",\"@id\":\"https:\\\/\\\/www.notibras.com\\\/site\\\/#\\\/schema\\\/logo\\\/image\\\/\",\"url\":\"https:\\\/\\\/www.notibras.com\\\/site\\\/wp-content\\\/uploads\\\/2023\\\/01\\\/notibras23.png\",\"contentUrl\":\"https:\\\/\\\/www.notibras.com\\\/site\\\/wp-content\\\/uploads\\\/2023\\\/01\\\/notibras23.png\",\"width\":350,\"height\":87,\"caption\":\"Grupo Notibras de Comunica\u00e7\u00e3o\"},\"image\":{\"@id\":\"https:\\\/\\\/www.notibras.com\\\/site\\\/#\\\/schema\\\/logo\\\/image\\\/\"},\"sameAs\":[\"https:\\\/\\\/www.facebook.com\\\/notibras\\\/\",\"https:\\\/\\\/x.com\\\/Notibras\",\"https:\\\/\\\/www.instagram.com\\\/notibras\\\/\"]},{\"@type\":\"Person\",\"@id\":\"https:\\\/\\\/www.notibras.com\\\/site\\\/#\\\/schema\\\/person\\\/36ab0979449956132d3e5b517ea76ac8\",\"name\":\"Reda\u00e7\u00e3o\",\"image\":{\"@type\":\"ImageObject\",\"inLanguage\":\"pt-BR\",\"@id\":\"https:\\\/\\\/secure.gravatar.com\\\/avatar\\\/e0a867bdedb85fd243eadf09663511f96fc81e0720a4a42581f334ad4303aa6b?s=96&d=mm&r=g\",\"url\":\"https:\\\/\\\/secure.gravatar.com\\\/avatar\\\/e0a867bdedb85fd243eadf09663511f96fc81e0720a4a42581f334ad4303aa6b?s=96&d=mm&r=g\",\"contentUrl\":\"https:\\\/\\\/secure.gravatar.com\\\/avatar\\\/e0a867bdedb85fd243eadf09663511f96fc81e0720a4a42581f334ad4303aa6b?s=96&d=mm&r=g\",\"caption\":\"Reda\u00e7\u00e3o\"}}]}<\/script>\n<!-- \/ Yoast SEO plugin. -->","yoast_head_json":{"title":"Jacques Wagner foi cag\u00e3o, como foi Darcy - Notibras","robots":{"index":"index","follow":"follow","max-snippet":"max-snippet:-1","max-image-preview":"max-image-preview:large","max-video-preview":"max-video-preview:-1"},"canonical":"https:\/\/www.notibras.com\/site\/jacques-wagner-foi-cagao-como-foi-darcy\/","og_locale":"pt_BR","og_type":"article","og_title":"Jacques Wagner foi cag\u00e3o, como foi Darcy - Notibras","og_description":"Beto Almeida A pat\u00e9tica declara\u00e7\u00e3o de Jacques Wagner, na semana passada, afirmando que Temer \u201cdeveria ter sido preso por conspira\u00e7\u00e3o contra o Estado de Direito e a democracia\u201d quando transformava o Jaburu em bunker da conspira\u00e7\u00e3o golpista, revelando, ao mesmo tempo, que n\u00e3o agiu quando podia, mesmo tendo instrumentos legais para isto, faz lembrar e [&hellip;]","og_url":"https:\/\/www.notibras.com\/site\/jacques-wagner-foi-cagao-como-foi-darcy\/","og_site_name":"Notibras","article_publisher":"https:\/\/www.facebook.com\/notibras\/","article_published_time":"2016-09-27T02:01:25+00:00","og_image":[{"width":800,"height":546,"url":"https:\/\/www.notibras.com\/site\/wp-content\/uploads\/2016\/09\/JAQUES.jpg","type":"image\/jpeg"}],"author":"Reda\u00e7\u00e3o","twitter_card":"summary_large_image","twitter_creator":"@Notibras","twitter_site":"@Notibras","twitter_misc":{"Escrito por":"Reda\u00e7\u00e3o","Est. tempo de leitura":"4 minutos"},"schema":{"@context":"https:\/\/schema.org","@graph":[{"@type":"Article","@id":"https:\/\/www.notibras.com\/site\/jacques-wagner-foi-cagao-como-foi-darcy\/#article","isPartOf":{"@id":"https:\/\/www.notibras.com\/site\/jacques-wagner-foi-cagao-como-foi-darcy\/"},"author":{"name":"Reda\u00e7\u00e3o","@id":"https:\/\/www.notibras.com\/site\/#\/schema\/person\/36ab0979449956132d3e5b517ea76ac8"},"headline":"Jacques Wagner foi cag\u00e3o, como foi Darcy","datePublished":"2016-09-27T02:01:25+00:00","mainEntityOfPage":{"@id":"https:\/\/www.notibras.com\/site\/jacques-wagner-foi-cagao-como-foi-darcy\/"},"wordCount":752,"commentCount":0,"publisher":{"@id":"https:\/\/www.notibras.com\/site\/#organization"},"image":{"@id":"https:\/\/www.notibras.com\/site\/jacques-wagner-foi-cagao-como-foi-darcy\/#primaryimage"},"thumbnailUrl":"https:\/\/www.notibras.com\/site\/wp-content\/uploads\/2016\/09\/JAQUES.jpg","articleSection":["Opina a\u00ed"],"inLanguage":"pt-BR","potentialAction":[{"@type":"CommentAction","name":"Comment","target":["https:\/\/www.notibras.com\/site\/jacques-wagner-foi-cagao-como-foi-darcy\/#respond"]}]},{"@type":"WebPage","@id":"https:\/\/www.notibras.com\/site\/jacques-wagner-foi-cagao-como-foi-darcy\/","url":"https:\/\/www.notibras.com\/site\/jacques-wagner-foi-cagao-como-foi-darcy\/","name":"Jacques Wagner foi cag\u00e3o, como foi Darcy - Notibras","isPartOf":{"@id":"https:\/\/www.notibras.com\/site\/#website"},"primaryImageOfPage":{"@id":"https:\/\/www.notibras.com\/site\/jacques-wagner-foi-cagao-como-foi-darcy\/#primaryimage"},"image":{"@id":"https:\/\/www.notibras.com\/site\/jacques-wagner-foi-cagao-como-foi-darcy\/#primaryimage"},"thumbnailUrl":"https:\/\/www.notibras.com\/site\/wp-content\/uploads\/2016\/09\/JAQUES.jpg","datePublished":"2016-09-27T02:01:25+00:00","breadcrumb":{"@id":"https:\/\/www.notibras.com\/site\/jacques-wagner-foi-cagao-como-foi-darcy\/#breadcrumb"},"inLanguage":"pt-BR","potentialAction":[{"@type":"ReadAction","target":["https:\/\/www.notibras.com\/site\/jacques-wagner-foi-cagao-como-foi-darcy\/"]}]},{"@type":"ImageObject","inLanguage":"pt-BR","@id":"https:\/\/www.notibras.com\/site\/jacques-wagner-foi-cagao-como-foi-darcy\/#primaryimage","url":"https:\/\/www.notibras.com\/site\/wp-content\/uploads\/2016\/09\/JAQUES.jpg","contentUrl":"https:\/\/www.notibras.com\/site\/wp-content\/uploads\/2016\/09\/JAQUES.jpg","width":800,"height":546},{"@type":"BreadcrumbList","@id":"https:\/\/www.notibras.com\/site\/jacques-wagner-foi-cagao-como-foi-darcy\/#breadcrumb","itemListElement":[{"@type":"ListItem","position":1,"name":"In\u00edcio","item":"https:\/\/www.notibras.com\/site\/"},{"@type":"ListItem","position":2,"name":"Jacques Wagner foi cag\u00e3o, como foi Darcy"}]},{"@type":"WebSite","@id":"https:\/\/www.notibras.com\/site\/#website","url":"https:\/\/www.notibras.com\/site\/","name":"Notibras","description":"Not\u00edcias de Bras\u00edlia, do Brasil e do Mundo","publisher":{"@id":"https:\/\/www.notibras.com\/site\/#organization"},"potentialAction":[{"@type":"SearchAction","target":{"@type":"EntryPoint","urlTemplate":"https:\/\/www.notibras.com\/site\/?s={search_term_string}"},"query-input":{"@type":"PropertyValueSpecification","valueRequired":true,"valueName":"search_term_string"}}],"inLanguage":"pt-BR"},{"@type":"Organization","@id":"https:\/\/www.notibras.com\/site\/#organization","name":"Grupo Notibras de Comunica\u00e7\u00e3o","url":"https:\/\/www.notibras.com\/site\/","logo":{"@type":"ImageObject","inLanguage":"pt-BR","@id":"https:\/\/www.notibras.com\/site\/#\/schema\/logo\/image\/","url":"https:\/\/www.notibras.com\/site\/wp-content\/uploads\/2023\/01\/notibras23.png","contentUrl":"https:\/\/www.notibras.com\/site\/wp-content\/uploads\/2023\/01\/notibras23.png","width":350,"height":87,"caption":"Grupo Notibras de Comunica\u00e7\u00e3o"},"image":{"@id":"https:\/\/www.notibras.com\/site\/#\/schema\/logo\/image\/"},"sameAs":["https:\/\/www.facebook.com\/notibras\/","https:\/\/x.com\/Notibras","https:\/\/www.instagram.com\/notibras\/"]},{"@type":"Person","@id":"https:\/\/www.notibras.com\/site\/#\/schema\/person\/36ab0979449956132d3e5b517ea76ac8","name":"Reda\u00e7\u00e3o","image":{"@type":"ImageObject","inLanguage":"pt-BR","@id":"https:\/\/secure.gravatar.com\/avatar\/e0a867bdedb85fd243eadf09663511f96fc81e0720a4a42581f334ad4303aa6b?s=96&d=mm&r=g","url":"https:\/\/secure.gravatar.com\/avatar\/e0a867bdedb85fd243eadf09663511f96fc81e0720a4a42581f334ad4303aa6b?s=96&d=mm&r=g","contentUrl":"https:\/\/secure.gravatar.com\/avatar\/e0a867bdedb85fd243eadf09663511f96fc81e0720a4a42581f334ad4303aa6b?s=96&d=mm&r=g","caption":"Reda\u00e7\u00e3o"}}]}},"amp_enabled":true,"_links":{"self":[{"href":"https:\/\/www.notibras.com\/site\/wp-json\/wp\/v2\/posts\/116701","targetHints":{"allow":["GET"]}}],"collection":[{"href":"https:\/\/www.notibras.com\/site\/wp-json\/wp\/v2\/posts"}],"about":[{"href":"https:\/\/www.notibras.com\/site\/wp-json\/wp\/v2\/types\/post"}],"author":[{"embeddable":true,"href":"https:\/\/www.notibras.com\/site\/wp-json\/wp\/v2\/users\/2"}],"replies":[{"embeddable":true,"href":"https:\/\/www.notibras.com\/site\/wp-json\/wp\/v2\/comments?post=116701"}],"version-history":[{"count":1,"href":"https:\/\/www.notibras.com\/site\/wp-json\/wp\/v2\/posts\/116701\/revisions"}],"predecessor-version":[{"id":116703,"href":"https:\/\/www.notibras.com\/site\/wp-json\/wp\/v2\/posts\/116701\/revisions\/116703"}],"wp:featuredmedia":[{"embeddable":true,"href":"https:\/\/www.notibras.com\/site\/wp-json\/wp\/v2\/media\/116702"}],"wp:attachment":[{"href":"https:\/\/www.notibras.com\/site\/wp-json\/wp\/v2\/media?parent=116701"}],"wp:term":[{"taxonomy":"category","embeddable":true,"href":"https:\/\/www.notibras.com\/site\/wp-json\/wp\/v2\/categories?post=116701"},{"taxonomy":"post_tag","embeddable":true,"href":"https:\/\/www.notibras.com\/site\/wp-json\/wp\/v2\/tags?post=116701"}],"curies":[{"name":"wp","href":"https:\/\/api.w.org\/{rel}","templated":true}]}}