{"id":116950,"date":"2016-09-28T18:14:50","date_gmt":"2016-09-28T21:14:50","guid":{"rendered":"http:\/\/www.notibras.com\/site\/?p=116950"},"modified":"2016-09-28T18:14:50","modified_gmt":"2016-09-28T21:14:50","slug":"fim-da-guerra-fiscal-pode-lesar-as-empresas","status":"publish","type":"post","link":"https:\/\/www.notibras.com\/site\/fim-da-guerra-fiscal-pode-lesar-as-empresas\/","title":{"rendered":"Fim da guerra fiscal pode lesar as empresas"},"content":{"rendered":"<p><strong>Sylvio C\u00e9sar Afonso<\/strong><\/p>\n<p>Ap\u00f3s a posse da ministra C\u00e1rmen L\u00facia na presid\u00eancia do STF (Supremo Tribunal Federal), h\u00e1 um indicativo muito forte de que a proposta que discute a edi\u00e7\u00e3o da s\u00famula vinculante n\u00ba 69, que tenta acabar com a guerra fiscal, deve ser colocada em pauta em breve, haja vista que a presidente j\u00e1 anunciou essa inten\u00e7\u00e3o.<\/p>\n<p>O teor inicial dessa s\u00famula traz a seguinte reda\u00e7\u00e3o: &#8220;Qualquer isen\u00e7\u00e3o, incentivo, redu\u00e7\u00e3o de al\u00edquota ou de base de c\u00e1lculo, cr\u00e9dito presumido, dispensa de pagamento ou outro benef\u00edcio fiscal relativo ao ICMS, concedido sem pr\u00e9via aprova\u00e7\u00e3o em conv\u00eanio celebrado no \u00e2mbito do Confaz&#8221;.<\/p>\n<p>Esta s\u00famula vem convalidar e reafirmar o que disp\u00f5e o atual sistema de benef\u00edcios do ICMS trazido na Lei Complementar n\u00ba 24\/75 que disp\u00f5e, no artigo 1\u00ba: &#8220;As isen\u00e7\u00f5es do imposto sobre opera\u00e7\u00f5es relativas \u00e0 circula\u00e7\u00e3o de mercadorias ser\u00e3o concedidas ou revogadas nos termos de conv\u00eanios celebrados e ratificados pelos Estados e pelo Distrito Federal, segundo esta lei&#8221;.<\/p>\n<p>Vemos ent\u00e3o que a s\u00famula quer trazer a hermen\u00eautica mais harm\u00f4nica em rela\u00e7\u00e3o a literalidade do que disp\u00f5e a lei complementar que regula essa mat\u00e9ria nesse assunto.<\/p>\n<p>Aparentemente, isso resolveria o problema da guerra fiscal. Ocorre que ser\u00e1 necess\u00e1rio aguardar tamb\u00e9m para ver se haver\u00e1 alguma modula\u00e7\u00e3o dos efeitos dessa s\u00famula, se esta vier a ser aprovada.<\/p>\n<p>Ali\u00e1s, \u00e9 nesse ponto que podem surgir problemas, porque a aplica\u00e7\u00e3o desse dispositivo ao caso concreto, a meu ver, somente poderia acontecer para fatos futuros, e n\u00e3o retroagir aos j\u00e1 existentes.<\/p>\n<p>Tal retrocesso pode significar uma ofensa \u00e0 seguran\u00e7a jur\u00eddica de todo nosso ordenamento, j\u00e1 que n\u00e3o pode o contribuinte ser penalizado por ter obedecido a uma norma v\u00e1lida e eficaz como \u00e9 a legisla\u00e7\u00e3o que concedeu os benef\u00edcios fiscais originalmente.<\/p>\n<p>Caso isso aconte\u00e7a, as empresas que aderiram aos benef\u00edcios fiscais de boa-f\u00e9 ser\u00e3o as maiores prejudicadas em virtude de uma batalha que parece ser muito mais pol\u00edtica do que jur\u00eddica.<\/p>\n<p>Nesse diapas\u00e3o, cumpre destacar que a lei 9.868\/99, que regula o processo de julgamento e o julgamento da a\u00e7\u00e3o direta de inconstitucionalidade, tratou de estabelecer que os efeitos da declara\u00e7\u00e3o de inconstitucionalidade e assim disp\u00f4s: Art. 27 \u2013 &#8220;Ao declarar a inconstitucionalidade de lei ou ato normativo, e tendo em vista raz\u00f5es de seguran\u00e7a jur\u00eddica ou de excepcional interesse social, poder\u00e1 o Supremo Tribunal Federal, por maioria de dois ter\u00e7os de seus membros, restringir os efeitos daquela declara\u00e7\u00e3o ou decidir que ela s\u00f3 tenha efic\u00e1cia a partir de seu tr\u00e2nsito em julgado ou de outro momento que venha a ser fixado&#8221;.<\/p>\n<p>Assim, por analogia e por l\u00f3gica, fica evidente que o STF, ao sumular sobre uma determinada mat\u00e9ria, deve respeitar os fatos ocorridos anteriormente \u00e0 edi\u00e7\u00e3o da s\u00famula que, se editada, poder\u00e1 surtir efeitos futuros important\u00edssimos para o fim da guerra fiscal.<\/p>\n<p>Por\u00e9m, se optarem por atingir os benef\u00edcios fiscais j\u00e1 existentes, ser\u00e1 necess\u00e1rio conceder um prazo bastante razo\u00e1vel para que as empresas tenham tempo de adaptar toda a sua opera\u00e7\u00e3o, sob diversos aspectos (financeira, fiscal, log\u00edstica, trabalhista, societ\u00e1ria).<\/p>\n<p>Diante deste cen\u00e1rio, percebemos que a edi\u00e7\u00e3o da s\u00famula, a priori, tem em seu escopo uma eficiente ferramenta para acabar com a guerra fiscal, entretanto, ao balizarmos esta medida dentro de princ\u00edpios fundamentais do direito, essa acaba por perder bastante os seus efeitos.<\/p>\n<p>Desta forma, \u00e9 necess\u00e1rio aguardar um posicionamento do STF at\u00e9 que este decida principalmente acerca dos efeitos da S\u00famula Vinculante n\u00ba 69.<\/p>\n","protected":false},"excerpt":{"rendered":"<p>Sylvio C\u00e9sar Afonso Ap\u00f3s a posse da ministra C\u00e1rmen L\u00facia na presid\u00eancia do STF (Supremo Tribunal Federal), h\u00e1 um indicativo muito forte de que a proposta que discute a edi\u00e7\u00e3o da s\u00famula vinculante n\u00ba 69, que tenta acabar com a guerra fiscal, deve ser colocada em pauta em breve, haja vista que a presidente j\u00e1 [&hellip;]<\/p>\n","protected":false},"author":2,"featured_media":116951,"comment_status":"open","ping_status":"closed","sticky":false,"template":"","format":"standard","meta":{"_acf_changed":false,"footnotes":""},"categories":[25],"tags":[],"class_list":["post-116950","post","type-post","status-publish","format-standard","has-post-thumbnail","hentry","category-opina-ai"],"acf":[],"yoast_head":"<!-- This site is optimized with the Yoast SEO plugin v27.5 - https:\/\/yoast.com\/product\/yoast-seo-wordpress\/ -->\n<title>Fim da guerra fiscal pode lesar as empresas - Notibras<\/title>\n<meta name=\"robots\" content=\"index, follow, max-snippet:-1, max-image-preview:large, max-video-preview:-1\" \/>\n<link rel=\"canonical\" href=\"https:\/\/www.notibras.com\/site\/fim-da-guerra-fiscal-pode-lesar-as-empresas\/\" \/>\n<meta property=\"og:locale\" content=\"pt_BR\" \/>\n<meta property=\"og:type\" content=\"article\" \/>\n<meta property=\"og:title\" content=\"Fim da guerra fiscal pode lesar as empresas - Notibras\" \/>\n<meta property=\"og:description\" content=\"Sylvio C\u00e9sar Afonso Ap\u00f3s a posse da ministra C\u00e1rmen L\u00facia na presid\u00eancia do STF (Supremo Tribunal Federal), h\u00e1 um indicativo muito forte de que a proposta que discute a edi\u00e7\u00e3o da s\u00famula vinculante n\u00ba 69, que tenta acabar com a guerra fiscal, deve ser colocada em pauta em breve, haja vista que a presidente j\u00e1 [&hellip;]\" \/>\n<meta property=\"og:url\" content=\"https:\/\/www.notibras.com\/site\/fim-da-guerra-fiscal-pode-lesar-as-empresas\/\" \/>\n<meta property=\"og:site_name\" content=\"Notibras\" \/>\n<meta property=\"article:publisher\" content=\"https:\/\/www.facebook.com\/notibras\/\" \/>\n<meta property=\"article:published_time\" content=\"2016-09-28T21:14:50+00:00\" \/>\n<meta property=\"og:image\" content=\"https:\/\/www.notibras.com\/site\/wp-content\/uploads\/2016\/09\/guerrafiscal-armadilhasracionais.jpg\" \/>\n\t<meta property=\"og:image:width\" content=\"957\" \/>\n\t<meta property=\"og:image:height\" content=\"581\" \/>\n\t<meta property=\"og:image:type\" content=\"image\/jpeg\" \/>\n<meta name=\"author\" content=\"Reda\u00e7\u00e3o\" \/>\n<meta name=\"twitter:card\" content=\"summary_large_image\" \/>\n<meta name=\"twitter:creator\" content=\"@Notibras\" \/>\n<meta name=\"twitter:site\" content=\"@Notibras\" \/>\n<meta name=\"twitter:label1\" content=\"Escrito por\" \/>\n\t<meta name=\"twitter:data1\" content=\"Reda\u00e7\u00e3o\" \/>\n\t<meta name=\"twitter:label2\" content=\"Est. tempo de leitura\" \/>\n\t<meta name=\"twitter:data2\" content=\"3 minutos\" \/>\n<script type=\"application\/ld+json\" class=\"yoast-schema-graph\">{\"@context\":\"https:\\\/\\\/schema.org\",\"@graph\":[{\"@type\":\"Article\",\"@id\":\"https:\\\/\\\/www.notibras.com\\\/site\\\/fim-da-guerra-fiscal-pode-lesar-as-empresas\\\/#article\",\"isPartOf\":{\"@id\":\"https:\\\/\\\/www.notibras.com\\\/site\\\/fim-da-guerra-fiscal-pode-lesar-as-empresas\\\/\"},\"author\":{\"name\":\"Reda\u00e7\u00e3o\",\"@id\":\"https:\\\/\\\/www.notibras.com\\\/site\\\/#\\\/schema\\\/person\\\/36ab0979449956132d3e5b517ea76ac8\"},\"headline\":\"Fim da guerra fiscal pode lesar as empresas\",\"datePublished\":\"2016-09-28T21:14:50+00:00\",\"mainEntityOfPage\":{\"@id\":\"https:\\\/\\\/www.notibras.com\\\/site\\\/fim-da-guerra-fiscal-pode-lesar-as-empresas\\\/\"},\"wordCount\":638,\"commentCount\":0,\"publisher\":{\"@id\":\"https:\\\/\\\/www.notibras.com\\\/site\\\/#organization\"},\"image\":{\"@id\":\"https:\\\/\\\/www.notibras.com\\\/site\\\/fim-da-guerra-fiscal-pode-lesar-as-empresas\\\/#primaryimage\"},\"thumbnailUrl\":\"https:\\\/\\\/www.notibras.com\\\/site\\\/wp-content\\\/uploads\\\/2016\\\/09\\\/guerrafiscal-armadilhasracionais.jpg\",\"articleSection\":[\"Opina a\u00ed\"],\"inLanguage\":\"pt-BR\",\"potentialAction\":[{\"@type\":\"CommentAction\",\"name\":\"Comment\",\"target\":[\"https:\\\/\\\/www.notibras.com\\\/site\\\/fim-da-guerra-fiscal-pode-lesar-as-empresas\\\/#respond\"]}]},{\"@type\":\"WebPage\",\"@id\":\"https:\\\/\\\/www.notibras.com\\\/site\\\/fim-da-guerra-fiscal-pode-lesar-as-empresas\\\/\",\"url\":\"https:\\\/\\\/www.notibras.com\\\/site\\\/fim-da-guerra-fiscal-pode-lesar-as-empresas\\\/\",\"name\":\"Fim da guerra fiscal pode lesar as empresas - Notibras\",\"isPartOf\":{\"@id\":\"https:\\\/\\\/www.notibras.com\\\/site\\\/#website\"},\"primaryImageOfPage\":{\"@id\":\"https:\\\/\\\/www.notibras.com\\\/site\\\/fim-da-guerra-fiscal-pode-lesar-as-empresas\\\/#primaryimage\"},\"image\":{\"@id\":\"https:\\\/\\\/www.notibras.com\\\/site\\\/fim-da-guerra-fiscal-pode-lesar-as-empresas\\\/#primaryimage\"},\"thumbnailUrl\":\"https:\\\/\\\/www.notibras.com\\\/site\\\/wp-content\\\/uploads\\\/2016\\\/09\\\/guerrafiscal-armadilhasracionais.jpg\",\"datePublished\":\"2016-09-28T21:14:50+00:00\",\"breadcrumb\":{\"@id\":\"https:\\\/\\\/www.notibras.com\\\/site\\\/fim-da-guerra-fiscal-pode-lesar-as-empresas\\\/#breadcrumb\"},\"inLanguage\":\"pt-BR\",\"potentialAction\":[{\"@type\":\"ReadAction\",\"target\":[\"https:\\\/\\\/www.notibras.com\\\/site\\\/fim-da-guerra-fiscal-pode-lesar-as-empresas\\\/\"]}]},{\"@type\":\"ImageObject\",\"inLanguage\":\"pt-BR\",\"@id\":\"https:\\\/\\\/www.notibras.com\\\/site\\\/fim-da-guerra-fiscal-pode-lesar-as-empresas\\\/#primaryimage\",\"url\":\"https:\\\/\\\/www.notibras.com\\\/site\\\/wp-content\\\/uploads\\\/2016\\\/09\\\/guerrafiscal-armadilhasracionais.jpg\",\"contentUrl\":\"https:\\\/\\\/www.notibras.com\\\/site\\\/wp-content\\\/uploads\\\/2016\\\/09\\\/guerrafiscal-armadilhasracionais.jpg\",\"width\":957,\"height\":581},{\"@type\":\"BreadcrumbList\",\"@id\":\"https:\\\/\\\/www.notibras.com\\\/site\\\/fim-da-guerra-fiscal-pode-lesar-as-empresas\\\/#breadcrumb\",\"itemListElement\":[{\"@type\":\"ListItem\",\"position\":1,\"name\":\"In\u00edcio\",\"item\":\"https:\\\/\\\/www.notibras.com\\\/site\\\/\"},{\"@type\":\"ListItem\",\"position\":2,\"name\":\"Fim da guerra fiscal pode lesar as empresas\"}]},{\"@type\":\"WebSite\",\"@id\":\"https:\\\/\\\/www.notibras.com\\\/site\\\/#website\",\"url\":\"https:\\\/\\\/www.notibras.com\\\/site\\\/\",\"name\":\"Notibras\",\"description\":\"Not\u00edcias de Bras\u00edlia, do Brasil e do Mundo\",\"publisher\":{\"@id\":\"https:\\\/\\\/www.notibras.com\\\/site\\\/#organization\"},\"potentialAction\":[{\"@type\":\"SearchAction\",\"target\":{\"@type\":\"EntryPoint\",\"urlTemplate\":\"https:\\\/\\\/www.notibras.com\\\/site\\\/?s={search_term_string}\"},\"query-input\":{\"@type\":\"PropertyValueSpecification\",\"valueRequired\":true,\"valueName\":\"search_term_string\"}}],\"inLanguage\":\"pt-BR\"},{\"@type\":\"Organization\",\"@id\":\"https:\\\/\\\/www.notibras.com\\\/site\\\/#organization\",\"name\":\"Grupo Notibras de Comunica\u00e7\u00e3o\",\"url\":\"https:\\\/\\\/www.notibras.com\\\/site\\\/\",\"logo\":{\"@type\":\"ImageObject\",\"inLanguage\":\"pt-BR\",\"@id\":\"https:\\\/\\\/www.notibras.com\\\/site\\\/#\\\/schema\\\/logo\\\/image\\\/\",\"url\":\"https:\\\/\\\/www.notibras.com\\\/site\\\/wp-content\\\/uploads\\\/2023\\\/01\\\/notibras23.png\",\"contentUrl\":\"https:\\\/\\\/www.notibras.com\\\/site\\\/wp-content\\\/uploads\\\/2023\\\/01\\\/notibras23.png\",\"width\":350,\"height\":87,\"caption\":\"Grupo Notibras de Comunica\u00e7\u00e3o\"},\"image\":{\"@id\":\"https:\\\/\\\/www.notibras.com\\\/site\\\/#\\\/schema\\\/logo\\\/image\\\/\"},\"sameAs\":[\"https:\\\/\\\/www.facebook.com\\\/notibras\\\/\",\"https:\\\/\\\/x.com\\\/Notibras\",\"https:\\\/\\\/www.instagram.com\\\/notibras\\\/\"]},{\"@type\":\"Person\",\"@id\":\"https:\\\/\\\/www.notibras.com\\\/site\\\/#\\\/schema\\\/person\\\/36ab0979449956132d3e5b517ea76ac8\",\"name\":\"Reda\u00e7\u00e3o\",\"image\":{\"@type\":\"ImageObject\",\"inLanguage\":\"pt-BR\",\"@id\":\"https:\\\/\\\/secure.gravatar.com\\\/avatar\\\/e0a867bdedb85fd243eadf09663511f96fc81e0720a4a42581f334ad4303aa6b?s=96&d=mm&r=g\",\"url\":\"https:\\\/\\\/secure.gravatar.com\\\/avatar\\\/e0a867bdedb85fd243eadf09663511f96fc81e0720a4a42581f334ad4303aa6b?s=96&d=mm&r=g\",\"contentUrl\":\"https:\\\/\\\/secure.gravatar.com\\\/avatar\\\/e0a867bdedb85fd243eadf09663511f96fc81e0720a4a42581f334ad4303aa6b?s=96&d=mm&r=g\",\"caption\":\"Reda\u00e7\u00e3o\"}}]}<\/script>\n<!-- \/ Yoast SEO plugin. -->","yoast_head_json":{"title":"Fim da guerra fiscal pode lesar as empresas - Notibras","robots":{"index":"index","follow":"follow","max-snippet":"max-snippet:-1","max-image-preview":"max-image-preview:large","max-video-preview":"max-video-preview:-1"},"canonical":"https:\/\/www.notibras.com\/site\/fim-da-guerra-fiscal-pode-lesar-as-empresas\/","og_locale":"pt_BR","og_type":"article","og_title":"Fim da guerra fiscal pode lesar as empresas - Notibras","og_description":"Sylvio C\u00e9sar Afonso Ap\u00f3s a posse da ministra C\u00e1rmen L\u00facia na presid\u00eancia do STF (Supremo Tribunal Federal), h\u00e1 um indicativo muito forte de que a proposta que discute a edi\u00e7\u00e3o da s\u00famula vinculante n\u00ba 69, que tenta acabar com a guerra fiscal, deve ser colocada em pauta em breve, haja vista que a presidente j\u00e1 [&hellip;]","og_url":"https:\/\/www.notibras.com\/site\/fim-da-guerra-fiscal-pode-lesar-as-empresas\/","og_site_name":"Notibras","article_publisher":"https:\/\/www.facebook.com\/notibras\/","article_published_time":"2016-09-28T21:14:50+00:00","og_image":[{"width":957,"height":581,"url":"https:\/\/www.notibras.com\/site\/wp-content\/uploads\/2016\/09\/guerrafiscal-armadilhasracionais.jpg","type":"image\/jpeg"}],"author":"Reda\u00e7\u00e3o","twitter_card":"summary_large_image","twitter_creator":"@Notibras","twitter_site":"@Notibras","twitter_misc":{"Escrito por":"Reda\u00e7\u00e3o","Est. tempo de leitura":"3 minutos"},"schema":{"@context":"https:\/\/schema.org","@graph":[{"@type":"Article","@id":"https:\/\/www.notibras.com\/site\/fim-da-guerra-fiscal-pode-lesar-as-empresas\/#article","isPartOf":{"@id":"https:\/\/www.notibras.com\/site\/fim-da-guerra-fiscal-pode-lesar-as-empresas\/"},"author":{"name":"Reda\u00e7\u00e3o","@id":"https:\/\/www.notibras.com\/site\/#\/schema\/person\/36ab0979449956132d3e5b517ea76ac8"},"headline":"Fim da guerra fiscal pode lesar as empresas","datePublished":"2016-09-28T21:14:50+00:00","mainEntityOfPage":{"@id":"https:\/\/www.notibras.com\/site\/fim-da-guerra-fiscal-pode-lesar-as-empresas\/"},"wordCount":638,"commentCount":0,"publisher":{"@id":"https:\/\/www.notibras.com\/site\/#organization"},"image":{"@id":"https:\/\/www.notibras.com\/site\/fim-da-guerra-fiscal-pode-lesar-as-empresas\/#primaryimage"},"thumbnailUrl":"https:\/\/www.notibras.com\/site\/wp-content\/uploads\/2016\/09\/guerrafiscal-armadilhasracionais.jpg","articleSection":["Opina a\u00ed"],"inLanguage":"pt-BR","potentialAction":[{"@type":"CommentAction","name":"Comment","target":["https:\/\/www.notibras.com\/site\/fim-da-guerra-fiscal-pode-lesar-as-empresas\/#respond"]}]},{"@type":"WebPage","@id":"https:\/\/www.notibras.com\/site\/fim-da-guerra-fiscal-pode-lesar-as-empresas\/","url":"https:\/\/www.notibras.com\/site\/fim-da-guerra-fiscal-pode-lesar-as-empresas\/","name":"Fim da guerra fiscal pode lesar as empresas - Notibras","isPartOf":{"@id":"https:\/\/www.notibras.com\/site\/#website"},"primaryImageOfPage":{"@id":"https:\/\/www.notibras.com\/site\/fim-da-guerra-fiscal-pode-lesar-as-empresas\/#primaryimage"},"image":{"@id":"https:\/\/www.notibras.com\/site\/fim-da-guerra-fiscal-pode-lesar-as-empresas\/#primaryimage"},"thumbnailUrl":"https:\/\/www.notibras.com\/site\/wp-content\/uploads\/2016\/09\/guerrafiscal-armadilhasracionais.jpg","datePublished":"2016-09-28T21:14:50+00:00","breadcrumb":{"@id":"https:\/\/www.notibras.com\/site\/fim-da-guerra-fiscal-pode-lesar-as-empresas\/#breadcrumb"},"inLanguage":"pt-BR","potentialAction":[{"@type":"ReadAction","target":["https:\/\/www.notibras.com\/site\/fim-da-guerra-fiscal-pode-lesar-as-empresas\/"]}]},{"@type":"ImageObject","inLanguage":"pt-BR","@id":"https:\/\/www.notibras.com\/site\/fim-da-guerra-fiscal-pode-lesar-as-empresas\/#primaryimage","url":"https:\/\/www.notibras.com\/site\/wp-content\/uploads\/2016\/09\/guerrafiscal-armadilhasracionais.jpg","contentUrl":"https:\/\/www.notibras.com\/site\/wp-content\/uploads\/2016\/09\/guerrafiscal-armadilhasracionais.jpg","width":957,"height":581},{"@type":"BreadcrumbList","@id":"https:\/\/www.notibras.com\/site\/fim-da-guerra-fiscal-pode-lesar-as-empresas\/#breadcrumb","itemListElement":[{"@type":"ListItem","position":1,"name":"In\u00edcio","item":"https:\/\/www.notibras.com\/site\/"},{"@type":"ListItem","position":2,"name":"Fim da guerra fiscal pode lesar as empresas"}]},{"@type":"WebSite","@id":"https:\/\/www.notibras.com\/site\/#website","url":"https:\/\/www.notibras.com\/site\/","name":"Notibras","description":"Not\u00edcias de Bras\u00edlia, do Brasil e do Mundo","publisher":{"@id":"https:\/\/www.notibras.com\/site\/#organization"},"potentialAction":[{"@type":"SearchAction","target":{"@type":"EntryPoint","urlTemplate":"https:\/\/www.notibras.com\/site\/?s={search_term_string}"},"query-input":{"@type":"PropertyValueSpecification","valueRequired":true,"valueName":"search_term_string"}}],"inLanguage":"pt-BR"},{"@type":"Organization","@id":"https:\/\/www.notibras.com\/site\/#organization","name":"Grupo Notibras de Comunica\u00e7\u00e3o","url":"https:\/\/www.notibras.com\/site\/","logo":{"@type":"ImageObject","inLanguage":"pt-BR","@id":"https:\/\/www.notibras.com\/site\/#\/schema\/logo\/image\/","url":"https:\/\/www.notibras.com\/site\/wp-content\/uploads\/2023\/01\/notibras23.png","contentUrl":"https:\/\/www.notibras.com\/site\/wp-content\/uploads\/2023\/01\/notibras23.png","width":350,"height":87,"caption":"Grupo Notibras de Comunica\u00e7\u00e3o"},"image":{"@id":"https:\/\/www.notibras.com\/site\/#\/schema\/logo\/image\/"},"sameAs":["https:\/\/www.facebook.com\/notibras\/","https:\/\/x.com\/Notibras","https:\/\/www.instagram.com\/notibras\/"]},{"@type":"Person","@id":"https:\/\/www.notibras.com\/site\/#\/schema\/person\/36ab0979449956132d3e5b517ea76ac8","name":"Reda\u00e7\u00e3o","image":{"@type":"ImageObject","inLanguage":"pt-BR","@id":"https:\/\/secure.gravatar.com\/avatar\/e0a867bdedb85fd243eadf09663511f96fc81e0720a4a42581f334ad4303aa6b?s=96&d=mm&r=g","url":"https:\/\/secure.gravatar.com\/avatar\/e0a867bdedb85fd243eadf09663511f96fc81e0720a4a42581f334ad4303aa6b?s=96&d=mm&r=g","contentUrl":"https:\/\/secure.gravatar.com\/avatar\/e0a867bdedb85fd243eadf09663511f96fc81e0720a4a42581f334ad4303aa6b?s=96&d=mm&r=g","caption":"Reda\u00e7\u00e3o"}}]}},"amp_enabled":true,"_links":{"self":[{"href":"https:\/\/www.notibras.com\/site\/wp-json\/wp\/v2\/posts\/116950","targetHints":{"allow":["GET"]}}],"collection":[{"href":"https:\/\/www.notibras.com\/site\/wp-json\/wp\/v2\/posts"}],"about":[{"href":"https:\/\/www.notibras.com\/site\/wp-json\/wp\/v2\/types\/post"}],"author":[{"embeddable":true,"href":"https:\/\/www.notibras.com\/site\/wp-json\/wp\/v2\/users\/2"}],"replies":[{"embeddable":true,"href":"https:\/\/www.notibras.com\/site\/wp-json\/wp\/v2\/comments?post=116950"}],"version-history":[{"count":1,"href":"https:\/\/www.notibras.com\/site\/wp-json\/wp\/v2\/posts\/116950\/revisions"}],"predecessor-version":[{"id":116952,"href":"https:\/\/www.notibras.com\/site\/wp-json\/wp\/v2\/posts\/116950\/revisions\/116952"}],"wp:featuredmedia":[{"embeddable":true,"href":"https:\/\/www.notibras.com\/site\/wp-json\/wp\/v2\/media\/116951"}],"wp:attachment":[{"href":"https:\/\/www.notibras.com\/site\/wp-json\/wp\/v2\/media?parent=116950"}],"wp:term":[{"taxonomy":"category","embeddable":true,"href":"https:\/\/www.notibras.com\/site\/wp-json\/wp\/v2\/categories?post=116950"},{"taxonomy":"post_tag","embeddable":true,"href":"https:\/\/www.notibras.com\/site\/wp-json\/wp\/v2\/tags?post=116950"}],"curies":[{"name":"wp","href":"https:\/\/api.w.org\/{rel}","templated":true}]}}