{"id":117070,"date":"2016-09-29T19:35:04","date_gmt":"2016-09-29T22:35:04","guid":{"rendered":"http:\/\/www.notibras.com\/site\/?p=117070"},"modified":"2016-09-29T19:39:44","modified_gmt":"2016-09-29T22:39:44","slug":"se-a-torneira-secar-nao-foi-por-falta-de-aviso","status":"publish","type":"post","link":"https:\/\/www.notibras.com\/site\/se-a-torneira-secar-nao-foi-por-falta-de-aviso\/","title":{"rendered":"Se a torneira secar, n\u00e3o foi por falta de aviso"},"content":{"rendered":"<p><strong>Deputado Juarez\u00e3o<\/strong><\/p>\n<p>O Distrito Federal enfrenta, periodicamente, situa\u00e7\u00f5es recorrentes de estresse h\u00eddrico. O sistema de abastecimento de \u00e1gua para uso residencial no DF baseia-se, em grande medida, na capta\u00e7\u00e3o oriunda da barragem do Rio Descoberto. Esse manancial abastece cerca de 65% das resid\u00eancias do Distrito Federal, ocasionando press\u00f5es sobre o Sistema Integrado do Rio Descoberto.<\/p>\n<p>As nascentes desse manancial h\u00eddrico localizam-se na Regi\u00e3o Administrativa de Brazl\u00e2ndia (RA-IV). Essa regi\u00e3o, que \u00e9 a grande fonte de abastecimento do DF, desfruta, paradoxalmente, de pouca e insuficiente contrapartida governamental, sob a forma de investimentos em saneamento e tratamento de \u00e1gua e esgoto.<\/p>\n<p>Faz-se necess\u00e1rio, na atual conjuntura de crise de abastecimento h\u00eddrico, conferir renovada aten\u00e7\u00e3o \u00e0 necessidade de proteger e preservar a Bacia do Descoberto. A produtividade do reservat\u00f3rio tem sido comprometida tanto por fatores ambientais, quanto pela a\u00e7\u00e3o humana. A capta\u00e7\u00e3o h\u00eddrica tem se reduzido de modo preocupante, e estudos j\u00e1 apontam o virtual esgotamento da bacia, em um futuro n\u00e3o t\u00e3o distante. Por isso, minha luta pela preserva\u00e7\u00e3o desse recurso natural, que j\u00e1 \u00e9 antiga, reveste-se de import\u00e2ncia revigorada, na atualidade.<\/p>\n<p>O uso dos recursos h\u00eddricos deve se dar de maneira sustent\u00e1vel, de modo a satisfazer as necessidades da gera\u00e7\u00e3o atual, sem comprometer a capacidade das gera\u00e7\u00f5es futuras de satisfazerem as suas pr\u00f3prias necessidades. O modelo de desenvolvimento adotado nas comunidades que fazem uso desses recursos tamb\u00e9m \u00e9 crucial. No caso das comunidades que se estabeleceram nas proximidades da barragem do Rio Descoberto, como Brazl\u00e2ndia, s\u00e3o necess\u00e1rias medidas para evitar a contamina\u00e7\u00e3o e o desperd\u00edcio da \u00e1gua. Para tanto, faz-se urgente a realiza\u00e7\u00e3o de investimentos em drenagem pluvial, coleta, tratamento e disposi\u00e7\u00e3o de esgoto e lixo, de modo a prover condi\u00e7\u00f5es adequadas para a popula\u00e7\u00e3o.<\/p>\n<p>No plano normativo, existe legisla\u00e7\u00e3o espec\u00edfica que visa a garantir esse direito. A lei distrital n\u00ba 2.430, de 1999, trata das medidas de prote\u00e7\u00e3o das bacias hidrogr\u00e1ficas de capta\u00e7\u00e3o de \u00e1gua do Distrito Federal. Esse dispositivo prioriza a\u00e7\u00f5es governamentais para instala\u00e7\u00e3o de infraestrutura de saneamento b\u00e1sico nas \u00e1reas ou nas cidades onde se localizam as bacias hidrogr\u00e1ficas de capta\u00e7\u00e3o de \u00e1gua.<\/p>\n<p>Complementarmente a essa legisla\u00e7\u00e3o, propus, no in\u00edcio do meu mandato, um projeto de lei que foi aprovado pela CLDF, mas vetado pelo governador. Segundo o Projeto n. 102\/2015, de minha autoria, o GDF fica obrigado, por meio da CAESB, a aplicar 5% de todo o recurso obtido com a capta\u00e7\u00e3o da \u00e1gua de Brazl\u00e2ndia na pr\u00f3pria cidade. Esses recursos ser\u00e3o direcionados, exclusivamente, para saneamento, abastecimento, drenagem pluvial, coleta, tratamento e disposi\u00e7\u00e3o de esgoto.<\/p>\n<p>\u00c9 preciso lutar para derrubar o veto ao PL n. 102\/2015. A crise h\u00eddrica al\u00e7a, definitivamente, a regi\u00e3o de Brazl\u00e2ndia ao primeiro plano das discuss\u00f5es sobre pol\u00edticas de planejamento ambiental no Distrito Federal. \u00c9 dali que a CAESB capta a maior parte da \u00e1gua supre o sistema p\u00fablico de abastecimento da capital nacional. A pol\u00edtica ambiental distrital deve ser abrangente, e deve estar amparada sobre o planejamento da infraestrutura urbana, para que o crescimento das nossas cidades ocorra de forma sustent\u00e1vel e equilibrada.<\/p>\n","protected":false},"excerpt":{"rendered":"<p>Deputado Juarez\u00e3o O Distrito Federal enfrenta, periodicamente, situa\u00e7\u00f5es recorrentes de estresse h\u00eddrico. O sistema de abastecimento de \u00e1gua para uso residencial no DF baseia-se, em grande medida, na capta\u00e7\u00e3o oriunda da barragem do Rio Descoberto. Esse manancial abastece cerca de 65% das resid\u00eancias do Distrito Federal, ocasionando press\u00f5es sobre o Sistema Integrado do Rio Descoberto. [&hellip;]<\/p>\n","protected":false},"author":2,"featured_media":117071,"comment_status":"open","ping_status":"closed","sticky":false,"template":"","format":"standard","meta":{"_acf_changed":false,"footnotes":""},"categories":[25],"tags":[],"class_list":["post-117070","post","type-post","status-publish","format-standard","has-post-thumbnail","hentry","category-opina-ai"],"acf":[],"yoast_head":"<!-- This site is optimized with the Yoast SEO plugin v27.5 - https:\/\/yoast.com\/product\/yoast-seo-wordpress\/ -->\n<title>Se a torneira secar, n\u00e3o foi por falta de aviso - Notibras<\/title>\n<meta name=\"robots\" content=\"index, follow, max-snippet:-1, max-image-preview:large, max-video-preview:-1\" \/>\n<link rel=\"canonical\" href=\"https:\/\/www.notibras.com\/site\/se-a-torneira-secar-nao-foi-por-falta-de-aviso\/\" \/>\n<meta property=\"og:locale\" content=\"pt_BR\" \/>\n<meta property=\"og:type\" content=\"article\" \/>\n<meta property=\"og:title\" content=\"Se a torneira secar, n\u00e3o foi por falta de aviso - Notibras\" \/>\n<meta property=\"og:description\" content=\"Deputado Juarez\u00e3o O Distrito Federal enfrenta, periodicamente, situa\u00e7\u00f5es recorrentes de estresse h\u00eddrico. O sistema de abastecimento de \u00e1gua para uso residencial no DF baseia-se, em grande medida, na capta\u00e7\u00e3o oriunda da barragem do Rio Descoberto. Esse manancial abastece cerca de 65% das resid\u00eancias do Distrito Federal, ocasionando press\u00f5es sobre o Sistema Integrado do Rio Descoberto. [&hellip;]\" \/>\n<meta property=\"og:url\" content=\"https:\/\/www.notibras.com\/site\/se-a-torneira-secar-nao-foi-por-falta-de-aviso\/\" \/>\n<meta property=\"og:site_name\" content=\"Notibras\" \/>\n<meta property=\"article:publisher\" content=\"https:\/\/www.facebook.com\/notibras\/\" \/>\n<meta property=\"article:published_time\" content=\"2016-09-29T22:35:04+00:00\" \/>\n<meta property=\"article:modified_time\" content=\"2016-09-29T22:39:44+00:00\" \/>\n<meta property=\"og:image\" content=\"https:\/\/www.notibras.com\/site\/wp-content\/uploads\/2016\/09\/img201404281813346561487MED.jpg\" \/>\n\t<meta property=\"og:image:width\" content=\"672\" \/>\n\t<meta property=\"og:image:height\" content=\"448\" \/>\n\t<meta property=\"og:image:type\" content=\"image\/jpeg\" \/>\n<meta name=\"author\" content=\"Reda\u00e7\u00e3o\" \/>\n<meta name=\"twitter:card\" content=\"summary_large_image\" \/>\n<meta name=\"twitter:creator\" content=\"@Notibras\" \/>\n<meta name=\"twitter:site\" content=\"@Notibras\" \/>\n<meta name=\"twitter:label1\" content=\"Escrito por\" \/>\n\t<meta name=\"twitter:data1\" content=\"Reda\u00e7\u00e3o\" \/>\n\t<meta name=\"twitter:label2\" content=\"Est. tempo de leitura\" \/>\n\t<meta name=\"twitter:data2\" content=\"3 minutos\" \/>\n<script type=\"application\/ld+json\" class=\"yoast-schema-graph\">{\"@context\":\"https:\\\/\\\/schema.org\",\"@graph\":[{\"@type\":\"Article\",\"@id\":\"https:\\\/\\\/www.notibras.com\\\/site\\\/se-a-torneira-secar-nao-foi-por-falta-de-aviso\\\/#article\",\"isPartOf\":{\"@id\":\"https:\\\/\\\/www.notibras.com\\\/site\\\/se-a-torneira-secar-nao-foi-por-falta-de-aviso\\\/\"},\"author\":{\"name\":\"Reda\u00e7\u00e3o\",\"@id\":\"https:\\\/\\\/www.notibras.com\\\/site\\\/#\\\/schema\\\/person\\\/36ab0979449956132d3e5b517ea76ac8\"},\"headline\":\"Se a torneira secar, n\u00e3o foi por falta de aviso\",\"datePublished\":\"2016-09-29T22:35:04+00:00\",\"dateModified\":\"2016-09-29T22:39:44+00:00\",\"mainEntityOfPage\":{\"@id\":\"https:\\\/\\\/www.notibras.com\\\/site\\\/se-a-torneira-secar-nao-foi-por-falta-de-aviso\\\/\"},\"wordCount\":562,\"commentCount\":0,\"publisher\":{\"@id\":\"https:\\\/\\\/www.notibras.com\\\/site\\\/#organization\"},\"image\":{\"@id\":\"https:\\\/\\\/www.notibras.com\\\/site\\\/se-a-torneira-secar-nao-foi-por-falta-de-aviso\\\/#primaryimage\"},\"thumbnailUrl\":\"https:\\\/\\\/www.notibras.com\\\/site\\\/wp-content\\\/uploads\\\/2016\\\/09\\\/img201404281813346561487MED.jpg\",\"articleSection\":[\"Opina a\u00ed\"],\"inLanguage\":\"pt-BR\",\"potentialAction\":[{\"@type\":\"CommentAction\",\"name\":\"Comment\",\"target\":[\"https:\\\/\\\/www.notibras.com\\\/site\\\/se-a-torneira-secar-nao-foi-por-falta-de-aviso\\\/#respond\"]}]},{\"@type\":\"WebPage\",\"@id\":\"https:\\\/\\\/www.notibras.com\\\/site\\\/se-a-torneira-secar-nao-foi-por-falta-de-aviso\\\/\",\"url\":\"https:\\\/\\\/www.notibras.com\\\/site\\\/se-a-torneira-secar-nao-foi-por-falta-de-aviso\\\/\",\"name\":\"Se a torneira secar, n\u00e3o foi por falta de aviso - Notibras\",\"isPartOf\":{\"@id\":\"https:\\\/\\\/www.notibras.com\\\/site\\\/#website\"},\"primaryImageOfPage\":{\"@id\":\"https:\\\/\\\/www.notibras.com\\\/site\\\/se-a-torneira-secar-nao-foi-por-falta-de-aviso\\\/#primaryimage\"},\"image\":{\"@id\":\"https:\\\/\\\/www.notibras.com\\\/site\\\/se-a-torneira-secar-nao-foi-por-falta-de-aviso\\\/#primaryimage\"},\"thumbnailUrl\":\"https:\\\/\\\/www.notibras.com\\\/site\\\/wp-content\\\/uploads\\\/2016\\\/09\\\/img201404281813346561487MED.jpg\",\"datePublished\":\"2016-09-29T22:35:04+00:00\",\"dateModified\":\"2016-09-29T22:39:44+00:00\",\"breadcrumb\":{\"@id\":\"https:\\\/\\\/www.notibras.com\\\/site\\\/se-a-torneira-secar-nao-foi-por-falta-de-aviso\\\/#breadcrumb\"},\"inLanguage\":\"pt-BR\",\"potentialAction\":[{\"@type\":\"ReadAction\",\"target\":[\"https:\\\/\\\/www.notibras.com\\\/site\\\/se-a-torneira-secar-nao-foi-por-falta-de-aviso\\\/\"]}]},{\"@type\":\"ImageObject\",\"inLanguage\":\"pt-BR\",\"@id\":\"https:\\\/\\\/www.notibras.com\\\/site\\\/se-a-torneira-secar-nao-foi-por-falta-de-aviso\\\/#primaryimage\",\"url\":\"https:\\\/\\\/www.notibras.com\\\/site\\\/wp-content\\\/uploads\\\/2016\\\/09\\\/img201404281813346561487MED.jpg\",\"contentUrl\":\"https:\\\/\\\/www.notibras.com\\\/site\\\/wp-content\\\/uploads\\\/2016\\\/09\\\/img201404281813346561487MED.jpg\",\"width\":672,\"height\":448},{\"@type\":\"BreadcrumbList\",\"@id\":\"https:\\\/\\\/www.notibras.com\\\/site\\\/se-a-torneira-secar-nao-foi-por-falta-de-aviso\\\/#breadcrumb\",\"itemListElement\":[{\"@type\":\"ListItem\",\"position\":1,\"name\":\"In\u00edcio\",\"item\":\"https:\\\/\\\/www.notibras.com\\\/site\\\/\"},{\"@type\":\"ListItem\",\"position\":2,\"name\":\"Se a torneira secar, n\u00e3o foi por falta de aviso\"}]},{\"@type\":\"WebSite\",\"@id\":\"https:\\\/\\\/www.notibras.com\\\/site\\\/#website\",\"url\":\"https:\\\/\\\/www.notibras.com\\\/site\\\/\",\"name\":\"Notibras\",\"description\":\"Not\u00edcias de Bras\u00edlia, do Brasil e do Mundo\",\"publisher\":{\"@id\":\"https:\\\/\\\/www.notibras.com\\\/site\\\/#organization\"},\"potentialAction\":[{\"@type\":\"SearchAction\",\"target\":{\"@type\":\"EntryPoint\",\"urlTemplate\":\"https:\\\/\\\/www.notibras.com\\\/site\\\/?s={search_term_string}\"},\"query-input\":{\"@type\":\"PropertyValueSpecification\",\"valueRequired\":true,\"valueName\":\"search_term_string\"}}],\"inLanguage\":\"pt-BR\"},{\"@type\":\"Organization\",\"@id\":\"https:\\\/\\\/www.notibras.com\\\/site\\\/#organization\",\"name\":\"Grupo Notibras de Comunica\u00e7\u00e3o\",\"url\":\"https:\\\/\\\/www.notibras.com\\\/site\\\/\",\"logo\":{\"@type\":\"ImageObject\",\"inLanguage\":\"pt-BR\",\"@id\":\"https:\\\/\\\/www.notibras.com\\\/site\\\/#\\\/schema\\\/logo\\\/image\\\/\",\"url\":\"https:\\\/\\\/www.notibras.com\\\/site\\\/wp-content\\\/uploads\\\/2023\\\/01\\\/notibras23.png\",\"contentUrl\":\"https:\\\/\\\/www.notibras.com\\\/site\\\/wp-content\\\/uploads\\\/2023\\\/01\\\/notibras23.png\",\"width\":350,\"height\":87,\"caption\":\"Grupo Notibras de Comunica\u00e7\u00e3o\"},\"image\":{\"@id\":\"https:\\\/\\\/www.notibras.com\\\/site\\\/#\\\/schema\\\/logo\\\/image\\\/\"},\"sameAs\":[\"https:\\\/\\\/www.facebook.com\\\/notibras\\\/\",\"https:\\\/\\\/x.com\\\/Notibras\",\"https:\\\/\\\/www.instagram.com\\\/notibras\\\/\"]},{\"@type\":\"Person\",\"@id\":\"https:\\\/\\\/www.notibras.com\\\/site\\\/#\\\/schema\\\/person\\\/36ab0979449956132d3e5b517ea76ac8\",\"name\":\"Reda\u00e7\u00e3o\",\"image\":{\"@type\":\"ImageObject\",\"inLanguage\":\"pt-BR\",\"@id\":\"https:\\\/\\\/secure.gravatar.com\\\/avatar\\\/e0a867bdedb85fd243eadf09663511f96fc81e0720a4a42581f334ad4303aa6b?s=96&d=mm&r=g\",\"url\":\"https:\\\/\\\/secure.gravatar.com\\\/avatar\\\/e0a867bdedb85fd243eadf09663511f96fc81e0720a4a42581f334ad4303aa6b?s=96&d=mm&r=g\",\"contentUrl\":\"https:\\\/\\\/secure.gravatar.com\\\/avatar\\\/e0a867bdedb85fd243eadf09663511f96fc81e0720a4a42581f334ad4303aa6b?s=96&d=mm&r=g\",\"caption\":\"Reda\u00e7\u00e3o\"}}]}<\/script>\n<!-- \/ Yoast SEO plugin. -->","yoast_head_json":{"title":"Se a torneira secar, n\u00e3o foi por falta de aviso - Notibras","robots":{"index":"index","follow":"follow","max-snippet":"max-snippet:-1","max-image-preview":"max-image-preview:large","max-video-preview":"max-video-preview:-1"},"canonical":"https:\/\/www.notibras.com\/site\/se-a-torneira-secar-nao-foi-por-falta-de-aviso\/","og_locale":"pt_BR","og_type":"article","og_title":"Se a torneira secar, n\u00e3o foi por falta de aviso - Notibras","og_description":"Deputado Juarez\u00e3o O Distrito Federal enfrenta, periodicamente, situa\u00e7\u00f5es recorrentes de estresse h\u00eddrico. O sistema de abastecimento de \u00e1gua para uso residencial no DF baseia-se, em grande medida, na capta\u00e7\u00e3o oriunda da barragem do Rio Descoberto. Esse manancial abastece cerca de 65% das resid\u00eancias do Distrito Federal, ocasionando press\u00f5es sobre o Sistema Integrado do Rio Descoberto. [&hellip;]","og_url":"https:\/\/www.notibras.com\/site\/se-a-torneira-secar-nao-foi-por-falta-de-aviso\/","og_site_name":"Notibras","article_publisher":"https:\/\/www.facebook.com\/notibras\/","article_published_time":"2016-09-29T22:35:04+00:00","article_modified_time":"2016-09-29T22:39:44+00:00","og_image":[{"width":672,"height":448,"url":"https:\/\/www.notibras.com\/site\/wp-content\/uploads\/2016\/09\/img201404281813346561487MED.jpg","type":"image\/jpeg"}],"author":"Reda\u00e7\u00e3o","twitter_card":"summary_large_image","twitter_creator":"@Notibras","twitter_site":"@Notibras","twitter_misc":{"Escrito por":"Reda\u00e7\u00e3o","Est. tempo de leitura":"3 minutos"},"schema":{"@context":"https:\/\/schema.org","@graph":[{"@type":"Article","@id":"https:\/\/www.notibras.com\/site\/se-a-torneira-secar-nao-foi-por-falta-de-aviso\/#article","isPartOf":{"@id":"https:\/\/www.notibras.com\/site\/se-a-torneira-secar-nao-foi-por-falta-de-aviso\/"},"author":{"name":"Reda\u00e7\u00e3o","@id":"https:\/\/www.notibras.com\/site\/#\/schema\/person\/36ab0979449956132d3e5b517ea76ac8"},"headline":"Se a torneira secar, n\u00e3o foi por falta de aviso","datePublished":"2016-09-29T22:35:04+00:00","dateModified":"2016-09-29T22:39:44+00:00","mainEntityOfPage":{"@id":"https:\/\/www.notibras.com\/site\/se-a-torneira-secar-nao-foi-por-falta-de-aviso\/"},"wordCount":562,"commentCount":0,"publisher":{"@id":"https:\/\/www.notibras.com\/site\/#organization"},"image":{"@id":"https:\/\/www.notibras.com\/site\/se-a-torneira-secar-nao-foi-por-falta-de-aviso\/#primaryimage"},"thumbnailUrl":"https:\/\/www.notibras.com\/site\/wp-content\/uploads\/2016\/09\/img201404281813346561487MED.jpg","articleSection":["Opina a\u00ed"],"inLanguage":"pt-BR","potentialAction":[{"@type":"CommentAction","name":"Comment","target":["https:\/\/www.notibras.com\/site\/se-a-torneira-secar-nao-foi-por-falta-de-aviso\/#respond"]}]},{"@type":"WebPage","@id":"https:\/\/www.notibras.com\/site\/se-a-torneira-secar-nao-foi-por-falta-de-aviso\/","url":"https:\/\/www.notibras.com\/site\/se-a-torneira-secar-nao-foi-por-falta-de-aviso\/","name":"Se a torneira secar, n\u00e3o foi por falta de aviso - Notibras","isPartOf":{"@id":"https:\/\/www.notibras.com\/site\/#website"},"primaryImageOfPage":{"@id":"https:\/\/www.notibras.com\/site\/se-a-torneira-secar-nao-foi-por-falta-de-aviso\/#primaryimage"},"image":{"@id":"https:\/\/www.notibras.com\/site\/se-a-torneira-secar-nao-foi-por-falta-de-aviso\/#primaryimage"},"thumbnailUrl":"https:\/\/www.notibras.com\/site\/wp-content\/uploads\/2016\/09\/img201404281813346561487MED.jpg","datePublished":"2016-09-29T22:35:04+00:00","dateModified":"2016-09-29T22:39:44+00:00","breadcrumb":{"@id":"https:\/\/www.notibras.com\/site\/se-a-torneira-secar-nao-foi-por-falta-de-aviso\/#breadcrumb"},"inLanguage":"pt-BR","potentialAction":[{"@type":"ReadAction","target":["https:\/\/www.notibras.com\/site\/se-a-torneira-secar-nao-foi-por-falta-de-aviso\/"]}]},{"@type":"ImageObject","inLanguage":"pt-BR","@id":"https:\/\/www.notibras.com\/site\/se-a-torneira-secar-nao-foi-por-falta-de-aviso\/#primaryimage","url":"https:\/\/www.notibras.com\/site\/wp-content\/uploads\/2016\/09\/img201404281813346561487MED.jpg","contentUrl":"https:\/\/www.notibras.com\/site\/wp-content\/uploads\/2016\/09\/img201404281813346561487MED.jpg","width":672,"height":448},{"@type":"BreadcrumbList","@id":"https:\/\/www.notibras.com\/site\/se-a-torneira-secar-nao-foi-por-falta-de-aviso\/#breadcrumb","itemListElement":[{"@type":"ListItem","position":1,"name":"In\u00edcio","item":"https:\/\/www.notibras.com\/site\/"},{"@type":"ListItem","position":2,"name":"Se a torneira secar, n\u00e3o foi por falta de aviso"}]},{"@type":"WebSite","@id":"https:\/\/www.notibras.com\/site\/#website","url":"https:\/\/www.notibras.com\/site\/","name":"Notibras","description":"Not\u00edcias de Bras\u00edlia, do Brasil e do Mundo","publisher":{"@id":"https:\/\/www.notibras.com\/site\/#organization"},"potentialAction":[{"@type":"SearchAction","target":{"@type":"EntryPoint","urlTemplate":"https:\/\/www.notibras.com\/site\/?s={search_term_string}"},"query-input":{"@type":"PropertyValueSpecification","valueRequired":true,"valueName":"search_term_string"}}],"inLanguage":"pt-BR"},{"@type":"Organization","@id":"https:\/\/www.notibras.com\/site\/#organization","name":"Grupo Notibras de Comunica\u00e7\u00e3o","url":"https:\/\/www.notibras.com\/site\/","logo":{"@type":"ImageObject","inLanguage":"pt-BR","@id":"https:\/\/www.notibras.com\/site\/#\/schema\/logo\/image\/","url":"https:\/\/www.notibras.com\/site\/wp-content\/uploads\/2023\/01\/notibras23.png","contentUrl":"https:\/\/www.notibras.com\/site\/wp-content\/uploads\/2023\/01\/notibras23.png","width":350,"height":87,"caption":"Grupo Notibras de Comunica\u00e7\u00e3o"},"image":{"@id":"https:\/\/www.notibras.com\/site\/#\/schema\/logo\/image\/"},"sameAs":["https:\/\/www.facebook.com\/notibras\/","https:\/\/x.com\/Notibras","https:\/\/www.instagram.com\/notibras\/"]},{"@type":"Person","@id":"https:\/\/www.notibras.com\/site\/#\/schema\/person\/36ab0979449956132d3e5b517ea76ac8","name":"Reda\u00e7\u00e3o","image":{"@type":"ImageObject","inLanguage":"pt-BR","@id":"https:\/\/secure.gravatar.com\/avatar\/e0a867bdedb85fd243eadf09663511f96fc81e0720a4a42581f334ad4303aa6b?s=96&d=mm&r=g","url":"https:\/\/secure.gravatar.com\/avatar\/e0a867bdedb85fd243eadf09663511f96fc81e0720a4a42581f334ad4303aa6b?s=96&d=mm&r=g","contentUrl":"https:\/\/secure.gravatar.com\/avatar\/e0a867bdedb85fd243eadf09663511f96fc81e0720a4a42581f334ad4303aa6b?s=96&d=mm&r=g","caption":"Reda\u00e7\u00e3o"}}]}},"amp_enabled":true,"_links":{"self":[{"href":"https:\/\/www.notibras.com\/site\/wp-json\/wp\/v2\/posts\/117070","targetHints":{"allow":["GET"]}}],"collection":[{"href":"https:\/\/www.notibras.com\/site\/wp-json\/wp\/v2\/posts"}],"about":[{"href":"https:\/\/www.notibras.com\/site\/wp-json\/wp\/v2\/types\/post"}],"author":[{"embeddable":true,"href":"https:\/\/www.notibras.com\/site\/wp-json\/wp\/v2\/users\/2"}],"replies":[{"embeddable":true,"href":"https:\/\/www.notibras.com\/site\/wp-json\/wp\/v2\/comments?post=117070"}],"version-history":[{"count":1,"href":"https:\/\/www.notibras.com\/site\/wp-json\/wp\/v2\/posts\/117070\/revisions"}],"predecessor-version":[{"id":117072,"href":"https:\/\/www.notibras.com\/site\/wp-json\/wp\/v2\/posts\/117070\/revisions\/117072"}],"wp:featuredmedia":[{"embeddable":true,"href":"https:\/\/www.notibras.com\/site\/wp-json\/wp\/v2\/media\/117071"}],"wp:attachment":[{"href":"https:\/\/www.notibras.com\/site\/wp-json\/wp\/v2\/media?parent=117070"}],"wp:term":[{"taxonomy":"category","embeddable":true,"href":"https:\/\/www.notibras.com\/site\/wp-json\/wp\/v2\/categories?post=117070"},{"taxonomy":"post_tag","embeddable":true,"href":"https:\/\/www.notibras.com\/site\/wp-json\/wp\/v2\/tags?post=117070"}],"curies":[{"name":"wp","href":"https:\/\/api.w.org\/{rel}","templated":true}]}}