{"id":117299,"date":"2016-10-02T07:08:24","date_gmt":"2016-10-02T10:08:24","guid":{"rendered":"http:\/\/www.notibras.com\/site\/?p=117299"},"modified":"2016-10-02T07:08:24","modified_gmt":"2016-10-02T10:08:24","slug":"candidatos-falam-muito-e-ninguem-entende-nada","status":"publish","type":"post","link":"https:\/\/www.notibras.com\/site\/candidatos-falam-muito-e-ninguem-entende-nada\/","title":{"rendered":"Candidatos falam muito e ningu\u00e9m entende nada"},"content":{"rendered":"<p><strong>Fernando Henrique Cardoso<\/strong><\/p>\n<p>A semana que ontem terminou foi pr\u00f3diga em debates eleitorais. O mais significativo em termos globais foi o duelo Hillary Clinton versus Donald Trump. Entre n\u00f3s, a multiplicidade de candidatos a prefeito \u00e9 tanta e a fragmenta\u00e7\u00e3o do eleitorado \u00e9 t\u00e3o grande que fica dif\u00edcil at\u00e9 mesmo acompanhar o que dizem.<\/p>\n<p>Vendo o debate americano, ficou claro que Trump quer ser o candidato do \u201ccontra tudo isso que est\u00e1 a\u00ed\u201d, muito especialmente contra a globaliza\u00e7\u00e3o, e dos que n\u00e3o gostam dos imigrantes. Com jeito, Hillary mostrou, a quem tem olhos para ver, que a intoler\u00e2ncia racial se junta ao blend de arrog\u00e2ncia e beliger\u00e2ncia do candidato republicano. Experiente e bem preparada, Hillary exibiu racionalmente suas qualidades como eventual \u201ccomandante em chefe\u201d das For\u00e7as Armadas e chefe de Estado e de governo. Mostrou-se tamb\u00e9m mais comprometida com os valores da igualdade democr\u00e1tica. Uma estadista.<\/p>\n<p>Com o olhar de algu\u00e9m de fora e com forma\u00e7\u00e3o universit\u00e1ria, a vit\u00f3ria de Hillary pareceria assegurada. Como pol\u00edtico, contudo, sinto certa ang\u00fastia: o marquetismo nas sociedades de massas, interligadas pelas TVs e pela m\u00eddia social, torna ainda mais imprevis\u00edvel o comportamento do eleitor.<\/p>\n<p>Esta \u00e9 a esfinge da pol\u00edtica contempor\u00e2nea. Aos mais velhos d\u00e1 saudades do tempo em que os partidos correspondiam no geral aos \u201cinteresses de classe\u201d ou pelos menos a grupos sociais mais bem definidos e a pol\u00edtica era ou parecia ser a disputa entre esses interesses pela sua representa\u00e7\u00e3o nos \u00f3rg\u00e3os eletivos do Estado. Hoje o eleitorado \u00e9 mais fragmentado porque a sociedade \u00e9 tamb\u00e9m mais fragmentada e os indiv\u00edduos se definem por ades\u00f5es a valores, a identidades culturais, que se sobrep\u00f5em \u00e0s identidades de classe, tornando-as menos n\u00edtidas.<\/p>\n<p>No caso americano, pelo menos, ainda se podem distinguir vis\u00f5es claramente diferentes: do lado republicano, uma vis\u00e3o abertamente isolacionista e hostil aos imigrantes e \u00e0 globaliza\u00e7\u00e3o; do lado democrata, uma vis\u00e3o cultural e racialmente mais aberta, liberal-democr\u00e1tica, e mais realista, no reconhecimento da globaliza\u00e7\u00e3o das rela\u00e7\u00f5es produtivas.<\/p>\n<p>Entre n\u00f3s, \u00e9 mais dif\u00edcil perceber os \u201cdois campos\u201d, ainda mais numa elei\u00e7\u00e3o de \u00e2mbito local. Aqui \u00e9 maior a desconex\u00e3o entre os partidos e a sociedade. Nem esta se v\u00ea representada naqueles, seja em seus interesses econ\u00f4micos, seja em seus valores e identidades culturais, nem os partidos s\u00e3o capazes de apresentar vis\u00f5es que, agregando interesses e valores, em distintos campos culturais e pol\u00edticos, permitam \u00e0 sociedade perceber-se como mais do que um conjunto de indiv\u00edduos ou de grupos identit\u00e1rios autorreferidos.<\/p>\n<p>Embora em S\u00e3o Paulo e no Brasil o PSDB deva sair fortalecido, o quadro das elei\u00e7\u00f5es municipais, projetado para 2018, preocupa. Desde as elei\u00e7\u00f5es de 1994 at\u00e9 2014, o PSDB e o PT pelo menos organizavam dois campos distintos na disputa pela Presid\u00eancia da Rep\u00fablica, o que apontava um certo rumo para o mandato presidencial. O PMDB, por sua vez, atuava como elemento estabilizador para a aprova\u00e7\u00e3o das medidas governamentais no Congresso Nacional.<\/p>\n<p>\u00c9 natural que em 2018 as quest\u00f5es nacionais estejam em pauta. Para dar um rumo congruente ao Pa\u00eds, no entanto, ser\u00e1 necess\u00e1rio que um ou mais candidatos se ergam acima da fragmenta\u00e7\u00e3o partid\u00e1ria e n\u00e3o se deixem guiar pela \u201cci\u00eancia\u201d do marketing eleitoral. Tor\u00e7o para que se apresente quem proclame em alto e bom som que zelar pelo equil\u00edbrio fiscal \u00e9 obriga\u00e7\u00e3o de qualquer governante respons\u00e1vel, pois o descontrole das contas p\u00fablicas leva \u00e0 infla\u00e7\u00e3o, que rouba a renda dos mais pobres; que sem investimento e crescimento econ\u00f4mico n\u00e3o h\u00e1 sustentabilidade das pol\u00edticas de inclus\u00e3o social, mas tamb\u00e9m que sem estas o \u201cmercado\u201d concentra a renda e frustra a aspira\u00e7\u00e3o leg\u00edtima por justi\u00e7a social.<\/p>\n<p>Um candidato que n\u00e3o se omita na discuss\u00e3o sobre os direitos reprodutivos das mulheres, inclusive o aborto, assim como sobre o uso de drogas (e as melhores pol\u00edticas para reduzir o seu consumo), nem tema afirmar que todas as pessoas devem ter a liberdade de escolher sua orienta\u00e7\u00e3o sexual sem preju\u00edzo dos seus direitos como cidad\u00e3os iguais aos demais. Noutros termos, precisamos de uma candidatura presidencial que seja fiscalmente respons\u00e1vel, socialmente progressista e culturalmente liberal.<\/p>\n<p>Ela deve ajudar a desenhar um novo campo pol\u00edtico, que seja de centro-esquerda, mas plural e sem pretens\u00f5es hegem\u00f4nicas deste ou daquele partido. N\u00e3o ser\u00e1 um campo orientado por crit\u00e9rios de classe, mas voltado para os interesses das maiorias n\u00e3o ricas do Pa\u00eds, contra os privil\u00e9gios, e aberto \u00e0s novas formas de participa\u00e7\u00e3o e representa\u00e7\u00e3o da sociedade.<\/p>\n<p>Os partidos que n\u00e3o se derem conta de que a sociedade mudou e continuarem a girar no espl\u00eandido isolamento do mundo congressual poder\u00e3o continuar existindo, mas apenas como representa\u00e7\u00e3o dos interesses daqueles que os controlam. Sem encontrar canais de representa\u00e7\u00e3o nos partidos, os fios entre a sociedade e os Estados se tornar\u00e3o ainda mais fr\u00e1geis e esse vazio pode ser ocupado por formas de representa\u00e7\u00e3o e organiza\u00e7\u00e3o de interesses altamente nocivas \u00e0 democracia e \u00e0 conviv\u00eancia civilizada. O espectro de uma sociedade incivil e de uma pol\u00edtica de demagogos \u00e9 um risco real.<\/p>\n<p>A agenda de reformas que o atual governo apresentou \u00e9 uma oportunidade para devolver grandeza \u00e0 pol\u00edtica. Aos partidos n\u00e3o cabe apenas vot\u00e1-las no Congresso, mas convencer a sociedade das raz\u00f5es dos seus votos e, nesse debate, come\u00e7ar a desenhar vis\u00f5es sobre o Brasil para al\u00e9m de 2018. Fortalecido pelos bons resultados nas elei\u00e7\u00f5es municipais, o PSDB deve tomar a dianteira, sem exclusivismos, nessa tarefa, olhando para o futuro, sem esquecer de desmascarar o passado, com serenidade, mas com firmeza.<\/p>\n","protected":false},"excerpt":{"rendered":"<p>Fernando Henrique Cardoso A semana que ontem terminou foi pr\u00f3diga em debates eleitorais. O mais significativo em termos globais foi o duelo Hillary Clinton versus Donald Trump. Entre n\u00f3s, a multiplicidade de candidatos a prefeito \u00e9 tanta e a fragmenta\u00e7\u00e3o do eleitorado \u00e9 t\u00e3o grande que fica dif\u00edcil at\u00e9 mesmo acompanhar o que dizem. Vendo [&hellip;]<\/p>\n","protected":false},"author":2,"featured_media":117300,"comment_status":"open","ping_status":"closed","sticky":false,"template":"","format":"standard","meta":{"_acf_changed":false,"footnotes":""},"categories":[25],"tags":[],"class_list":["post-117299","post","type-post","status-publish","format-standard","has-post-thumbnail","hentry","category-opina-ai"],"acf":[],"yoast_head":"<!-- This site is optimized with the Yoast SEO plugin v27.5 - https:\/\/yoast.com\/product\/yoast-seo-wordpress\/ -->\n<title>Candidatos falam muito e ningu\u00e9m entende nada - Notibras<\/title>\n<meta name=\"robots\" content=\"index, follow, max-snippet:-1, max-image-preview:large, max-video-preview:-1\" \/>\n<link rel=\"canonical\" href=\"https:\/\/www.notibras.com\/site\/candidatos-falam-muito-e-ninguem-entende-nada\/\" \/>\n<meta property=\"og:locale\" content=\"pt_BR\" \/>\n<meta property=\"og:type\" content=\"article\" \/>\n<meta property=\"og:title\" content=\"Candidatos falam muito e ningu\u00e9m entende nada - Notibras\" \/>\n<meta property=\"og:description\" content=\"Fernando Henrique Cardoso A semana que ontem terminou foi pr\u00f3diga em debates eleitorais. O mais significativo em termos globais foi o duelo Hillary Clinton versus Donald Trump. Entre n\u00f3s, a multiplicidade de candidatos a prefeito \u00e9 tanta e a fragmenta\u00e7\u00e3o do eleitorado \u00e9 t\u00e3o grande que fica dif\u00edcil at\u00e9 mesmo acompanhar o que dizem. Vendo [&hellip;]\" \/>\n<meta property=\"og:url\" content=\"https:\/\/www.notibras.com\/site\/candidatos-falam-muito-e-ninguem-entende-nada\/\" \/>\n<meta property=\"og:site_name\" content=\"Notibras\" \/>\n<meta property=\"article:publisher\" content=\"https:\/\/www.facebook.com\/notibras\/\" \/>\n<meta property=\"article:published_time\" content=\"2016-10-02T10:08:24+00:00\" \/>\n<meta property=\"og:image\" content=\"https:\/\/www.notibras.com\/site\/wp-content\/uploads\/2016\/10\/FHC-1.jpg\" \/>\n\t<meta property=\"og:image:width\" content=\"2190\" \/>\n\t<meta property=\"og:image:height\" content=\"1640\" \/>\n\t<meta property=\"og:image:type\" content=\"image\/jpeg\" \/>\n<meta name=\"author\" content=\"Reda\u00e7\u00e3o\" \/>\n<meta name=\"twitter:card\" content=\"summary_large_image\" \/>\n<meta name=\"twitter:creator\" content=\"@Notibras\" \/>\n<meta name=\"twitter:site\" content=\"@Notibras\" \/>\n<meta name=\"twitter:label1\" content=\"Escrito por\" \/>\n\t<meta name=\"twitter:data1\" content=\"Reda\u00e7\u00e3o\" \/>\n\t<meta name=\"twitter:label2\" content=\"Est. tempo de leitura\" \/>\n\t<meta name=\"twitter:data2\" content=\"5 minutos\" \/>\n<script type=\"application\/ld+json\" class=\"yoast-schema-graph\">{\"@context\":\"https:\\\/\\\/schema.org\",\"@graph\":[{\"@type\":\"Article\",\"@id\":\"https:\\\/\\\/www.notibras.com\\\/site\\\/candidatos-falam-muito-e-ninguem-entende-nada\\\/#article\",\"isPartOf\":{\"@id\":\"https:\\\/\\\/www.notibras.com\\\/site\\\/candidatos-falam-muito-e-ninguem-entende-nada\\\/\"},\"author\":{\"name\":\"Reda\u00e7\u00e3o\",\"@id\":\"https:\\\/\\\/www.notibras.com\\\/site\\\/#\\\/schema\\\/person\\\/36ab0979449956132d3e5b517ea76ac8\"},\"headline\":\"Candidatos falam muito e ningu\u00e9m entende nada\",\"datePublished\":\"2016-10-02T10:08:24+00:00\",\"mainEntityOfPage\":{\"@id\":\"https:\\\/\\\/www.notibras.com\\\/site\\\/candidatos-falam-muito-e-ninguem-entende-nada\\\/\"},\"wordCount\":996,\"commentCount\":0,\"publisher\":{\"@id\":\"https:\\\/\\\/www.notibras.com\\\/site\\\/#organization\"},\"image\":{\"@id\":\"https:\\\/\\\/www.notibras.com\\\/site\\\/candidatos-falam-muito-e-ninguem-entende-nada\\\/#primaryimage\"},\"thumbnailUrl\":\"https:\\\/\\\/www.notibras.com\\\/site\\\/wp-content\\\/uploads\\\/2016\\\/10\\\/FHC-1.jpg\",\"articleSection\":[\"Opina a\u00ed\"],\"inLanguage\":\"pt-BR\",\"potentialAction\":[{\"@type\":\"CommentAction\",\"name\":\"Comment\",\"target\":[\"https:\\\/\\\/www.notibras.com\\\/site\\\/candidatos-falam-muito-e-ninguem-entende-nada\\\/#respond\"]}]},{\"@type\":\"WebPage\",\"@id\":\"https:\\\/\\\/www.notibras.com\\\/site\\\/candidatos-falam-muito-e-ninguem-entende-nada\\\/\",\"url\":\"https:\\\/\\\/www.notibras.com\\\/site\\\/candidatos-falam-muito-e-ninguem-entende-nada\\\/\",\"name\":\"Candidatos falam muito e ningu\u00e9m entende nada - Notibras\",\"isPartOf\":{\"@id\":\"https:\\\/\\\/www.notibras.com\\\/site\\\/#website\"},\"primaryImageOfPage\":{\"@id\":\"https:\\\/\\\/www.notibras.com\\\/site\\\/candidatos-falam-muito-e-ninguem-entende-nada\\\/#primaryimage\"},\"image\":{\"@id\":\"https:\\\/\\\/www.notibras.com\\\/site\\\/candidatos-falam-muito-e-ninguem-entende-nada\\\/#primaryimage\"},\"thumbnailUrl\":\"https:\\\/\\\/www.notibras.com\\\/site\\\/wp-content\\\/uploads\\\/2016\\\/10\\\/FHC-1.jpg\",\"datePublished\":\"2016-10-02T10:08:24+00:00\",\"breadcrumb\":{\"@id\":\"https:\\\/\\\/www.notibras.com\\\/site\\\/candidatos-falam-muito-e-ninguem-entende-nada\\\/#breadcrumb\"},\"inLanguage\":\"pt-BR\",\"potentialAction\":[{\"@type\":\"ReadAction\",\"target\":[\"https:\\\/\\\/www.notibras.com\\\/site\\\/candidatos-falam-muito-e-ninguem-entende-nada\\\/\"]}]},{\"@type\":\"ImageObject\",\"inLanguage\":\"pt-BR\",\"@id\":\"https:\\\/\\\/www.notibras.com\\\/site\\\/candidatos-falam-muito-e-ninguem-entende-nada\\\/#primaryimage\",\"url\":\"https:\\\/\\\/www.notibras.com\\\/site\\\/wp-content\\\/uploads\\\/2016\\\/10\\\/FHC-1.jpg\",\"contentUrl\":\"https:\\\/\\\/www.notibras.com\\\/site\\\/wp-content\\\/uploads\\\/2016\\\/10\\\/FHC-1.jpg\",\"width\":2190,\"height\":1640,\"caption\":\"Foto: Dida Sampaio\\\/Estad\u00e3oConte\u00fado\"},{\"@type\":\"BreadcrumbList\",\"@id\":\"https:\\\/\\\/www.notibras.com\\\/site\\\/candidatos-falam-muito-e-ninguem-entende-nada\\\/#breadcrumb\",\"itemListElement\":[{\"@type\":\"ListItem\",\"position\":1,\"name\":\"In\u00edcio\",\"item\":\"https:\\\/\\\/www.notibras.com\\\/site\\\/\"},{\"@type\":\"ListItem\",\"position\":2,\"name\":\"Candidatos falam muito e ningu\u00e9m entende nada\"}]},{\"@type\":\"WebSite\",\"@id\":\"https:\\\/\\\/www.notibras.com\\\/site\\\/#website\",\"url\":\"https:\\\/\\\/www.notibras.com\\\/site\\\/\",\"name\":\"Notibras\",\"description\":\"Not\u00edcias de Bras\u00edlia, do Brasil e do Mundo\",\"publisher\":{\"@id\":\"https:\\\/\\\/www.notibras.com\\\/site\\\/#organization\"},\"potentialAction\":[{\"@type\":\"SearchAction\",\"target\":{\"@type\":\"EntryPoint\",\"urlTemplate\":\"https:\\\/\\\/www.notibras.com\\\/site\\\/?s={search_term_string}\"},\"query-input\":{\"@type\":\"PropertyValueSpecification\",\"valueRequired\":true,\"valueName\":\"search_term_string\"}}],\"inLanguage\":\"pt-BR\"},{\"@type\":\"Organization\",\"@id\":\"https:\\\/\\\/www.notibras.com\\\/site\\\/#organization\",\"name\":\"Grupo Notibras de Comunica\u00e7\u00e3o\",\"url\":\"https:\\\/\\\/www.notibras.com\\\/site\\\/\",\"logo\":{\"@type\":\"ImageObject\",\"inLanguage\":\"pt-BR\",\"@id\":\"https:\\\/\\\/www.notibras.com\\\/site\\\/#\\\/schema\\\/logo\\\/image\\\/\",\"url\":\"https:\\\/\\\/www.notibras.com\\\/site\\\/wp-content\\\/uploads\\\/2023\\\/01\\\/notibras23.png\",\"contentUrl\":\"https:\\\/\\\/www.notibras.com\\\/site\\\/wp-content\\\/uploads\\\/2023\\\/01\\\/notibras23.png\",\"width\":350,\"height\":87,\"caption\":\"Grupo Notibras de Comunica\u00e7\u00e3o\"},\"image\":{\"@id\":\"https:\\\/\\\/www.notibras.com\\\/site\\\/#\\\/schema\\\/logo\\\/image\\\/\"},\"sameAs\":[\"https:\\\/\\\/www.facebook.com\\\/notibras\\\/\",\"https:\\\/\\\/x.com\\\/Notibras\",\"https:\\\/\\\/www.instagram.com\\\/notibras\\\/\"]},{\"@type\":\"Person\",\"@id\":\"https:\\\/\\\/www.notibras.com\\\/site\\\/#\\\/schema\\\/person\\\/36ab0979449956132d3e5b517ea76ac8\",\"name\":\"Reda\u00e7\u00e3o\",\"image\":{\"@type\":\"ImageObject\",\"inLanguage\":\"pt-BR\",\"@id\":\"https:\\\/\\\/secure.gravatar.com\\\/avatar\\\/e0a867bdedb85fd243eadf09663511f96fc81e0720a4a42581f334ad4303aa6b?s=96&d=mm&r=g\",\"url\":\"https:\\\/\\\/secure.gravatar.com\\\/avatar\\\/e0a867bdedb85fd243eadf09663511f96fc81e0720a4a42581f334ad4303aa6b?s=96&d=mm&r=g\",\"contentUrl\":\"https:\\\/\\\/secure.gravatar.com\\\/avatar\\\/e0a867bdedb85fd243eadf09663511f96fc81e0720a4a42581f334ad4303aa6b?s=96&d=mm&r=g\",\"caption\":\"Reda\u00e7\u00e3o\"}}]}<\/script>\n<!-- \/ Yoast SEO plugin. -->","yoast_head_json":{"title":"Candidatos falam muito e ningu\u00e9m entende nada - Notibras","robots":{"index":"index","follow":"follow","max-snippet":"max-snippet:-1","max-image-preview":"max-image-preview:large","max-video-preview":"max-video-preview:-1"},"canonical":"https:\/\/www.notibras.com\/site\/candidatos-falam-muito-e-ninguem-entende-nada\/","og_locale":"pt_BR","og_type":"article","og_title":"Candidatos falam muito e ningu\u00e9m entende nada - Notibras","og_description":"Fernando Henrique Cardoso A semana que ontem terminou foi pr\u00f3diga em debates eleitorais. O mais significativo em termos globais foi o duelo Hillary Clinton versus Donald Trump. Entre n\u00f3s, a multiplicidade de candidatos a prefeito \u00e9 tanta e a fragmenta\u00e7\u00e3o do eleitorado \u00e9 t\u00e3o grande que fica dif\u00edcil at\u00e9 mesmo acompanhar o que dizem. Vendo [&hellip;]","og_url":"https:\/\/www.notibras.com\/site\/candidatos-falam-muito-e-ninguem-entende-nada\/","og_site_name":"Notibras","article_publisher":"https:\/\/www.facebook.com\/notibras\/","article_published_time":"2016-10-02T10:08:24+00:00","og_image":[{"width":2190,"height":1640,"url":"https:\/\/www.notibras.com\/site\/wp-content\/uploads\/2016\/10\/FHC-1.jpg","type":"image\/jpeg"}],"author":"Reda\u00e7\u00e3o","twitter_card":"summary_large_image","twitter_creator":"@Notibras","twitter_site":"@Notibras","twitter_misc":{"Escrito por":"Reda\u00e7\u00e3o","Est. tempo de leitura":"5 minutos"},"schema":{"@context":"https:\/\/schema.org","@graph":[{"@type":"Article","@id":"https:\/\/www.notibras.com\/site\/candidatos-falam-muito-e-ninguem-entende-nada\/#article","isPartOf":{"@id":"https:\/\/www.notibras.com\/site\/candidatos-falam-muito-e-ninguem-entende-nada\/"},"author":{"name":"Reda\u00e7\u00e3o","@id":"https:\/\/www.notibras.com\/site\/#\/schema\/person\/36ab0979449956132d3e5b517ea76ac8"},"headline":"Candidatos falam muito e ningu\u00e9m entende nada","datePublished":"2016-10-02T10:08:24+00:00","mainEntityOfPage":{"@id":"https:\/\/www.notibras.com\/site\/candidatos-falam-muito-e-ninguem-entende-nada\/"},"wordCount":996,"commentCount":0,"publisher":{"@id":"https:\/\/www.notibras.com\/site\/#organization"},"image":{"@id":"https:\/\/www.notibras.com\/site\/candidatos-falam-muito-e-ninguem-entende-nada\/#primaryimage"},"thumbnailUrl":"https:\/\/www.notibras.com\/site\/wp-content\/uploads\/2016\/10\/FHC-1.jpg","articleSection":["Opina a\u00ed"],"inLanguage":"pt-BR","potentialAction":[{"@type":"CommentAction","name":"Comment","target":["https:\/\/www.notibras.com\/site\/candidatos-falam-muito-e-ninguem-entende-nada\/#respond"]}]},{"@type":"WebPage","@id":"https:\/\/www.notibras.com\/site\/candidatos-falam-muito-e-ninguem-entende-nada\/","url":"https:\/\/www.notibras.com\/site\/candidatos-falam-muito-e-ninguem-entende-nada\/","name":"Candidatos falam muito e ningu\u00e9m entende nada - Notibras","isPartOf":{"@id":"https:\/\/www.notibras.com\/site\/#website"},"primaryImageOfPage":{"@id":"https:\/\/www.notibras.com\/site\/candidatos-falam-muito-e-ninguem-entende-nada\/#primaryimage"},"image":{"@id":"https:\/\/www.notibras.com\/site\/candidatos-falam-muito-e-ninguem-entende-nada\/#primaryimage"},"thumbnailUrl":"https:\/\/www.notibras.com\/site\/wp-content\/uploads\/2016\/10\/FHC-1.jpg","datePublished":"2016-10-02T10:08:24+00:00","breadcrumb":{"@id":"https:\/\/www.notibras.com\/site\/candidatos-falam-muito-e-ninguem-entende-nada\/#breadcrumb"},"inLanguage":"pt-BR","potentialAction":[{"@type":"ReadAction","target":["https:\/\/www.notibras.com\/site\/candidatos-falam-muito-e-ninguem-entende-nada\/"]}]},{"@type":"ImageObject","inLanguage":"pt-BR","@id":"https:\/\/www.notibras.com\/site\/candidatos-falam-muito-e-ninguem-entende-nada\/#primaryimage","url":"https:\/\/www.notibras.com\/site\/wp-content\/uploads\/2016\/10\/FHC-1.jpg","contentUrl":"https:\/\/www.notibras.com\/site\/wp-content\/uploads\/2016\/10\/FHC-1.jpg","width":2190,"height":1640,"caption":"Foto: Dida Sampaio\/Estad\u00e3oConte\u00fado"},{"@type":"BreadcrumbList","@id":"https:\/\/www.notibras.com\/site\/candidatos-falam-muito-e-ninguem-entende-nada\/#breadcrumb","itemListElement":[{"@type":"ListItem","position":1,"name":"In\u00edcio","item":"https:\/\/www.notibras.com\/site\/"},{"@type":"ListItem","position":2,"name":"Candidatos falam muito e ningu\u00e9m entende nada"}]},{"@type":"WebSite","@id":"https:\/\/www.notibras.com\/site\/#website","url":"https:\/\/www.notibras.com\/site\/","name":"Notibras","description":"Not\u00edcias de Bras\u00edlia, do Brasil e do Mundo","publisher":{"@id":"https:\/\/www.notibras.com\/site\/#organization"},"potentialAction":[{"@type":"SearchAction","target":{"@type":"EntryPoint","urlTemplate":"https:\/\/www.notibras.com\/site\/?s={search_term_string}"},"query-input":{"@type":"PropertyValueSpecification","valueRequired":true,"valueName":"search_term_string"}}],"inLanguage":"pt-BR"},{"@type":"Organization","@id":"https:\/\/www.notibras.com\/site\/#organization","name":"Grupo Notibras de Comunica\u00e7\u00e3o","url":"https:\/\/www.notibras.com\/site\/","logo":{"@type":"ImageObject","inLanguage":"pt-BR","@id":"https:\/\/www.notibras.com\/site\/#\/schema\/logo\/image\/","url":"https:\/\/www.notibras.com\/site\/wp-content\/uploads\/2023\/01\/notibras23.png","contentUrl":"https:\/\/www.notibras.com\/site\/wp-content\/uploads\/2023\/01\/notibras23.png","width":350,"height":87,"caption":"Grupo Notibras de Comunica\u00e7\u00e3o"},"image":{"@id":"https:\/\/www.notibras.com\/site\/#\/schema\/logo\/image\/"},"sameAs":["https:\/\/www.facebook.com\/notibras\/","https:\/\/x.com\/Notibras","https:\/\/www.instagram.com\/notibras\/"]},{"@type":"Person","@id":"https:\/\/www.notibras.com\/site\/#\/schema\/person\/36ab0979449956132d3e5b517ea76ac8","name":"Reda\u00e7\u00e3o","image":{"@type":"ImageObject","inLanguage":"pt-BR","@id":"https:\/\/secure.gravatar.com\/avatar\/e0a867bdedb85fd243eadf09663511f96fc81e0720a4a42581f334ad4303aa6b?s=96&d=mm&r=g","url":"https:\/\/secure.gravatar.com\/avatar\/e0a867bdedb85fd243eadf09663511f96fc81e0720a4a42581f334ad4303aa6b?s=96&d=mm&r=g","contentUrl":"https:\/\/secure.gravatar.com\/avatar\/e0a867bdedb85fd243eadf09663511f96fc81e0720a4a42581f334ad4303aa6b?s=96&d=mm&r=g","caption":"Reda\u00e7\u00e3o"}}]}},"amp_enabled":true,"_links":{"self":[{"href":"https:\/\/www.notibras.com\/site\/wp-json\/wp\/v2\/posts\/117299","targetHints":{"allow":["GET"]}}],"collection":[{"href":"https:\/\/www.notibras.com\/site\/wp-json\/wp\/v2\/posts"}],"about":[{"href":"https:\/\/www.notibras.com\/site\/wp-json\/wp\/v2\/types\/post"}],"author":[{"embeddable":true,"href":"https:\/\/www.notibras.com\/site\/wp-json\/wp\/v2\/users\/2"}],"replies":[{"embeddable":true,"href":"https:\/\/www.notibras.com\/site\/wp-json\/wp\/v2\/comments?post=117299"}],"version-history":[{"count":1,"href":"https:\/\/www.notibras.com\/site\/wp-json\/wp\/v2\/posts\/117299\/revisions"}],"predecessor-version":[{"id":117301,"href":"https:\/\/www.notibras.com\/site\/wp-json\/wp\/v2\/posts\/117299\/revisions\/117301"}],"wp:featuredmedia":[{"embeddable":true,"href":"https:\/\/www.notibras.com\/site\/wp-json\/wp\/v2\/media\/117300"}],"wp:attachment":[{"href":"https:\/\/www.notibras.com\/site\/wp-json\/wp\/v2\/media?parent=117299"}],"wp:term":[{"taxonomy":"category","embeddable":true,"href":"https:\/\/www.notibras.com\/site\/wp-json\/wp\/v2\/categories?post=117299"},{"taxonomy":"post_tag","embeddable":true,"href":"https:\/\/www.notibras.com\/site\/wp-json\/wp\/v2\/tags?post=117299"}],"curies":[{"name":"wp","href":"https:\/\/api.w.org\/{rel}","templated":true}]}}