{"id":117410,"date":"2016-10-03T08:14:48","date_gmt":"2016-10-03T11:14:48","guid":{"rendered":"http:\/\/www.notibras.com\/site\/?p=117410"},"modified":"2016-10-03T08:14:48","modified_gmt":"2016-10-03T11:14:48","slug":"militarizacao-da-internet-nao-combate-crimes","status":"publish","type":"post","link":"https:\/\/www.notibras.com\/site\/militarizacao-da-internet-nao-combate-crimes\/","title":{"rendered":"Militariza\u00e7\u00e3o da internet n\u00e3o combate crimes"},"content":{"rendered":"<p><strong>Robert Muggah<\/strong><br \/>\n<strong>Nathan B. Thompson<\/strong><\/p>\n<p>A seguran\u00e7a cibern\u00e9tica n\u00e3o esteve presente na agenda oficial da c\u00fapula do G20 em Hangzhou, mas foi uma das maiores preocupa\u00e7\u00f5es entre v\u00e1rios dos participantes. Alguns dos \u00faltimos ataques cibern\u00e9ticos contra \u00f3rg\u00e3os do governo americano, contra operadoras de telefonia do Reino Unido e tamb\u00e9m a empresas de cart\u00e3o de cr\u00e9dito da Coreia do Sul ainda s\u00e3o duras lembran\u00e7as dos perigos que as viola\u00e7\u00f5es de seguran\u00e7a e o roubo de dados representam.<\/p>\n<p>Os criminosos virtuais est\u00e3o muito \u00e0 frente dos agentes da lei, isso tanto no Brasil como no mundo, e os custos para a economia global s\u00e3o imensos: estima-se que, at\u00e9 2019, eles chegar\u00e3o \u00e0 cifra de US$ 2,1 trilh\u00f5es anuais. Embora n\u00e3o tenha se manifestado sobre o tema durante a c\u00fapula, o Brasil tamb\u00e9m tem motivos para estar preocupado.<\/p>\n<p>O pa\u00eds est\u00e1 no epicentro de uma onda global de crimes cibern\u00e9ticos, ocupando a segunda posi\u00e7\u00e3o no ranking mundial de fraudes banc\u00e1rias online e de malware no sistema financeiro. E o problema parece estar piorando, j\u00e1 que o n\u00famero de ataques reportados continua tendendo ao crescimento.<\/p>\n<p>Uma das raz\u00f5es para a vulnerabilidade do Brasil \u00e9 a de que o pa\u00eds adotou bastante cedo o sistema de &#8220;internet banking&#8221;. Os dados mais recentes indicam que mais de 54% de todas as transa\u00e7\u00f5es banc\u00e1rias s\u00e3o feitas por dispositivos conectados \u00e0 internet. A migra\u00e7\u00e3o para o ambiente online criou uma gera\u00e7\u00e3o de cibercriminosos com a capacidade de provocar verdadeiros estragos digitais. Em 2015, mais da metade dos 722 mil ataques cibern\u00e9ticos reportados se originaram no Brasil.<\/p>\n<p>O Brasil tomou algumas provid\u00eancias \u2013n\u00e3o necessariamente as mais adequadas\u2013 para combater o problema. O Minist\u00e9rio da Justi\u00e7a e a Pol\u00edcia Federal intensificaram as investiga\u00e7\u00f5es e o combate a crimes cibern\u00e9ticos, como a pornografia infantil. Al\u00e9m disso, o Centro de Defesa Cibern\u00e9tica, autarquia vinculada ao Minist\u00e9rio da Defesa, fortaleceu o poder de a\u00e7\u00e3o dos militares no ambiente digital. A experi\u00eancia do Brasil com a organiza\u00e7\u00e3o de grandes eventos vem expandindo o papel das For\u00e7as Armadas nessa \u00e1rea. No entanto, defensores dos direitos civis dizem que a balan\u00e7a est\u00e1 desequilibrada, pendendo demais para o lado da militariza\u00e7\u00e3o do ciberespa\u00e7o.<\/p>\n<p>O problema \u00e9 que esse \u00e9 um caminho perigoso. Os enormes gastos com seguran\u00e7a digital e com infraestrutura de vigil\u00e2ncia para a Copa do Mundo de 2014 e para a Rio-2016, por exemplo, precisam ser levados em conta. Se essa estrat\u00e9gia continuar indefinidamente \u2013ou seja, sem a supervis\u00e3o adequada das autoridades civis\u2013 h\u00e1 grandes chances de que haja viola\u00e7\u00e3o de direitos.<\/p>\n<p>O Congresso Nacional j\u00e1 deu sinais de querer ampliar a vigil\u00e2ncia no ciberespa\u00e7o. A CPI dos Crimes Cibern\u00e9ticos gerou uma s\u00e9rie de projetos de lei com o suposto objetivo de aumentar as penas para os criminosos, mas que, na verdade, podem acabar reduzindo direitos b\u00e1sicos. As propostas legislativas da CPI foram amplamente criticadas, e diversos movimentos pelos direitos digitais divulgaram suas pr\u00f3prias listas de recomenda\u00e7\u00f5es e orienta\u00e7\u00f5es \u2013um esfor\u00e7o que resultou apenas em modestas modifica\u00e7\u00f5es nas propostas da comiss\u00e3o.<\/p>\n<p>Para encontrar maneiras mais efetivas de lidar com o crime cibern\u00e9tico, o Brasil deveria prestar mais aten\u00e7\u00e3o nos outros pa\u00edses do G20 \u2013incluindo os da Uni\u00e3o Europeia. O governo brasileiro deveria, por exemplo, considerar a ado\u00e7\u00e3o do tipo de mecanismo de informa\u00e7\u00e3o usado pela Alemanha, em que h\u00e1 leis exigindo que institui\u00e7\u00f5es financeiras, sob o risco de serem multadas, reportem as ocorr\u00eancias de ataques cibern\u00e9ticos ou de viola\u00e7\u00f5es de dados.<\/p>\n<p>Deveria tamb\u00e9m assinar e ratificar a Conven\u00e7\u00e3o de Budapeste, um instrumento que facilita a coopera\u00e7\u00e3o internacional no combate ao crime cibern\u00e9tico e que, concomitantemente, protege os direitos humanos e o devido processo legal. No m\u00ednimo, o governo precisa exigir mais transpar\u00eancia dos prestadores de servi\u00e7o e das institui\u00e7\u00f5es financeiras para garantir que as medidas sejam baseadas em evid\u00eancias.<\/p>\n<p>Temos boas raz\u00f5es para trabalhar com os parceiros do G20 com o intuito de prevenir crimes cibern\u00e9ticos. Afinal, a maioria dos cidad\u00e3os j\u00e1 foi v\u00edtima de criminosos digitais que operam fora e, principalmente, dentro do pa\u00eds. Por\u00e9m, a melhor resposta para tanto n\u00e3o \u00e9 militarizar o ciberespa\u00e7o, mas sim fortalecer a fiscaliza\u00e7\u00e3o federal, desenvolver uma legisla\u00e7\u00e3o s\u00f3lida e aumentar a conscientiza\u00e7\u00e3o dos cidad\u00e3os em rela\u00e7\u00e3o aos cuidados que devem ser tomados. Se o Brasil continuar no caminho atual, o rem\u00e9dio pode acabar sendo pior que a doen\u00e7a.<\/p>\n","protected":false},"excerpt":{"rendered":"<p>Robert Muggah Nathan B. Thompson A seguran\u00e7a cibern\u00e9tica n\u00e3o esteve presente na agenda oficial da c\u00fapula do G20 em Hangzhou, mas foi uma das maiores preocupa\u00e7\u00f5es entre v\u00e1rios dos participantes. Alguns dos \u00faltimos ataques cibern\u00e9ticos contra \u00f3rg\u00e3os do governo americano, contra operadoras de telefonia do Reino Unido e tamb\u00e9m a empresas de cart\u00e3o de cr\u00e9dito [&hellip;]<\/p>\n","protected":false},"author":2,"featured_media":117411,"comment_status":"open","ping_status":"closed","sticky":false,"template":"","format":"standard","meta":{"_acf_changed":false,"footnotes":""},"categories":[25],"tags":[],"class_list":["post-117410","post","type-post","status-publish","format-standard","has-post-thumbnail","hentry","category-opina-ai"],"acf":[],"yoast_head":"<!-- This site is optimized with the Yoast SEO plugin v27.5 - https:\/\/yoast.com\/product\/yoast-seo-wordpress\/ -->\n<title>Militariza\u00e7\u00e3o da internet n\u00e3o combate crimes - Notibras<\/title>\n<meta name=\"robots\" content=\"index, follow, max-snippet:-1, max-image-preview:large, max-video-preview:-1\" \/>\n<link rel=\"canonical\" href=\"https:\/\/www.notibras.com\/site\/militarizacao-da-internet-nao-combate-crimes\/\" \/>\n<meta property=\"og:locale\" content=\"pt_BR\" \/>\n<meta property=\"og:type\" content=\"article\" \/>\n<meta property=\"og:title\" content=\"Militariza\u00e7\u00e3o da internet n\u00e3o combate crimes - Notibras\" \/>\n<meta property=\"og:description\" content=\"Robert Muggah Nathan B. Thompson A seguran\u00e7a cibern\u00e9tica n\u00e3o esteve presente na agenda oficial da c\u00fapula do G20 em Hangzhou, mas foi uma das maiores preocupa\u00e7\u00f5es entre v\u00e1rios dos participantes. Alguns dos \u00faltimos ataques cibern\u00e9ticos contra \u00f3rg\u00e3os do governo americano, contra operadoras de telefonia do Reino Unido e tamb\u00e9m a empresas de cart\u00e3o de cr\u00e9dito [&hellip;]\" \/>\n<meta property=\"og:url\" content=\"https:\/\/www.notibras.com\/site\/militarizacao-da-internet-nao-combate-crimes\/\" \/>\n<meta property=\"og:site_name\" content=\"Notibras\" \/>\n<meta property=\"article:publisher\" content=\"https:\/\/www.facebook.com\/notibras\/\" \/>\n<meta property=\"article:published_time\" content=\"2016-10-03T11:14:48+00:00\" \/>\n<meta property=\"og:image\" content=\"https:\/\/www.notibras.com\/site\/wp-content\/uploads\/2016\/10\/conhecimento-ti-e1429266482349.png\" \/>\n\t<meta property=\"og:image:width\" content=\"600\" \/>\n\t<meta property=\"og:image:height\" content=\"420\" \/>\n\t<meta property=\"og:image:type\" content=\"image\/png\" \/>\n<meta name=\"author\" content=\"Reda\u00e7\u00e3o\" \/>\n<meta name=\"twitter:card\" content=\"summary_large_image\" \/>\n<meta name=\"twitter:creator\" content=\"@Notibras\" \/>\n<meta name=\"twitter:site\" content=\"@Notibras\" \/>\n<meta name=\"twitter:label1\" content=\"Escrito por\" \/>\n\t<meta name=\"twitter:data1\" content=\"Reda\u00e7\u00e3o\" \/>\n\t<meta name=\"twitter:label2\" content=\"Est. tempo de leitura\" \/>\n\t<meta name=\"twitter:data2\" content=\"4 minutos\" \/>\n<script type=\"application\/ld+json\" class=\"yoast-schema-graph\">{\"@context\":\"https:\\\/\\\/schema.org\",\"@graph\":[{\"@type\":\"Article\",\"@id\":\"https:\\\/\\\/www.notibras.com\\\/site\\\/militarizacao-da-internet-nao-combate-crimes\\\/#article\",\"isPartOf\":{\"@id\":\"https:\\\/\\\/www.notibras.com\\\/site\\\/militarizacao-da-internet-nao-combate-crimes\\\/\"},\"author\":{\"name\":\"Reda\u00e7\u00e3o\",\"@id\":\"https:\\\/\\\/www.notibras.com\\\/site\\\/#\\\/schema\\\/person\\\/36ab0979449956132d3e5b517ea76ac8\"},\"headline\":\"Militariza\u00e7\u00e3o da internet n\u00e3o combate crimes\",\"datePublished\":\"2016-10-03T11:14:48+00:00\",\"mainEntityOfPage\":{\"@id\":\"https:\\\/\\\/www.notibras.com\\\/site\\\/militarizacao-da-internet-nao-combate-crimes\\\/\"},\"wordCount\":809,\"commentCount\":0,\"publisher\":{\"@id\":\"https:\\\/\\\/www.notibras.com\\\/site\\\/#organization\"},\"image\":{\"@id\":\"https:\\\/\\\/www.notibras.com\\\/site\\\/militarizacao-da-internet-nao-combate-crimes\\\/#primaryimage\"},\"thumbnailUrl\":\"https:\\\/\\\/www.notibras.com\\\/site\\\/wp-content\\\/uploads\\\/2016\\\/10\\\/conhecimento-ti-e1429266482349.png\",\"articleSection\":[\"Opina a\u00ed\"],\"inLanguage\":\"pt-BR\",\"potentialAction\":[{\"@type\":\"CommentAction\",\"name\":\"Comment\",\"target\":[\"https:\\\/\\\/www.notibras.com\\\/site\\\/militarizacao-da-internet-nao-combate-crimes\\\/#respond\"]}]},{\"@type\":\"WebPage\",\"@id\":\"https:\\\/\\\/www.notibras.com\\\/site\\\/militarizacao-da-internet-nao-combate-crimes\\\/\",\"url\":\"https:\\\/\\\/www.notibras.com\\\/site\\\/militarizacao-da-internet-nao-combate-crimes\\\/\",\"name\":\"Militariza\u00e7\u00e3o da internet n\u00e3o combate crimes - Notibras\",\"isPartOf\":{\"@id\":\"https:\\\/\\\/www.notibras.com\\\/site\\\/#website\"},\"primaryImageOfPage\":{\"@id\":\"https:\\\/\\\/www.notibras.com\\\/site\\\/militarizacao-da-internet-nao-combate-crimes\\\/#primaryimage\"},\"image\":{\"@id\":\"https:\\\/\\\/www.notibras.com\\\/site\\\/militarizacao-da-internet-nao-combate-crimes\\\/#primaryimage\"},\"thumbnailUrl\":\"https:\\\/\\\/www.notibras.com\\\/site\\\/wp-content\\\/uploads\\\/2016\\\/10\\\/conhecimento-ti-e1429266482349.png\",\"datePublished\":\"2016-10-03T11:14:48+00:00\",\"breadcrumb\":{\"@id\":\"https:\\\/\\\/www.notibras.com\\\/site\\\/militarizacao-da-internet-nao-combate-crimes\\\/#breadcrumb\"},\"inLanguage\":\"pt-BR\",\"potentialAction\":[{\"@type\":\"ReadAction\",\"target\":[\"https:\\\/\\\/www.notibras.com\\\/site\\\/militarizacao-da-internet-nao-combate-crimes\\\/\"]}]},{\"@type\":\"ImageObject\",\"inLanguage\":\"pt-BR\",\"@id\":\"https:\\\/\\\/www.notibras.com\\\/site\\\/militarizacao-da-internet-nao-combate-crimes\\\/#primaryimage\",\"url\":\"https:\\\/\\\/www.notibras.com\\\/site\\\/wp-content\\\/uploads\\\/2016\\\/10\\\/conhecimento-ti-e1429266482349.png\",\"contentUrl\":\"https:\\\/\\\/www.notibras.com\\\/site\\\/wp-content\\\/uploads\\\/2016\\\/10\\\/conhecimento-ti-e1429266482349.png\",\"width\":600,\"height\":420},{\"@type\":\"BreadcrumbList\",\"@id\":\"https:\\\/\\\/www.notibras.com\\\/site\\\/militarizacao-da-internet-nao-combate-crimes\\\/#breadcrumb\",\"itemListElement\":[{\"@type\":\"ListItem\",\"position\":1,\"name\":\"In\u00edcio\",\"item\":\"https:\\\/\\\/www.notibras.com\\\/site\\\/\"},{\"@type\":\"ListItem\",\"position\":2,\"name\":\"Militariza\u00e7\u00e3o da internet n\u00e3o combate crimes\"}]},{\"@type\":\"WebSite\",\"@id\":\"https:\\\/\\\/www.notibras.com\\\/site\\\/#website\",\"url\":\"https:\\\/\\\/www.notibras.com\\\/site\\\/\",\"name\":\"Notibras\",\"description\":\"Not\u00edcias de Bras\u00edlia, do Brasil e do Mundo\",\"publisher\":{\"@id\":\"https:\\\/\\\/www.notibras.com\\\/site\\\/#organization\"},\"potentialAction\":[{\"@type\":\"SearchAction\",\"target\":{\"@type\":\"EntryPoint\",\"urlTemplate\":\"https:\\\/\\\/www.notibras.com\\\/site\\\/?s={search_term_string}\"},\"query-input\":{\"@type\":\"PropertyValueSpecification\",\"valueRequired\":true,\"valueName\":\"search_term_string\"}}],\"inLanguage\":\"pt-BR\"},{\"@type\":\"Organization\",\"@id\":\"https:\\\/\\\/www.notibras.com\\\/site\\\/#organization\",\"name\":\"Grupo Notibras de Comunica\u00e7\u00e3o\",\"url\":\"https:\\\/\\\/www.notibras.com\\\/site\\\/\",\"logo\":{\"@type\":\"ImageObject\",\"inLanguage\":\"pt-BR\",\"@id\":\"https:\\\/\\\/www.notibras.com\\\/site\\\/#\\\/schema\\\/logo\\\/image\\\/\",\"url\":\"https:\\\/\\\/www.notibras.com\\\/site\\\/wp-content\\\/uploads\\\/2023\\\/01\\\/notibras23.png\",\"contentUrl\":\"https:\\\/\\\/www.notibras.com\\\/site\\\/wp-content\\\/uploads\\\/2023\\\/01\\\/notibras23.png\",\"width\":350,\"height\":87,\"caption\":\"Grupo Notibras de Comunica\u00e7\u00e3o\"},\"image\":{\"@id\":\"https:\\\/\\\/www.notibras.com\\\/site\\\/#\\\/schema\\\/logo\\\/image\\\/\"},\"sameAs\":[\"https:\\\/\\\/www.facebook.com\\\/notibras\\\/\",\"https:\\\/\\\/x.com\\\/Notibras\",\"https:\\\/\\\/www.instagram.com\\\/notibras\\\/\"]},{\"@type\":\"Person\",\"@id\":\"https:\\\/\\\/www.notibras.com\\\/site\\\/#\\\/schema\\\/person\\\/36ab0979449956132d3e5b517ea76ac8\",\"name\":\"Reda\u00e7\u00e3o\",\"image\":{\"@type\":\"ImageObject\",\"inLanguage\":\"pt-BR\",\"@id\":\"https:\\\/\\\/secure.gravatar.com\\\/avatar\\\/e0a867bdedb85fd243eadf09663511f96fc81e0720a4a42581f334ad4303aa6b?s=96&d=mm&r=g\",\"url\":\"https:\\\/\\\/secure.gravatar.com\\\/avatar\\\/e0a867bdedb85fd243eadf09663511f96fc81e0720a4a42581f334ad4303aa6b?s=96&d=mm&r=g\",\"contentUrl\":\"https:\\\/\\\/secure.gravatar.com\\\/avatar\\\/e0a867bdedb85fd243eadf09663511f96fc81e0720a4a42581f334ad4303aa6b?s=96&d=mm&r=g\",\"caption\":\"Reda\u00e7\u00e3o\"}}]}<\/script>\n<!-- \/ Yoast SEO plugin. -->","yoast_head_json":{"title":"Militariza\u00e7\u00e3o da internet n\u00e3o combate crimes - Notibras","robots":{"index":"index","follow":"follow","max-snippet":"max-snippet:-1","max-image-preview":"max-image-preview:large","max-video-preview":"max-video-preview:-1"},"canonical":"https:\/\/www.notibras.com\/site\/militarizacao-da-internet-nao-combate-crimes\/","og_locale":"pt_BR","og_type":"article","og_title":"Militariza\u00e7\u00e3o da internet n\u00e3o combate crimes - Notibras","og_description":"Robert Muggah Nathan B. Thompson A seguran\u00e7a cibern\u00e9tica n\u00e3o esteve presente na agenda oficial da c\u00fapula do G20 em Hangzhou, mas foi uma das maiores preocupa\u00e7\u00f5es entre v\u00e1rios dos participantes. Alguns dos \u00faltimos ataques cibern\u00e9ticos contra \u00f3rg\u00e3os do governo americano, contra operadoras de telefonia do Reino Unido e tamb\u00e9m a empresas de cart\u00e3o de cr\u00e9dito [&hellip;]","og_url":"https:\/\/www.notibras.com\/site\/militarizacao-da-internet-nao-combate-crimes\/","og_site_name":"Notibras","article_publisher":"https:\/\/www.facebook.com\/notibras\/","article_published_time":"2016-10-03T11:14:48+00:00","og_image":[{"width":600,"height":420,"url":"https:\/\/www.notibras.com\/site\/wp-content\/uploads\/2016\/10\/conhecimento-ti-e1429266482349.png","type":"image\/png"}],"author":"Reda\u00e7\u00e3o","twitter_card":"summary_large_image","twitter_creator":"@Notibras","twitter_site":"@Notibras","twitter_misc":{"Escrito por":"Reda\u00e7\u00e3o","Est. tempo de leitura":"4 minutos"},"schema":{"@context":"https:\/\/schema.org","@graph":[{"@type":"Article","@id":"https:\/\/www.notibras.com\/site\/militarizacao-da-internet-nao-combate-crimes\/#article","isPartOf":{"@id":"https:\/\/www.notibras.com\/site\/militarizacao-da-internet-nao-combate-crimes\/"},"author":{"name":"Reda\u00e7\u00e3o","@id":"https:\/\/www.notibras.com\/site\/#\/schema\/person\/36ab0979449956132d3e5b517ea76ac8"},"headline":"Militariza\u00e7\u00e3o da internet n\u00e3o combate crimes","datePublished":"2016-10-03T11:14:48+00:00","mainEntityOfPage":{"@id":"https:\/\/www.notibras.com\/site\/militarizacao-da-internet-nao-combate-crimes\/"},"wordCount":809,"commentCount":0,"publisher":{"@id":"https:\/\/www.notibras.com\/site\/#organization"},"image":{"@id":"https:\/\/www.notibras.com\/site\/militarizacao-da-internet-nao-combate-crimes\/#primaryimage"},"thumbnailUrl":"https:\/\/www.notibras.com\/site\/wp-content\/uploads\/2016\/10\/conhecimento-ti-e1429266482349.png","articleSection":["Opina a\u00ed"],"inLanguage":"pt-BR","potentialAction":[{"@type":"CommentAction","name":"Comment","target":["https:\/\/www.notibras.com\/site\/militarizacao-da-internet-nao-combate-crimes\/#respond"]}]},{"@type":"WebPage","@id":"https:\/\/www.notibras.com\/site\/militarizacao-da-internet-nao-combate-crimes\/","url":"https:\/\/www.notibras.com\/site\/militarizacao-da-internet-nao-combate-crimes\/","name":"Militariza\u00e7\u00e3o da internet n\u00e3o combate crimes - Notibras","isPartOf":{"@id":"https:\/\/www.notibras.com\/site\/#website"},"primaryImageOfPage":{"@id":"https:\/\/www.notibras.com\/site\/militarizacao-da-internet-nao-combate-crimes\/#primaryimage"},"image":{"@id":"https:\/\/www.notibras.com\/site\/militarizacao-da-internet-nao-combate-crimes\/#primaryimage"},"thumbnailUrl":"https:\/\/www.notibras.com\/site\/wp-content\/uploads\/2016\/10\/conhecimento-ti-e1429266482349.png","datePublished":"2016-10-03T11:14:48+00:00","breadcrumb":{"@id":"https:\/\/www.notibras.com\/site\/militarizacao-da-internet-nao-combate-crimes\/#breadcrumb"},"inLanguage":"pt-BR","potentialAction":[{"@type":"ReadAction","target":["https:\/\/www.notibras.com\/site\/militarizacao-da-internet-nao-combate-crimes\/"]}]},{"@type":"ImageObject","inLanguage":"pt-BR","@id":"https:\/\/www.notibras.com\/site\/militarizacao-da-internet-nao-combate-crimes\/#primaryimage","url":"https:\/\/www.notibras.com\/site\/wp-content\/uploads\/2016\/10\/conhecimento-ti-e1429266482349.png","contentUrl":"https:\/\/www.notibras.com\/site\/wp-content\/uploads\/2016\/10\/conhecimento-ti-e1429266482349.png","width":600,"height":420},{"@type":"BreadcrumbList","@id":"https:\/\/www.notibras.com\/site\/militarizacao-da-internet-nao-combate-crimes\/#breadcrumb","itemListElement":[{"@type":"ListItem","position":1,"name":"In\u00edcio","item":"https:\/\/www.notibras.com\/site\/"},{"@type":"ListItem","position":2,"name":"Militariza\u00e7\u00e3o da internet n\u00e3o combate crimes"}]},{"@type":"WebSite","@id":"https:\/\/www.notibras.com\/site\/#website","url":"https:\/\/www.notibras.com\/site\/","name":"Notibras","description":"Not\u00edcias de Bras\u00edlia, do Brasil e do Mundo","publisher":{"@id":"https:\/\/www.notibras.com\/site\/#organization"},"potentialAction":[{"@type":"SearchAction","target":{"@type":"EntryPoint","urlTemplate":"https:\/\/www.notibras.com\/site\/?s={search_term_string}"},"query-input":{"@type":"PropertyValueSpecification","valueRequired":true,"valueName":"search_term_string"}}],"inLanguage":"pt-BR"},{"@type":"Organization","@id":"https:\/\/www.notibras.com\/site\/#organization","name":"Grupo Notibras de Comunica\u00e7\u00e3o","url":"https:\/\/www.notibras.com\/site\/","logo":{"@type":"ImageObject","inLanguage":"pt-BR","@id":"https:\/\/www.notibras.com\/site\/#\/schema\/logo\/image\/","url":"https:\/\/www.notibras.com\/site\/wp-content\/uploads\/2023\/01\/notibras23.png","contentUrl":"https:\/\/www.notibras.com\/site\/wp-content\/uploads\/2023\/01\/notibras23.png","width":350,"height":87,"caption":"Grupo Notibras de Comunica\u00e7\u00e3o"},"image":{"@id":"https:\/\/www.notibras.com\/site\/#\/schema\/logo\/image\/"},"sameAs":["https:\/\/www.facebook.com\/notibras\/","https:\/\/x.com\/Notibras","https:\/\/www.instagram.com\/notibras\/"]},{"@type":"Person","@id":"https:\/\/www.notibras.com\/site\/#\/schema\/person\/36ab0979449956132d3e5b517ea76ac8","name":"Reda\u00e7\u00e3o","image":{"@type":"ImageObject","inLanguage":"pt-BR","@id":"https:\/\/secure.gravatar.com\/avatar\/e0a867bdedb85fd243eadf09663511f96fc81e0720a4a42581f334ad4303aa6b?s=96&d=mm&r=g","url":"https:\/\/secure.gravatar.com\/avatar\/e0a867bdedb85fd243eadf09663511f96fc81e0720a4a42581f334ad4303aa6b?s=96&d=mm&r=g","contentUrl":"https:\/\/secure.gravatar.com\/avatar\/e0a867bdedb85fd243eadf09663511f96fc81e0720a4a42581f334ad4303aa6b?s=96&d=mm&r=g","caption":"Reda\u00e7\u00e3o"}}]}},"amp_enabled":true,"_links":{"self":[{"href":"https:\/\/www.notibras.com\/site\/wp-json\/wp\/v2\/posts\/117410","targetHints":{"allow":["GET"]}}],"collection":[{"href":"https:\/\/www.notibras.com\/site\/wp-json\/wp\/v2\/posts"}],"about":[{"href":"https:\/\/www.notibras.com\/site\/wp-json\/wp\/v2\/types\/post"}],"author":[{"embeddable":true,"href":"https:\/\/www.notibras.com\/site\/wp-json\/wp\/v2\/users\/2"}],"replies":[{"embeddable":true,"href":"https:\/\/www.notibras.com\/site\/wp-json\/wp\/v2\/comments?post=117410"}],"version-history":[{"count":1,"href":"https:\/\/www.notibras.com\/site\/wp-json\/wp\/v2\/posts\/117410\/revisions"}],"predecessor-version":[{"id":117412,"href":"https:\/\/www.notibras.com\/site\/wp-json\/wp\/v2\/posts\/117410\/revisions\/117412"}],"wp:featuredmedia":[{"embeddable":true,"href":"https:\/\/www.notibras.com\/site\/wp-json\/wp\/v2\/media\/117411"}],"wp:attachment":[{"href":"https:\/\/www.notibras.com\/site\/wp-json\/wp\/v2\/media?parent=117410"}],"wp:term":[{"taxonomy":"category","embeddable":true,"href":"https:\/\/www.notibras.com\/site\/wp-json\/wp\/v2\/categories?post=117410"},{"taxonomy":"post_tag","embeddable":true,"href":"https:\/\/www.notibras.com\/site\/wp-json\/wp\/v2\/tags?post=117410"}],"curies":[{"name":"wp","href":"https:\/\/api.w.org\/{rel}","templated":true}]}}