{"id":117541,"date":"2016-10-04T10:09:00","date_gmt":"2016-10-04T13:09:00","guid":{"rendered":"http:\/\/www.notibras.com\/site\/?p=117541"},"modified":"2016-10-04T10:10:28","modified_gmt":"2016-10-04T13:10:28","slug":"por-que-mudamos-dentro-o-que-somos-fora-do-mundo-virtual","status":"publish","type":"post","link":"https:\/\/www.notibras.com\/site\/por-que-mudamos-dentro-o-que-somos-fora-do-mundo-virtual\/","title":{"rendered":"As mudan\u00e7as de dentro para fora no mundo virtual"},"content":{"rendered":"<p class=\"pg-color10\"><strong>Cristiano Nabuco<\/strong><\/p>\n<p>H\u00e1 cerca de duas d\u00e9cadas foi criada a express\u00e3o &#8221;Psicologia da Internet&#8221; para explicar a raz\u00e3o pela qual o comportamento das pessoas se altera tanto dentro dos ambientes virtuais.<\/p>\n<p>Qualquer um que j\u00e1 navegou na web percebeu alguma modifica\u00e7\u00e3o, ainda que mais leve, em sua conduta ou a\u00e7\u00e3o.<\/p>\n<p>Por ser um espa\u00e7o muito at\u00edpico e diferente de tudo que j\u00e1 experimentamos na vida concreta, descobriu-se que a realidade paralela exerce um tipo de \u201cdinamiza\u00e7\u00e3o\u201d da personalidade, o que coloca as pessoas em inclina\u00e7\u00e3o para atitudes de maior risco e de descontrole calculado, se comparadas ao que se vive no nosso dia-a-dia.<\/p>\n<p>A respeito desse fen\u00f4meno, criou-se um termo para melhor definir tais altera\u00e7\u00f5es comportamentais: \u201cefeito de desinibi\u00e7\u00e3o online\u201d, explicita, portanto, a varia\u00e7\u00e3o de padr\u00f5es.<\/p>\n<p>Pesquisas demonstraram que essas altern\u00e2ncias da vida off-line para a vida online se baseiam nas seguintes cren\u00e7as:<\/p>\n<p>(A) \u201cVoc\u00ea n\u00e3o sabe quem eu sou e n\u00e3o pode me ver\u201d: \u00e0 medida que as pessoas navegam na internet, obviamente que n\u00e3o podem ser \u201cvistas\u201d, no sentido literal da palavra \u2013 diferentemente de como ocorre no mundo concreto -, conferindo ent\u00e3o aos internautas a falsa percep\u00e7\u00e3o de que eles est\u00e3o an\u00f4nimos e, por esta raz\u00e3o, n\u00e3o h\u00e1 limites ou regras associadas ao comportamento online. Este fato tamb\u00e9m \u00e9 descrito na literatura psicol\u00f3gica como &#8221;desindividualiza\u00e7\u00e3o&#8221;, ou seja, um estado de dissipa\u00e7\u00e3o da identidade real e que favorece o aparecimento de maior grau de insubordina\u00e7\u00e3o, agressividade e sexualidade exacerbada, se comparado ao que ocorre na vida concreta.<\/p>\n<p>(B) \u201cAt\u00e9 logo\u201d ou \u201cat\u00e9 mais\u201d: a internet, querendo ou n\u00e3o, uma vez que permite aos seus usu\u00e1rios escaparem facilmente das situa\u00e7\u00f5es mais embara\u00e7osas, leva-os a correrem mais riscos e tolerarem melhor as situa\u00e7\u00f5es de amea\u00e7a. Como n\u00e3o existe uma consequ\u00eancia imediata dessas a\u00e7\u00f5es virtuais (na verdade \u201cexiste\u201d uma consequ\u00eancia, todavia, ela \u00e9 mais demorada para que os resultados apare\u00e7am), as pessoas ent\u00e3o se tornam mais flex\u00edveis a respeito das transgress\u00f5es.<\/p>\n<p>(C) \u201c\u00c9 apenas um jogo\u201d: esta premissa d\u00e1 ao usu\u00e1rio a ilus\u00e3o de que o mundo online opera, na verdade, em condi\u00e7\u00e3o de fantasia, e que ningu\u00e9m, de fato, seria prejudicado pelas \u201caventuras\u201d realizadas no mundo digital. Assim, a linha divis\u00f3ria entre a fic\u00e7\u00e3o e a realidade torna-se facilmente mais turva, uma vez que existem centenas de atividades que, na verdade, \u201cn\u00e3o existem\u201d na realidade concreta.<\/p>\n<p>(D) \u201cSomos todos amigos\u201d: cria a ilus\u00e3o de que na vida paralela da internet, somos todos iguais ou amigos, uns com os outros e que, portanto, as regras que determinam as rela\u00e7\u00f5es adequadas entre os diferentes grupos (por exemplo, crian\u00e7as, adolescentes e adultos) existentes no mundo real podem ser simplesmente desconsideradas. Este princ\u00edpio tamb\u00e9m tem o poder de diluir as hierarquias existentes entre diferentes indiv\u00edduos na sociedade, favorecendo aos comportamentos de maior desrespeito e falta de cuidado interpessoal que tanto se observa nas redes sociais e nas comunica\u00e7\u00f5es entre funcion\u00e1rios de uma empresa.<\/p>\n<p>Portanto, o \u201cefeito de desinibi\u00e7\u00e3o online\u201d descontr\u00f3i os ambientes formais e mais r\u00edgidos da realidade concreta para liberar o indiv\u00edduo ao tr\u00e2nsito nos espa\u00e7os altamente permissivos, tornando as pessoas mais condescendentes e altamente pl\u00e1sticas em rela\u00e7\u00e3o \u00e0s transgress\u00f5es.<\/p>\n<p>Vamos lembrar que todo esse processo j\u00e1 tem um nome e se chama \u201cpersonalidade eletr\u00f4nica\u201d (e-personality).<\/p>\n<p>Imagine ent\u00e3o, as crian\u00e7as e jovens ainda em processo de forma\u00e7\u00e3o, o que o ambiente virtual poderia fazer com a consolida\u00e7\u00e3o de sua personalidade (ainda) em defini\u00e7\u00e3o?<\/p>\n<p>No final das contas, pensam muitos pais desavisados: \u201c\u00e9 apenas videogame\u201d ou, ainda, \u201celes s\u00f3 est\u00e3o usando uma rede social\u201d, que problema haveria com isso?<\/p>\n<p>No passado n\u00e3o muito distante, o desassossego familiar vinha das amizades inadequadas, hoje deriva do pr\u00f3prio indiv\u00edduo em sua rela\u00e7\u00e3o consigo mesmo no ambiente virtual.<\/p>\n<p>Para se pensar, n\u00e3o acha?\u2026<\/p>\n","protected":false},"excerpt":{"rendered":"<p>Cristiano Nabuco H\u00e1 cerca de duas d\u00e9cadas foi criada a express\u00e3o &#8221;Psicologia da Internet&#8221; para explicar a raz\u00e3o pela qual o comportamento das pessoas se altera tanto dentro dos ambientes virtuais. Qualquer um que j\u00e1 navegou na web percebeu alguma modifica\u00e7\u00e3o, ainda que mais leve, em sua conduta ou a\u00e7\u00e3o. Por ser um espa\u00e7o muito [&hellip;]<\/p>\n","protected":false},"author":2,"featured_media":117542,"comment_status":"open","ping_status":"closed","sticky":false,"template":"","format":"standard","meta":{"_acf_changed":false,"footnotes":""},"categories":[25],"tags":[],"class_list":["post-117541","post","type-post","status-publish","format-standard","has-post-thumbnail","hentry","category-opina-ai"],"acf":[],"yoast_head":"<!-- This site is optimized with the Yoast SEO plugin v27.5 - https:\/\/yoast.com\/product\/yoast-seo-wordpress\/ -->\n<title>As mudan\u00e7as de dentro para fora no mundo virtual - Notibras<\/title>\n<meta name=\"robots\" content=\"index, follow, max-snippet:-1, max-image-preview:large, max-video-preview:-1\" \/>\n<link rel=\"canonical\" href=\"https:\/\/www.notibras.com\/site\/por-que-mudamos-dentro-o-que-somos-fora-do-mundo-virtual\/\" \/>\n<meta property=\"og:locale\" content=\"pt_BR\" \/>\n<meta property=\"og:type\" content=\"article\" \/>\n<meta property=\"og:title\" content=\"As mudan\u00e7as de dentro para fora no mundo virtual - Notibras\" \/>\n<meta property=\"og:description\" content=\"Cristiano Nabuco H\u00e1 cerca de duas d\u00e9cadas foi criada a express\u00e3o &#8221;Psicologia da Internet&#8221; para explicar a raz\u00e3o pela qual o comportamento das pessoas se altera tanto dentro dos ambientes virtuais. Qualquer um que j\u00e1 navegou na web percebeu alguma modifica\u00e7\u00e3o, ainda que mais leve, em sua conduta ou a\u00e7\u00e3o. Por ser um espa\u00e7o muito [&hellip;]\" \/>\n<meta property=\"og:url\" content=\"https:\/\/www.notibras.com\/site\/por-que-mudamos-dentro-o-que-somos-fora-do-mundo-virtual\/\" \/>\n<meta property=\"og:site_name\" content=\"Notibras\" \/>\n<meta property=\"article:publisher\" content=\"https:\/\/www.facebook.com\/notibras\/\" \/>\n<meta property=\"article:published_time\" content=\"2016-10-04T13:09:00+00:00\" \/>\n<meta property=\"article:modified_time\" content=\"2016-10-04T13:10:28+00:00\" \/>\n<meta property=\"og:image\" content=\"https:\/\/www.notibras.com\/site\/wp-content\/uploads\/2016\/10\/Fotolia_81277261_XS.jpg\" \/>\n\t<meta property=\"og:image:width\" content=\"424\" \/>\n\t<meta property=\"og:image:height\" content=\"283\" \/>\n\t<meta property=\"og:image:type\" content=\"image\/jpeg\" \/>\n<meta name=\"author\" content=\"Reda\u00e7\u00e3o\" \/>\n<meta name=\"twitter:card\" content=\"summary_large_image\" \/>\n<meta name=\"twitter:creator\" content=\"@Notibras\" \/>\n<meta name=\"twitter:site\" content=\"@Notibras\" \/>\n<meta name=\"twitter:label1\" content=\"Escrito por\" \/>\n\t<meta name=\"twitter:data1\" content=\"Reda\u00e7\u00e3o\" \/>\n\t<meta name=\"twitter:label2\" content=\"Est. tempo de leitura\" \/>\n\t<meta name=\"twitter:data2\" content=\"3 minutos\" \/>\n<script type=\"application\/ld+json\" class=\"yoast-schema-graph\">{\"@context\":\"https:\\\/\\\/schema.org\",\"@graph\":[{\"@type\":\"Article\",\"@id\":\"https:\\\/\\\/www.notibras.com\\\/site\\\/por-que-mudamos-dentro-o-que-somos-fora-do-mundo-virtual\\\/#article\",\"isPartOf\":{\"@id\":\"https:\\\/\\\/www.notibras.com\\\/site\\\/por-que-mudamos-dentro-o-que-somos-fora-do-mundo-virtual\\\/\"},\"author\":{\"name\":\"Reda\u00e7\u00e3o\",\"@id\":\"https:\\\/\\\/www.notibras.com\\\/site\\\/#\\\/schema\\\/person\\\/36ab0979449956132d3e5b517ea76ac8\"},\"headline\":\"As mudan\u00e7as de dentro para fora no mundo virtual\",\"datePublished\":\"2016-10-04T13:09:00+00:00\",\"dateModified\":\"2016-10-04T13:10:28+00:00\",\"mainEntityOfPage\":{\"@id\":\"https:\\\/\\\/www.notibras.com\\\/site\\\/por-que-mudamos-dentro-o-que-somos-fora-do-mundo-virtual\\\/\"},\"wordCount\":699,\"commentCount\":0,\"publisher\":{\"@id\":\"https:\\\/\\\/www.notibras.com\\\/site\\\/#organization\"},\"image\":{\"@id\":\"https:\\\/\\\/www.notibras.com\\\/site\\\/por-que-mudamos-dentro-o-que-somos-fora-do-mundo-virtual\\\/#primaryimage\"},\"thumbnailUrl\":\"https:\\\/\\\/www.notibras.com\\\/site\\\/wp-content\\\/uploads\\\/2016\\\/10\\\/Fotolia_81277261_XS.jpg\",\"articleSection\":[\"Opina a\u00ed\"],\"inLanguage\":\"pt-BR\",\"potentialAction\":[{\"@type\":\"CommentAction\",\"name\":\"Comment\",\"target\":[\"https:\\\/\\\/www.notibras.com\\\/site\\\/por-que-mudamos-dentro-o-que-somos-fora-do-mundo-virtual\\\/#respond\"]}]},{\"@type\":\"WebPage\",\"@id\":\"https:\\\/\\\/www.notibras.com\\\/site\\\/por-que-mudamos-dentro-o-que-somos-fora-do-mundo-virtual\\\/\",\"url\":\"https:\\\/\\\/www.notibras.com\\\/site\\\/por-que-mudamos-dentro-o-que-somos-fora-do-mundo-virtual\\\/\",\"name\":\"As mudan\u00e7as de dentro para fora no mundo virtual - Notibras\",\"isPartOf\":{\"@id\":\"https:\\\/\\\/www.notibras.com\\\/site\\\/#website\"},\"primaryImageOfPage\":{\"@id\":\"https:\\\/\\\/www.notibras.com\\\/site\\\/por-que-mudamos-dentro-o-que-somos-fora-do-mundo-virtual\\\/#primaryimage\"},\"image\":{\"@id\":\"https:\\\/\\\/www.notibras.com\\\/site\\\/por-que-mudamos-dentro-o-que-somos-fora-do-mundo-virtual\\\/#primaryimage\"},\"thumbnailUrl\":\"https:\\\/\\\/www.notibras.com\\\/site\\\/wp-content\\\/uploads\\\/2016\\\/10\\\/Fotolia_81277261_XS.jpg\",\"datePublished\":\"2016-10-04T13:09:00+00:00\",\"dateModified\":\"2016-10-04T13:10:28+00:00\",\"breadcrumb\":{\"@id\":\"https:\\\/\\\/www.notibras.com\\\/site\\\/por-que-mudamos-dentro-o-que-somos-fora-do-mundo-virtual\\\/#breadcrumb\"},\"inLanguage\":\"pt-BR\",\"potentialAction\":[{\"@type\":\"ReadAction\",\"target\":[\"https:\\\/\\\/www.notibras.com\\\/site\\\/por-que-mudamos-dentro-o-que-somos-fora-do-mundo-virtual\\\/\"]}]},{\"@type\":\"ImageObject\",\"inLanguage\":\"pt-BR\",\"@id\":\"https:\\\/\\\/www.notibras.com\\\/site\\\/por-que-mudamos-dentro-o-que-somos-fora-do-mundo-virtual\\\/#primaryimage\",\"url\":\"https:\\\/\\\/www.notibras.com\\\/site\\\/wp-content\\\/uploads\\\/2016\\\/10\\\/Fotolia_81277261_XS.jpg\",\"contentUrl\":\"https:\\\/\\\/www.notibras.com\\\/site\\\/wp-content\\\/uploads\\\/2016\\\/10\\\/Fotolia_81277261_XS.jpg\",\"width\":424,\"height\":283},{\"@type\":\"BreadcrumbList\",\"@id\":\"https:\\\/\\\/www.notibras.com\\\/site\\\/por-que-mudamos-dentro-o-que-somos-fora-do-mundo-virtual\\\/#breadcrumb\",\"itemListElement\":[{\"@type\":\"ListItem\",\"position\":1,\"name\":\"In\u00edcio\",\"item\":\"https:\\\/\\\/www.notibras.com\\\/site\\\/\"},{\"@type\":\"ListItem\",\"position\":2,\"name\":\"As mudan\u00e7as de dentro para fora no mundo virtual\"}]},{\"@type\":\"WebSite\",\"@id\":\"https:\\\/\\\/www.notibras.com\\\/site\\\/#website\",\"url\":\"https:\\\/\\\/www.notibras.com\\\/site\\\/\",\"name\":\"Notibras\",\"description\":\"Not\u00edcias de Bras\u00edlia, do Brasil e do Mundo\",\"publisher\":{\"@id\":\"https:\\\/\\\/www.notibras.com\\\/site\\\/#organization\"},\"potentialAction\":[{\"@type\":\"SearchAction\",\"target\":{\"@type\":\"EntryPoint\",\"urlTemplate\":\"https:\\\/\\\/www.notibras.com\\\/site\\\/?s={search_term_string}\"},\"query-input\":{\"@type\":\"PropertyValueSpecification\",\"valueRequired\":true,\"valueName\":\"search_term_string\"}}],\"inLanguage\":\"pt-BR\"},{\"@type\":\"Organization\",\"@id\":\"https:\\\/\\\/www.notibras.com\\\/site\\\/#organization\",\"name\":\"Grupo Notibras de Comunica\u00e7\u00e3o\",\"url\":\"https:\\\/\\\/www.notibras.com\\\/site\\\/\",\"logo\":{\"@type\":\"ImageObject\",\"inLanguage\":\"pt-BR\",\"@id\":\"https:\\\/\\\/www.notibras.com\\\/site\\\/#\\\/schema\\\/logo\\\/image\\\/\",\"url\":\"https:\\\/\\\/www.notibras.com\\\/site\\\/wp-content\\\/uploads\\\/2023\\\/01\\\/notibras23.png\",\"contentUrl\":\"https:\\\/\\\/www.notibras.com\\\/site\\\/wp-content\\\/uploads\\\/2023\\\/01\\\/notibras23.png\",\"width\":350,\"height\":87,\"caption\":\"Grupo Notibras de Comunica\u00e7\u00e3o\"},\"image\":{\"@id\":\"https:\\\/\\\/www.notibras.com\\\/site\\\/#\\\/schema\\\/logo\\\/image\\\/\"},\"sameAs\":[\"https:\\\/\\\/www.facebook.com\\\/notibras\\\/\",\"https:\\\/\\\/x.com\\\/Notibras\",\"https:\\\/\\\/www.instagram.com\\\/notibras\\\/\"]},{\"@type\":\"Person\",\"@id\":\"https:\\\/\\\/www.notibras.com\\\/site\\\/#\\\/schema\\\/person\\\/36ab0979449956132d3e5b517ea76ac8\",\"name\":\"Reda\u00e7\u00e3o\",\"image\":{\"@type\":\"ImageObject\",\"inLanguage\":\"pt-BR\",\"@id\":\"https:\\\/\\\/secure.gravatar.com\\\/avatar\\\/e0a867bdedb85fd243eadf09663511f96fc81e0720a4a42581f334ad4303aa6b?s=96&d=mm&r=g\",\"url\":\"https:\\\/\\\/secure.gravatar.com\\\/avatar\\\/e0a867bdedb85fd243eadf09663511f96fc81e0720a4a42581f334ad4303aa6b?s=96&d=mm&r=g\",\"contentUrl\":\"https:\\\/\\\/secure.gravatar.com\\\/avatar\\\/e0a867bdedb85fd243eadf09663511f96fc81e0720a4a42581f334ad4303aa6b?s=96&d=mm&r=g\",\"caption\":\"Reda\u00e7\u00e3o\"}}]}<\/script>\n<!-- \/ Yoast SEO plugin. -->","yoast_head_json":{"title":"As mudan\u00e7as de dentro para fora no mundo virtual - Notibras","robots":{"index":"index","follow":"follow","max-snippet":"max-snippet:-1","max-image-preview":"max-image-preview:large","max-video-preview":"max-video-preview:-1"},"canonical":"https:\/\/www.notibras.com\/site\/por-que-mudamos-dentro-o-que-somos-fora-do-mundo-virtual\/","og_locale":"pt_BR","og_type":"article","og_title":"As mudan\u00e7as de dentro para fora no mundo virtual - Notibras","og_description":"Cristiano Nabuco H\u00e1 cerca de duas d\u00e9cadas foi criada a express\u00e3o &#8221;Psicologia da Internet&#8221; para explicar a raz\u00e3o pela qual o comportamento das pessoas se altera tanto dentro dos ambientes virtuais. Qualquer um que j\u00e1 navegou na web percebeu alguma modifica\u00e7\u00e3o, ainda que mais leve, em sua conduta ou a\u00e7\u00e3o. Por ser um espa\u00e7o muito [&hellip;]","og_url":"https:\/\/www.notibras.com\/site\/por-que-mudamos-dentro-o-que-somos-fora-do-mundo-virtual\/","og_site_name":"Notibras","article_publisher":"https:\/\/www.facebook.com\/notibras\/","article_published_time":"2016-10-04T13:09:00+00:00","article_modified_time":"2016-10-04T13:10:28+00:00","og_image":[{"width":424,"height":283,"url":"https:\/\/www.notibras.com\/site\/wp-content\/uploads\/2016\/10\/Fotolia_81277261_XS.jpg","type":"image\/jpeg"}],"author":"Reda\u00e7\u00e3o","twitter_card":"summary_large_image","twitter_creator":"@Notibras","twitter_site":"@Notibras","twitter_misc":{"Escrito por":"Reda\u00e7\u00e3o","Est. tempo de leitura":"3 minutos"},"schema":{"@context":"https:\/\/schema.org","@graph":[{"@type":"Article","@id":"https:\/\/www.notibras.com\/site\/por-que-mudamos-dentro-o-que-somos-fora-do-mundo-virtual\/#article","isPartOf":{"@id":"https:\/\/www.notibras.com\/site\/por-que-mudamos-dentro-o-que-somos-fora-do-mundo-virtual\/"},"author":{"name":"Reda\u00e7\u00e3o","@id":"https:\/\/www.notibras.com\/site\/#\/schema\/person\/36ab0979449956132d3e5b517ea76ac8"},"headline":"As mudan\u00e7as de dentro para fora no mundo virtual","datePublished":"2016-10-04T13:09:00+00:00","dateModified":"2016-10-04T13:10:28+00:00","mainEntityOfPage":{"@id":"https:\/\/www.notibras.com\/site\/por-que-mudamos-dentro-o-que-somos-fora-do-mundo-virtual\/"},"wordCount":699,"commentCount":0,"publisher":{"@id":"https:\/\/www.notibras.com\/site\/#organization"},"image":{"@id":"https:\/\/www.notibras.com\/site\/por-que-mudamos-dentro-o-que-somos-fora-do-mundo-virtual\/#primaryimage"},"thumbnailUrl":"https:\/\/www.notibras.com\/site\/wp-content\/uploads\/2016\/10\/Fotolia_81277261_XS.jpg","articleSection":["Opina a\u00ed"],"inLanguage":"pt-BR","potentialAction":[{"@type":"CommentAction","name":"Comment","target":["https:\/\/www.notibras.com\/site\/por-que-mudamos-dentro-o-que-somos-fora-do-mundo-virtual\/#respond"]}]},{"@type":"WebPage","@id":"https:\/\/www.notibras.com\/site\/por-que-mudamos-dentro-o-que-somos-fora-do-mundo-virtual\/","url":"https:\/\/www.notibras.com\/site\/por-que-mudamos-dentro-o-que-somos-fora-do-mundo-virtual\/","name":"As mudan\u00e7as de dentro para fora no mundo virtual - Notibras","isPartOf":{"@id":"https:\/\/www.notibras.com\/site\/#website"},"primaryImageOfPage":{"@id":"https:\/\/www.notibras.com\/site\/por-que-mudamos-dentro-o-que-somos-fora-do-mundo-virtual\/#primaryimage"},"image":{"@id":"https:\/\/www.notibras.com\/site\/por-que-mudamos-dentro-o-que-somos-fora-do-mundo-virtual\/#primaryimage"},"thumbnailUrl":"https:\/\/www.notibras.com\/site\/wp-content\/uploads\/2016\/10\/Fotolia_81277261_XS.jpg","datePublished":"2016-10-04T13:09:00+00:00","dateModified":"2016-10-04T13:10:28+00:00","breadcrumb":{"@id":"https:\/\/www.notibras.com\/site\/por-que-mudamos-dentro-o-que-somos-fora-do-mundo-virtual\/#breadcrumb"},"inLanguage":"pt-BR","potentialAction":[{"@type":"ReadAction","target":["https:\/\/www.notibras.com\/site\/por-que-mudamos-dentro-o-que-somos-fora-do-mundo-virtual\/"]}]},{"@type":"ImageObject","inLanguage":"pt-BR","@id":"https:\/\/www.notibras.com\/site\/por-que-mudamos-dentro-o-que-somos-fora-do-mundo-virtual\/#primaryimage","url":"https:\/\/www.notibras.com\/site\/wp-content\/uploads\/2016\/10\/Fotolia_81277261_XS.jpg","contentUrl":"https:\/\/www.notibras.com\/site\/wp-content\/uploads\/2016\/10\/Fotolia_81277261_XS.jpg","width":424,"height":283},{"@type":"BreadcrumbList","@id":"https:\/\/www.notibras.com\/site\/por-que-mudamos-dentro-o-que-somos-fora-do-mundo-virtual\/#breadcrumb","itemListElement":[{"@type":"ListItem","position":1,"name":"In\u00edcio","item":"https:\/\/www.notibras.com\/site\/"},{"@type":"ListItem","position":2,"name":"As mudan\u00e7as de dentro para fora no mundo virtual"}]},{"@type":"WebSite","@id":"https:\/\/www.notibras.com\/site\/#website","url":"https:\/\/www.notibras.com\/site\/","name":"Notibras","description":"Not\u00edcias de Bras\u00edlia, do Brasil e do Mundo","publisher":{"@id":"https:\/\/www.notibras.com\/site\/#organization"},"potentialAction":[{"@type":"SearchAction","target":{"@type":"EntryPoint","urlTemplate":"https:\/\/www.notibras.com\/site\/?s={search_term_string}"},"query-input":{"@type":"PropertyValueSpecification","valueRequired":true,"valueName":"search_term_string"}}],"inLanguage":"pt-BR"},{"@type":"Organization","@id":"https:\/\/www.notibras.com\/site\/#organization","name":"Grupo Notibras de Comunica\u00e7\u00e3o","url":"https:\/\/www.notibras.com\/site\/","logo":{"@type":"ImageObject","inLanguage":"pt-BR","@id":"https:\/\/www.notibras.com\/site\/#\/schema\/logo\/image\/","url":"https:\/\/www.notibras.com\/site\/wp-content\/uploads\/2023\/01\/notibras23.png","contentUrl":"https:\/\/www.notibras.com\/site\/wp-content\/uploads\/2023\/01\/notibras23.png","width":350,"height":87,"caption":"Grupo Notibras de Comunica\u00e7\u00e3o"},"image":{"@id":"https:\/\/www.notibras.com\/site\/#\/schema\/logo\/image\/"},"sameAs":["https:\/\/www.facebook.com\/notibras\/","https:\/\/x.com\/Notibras","https:\/\/www.instagram.com\/notibras\/"]},{"@type":"Person","@id":"https:\/\/www.notibras.com\/site\/#\/schema\/person\/36ab0979449956132d3e5b517ea76ac8","name":"Reda\u00e7\u00e3o","image":{"@type":"ImageObject","inLanguage":"pt-BR","@id":"https:\/\/secure.gravatar.com\/avatar\/e0a867bdedb85fd243eadf09663511f96fc81e0720a4a42581f334ad4303aa6b?s=96&d=mm&r=g","url":"https:\/\/secure.gravatar.com\/avatar\/e0a867bdedb85fd243eadf09663511f96fc81e0720a4a42581f334ad4303aa6b?s=96&d=mm&r=g","contentUrl":"https:\/\/secure.gravatar.com\/avatar\/e0a867bdedb85fd243eadf09663511f96fc81e0720a4a42581f334ad4303aa6b?s=96&d=mm&r=g","caption":"Reda\u00e7\u00e3o"}}]}},"amp_enabled":true,"_links":{"self":[{"href":"https:\/\/www.notibras.com\/site\/wp-json\/wp\/v2\/posts\/117541","targetHints":{"allow":["GET"]}}],"collection":[{"href":"https:\/\/www.notibras.com\/site\/wp-json\/wp\/v2\/posts"}],"about":[{"href":"https:\/\/www.notibras.com\/site\/wp-json\/wp\/v2\/types\/post"}],"author":[{"embeddable":true,"href":"https:\/\/www.notibras.com\/site\/wp-json\/wp\/v2\/users\/2"}],"replies":[{"embeddable":true,"href":"https:\/\/www.notibras.com\/site\/wp-json\/wp\/v2\/comments?post=117541"}],"version-history":[{"count":3,"href":"https:\/\/www.notibras.com\/site\/wp-json\/wp\/v2\/posts\/117541\/revisions"}],"predecessor-version":[{"id":117545,"href":"https:\/\/www.notibras.com\/site\/wp-json\/wp\/v2\/posts\/117541\/revisions\/117545"}],"wp:featuredmedia":[{"embeddable":true,"href":"https:\/\/www.notibras.com\/site\/wp-json\/wp\/v2\/media\/117542"}],"wp:attachment":[{"href":"https:\/\/www.notibras.com\/site\/wp-json\/wp\/v2\/media?parent=117541"}],"wp:term":[{"taxonomy":"category","embeddable":true,"href":"https:\/\/www.notibras.com\/site\/wp-json\/wp\/v2\/categories?post=117541"},{"taxonomy":"post_tag","embeddable":true,"href":"https:\/\/www.notibras.com\/site\/wp-json\/wp\/v2\/tags?post=117541"}],"curies":[{"name":"wp","href":"https:\/\/api.w.org\/{rel}","templated":true}]}}