{"id":117698,"date":"2016-10-06T06:41:38","date_gmt":"2016-10-06T09:41:38","guid":{"rendered":"http:\/\/www.notibras.com\/site\/?p=117698"},"modified":"2016-10-06T06:41:38","modified_gmt":"2016-10-06T09:41:38","slug":"constituicao-cidada-vive-ameaca-de-ruptura","status":"publish","type":"post","link":"https:\/\/www.notibras.com\/site\/constituicao-cidada-vive-ameaca-de-ruptura\/","title":{"rendered":"Constitui\u00e7\u00e3o cidad\u00e3 vive amea\u00e7a de ruptura"},"content":{"rendered":"<p><strong>Marcos da Costa<\/strong><\/p>\n<p>A cidadania brasileira comemora 28 anos de sua Constitui\u00e7\u00e3o Cidad\u00e3, assim designada, no dia 5 de outubro de 1988, pelo ent\u00e3o presidente da C\u00e2mara Federal, Ulysses Guimar\u00e3es. Com ela, a na\u00e7\u00e3o conseguiu formar um dos mais completos estatutos dos direitos individuais e coletivos do mundo contempor\u00e2neo. Trata-se, ent\u00e3o, de uma data vital a ser festejada pela democracia.<\/p>\n<p>Em especial, neste momento sombrio que vivemos, em que o pa\u00eds procura caminhar entre as curvas de uma das mais graves crises de sua hist\u00f3ria \u2013cujos fatores s\u00e3o de ordem pol\u00edtica, econ\u00f4mica, \u00e9tica e moral\u2013 e com os desdobramentos ocorrendo na esteira da Opera\u00e7\u00e3o Lava Jato, a nossa Lei maior d\u00e1 um norte \u00e0s institui\u00e7\u00f5es e baliza as pautas que chegam \u00e0 inst\u00e2ncia do \u00f3rg\u00e3o que cuida de sua salvaguarda, o STF (Supremo Tribunal Federal).<\/p>\n<p>Urge fazer rever\u00eancia \u00e0 nossa Carta Magna ante a crescente amea\u00e7a de ruptura da norma constitucional, como vimos recentemente por ocasi\u00e3o da decis\u00e3o do STF de abrir a possibilidade de pris\u00e3o ap\u00f3s condena\u00e7\u00e3o em segunda inst\u00e2ncia. Essa malfadada decis\u00e3o implica num claro abandono da cl\u00e1usula p\u00e9trea de que ningu\u00e9m deve ser considerado culpado at\u00e9 o tr\u00e2nsito em julgado do processo.<\/p>\n<p>Tamb\u00e9m n\u00e3o resiste \u00e0 an\u00e1lise criteriosa do direito a modalidade de pris\u00e3o preventiva em que o investigado \u2013antes mesmo de se tornar r\u00e9u\u2013 n\u00e3o possa ter acesso a recursos para financiar sua defesa. Significa um irrepar\u00e1vel dano ao principal direito do cidad\u00e3o que \u00e9 o direito \u00e0 defesa.<\/p>\n<p>O ciclo pol\u00edtico que o pa\u00eds atravessa sugere a mobiliza\u00e7\u00e3o permanente \u2013n\u00e3o apenas do meio jur\u00eddico, mas de todos os que participam da vida p\u00fablica\u2013 em torno da defesa dos princ\u00edpios e valores expressos na Constitui\u00e7\u00e3o, assim amparando o Estado Democr\u00e1tico de Direito e embasando o edif\u00edcio da cidadania. Da\u00ed a import\u00e2ncia de o Congresso debater o PL (projeto de lei) n\u00b0 4850\/2016, que disp\u00f5e sobre as medidas de combate \u00e0 corrup\u00e7\u00e3o. Tema que carece de toda a aten\u00e7\u00e3o da sociedade.<\/p>\n<p>Nesse sentido, em setembro, em audi\u00eancia p\u00fablica na C\u00e2mara dos Deputados sobre esse PL, a se\u00e7\u00e3o de S\u00e3o Paulo da Ordem dos Advogados do Brasil entregou um rol de propostas que visam combater o cancro da corrup\u00e7\u00e3o, com foco no ataque \u00e0s causas e n\u00e3o apenas aos efeitos.<\/p>\n<p>Denunciamos l\u00e1 mais uma amea\u00e7a ao aparato da Justi\u00e7a, que \u00e9 o aproveitamento de provas obtidas por meio il\u00edcito. Trata-se de uma aberra\u00e7\u00e3o s\u00f3 entendida na era das trevas ditatoriais. \u00c9 inimagin\u00e1vel que nosso sistema abrigue um instrumento de t\u00e3o evidente transgress\u00e3o aos direitos individuais.<\/p>\n<p>Fizemos ainda a defesa indiscut\u00edvel do habeas corpus, instrumento sob amea\u00e7a de restri\u00e7\u00e3o. N\u00e3o podemos nunca nos esquecer que, por ocasi\u00e3o do Ato Institucional n\u00b0 5, que consagrou o Estado autorit\u00e1rio no pa\u00eds, o restabelecimento do habeas corpus s\u00f3 foi poss\u00edvel gra\u00e7as \u00e0 articula\u00e7\u00e3o promovida pelo ent\u00e3o presidente da OAB, o advogado Raymundo Faoro.<\/p>\n<p>Sob essa moldura de amea\u00e7as, a secional paulista da Ordem dos Advogados do Brasil faz o alerta: se a Lei Maior da Na\u00e7\u00e3o \u00e9 transgredida, o que se pode prever \u00e9 o caos. A na\u00e7\u00e3o precisa consolidar suas leis, temos de reagir aos retrocessos e buscar aperfei\u00e7oar os caminhos do direito e da Justi\u00e7a.<\/p>\n","protected":false},"excerpt":{"rendered":"<p>Marcos da Costa A cidadania brasileira comemora 28 anos de sua Constitui\u00e7\u00e3o Cidad\u00e3, assim designada, no dia 5 de outubro de 1988, pelo ent\u00e3o presidente da C\u00e2mara Federal, Ulysses Guimar\u00e3es. Com ela, a na\u00e7\u00e3o conseguiu formar um dos mais completos estatutos dos direitos individuais e coletivos do mundo contempor\u00e2neo. Trata-se, ent\u00e3o, de uma data vital [&hellip;]<\/p>\n","protected":false},"author":2,"featured_media":117699,"comment_status":"open","ping_status":"closed","sticky":false,"template":"","format":"standard","meta":{"_acf_changed":false,"footnotes":""},"categories":[25],"tags":[],"class_list":["post-117698","post","type-post","status-publish","format-standard","has-post-thumbnail","hentry","category-opina-ai"],"acf":[],"yoast_head":"<!-- This site is optimized with the Yoast SEO plugin v27.5 - https:\/\/yoast.com\/product\/yoast-seo-wordpress\/ -->\n<title>Constitui\u00e7\u00e3o cidad\u00e3 vive amea\u00e7a de ruptura - Notibras<\/title>\n<meta name=\"robots\" content=\"index, follow, max-snippet:-1, max-image-preview:large, max-video-preview:-1\" \/>\n<link rel=\"canonical\" href=\"https:\/\/www.notibras.com\/site\/constituicao-cidada-vive-ameaca-de-ruptura\/\" \/>\n<meta property=\"og:locale\" content=\"pt_BR\" \/>\n<meta property=\"og:type\" content=\"article\" \/>\n<meta property=\"og:title\" content=\"Constitui\u00e7\u00e3o cidad\u00e3 vive amea\u00e7a de ruptura - Notibras\" \/>\n<meta property=\"og:description\" content=\"Marcos da Costa A cidadania brasileira comemora 28 anos de sua Constitui\u00e7\u00e3o Cidad\u00e3, assim designada, no dia 5 de outubro de 1988, pelo ent\u00e3o presidente da C\u00e2mara Federal, Ulysses Guimar\u00e3es. Com ela, a na\u00e7\u00e3o conseguiu formar um dos mais completos estatutos dos direitos individuais e coletivos do mundo contempor\u00e2neo. Trata-se, ent\u00e3o, de uma data vital [&hellip;]\" \/>\n<meta property=\"og:url\" content=\"https:\/\/www.notibras.com\/site\/constituicao-cidada-vive-ameaca-de-ruptura\/\" \/>\n<meta property=\"og:site_name\" content=\"Notibras\" \/>\n<meta property=\"article:publisher\" content=\"https:\/\/www.facebook.com\/notibras\/\" \/>\n<meta property=\"article:published_time\" content=\"2016-10-06T09:41:38+00:00\" \/>\n<meta property=\"og:image\" content=\"https:\/\/www.notibras.com\/site\/wp-content\/uploads\/2016\/10\/f_129907.jpg\" \/>\n\t<meta property=\"og:image:width\" content=\"900\" \/>\n\t<meta property=\"og:image:height\" content=\"603\" \/>\n\t<meta property=\"og:image:type\" content=\"image\/jpeg\" \/>\n<meta name=\"author\" content=\"Reda\u00e7\u00e3o\" \/>\n<meta name=\"twitter:card\" content=\"summary_large_image\" \/>\n<meta name=\"twitter:creator\" content=\"@Notibras\" \/>\n<meta name=\"twitter:site\" content=\"@Notibras\" \/>\n<meta name=\"twitter:label1\" content=\"Escrito por\" \/>\n\t<meta name=\"twitter:data1\" content=\"Reda\u00e7\u00e3o\" \/>\n\t<meta name=\"twitter:label2\" content=\"Est. tempo de leitura\" \/>\n\t<meta name=\"twitter:data2\" content=\"3 minutos\" \/>\n<script type=\"application\/ld+json\" class=\"yoast-schema-graph\">{\"@context\":\"https:\\\/\\\/schema.org\",\"@graph\":[{\"@type\":\"Article\",\"@id\":\"https:\\\/\\\/www.notibras.com\\\/site\\\/constituicao-cidada-vive-ameaca-de-ruptura\\\/#article\",\"isPartOf\":{\"@id\":\"https:\\\/\\\/www.notibras.com\\\/site\\\/constituicao-cidada-vive-ameaca-de-ruptura\\\/\"},\"author\":{\"name\":\"Reda\u00e7\u00e3o\",\"@id\":\"https:\\\/\\\/www.notibras.com\\\/site\\\/#\\\/schema\\\/person\\\/36ab0979449956132d3e5b517ea76ac8\"},\"headline\":\"Constitui\u00e7\u00e3o cidad\u00e3 vive amea\u00e7a de ruptura\",\"datePublished\":\"2016-10-06T09:41:38+00:00\",\"mainEntityOfPage\":{\"@id\":\"https:\\\/\\\/www.notibras.com\\\/site\\\/constituicao-cidada-vive-ameaca-de-ruptura\\\/\"},\"wordCount\":598,\"commentCount\":0,\"publisher\":{\"@id\":\"https:\\\/\\\/www.notibras.com\\\/site\\\/#organization\"},\"image\":{\"@id\":\"https:\\\/\\\/www.notibras.com\\\/site\\\/constituicao-cidada-vive-ameaca-de-ruptura\\\/#primaryimage\"},\"thumbnailUrl\":\"https:\\\/\\\/www.notibras.com\\\/site\\\/wp-content\\\/uploads\\\/2016\\\/10\\\/f_129907.jpg\",\"articleSection\":[\"Opina a\u00ed\"],\"inLanguage\":\"pt-BR\",\"potentialAction\":[{\"@type\":\"CommentAction\",\"name\":\"Comment\",\"target\":[\"https:\\\/\\\/www.notibras.com\\\/site\\\/constituicao-cidada-vive-ameaca-de-ruptura\\\/#respond\"]}]},{\"@type\":\"WebPage\",\"@id\":\"https:\\\/\\\/www.notibras.com\\\/site\\\/constituicao-cidada-vive-ameaca-de-ruptura\\\/\",\"url\":\"https:\\\/\\\/www.notibras.com\\\/site\\\/constituicao-cidada-vive-ameaca-de-ruptura\\\/\",\"name\":\"Constitui\u00e7\u00e3o cidad\u00e3 vive amea\u00e7a de ruptura - Notibras\",\"isPartOf\":{\"@id\":\"https:\\\/\\\/www.notibras.com\\\/site\\\/#website\"},\"primaryImageOfPage\":{\"@id\":\"https:\\\/\\\/www.notibras.com\\\/site\\\/constituicao-cidada-vive-ameaca-de-ruptura\\\/#primaryimage\"},\"image\":{\"@id\":\"https:\\\/\\\/www.notibras.com\\\/site\\\/constituicao-cidada-vive-ameaca-de-ruptura\\\/#primaryimage\"},\"thumbnailUrl\":\"https:\\\/\\\/www.notibras.com\\\/site\\\/wp-content\\\/uploads\\\/2016\\\/10\\\/f_129907.jpg\",\"datePublished\":\"2016-10-06T09:41:38+00:00\",\"breadcrumb\":{\"@id\":\"https:\\\/\\\/www.notibras.com\\\/site\\\/constituicao-cidada-vive-ameaca-de-ruptura\\\/#breadcrumb\"},\"inLanguage\":\"pt-BR\",\"potentialAction\":[{\"@type\":\"ReadAction\",\"target\":[\"https:\\\/\\\/www.notibras.com\\\/site\\\/constituicao-cidada-vive-ameaca-de-ruptura\\\/\"]}]},{\"@type\":\"ImageObject\",\"inLanguage\":\"pt-BR\",\"@id\":\"https:\\\/\\\/www.notibras.com\\\/site\\\/constituicao-cidada-vive-ameaca-de-ruptura\\\/#primaryimage\",\"url\":\"https:\\\/\\\/www.notibras.com\\\/site\\\/wp-content\\\/uploads\\\/2016\\\/10\\\/f_129907.jpg\",\"contentUrl\":\"https:\\\/\\\/www.notibras.com\\\/site\\\/wp-content\\\/uploads\\\/2016\\\/10\\\/f_129907.jpg\",\"width\":900,\"height\":603},{\"@type\":\"BreadcrumbList\",\"@id\":\"https:\\\/\\\/www.notibras.com\\\/site\\\/constituicao-cidada-vive-ameaca-de-ruptura\\\/#breadcrumb\",\"itemListElement\":[{\"@type\":\"ListItem\",\"position\":1,\"name\":\"In\u00edcio\",\"item\":\"https:\\\/\\\/www.notibras.com\\\/site\\\/\"},{\"@type\":\"ListItem\",\"position\":2,\"name\":\"Constitui\u00e7\u00e3o cidad\u00e3 vive amea\u00e7a de ruptura\"}]},{\"@type\":\"WebSite\",\"@id\":\"https:\\\/\\\/www.notibras.com\\\/site\\\/#website\",\"url\":\"https:\\\/\\\/www.notibras.com\\\/site\\\/\",\"name\":\"Notibras\",\"description\":\"Not\u00edcias de Bras\u00edlia, do Brasil e do Mundo\",\"publisher\":{\"@id\":\"https:\\\/\\\/www.notibras.com\\\/site\\\/#organization\"},\"potentialAction\":[{\"@type\":\"SearchAction\",\"target\":{\"@type\":\"EntryPoint\",\"urlTemplate\":\"https:\\\/\\\/www.notibras.com\\\/site\\\/?s={search_term_string}\"},\"query-input\":{\"@type\":\"PropertyValueSpecification\",\"valueRequired\":true,\"valueName\":\"search_term_string\"}}],\"inLanguage\":\"pt-BR\"},{\"@type\":\"Organization\",\"@id\":\"https:\\\/\\\/www.notibras.com\\\/site\\\/#organization\",\"name\":\"Grupo Notibras de Comunica\u00e7\u00e3o\",\"url\":\"https:\\\/\\\/www.notibras.com\\\/site\\\/\",\"logo\":{\"@type\":\"ImageObject\",\"inLanguage\":\"pt-BR\",\"@id\":\"https:\\\/\\\/www.notibras.com\\\/site\\\/#\\\/schema\\\/logo\\\/image\\\/\",\"url\":\"https:\\\/\\\/www.notibras.com\\\/site\\\/wp-content\\\/uploads\\\/2023\\\/01\\\/notibras23.png\",\"contentUrl\":\"https:\\\/\\\/www.notibras.com\\\/site\\\/wp-content\\\/uploads\\\/2023\\\/01\\\/notibras23.png\",\"width\":350,\"height\":87,\"caption\":\"Grupo Notibras de Comunica\u00e7\u00e3o\"},\"image\":{\"@id\":\"https:\\\/\\\/www.notibras.com\\\/site\\\/#\\\/schema\\\/logo\\\/image\\\/\"},\"sameAs\":[\"https:\\\/\\\/www.facebook.com\\\/notibras\\\/\",\"https:\\\/\\\/x.com\\\/Notibras\",\"https:\\\/\\\/www.instagram.com\\\/notibras\\\/\"]},{\"@type\":\"Person\",\"@id\":\"https:\\\/\\\/www.notibras.com\\\/site\\\/#\\\/schema\\\/person\\\/36ab0979449956132d3e5b517ea76ac8\",\"name\":\"Reda\u00e7\u00e3o\",\"image\":{\"@type\":\"ImageObject\",\"inLanguage\":\"pt-BR\",\"@id\":\"https:\\\/\\\/secure.gravatar.com\\\/avatar\\\/e0a867bdedb85fd243eadf09663511f96fc81e0720a4a42581f334ad4303aa6b?s=96&d=mm&r=g\",\"url\":\"https:\\\/\\\/secure.gravatar.com\\\/avatar\\\/e0a867bdedb85fd243eadf09663511f96fc81e0720a4a42581f334ad4303aa6b?s=96&d=mm&r=g\",\"contentUrl\":\"https:\\\/\\\/secure.gravatar.com\\\/avatar\\\/e0a867bdedb85fd243eadf09663511f96fc81e0720a4a42581f334ad4303aa6b?s=96&d=mm&r=g\",\"caption\":\"Reda\u00e7\u00e3o\"}}]}<\/script>\n<!-- \/ Yoast SEO plugin. -->","yoast_head_json":{"title":"Constitui\u00e7\u00e3o cidad\u00e3 vive amea\u00e7a de ruptura - Notibras","robots":{"index":"index","follow":"follow","max-snippet":"max-snippet:-1","max-image-preview":"max-image-preview:large","max-video-preview":"max-video-preview:-1"},"canonical":"https:\/\/www.notibras.com\/site\/constituicao-cidada-vive-ameaca-de-ruptura\/","og_locale":"pt_BR","og_type":"article","og_title":"Constitui\u00e7\u00e3o cidad\u00e3 vive amea\u00e7a de ruptura - Notibras","og_description":"Marcos da Costa A cidadania brasileira comemora 28 anos de sua Constitui\u00e7\u00e3o Cidad\u00e3, assim designada, no dia 5 de outubro de 1988, pelo ent\u00e3o presidente da C\u00e2mara Federal, Ulysses Guimar\u00e3es. Com ela, a na\u00e7\u00e3o conseguiu formar um dos mais completos estatutos dos direitos individuais e coletivos do mundo contempor\u00e2neo. Trata-se, ent\u00e3o, de uma data vital [&hellip;]","og_url":"https:\/\/www.notibras.com\/site\/constituicao-cidada-vive-ameaca-de-ruptura\/","og_site_name":"Notibras","article_publisher":"https:\/\/www.facebook.com\/notibras\/","article_published_time":"2016-10-06T09:41:38+00:00","og_image":[{"width":900,"height":603,"url":"https:\/\/www.notibras.com\/site\/wp-content\/uploads\/2016\/10\/f_129907.jpg","type":"image\/jpeg"}],"author":"Reda\u00e7\u00e3o","twitter_card":"summary_large_image","twitter_creator":"@Notibras","twitter_site":"@Notibras","twitter_misc":{"Escrito por":"Reda\u00e7\u00e3o","Est. tempo de leitura":"3 minutos"},"schema":{"@context":"https:\/\/schema.org","@graph":[{"@type":"Article","@id":"https:\/\/www.notibras.com\/site\/constituicao-cidada-vive-ameaca-de-ruptura\/#article","isPartOf":{"@id":"https:\/\/www.notibras.com\/site\/constituicao-cidada-vive-ameaca-de-ruptura\/"},"author":{"name":"Reda\u00e7\u00e3o","@id":"https:\/\/www.notibras.com\/site\/#\/schema\/person\/36ab0979449956132d3e5b517ea76ac8"},"headline":"Constitui\u00e7\u00e3o cidad\u00e3 vive amea\u00e7a de ruptura","datePublished":"2016-10-06T09:41:38+00:00","mainEntityOfPage":{"@id":"https:\/\/www.notibras.com\/site\/constituicao-cidada-vive-ameaca-de-ruptura\/"},"wordCount":598,"commentCount":0,"publisher":{"@id":"https:\/\/www.notibras.com\/site\/#organization"},"image":{"@id":"https:\/\/www.notibras.com\/site\/constituicao-cidada-vive-ameaca-de-ruptura\/#primaryimage"},"thumbnailUrl":"https:\/\/www.notibras.com\/site\/wp-content\/uploads\/2016\/10\/f_129907.jpg","articleSection":["Opina a\u00ed"],"inLanguage":"pt-BR","potentialAction":[{"@type":"CommentAction","name":"Comment","target":["https:\/\/www.notibras.com\/site\/constituicao-cidada-vive-ameaca-de-ruptura\/#respond"]}]},{"@type":"WebPage","@id":"https:\/\/www.notibras.com\/site\/constituicao-cidada-vive-ameaca-de-ruptura\/","url":"https:\/\/www.notibras.com\/site\/constituicao-cidada-vive-ameaca-de-ruptura\/","name":"Constitui\u00e7\u00e3o cidad\u00e3 vive amea\u00e7a de ruptura - Notibras","isPartOf":{"@id":"https:\/\/www.notibras.com\/site\/#website"},"primaryImageOfPage":{"@id":"https:\/\/www.notibras.com\/site\/constituicao-cidada-vive-ameaca-de-ruptura\/#primaryimage"},"image":{"@id":"https:\/\/www.notibras.com\/site\/constituicao-cidada-vive-ameaca-de-ruptura\/#primaryimage"},"thumbnailUrl":"https:\/\/www.notibras.com\/site\/wp-content\/uploads\/2016\/10\/f_129907.jpg","datePublished":"2016-10-06T09:41:38+00:00","breadcrumb":{"@id":"https:\/\/www.notibras.com\/site\/constituicao-cidada-vive-ameaca-de-ruptura\/#breadcrumb"},"inLanguage":"pt-BR","potentialAction":[{"@type":"ReadAction","target":["https:\/\/www.notibras.com\/site\/constituicao-cidada-vive-ameaca-de-ruptura\/"]}]},{"@type":"ImageObject","inLanguage":"pt-BR","@id":"https:\/\/www.notibras.com\/site\/constituicao-cidada-vive-ameaca-de-ruptura\/#primaryimage","url":"https:\/\/www.notibras.com\/site\/wp-content\/uploads\/2016\/10\/f_129907.jpg","contentUrl":"https:\/\/www.notibras.com\/site\/wp-content\/uploads\/2016\/10\/f_129907.jpg","width":900,"height":603},{"@type":"BreadcrumbList","@id":"https:\/\/www.notibras.com\/site\/constituicao-cidada-vive-ameaca-de-ruptura\/#breadcrumb","itemListElement":[{"@type":"ListItem","position":1,"name":"In\u00edcio","item":"https:\/\/www.notibras.com\/site\/"},{"@type":"ListItem","position":2,"name":"Constitui\u00e7\u00e3o cidad\u00e3 vive amea\u00e7a de ruptura"}]},{"@type":"WebSite","@id":"https:\/\/www.notibras.com\/site\/#website","url":"https:\/\/www.notibras.com\/site\/","name":"Notibras","description":"Not\u00edcias de Bras\u00edlia, do Brasil e do Mundo","publisher":{"@id":"https:\/\/www.notibras.com\/site\/#organization"},"potentialAction":[{"@type":"SearchAction","target":{"@type":"EntryPoint","urlTemplate":"https:\/\/www.notibras.com\/site\/?s={search_term_string}"},"query-input":{"@type":"PropertyValueSpecification","valueRequired":true,"valueName":"search_term_string"}}],"inLanguage":"pt-BR"},{"@type":"Organization","@id":"https:\/\/www.notibras.com\/site\/#organization","name":"Grupo Notibras de Comunica\u00e7\u00e3o","url":"https:\/\/www.notibras.com\/site\/","logo":{"@type":"ImageObject","inLanguage":"pt-BR","@id":"https:\/\/www.notibras.com\/site\/#\/schema\/logo\/image\/","url":"https:\/\/www.notibras.com\/site\/wp-content\/uploads\/2023\/01\/notibras23.png","contentUrl":"https:\/\/www.notibras.com\/site\/wp-content\/uploads\/2023\/01\/notibras23.png","width":350,"height":87,"caption":"Grupo Notibras de Comunica\u00e7\u00e3o"},"image":{"@id":"https:\/\/www.notibras.com\/site\/#\/schema\/logo\/image\/"},"sameAs":["https:\/\/www.facebook.com\/notibras\/","https:\/\/x.com\/Notibras","https:\/\/www.instagram.com\/notibras\/"]},{"@type":"Person","@id":"https:\/\/www.notibras.com\/site\/#\/schema\/person\/36ab0979449956132d3e5b517ea76ac8","name":"Reda\u00e7\u00e3o","image":{"@type":"ImageObject","inLanguage":"pt-BR","@id":"https:\/\/secure.gravatar.com\/avatar\/e0a867bdedb85fd243eadf09663511f96fc81e0720a4a42581f334ad4303aa6b?s=96&d=mm&r=g","url":"https:\/\/secure.gravatar.com\/avatar\/e0a867bdedb85fd243eadf09663511f96fc81e0720a4a42581f334ad4303aa6b?s=96&d=mm&r=g","contentUrl":"https:\/\/secure.gravatar.com\/avatar\/e0a867bdedb85fd243eadf09663511f96fc81e0720a4a42581f334ad4303aa6b?s=96&d=mm&r=g","caption":"Reda\u00e7\u00e3o"}}]}},"amp_enabled":true,"_links":{"self":[{"href":"https:\/\/www.notibras.com\/site\/wp-json\/wp\/v2\/posts\/117698","targetHints":{"allow":["GET"]}}],"collection":[{"href":"https:\/\/www.notibras.com\/site\/wp-json\/wp\/v2\/posts"}],"about":[{"href":"https:\/\/www.notibras.com\/site\/wp-json\/wp\/v2\/types\/post"}],"author":[{"embeddable":true,"href":"https:\/\/www.notibras.com\/site\/wp-json\/wp\/v2\/users\/2"}],"replies":[{"embeddable":true,"href":"https:\/\/www.notibras.com\/site\/wp-json\/wp\/v2\/comments?post=117698"}],"version-history":[{"count":1,"href":"https:\/\/www.notibras.com\/site\/wp-json\/wp\/v2\/posts\/117698\/revisions"}],"predecessor-version":[{"id":117700,"href":"https:\/\/www.notibras.com\/site\/wp-json\/wp\/v2\/posts\/117698\/revisions\/117700"}],"wp:featuredmedia":[{"embeddable":true,"href":"https:\/\/www.notibras.com\/site\/wp-json\/wp\/v2\/media\/117699"}],"wp:attachment":[{"href":"https:\/\/www.notibras.com\/site\/wp-json\/wp\/v2\/media?parent=117698"}],"wp:term":[{"taxonomy":"category","embeddable":true,"href":"https:\/\/www.notibras.com\/site\/wp-json\/wp\/v2\/categories?post=117698"},{"taxonomy":"post_tag","embeddable":true,"href":"https:\/\/www.notibras.com\/site\/wp-json\/wp\/v2\/tags?post=117698"}],"curies":[{"name":"wp","href":"https:\/\/api.w.org\/{rel}","templated":true}]}}