{"id":11781,"date":"2014-05-31T18:22:55","date_gmt":"2014-05-31T21:22:55","guid":{"rendered":"http:\/\/www.notibras.com\/site\/?p=11781"},"modified":"2014-05-31T18:49:57","modified_gmt":"2014-05-31T21:49:57","slug":"nautico-comeca-a-reagir-vence-e-tira-america-da-lideranca","status":"publish","type":"post","link":"https:\/\/www.notibras.com\/site\/nautico-comeca-a-reagir-vence-e-tira-america-da-lideranca\/","title":{"rendered":"N\u00e1utico come\u00e7a a reagir, vence e tira Am\u00e9rica da lideran\u00e7a"},"content":{"rendered":"<p>Destaque do in\u00edcio da S\u00e9rie B do Campeonato Brasileiro, o Am\u00e9rica-MG aumentou para tr\u00eas o n\u00famero de jogos sem vencer no torneio nacional. Ap\u00f3s perder a invencibilidade para o Atl\u00e9tico-GO na \u00faltima rodada \u2013 j\u00e1 tinha empatado com o Santa Cruz na partida anterior \u2013, a equipe mineira foi surpreendida pelo N\u00e1utico em duelo disputado na cidade de Muria\u00e9 (MG)\u00a0e derrotada por 3 a 1 pela nona rodada da competi\u00e7\u00e3o.<\/p>\n<p>O rev\u00e9s tira os americanos da lideran\u00e7a da segunda divis\u00e3o nacional. Com 17 pontos, o Am\u00e9rica-MG \u00e9 ultrapassado pelo Cear\u00e1 e fica na segunda coloca\u00e7\u00e3o. J\u00e1 o time alvirrubro se distancia da zona de rebaixamento: vai para a 10\u00aa coloca\u00e7\u00e3o, com 11 pontos.<\/p>\n<p>Ambos os clubes voltam a campo na pr\u00f3xima ter\u00e7a-feira, no \u00faltimo dia de S\u00e9rie B antes da parada para a Copa do Mundo. Os mineiros visitam a Portuguesa no Canind\u00e9 \u00e0s 19h30 (de Bras\u00edlia), enquanto a equipe pernambucana pega o ABC fora de casa \u00e0s 21h50.<\/p>\n<p>O Am\u00e9rica-MG perdeu Obina machucado no in\u00edcio da partida, mas mesmo assim criou as melhores chances do duelo no come\u00e7o. Os donos da casa tiveram quatro boas chances nos primeiros 35 minutos, incluindo duas bolas na trave, aos 20min e aos 32min \u2013 a \u00fanica oportunidade do N\u00e1utico no per\u00edodo tamb\u00e9m foi uma bola no poste ap\u00f3s boa defesa do goleiro advers\u00e1rio, aos 28min.<\/p>\n<p>Mesmo com o advers\u00e1rio melhor, quem abriu o placar foi a equipe visitante. Aos 33min, a bola sobrou para William Alves na \u00e1rea, que chutou para o goleiro Matheus aceitar. O time pernambucano ainda aumentou aos 46min, quando Roberto chutou fraco de fora da \u00e1rea, mas o arqueiro Matheus tomar um frango ao ver a bola passar por debaixo de suas pernas em tentativa de encaixar o remate.<\/p>\n<p>A vit\u00f3ria alvirrubra foi praticamente assegurada aos 2min, em lance completado por Vin\u00edcius para o gol. O Am\u00e9rica-MG ganhou esperan\u00e7a ao diminuir com Mancini de p\u00eanalti aos 9min, mas teve Gilson expulso cinco minutos mais tarde. Os americanos tamb\u00e9m tiveram Elsinho expulso aos 29min e n\u00e3o conseguiram buscar a rea\u00e7\u00e3o.<\/p>\n","protected":false},"excerpt":{"rendered":"<p>Destaque do in\u00edcio da S\u00e9rie B do Campeonato Brasileiro, o Am\u00e9rica-MG aumentou para tr\u00eas o n\u00famero de jogos sem vencer no torneio nacional. Ap\u00f3s perder a invencibilidade para o Atl\u00e9tico-GO na \u00faltima rodada \u2013 j\u00e1 tinha empatado com o Santa Cruz na partida anterior \u2013, a equipe mineira foi surpreendida pelo N\u00e1utico em duelo disputado [&hellip;]<\/p>\n","protected":false},"author":2,"featured_media":11782,"comment_status":"open","ping_status":"closed","sticky":false,"template":"","format":"standard","meta":{"_acf_changed":false,"footnotes":""},"categories":[19,29],"tags":[],"class_list":["post-11781","post","type-post","status-publish","format-standard","has-post-thumbnail","hentry","category-esportes","category-futebol"],"acf":[],"yoast_head":"<!-- This site is optimized with the Yoast SEO plugin v27.2 - https:\/\/yoast.com\/product\/yoast-seo-wordpress\/ -->\n<title>N\u00e1utico come\u00e7a a reagir, vence e tira Am\u00e9rica da lideran\u00e7a - Notibras<\/title>\n<meta name=\"robots\" content=\"index, follow, max-snippet:-1, max-image-preview:large, max-video-preview:-1\" \/>\n<link rel=\"canonical\" href=\"https:\/\/www.notibras.com\/site\/nautico-comeca-a-reagir-vence-e-tira-america-da-lideranca\/\" \/>\n<meta property=\"og:locale\" content=\"pt_BR\" \/>\n<meta property=\"og:type\" content=\"article\" \/>\n<meta property=\"og:title\" content=\"N\u00e1utico come\u00e7a a reagir, vence e tira Am\u00e9rica da lideran\u00e7a - Notibras\" \/>\n<meta property=\"og:description\" content=\"Destaque do in\u00edcio da S\u00e9rie B do Campeonato Brasileiro, o Am\u00e9rica-MG aumentou para tr\u00eas o n\u00famero de jogos sem vencer no torneio nacional. Ap\u00f3s perder a invencibilidade para o Atl\u00e9tico-GO na \u00faltima rodada \u2013 j\u00e1 tinha empatado com o Santa Cruz na partida anterior \u2013, a equipe mineira foi surpreendida pelo N\u00e1utico em duelo disputado [&hellip;]\" \/>\n<meta property=\"og:url\" content=\"https:\/\/www.notibras.com\/site\/nautico-comeca-a-reagir-vence-e-tira-america-da-lideranca\/\" \/>\n<meta property=\"og:site_name\" content=\"Notibras\" \/>\n<meta property=\"article:publisher\" content=\"https:\/\/www.facebook.com\/notibras\/\" \/>\n<meta property=\"article:published_time\" content=\"2014-05-31T21:22:55+00:00\" \/>\n<meta property=\"article:modified_time\" content=\"2014-05-31T21:49:57+00:00\" \/>\n<meta property=\"og:image\" content=\"https:\/\/www.notibras.com\/site\/wp-content\/uploads\/2014\/05\/esp17.jpg\" \/>\n\t<meta property=\"og:image:width\" content=\"619\" \/>\n\t<meta property=\"og:image:height\" content=\"464\" \/>\n\t<meta property=\"og:image:type\" content=\"image\/jpeg\" \/>\n<meta name=\"author\" content=\"Reda\u00e7\u00e3o\" \/>\n<meta name=\"twitter:card\" content=\"summary_large_image\" \/>\n<meta name=\"twitter:creator\" content=\"@Notibras\" \/>\n<meta name=\"twitter:site\" content=\"@Notibras\" \/>\n<meta name=\"twitter:label1\" content=\"Escrito por\" \/>\n\t<meta name=\"twitter:data1\" content=\"Reda\u00e7\u00e3o\" \/>\n\t<meta name=\"twitter:label2\" content=\"Est. tempo de leitura\" \/>\n\t<meta name=\"twitter:data2\" content=\"2 minutos\" \/>\n<script type=\"application\/ld+json\" class=\"yoast-schema-graph\">{\"@context\":\"https:\/\/schema.org\",\"@graph\":[{\"@type\":\"Article\",\"@id\":\"https:\/\/www.notibras.com\/site\/nautico-comeca-a-reagir-vence-e-tira-america-da-lideranca\/#article\",\"isPartOf\":{\"@id\":\"https:\/\/www.notibras.com\/site\/nautico-comeca-a-reagir-vence-e-tira-america-da-lideranca\/\"},\"author\":{\"name\":\"Reda\u00e7\u00e3o\",\"@id\":\"https:\/\/www.notibras.com\/site\/#\/schema\/person\/36ab0979449956132d3e5b517ea76ac8\"},\"headline\":\"N\u00e1utico come\u00e7a a reagir, vence e tira Am\u00e9rica da lideran\u00e7a\",\"datePublished\":\"2014-05-31T21:22:55+00:00\",\"dateModified\":\"2014-05-31T21:49:57+00:00\",\"mainEntityOfPage\":{\"@id\":\"https:\/\/www.notibras.com\/site\/nautico-comeca-a-reagir-vence-e-tira-america-da-lideranca\/\"},\"wordCount\":382,\"commentCount\":0,\"publisher\":{\"@id\":\"https:\/\/www.notibras.com\/site\/#organization\"},\"image\":{\"@id\":\"https:\/\/www.notibras.com\/site\/nautico-comeca-a-reagir-vence-e-tira-america-da-lideranca\/#primaryimage\"},\"thumbnailUrl\":\"https:\/\/www.notibras.com\/site\/wp-content\/uploads\/2014\/05\/esp17.jpg\",\"articleSection\":[\"Esportes\",\"Futebol\"],\"inLanguage\":\"pt-BR\",\"potentialAction\":[{\"@type\":\"CommentAction\",\"name\":\"Comment\",\"target\":[\"https:\/\/www.notibras.com\/site\/nautico-comeca-a-reagir-vence-e-tira-america-da-lideranca\/#respond\"]}]},{\"@type\":\"WebPage\",\"@id\":\"https:\/\/www.notibras.com\/site\/nautico-comeca-a-reagir-vence-e-tira-america-da-lideranca\/\",\"url\":\"https:\/\/www.notibras.com\/site\/nautico-comeca-a-reagir-vence-e-tira-america-da-lideranca\/\",\"name\":\"N\u00e1utico come\u00e7a a reagir, vence e tira Am\u00e9rica da lideran\u00e7a - Notibras\",\"isPartOf\":{\"@id\":\"https:\/\/www.notibras.com\/site\/#website\"},\"primaryImageOfPage\":{\"@id\":\"https:\/\/www.notibras.com\/site\/nautico-comeca-a-reagir-vence-e-tira-america-da-lideranca\/#primaryimage\"},\"image\":{\"@id\":\"https:\/\/www.notibras.com\/site\/nautico-comeca-a-reagir-vence-e-tira-america-da-lideranca\/#primaryimage\"},\"thumbnailUrl\":\"https:\/\/www.notibras.com\/site\/wp-content\/uploads\/2014\/05\/esp17.jpg\",\"datePublished\":\"2014-05-31T21:22:55+00:00\",\"dateModified\":\"2014-05-31T21:49:57+00:00\",\"breadcrumb\":{\"@id\":\"https:\/\/www.notibras.com\/site\/nautico-comeca-a-reagir-vence-e-tira-america-da-lideranca\/#breadcrumb\"},\"inLanguage\":\"pt-BR\",\"potentialAction\":[{\"@type\":\"ReadAction\",\"target\":[\"https:\/\/www.notibras.com\/site\/nautico-comeca-a-reagir-vence-e-tira-america-da-lideranca\/\"]}]},{\"@type\":\"ImageObject\",\"inLanguage\":\"pt-BR\",\"@id\":\"https:\/\/www.notibras.com\/site\/nautico-comeca-a-reagir-vence-e-tira-america-da-lideranca\/#primaryimage\",\"url\":\"https:\/\/www.notibras.com\/site\/wp-content\/uploads\/2014\/05\/esp17.jpg\",\"contentUrl\":\"https:\/\/www.notibras.com\/site\/wp-content\/uploads\/2014\/05\/esp17.jpg\",\"width\":619,\"height\":464},{\"@type\":\"BreadcrumbList\",\"@id\":\"https:\/\/www.notibras.com\/site\/nautico-comeca-a-reagir-vence-e-tira-america-da-lideranca\/#breadcrumb\",\"itemListElement\":[{\"@type\":\"ListItem\",\"position\":1,\"name\":\"In\u00edcio\",\"item\":\"https:\/\/www.notibras.com\/site\/\"},{\"@type\":\"ListItem\",\"position\":2,\"name\":\"N\u00e1utico come\u00e7a a reagir, vence e tira Am\u00e9rica da lideran\u00e7a\"}]},{\"@type\":\"WebSite\",\"@id\":\"https:\/\/www.notibras.com\/site\/#website\",\"url\":\"https:\/\/www.notibras.com\/site\/\",\"name\":\"Notibras\",\"description\":\"Not\u00edcias de Bras\u00edlia, do Brasil e do Mundo\",\"publisher\":{\"@id\":\"https:\/\/www.notibras.com\/site\/#organization\"},\"potentialAction\":[{\"@type\":\"SearchAction\",\"target\":{\"@type\":\"EntryPoint\",\"urlTemplate\":\"https:\/\/www.notibras.com\/site\/?s={search_term_string}\"},\"query-input\":{\"@type\":\"PropertyValueSpecification\",\"valueRequired\":true,\"valueName\":\"search_term_string\"}}],\"inLanguage\":\"pt-BR\"},{\"@type\":\"Organization\",\"@id\":\"https:\/\/www.notibras.com\/site\/#organization\",\"name\":\"Grupo Notibras de Comunica\u00e7\u00e3o\",\"url\":\"https:\/\/www.notibras.com\/site\/\",\"logo\":{\"@type\":\"ImageObject\",\"inLanguage\":\"pt-BR\",\"@id\":\"https:\/\/www.notibras.com\/site\/#\/schema\/logo\/image\/\",\"url\":\"https:\/\/www.notibras.com\/site\/wp-content\/uploads\/2023\/01\/notibras23.png\",\"contentUrl\":\"https:\/\/www.notibras.com\/site\/wp-content\/uploads\/2023\/01\/notibras23.png\",\"width\":350,\"height\":87,\"caption\":\"Grupo Notibras de Comunica\u00e7\u00e3o\"},\"image\":{\"@id\":\"https:\/\/www.notibras.com\/site\/#\/schema\/logo\/image\/\"},\"sameAs\":[\"https:\/\/www.facebook.com\/notibras\/\",\"https:\/\/x.com\/Notibras\",\"https:\/\/www.instagram.com\/notibras\/\"]},{\"@type\":\"Person\",\"@id\":\"https:\/\/www.notibras.com\/site\/#\/schema\/person\/36ab0979449956132d3e5b517ea76ac8\",\"name\":\"Reda\u00e7\u00e3o\",\"image\":{\"@type\":\"ImageObject\",\"inLanguage\":\"pt-BR\",\"@id\":\"https:\/\/secure.gravatar.com\/avatar\/e0a867bdedb85fd243eadf09663511f96fc81e0720a4a42581f334ad4303aa6b?s=96&d=mm&r=g\",\"url\":\"https:\/\/secure.gravatar.com\/avatar\/e0a867bdedb85fd243eadf09663511f96fc81e0720a4a42581f334ad4303aa6b?s=96&d=mm&r=g\",\"contentUrl\":\"https:\/\/secure.gravatar.com\/avatar\/e0a867bdedb85fd243eadf09663511f96fc81e0720a4a42581f334ad4303aa6b?s=96&d=mm&r=g\",\"caption\":\"Reda\u00e7\u00e3o\"}}]}<\/script>\n<!-- \/ Yoast SEO plugin. -->","yoast_head_json":{"title":"N\u00e1utico come\u00e7a a reagir, vence e tira Am\u00e9rica da lideran\u00e7a - Notibras","robots":{"index":"index","follow":"follow","max-snippet":"max-snippet:-1","max-image-preview":"max-image-preview:large","max-video-preview":"max-video-preview:-1"},"canonical":"https:\/\/www.notibras.com\/site\/nautico-comeca-a-reagir-vence-e-tira-america-da-lideranca\/","og_locale":"pt_BR","og_type":"article","og_title":"N\u00e1utico come\u00e7a a reagir, vence e tira Am\u00e9rica da lideran\u00e7a - Notibras","og_description":"Destaque do in\u00edcio da S\u00e9rie B do Campeonato Brasileiro, o Am\u00e9rica-MG aumentou para tr\u00eas o n\u00famero de jogos sem vencer no torneio nacional. Ap\u00f3s perder a invencibilidade para o Atl\u00e9tico-GO na \u00faltima rodada \u2013 j\u00e1 tinha empatado com o Santa Cruz na partida anterior \u2013, a equipe mineira foi surpreendida pelo N\u00e1utico em duelo disputado [&hellip;]","og_url":"https:\/\/www.notibras.com\/site\/nautico-comeca-a-reagir-vence-e-tira-america-da-lideranca\/","og_site_name":"Notibras","article_publisher":"https:\/\/www.facebook.com\/notibras\/","article_published_time":"2014-05-31T21:22:55+00:00","article_modified_time":"2014-05-31T21:49:57+00:00","og_image":[{"width":619,"height":464,"url":"https:\/\/www.notibras.com\/site\/wp-content\/uploads\/2014\/05\/esp17.jpg","type":"image\/jpeg"}],"author":"Reda\u00e7\u00e3o","twitter_card":"summary_large_image","twitter_creator":"@Notibras","twitter_site":"@Notibras","twitter_misc":{"Escrito por":"Reda\u00e7\u00e3o","Est. tempo de leitura":"2 minutos"},"schema":{"@context":"https:\/\/schema.org","@graph":[{"@type":"Article","@id":"https:\/\/www.notibras.com\/site\/nautico-comeca-a-reagir-vence-e-tira-america-da-lideranca\/#article","isPartOf":{"@id":"https:\/\/www.notibras.com\/site\/nautico-comeca-a-reagir-vence-e-tira-america-da-lideranca\/"},"author":{"name":"Reda\u00e7\u00e3o","@id":"https:\/\/www.notibras.com\/site\/#\/schema\/person\/36ab0979449956132d3e5b517ea76ac8"},"headline":"N\u00e1utico come\u00e7a a reagir, vence e tira Am\u00e9rica da lideran\u00e7a","datePublished":"2014-05-31T21:22:55+00:00","dateModified":"2014-05-31T21:49:57+00:00","mainEntityOfPage":{"@id":"https:\/\/www.notibras.com\/site\/nautico-comeca-a-reagir-vence-e-tira-america-da-lideranca\/"},"wordCount":382,"commentCount":0,"publisher":{"@id":"https:\/\/www.notibras.com\/site\/#organization"},"image":{"@id":"https:\/\/www.notibras.com\/site\/nautico-comeca-a-reagir-vence-e-tira-america-da-lideranca\/#primaryimage"},"thumbnailUrl":"https:\/\/www.notibras.com\/site\/wp-content\/uploads\/2014\/05\/esp17.jpg","articleSection":["Esportes","Futebol"],"inLanguage":"pt-BR","potentialAction":[{"@type":"CommentAction","name":"Comment","target":["https:\/\/www.notibras.com\/site\/nautico-comeca-a-reagir-vence-e-tira-america-da-lideranca\/#respond"]}]},{"@type":"WebPage","@id":"https:\/\/www.notibras.com\/site\/nautico-comeca-a-reagir-vence-e-tira-america-da-lideranca\/","url":"https:\/\/www.notibras.com\/site\/nautico-comeca-a-reagir-vence-e-tira-america-da-lideranca\/","name":"N\u00e1utico come\u00e7a a reagir, vence e tira Am\u00e9rica da lideran\u00e7a - Notibras","isPartOf":{"@id":"https:\/\/www.notibras.com\/site\/#website"},"primaryImageOfPage":{"@id":"https:\/\/www.notibras.com\/site\/nautico-comeca-a-reagir-vence-e-tira-america-da-lideranca\/#primaryimage"},"image":{"@id":"https:\/\/www.notibras.com\/site\/nautico-comeca-a-reagir-vence-e-tira-america-da-lideranca\/#primaryimage"},"thumbnailUrl":"https:\/\/www.notibras.com\/site\/wp-content\/uploads\/2014\/05\/esp17.jpg","datePublished":"2014-05-31T21:22:55+00:00","dateModified":"2014-05-31T21:49:57+00:00","breadcrumb":{"@id":"https:\/\/www.notibras.com\/site\/nautico-comeca-a-reagir-vence-e-tira-america-da-lideranca\/#breadcrumb"},"inLanguage":"pt-BR","potentialAction":[{"@type":"ReadAction","target":["https:\/\/www.notibras.com\/site\/nautico-comeca-a-reagir-vence-e-tira-america-da-lideranca\/"]}]},{"@type":"ImageObject","inLanguage":"pt-BR","@id":"https:\/\/www.notibras.com\/site\/nautico-comeca-a-reagir-vence-e-tira-america-da-lideranca\/#primaryimage","url":"https:\/\/www.notibras.com\/site\/wp-content\/uploads\/2014\/05\/esp17.jpg","contentUrl":"https:\/\/www.notibras.com\/site\/wp-content\/uploads\/2014\/05\/esp17.jpg","width":619,"height":464},{"@type":"BreadcrumbList","@id":"https:\/\/www.notibras.com\/site\/nautico-comeca-a-reagir-vence-e-tira-america-da-lideranca\/#breadcrumb","itemListElement":[{"@type":"ListItem","position":1,"name":"In\u00edcio","item":"https:\/\/www.notibras.com\/site\/"},{"@type":"ListItem","position":2,"name":"N\u00e1utico come\u00e7a a reagir, vence e tira Am\u00e9rica da lideran\u00e7a"}]},{"@type":"WebSite","@id":"https:\/\/www.notibras.com\/site\/#website","url":"https:\/\/www.notibras.com\/site\/","name":"Notibras","description":"Not\u00edcias de Bras\u00edlia, do Brasil e do Mundo","publisher":{"@id":"https:\/\/www.notibras.com\/site\/#organization"},"potentialAction":[{"@type":"SearchAction","target":{"@type":"EntryPoint","urlTemplate":"https:\/\/www.notibras.com\/site\/?s={search_term_string}"},"query-input":{"@type":"PropertyValueSpecification","valueRequired":true,"valueName":"search_term_string"}}],"inLanguage":"pt-BR"},{"@type":"Organization","@id":"https:\/\/www.notibras.com\/site\/#organization","name":"Grupo Notibras de Comunica\u00e7\u00e3o","url":"https:\/\/www.notibras.com\/site\/","logo":{"@type":"ImageObject","inLanguage":"pt-BR","@id":"https:\/\/www.notibras.com\/site\/#\/schema\/logo\/image\/","url":"https:\/\/www.notibras.com\/site\/wp-content\/uploads\/2023\/01\/notibras23.png","contentUrl":"https:\/\/www.notibras.com\/site\/wp-content\/uploads\/2023\/01\/notibras23.png","width":350,"height":87,"caption":"Grupo Notibras de Comunica\u00e7\u00e3o"},"image":{"@id":"https:\/\/www.notibras.com\/site\/#\/schema\/logo\/image\/"},"sameAs":["https:\/\/www.facebook.com\/notibras\/","https:\/\/x.com\/Notibras","https:\/\/www.instagram.com\/notibras\/"]},{"@type":"Person","@id":"https:\/\/www.notibras.com\/site\/#\/schema\/person\/36ab0979449956132d3e5b517ea76ac8","name":"Reda\u00e7\u00e3o","image":{"@type":"ImageObject","inLanguage":"pt-BR","@id":"https:\/\/secure.gravatar.com\/avatar\/e0a867bdedb85fd243eadf09663511f96fc81e0720a4a42581f334ad4303aa6b?s=96&d=mm&r=g","url":"https:\/\/secure.gravatar.com\/avatar\/e0a867bdedb85fd243eadf09663511f96fc81e0720a4a42581f334ad4303aa6b?s=96&d=mm&r=g","contentUrl":"https:\/\/secure.gravatar.com\/avatar\/e0a867bdedb85fd243eadf09663511f96fc81e0720a4a42581f334ad4303aa6b?s=96&d=mm&r=g","caption":"Reda\u00e7\u00e3o"}}]}},"amp_enabled":true,"_links":{"self":[{"href":"https:\/\/www.notibras.com\/site\/wp-json\/wp\/v2\/posts\/11781","targetHints":{"allow":["GET"]}}],"collection":[{"href":"https:\/\/www.notibras.com\/site\/wp-json\/wp\/v2\/posts"}],"about":[{"href":"https:\/\/www.notibras.com\/site\/wp-json\/wp\/v2\/types\/post"}],"author":[{"embeddable":true,"href":"https:\/\/www.notibras.com\/site\/wp-json\/wp\/v2\/users\/2"}],"replies":[{"embeddable":true,"href":"https:\/\/www.notibras.com\/site\/wp-json\/wp\/v2\/comments?post=11781"}],"version-history":[{"count":0,"href":"https:\/\/www.notibras.com\/site\/wp-json\/wp\/v2\/posts\/11781\/revisions"}],"wp:featuredmedia":[{"embeddable":true,"href":"https:\/\/www.notibras.com\/site\/wp-json\/wp\/v2\/media\/11782"}],"wp:attachment":[{"href":"https:\/\/www.notibras.com\/site\/wp-json\/wp\/v2\/media?parent=11781"}],"wp:term":[{"taxonomy":"category","embeddable":true,"href":"https:\/\/www.notibras.com\/site\/wp-json\/wp\/v2\/categories?post=11781"},{"taxonomy":"post_tag","embeddable":true,"href":"https:\/\/www.notibras.com\/site\/wp-json\/wp\/v2\/tags?post=11781"}],"curies":[{"name":"wp","href":"https:\/\/api.w.org\/{rel}","templated":true}]}}