{"id":117834,"date":"2016-10-07T08:49:05","date_gmt":"2016-10-07T11:49:05","guid":{"rendered":"http:\/\/www.notibras.com\/site\/?p=117834"},"modified":"2016-10-07T08:49:05","modified_gmt":"2016-10-07T11:49:05","slug":"metro-ate-a-barra-a-solucao-que-faltava","status":"publish","type":"post","link":"https:\/\/www.notibras.com\/site\/metro-ate-a-barra-a-solucao-que-faltava\/","title":{"rendered":"Metr\u00f4 at\u00e9 a Barra, a solu\u00e7\u00e3o que faltava"},"content":{"rendered":"<p><strong>Manoel Lapa e Silva<\/strong><\/p>\n<p>O metr\u00f4 do Rio de Janeiro foi inaugurado em 1979, com a Linha 1. De l\u00e1 para c\u00e1, o sistema foi m\u00ednima e lentamente ampliado, e s\u00f3 agora \u201335 anos depois da abertura da Linha 2\u2013 a cidade ganha uma nova expans\u00e3o relevante: a linha que ligar\u00e1 a Barra da Tijuca, na Zona Oeste, a Ipanema, na Zona Sul. Durante longos anos, a op\u00e7\u00e3o pelo transporte metrovi\u00e1rio foi praticamente deixada de lado. Agora, a nova expans\u00e3o ajudar\u00e1 a desafogar o tr\u00e2nsito e melhorar a qualidade de vida das pessoas. E h\u00e1 ainda outro benef\u00edcio: o projeto deixa um legado de conhecimento \u00e0 academia e a engenharia.<\/p>\n<p>Complexa, a constru\u00e7\u00e3o teve desafios, como ocorre em \u00e1reas urbanas densamente povoadas. Esta grande obra de engenharia, a maior de infraestrutura urbana executada nos \u00faltimos anos na Am\u00e9rica Latina, mostrou a for\u00e7a da engenharia e geologia brasileiras, capazes de solucionar problemas complexos e gerenciar centenas de especialistas e empresas tecnol\u00f3gicas das mais diferentes especialidades.<\/p>\n<p>As dificuldades em executar obras no meio da cidade, em \u00e1reas com grande adensamento populacional, interditando ruas e pra\u00e7as para fazer as esta\u00e7\u00f5es, s\u00e3o grandes. Os transtornos foram inevit\u00e1veis para fazer o que deveria ter sido feito h\u00e1 d\u00e9cadas, quando a cidade era bem menos adensada.<\/p>\n<p>Os canteiros se tornaram parada obrigat\u00f3ria para profissionais brasileiros, estrangeiros e para os nossos vibrantes estudantes de engenharia, interessados nas solu\u00e7\u00f5es t\u00e9cnicas para construir um t\u00fanel em solo de areia coberto de \u00e1gua salgada, e de como fazer o maior t\u00fanel do mundo, em rocha, entre esta\u00e7\u00f5es de metr\u00f4 (cinco quil\u00f4metros entre a Barra da Tijuca e S\u00e3o Conrado), como ultrapassar mais de 800 metros de cobertura de rocha na Pedra da G\u00e1vea e como passar pouco abaixo das casas da Rocinha sem danos \u00e0 comunidade. A utiliza\u00e7\u00e3o do tatuz\u00e3o tamb\u00e9m surpreendeu, pois foi a primeira vez no pa\u00eds que uma m\u00e1quina desse porte chegou submersa em esta\u00e7\u00f5es repletas de \u00e1gua.<\/p>\n<p>Os profissionais da \u00e1rea tecnol\u00f3gica se debru\u00e7am na busca de solu\u00e7\u00f5es razo\u00e1veis para tornar a cidade mais amig\u00e1vel. \u00c9 preciso melhorar a vida da popula\u00e7\u00e3o, o meio ambiente e beneficiar a economia, evitando o desperd\u00edcio de horas n\u00e3o trabalhadas, perdidas no tr\u00e2nsito ca\u00f3tico. Temos que investir no transporte metro-ferrovi\u00e1rio. Ele \u00e9, obviamente, mais lento e mais caro que o rodovi\u00e1rio, pois obra de subsolo \u00e9 extremamente delicada e sofisticada. No entanto, a m\u00e9dia de tempo e pre\u00e7o do quil\u00f4metro constru\u00eddo de metr\u00f4 subterr\u00e2neo no Brasil \u00e9 a mesma da internacional.<\/p>\n<p>Ent\u00e3o, qual a raz\u00e3o de estarmos t\u00e3o atrasados nesse quesito? Prioridade. Metr\u00f4 nunca foi visto como prioridade por aqui. A linha Barra da Tijuca \u2013 Ipanema rompe com as interven\u00e7\u00f5es urbanas equivocadas que sempre privilegiaram o transporte individual e \u00e9, sem d\u00favida, o grande legado que a cidade do Rio de Janeiro est\u00e1 recebendo. No entanto, \u00e9 preciso fazer mais, muito mais. O metr\u00f4 precisa ser expandido. Para isso, deve ser um projeto de Estado.<\/p>\n","protected":false},"excerpt":{"rendered":"<p>Manoel Lapa e Silva O metr\u00f4 do Rio de Janeiro foi inaugurado em 1979, com a Linha 1. De l\u00e1 para c\u00e1, o sistema foi m\u00ednima e lentamente ampliado, e s\u00f3 agora \u201335 anos depois da abertura da Linha 2\u2013 a cidade ganha uma nova expans\u00e3o relevante: a linha que ligar\u00e1 a Barra da Tijuca, [&hellip;]<\/p>\n","protected":false},"author":2,"featured_media":117835,"comment_status":"open","ping_status":"closed","sticky":false,"template":"","format":"standard","meta":{"_acf_changed":false,"footnotes":""},"categories":[25],"tags":[],"class_list":["post-117834","post","type-post","status-publish","format-standard","has-post-thumbnail","hentry","category-opina-ai"],"acf":[],"yoast_head":"<!-- This site is optimized with the Yoast SEO plugin v27.5 - https:\/\/yoast.com\/product\/yoast-seo-wordpress\/ -->\n<title>Metr\u00f4 at\u00e9 a Barra, a solu\u00e7\u00e3o que faltava - Notibras<\/title>\n<meta name=\"robots\" content=\"index, follow, max-snippet:-1, max-image-preview:large, max-video-preview:-1\" \/>\n<link rel=\"canonical\" href=\"https:\/\/www.notibras.com\/site\/metro-ate-a-barra-a-solucao-que-faltava\/\" \/>\n<meta property=\"og:locale\" content=\"pt_BR\" \/>\n<meta property=\"og:type\" content=\"article\" \/>\n<meta property=\"og:title\" content=\"Metr\u00f4 at\u00e9 a Barra, a solu\u00e7\u00e3o que faltava - Notibras\" \/>\n<meta property=\"og:description\" content=\"Manoel Lapa e Silva O metr\u00f4 do Rio de Janeiro foi inaugurado em 1979, com a Linha 1. De l\u00e1 para c\u00e1, o sistema foi m\u00ednima e lentamente ampliado, e s\u00f3 agora \u201335 anos depois da abertura da Linha 2\u2013 a cidade ganha uma nova expans\u00e3o relevante: a linha que ligar\u00e1 a Barra da Tijuca, [&hellip;]\" \/>\n<meta property=\"og:url\" content=\"https:\/\/www.notibras.com\/site\/metro-ate-a-barra-a-solucao-que-faltava\/\" \/>\n<meta property=\"og:site_name\" content=\"Notibras\" \/>\n<meta property=\"article:publisher\" content=\"https:\/\/www.facebook.com\/notibras\/\" \/>\n<meta property=\"article:published_time\" content=\"2016-10-07T11:49:05+00:00\" \/>\n<meta property=\"og:image\" content=\"https:\/\/www.notibras.com\/site\/wp-content\/uploads\/2016\/10\/linha-4-do-metro-do-rio-e-obra-de-r-97-bilhoes-prometida-para-olimpiada-1469849374153_v2_615x300.jpg\" \/>\n\t<meta property=\"og:image:width\" content=\"615\" \/>\n\t<meta property=\"og:image:height\" content=\"300\" \/>\n\t<meta property=\"og:image:type\" content=\"image\/jpeg\" \/>\n<meta name=\"author\" content=\"Reda\u00e7\u00e3o\" \/>\n<meta name=\"twitter:card\" content=\"summary_large_image\" \/>\n<meta name=\"twitter:creator\" content=\"@Notibras\" \/>\n<meta name=\"twitter:site\" content=\"@Notibras\" \/>\n<meta name=\"twitter:label1\" content=\"Escrito por\" \/>\n\t<meta name=\"twitter:data1\" content=\"Reda\u00e7\u00e3o\" \/>\n\t<meta name=\"twitter:label2\" content=\"Est. tempo de leitura\" \/>\n\t<meta name=\"twitter:data2\" content=\"3 minutos\" \/>\n<script type=\"application\/ld+json\" class=\"yoast-schema-graph\">{\"@context\":\"https:\\\/\\\/schema.org\",\"@graph\":[{\"@type\":\"Article\",\"@id\":\"https:\\\/\\\/www.notibras.com\\\/site\\\/metro-ate-a-barra-a-solucao-que-faltava\\\/#article\",\"isPartOf\":{\"@id\":\"https:\\\/\\\/www.notibras.com\\\/site\\\/metro-ate-a-barra-a-solucao-que-faltava\\\/\"},\"author\":{\"name\":\"Reda\u00e7\u00e3o\",\"@id\":\"https:\\\/\\\/www.notibras.com\\\/site\\\/#\\\/schema\\\/person\\\/36ab0979449956132d3e5b517ea76ac8\"},\"headline\":\"Metr\u00f4 at\u00e9 a Barra, a solu\u00e7\u00e3o que faltava\",\"datePublished\":\"2016-10-07T11:49:05+00:00\",\"mainEntityOfPage\":{\"@id\":\"https:\\\/\\\/www.notibras.com\\\/site\\\/metro-ate-a-barra-a-solucao-que-faltava\\\/\"},\"wordCount\":534,\"commentCount\":0,\"publisher\":{\"@id\":\"https:\\\/\\\/www.notibras.com\\\/site\\\/#organization\"},\"image\":{\"@id\":\"https:\\\/\\\/www.notibras.com\\\/site\\\/metro-ate-a-barra-a-solucao-que-faltava\\\/#primaryimage\"},\"thumbnailUrl\":\"https:\\\/\\\/www.notibras.com\\\/site\\\/wp-content\\\/uploads\\\/2016\\\/10\\\/linha-4-do-metro-do-rio-e-obra-de-r-97-bilhoes-prometida-para-olimpiada-1469849374153_v2_615x300.jpg\",\"articleSection\":[\"Opina a\u00ed\"],\"inLanguage\":\"pt-BR\",\"potentialAction\":[{\"@type\":\"CommentAction\",\"name\":\"Comment\",\"target\":[\"https:\\\/\\\/www.notibras.com\\\/site\\\/metro-ate-a-barra-a-solucao-que-faltava\\\/#respond\"]}]},{\"@type\":\"WebPage\",\"@id\":\"https:\\\/\\\/www.notibras.com\\\/site\\\/metro-ate-a-barra-a-solucao-que-faltava\\\/\",\"url\":\"https:\\\/\\\/www.notibras.com\\\/site\\\/metro-ate-a-barra-a-solucao-que-faltava\\\/\",\"name\":\"Metr\u00f4 at\u00e9 a Barra, a solu\u00e7\u00e3o que faltava - Notibras\",\"isPartOf\":{\"@id\":\"https:\\\/\\\/www.notibras.com\\\/site\\\/#website\"},\"primaryImageOfPage\":{\"@id\":\"https:\\\/\\\/www.notibras.com\\\/site\\\/metro-ate-a-barra-a-solucao-que-faltava\\\/#primaryimage\"},\"image\":{\"@id\":\"https:\\\/\\\/www.notibras.com\\\/site\\\/metro-ate-a-barra-a-solucao-que-faltava\\\/#primaryimage\"},\"thumbnailUrl\":\"https:\\\/\\\/www.notibras.com\\\/site\\\/wp-content\\\/uploads\\\/2016\\\/10\\\/linha-4-do-metro-do-rio-e-obra-de-r-97-bilhoes-prometida-para-olimpiada-1469849374153_v2_615x300.jpg\",\"datePublished\":\"2016-10-07T11:49:05+00:00\",\"breadcrumb\":{\"@id\":\"https:\\\/\\\/www.notibras.com\\\/site\\\/metro-ate-a-barra-a-solucao-que-faltava\\\/#breadcrumb\"},\"inLanguage\":\"pt-BR\",\"potentialAction\":[{\"@type\":\"ReadAction\",\"target\":[\"https:\\\/\\\/www.notibras.com\\\/site\\\/metro-ate-a-barra-a-solucao-que-faltava\\\/\"]}]},{\"@type\":\"ImageObject\",\"inLanguage\":\"pt-BR\",\"@id\":\"https:\\\/\\\/www.notibras.com\\\/site\\\/metro-ate-a-barra-a-solucao-que-faltava\\\/#primaryimage\",\"url\":\"https:\\\/\\\/www.notibras.com\\\/site\\\/wp-content\\\/uploads\\\/2016\\\/10\\\/linha-4-do-metro-do-rio-e-obra-de-r-97-bilhoes-prometida-para-olimpiada-1469849374153_v2_615x300.jpg\",\"contentUrl\":\"https:\\\/\\\/www.notibras.com\\\/site\\\/wp-content\\\/uploads\\\/2016\\\/10\\\/linha-4-do-metro-do-rio-e-obra-de-r-97-bilhoes-prometida-para-olimpiada-1469849374153_v2_615x300.jpg\",\"width\":615,\"height\":300},{\"@type\":\"BreadcrumbList\",\"@id\":\"https:\\\/\\\/www.notibras.com\\\/site\\\/metro-ate-a-barra-a-solucao-que-faltava\\\/#breadcrumb\",\"itemListElement\":[{\"@type\":\"ListItem\",\"position\":1,\"name\":\"In\u00edcio\",\"item\":\"https:\\\/\\\/www.notibras.com\\\/site\\\/\"},{\"@type\":\"ListItem\",\"position\":2,\"name\":\"Metr\u00f4 at\u00e9 a Barra, a solu\u00e7\u00e3o que faltava\"}]},{\"@type\":\"WebSite\",\"@id\":\"https:\\\/\\\/www.notibras.com\\\/site\\\/#website\",\"url\":\"https:\\\/\\\/www.notibras.com\\\/site\\\/\",\"name\":\"Notibras\",\"description\":\"Not\u00edcias de Bras\u00edlia, do Brasil e do Mundo\",\"publisher\":{\"@id\":\"https:\\\/\\\/www.notibras.com\\\/site\\\/#organization\"},\"potentialAction\":[{\"@type\":\"SearchAction\",\"target\":{\"@type\":\"EntryPoint\",\"urlTemplate\":\"https:\\\/\\\/www.notibras.com\\\/site\\\/?s={search_term_string}\"},\"query-input\":{\"@type\":\"PropertyValueSpecification\",\"valueRequired\":true,\"valueName\":\"search_term_string\"}}],\"inLanguage\":\"pt-BR\"},{\"@type\":\"Organization\",\"@id\":\"https:\\\/\\\/www.notibras.com\\\/site\\\/#organization\",\"name\":\"Grupo Notibras de Comunica\u00e7\u00e3o\",\"url\":\"https:\\\/\\\/www.notibras.com\\\/site\\\/\",\"logo\":{\"@type\":\"ImageObject\",\"inLanguage\":\"pt-BR\",\"@id\":\"https:\\\/\\\/www.notibras.com\\\/site\\\/#\\\/schema\\\/logo\\\/image\\\/\",\"url\":\"https:\\\/\\\/www.notibras.com\\\/site\\\/wp-content\\\/uploads\\\/2023\\\/01\\\/notibras23.png\",\"contentUrl\":\"https:\\\/\\\/www.notibras.com\\\/site\\\/wp-content\\\/uploads\\\/2023\\\/01\\\/notibras23.png\",\"width\":350,\"height\":87,\"caption\":\"Grupo Notibras de Comunica\u00e7\u00e3o\"},\"image\":{\"@id\":\"https:\\\/\\\/www.notibras.com\\\/site\\\/#\\\/schema\\\/logo\\\/image\\\/\"},\"sameAs\":[\"https:\\\/\\\/www.facebook.com\\\/notibras\\\/\",\"https:\\\/\\\/x.com\\\/Notibras\",\"https:\\\/\\\/www.instagram.com\\\/notibras\\\/\"]},{\"@type\":\"Person\",\"@id\":\"https:\\\/\\\/www.notibras.com\\\/site\\\/#\\\/schema\\\/person\\\/36ab0979449956132d3e5b517ea76ac8\",\"name\":\"Reda\u00e7\u00e3o\",\"image\":{\"@type\":\"ImageObject\",\"inLanguage\":\"pt-BR\",\"@id\":\"https:\\\/\\\/secure.gravatar.com\\\/avatar\\\/e0a867bdedb85fd243eadf09663511f96fc81e0720a4a42581f334ad4303aa6b?s=96&d=mm&r=g\",\"url\":\"https:\\\/\\\/secure.gravatar.com\\\/avatar\\\/e0a867bdedb85fd243eadf09663511f96fc81e0720a4a42581f334ad4303aa6b?s=96&d=mm&r=g\",\"contentUrl\":\"https:\\\/\\\/secure.gravatar.com\\\/avatar\\\/e0a867bdedb85fd243eadf09663511f96fc81e0720a4a42581f334ad4303aa6b?s=96&d=mm&r=g\",\"caption\":\"Reda\u00e7\u00e3o\"}}]}<\/script>\n<!-- \/ Yoast SEO plugin. -->","yoast_head_json":{"title":"Metr\u00f4 at\u00e9 a Barra, a solu\u00e7\u00e3o que faltava - Notibras","robots":{"index":"index","follow":"follow","max-snippet":"max-snippet:-1","max-image-preview":"max-image-preview:large","max-video-preview":"max-video-preview:-1"},"canonical":"https:\/\/www.notibras.com\/site\/metro-ate-a-barra-a-solucao-que-faltava\/","og_locale":"pt_BR","og_type":"article","og_title":"Metr\u00f4 at\u00e9 a Barra, a solu\u00e7\u00e3o que faltava - Notibras","og_description":"Manoel Lapa e Silva O metr\u00f4 do Rio de Janeiro foi inaugurado em 1979, com a Linha 1. De l\u00e1 para c\u00e1, o sistema foi m\u00ednima e lentamente ampliado, e s\u00f3 agora \u201335 anos depois da abertura da Linha 2\u2013 a cidade ganha uma nova expans\u00e3o relevante: a linha que ligar\u00e1 a Barra da Tijuca, [&hellip;]","og_url":"https:\/\/www.notibras.com\/site\/metro-ate-a-barra-a-solucao-que-faltava\/","og_site_name":"Notibras","article_publisher":"https:\/\/www.facebook.com\/notibras\/","article_published_time":"2016-10-07T11:49:05+00:00","og_image":[{"width":615,"height":300,"url":"https:\/\/www.notibras.com\/site\/wp-content\/uploads\/2016\/10\/linha-4-do-metro-do-rio-e-obra-de-r-97-bilhoes-prometida-para-olimpiada-1469849374153_v2_615x300.jpg","type":"image\/jpeg"}],"author":"Reda\u00e7\u00e3o","twitter_card":"summary_large_image","twitter_creator":"@Notibras","twitter_site":"@Notibras","twitter_misc":{"Escrito por":"Reda\u00e7\u00e3o","Est. tempo de leitura":"3 minutos"},"schema":{"@context":"https:\/\/schema.org","@graph":[{"@type":"Article","@id":"https:\/\/www.notibras.com\/site\/metro-ate-a-barra-a-solucao-que-faltava\/#article","isPartOf":{"@id":"https:\/\/www.notibras.com\/site\/metro-ate-a-barra-a-solucao-que-faltava\/"},"author":{"name":"Reda\u00e7\u00e3o","@id":"https:\/\/www.notibras.com\/site\/#\/schema\/person\/36ab0979449956132d3e5b517ea76ac8"},"headline":"Metr\u00f4 at\u00e9 a Barra, a solu\u00e7\u00e3o que faltava","datePublished":"2016-10-07T11:49:05+00:00","mainEntityOfPage":{"@id":"https:\/\/www.notibras.com\/site\/metro-ate-a-barra-a-solucao-que-faltava\/"},"wordCount":534,"commentCount":0,"publisher":{"@id":"https:\/\/www.notibras.com\/site\/#organization"},"image":{"@id":"https:\/\/www.notibras.com\/site\/metro-ate-a-barra-a-solucao-que-faltava\/#primaryimage"},"thumbnailUrl":"https:\/\/www.notibras.com\/site\/wp-content\/uploads\/2016\/10\/linha-4-do-metro-do-rio-e-obra-de-r-97-bilhoes-prometida-para-olimpiada-1469849374153_v2_615x300.jpg","articleSection":["Opina a\u00ed"],"inLanguage":"pt-BR","potentialAction":[{"@type":"CommentAction","name":"Comment","target":["https:\/\/www.notibras.com\/site\/metro-ate-a-barra-a-solucao-que-faltava\/#respond"]}]},{"@type":"WebPage","@id":"https:\/\/www.notibras.com\/site\/metro-ate-a-barra-a-solucao-que-faltava\/","url":"https:\/\/www.notibras.com\/site\/metro-ate-a-barra-a-solucao-que-faltava\/","name":"Metr\u00f4 at\u00e9 a Barra, a solu\u00e7\u00e3o que faltava - Notibras","isPartOf":{"@id":"https:\/\/www.notibras.com\/site\/#website"},"primaryImageOfPage":{"@id":"https:\/\/www.notibras.com\/site\/metro-ate-a-barra-a-solucao-que-faltava\/#primaryimage"},"image":{"@id":"https:\/\/www.notibras.com\/site\/metro-ate-a-barra-a-solucao-que-faltava\/#primaryimage"},"thumbnailUrl":"https:\/\/www.notibras.com\/site\/wp-content\/uploads\/2016\/10\/linha-4-do-metro-do-rio-e-obra-de-r-97-bilhoes-prometida-para-olimpiada-1469849374153_v2_615x300.jpg","datePublished":"2016-10-07T11:49:05+00:00","breadcrumb":{"@id":"https:\/\/www.notibras.com\/site\/metro-ate-a-barra-a-solucao-que-faltava\/#breadcrumb"},"inLanguage":"pt-BR","potentialAction":[{"@type":"ReadAction","target":["https:\/\/www.notibras.com\/site\/metro-ate-a-barra-a-solucao-que-faltava\/"]}]},{"@type":"ImageObject","inLanguage":"pt-BR","@id":"https:\/\/www.notibras.com\/site\/metro-ate-a-barra-a-solucao-que-faltava\/#primaryimage","url":"https:\/\/www.notibras.com\/site\/wp-content\/uploads\/2016\/10\/linha-4-do-metro-do-rio-e-obra-de-r-97-bilhoes-prometida-para-olimpiada-1469849374153_v2_615x300.jpg","contentUrl":"https:\/\/www.notibras.com\/site\/wp-content\/uploads\/2016\/10\/linha-4-do-metro-do-rio-e-obra-de-r-97-bilhoes-prometida-para-olimpiada-1469849374153_v2_615x300.jpg","width":615,"height":300},{"@type":"BreadcrumbList","@id":"https:\/\/www.notibras.com\/site\/metro-ate-a-barra-a-solucao-que-faltava\/#breadcrumb","itemListElement":[{"@type":"ListItem","position":1,"name":"In\u00edcio","item":"https:\/\/www.notibras.com\/site\/"},{"@type":"ListItem","position":2,"name":"Metr\u00f4 at\u00e9 a Barra, a solu\u00e7\u00e3o que faltava"}]},{"@type":"WebSite","@id":"https:\/\/www.notibras.com\/site\/#website","url":"https:\/\/www.notibras.com\/site\/","name":"Notibras","description":"Not\u00edcias de Bras\u00edlia, do Brasil e do Mundo","publisher":{"@id":"https:\/\/www.notibras.com\/site\/#organization"},"potentialAction":[{"@type":"SearchAction","target":{"@type":"EntryPoint","urlTemplate":"https:\/\/www.notibras.com\/site\/?s={search_term_string}"},"query-input":{"@type":"PropertyValueSpecification","valueRequired":true,"valueName":"search_term_string"}}],"inLanguage":"pt-BR"},{"@type":"Organization","@id":"https:\/\/www.notibras.com\/site\/#organization","name":"Grupo Notibras de Comunica\u00e7\u00e3o","url":"https:\/\/www.notibras.com\/site\/","logo":{"@type":"ImageObject","inLanguage":"pt-BR","@id":"https:\/\/www.notibras.com\/site\/#\/schema\/logo\/image\/","url":"https:\/\/www.notibras.com\/site\/wp-content\/uploads\/2023\/01\/notibras23.png","contentUrl":"https:\/\/www.notibras.com\/site\/wp-content\/uploads\/2023\/01\/notibras23.png","width":350,"height":87,"caption":"Grupo Notibras de Comunica\u00e7\u00e3o"},"image":{"@id":"https:\/\/www.notibras.com\/site\/#\/schema\/logo\/image\/"},"sameAs":["https:\/\/www.facebook.com\/notibras\/","https:\/\/x.com\/Notibras","https:\/\/www.instagram.com\/notibras\/"]},{"@type":"Person","@id":"https:\/\/www.notibras.com\/site\/#\/schema\/person\/36ab0979449956132d3e5b517ea76ac8","name":"Reda\u00e7\u00e3o","image":{"@type":"ImageObject","inLanguage":"pt-BR","@id":"https:\/\/secure.gravatar.com\/avatar\/e0a867bdedb85fd243eadf09663511f96fc81e0720a4a42581f334ad4303aa6b?s=96&d=mm&r=g","url":"https:\/\/secure.gravatar.com\/avatar\/e0a867bdedb85fd243eadf09663511f96fc81e0720a4a42581f334ad4303aa6b?s=96&d=mm&r=g","contentUrl":"https:\/\/secure.gravatar.com\/avatar\/e0a867bdedb85fd243eadf09663511f96fc81e0720a4a42581f334ad4303aa6b?s=96&d=mm&r=g","caption":"Reda\u00e7\u00e3o"}}]}},"amp_enabled":true,"_links":{"self":[{"href":"https:\/\/www.notibras.com\/site\/wp-json\/wp\/v2\/posts\/117834","targetHints":{"allow":["GET"]}}],"collection":[{"href":"https:\/\/www.notibras.com\/site\/wp-json\/wp\/v2\/posts"}],"about":[{"href":"https:\/\/www.notibras.com\/site\/wp-json\/wp\/v2\/types\/post"}],"author":[{"embeddable":true,"href":"https:\/\/www.notibras.com\/site\/wp-json\/wp\/v2\/users\/2"}],"replies":[{"embeddable":true,"href":"https:\/\/www.notibras.com\/site\/wp-json\/wp\/v2\/comments?post=117834"}],"version-history":[{"count":1,"href":"https:\/\/www.notibras.com\/site\/wp-json\/wp\/v2\/posts\/117834\/revisions"}],"predecessor-version":[{"id":117836,"href":"https:\/\/www.notibras.com\/site\/wp-json\/wp\/v2\/posts\/117834\/revisions\/117836"}],"wp:featuredmedia":[{"embeddable":true,"href":"https:\/\/www.notibras.com\/site\/wp-json\/wp\/v2\/media\/117835"}],"wp:attachment":[{"href":"https:\/\/www.notibras.com\/site\/wp-json\/wp\/v2\/media?parent=117834"}],"wp:term":[{"taxonomy":"category","embeddable":true,"href":"https:\/\/www.notibras.com\/site\/wp-json\/wp\/v2\/categories?post=117834"},{"taxonomy":"post_tag","embeddable":true,"href":"https:\/\/www.notibras.com\/site\/wp-json\/wp\/v2\/tags?post=117834"}],"curies":[{"name":"wp","href":"https:\/\/api.w.org\/{rel}","templated":true}]}}