{"id":118195,"date":"2016-10-11T07:13:44","date_gmt":"2016-10-11T10:13:44","guid":{"rendered":"http:\/\/www.notibras.com\/site\/?p=118195"},"modified":"2016-10-11T09:17:10","modified_gmt":"2016-10-11T12:17:10","slug":"economia-cresce-e-pib-pode-ser-uma-boa-surpresa","status":"publish","type":"post","link":"https:\/\/www.notibras.com\/site\/economia-cresce-e-pib-pode-ser-uma-boa-surpresa\/","title":{"rendered":"Economia cresce e PIB pode ser uma boa surpresa"},"content":{"rendered":"<p><strong>Felipe Salles e<\/strong><br \/>\n<strong>Laura Candido de Souza Pitta<\/strong><\/p>\n<p>Ap\u00f3s dois anos de forte recess\u00e3o, a economia brasileira mostra sinais de estabiliza\u00e7\u00e3o. A sa\u00edda da crise deve ocorrer de forma gradual. Por ora, a retomada est\u00e1 sendo impulsionada por um ciclo de estoques, principalmente os da ind\u00fastria. No entanto, para que a recupera\u00e7\u00e3o seja sustent\u00e1vel, \u00e9 preciso que a demanda volte a crescer. Em outras palavras, \u00e9 necess\u00e1rio que as empresas voltem a investir e que as pessoas voltem a consumir. Acreditamos que isso ir\u00e1 ocorrer adiante.<\/p>\n<p>A queda de investimento explica a maior parte da contra\u00e7\u00e3o do PIB durante a recess\u00e3o atual. A forma\u00e7\u00e3o bruta de capital fixo apresentou um crescimento negativo em dez trimestres consecutivos, assim totalizando uma queda de 26%. Por\u00e9m, ela voltou a crescer no segundo trimestre deste ano.<\/p>\n<p>\u00c0 frente, fatores externos e dom\u00e9sticos sugerem a retomada do investimento. No mundo, os pre\u00e7os das commodities \u2013que apresentaram forte decl\u00ednio nos \u00faltimos anos\u2013 estabilizaram e passaram a manifestar um leve crescimento. Este movimento deve continuar, uma vez que os riscos de atividade na China seguem contidos.<\/p>\n<p>No Brasil, h\u00e1 dois fatores relevantes. Primeiro, as taxas de juros devem cair \u00e0 frente, como j\u00e1 antecipado pelo apre\u00e7amento do mercado. Segundo, h\u00e1 ind\u00edcios de que os custos de produ\u00e7\u00e3o v\u00eam sendo reduzidos, abrindo espa\u00e7o para que as empresas voltem a investir. Nesse ambiente, avaliamos que a retomada do investimento deve ganhar tra\u00e7\u00e3o em 2017 e 2018.<\/p>\n<p>A partir do segundo semestre do pr\u00f3ximo ano, os sinais de retomada da atividade devem se tornar mais concretos. Com isso, as empresas poder\u00e3o retomar as contrata\u00e7\u00f5es, possibilitando a melhora do mercado de trabalho. O crescimento da massa salarial e os juros mais baixos permitir\u00e3o que o consumo na economia volte a crescer. Dessa forma, a retomada ganhar\u00e1 for\u00e7a com a volta do consumo a partir de 2018.<\/p>\n<p>No cen\u00e1rio do Ita\u00fa Unibanco, projetamos crescimento do PIB de 2% em 2017 e de 4% em 2018. A forte recess\u00e3o econ\u00f4mica gerou uma elevada capacidade ociosa na economia, o que indica que h\u00e1 espa\u00e7o para uma volta de crescimento sem a presen\u00e7a de press\u00f5es inflacion\u00e1rias intensas.<\/p>\n<p>Devemos tamb\u00e9m lembrar que a recupera\u00e7\u00e3o da economia ir\u00e1 ocorrer a partir de um patamar baixo de produ\u00e7\u00e3o. J\u00e1 que, de acordo com as nossas proje\u00e7\u00f5es, o PIB do Brasil s\u00f3 na primeira metade de 2019 voltaria ao n\u00edvel que foi observado no in\u00edcio de 2014.<\/p>\n<p>Contudo, para que esse cen\u00e1rio se materialize \u00e9 fundamental a aprova\u00e7\u00e3o de medidas de ajuste fiscal, como a PEC 241, que prop\u00f5e um teto para o crescimento dos gastos p\u00fablicos, e a reforma da Previd\u00eancia, que possibilitaria uma corre\u00e7\u00e3o do ritmo de crescimento do deficit previdenci\u00e1rio.<\/p>\n<p>Na aus\u00eancia dessas medidas, a d\u00edvida p\u00fablica com propor\u00e7\u00e3o do PIB continuar\u00e1 crescendo, levando a um aumento do risco Brasil, o que pressionar\u00e1 a taxa de c\u00e2mbio e a infla\u00e7\u00e3o, assim exigindo juros mais altos. Em outras palavras, caso o ajuste fiscal n\u00e3o seja feito, a retomada da economia ir\u00e1 ficar para depois, se \u00e9 que ocorrer\u00e1.<\/p>\n","protected":false},"excerpt":{"rendered":"<p>Felipe Salles e Laura Candido de Souza Pitta Ap\u00f3s dois anos de forte recess\u00e3o, a economia brasileira mostra sinais de estabiliza\u00e7\u00e3o. A sa\u00edda da crise deve ocorrer de forma gradual. Por ora, a retomada est\u00e1 sendo impulsionada por um ciclo de estoques, principalmente os da ind\u00fastria. No entanto, para que a recupera\u00e7\u00e3o seja sustent\u00e1vel, \u00e9 [&hellip;]<\/p>\n","protected":false},"author":2,"featured_media":118196,"comment_status":"open","ping_status":"closed","sticky":false,"template":"","format":"standard","meta":{"_acf_changed":false,"footnotes":""},"categories":[25],"tags":[],"class_list":["post-118195","post","type-post","status-publish","format-standard","has-post-thumbnail","hentry","category-opina-ai"],"acf":[],"yoast_head":"<!-- This site is optimized with the Yoast SEO plugin v27.5 - https:\/\/yoast.com\/product\/yoast-seo-wordpress\/ -->\n<title>Economia cresce e PIB pode ser uma boa surpresa - Notibras<\/title>\n<meta name=\"robots\" content=\"index, follow, max-snippet:-1, max-image-preview:large, max-video-preview:-1\" \/>\n<link rel=\"canonical\" href=\"https:\/\/www.notibras.com\/site\/economia-cresce-e-pib-pode-ser-uma-boa-surpresa\/\" \/>\n<meta property=\"og:locale\" content=\"pt_BR\" \/>\n<meta property=\"og:type\" content=\"article\" \/>\n<meta property=\"og:title\" content=\"Economia cresce e PIB pode ser uma boa surpresa - Notibras\" \/>\n<meta property=\"og:description\" content=\"Felipe Salles e Laura Candido de Souza Pitta Ap\u00f3s dois anos de forte recess\u00e3o, a economia brasileira mostra sinais de estabiliza\u00e7\u00e3o. A sa\u00edda da crise deve ocorrer de forma gradual. Por ora, a retomada est\u00e1 sendo impulsionada por um ciclo de estoques, principalmente os da ind\u00fastria. No entanto, para que a recupera\u00e7\u00e3o seja sustent\u00e1vel, \u00e9 [&hellip;]\" \/>\n<meta property=\"og:url\" content=\"https:\/\/www.notibras.com\/site\/economia-cresce-e-pib-pode-ser-uma-boa-surpresa\/\" \/>\n<meta property=\"og:site_name\" content=\"Notibras\" \/>\n<meta property=\"article:publisher\" content=\"https:\/\/www.facebook.com\/notibras\/\" \/>\n<meta property=\"article:published_time\" content=\"2016-10-11T10:13:44+00:00\" \/>\n<meta property=\"article:modified_time\" content=\"2016-10-11T12:17:10+00:00\" \/>\n<meta property=\"og:image\" content=\"https:\/\/www.notibras.com\/site\/wp-content\/uploads\/2016\/10\/brasil-crescimento-economia-venda-mercado-692x360.jpg\" \/>\n\t<meta property=\"og:image:width\" content=\"692\" \/>\n\t<meta property=\"og:image:height\" content=\"360\" \/>\n\t<meta property=\"og:image:type\" content=\"image\/jpeg\" \/>\n<meta name=\"author\" content=\"Reda\u00e7\u00e3o\" \/>\n<meta name=\"twitter:card\" content=\"summary_large_image\" \/>\n<meta name=\"twitter:creator\" content=\"@Notibras\" \/>\n<meta name=\"twitter:site\" content=\"@Notibras\" \/>\n<meta name=\"twitter:label1\" content=\"Escrito por\" \/>\n\t<meta name=\"twitter:data1\" content=\"Reda\u00e7\u00e3o\" \/>\n\t<meta name=\"twitter:label2\" content=\"Est. tempo de leitura\" \/>\n\t<meta name=\"twitter:data2\" content=\"3 minutos\" \/>\n<script type=\"application\/ld+json\" class=\"yoast-schema-graph\">{\"@context\":\"https:\\\/\\\/schema.org\",\"@graph\":[{\"@type\":\"Article\",\"@id\":\"https:\\\/\\\/www.notibras.com\\\/site\\\/economia-cresce-e-pib-pode-ser-uma-boa-surpresa\\\/#article\",\"isPartOf\":{\"@id\":\"https:\\\/\\\/www.notibras.com\\\/site\\\/economia-cresce-e-pib-pode-ser-uma-boa-surpresa\\\/\"},\"author\":{\"name\":\"Reda\u00e7\u00e3o\",\"@id\":\"https:\\\/\\\/www.notibras.com\\\/site\\\/#\\\/schema\\\/person\\\/36ab0979449956132d3e5b517ea76ac8\"},\"headline\":\"Economia cresce e PIB pode ser uma boa surpresa\",\"datePublished\":\"2016-10-11T10:13:44+00:00\",\"dateModified\":\"2016-10-11T12:17:10+00:00\",\"mainEntityOfPage\":{\"@id\":\"https:\\\/\\\/www.notibras.com\\\/site\\\/economia-cresce-e-pib-pode-ser-uma-boa-surpresa\\\/\"},\"wordCount\":546,\"commentCount\":0,\"publisher\":{\"@id\":\"https:\\\/\\\/www.notibras.com\\\/site\\\/#organization\"},\"image\":{\"@id\":\"https:\\\/\\\/www.notibras.com\\\/site\\\/economia-cresce-e-pib-pode-ser-uma-boa-surpresa\\\/#primaryimage\"},\"thumbnailUrl\":\"https:\\\/\\\/www.notibras.com\\\/site\\\/wp-content\\\/uploads\\\/2016\\\/10\\\/brasil-crescimento-economia-venda-mercado-692x360.jpg\",\"articleSection\":[\"Opina a\u00ed\"],\"inLanguage\":\"pt-BR\",\"potentialAction\":[{\"@type\":\"CommentAction\",\"name\":\"Comment\",\"target\":[\"https:\\\/\\\/www.notibras.com\\\/site\\\/economia-cresce-e-pib-pode-ser-uma-boa-surpresa\\\/#respond\"]}]},{\"@type\":\"WebPage\",\"@id\":\"https:\\\/\\\/www.notibras.com\\\/site\\\/economia-cresce-e-pib-pode-ser-uma-boa-surpresa\\\/\",\"url\":\"https:\\\/\\\/www.notibras.com\\\/site\\\/economia-cresce-e-pib-pode-ser-uma-boa-surpresa\\\/\",\"name\":\"Economia cresce e PIB pode ser uma boa surpresa - Notibras\",\"isPartOf\":{\"@id\":\"https:\\\/\\\/www.notibras.com\\\/site\\\/#website\"},\"primaryImageOfPage\":{\"@id\":\"https:\\\/\\\/www.notibras.com\\\/site\\\/economia-cresce-e-pib-pode-ser-uma-boa-surpresa\\\/#primaryimage\"},\"image\":{\"@id\":\"https:\\\/\\\/www.notibras.com\\\/site\\\/economia-cresce-e-pib-pode-ser-uma-boa-surpresa\\\/#primaryimage\"},\"thumbnailUrl\":\"https:\\\/\\\/www.notibras.com\\\/site\\\/wp-content\\\/uploads\\\/2016\\\/10\\\/brasil-crescimento-economia-venda-mercado-692x360.jpg\",\"datePublished\":\"2016-10-11T10:13:44+00:00\",\"dateModified\":\"2016-10-11T12:17:10+00:00\",\"breadcrumb\":{\"@id\":\"https:\\\/\\\/www.notibras.com\\\/site\\\/economia-cresce-e-pib-pode-ser-uma-boa-surpresa\\\/#breadcrumb\"},\"inLanguage\":\"pt-BR\",\"potentialAction\":[{\"@type\":\"ReadAction\",\"target\":[\"https:\\\/\\\/www.notibras.com\\\/site\\\/economia-cresce-e-pib-pode-ser-uma-boa-surpresa\\\/\"]}]},{\"@type\":\"ImageObject\",\"inLanguage\":\"pt-BR\",\"@id\":\"https:\\\/\\\/www.notibras.com\\\/site\\\/economia-cresce-e-pib-pode-ser-uma-boa-surpresa\\\/#primaryimage\",\"url\":\"https:\\\/\\\/www.notibras.com\\\/site\\\/wp-content\\\/uploads\\\/2016\\\/10\\\/brasil-crescimento-economia-venda-mercado-692x360.jpg\",\"contentUrl\":\"https:\\\/\\\/www.notibras.com\\\/site\\\/wp-content\\\/uploads\\\/2016\\\/10\\\/brasil-crescimento-economia-venda-mercado-692x360.jpg\",\"width\":692,\"height\":360,\"caption\":\"Foto\\\/Arquivo Notibras\"},{\"@type\":\"BreadcrumbList\",\"@id\":\"https:\\\/\\\/www.notibras.com\\\/site\\\/economia-cresce-e-pib-pode-ser-uma-boa-surpresa\\\/#breadcrumb\",\"itemListElement\":[{\"@type\":\"ListItem\",\"position\":1,\"name\":\"In\u00edcio\",\"item\":\"https:\\\/\\\/www.notibras.com\\\/site\\\/\"},{\"@type\":\"ListItem\",\"position\":2,\"name\":\"Economia cresce e PIB pode ser uma boa surpresa\"}]},{\"@type\":\"WebSite\",\"@id\":\"https:\\\/\\\/www.notibras.com\\\/site\\\/#website\",\"url\":\"https:\\\/\\\/www.notibras.com\\\/site\\\/\",\"name\":\"Notibras\",\"description\":\"Not\u00edcias de Bras\u00edlia, do Brasil e do Mundo\",\"publisher\":{\"@id\":\"https:\\\/\\\/www.notibras.com\\\/site\\\/#organization\"},\"potentialAction\":[{\"@type\":\"SearchAction\",\"target\":{\"@type\":\"EntryPoint\",\"urlTemplate\":\"https:\\\/\\\/www.notibras.com\\\/site\\\/?s={search_term_string}\"},\"query-input\":{\"@type\":\"PropertyValueSpecification\",\"valueRequired\":true,\"valueName\":\"search_term_string\"}}],\"inLanguage\":\"pt-BR\"},{\"@type\":\"Organization\",\"@id\":\"https:\\\/\\\/www.notibras.com\\\/site\\\/#organization\",\"name\":\"Grupo Notibras de Comunica\u00e7\u00e3o\",\"url\":\"https:\\\/\\\/www.notibras.com\\\/site\\\/\",\"logo\":{\"@type\":\"ImageObject\",\"inLanguage\":\"pt-BR\",\"@id\":\"https:\\\/\\\/www.notibras.com\\\/site\\\/#\\\/schema\\\/logo\\\/image\\\/\",\"url\":\"https:\\\/\\\/www.notibras.com\\\/site\\\/wp-content\\\/uploads\\\/2023\\\/01\\\/notibras23.png\",\"contentUrl\":\"https:\\\/\\\/www.notibras.com\\\/site\\\/wp-content\\\/uploads\\\/2023\\\/01\\\/notibras23.png\",\"width\":350,\"height\":87,\"caption\":\"Grupo Notibras de Comunica\u00e7\u00e3o\"},\"image\":{\"@id\":\"https:\\\/\\\/www.notibras.com\\\/site\\\/#\\\/schema\\\/logo\\\/image\\\/\"},\"sameAs\":[\"https:\\\/\\\/www.facebook.com\\\/notibras\\\/\",\"https:\\\/\\\/x.com\\\/Notibras\",\"https:\\\/\\\/www.instagram.com\\\/notibras\\\/\"]},{\"@type\":\"Person\",\"@id\":\"https:\\\/\\\/www.notibras.com\\\/site\\\/#\\\/schema\\\/person\\\/36ab0979449956132d3e5b517ea76ac8\",\"name\":\"Reda\u00e7\u00e3o\",\"image\":{\"@type\":\"ImageObject\",\"inLanguage\":\"pt-BR\",\"@id\":\"https:\\\/\\\/secure.gravatar.com\\\/avatar\\\/e0a867bdedb85fd243eadf09663511f96fc81e0720a4a42581f334ad4303aa6b?s=96&d=mm&r=g\",\"url\":\"https:\\\/\\\/secure.gravatar.com\\\/avatar\\\/e0a867bdedb85fd243eadf09663511f96fc81e0720a4a42581f334ad4303aa6b?s=96&d=mm&r=g\",\"contentUrl\":\"https:\\\/\\\/secure.gravatar.com\\\/avatar\\\/e0a867bdedb85fd243eadf09663511f96fc81e0720a4a42581f334ad4303aa6b?s=96&d=mm&r=g\",\"caption\":\"Reda\u00e7\u00e3o\"}}]}<\/script>\n<!-- \/ Yoast SEO plugin. -->","yoast_head_json":{"title":"Economia cresce e PIB pode ser uma boa surpresa - Notibras","robots":{"index":"index","follow":"follow","max-snippet":"max-snippet:-1","max-image-preview":"max-image-preview:large","max-video-preview":"max-video-preview:-1"},"canonical":"https:\/\/www.notibras.com\/site\/economia-cresce-e-pib-pode-ser-uma-boa-surpresa\/","og_locale":"pt_BR","og_type":"article","og_title":"Economia cresce e PIB pode ser uma boa surpresa - Notibras","og_description":"Felipe Salles e Laura Candido de Souza Pitta Ap\u00f3s dois anos de forte recess\u00e3o, a economia brasileira mostra sinais de estabiliza\u00e7\u00e3o. A sa\u00edda da crise deve ocorrer de forma gradual. Por ora, a retomada est\u00e1 sendo impulsionada por um ciclo de estoques, principalmente os da ind\u00fastria. No entanto, para que a recupera\u00e7\u00e3o seja sustent\u00e1vel, \u00e9 [&hellip;]","og_url":"https:\/\/www.notibras.com\/site\/economia-cresce-e-pib-pode-ser-uma-boa-surpresa\/","og_site_name":"Notibras","article_publisher":"https:\/\/www.facebook.com\/notibras\/","article_published_time":"2016-10-11T10:13:44+00:00","article_modified_time":"2016-10-11T12:17:10+00:00","og_image":[{"width":692,"height":360,"url":"https:\/\/www.notibras.com\/site\/wp-content\/uploads\/2016\/10\/brasil-crescimento-economia-venda-mercado-692x360.jpg","type":"image\/jpeg"}],"author":"Reda\u00e7\u00e3o","twitter_card":"summary_large_image","twitter_creator":"@Notibras","twitter_site":"@Notibras","twitter_misc":{"Escrito por":"Reda\u00e7\u00e3o","Est. tempo de leitura":"3 minutos"},"schema":{"@context":"https:\/\/schema.org","@graph":[{"@type":"Article","@id":"https:\/\/www.notibras.com\/site\/economia-cresce-e-pib-pode-ser-uma-boa-surpresa\/#article","isPartOf":{"@id":"https:\/\/www.notibras.com\/site\/economia-cresce-e-pib-pode-ser-uma-boa-surpresa\/"},"author":{"name":"Reda\u00e7\u00e3o","@id":"https:\/\/www.notibras.com\/site\/#\/schema\/person\/36ab0979449956132d3e5b517ea76ac8"},"headline":"Economia cresce e PIB pode ser uma boa surpresa","datePublished":"2016-10-11T10:13:44+00:00","dateModified":"2016-10-11T12:17:10+00:00","mainEntityOfPage":{"@id":"https:\/\/www.notibras.com\/site\/economia-cresce-e-pib-pode-ser-uma-boa-surpresa\/"},"wordCount":546,"commentCount":0,"publisher":{"@id":"https:\/\/www.notibras.com\/site\/#organization"},"image":{"@id":"https:\/\/www.notibras.com\/site\/economia-cresce-e-pib-pode-ser-uma-boa-surpresa\/#primaryimage"},"thumbnailUrl":"https:\/\/www.notibras.com\/site\/wp-content\/uploads\/2016\/10\/brasil-crescimento-economia-venda-mercado-692x360.jpg","articleSection":["Opina a\u00ed"],"inLanguage":"pt-BR","potentialAction":[{"@type":"CommentAction","name":"Comment","target":["https:\/\/www.notibras.com\/site\/economia-cresce-e-pib-pode-ser-uma-boa-surpresa\/#respond"]}]},{"@type":"WebPage","@id":"https:\/\/www.notibras.com\/site\/economia-cresce-e-pib-pode-ser-uma-boa-surpresa\/","url":"https:\/\/www.notibras.com\/site\/economia-cresce-e-pib-pode-ser-uma-boa-surpresa\/","name":"Economia cresce e PIB pode ser uma boa surpresa - Notibras","isPartOf":{"@id":"https:\/\/www.notibras.com\/site\/#website"},"primaryImageOfPage":{"@id":"https:\/\/www.notibras.com\/site\/economia-cresce-e-pib-pode-ser-uma-boa-surpresa\/#primaryimage"},"image":{"@id":"https:\/\/www.notibras.com\/site\/economia-cresce-e-pib-pode-ser-uma-boa-surpresa\/#primaryimage"},"thumbnailUrl":"https:\/\/www.notibras.com\/site\/wp-content\/uploads\/2016\/10\/brasil-crescimento-economia-venda-mercado-692x360.jpg","datePublished":"2016-10-11T10:13:44+00:00","dateModified":"2016-10-11T12:17:10+00:00","breadcrumb":{"@id":"https:\/\/www.notibras.com\/site\/economia-cresce-e-pib-pode-ser-uma-boa-surpresa\/#breadcrumb"},"inLanguage":"pt-BR","potentialAction":[{"@type":"ReadAction","target":["https:\/\/www.notibras.com\/site\/economia-cresce-e-pib-pode-ser-uma-boa-surpresa\/"]}]},{"@type":"ImageObject","inLanguage":"pt-BR","@id":"https:\/\/www.notibras.com\/site\/economia-cresce-e-pib-pode-ser-uma-boa-surpresa\/#primaryimage","url":"https:\/\/www.notibras.com\/site\/wp-content\/uploads\/2016\/10\/brasil-crescimento-economia-venda-mercado-692x360.jpg","contentUrl":"https:\/\/www.notibras.com\/site\/wp-content\/uploads\/2016\/10\/brasil-crescimento-economia-venda-mercado-692x360.jpg","width":692,"height":360,"caption":"Foto\/Arquivo Notibras"},{"@type":"BreadcrumbList","@id":"https:\/\/www.notibras.com\/site\/economia-cresce-e-pib-pode-ser-uma-boa-surpresa\/#breadcrumb","itemListElement":[{"@type":"ListItem","position":1,"name":"In\u00edcio","item":"https:\/\/www.notibras.com\/site\/"},{"@type":"ListItem","position":2,"name":"Economia cresce e PIB pode ser uma boa surpresa"}]},{"@type":"WebSite","@id":"https:\/\/www.notibras.com\/site\/#website","url":"https:\/\/www.notibras.com\/site\/","name":"Notibras","description":"Not\u00edcias de Bras\u00edlia, do Brasil e do Mundo","publisher":{"@id":"https:\/\/www.notibras.com\/site\/#organization"},"potentialAction":[{"@type":"SearchAction","target":{"@type":"EntryPoint","urlTemplate":"https:\/\/www.notibras.com\/site\/?s={search_term_string}"},"query-input":{"@type":"PropertyValueSpecification","valueRequired":true,"valueName":"search_term_string"}}],"inLanguage":"pt-BR"},{"@type":"Organization","@id":"https:\/\/www.notibras.com\/site\/#organization","name":"Grupo Notibras de Comunica\u00e7\u00e3o","url":"https:\/\/www.notibras.com\/site\/","logo":{"@type":"ImageObject","inLanguage":"pt-BR","@id":"https:\/\/www.notibras.com\/site\/#\/schema\/logo\/image\/","url":"https:\/\/www.notibras.com\/site\/wp-content\/uploads\/2023\/01\/notibras23.png","contentUrl":"https:\/\/www.notibras.com\/site\/wp-content\/uploads\/2023\/01\/notibras23.png","width":350,"height":87,"caption":"Grupo Notibras de Comunica\u00e7\u00e3o"},"image":{"@id":"https:\/\/www.notibras.com\/site\/#\/schema\/logo\/image\/"},"sameAs":["https:\/\/www.facebook.com\/notibras\/","https:\/\/x.com\/Notibras","https:\/\/www.instagram.com\/notibras\/"]},{"@type":"Person","@id":"https:\/\/www.notibras.com\/site\/#\/schema\/person\/36ab0979449956132d3e5b517ea76ac8","name":"Reda\u00e7\u00e3o","image":{"@type":"ImageObject","inLanguage":"pt-BR","@id":"https:\/\/secure.gravatar.com\/avatar\/e0a867bdedb85fd243eadf09663511f96fc81e0720a4a42581f334ad4303aa6b?s=96&d=mm&r=g","url":"https:\/\/secure.gravatar.com\/avatar\/e0a867bdedb85fd243eadf09663511f96fc81e0720a4a42581f334ad4303aa6b?s=96&d=mm&r=g","contentUrl":"https:\/\/secure.gravatar.com\/avatar\/e0a867bdedb85fd243eadf09663511f96fc81e0720a4a42581f334ad4303aa6b?s=96&d=mm&r=g","caption":"Reda\u00e7\u00e3o"}}]}},"amp_enabled":true,"_links":{"self":[{"href":"https:\/\/www.notibras.com\/site\/wp-json\/wp\/v2\/posts\/118195","targetHints":{"allow":["GET"]}}],"collection":[{"href":"https:\/\/www.notibras.com\/site\/wp-json\/wp\/v2\/posts"}],"about":[{"href":"https:\/\/www.notibras.com\/site\/wp-json\/wp\/v2\/types\/post"}],"author":[{"embeddable":true,"href":"https:\/\/www.notibras.com\/site\/wp-json\/wp\/v2\/users\/2"}],"replies":[{"embeddable":true,"href":"https:\/\/www.notibras.com\/site\/wp-json\/wp\/v2\/comments?post=118195"}],"version-history":[{"count":1,"href":"https:\/\/www.notibras.com\/site\/wp-json\/wp\/v2\/posts\/118195\/revisions"}],"predecessor-version":[{"id":118197,"href":"https:\/\/www.notibras.com\/site\/wp-json\/wp\/v2\/posts\/118195\/revisions\/118197"}],"wp:featuredmedia":[{"embeddable":true,"href":"https:\/\/www.notibras.com\/site\/wp-json\/wp\/v2\/media\/118196"}],"wp:attachment":[{"href":"https:\/\/www.notibras.com\/site\/wp-json\/wp\/v2\/media?parent=118195"}],"wp:term":[{"taxonomy":"category","embeddable":true,"href":"https:\/\/www.notibras.com\/site\/wp-json\/wp\/v2\/categories?post=118195"},{"taxonomy":"post_tag","embeddable":true,"href":"https:\/\/www.notibras.com\/site\/wp-json\/wp\/v2\/tags?post=118195"}],"curies":[{"name":"wp","href":"https:\/\/api.w.org\/{rel}","templated":true}]}}