{"id":118268,"date":"2016-10-12T18:02:44","date_gmt":"2016-10-12T21:02:44","guid":{"rendered":"http:\/\/www.notibras.com\/site\/?p=118268"},"modified":"2016-10-13T10:35:23","modified_gmt":"2016-10-13T13:35:23","slug":"sai-da-frente-frota-que-a-abertura-pede-passagem","status":"publish","type":"post","link":"https:\/\/www.notibras.com\/site\/sai-da-frente-frota-que-a-abertura-pede-passagem\/","title":{"rendered":"Sai da frente, Frota, que a abertura pede passagem"},"content":{"rendered":"<p><strong>Leonardo Mota Neto<\/strong><\/p>\n<p>12 de outubro de 1977. Edif\u00edcio Presidente, em Brasilia, Setor Comercial Sul. A cidade paralisada pelo feriado, e eu visitando Oliveira Bastos em seu pequeno escrit\u00f3rio para ouvir planos de cria\u00e7\u00e3o de um novo jornal na capital. Era sempre plano dele criar jornais.<\/p>\n<p>N\u00e3o imagin\u00e1vamos que a poucos quil\u00f4metros dali, iria ocorrer naquele calm\u00edssimo dia da Padroeira do Brasil o desfecho de uma crise de poder que sab\u00edamos que estava fermentando nos subterr\u00e2neos do regime militar. S\u00f3 que n\u00e3o para rebentar no feriado. E rebentou.<\/p>\n<p>Um telefonema cortou nossa conversa. Avisava que o general-presidente Ernesto Geisel havia chegado de surpresa ao Pal\u00e1cio do Planalto. N\u00e3o era aguardado naquela manh\u00e3. E estava furioso. Bastos me empurrou para l\u00e1.<\/p>\n<p>Na ida soube que no aeroporto de Bras\u00edlia estava havendo uma opera\u00e7\u00e3o militar com enviados de Geisel tentando dissuadir os comandantes de Ex\u00e9rcito e do Alto Comando que chegavam convocados pelo ministro Silvio Frota para irem direto ao Forte Apache, prestar-lhe solidariedade na sua queda de bra\u00e7o com o presidente.<\/p>\n<p>Frota queria decidir naquele mesmo pl\u00e1cido dia tomar o poder das m\u00e3os de Geisel. Mas observei que havia mais carros com generais indo opara o Pal\u00e1cio do Planalto do que para o Quartel-General de Frota. O \u201cAlem\u00e3o\u201d estava ganhando a batalha da sedu\u00e7\u00e3o.<\/p>\n<p>O que resultado todos sabem: Geisel chamou Frota a seu gabinete e anunciou que o estava exonerando. N\u00e3o sem resist\u00eancia do general-ministro do Ex\u00e9rcito, que bradou: \u201cN\u00e3o lhe dou o cargo\u201d. \u201c\u201dMas o cargo \u00e9 meu\u201d \u2013 retrucou Geisel, dando a conversa por encerrada.<\/p>\n<p>Frota foi embora e pegou um avi\u00e3o comercial para Rio. 12 de outubro de 1977 entrou para a hist\u00f3ria pol\u00edtica do Brasil como dia da batalha entre chefes militares que n\u00e3o houve. E eu voltei \u00e0 reuni\u00e3o com Oliveira Bastos.<\/p>\n","protected":false},"excerpt":{"rendered":"<p>Leonardo Mota Neto 12 de outubro de 1977. Edif\u00edcio Presidente, em Brasilia, Setor Comercial Sul. A cidade paralisada pelo feriado, e eu visitando Oliveira Bastos em seu pequeno escrit\u00f3rio para ouvir planos de cria\u00e7\u00e3o de um novo jornal na capital. Era sempre plano dele criar jornais. N\u00e3o imagin\u00e1vamos que a poucos quil\u00f4metros dali, iria ocorrer [&hellip;]<\/p>\n","protected":false},"author":2,"featured_media":118269,"comment_status":"open","ping_status":"closed","sticky":false,"template":"","format":"standard","meta":{"_acf_changed":false,"footnotes":""},"categories":[25],"tags":[],"class_list":["post-118268","post","type-post","status-publish","format-standard","has-post-thumbnail","hentry","category-opina-ai"],"acf":[],"yoast_head":"<!-- This site is optimized with the Yoast SEO plugin v27.5 - https:\/\/yoast.com\/product\/yoast-seo-wordpress\/ -->\n<title>Sai da frente, Frota, que a abertura pede passagem - Notibras<\/title>\n<meta name=\"robots\" content=\"index, follow, max-snippet:-1, max-image-preview:large, max-video-preview:-1\" \/>\n<link rel=\"canonical\" href=\"https:\/\/www.notibras.com\/site\/sai-da-frente-frota-que-a-abertura-pede-passagem\/\" \/>\n<meta property=\"og:locale\" content=\"pt_BR\" \/>\n<meta property=\"og:type\" content=\"article\" \/>\n<meta property=\"og:title\" content=\"Sai da frente, Frota, que a abertura pede passagem - Notibras\" \/>\n<meta property=\"og:description\" content=\"Leonardo Mota Neto 12 de outubro de 1977. Edif\u00edcio Presidente, em Brasilia, Setor Comercial Sul. A cidade paralisada pelo feriado, e eu visitando Oliveira Bastos em seu pequeno escrit\u00f3rio para ouvir planos de cria\u00e7\u00e3o de um novo jornal na capital. Era sempre plano dele criar jornais. N\u00e3o imagin\u00e1vamos que a poucos quil\u00f4metros dali, iria ocorrer [&hellip;]\" \/>\n<meta property=\"og:url\" content=\"https:\/\/www.notibras.com\/site\/sai-da-frente-frota-que-a-abertura-pede-passagem\/\" \/>\n<meta property=\"og:site_name\" content=\"Notibras\" \/>\n<meta property=\"article:publisher\" content=\"https:\/\/www.facebook.com\/notibras\/\" \/>\n<meta property=\"article:published_time\" content=\"2016-10-12T21:02:44+00:00\" \/>\n<meta property=\"article:modified_time\" content=\"2016-10-13T13:35:23+00:00\" \/>\n<meta property=\"og:image\" content=\"https:\/\/www.notibras.com\/site\/wp-content\/uploads\/2016\/10\/1441051066.jpg\" \/>\n\t<meta property=\"og:image:width\" content=\"500\" \/>\n\t<meta property=\"og:image:height\" content=\"375\" \/>\n\t<meta property=\"og:image:type\" content=\"image\/jpeg\" \/>\n<meta name=\"author\" content=\"Reda\u00e7\u00e3o\" \/>\n<meta name=\"twitter:card\" content=\"summary_large_image\" \/>\n<meta name=\"twitter:creator\" content=\"@Notibras\" \/>\n<meta name=\"twitter:site\" content=\"@Notibras\" \/>\n<meta name=\"twitter:label1\" content=\"Escrito por\" \/>\n\t<meta name=\"twitter:data1\" content=\"Reda\u00e7\u00e3o\" \/>\n\t<meta name=\"twitter:label2\" content=\"Est. tempo de leitura\" \/>\n\t<meta name=\"twitter:data2\" content=\"2 minutos\" \/>\n<script type=\"application\/ld+json\" class=\"yoast-schema-graph\">{\"@context\":\"https:\\\/\\\/schema.org\",\"@graph\":[{\"@type\":\"Article\",\"@id\":\"https:\\\/\\\/www.notibras.com\\\/site\\\/sai-da-frente-frota-que-a-abertura-pede-passagem\\\/#article\",\"isPartOf\":{\"@id\":\"https:\\\/\\\/www.notibras.com\\\/site\\\/sai-da-frente-frota-que-a-abertura-pede-passagem\\\/\"},\"author\":{\"name\":\"Reda\u00e7\u00e3o\",\"@id\":\"https:\\\/\\\/www.notibras.com\\\/site\\\/#\\\/schema\\\/person\\\/36ab0979449956132d3e5b517ea76ac8\"},\"headline\":\"Sai da frente, Frota, que a abertura pede passagem\",\"datePublished\":\"2016-10-12T21:02:44+00:00\",\"dateModified\":\"2016-10-13T13:35:23+00:00\",\"mainEntityOfPage\":{\"@id\":\"https:\\\/\\\/www.notibras.com\\\/site\\\/sai-da-frente-frota-que-a-abertura-pede-passagem\\\/\"},\"wordCount\":329,\"commentCount\":0,\"publisher\":{\"@id\":\"https:\\\/\\\/www.notibras.com\\\/site\\\/#organization\"},\"image\":{\"@id\":\"https:\\\/\\\/www.notibras.com\\\/site\\\/sai-da-frente-frota-que-a-abertura-pede-passagem\\\/#primaryimage\"},\"thumbnailUrl\":\"https:\\\/\\\/www.notibras.com\\\/site\\\/wp-content\\\/uploads\\\/2016\\\/10\\\/1441051066.jpg\",\"articleSection\":[\"Opina a\u00ed\"],\"inLanguage\":\"pt-BR\",\"potentialAction\":[{\"@type\":\"CommentAction\",\"name\":\"Comment\",\"target\":[\"https:\\\/\\\/www.notibras.com\\\/site\\\/sai-da-frente-frota-que-a-abertura-pede-passagem\\\/#respond\"]}]},{\"@type\":\"WebPage\",\"@id\":\"https:\\\/\\\/www.notibras.com\\\/site\\\/sai-da-frente-frota-que-a-abertura-pede-passagem\\\/\",\"url\":\"https:\\\/\\\/www.notibras.com\\\/site\\\/sai-da-frente-frota-que-a-abertura-pede-passagem\\\/\",\"name\":\"Sai da frente, Frota, que a abertura pede passagem - Notibras\",\"isPartOf\":{\"@id\":\"https:\\\/\\\/www.notibras.com\\\/site\\\/#website\"},\"primaryImageOfPage\":{\"@id\":\"https:\\\/\\\/www.notibras.com\\\/site\\\/sai-da-frente-frota-que-a-abertura-pede-passagem\\\/#primaryimage\"},\"image\":{\"@id\":\"https:\\\/\\\/www.notibras.com\\\/site\\\/sai-da-frente-frota-que-a-abertura-pede-passagem\\\/#primaryimage\"},\"thumbnailUrl\":\"https:\\\/\\\/www.notibras.com\\\/site\\\/wp-content\\\/uploads\\\/2016\\\/10\\\/1441051066.jpg\",\"datePublished\":\"2016-10-12T21:02:44+00:00\",\"dateModified\":\"2016-10-13T13:35:23+00:00\",\"breadcrumb\":{\"@id\":\"https:\\\/\\\/www.notibras.com\\\/site\\\/sai-da-frente-frota-que-a-abertura-pede-passagem\\\/#breadcrumb\"},\"inLanguage\":\"pt-BR\",\"potentialAction\":[{\"@type\":\"ReadAction\",\"target\":[\"https:\\\/\\\/www.notibras.com\\\/site\\\/sai-da-frente-frota-que-a-abertura-pede-passagem\\\/\"]}]},{\"@type\":\"ImageObject\",\"inLanguage\":\"pt-BR\",\"@id\":\"https:\\\/\\\/www.notibras.com\\\/site\\\/sai-da-frente-frota-que-a-abertura-pede-passagem\\\/#primaryimage\",\"url\":\"https:\\\/\\\/www.notibras.com\\\/site\\\/wp-content\\\/uploads\\\/2016\\\/10\\\/1441051066.jpg\",\"contentUrl\":\"https:\\\/\\\/www.notibras.com\\\/site\\\/wp-content\\\/uploads\\\/2016\\\/10\\\/1441051066.jpg\",\"width\":500,\"height\":375},{\"@type\":\"BreadcrumbList\",\"@id\":\"https:\\\/\\\/www.notibras.com\\\/site\\\/sai-da-frente-frota-que-a-abertura-pede-passagem\\\/#breadcrumb\",\"itemListElement\":[{\"@type\":\"ListItem\",\"position\":1,\"name\":\"In\u00edcio\",\"item\":\"https:\\\/\\\/www.notibras.com\\\/site\\\/\"},{\"@type\":\"ListItem\",\"position\":2,\"name\":\"Sai da frente, Frota, que a abertura pede passagem\"}]},{\"@type\":\"WebSite\",\"@id\":\"https:\\\/\\\/www.notibras.com\\\/site\\\/#website\",\"url\":\"https:\\\/\\\/www.notibras.com\\\/site\\\/\",\"name\":\"Notibras\",\"description\":\"Not\u00edcias de Bras\u00edlia, do Brasil e do Mundo\",\"publisher\":{\"@id\":\"https:\\\/\\\/www.notibras.com\\\/site\\\/#organization\"},\"potentialAction\":[{\"@type\":\"SearchAction\",\"target\":{\"@type\":\"EntryPoint\",\"urlTemplate\":\"https:\\\/\\\/www.notibras.com\\\/site\\\/?s={search_term_string}\"},\"query-input\":{\"@type\":\"PropertyValueSpecification\",\"valueRequired\":true,\"valueName\":\"search_term_string\"}}],\"inLanguage\":\"pt-BR\"},{\"@type\":\"Organization\",\"@id\":\"https:\\\/\\\/www.notibras.com\\\/site\\\/#organization\",\"name\":\"Grupo Notibras de Comunica\u00e7\u00e3o\",\"url\":\"https:\\\/\\\/www.notibras.com\\\/site\\\/\",\"logo\":{\"@type\":\"ImageObject\",\"inLanguage\":\"pt-BR\",\"@id\":\"https:\\\/\\\/www.notibras.com\\\/site\\\/#\\\/schema\\\/logo\\\/image\\\/\",\"url\":\"https:\\\/\\\/www.notibras.com\\\/site\\\/wp-content\\\/uploads\\\/2023\\\/01\\\/notibras23.png\",\"contentUrl\":\"https:\\\/\\\/www.notibras.com\\\/site\\\/wp-content\\\/uploads\\\/2023\\\/01\\\/notibras23.png\",\"width\":350,\"height\":87,\"caption\":\"Grupo Notibras de Comunica\u00e7\u00e3o\"},\"image\":{\"@id\":\"https:\\\/\\\/www.notibras.com\\\/site\\\/#\\\/schema\\\/logo\\\/image\\\/\"},\"sameAs\":[\"https:\\\/\\\/www.facebook.com\\\/notibras\\\/\",\"https:\\\/\\\/x.com\\\/Notibras\",\"https:\\\/\\\/www.instagram.com\\\/notibras\\\/\"]},{\"@type\":\"Person\",\"@id\":\"https:\\\/\\\/www.notibras.com\\\/site\\\/#\\\/schema\\\/person\\\/36ab0979449956132d3e5b517ea76ac8\",\"name\":\"Reda\u00e7\u00e3o\",\"image\":{\"@type\":\"ImageObject\",\"inLanguage\":\"pt-BR\",\"@id\":\"https:\\\/\\\/secure.gravatar.com\\\/avatar\\\/e0a867bdedb85fd243eadf09663511f96fc81e0720a4a42581f334ad4303aa6b?s=96&d=mm&r=g\",\"url\":\"https:\\\/\\\/secure.gravatar.com\\\/avatar\\\/e0a867bdedb85fd243eadf09663511f96fc81e0720a4a42581f334ad4303aa6b?s=96&d=mm&r=g\",\"contentUrl\":\"https:\\\/\\\/secure.gravatar.com\\\/avatar\\\/e0a867bdedb85fd243eadf09663511f96fc81e0720a4a42581f334ad4303aa6b?s=96&d=mm&r=g\",\"caption\":\"Reda\u00e7\u00e3o\"}}]}<\/script>\n<!-- \/ Yoast SEO plugin. -->","yoast_head_json":{"title":"Sai da frente, Frota, que a abertura pede passagem - Notibras","robots":{"index":"index","follow":"follow","max-snippet":"max-snippet:-1","max-image-preview":"max-image-preview:large","max-video-preview":"max-video-preview:-1"},"canonical":"https:\/\/www.notibras.com\/site\/sai-da-frente-frota-que-a-abertura-pede-passagem\/","og_locale":"pt_BR","og_type":"article","og_title":"Sai da frente, Frota, que a abertura pede passagem - Notibras","og_description":"Leonardo Mota Neto 12 de outubro de 1977. Edif\u00edcio Presidente, em Brasilia, Setor Comercial Sul. A cidade paralisada pelo feriado, e eu visitando Oliveira Bastos em seu pequeno escrit\u00f3rio para ouvir planos de cria\u00e7\u00e3o de um novo jornal na capital. Era sempre plano dele criar jornais. N\u00e3o imagin\u00e1vamos que a poucos quil\u00f4metros dali, iria ocorrer [&hellip;]","og_url":"https:\/\/www.notibras.com\/site\/sai-da-frente-frota-que-a-abertura-pede-passagem\/","og_site_name":"Notibras","article_publisher":"https:\/\/www.facebook.com\/notibras\/","article_published_time":"2016-10-12T21:02:44+00:00","article_modified_time":"2016-10-13T13:35:23+00:00","og_image":[{"width":500,"height":375,"url":"https:\/\/www.notibras.com\/site\/wp-content\/uploads\/2016\/10\/1441051066.jpg","type":"image\/jpeg"}],"author":"Reda\u00e7\u00e3o","twitter_card":"summary_large_image","twitter_creator":"@Notibras","twitter_site":"@Notibras","twitter_misc":{"Escrito por":"Reda\u00e7\u00e3o","Est. tempo de leitura":"2 minutos"},"schema":{"@context":"https:\/\/schema.org","@graph":[{"@type":"Article","@id":"https:\/\/www.notibras.com\/site\/sai-da-frente-frota-que-a-abertura-pede-passagem\/#article","isPartOf":{"@id":"https:\/\/www.notibras.com\/site\/sai-da-frente-frota-que-a-abertura-pede-passagem\/"},"author":{"name":"Reda\u00e7\u00e3o","@id":"https:\/\/www.notibras.com\/site\/#\/schema\/person\/36ab0979449956132d3e5b517ea76ac8"},"headline":"Sai da frente, Frota, que a abertura pede passagem","datePublished":"2016-10-12T21:02:44+00:00","dateModified":"2016-10-13T13:35:23+00:00","mainEntityOfPage":{"@id":"https:\/\/www.notibras.com\/site\/sai-da-frente-frota-que-a-abertura-pede-passagem\/"},"wordCount":329,"commentCount":0,"publisher":{"@id":"https:\/\/www.notibras.com\/site\/#organization"},"image":{"@id":"https:\/\/www.notibras.com\/site\/sai-da-frente-frota-que-a-abertura-pede-passagem\/#primaryimage"},"thumbnailUrl":"https:\/\/www.notibras.com\/site\/wp-content\/uploads\/2016\/10\/1441051066.jpg","articleSection":["Opina a\u00ed"],"inLanguage":"pt-BR","potentialAction":[{"@type":"CommentAction","name":"Comment","target":["https:\/\/www.notibras.com\/site\/sai-da-frente-frota-que-a-abertura-pede-passagem\/#respond"]}]},{"@type":"WebPage","@id":"https:\/\/www.notibras.com\/site\/sai-da-frente-frota-que-a-abertura-pede-passagem\/","url":"https:\/\/www.notibras.com\/site\/sai-da-frente-frota-que-a-abertura-pede-passagem\/","name":"Sai da frente, Frota, que a abertura pede passagem - Notibras","isPartOf":{"@id":"https:\/\/www.notibras.com\/site\/#website"},"primaryImageOfPage":{"@id":"https:\/\/www.notibras.com\/site\/sai-da-frente-frota-que-a-abertura-pede-passagem\/#primaryimage"},"image":{"@id":"https:\/\/www.notibras.com\/site\/sai-da-frente-frota-que-a-abertura-pede-passagem\/#primaryimage"},"thumbnailUrl":"https:\/\/www.notibras.com\/site\/wp-content\/uploads\/2016\/10\/1441051066.jpg","datePublished":"2016-10-12T21:02:44+00:00","dateModified":"2016-10-13T13:35:23+00:00","breadcrumb":{"@id":"https:\/\/www.notibras.com\/site\/sai-da-frente-frota-que-a-abertura-pede-passagem\/#breadcrumb"},"inLanguage":"pt-BR","potentialAction":[{"@type":"ReadAction","target":["https:\/\/www.notibras.com\/site\/sai-da-frente-frota-que-a-abertura-pede-passagem\/"]}]},{"@type":"ImageObject","inLanguage":"pt-BR","@id":"https:\/\/www.notibras.com\/site\/sai-da-frente-frota-que-a-abertura-pede-passagem\/#primaryimage","url":"https:\/\/www.notibras.com\/site\/wp-content\/uploads\/2016\/10\/1441051066.jpg","contentUrl":"https:\/\/www.notibras.com\/site\/wp-content\/uploads\/2016\/10\/1441051066.jpg","width":500,"height":375},{"@type":"BreadcrumbList","@id":"https:\/\/www.notibras.com\/site\/sai-da-frente-frota-que-a-abertura-pede-passagem\/#breadcrumb","itemListElement":[{"@type":"ListItem","position":1,"name":"In\u00edcio","item":"https:\/\/www.notibras.com\/site\/"},{"@type":"ListItem","position":2,"name":"Sai da frente, Frota, que a abertura pede passagem"}]},{"@type":"WebSite","@id":"https:\/\/www.notibras.com\/site\/#website","url":"https:\/\/www.notibras.com\/site\/","name":"Notibras","description":"Not\u00edcias de Bras\u00edlia, do Brasil e do Mundo","publisher":{"@id":"https:\/\/www.notibras.com\/site\/#organization"},"potentialAction":[{"@type":"SearchAction","target":{"@type":"EntryPoint","urlTemplate":"https:\/\/www.notibras.com\/site\/?s={search_term_string}"},"query-input":{"@type":"PropertyValueSpecification","valueRequired":true,"valueName":"search_term_string"}}],"inLanguage":"pt-BR"},{"@type":"Organization","@id":"https:\/\/www.notibras.com\/site\/#organization","name":"Grupo Notibras de Comunica\u00e7\u00e3o","url":"https:\/\/www.notibras.com\/site\/","logo":{"@type":"ImageObject","inLanguage":"pt-BR","@id":"https:\/\/www.notibras.com\/site\/#\/schema\/logo\/image\/","url":"https:\/\/www.notibras.com\/site\/wp-content\/uploads\/2023\/01\/notibras23.png","contentUrl":"https:\/\/www.notibras.com\/site\/wp-content\/uploads\/2023\/01\/notibras23.png","width":350,"height":87,"caption":"Grupo Notibras de Comunica\u00e7\u00e3o"},"image":{"@id":"https:\/\/www.notibras.com\/site\/#\/schema\/logo\/image\/"},"sameAs":["https:\/\/www.facebook.com\/notibras\/","https:\/\/x.com\/Notibras","https:\/\/www.instagram.com\/notibras\/"]},{"@type":"Person","@id":"https:\/\/www.notibras.com\/site\/#\/schema\/person\/36ab0979449956132d3e5b517ea76ac8","name":"Reda\u00e7\u00e3o","image":{"@type":"ImageObject","inLanguage":"pt-BR","@id":"https:\/\/secure.gravatar.com\/avatar\/e0a867bdedb85fd243eadf09663511f96fc81e0720a4a42581f334ad4303aa6b?s=96&d=mm&r=g","url":"https:\/\/secure.gravatar.com\/avatar\/e0a867bdedb85fd243eadf09663511f96fc81e0720a4a42581f334ad4303aa6b?s=96&d=mm&r=g","contentUrl":"https:\/\/secure.gravatar.com\/avatar\/e0a867bdedb85fd243eadf09663511f96fc81e0720a4a42581f334ad4303aa6b?s=96&d=mm&r=g","caption":"Reda\u00e7\u00e3o"}}]}},"amp_enabled":true,"_links":{"self":[{"href":"https:\/\/www.notibras.com\/site\/wp-json\/wp\/v2\/posts\/118268","targetHints":{"allow":["GET"]}}],"collection":[{"href":"https:\/\/www.notibras.com\/site\/wp-json\/wp\/v2\/posts"}],"about":[{"href":"https:\/\/www.notibras.com\/site\/wp-json\/wp\/v2\/types\/post"}],"author":[{"embeddable":true,"href":"https:\/\/www.notibras.com\/site\/wp-json\/wp\/v2\/users\/2"}],"replies":[{"embeddable":true,"href":"https:\/\/www.notibras.com\/site\/wp-json\/wp\/v2\/comments?post=118268"}],"version-history":[{"count":1,"href":"https:\/\/www.notibras.com\/site\/wp-json\/wp\/v2\/posts\/118268\/revisions"}],"predecessor-version":[{"id":118270,"href":"https:\/\/www.notibras.com\/site\/wp-json\/wp\/v2\/posts\/118268\/revisions\/118270"}],"wp:featuredmedia":[{"embeddable":true,"href":"https:\/\/www.notibras.com\/site\/wp-json\/wp\/v2\/media\/118269"}],"wp:attachment":[{"href":"https:\/\/www.notibras.com\/site\/wp-json\/wp\/v2\/media?parent=118268"}],"wp:term":[{"taxonomy":"category","embeddable":true,"href":"https:\/\/www.notibras.com\/site\/wp-json\/wp\/v2\/categories?post=118268"},{"taxonomy":"post_tag","embeddable":true,"href":"https:\/\/www.notibras.com\/site\/wp-json\/wp\/v2\/tags?post=118268"}],"curies":[{"name":"wp","href":"https:\/\/api.w.org\/{rel}","templated":true}]}}