{"id":11840,"date":"2014-06-01T10:45:26","date_gmt":"2014-06-01T13:45:26","guid":{"rendered":"http:\/\/www.notibras.com\/site\/?p=11840"},"modified":"2014-06-01T10:45:26","modified_gmt":"2014-06-01T13:45:26","slug":"marinho-ex-lateral-da-selecao-morre-aos-62-anos-em-joao-pessoa","status":"publish","type":"post","link":"https:\/\/www.notibras.com\/site\/marinho-ex-lateral-da-selecao-morre-aos-62-anos-em-joao-pessoa\/","title":{"rendered":"Marinho, ex-lateral da Sele\u00e7\u00e3o, morre aos 62 anos em Jo\u00e3o Pessoa"},"content":{"rendered":"<p>Marinho Chagas, ex-lateral esquerdo que defendeu a Sele\u00e7\u00e3o Brasileira na Copa do Mundo de 1974, morreu na madrugada deste domingo em Jo\u00e3o Pessoa (PB). O ex-jogador, 62 anos, estava internado desde o dia anterior em decorr\u00eancia de uma hemorragia digestiva.<\/p>\n<p class=\"text\">Nascido na cidade de Natal (RN), no dia 8 de dezembro de 1952, Marinho Chagas se destacou no ABC no final da d\u00e9cada de 60. Nos anos seguintes, passou por N\u00e1utico (1970 a 1972), antes de chegar ao futebol carioca. Entre 1972 e 1978, atuou por Fluminense e Botafogo, conquistando o Trof\u00e9u Teresa Herrera pelo clube tricolor em 1977.<\/p>\n<p class=\"text\">Em 1979, foi jogar no futebol dos Estados Unidos, pelo New York Cosmos (1979) e pelo Fort Lauderlade Strikers (1980). De volta ao Brasil, jogou tamb\u00e9m por S\u00e3o Paulo (1981 a 1983), Bangu (1983), Fortaleza (1984) e Am\u00e9rica-RN (1985). No fim da carreira, jogou novamente nos EUA, passando ainda pela Alemanha.<\/p>\n<p class=\"text\">Em nota oficial, a Confedera\u00e7\u00e3o Brasileira de Futebol (CBF) lamentou a morte de \u201cum lateral com caracter\u00edsticas ofensivas e muito talento\u201d. \u201cO presidente da CBF, Jos\u00e9 Maria Marin, lamenta a morte daquele que foi um grande jogador, a quem admirava pelas atua\u00e7\u00f5es na Sele\u00e7\u00e3o Brasileira e manifesta os p\u00easames \u00e0 fam\u00edlia\u201d, diz o comunicado.<\/p>\n","protected":false},"excerpt":{"rendered":"<p>Marinho Chagas, ex-lateral esquerdo que defendeu a Sele\u00e7\u00e3o Brasileira na Copa do Mundo de 1974, morreu na madrugada deste domingo em Jo\u00e3o Pessoa (PB). O ex-jogador, 62 anos, estava internado desde o dia anterior em decorr\u00eancia de uma hemorragia digestiva. Nascido na cidade de Natal (RN), no dia 8 de dezembro de 1952, Marinho Chagas [&hellip;]<\/p>\n","protected":false},"author":2,"featured_media":11841,"comment_status":"open","ping_status":"closed","sticky":false,"template":"","format":"standard","meta":{"_acf_changed":false,"footnotes":""},"categories":[19,29],"tags":[],"class_list":["post-11840","post","type-post","status-publish","format-standard","has-post-thumbnail","hentry","category-esportes","category-futebol"],"acf":[],"yoast_head":"<!-- This site is optimized with the Yoast SEO plugin v27.2 - https:\/\/yoast.com\/product\/yoast-seo-wordpress\/ -->\n<title>Marinho, ex-lateral da Sele\u00e7\u00e3o, morre aos 62 anos em Jo\u00e3o Pessoa - Notibras<\/title>\n<meta name=\"robots\" content=\"index, follow, max-snippet:-1, max-image-preview:large, max-video-preview:-1\" \/>\n<link rel=\"canonical\" href=\"https:\/\/www.notibras.com\/site\/marinho-ex-lateral-da-selecao-morre-aos-62-anos-em-joao-pessoa\/\" \/>\n<meta property=\"og:locale\" content=\"pt_BR\" \/>\n<meta property=\"og:type\" content=\"article\" \/>\n<meta property=\"og:title\" content=\"Marinho, ex-lateral da Sele\u00e7\u00e3o, morre aos 62 anos em Jo\u00e3o Pessoa - Notibras\" \/>\n<meta property=\"og:description\" content=\"Marinho Chagas, ex-lateral esquerdo que defendeu a Sele\u00e7\u00e3o Brasileira na Copa do Mundo de 1974, morreu na madrugada deste domingo em Jo\u00e3o Pessoa (PB). O ex-jogador, 62 anos, estava internado desde o dia anterior em decorr\u00eancia de uma hemorragia digestiva. Nascido na cidade de Natal (RN), no dia 8 de dezembro de 1952, Marinho Chagas [&hellip;]\" \/>\n<meta property=\"og:url\" content=\"https:\/\/www.notibras.com\/site\/marinho-ex-lateral-da-selecao-morre-aos-62-anos-em-joao-pessoa\/\" \/>\n<meta property=\"og:site_name\" content=\"Notibras\" \/>\n<meta property=\"article:publisher\" content=\"https:\/\/www.facebook.com\/notibras\/\" \/>\n<meta property=\"article:published_time\" content=\"2014-06-01T13:45:26+00:00\" \/>\n<meta property=\"og:image\" content=\"https:\/\/www.notibras.com\/site\/wp-content\/uploads\/2014\/06\/120933.jpg\" \/>\n\t<meta property=\"og:image:width\" content=\"600\" \/>\n\t<meta property=\"og:image:height\" content=\"400\" \/>\n\t<meta property=\"og:image:type\" content=\"image\/jpeg\" \/>\n<meta name=\"author\" content=\"Reda\u00e7\u00e3o\" \/>\n<meta name=\"twitter:card\" content=\"summary_large_image\" \/>\n<meta name=\"twitter:creator\" content=\"@Notibras\" \/>\n<meta name=\"twitter:site\" content=\"@Notibras\" \/>\n<meta name=\"twitter:label1\" content=\"Escrito por\" \/>\n\t<meta name=\"twitter:data1\" content=\"Reda\u00e7\u00e3o\" \/>\n\t<meta name=\"twitter:label2\" content=\"Est. tempo de leitura\" \/>\n\t<meta name=\"twitter:data2\" content=\"1 minuto\" \/>\n<script type=\"application\/ld+json\" class=\"yoast-schema-graph\">{\"@context\":\"https:\/\/schema.org\",\"@graph\":[{\"@type\":\"Article\",\"@id\":\"https:\/\/www.notibras.com\/site\/marinho-ex-lateral-da-selecao-morre-aos-62-anos-em-joao-pessoa\/#article\",\"isPartOf\":{\"@id\":\"https:\/\/www.notibras.com\/site\/marinho-ex-lateral-da-selecao-morre-aos-62-anos-em-joao-pessoa\/\"},\"author\":{\"name\":\"Reda\u00e7\u00e3o\",\"@id\":\"https:\/\/www.notibras.com\/site\/#\/schema\/person\/36ab0979449956132d3e5b517ea76ac8\"},\"headline\":\"Marinho, ex-lateral da Sele\u00e7\u00e3o, morre aos 62 anos em Jo\u00e3o Pessoa\",\"datePublished\":\"2014-06-01T13:45:26+00:00\",\"mainEntityOfPage\":{\"@id\":\"https:\/\/www.notibras.com\/site\/marinho-ex-lateral-da-selecao-morre-aos-62-anos-em-joao-pessoa\/\"},\"wordCount\":212,\"commentCount\":0,\"publisher\":{\"@id\":\"https:\/\/www.notibras.com\/site\/#organization\"},\"image\":{\"@id\":\"https:\/\/www.notibras.com\/site\/marinho-ex-lateral-da-selecao-morre-aos-62-anos-em-joao-pessoa\/#primaryimage\"},\"thumbnailUrl\":\"https:\/\/www.notibras.com\/site\/wp-content\/uploads\/2014\/06\/120933.jpg\",\"articleSection\":[\"Esportes\",\"Futebol\"],\"inLanguage\":\"pt-BR\",\"potentialAction\":[{\"@type\":\"CommentAction\",\"name\":\"Comment\",\"target\":[\"https:\/\/www.notibras.com\/site\/marinho-ex-lateral-da-selecao-morre-aos-62-anos-em-joao-pessoa\/#respond\"]}]},{\"@type\":\"WebPage\",\"@id\":\"https:\/\/www.notibras.com\/site\/marinho-ex-lateral-da-selecao-morre-aos-62-anos-em-joao-pessoa\/\",\"url\":\"https:\/\/www.notibras.com\/site\/marinho-ex-lateral-da-selecao-morre-aos-62-anos-em-joao-pessoa\/\",\"name\":\"Marinho, ex-lateral da Sele\u00e7\u00e3o, morre aos 62 anos em Jo\u00e3o Pessoa - Notibras\",\"isPartOf\":{\"@id\":\"https:\/\/www.notibras.com\/site\/#website\"},\"primaryImageOfPage\":{\"@id\":\"https:\/\/www.notibras.com\/site\/marinho-ex-lateral-da-selecao-morre-aos-62-anos-em-joao-pessoa\/#primaryimage\"},\"image\":{\"@id\":\"https:\/\/www.notibras.com\/site\/marinho-ex-lateral-da-selecao-morre-aos-62-anos-em-joao-pessoa\/#primaryimage\"},\"thumbnailUrl\":\"https:\/\/www.notibras.com\/site\/wp-content\/uploads\/2014\/06\/120933.jpg\",\"datePublished\":\"2014-06-01T13:45:26+00:00\",\"breadcrumb\":{\"@id\":\"https:\/\/www.notibras.com\/site\/marinho-ex-lateral-da-selecao-morre-aos-62-anos-em-joao-pessoa\/#breadcrumb\"},\"inLanguage\":\"pt-BR\",\"potentialAction\":[{\"@type\":\"ReadAction\",\"target\":[\"https:\/\/www.notibras.com\/site\/marinho-ex-lateral-da-selecao-morre-aos-62-anos-em-joao-pessoa\/\"]}]},{\"@type\":\"ImageObject\",\"inLanguage\":\"pt-BR\",\"@id\":\"https:\/\/www.notibras.com\/site\/marinho-ex-lateral-da-selecao-morre-aos-62-anos-em-joao-pessoa\/#primaryimage\",\"url\":\"https:\/\/www.notibras.com\/site\/wp-content\/uploads\/2014\/06\/120933.jpg\",\"contentUrl\":\"https:\/\/www.notibras.com\/site\/wp-content\/uploads\/2014\/06\/120933.jpg\",\"width\":600,\"height\":400},{\"@type\":\"BreadcrumbList\",\"@id\":\"https:\/\/www.notibras.com\/site\/marinho-ex-lateral-da-selecao-morre-aos-62-anos-em-joao-pessoa\/#breadcrumb\",\"itemListElement\":[{\"@type\":\"ListItem\",\"position\":1,\"name\":\"In\u00edcio\",\"item\":\"https:\/\/www.notibras.com\/site\/\"},{\"@type\":\"ListItem\",\"position\":2,\"name\":\"Marinho, ex-lateral da Sele\u00e7\u00e3o, morre aos 62 anos em Jo\u00e3o Pessoa\"}]},{\"@type\":\"WebSite\",\"@id\":\"https:\/\/www.notibras.com\/site\/#website\",\"url\":\"https:\/\/www.notibras.com\/site\/\",\"name\":\"Notibras\",\"description\":\"Not\u00edcias de Bras\u00edlia, do Brasil e do Mundo\",\"publisher\":{\"@id\":\"https:\/\/www.notibras.com\/site\/#organization\"},\"potentialAction\":[{\"@type\":\"SearchAction\",\"target\":{\"@type\":\"EntryPoint\",\"urlTemplate\":\"https:\/\/www.notibras.com\/site\/?s={search_term_string}\"},\"query-input\":{\"@type\":\"PropertyValueSpecification\",\"valueRequired\":true,\"valueName\":\"search_term_string\"}}],\"inLanguage\":\"pt-BR\"},{\"@type\":\"Organization\",\"@id\":\"https:\/\/www.notibras.com\/site\/#organization\",\"name\":\"Grupo Notibras de Comunica\u00e7\u00e3o\",\"url\":\"https:\/\/www.notibras.com\/site\/\",\"logo\":{\"@type\":\"ImageObject\",\"inLanguage\":\"pt-BR\",\"@id\":\"https:\/\/www.notibras.com\/site\/#\/schema\/logo\/image\/\",\"url\":\"https:\/\/www.notibras.com\/site\/wp-content\/uploads\/2023\/01\/notibras23.png\",\"contentUrl\":\"https:\/\/www.notibras.com\/site\/wp-content\/uploads\/2023\/01\/notibras23.png\",\"width\":350,\"height\":87,\"caption\":\"Grupo Notibras de Comunica\u00e7\u00e3o\"},\"image\":{\"@id\":\"https:\/\/www.notibras.com\/site\/#\/schema\/logo\/image\/\"},\"sameAs\":[\"https:\/\/www.facebook.com\/notibras\/\",\"https:\/\/x.com\/Notibras\",\"https:\/\/www.instagram.com\/notibras\/\"]},{\"@type\":\"Person\",\"@id\":\"https:\/\/www.notibras.com\/site\/#\/schema\/person\/36ab0979449956132d3e5b517ea76ac8\",\"name\":\"Reda\u00e7\u00e3o\",\"image\":{\"@type\":\"ImageObject\",\"inLanguage\":\"pt-BR\",\"@id\":\"https:\/\/secure.gravatar.com\/avatar\/e0a867bdedb85fd243eadf09663511f96fc81e0720a4a42581f334ad4303aa6b?s=96&d=mm&r=g\",\"url\":\"https:\/\/secure.gravatar.com\/avatar\/e0a867bdedb85fd243eadf09663511f96fc81e0720a4a42581f334ad4303aa6b?s=96&d=mm&r=g\",\"contentUrl\":\"https:\/\/secure.gravatar.com\/avatar\/e0a867bdedb85fd243eadf09663511f96fc81e0720a4a42581f334ad4303aa6b?s=96&d=mm&r=g\",\"caption\":\"Reda\u00e7\u00e3o\"}}]}<\/script>\n<!-- \/ Yoast SEO plugin. -->","yoast_head_json":{"title":"Marinho, ex-lateral da Sele\u00e7\u00e3o, morre aos 62 anos em Jo\u00e3o Pessoa - Notibras","robots":{"index":"index","follow":"follow","max-snippet":"max-snippet:-1","max-image-preview":"max-image-preview:large","max-video-preview":"max-video-preview:-1"},"canonical":"https:\/\/www.notibras.com\/site\/marinho-ex-lateral-da-selecao-morre-aos-62-anos-em-joao-pessoa\/","og_locale":"pt_BR","og_type":"article","og_title":"Marinho, ex-lateral da Sele\u00e7\u00e3o, morre aos 62 anos em Jo\u00e3o Pessoa - Notibras","og_description":"Marinho Chagas, ex-lateral esquerdo que defendeu a Sele\u00e7\u00e3o Brasileira na Copa do Mundo de 1974, morreu na madrugada deste domingo em Jo\u00e3o Pessoa (PB). O ex-jogador, 62 anos, estava internado desde o dia anterior em decorr\u00eancia de uma hemorragia digestiva. Nascido na cidade de Natal (RN), no dia 8 de dezembro de 1952, Marinho Chagas [&hellip;]","og_url":"https:\/\/www.notibras.com\/site\/marinho-ex-lateral-da-selecao-morre-aos-62-anos-em-joao-pessoa\/","og_site_name":"Notibras","article_publisher":"https:\/\/www.facebook.com\/notibras\/","article_published_time":"2014-06-01T13:45:26+00:00","og_image":[{"width":600,"height":400,"url":"https:\/\/www.notibras.com\/site\/wp-content\/uploads\/2014\/06\/120933.jpg","type":"image\/jpeg"}],"author":"Reda\u00e7\u00e3o","twitter_card":"summary_large_image","twitter_creator":"@Notibras","twitter_site":"@Notibras","twitter_misc":{"Escrito por":"Reda\u00e7\u00e3o","Est. tempo de leitura":"1 minuto"},"schema":{"@context":"https:\/\/schema.org","@graph":[{"@type":"Article","@id":"https:\/\/www.notibras.com\/site\/marinho-ex-lateral-da-selecao-morre-aos-62-anos-em-joao-pessoa\/#article","isPartOf":{"@id":"https:\/\/www.notibras.com\/site\/marinho-ex-lateral-da-selecao-morre-aos-62-anos-em-joao-pessoa\/"},"author":{"name":"Reda\u00e7\u00e3o","@id":"https:\/\/www.notibras.com\/site\/#\/schema\/person\/36ab0979449956132d3e5b517ea76ac8"},"headline":"Marinho, ex-lateral da Sele\u00e7\u00e3o, morre aos 62 anos em Jo\u00e3o Pessoa","datePublished":"2014-06-01T13:45:26+00:00","mainEntityOfPage":{"@id":"https:\/\/www.notibras.com\/site\/marinho-ex-lateral-da-selecao-morre-aos-62-anos-em-joao-pessoa\/"},"wordCount":212,"commentCount":0,"publisher":{"@id":"https:\/\/www.notibras.com\/site\/#organization"},"image":{"@id":"https:\/\/www.notibras.com\/site\/marinho-ex-lateral-da-selecao-morre-aos-62-anos-em-joao-pessoa\/#primaryimage"},"thumbnailUrl":"https:\/\/www.notibras.com\/site\/wp-content\/uploads\/2014\/06\/120933.jpg","articleSection":["Esportes","Futebol"],"inLanguage":"pt-BR","potentialAction":[{"@type":"CommentAction","name":"Comment","target":["https:\/\/www.notibras.com\/site\/marinho-ex-lateral-da-selecao-morre-aos-62-anos-em-joao-pessoa\/#respond"]}]},{"@type":"WebPage","@id":"https:\/\/www.notibras.com\/site\/marinho-ex-lateral-da-selecao-morre-aos-62-anos-em-joao-pessoa\/","url":"https:\/\/www.notibras.com\/site\/marinho-ex-lateral-da-selecao-morre-aos-62-anos-em-joao-pessoa\/","name":"Marinho, ex-lateral da Sele\u00e7\u00e3o, morre aos 62 anos em Jo\u00e3o Pessoa - Notibras","isPartOf":{"@id":"https:\/\/www.notibras.com\/site\/#website"},"primaryImageOfPage":{"@id":"https:\/\/www.notibras.com\/site\/marinho-ex-lateral-da-selecao-morre-aos-62-anos-em-joao-pessoa\/#primaryimage"},"image":{"@id":"https:\/\/www.notibras.com\/site\/marinho-ex-lateral-da-selecao-morre-aos-62-anos-em-joao-pessoa\/#primaryimage"},"thumbnailUrl":"https:\/\/www.notibras.com\/site\/wp-content\/uploads\/2014\/06\/120933.jpg","datePublished":"2014-06-01T13:45:26+00:00","breadcrumb":{"@id":"https:\/\/www.notibras.com\/site\/marinho-ex-lateral-da-selecao-morre-aos-62-anos-em-joao-pessoa\/#breadcrumb"},"inLanguage":"pt-BR","potentialAction":[{"@type":"ReadAction","target":["https:\/\/www.notibras.com\/site\/marinho-ex-lateral-da-selecao-morre-aos-62-anos-em-joao-pessoa\/"]}]},{"@type":"ImageObject","inLanguage":"pt-BR","@id":"https:\/\/www.notibras.com\/site\/marinho-ex-lateral-da-selecao-morre-aos-62-anos-em-joao-pessoa\/#primaryimage","url":"https:\/\/www.notibras.com\/site\/wp-content\/uploads\/2014\/06\/120933.jpg","contentUrl":"https:\/\/www.notibras.com\/site\/wp-content\/uploads\/2014\/06\/120933.jpg","width":600,"height":400},{"@type":"BreadcrumbList","@id":"https:\/\/www.notibras.com\/site\/marinho-ex-lateral-da-selecao-morre-aos-62-anos-em-joao-pessoa\/#breadcrumb","itemListElement":[{"@type":"ListItem","position":1,"name":"In\u00edcio","item":"https:\/\/www.notibras.com\/site\/"},{"@type":"ListItem","position":2,"name":"Marinho, ex-lateral da Sele\u00e7\u00e3o, morre aos 62 anos em Jo\u00e3o Pessoa"}]},{"@type":"WebSite","@id":"https:\/\/www.notibras.com\/site\/#website","url":"https:\/\/www.notibras.com\/site\/","name":"Notibras","description":"Not\u00edcias de Bras\u00edlia, do Brasil e do Mundo","publisher":{"@id":"https:\/\/www.notibras.com\/site\/#organization"},"potentialAction":[{"@type":"SearchAction","target":{"@type":"EntryPoint","urlTemplate":"https:\/\/www.notibras.com\/site\/?s={search_term_string}"},"query-input":{"@type":"PropertyValueSpecification","valueRequired":true,"valueName":"search_term_string"}}],"inLanguage":"pt-BR"},{"@type":"Organization","@id":"https:\/\/www.notibras.com\/site\/#organization","name":"Grupo Notibras de Comunica\u00e7\u00e3o","url":"https:\/\/www.notibras.com\/site\/","logo":{"@type":"ImageObject","inLanguage":"pt-BR","@id":"https:\/\/www.notibras.com\/site\/#\/schema\/logo\/image\/","url":"https:\/\/www.notibras.com\/site\/wp-content\/uploads\/2023\/01\/notibras23.png","contentUrl":"https:\/\/www.notibras.com\/site\/wp-content\/uploads\/2023\/01\/notibras23.png","width":350,"height":87,"caption":"Grupo Notibras de Comunica\u00e7\u00e3o"},"image":{"@id":"https:\/\/www.notibras.com\/site\/#\/schema\/logo\/image\/"},"sameAs":["https:\/\/www.facebook.com\/notibras\/","https:\/\/x.com\/Notibras","https:\/\/www.instagram.com\/notibras\/"]},{"@type":"Person","@id":"https:\/\/www.notibras.com\/site\/#\/schema\/person\/36ab0979449956132d3e5b517ea76ac8","name":"Reda\u00e7\u00e3o","image":{"@type":"ImageObject","inLanguage":"pt-BR","@id":"https:\/\/secure.gravatar.com\/avatar\/e0a867bdedb85fd243eadf09663511f96fc81e0720a4a42581f334ad4303aa6b?s=96&d=mm&r=g","url":"https:\/\/secure.gravatar.com\/avatar\/e0a867bdedb85fd243eadf09663511f96fc81e0720a4a42581f334ad4303aa6b?s=96&d=mm&r=g","contentUrl":"https:\/\/secure.gravatar.com\/avatar\/e0a867bdedb85fd243eadf09663511f96fc81e0720a4a42581f334ad4303aa6b?s=96&d=mm&r=g","caption":"Reda\u00e7\u00e3o"}}]}},"amp_enabled":true,"_links":{"self":[{"href":"https:\/\/www.notibras.com\/site\/wp-json\/wp\/v2\/posts\/11840","targetHints":{"allow":["GET"]}}],"collection":[{"href":"https:\/\/www.notibras.com\/site\/wp-json\/wp\/v2\/posts"}],"about":[{"href":"https:\/\/www.notibras.com\/site\/wp-json\/wp\/v2\/types\/post"}],"author":[{"embeddable":true,"href":"https:\/\/www.notibras.com\/site\/wp-json\/wp\/v2\/users\/2"}],"replies":[{"embeddable":true,"href":"https:\/\/www.notibras.com\/site\/wp-json\/wp\/v2\/comments?post=11840"}],"version-history":[{"count":0,"href":"https:\/\/www.notibras.com\/site\/wp-json\/wp\/v2\/posts\/11840\/revisions"}],"wp:featuredmedia":[{"embeddable":true,"href":"https:\/\/www.notibras.com\/site\/wp-json\/wp\/v2\/media\/11841"}],"wp:attachment":[{"href":"https:\/\/www.notibras.com\/site\/wp-json\/wp\/v2\/media?parent=11840"}],"wp:term":[{"taxonomy":"category","embeddable":true,"href":"https:\/\/www.notibras.com\/site\/wp-json\/wp\/v2\/categories?post=11840"},{"taxonomy":"post_tag","embeddable":true,"href":"https:\/\/www.notibras.com\/site\/wp-json\/wp\/v2\/tags?post=11840"}],"curies":[{"name":"wp","href":"https:\/\/api.w.org\/{rel}","templated":true}]}}