{"id":118460,"date":"2016-10-14T07:27:12","date_gmt":"2016-10-14T10:27:12","guid":{"rendered":"http:\/\/www.notibras.com\/site\/?p=118460"},"modified":"2016-10-14T07:29:15","modified_gmt":"2016-10-14T10:29:15","slug":"vaquejada-e-ilegal-ou-imposicao-ideologica","status":"publish","type":"post","link":"https:\/\/www.notibras.com\/site\/vaquejada-e-ilegal-ou-imposicao-ideologica\/","title":{"rendered":"Vaquejada \u00e9 ilegal ou uma proibi\u00e7\u00e3o ideol\u00f3gica?"},"content":{"rendered":"<p><strong>Adalberto Arruda Silva J\u00fanior<\/strong><\/p>\n<p>A tradi\u00e7\u00e3o cultural da vaquejada, como festa popular de grande prefer\u00eancia pela popula\u00e7\u00e3o no Nordeste e que n\u00e3o implica em maus-tratos, tortura ou morte de animais, deveria prevalecer como saud\u00e1vel manifesta\u00e7\u00e3o festiva regional brasileira, que constitui bem cultural popular e hist\u00f3rico j\u00e1 incorporado ao patrim\u00f4nio cultural do povo nordestino.<\/p>\n<p>A vaquejada \u00e9 uma modalidade de esporte pr\u00f3prio da vida rural que, a exemplo do hipismo e do turfe, envolve a participa\u00e7\u00e3o conjunta do homem (ou mulher) e do animal \u2013 no caso da vaquejada, do cavalo e do boi simultaneamente. Os cavaleiros competem em duplas, cavalgando seus equinos cuidadosamente arriados, correm em uma raia de aproximadamente 100 metros de comprimento com piso macio, objetivando derrubar o garrote ou touro que parte celeremente da porteira de sa\u00edda, buscando fugir de sua pris\u00e3o e devendo ser derrubado pelo vaqueiro mediante puxada pelo rabo at\u00e9 o limite final da pista. Ao lado dessa pista, acomodam-se os torcedores.<\/p>\n<p>Muito diferente \u00e9 o que se passava com a &#8220;Rinha de Galo&#8221; e a &#8220;Farra do Boi&#8221;, que \u2013 para o horror de muitos, embora para a explora\u00e7\u00e3o econ\u00f4mica fria e desfrute s\u00e1dico de poucos \u2013 expunham os animais a cenas de viol\u00eancia e morte, tradi\u00e7\u00f5es de culturas b\u00e1rbaras que a \u00e9tica da paz e do respeito \u00e0 vida n\u00e3o comportam jamais. Justa e oportuna foi a proibi\u00e7\u00e3o desses espet\u00e1culos t\u00edpicos de viol\u00eancia, que resultavam sempre em morte cruel aos animais.<\/p>\n<p>Diferente, e muito, \u00e9 o caso da vaquejada, na qual n\u00e3o se mata nem se fere o animal. Antes, al\u00e9m do cavalo, o garrote \u00e9 tamb\u00e9m olhado e admirado pelos espectadores e vaqueiros pela sua beleza f\u00edsica, for\u00e7a e velocidade.<\/p>\n<p>A vaquejada evoca tamb\u00e9m a pr\u00e1tica da cultura e do modelo hist\u00f3rico da atividade pecu\u00e1ria e de rela\u00e7\u00e3o homem-animal nordestina de pastoreio aberto, que exigia a tarefa pelo vaqueiro de acompanhamento, busca e recolhimento da r\u00eas, j\u00e1 que a cria\u00e7\u00e3o se fazia livremente em campos abertos e sem cercados, nos vastos sert\u00f5es nordestinos. Gerou-se assim um verdadeiro &#8220;ethos social&#8221; para o bom vaqueiro, que jamais deixaria abandonada ou perdida na vastid\u00e3o dos campos agrestes e secos qualquer r\u00eas confiada aos seus cuidados. Era uma quest\u00e3o de dignidade profissional e verdadeira quest\u00e3o de honra.<\/p>\n<p>A origem hist\u00f3rica dessa atividade e forma de vida tel\u00farica, heroica e integrada \u00e0 natureza integrante da cultura do povo do Nordeste foi muito bem registrada pelo grande soci\u00f3logo Gilberto Freyre, que dizia que os grandes mitos humanos hist\u00f3ricos nordestinos s\u00e3o o jangadeiro do litoral e o vaqueiro do sert\u00e3o.<\/p>\n<p>Ademais, foi e continua sendo cantada em prosa e verso em todo o Nordeste, em especial pelos conhecidos repentistas, poetas e cantores regionais, a exemplo do saudoso Lu\u00eds Gonzaga. E assim, essa valiosa cultura popular e suas curiosas e aventureiras &#8220;est\u00f3rias&#8221; da vida campestre nordestina encontram na pr\u00e1tica da vaquejada uma marca cultural, ao mesmo tempo evocativa e de integra\u00e7\u00e3o social e festa popular participativa, alegre e sustent\u00e1vel, a ser preservada, protegida e estimulada.<\/p>\n<p>Importante destacar que houve nos \u00faltimos anos um forte e ineg\u00e1vel aprimoramento na organiza\u00e7\u00e3o e disciplina para essa pr\u00e1tica desportiva, notadamente no tocante \u00e0 prote\u00e7\u00e3o da sa\u00fade e do bem-estar dos animais envolvidos no desporto \u2013assegurando-se que a integridade f\u00edsica e o bom trato dos animais sejam rigorosamente assegurados em todas as etapas do evento\u2013, bem como a proibi\u00e7\u00e3o de uso de quaisquer instrumentos agressores.<\/p>\n<p>Destarte, v\u00ea-se que vaquejada \u00e9 um espet\u00e1culo esportivo e uma festa de grande atra\u00e7\u00e3o popular t\u00edpica, evidenciando-se assim como mais uma aut\u00eantica express\u00e3o da rica diversifica\u00e7\u00e3o cultural das diversas macrorregi\u00f5es do Brasil e do admir\u00e1vel patrim\u00f4nio cultural nordestino e brasileiro, sendo, portando, digna de receber o est\u00edmulo e a prote\u00e7\u00e3o do Estado.<\/p>\n<p>Com a regulamenta\u00e7\u00e3o da vaquejada como pr\u00e1tica desportiva e cultural pelo STF, qualquer evento precisaria estar devidamente organizado, evitando-se, o descumprimento do dispositivo constitucional que veda (art. 225, par\u00e1grafo 1\u00b0, inciso VII) a submiss\u00e3o dos animais \u00e0 crueldade. Assim, havendo vaquejada na qual os animais eventualmente sofressem maus tratos, estas seriam banidas, merecendo os seus respons\u00e1veis puni\u00e7\u00e3o exemplar.<\/p>\n<p>Todavia, a decis\u00e3o do STF foi no sentido do resultado de uma imposi\u00e7\u00e3o ideol\u00f3gica, pura e simples. A vaquejada foi alvo por ter ficado suficientemente vulner\u00e1vel, e, ainda discriminada por ser uma demonstra\u00e7\u00e3o cultural e esportiva tipicamente do interior nordestino!<\/p>\n","protected":false},"excerpt":{"rendered":"<p>Adalberto Arruda Silva J\u00fanior A tradi\u00e7\u00e3o cultural da vaquejada, como festa popular de grande prefer\u00eancia pela popula\u00e7\u00e3o no Nordeste e que n\u00e3o implica em maus-tratos, tortura ou morte de animais, deveria prevalecer como saud\u00e1vel manifesta\u00e7\u00e3o festiva regional brasileira, que constitui bem cultural popular e hist\u00f3rico j\u00e1 incorporado ao patrim\u00f4nio cultural do povo nordestino. A vaquejada [&hellip;]<\/p>\n","protected":false},"author":2,"featured_media":118461,"comment_status":"open","ping_status":"closed","sticky":false,"template":"","format":"standard","meta":{"_acf_changed":false,"footnotes":""},"categories":[25],"tags":[],"class_list":["post-118460","post","type-post","status-publish","format-standard","has-post-thumbnail","hentry","category-opina-ai"],"acf":[],"yoast_head":"<!-- This site is optimized with the Yoast SEO plugin v27.5 - https:\/\/yoast.com\/product\/yoast-seo-wordpress\/ -->\n<title>Vaquejada \u00e9 ilegal ou uma proibi\u00e7\u00e3o ideol\u00f3gica? - Notibras<\/title>\n<meta name=\"robots\" content=\"index, follow, max-snippet:-1, max-image-preview:large, max-video-preview:-1\" \/>\n<link rel=\"canonical\" href=\"https:\/\/www.notibras.com\/site\/vaquejada-e-ilegal-ou-imposicao-ideologica\/\" \/>\n<meta property=\"og:locale\" content=\"pt_BR\" \/>\n<meta property=\"og:type\" content=\"article\" \/>\n<meta property=\"og:title\" content=\"Vaquejada \u00e9 ilegal ou uma proibi\u00e7\u00e3o ideol\u00f3gica? - Notibras\" \/>\n<meta property=\"og:description\" content=\"Adalberto Arruda Silva J\u00fanior A tradi\u00e7\u00e3o cultural da vaquejada, como festa popular de grande prefer\u00eancia pela popula\u00e7\u00e3o no Nordeste e que n\u00e3o implica em maus-tratos, tortura ou morte de animais, deveria prevalecer como saud\u00e1vel manifesta\u00e7\u00e3o festiva regional brasileira, que constitui bem cultural popular e hist\u00f3rico j\u00e1 incorporado ao patrim\u00f4nio cultural do povo nordestino. A vaquejada [&hellip;]\" \/>\n<meta property=\"og:url\" content=\"https:\/\/www.notibras.com\/site\/vaquejada-e-ilegal-ou-imposicao-ideologica\/\" \/>\n<meta property=\"og:site_name\" content=\"Notibras\" \/>\n<meta property=\"article:publisher\" content=\"https:\/\/www.facebook.com\/notibras\/\" \/>\n<meta property=\"article:published_time\" content=\"2016-10-14T10:27:12+00:00\" \/>\n<meta property=\"article:modified_time\" content=\"2016-10-14T10:29:15+00:00\" \/>\n<meta property=\"og:image\" content=\"https:\/\/www.notibras.com\/site\/wp-content\/uploads\/2016\/10\/gado.jpg\" \/>\n\t<meta property=\"og:image:width\" content=\"1232\" \/>\n\t<meta property=\"og:image:height\" content=\"816\" \/>\n\t<meta property=\"og:image:type\" content=\"image\/jpeg\" \/>\n<meta name=\"author\" content=\"Reda\u00e7\u00e3o\" \/>\n<meta name=\"twitter:card\" content=\"summary_large_image\" \/>\n<meta name=\"twitter:creator\" content=\"@Notibras\" \/>\n<meta name=\"twitter:site\" content=\"@Notibras\" \/>\n<meta name=\"twitter:label1\" content=\"Escrito por\" \/>\n\t<meta name=\"twitter:data1\" content=\"Reda\u00e7\u00e3o\" \/>\n\t<meta name=\"twitter:label2\" content=\"Est. tempo de leitura\" \/>\n\t<meta name=\"twitter:data2\" content=\"4 minutos\" \/>\n<script type=\"application\/ld+json\" class=\"yoast-schema-graph\">{\"@context\":\"https:\\\/\\\/schema.org\",\"@graph\":[{\"@type\":\"Article\",\"@id\":\"https:\\\/\\\/www.notibras.com\\\/site\\\/vaquejada-e-ilegal-ou-imposicao-ideologica\\\/#article\",\"isPartOf\":{\"@id\":\"https:\\\/\\\/www.notibras.com\\\/site\\\/vaquejada-e-ilegal-ou-imposicao-ideologica\\\/\"},\"author\":{\"name\":\"Reda\u00e7\u00e3o\",\"@id\":\"https:\\\/\\\/www.notibras.com\\\/site\\\/#\\\/schema\\\/person\\\/36ab0979449956132d3e5b517ea76ac8\"},\"headline\":\"Vaquejada \u00e9 ilegal ou uma proibi\u00e7\u00e3o ideol\u00f3gica?\",\"datePublished\":\"2016-10-14T10:27:12+00:00\",\"dateModified\":\"2016-10-14T10:29:15+00:00\",\"mainEntityOfPage\":{\"@id\":\"https:\\\/\\\/www.notibras.com\\\/site\\\/vaquejada-e-ilegal-ou-imposicao-ideologica\\\/\"},\"wordCount\":786,\"commentCount\":0,\"publisher\":{\"@id\":\"https:\\\/\\\/www.notibras.com\\\/site\\\/#organization\"},\"image\":{\"@id\":\"https:\\\/\\\/www.notibras.com\\\/site\\\/vaquejada-e-ilegal-ou-imposicao-ideologica\\\/#primaryimage\"},\"thumbnailUrl\":\"https:\\\/\\\/www.notibras.com\\\/site\\\/wp-content\\\/uploads\\\/2016\\\/10\\\/gado.jpg\",\"articleSection\":[\"Opina a\u00ed\"],\"inLanguage\":\"pt-BR\",\"potentialAction\":[{\"@type\":\"CommentAction\",\"name\":\"Comment\",\"target\":[\"https:\\\/\\\/www.notibras.com\\\/site\\\/vaquejada-e-ilegal-ou-imposicao-ideologica\\\/#respond\"]}]},{\"@type\":\"WebPage\",\"@id\":\"https:\\\/\\\/www.notibras.com\\\/site\\\/vaquejada-e-ilegal-ou-imposicao-ideologica\\\/\",\"url\":\"https:\\\/\\\/www.notibras.com\\\/site\\\/vaquejada-e-ilegal-ou-imposicao-ideologica\\\/\",\"name\":\"Vaquejada \u00e9 ilegal ou uma proibi\u00e7\u00e3o ideol\u00f3gica? - Notibras\",\"isPartOf\":{\"@id\":\"https:\\\/\\\/www.notibras.com\\\/site\\\/#website\"},\"primaryImageOfPage\":{\"@id\":\"https:\\\/\\\/www.notibras.com\\\/site\\\/vaquejada-e-ilegal-ou-imposicao-ideologica\\\/#primaryimage\"},\"image\":{\"@id\":\"https:\\\/\\\/www.notibras.com\\\/site\\\/vaquejada-e-ilegal-ou-imposicao-ideologica\\\/#primaryimage\"},\"thumbnailUrl\":\"https:\\\/\\\/www.notibras.com\\\/site\\\/wp-content\\\/uploads\\\/2016\\\/10\\\/gado.jpg\",\"datePublished\":\"2016-10-14T10:27:12+00:00\",\"dateModified\":\"2016-10-14T10:29:15+00:00\",\"breadcrumb\":{\"@id\":\"https:\\\/\\\/www.notibras.com\\\/site\\\/vaquejada-e-ilegal-ou-imposicao-ideologica\\\/#breadcrumb\"},\"inLanguage\":\"pt-BR\",\"potentialAction\":[{\"@type\":\"ReadAction\",\"target\":[\"https:\\\/\\\/www.notibras.com\\\/site\\\/vaquejada-e-ilegal-ou-imposicao-ideologica\\\/\"]}]},{\"@type\":\"ImageObject\",\"inLanguage\":\"pt-BR\",\"@id\":\"https:\\\/\\\/www.notibras.com\\\/site\\\/vaquejada-e-ilegal-ou-imposicao-ideologica\\\/#primaryimage\",\"url\":\"https:\\\/\\\/www.notibras.com\\\/site\\\/wp-content\\\/uploads\\\/2016\\\/10\\\/gado.jpg\",\"contentUrl\":\"https:\\\/\\\/www.notibras.com\\\/site\\\/wp-content\\\/uploads\\\/2016\\\/10\\\/gado.jpg\",\"width\":1232,\"height\":816},{\"@type\":\"BreadcrumbList\",\"@id\":\"https:\\\/\\\/www.notibras.com\\\/site\\\/vaquejada-e-ilegal-ou-imposicao-ideologica\\\/#breadcrumb\",\"itemListElement\":[{\"@type\":\"ListItem\",\"position\":1,\"name\":\"In\u00edcio\",\"item\":\"https:\\\/\\\/www.notibras.com\\\/site\\\/\"},{\"@type\":\"ListItem\",\"position\":2,\"name\":\"Vaquejada \u00e9 ilegal ou uma proibi\u00e7\u00e3o ideol\u00f3gica?\"}]},{\"@type\":\"WebSite\",\"@id\":\"https:\\\/\\\/www.notibras.com\\\/site\\\/#website\",\"url\":\"https:\\\/\\\/www.notibras.com\\\/site\\\/\",\"name\":\"Notibras\",\"description\":\"Not\u00edcias de Bras\u00edlia, do Brasil e do Mundo\",\"publisher\":{\"@id\":\"https:\\\/\\\/www.notibras.com\\\/site\\\/#organization\"},\"potentialAction\":[{\"@type\":\"SearchAction\",\"target\":{\"@type\":\"EntryPoint\",\"urlTemplate\":\"https:\\\/\\\/www.notibras.com\\\/site\\\/?s={search_term_string}\"},\"query-input\":{\"@type\":\"PropertyValueSpecification\",\"valueRequired\":true,\"valueName\":\"search_term_string\"}}],\"inLanguage\":\"pt-BR\"},{\"@type\":\"Organization\",\"@id\":\"https:\\\/\\\/www.notibras.com\\\/site\\\/#organization\",\"name\":\"Grupo Notibras de Comunica\u00e7\u00e3o\",\"url\":\"https:\\\/\\\/www.notibras.com\\\/site\\\/\",\"logo\":{\"@type\":\"ImageObject\",\"inLanguage\":\"pt-BR\",\"@id\":\"https:\\\/\\\/www.notibras.com\\\/site\\\/#\\\/schema\\\/logo\\\/image\\\/\",\"url\":\"https:\\\/\\\/www.notibras.com\\\/site\\\/wp-content\\\/uploads\\\/2023\\\/01\\\/notibras23.png\",\"contentUrl\":\"https:\\\/\\\/www.notibras.com\\\/site\\\/wp-content\\\/uploads\\\/2023\\\/01\\\/notibras23.png\",\"width\":350,\"height\":87,\"caption\":\"Grupo Notibras de Comunica\u00e7\u00e3o\"},\"image\":{\"@id\":\"https:\\\/\\\/www.notibras.com\\\/site\\\/#\\\/schema\\\/logo\\\/image\\\/\"},\"sameAs\":[\"https:\\\/\\\/www.facebook.com\\\/notibras\\\/\",\"https:\\\/\\\/x.com\\\/Notibras\",\"https:\\\/\\\/www.instagram.com\\\/notibras\\\/\"]},{\"@type\":\"Person\",\"@id\":\"https:\\\/\\\/www.notibras.com\\\/site\\\/#\\\/schema\\\/person\\\/36ab0979449956132d3e5b517ea76ac8\",\"name\":\"Reda\u00e7\u00e3o\",\"image\":{\"@type\":\"ImageObject\",\"inLanguage\":\"pt-BR\",\"@id\":\"https:\\\/\\\/secure.gravatar.com\\\/avatar\\\/e0a867bdedb85fd243eadf09663511f96fc81e0720a4a42581f334ad4303aa6b?s=96&d=mm&r=g\",\"url\":\"https:\\\/\\\/secure.gravatar.com\\\/avatar\\\/e0a867bdedb85fd243eadf09663511f96fc81e0720a4a42581f334ad4303aa6b?s=96&d=mm&r=g\",\"contentUrl\":\"https:\\\/\\\/secure.gravatar.com\\\/avatar\\\/e0a867bdedb85fd243eadf09663511f96fc81e0720a4a42581f334ad4303aa6b?s=96&d=mm&r=g\",\"caption\":\"Reda\u00e7\u00e3o\"}}]}<\/script>\n<!-- \/ Yoast SEO plugin. -->","yoast_head_json":{"title":"Vaquejada \u00e9 ilegal ou uma proibi\u00e7\u00e3o ideol\u00f3gica? - Notibras","robots":{"index":"index","follow":"follow","max-snippet":"max-snippet:-1","max-image-preview":"max-image-preview:large","max-video-preview":"max-video-preview:-1"},"canonical":"https:\/\/www.notibras.com\/site\/vaquejada-e-ilegal-ou-imposicao-ideologica\/","og_locale":"pt_BR","og_type":"article","og_title":"Vaquejada \u00e9 ilegal ou uma proibi\u00e7\u00e3o ideol\u00f3gica? - Notibras","og_description":"Adalberto Arruda Silva J\u00fanior A tradi\u00e7\u00e3o cultural da vaquejada, como festa popular de grande prefer\u00eancia pela popula\u00e7\u00e3o no Nordeste e que n\u00e3o implica em maus-tratos, tortura ou morte de animais, deveria prevalecer como saud\u00e1vel manifesta\u00e7\u00e3o festiva regional brasileira, que constitui bem cultural popular e hist\u00f3rico j\u00e1 incorporado ao patrim\u00f4nio cultural do povo nordestino. A vaquejada [&hellip;]","og_url":"https:\/\/www.notibras.com\/site\/vaquejada-e-ilegal-ou-imposicao-ideologica\/","og_site_name":"Notibras","article_publisher":"https:\/\/www.facebook.com\/notibras\/","article_published_time":"2016-10-14T10:27:12+00:00","article_modified_time":"2016-10-14T10:29:15+00:00","og_image":[{"width":1232,"height":816,"url":"https:\/\/www.notibras.com\/site\/wp-content\/uploads\/2016\/10\/gado.jpg","type":"image\/jpeg"}],"author":"Reda\u00e7\u00e3o","twitter_card":"summary_large_image","twitter_creator":"@Notibras","twitter_site":"@Notibras","twitter_misc":{"Escrito por":"Reda\u00e7\u00e3o","Est. tempo de leitura":"4 minutos"},"schema":{"@context":"https:\/\/schema.org","@graph":[{"@type":"Article","@id":"https:\/\/www.notibras.com\/site\/vaquejada-e-ilegal-ou-imposicao-ideologica\/#article","isPartOf":{"@id":"https:\/\/www.notibras.com\/site\/vaquejada-e-ilegal-ou-imposicao-ideologica\/"},"author":{"name":"Reda\u00e7\u00e3o","@id":"https:\/\/www.notibras.com\/site\/#\/schema\/person\/36ab0979449956132d3e5b517ea76ac8"},"headline":"Vaquejada \u00e9 ilegal ou uma proibi\u00e7\u00e3o ideol\u00f3gica?","datePublished":"2016-10-14T10:27:12+00:00","dateModified":"2016-10-14T10:29:15+00:00","mainEntityOfPage":{"@id":"https:\/\/www.notibras.com\/site\/vaquejada-e-ilegal-ou-imposicao-ideologica\/"},"wordCount":786,"commentCount":0,"publisher":{"@id":"https:\/\/www.notibras.com\/site\/#organization"},"image":{"@id":"https:\/\/www.notibras.com\/site\/vaquejada-e-ilegal-ou-imposicao-ideologica\/#primaryimage"},"thumbnailUrl":"https:\/\/www.notibras.com\/site\/wp-content\/uploads\/2016\/10\/gado.jpg","articleSection":["Opina a\u00ed"],"inLanguage":"pt-BR","potentialAction":[{"@type":"CommentAction","name":"Comment","target":["https:\/\/www.notibras.com\/site\/vaquejada-e-ilegal-ou-imposicao-ideologica\/#respond"]}]},{"@type":"WebPage","@id":"https:\/\/www.notibras.com\/site\/vaquejada-e-ilegal-ou-imposicao-ideologica\/","url":"https:\/\/www.notibras.com\/site\/vaquejada-e-ilegal-ou-imposicao-ideologica\/","name":"Vaquejada \u00e9 ilegal ou uma proibi\u00e7\u00e3o ideol\u00f3gica? - Notibras","isPartOf":{"@id":"https:\/\/www.notibras.com\/site\/#website"},"primaryImageOfPage":{"@id":"https:\/\/www.notibras.com\/site\/vaquejada-e-ilegal-ou-imposicao-ideologica\/#primaryimage"},"image":{"@id":"https:\/\/www.notibras.com\/site\/vaquejada-e-ilegal-ou-imposicao-ideologica\/#primaryimage"},"thumbnailUrl":"https:\/\/www.notibras.com\/site\/wp-content\/uploads\/2016\/10\/gado.jpg","datePublished":"2016-10-14T10:27:12+00:00","dateModified":"2016-10-14T10:29:15+00:00","breadcrumb":{"@id":"https:\/\/www.notibras.com\/site\/vaquejada-e-ilegal-ou-imposicao-ideologica\/#breadcrumb"},"inLanguage":"pt-BR","potentialAction":[{"@type":"ReadAction","target":["https:\/\/www.notibras.com\/site\/vaquejada-e-ilegal-ou-imposicao-ideologica\/"]}]},{"@type":"ImageObject","inLanguage":"pt-BR","@id":"https:\/\/www.notibras.com\/site\/vaquejada-e-ilegal-ou-imposicao-ideologica\/#primaryimage","url":"https:\/\/www.notibras.com\/site\/wp-content\/uploads\/2016\/10\/gado.jpg","contentUrl":"https:\/\/www.notibras.com\/site\/wp-content\/uploads\/2016\/10\/gado.jpg","width":1232,"height":816},{"@type":"BreadcrumbList","@id":"https:\/\/www.notibras.com\/site\/vaquejada-e-ilegal-ou-imposicao-ideologica\/#breadcrumb","itemListElement":[{"@type":"ListItem","position":1,"name":"In\u00edcio","item":"https:\/\/www.notibras.com\/site\/"},{"@type":"ListItem","position":2,"name":"Vaquejada \u00e9 ilegal ou uma proibi\u00e7\u00e3o ideol\u00f3gica?"}]},{"@type":"WebSite","@id":"https:\/\/www.notibras.com\/site\/#website","url":"https:\/\/www.notibras.com\/site\/","name":"Notibras","description":"Not\u00edcias de Bras\u00edlia, do Brasil e do Mundo","publisher":{"@id":"https:\/\/www.notibras.com\/site\/#organization"},"potentialAction":[{"@type":"SearchAction","target":{"@type":"EntryPoint","urlTemplate":"https:\/\/www.notibras.com\/site\/?s={search_term_string}"},"query-input":{"@type":"PropertyValueSpecification","valueRequired":true,"valueName":"search_term_string"}}],"inLanguage":"pt-BR"},{"@type":"Organization","@id":"https:\/\/www.notibras.com\/site\/#organization","name":"Grupo Notibras de Comunica\u00e7\u00e3o","url":"https:\/\/www.notibras.com\/site\/","logo":{"@type":"ImageObject","inLanguage":"pt-BR","@id":"https:\/\/www.notibras.com\/site\/#\/schema\/logo\/image\/","url":"https:\/\/www.notibras.com\/site\/wp-content\/uploads\/2023\/01\/notibras23.png","contentUrl":"https:\/\/www.notibras.com\/site\/wp-content\/uploads\/2023\/01\/notibras23.png","width":350,"height":87,"caption":"Grupo Notibras de Comunica\u00e7\u00e3o"},"image":{"@id":"https:\/\/www.notibras.com\/site\/#\/schema\/logo\/image\/"},"sameAs":["https:\/\/www.facebook.com\/notibras\/","https:\/\/x.com\/Notibras","https:\/\/www.instagram.com\/notibras\/"]},{"@type":"Person","@id":"https:\/\/www.notibras.com\/site\/#\/schema\/person\/36ab0979449956132d3e5b517ea76ac8","name":"Reda\u00e7\u00e3o","image":{"@type":"ImageObject","inLanguage":"pt-BR","@id":"https:\/\/secure.gravatar.com\/avatar\/e0a867bdedb85fd243eadf09663511f96fc81e0720a4a42581f334ad4303aa6b?s=96&d=mm&r=g","url":"https:\/\/secure.gravatar.com\/avatar\/e0a867bdedb85fd243eadf09663511f96fc81e0720a4a42581f334ad4303aa6b?s=96&d=mm&r=g","contentUrl":"https:\/\/secure.gravatar.com\/avatar\/e0a867bdedb85fd243eadf09663511f96fc81e0720a4a42581f334ad4303aa6b?s=96&d=mm&r=g","caption":"Reda\u00e7\u00e3o"}}]}},"amp_enabled":true,"_links":{"self":[{"href":"https:\/\/www.notibras.com\/site\/wp-json\/wp\/v2\/posts\/118460","targetHints":{"allow":["GET"]}}],"collection":[{"href":"https:\/\/www.notibras.com\/site\/wp-json\/wp\/v2\/posts"}],"about":[{"href":"https:\/\/www.notibras.com\/site\/wp-json\/wp\/v2\/types\/post"}],"author":[{"embeddable":true,"href":"https:\/\/www.notibras.com\/site\/wp-json\/wp\/v2\/users\/2"}],"replies":[{"embeddable":true,"href":"https:\/\/www.notibras.com\/site\/wp-json\/wp\/v2\/comments?post=118460"}],"version-history":[{"count":2,"href":"https:\/\/www.notibras.com\/site\/wp-json\/wp\/v2\/posts\/118460\/revisions"}],"predecessor-version":[{"id":118463,"href":"https:\/\/www.notibras.com\/site\/wp-json\/wp\/v2\/posts\/118460\/revisions\/118463"}],"wp:featuredmedia":[{"embeddable":true,"href":"https:\/\/www.notibras.com\/site\/wp-json\/wp\/v2\/media\/118461"}],"wp:attachment":[{"href":"https:\/\/www.notibras.com\/site\/wp-json\/wp\/v2\/media?parent=118460"}],"wp:term":[{"taxonomy":"category","embeddable":true,"href":"https:\/\/www.notibras.com\/site\/wp-json\/wp\/v2\/categories?post=118460"},{"taxonomy":"post_tag","embeddable":true,"href":"https:\/\/www.notibras.com\/site\/wp-json\/wp\/v2\/tags?post=118460"}],"curies":[{"name":"wp","href":"https:\/\/api.w.org\/{rel}","templated":true}]}}