{"id":118654,"date":"2016-10-16T09:55:12","date_gmt":"2016-10-16T11:55:12","guid":{"rendered":"http:\/\/www.notibras.com\/site\/?p=118654"},"modified":"2016-10-16T09:55:12","modified_gmt":"2016-10-16T11:55:12","slug":"fmi-manda-temer-arrochar-os-trabalhadores","status":"publish","type":"post","link":"https:\/\/www.notibras.com\/site\/fmi-manda-temer-arrochar-os-trabalhadores\/","title":{"rendered":"FMI manda Temer arrochar os trabalhadores"},"content":{"rendered":"<p><strong>Altamiro Borges<\/strong><\/p>\n<p>Pelo jeito, uma antiga palavra de ordem dos movimentos sociais brasileiros ser\u00e1 retomada em breve: \u201cFora daqui, o FMI\u201d. No triste reinado do tucano FHC, o Brasil firmou tr\u00eas acordos com o Fundo Monet\u00e1rio Internacional e seus algozes impuseram o receitu\u00e1rio neoliberal de desmonte do Estado, da na\u00e7\u00e3o e do trabalho. Com a vit\u00f3ria de Lula em 2002, um novo ciclo politico se iniciou no pa\u00eds e a submiss\u00e3o ao \u00f3rg\u00e3o foi superada, inclusive com o pagamento de antigas d\u00edvidas. O slogan perdeu o sentido. Agora, por\u00e9m, o covil golpista de Michel Temer retoma a rela\u00e7\u00e3o servil com o FMI, que j\u00e1 passa a dar ordens sobre os rumos da economia \u2013 logicamente visando beneficiar os banqueiros e ferrar os trabalhadores.<\/p>\n<p>Nesta semana, a m\u00eddia rentista deu destaque \u00e0s arrogantes \u201crecomenda\u00e7\u00f5es\u201d desta m\u00e1fia financeira. Segundo mat\u00e9ria da Folha, \u201co fundo considera \u2018imperativo\u2019 e \u2018bem-vindo\u2019 que o governo mantenha o foco no controle fiscal. Para recuperar a \u2018sustentabilidade fiscal\u2019, afirma, as medidas fundamentais s\u00e3o a reforma da Previd\u00eancia, a conten\u00e7\u00e3o das d\u00edvidas dos Estados, a flexibiliza\u00e7\u00e3o dos planos or\u00e7ament\u00e1rios e a efici\u00eancia nos gastos, al\u00e9m da revis\u00e3o da indexa\u00e7\u00e3o ao sal\u00e1rio m\u00ednimo\u201d. Ou seja: austeridade fiscal, para garantir mais grana aos banqueiros, e corte dos direitos trabalhistas e previdenci\u00e1rios, para estimular ainda mais as pr\u00e1ticas predat\u00f3rias dos capitalistas.<\/p>\n<p>Com sua costumeira arrog\u00e2ncia, o FMI afirma que \u201ca f\u00f3rmula para os ajustes do sal\u00e1rio m\u00ednimo afeta o crescimento das aposentadorias e outros benef\u00edcios e, portanto, \u00e9 uma grande fonte de press\u00e3o no m\u00e9dio prazo\u2026 A liga\u00e7\u00e3o entre benef\u00edcios sociais e o sal\u00e1rio m\u00ednimo merece ser revista\u201d. A m\u00e1fia rentista ainda ordena que o capacho Michel Temer seja cauteloso com a redu\u00e7\u00e3o dos juros, aconselhando que \u201ca pol\u00edtica monet\u00e1ria deve continuar r\u00edgida at\u00e9 que as expectativas de infla\u00e7\u00e3o convirjam \u2018mais claramente\u2019 para o centro da meta\u201d. Por fim o documento recomenda \u201cuma nova pol\u00edtica de concess\u00f5es, a abertura da economia, a reforma trabalhista e a simplifica\u00e7\u00e3o tribut\u00e1ria\u201d.<\/p>\n<p>Os banqueiros incentivaram o \u201cgolpe dos corruptos\u201d que dep\u00f4s a presidenta Dilma. Eles nunca engoliram as ousadas iniciativas da sua primeira gest\u00e3o, como o corte dos juros e a amplia\u00e7\u00e3o do cr\u00e9dito dos bancos p\u00fablicos. Consideraram que elas \u201cquebraram a confian\u00e7a do mercado\u201d. Por isto, investiram na desestabiliza\u00e7\u00e3o da economia e na ingovernabilidade pol\u00edtica, for\u00e7ando inclusive o governo a recuar. Agora, com a chegada ao poder do usurpador Michel Temer, eles apostam que ter\u00e3o seus privil\u00e9gios e lucros garantidos. O FMI, o antro do capital financeiro internacional, est\u00e1 animado com os \u201csinais preliminares\u201d do governo golpista e at\u00e9 difunde a ideia de que \u201ca recess\u00e3o no Brasil est\u00e1 perto do fim\u201d. Pura balela!<\/p>\n<p>Esta troca de afagos, por\u00e9m, pode ser moment\u00e2nea. As \u201crecomenda\u00e7\u00f5es\u201d divulgadas nesta semana s\u00e3o, na verdade, ordens expressas ao Judas Michel Temer. O seu tempo de dura\u00e7\u00e3o \u00e9 curto. Ou ele aplica de imediato as \u201cmedidas amargas\u201d, ou tamb\u00e9m ser\u00e1 fritado. O problema \u00e9 que as tais \u201crecomenda\u00e7\u00f5es\u201d devem acirrar o conflito social no pa\u00eds. O trabalhador n\u00e3o vai aceitar passivamente pagar o pato da crise. Nas ruas, al\u00e9m da palavra de ordem do \u201cFora Temer\u201d, outra ganhar\u00e1 peso: \u201cFora daqui, o FMI\u201d.<\/p>\n","protected":false},"excerpt":{"rendered":"<p>Altamiro Borges Pelo jeito, uma antiga palavra de ordem dos movimentos sociais brasileiros ser\u00e1 retomada em breve: \u201cFora daqui, o FMI\u201d. No triste reinado do tucano FHC, o Brasil firmou tr\u00eas acordos com o Fundo Monet\u00e1rio Internacional e seus algozes impuseram o receitu\u00e1rio neoliberal de desmonte do Estado, da na\u00e7\u00e3o e do trabalho. Com a [&hellip;]<\/p>\n","protected":false},"author":2,"featured_media":118655,"comment_status":"open","ping_status":"closed","sticky":false,"template":"","format":"standard","meta":{"_acf_changed":false,"footnotes":""},"categories":[25],"tags":[],"class_list":["post-118654","post","type-post","status-publish","format-standard","has-post-thumbnail","hentry","category-opina-ai"],"acf":[],"yoast_head":"<!-- This site is optimized with the Yoast SEO plugin v27.5 - https:\/\/yoast.com\/product\/yoast-seo-wordpress\/ -->\n<title>FMI manda Temer arrochar os trabalhadores - Notibras<\/title>\n<meta name=\"robots\" content=\"index, follow, max-snippet:-1, max-image-preview:large, max-video-preview:-1\" \/>\n<link rel=\"canonical\" href=\"https:\/\/www.notibras.com\/site\/fmi-manda-temer-arrochar-os-trabalhadores\/\" \/>\n<meta property=\"og:locale\" content=\"pt_BR\" \/>\n<meta property=\"og:type\" content=\"article\" \/>\n<meta property=\"og:title\" content=\"FMI manda Temer arrochar os trabalhadores - Notibras\" \/>\n<meta property=\"og:description\" content=\"Altamiro Borges Pelo jeito, uma antiga palavra de ordem dos movimentos sociais brasileiros ser\u00e1 retomada em breve: \u201cFora daqui, o FMI\u201d. No triste reinado do tucano FHC, o Brasil firmou tr\u00eas acordos com o Fundo Monet\u00e1rio Internacional e seus algozes impuseram o receitu\u00e1rio neoliberal de desmonte do Estado, da na\u00e7\u00e3o e do trabalho. Com a [&hellip;]\" \/>\n<meta property=\"og:url\" content=\"https:\/\/www.notibras.com\/site\/fmi-manda-temer-arrochar-os-trabalhadores\/\" \/>\n<meta property=\"og:site_name\" content=\"Notibras\" \/>\n<meta property=\"article:publisher\" content=\"https:\/\/www.facebook.com\/notibras\/\" \/>\n<meta property=\"article:published_time\" content=\"2016-10-16T11:55:12+00:00\" \/>\n<meta property=\"og:image\" content=\"https:\/\/www.notibras.com\/site\/wp-content\/uploads\/2016\/10\/seguro-desemprego.jpg\" \/>\n\t<meta property=\"og:image:width\" content=\"810\" \/>\n\t<meta property=\"og:image:height\" content=\"455\" \/>\n\t<meta property=\"og:image:type\" content=\"image\/jpeg\" \/>\n<meta name=\"author\" content=\"Reda\u00e7\u00e3o\" \/>\n<meta name=\"twitter:card\" content=\"summary_large_image\" \/>\n<meta name=\"twitter:creator\" content=\"@Notibras\" \/>\n<meta name=\"twitter:site\" content=\"@Notibras\" \/>\n<meta name=\"twitter:label1\" content=\"Escrito por\" \/>\n\t<meta name=\"twitter:data1\" content=\"Reda\u00e7\u00e3o\" \/>\n\t<meta name=\"twitter:label2\" content=\"Est. tempo de leitura\" \/>\n\t<meta name=\"twitter:data2\" content=\"3 minutos\" \/>\n<script type=\"application\/ld+json\" class=\"yoast-schema-graph\">{\"@context\":\"https:\\\/\\\/schema.org\",\"@graph\":[{\"@type\":\"Article\",\"@id\":\"https:\\\/\\\/www.notibras.com\\\/site\\\/fmi-manda-temer-arrochar-os-trabalhadores\\\/#article\",\"isPartOf\":{\"@id\":\"https:\\\/\\\/www.notibras.com\\\/site\\\/fmi-manda-temer-arrochar-os-trabalhadores\\\/\"},\"author\":{\"name\":\"Reda\u00e7\u00e3o\",\"@id\":\"https:\\\/\\\/www.notibras.com\\\/site\\\/#\\\/schema\\\/person\\\/36ab0979449956132d3e5b517ea76ac8\"},\"headline\":\"FMI manda Temer arrochar os trabalhadores\",\"datePublished\":\"2016-10-16T11:55:12+00:00\",\"mainEntityOfPage\":{\"@id\":\"https:\\\/\\\/www.notibras.com\\\/site\\\/fmi-manda-temer-arrochar-os-trabalhadores\\\/\"},\"wordCount\":597,\"commentCount\":0,\"publisher\":{\"@id\":\"https:\\\/\\\/www.notibras.com\\\/site\\\/#organization\"},\"image\":{\"@id\":\"https:\\\/\\\/www.notibras.com\\\/site\\\/fmi-manda-temer-arrochar-os-trabalhadores\\\/#primaryimage\"},\"thumbnailUrl\":\"https:\\\/\\\/www.notibras.com\\\/site\\\/wp-content\\\/uploads\\\/2016\\\/10\\\/seguro-desemprego.jpg\",\"articleSection\":[\"Opina a\u00ed\"],\"inLanguage\":\"pt-BR\",\"potentialAction\":[{\"@type\":\"CommentAction\",\"name\":\"Comment\",\"target\":[\"https:\\\/\\\/www.notibras.com\\\/site\\\/fmi-manda-temer-arrochar-os-trabalhadores\\\/#respond\"]}]},{\"@type\":\"WebPage\",\"@id\":\"https:\\\/\\\/www.notibras.com\\\/site\\\/fmi-manda-temer-arrochar-os-trabalhadores\\\/\",\"url\":\"https:\\\/\\\/www.notibras.com\\\/site\\\/fmi-manda-temer-arrochar-os-trabalhadores\\\/\",\"name\":\"FMI manda Temer arrochar os trabalhadores - Notibras\",\"isPartOf\":{\"@id\":\"https:\\\/\\\/www.notibras.com\\\/site\\\/#website\"},\"primaryImageOfPage\":{\"@id\":\"https:\\\/\\\/www.notibras.com\\\/site\\\/fmi-manda-temer-arrochar-os-trabalhadores\\\/#primaryimage\"},\"image\":{\"@id\":\"https:\\\/\\\/www.notibras.com\\\/site\\\/fmi-manda-temer-arrochar-os-trabalhadores\\\/#primaryimage\"},\"thumbnailUrl\":\"https:\\\/\\\/www.notibras.com\\\/site\\\/wp-content\\\/uploads\\\/2016\\\/10\\\/seguro-desemprego.jpg\",\"datePublished\":\"2016-10-16T11:55:12+00:00\",\"breadcrumb\":{\"@id\":\"https:\\\/\\\/www.notibras.com\\\/site\\\/fmi-manda-temer-arrochar-os-trabalhadores\\\/#breadcrumb\"},\"inLanguage\":\"pt-BR\",\"potentialAction\":[{\"@type\":\"ReadAction\",\"target\":[\"https:\\\/\\\/www.notibras.com\\\/site\\\/fmi-manda-temer-arrochar-os-trabalhadores\\\/\"]}]},{\"@type\":\"ImageObject\",\"inLanguage\":\"pt-BR\",\"@id\":\"https:\\\/\\\/www.notibras.com\\\/site\\\/fmi-manda-temer-arrochar-os-trabalhadores\\\/#primaryimage\",\"url\":\"https:\\\/\\\/www.notibras.com\\\/site\\\/wp-content\\\/uploads\\\/2016\\\/10\\\/seguro-desemprego.jpg\",\"contentUrl\":\"https:\\\/\\\/www.notibras.com\\\/site\\\/wp-content\\\/uploads\\\/2016\\\/10\\\/seguro-desemprego.jpg\",\"width\":810,\"height\":455},{\"@type\":\"BreadcrumbList\",\"@id\":\"https:\\\/\\\/www.notibras.com\\\/site\\\/fmi-manda-temer-arrochar-os-trabalhadores\\\/#breadcrumb\",\"itemListElement\":[{\"@type\":\"ListItem\",\"position\":1,\"name\":\"In\u00edcio\",\"item\":\"https:\\\/\\\/www.notibras.com\\\/site\\\/\"},{\"@type\":\"ListItem\",\"position\":2,\"name\":\"FMI manda Temer arrochar os trabalhadores\"}]},{\"@type\":\"WebSite\",\"@id\":\"https:\\\/\\\/www.notibras.com\\\/site\\\/#website\",\"url\":\"https:\\\/\\\/www.notibras.com\\\/site\\\/\",\"name\":\"Notibras\",\"description\":\"Not\u00edcias de Bras\u00edlia, do Brasil e do Mundo\",\"publisher\":{\"@id\":\"https:\\\/\\\/www.notibras.com\\\/site\\\/#organization\"},\"potentialAction\":[{\"@type\":\"SearchAction\",\"target\":{\"@type\":\"EntryPoint\",\"urlTemplate\":\"https:\\\/\\\/www.notibras.com\\\/site\\\/?s={search_term_string}\"},\"query-input\":{\"@type\":\"PropertyValueSpecification\",\"valueRequired\":true,\"valueName\":\"search_term_string\"}}],\"inLanguage\":\"pt-BR\"},{\"@type\":\"Organization\",\"@id\":\"https:\\\/\\\/www.notibras.com\\\/site\\\/#organization\",\"name\":\"Grupo Notibras de Comunica\u00e7\u00e3o\",\"url\":\"https:\\\/\\\/www.notibras.com\\\/site\\\/\",\"logo\":{\"@type\":\"ImageObject\",\"inLanguage\":\"pt-BR\",\"@id\":\"https:\\\/\\\/www.notibras.com\\\/site\\\/#\\\/schema\\\/logo\\\/image\\\/\",\"url\":\"https:\\\/\\\/www.notibras.com\\\/site\\\/wp-content\\\/uploads\\\/2023\\\/01\\\/notibras23.png\",\"contentUrl\":\"https:\\\/\\\/www.notibras.com\\\/site\\\/wp-content\\\/uploads\\\/2023\\\/01\\\/notibras23.png\",\"width\":350,\"height\":87,\"caption\":\"Grupo Notibras de Comunica\u00e7\u00e3o\"},\"image\":{\"@id\":\"https:\\\/\\\/www.notibras.com\\\/site\\\/#\\\/schema\\\/logo\\\/image\\\/\"},\"sameAs\":[\"https:\\\/\\\/www.facebook.com\\\/notibras\\\/\",\"https:\\\/\\\/x.com\\\/Notibras\",\"https:\\\/\\\/www.instagram.com\\\/notibras\\\/\"]},{\"@type\":\"Person\",\"@id\":\"https:\\\/\\\/www.notibras.com\\\/site\\\/#\\\/schema\\\/person\\\/36ab0979449956132d3e5b517ea76ac8\",\"name\":\"Reda\u00e7\u00e3o\",\"image\":{\"@type\":\"ImageObject\",\"inLanguage\":\"pt-BR\",\"@id\":\"https:\\\/\\\/secure.gravatar.com\\\/avatar\\\/e0a867bdedb85fd243eadf09663511f96fc81e0720a4a42581f334ad4303aa6b?s=96&d=mm&r=g\",\"url\":\"https:\\\/\\\/secure.gravatar.com\\\/avatar\\\/e0a867bdedb85fd243eadf09663511f96fc81e0720a4a42581f334ad4303aa6b?s=96&d=mm&r=g\",\"contentUrl\":\"https:\\\/\\\/secure.gravatar.com\\\/avatar\\\/e0a867bdedb85fd243eadf09663511f96fc81e0720a4a42581f334ad4303aa6b?s=96&d=mm&r=g\",\"caption\":\"Reda\u00e7\u00e3o\"}}]}<\/script>\n<!-- \/ Yoast SEO plugin. -->","yoast_head_json":{"title":"FMI manda Temer arrochar os trabalhadores - Notibras","robots":{"index":"index","follow":"follow","max-snippet":"max-snippet:-1","max-image-preview":"max-image-preview:large","max-video-preview":"max-video-preview:-1"},"canonical":"https:\/\/www.notibras.com\/site\/fmi-manda-temer-arrochar-os-trabalhadores\/","og_locale":"pt_BR","og_type":"article","og_title":"FMI manda Temer arrochar os trabalhadores - Notibras","og_description":"Altamiro Borges Pelo jeito, uma antiga palavra de ordem dos movimentos sociais brasileiros ser\u00e1 retomada em breve: \u201cFora daqui, o FMI\u201d. No triste reinado do tucano FHC, o Brasil firmou tr\u00eas acordos com o Fundo Monet\u00e1rio Internacional e seus algozes impuseram o receitu\u00e1rio neoliberal de desmonte do Estado, da na\u00e7\u00e3o e do trabalho. Com a [&hellip;]","og_url":"https:\/\/www.notibras.com\/site\/fmi-manda-temer-arrochar-os-trabalhadores\/","og_site_name":"Notibras","article_publisher":"https:\/\/www.facebook.com\/notibras\/","article_published_time":"2016-10-16T11:55:12+00:00","og_image":[{"width":810,"height":455,"url":"https:\/\/www.notibras.com\/site\/wp-content\/uploads\/2016\/10\/seguro-desemprego.jpg","type":"image\/jpeg"}],"author":"Reda\u00e7\u00e3o","twitter_card":"summary_large_image","twitter_creator":"@Notibras","twitter_site":"@Notibras","twitter_misc":{"Escrito por":"Reda\u00e7\u00e3o","Est. tempo de leitura":"3 minutos"},"schema":{"@context":"https:\/\/schema.org","@graph":[{"@type":"Article","@id":"https:\/\/www.notibras.com\/site\/fmi-manda-temer-arrochar-os-trabalhadores\/#article","isPartOf":{"@id":"https:\/\/www.notibras.com\/site\/fmi-manda-temer-arrochar-os-trabalhadores\/"},"author":{"name":"Reda\u00e7\u00e3o","@id":"https:\/\/www.notibras.com\/site\/#\/schema\/person\/36ab0979449956132d3e5b517ea76ac8"},"headline":"FMI manda Temer arrochar os trabalhadores","datePublished":"2016-10-16T11:55:12+00:00","mainEntityOfPage":{"@id":"https:\/\/www.notibras.com\/site\/fmi-manda-temer-arrochar-os-trabalhadores\/"},"wordCount":597,"commentCount":0,"publisher":{"@id":"https:\/\/www.notibras.com\/site\/#organization"},"image":{"@id":"https:\/\/www.notibras.com\/site\/fmi-manda-temer-arrochar-os-trabalhadores\/#primaryimage"},"thumbnailUrl":"https:\/\/www.notibras.com\/site\/wp-content\/uploads\/2016\/10\/seguro-desemprego.jpg","articleSection":["Opina a\u00ed"],"inLanguage":"pt-BR","potentialAction":[{"@type":"CommentAction","name":"Comment","target":["https:\/\/www.notibras.com\/site\/fmi-manda-temer-arrochar-os-trabalhadores\/#respond"]}]},{"@type":"WebPage","@id":"https:\/\/www.notibras.com\/site\/fmi-manda-temer-arrochar-os-trabalhadores\/","url":"https:\/\/www.notibras.com\/site\/fmi-manda-temer-arrochar-os-trabalhadores\/","name":"FMI manda Temer arrochar os trabalhadores - Notibras","isPartOf":{"@id":"https:\/\/www.notibras.com\/site\/#website"},"primaryImageOfPage":{"@id":"https:\/\/www.notibras.com\/site\/fmi-manda-temer-arrochar-os-trabalhadores\/#primaryimage"},"image":{"@id":"https:\/\/www.notibras.com\/site\/fmi-manda-temer-arrochar-os-trabalhadores\/#primaryimage"},"thumbnailUrl":"https:\/\/www.notibras.com\/site\/wp-content\/uploads\/2016\/10\/seguro-desemprego.jpg","datePublished":"2016-10-16T11:55:12+00:00","breadcrumb":{"@id":"https:\/\/www.notibras.com\/site\/fmi-manda-temer-arrochar-os-trabalhadores\/#breadcrumb"},"inLanguage":"pt-BR","potentialAction":[{"@type":"ReadAction","target":["https:\/\/www.notibras.com\/site\/fmi-manda-temer-arrochar-os-trabalhadores\/"]}]},{"@type":"ImageObject","inLanguage":"pt-BR","@id":"https:\/\/www.notibras.com\/site\/fmi-manda-temer-arrochar-os-trabalhadores\/#primaryimage","url":"https:\/\/www.notibras.com\/site\/wp-content\/uploads\/2016\/10\/seguro-desemprego.jpg","contentUrl":"https:\/\/www.notibras.com\/site\/wp-content\/uploads\/2016\/10\/seguro-desemprego.jpg","width":810,"height":455},{"@type":"BreadcrumbList","@id":"https:\/\/www.notibras.com\/site\/fmi-manda-temer-arrochar-os-trabalhadores\/#breadcrumb","itemListElement":[{"@type":"ListItem","position":1,"name":"In\u00edcio","item":"https:\/\/www.notibras.com\/site\/"},{"@type":"ListItem","position":2,"name":"FMI manda Temer arrochar os trabalhadores"}]},{"@type":"WebSite","@id":"https:\/\/www.notibras.com\/site\/#website","url":"https:\/\/www.notibras.com\/site\/","name":"Notibras","description":"Not\u00edcias de Bras\u00edlia, do Brasil e do Mundo","publisher":{"@id":"https:\/\/www.notibras.com\/site\/#organization"},"potentialAction":[{"@type":"SearchAction","target":{"@type":"EntryPoint","urlTemplate":"https:\/\/www.notibras.com\/site\/?s={search_term_string}"},"query-input":{"@type":"PropertyValueSpecification","valueRequired":true,"valueName":"search_term_string"}}],"inLanguage":"pt-BR"},{"@type":"Organization","@id":"https:\/\/www.notibras.com\/site\/#organization","name":"Grupo Notibras de Comunica\u00e7\u00e3o","url":"https:\/\/www.notibras.com\/site\/","logo":{"@type":"ImageObject","inLanguage":"pt-BR","@id":"https:\/\/www.notibras.com\/site\/#\/schema\/logo\/image\/","url":"https:\/\/www.notibras.com\/site\/wp-content\/uploads\/2023\/01\/notibras23.png","contentUrl":"https:\/\/www.notibras.com\/site\/wp-content\/uploads\/2023\/01\/notibras23.png","width":350,"height":87,"caption":"Grupo Notibras de Comunica\u00e7\u00e3o"},"image":{"@id":"https:\/\/www.notibras.com\/site\/#\/schema\/logo\/image\/"},"sameAs":["https:\/\/www.facebook.com\/notibras\/","https:\/\/x.com\/Notibras","https:\/\/www.instagram.com\/notibras\/"]},{"@type":"Person","@id":"https:\/\/www.notibras.com\/site\/#\/schema\/person\/36ab0979449956132d3e5b517ea76ac8","name":"Reda\u00e7\u00e3o","image":{"@type":"ImageObject","inLanguage":"pt-BR","@id":"https:\/\/secure.gravatar.com\/avatar\/e0a867bdedb85fd243eadf09663511f96fc81e0720a4a42581f334ad4303aa6b?s=96&d=mm&r=g","url":"https:\/\/secure.gravatar.com\/avatar\/e0a867bdedb85fd243eadf09663511f96fc81e0720a4a42581f334ad4303aa6b?s=96&d=mm&r=g","contentUrl":"https:\/\/secure.gravatar.com\/avatar\/e0a867bdedb85fd243eadf09663511f96fc81e0720a4a42581f334ad4303aa6b?s=96&d=mm&r=g","caption":"Reda\u00e7\u00e3o"}}]}},"amp_enabled":true,"_links":{"self":[{"href":"https:\/\/www.notibras.com\/site\/wp-json\/wp\/v2\/posts\/118654","targetHints":{"allow":["GET"]}}],"collection":[{"href":"https:\/\/www.notibras.com\/site\/wp-json\/wp\/v2\/posts"}],"about":[{"href":"https:\/\/www.notibras.com\/site\/wp-json\/wp\/v2\/types\/post"}],"author":[{"embeddable":true,"href":"https:\/\/www.notibras.com\/site\/wp-json\/wp\/v2\/users\/2"}],"replies":[{"embeddable":true,"href":"https:\/\/www.notibras.com\/site\/wp-json\/wp\/v2\/comments?post=118654"}],"version-history":[{"count":1,"href":"https:\/\/www.notibras.com\/site\/wp-json\/wp\/v2\/posts\/118654\/revisions"}],"predecessor-version":[{"id":118656,"href":"https:\/\/www.notibras.com\/site\/wp-json\/wp\/v2\/posts\/118654\/revisions\/118656"}],"wp:featuredmedia":[{"embeddable":true,"href":"https:\/\/www.notibras.com\/site\/wp-json\/wp\/v2\/media\/118655"}],"wp:attachment":[{"href":"https:\/\/www.notibras.com\/site\/wp-json\/wp\/v2\/media?parent=118654"}],"wp:term":[{"taxonomy":"category","embeddable":true,"href":"https:\/\/www.notibras.com\/site\/wp-json\/wp\/v2\/categories?post=118654"},{"taxonomy":"post_tag","embeddable":true,"href":"https:\/\/www.notibras.com\/site\/wp-json\/wp\/v2\/tags?post=118654"}],"curies":[{"name":"wp","href":"https:\/\/api.w.org\/{rel}","templated":true}]}}