{"id":118754,"date":"2016-10-17T09:47:31","date_gmt":"2016-10-17T11:47:31","guid":{"rendered":"http:\/\/www.notibras.com\/site\/?p=118754"},"modified":"2016-10-17T09:47:31","modified_gmt":"2016-10-17T11:47:31","slug":"midia-classe-media-e-o-voto-do-eleitor-conservador","status":"publish","type":"post","link":"https:\/\/www.notibras.com\/site\/midia-classe-media-e-o-voto-do-eleitor-conservador\/","title":{"rendered":"M\u00eddia, classe m\u00e9dia e o voto do eleitor conservador"},"content":{"rendered":"<p><strong>Emir Sader<\/strong><\/p>\n<p>Uma das caracter\u00edsticas pol\u00edticas do Brasil nos \u00faltimos anos tem sido a polaridade entre a vota\u00e7\u00e3o nas regi\u00f5es em que o papel dos meios de comunica\u00e7\u00e3o \u00e9 determinante \u2013 de que as grandes cidades do Centro-Sul \u00e9 o melhor exemplo \u2013 e aquelas em que a melhoria das condi\u00e7\u00f5es de vida da popula\u00e7\u00e3o \u00e9 determinante \u2013 como no Nordeste do pa\u00eds \u2013 e anula o efeito da imprensa. Foi assim, caracteristicamente, na reelei\u00e7\u00e3o da Dilma, em 2014, quando ela foi amplamente derrotada no Centro-Sul \u2013 com a grande e decisiva exce\u00e7\u00e3o de Minas Gerais onde, ainda assim, foi derrotada em Belo Horizonte \u2013, mas triunfou, sempre com mais de 70%, no Nordeste do Brasil.<\/p>\n<p>Esse car\u00e1ter conversador do voto nas grandes metr\u00f3poles \u00e9 caracter\u00edstico do mundo contempor\u00e2neo, tanto na Am\u00e9rica Latina, como na Europa. S\u00e3o lugares em que n\u00e3o apenas o peso da m\u00eddia \u00e9 mais importante, como tamb\u00e9m a for\u00e7a da classe m\u00e9dia na forma\u00e7\u00e3o da opini\u00e3o p\u00fablica \u00e9 maior que em outras regi\u00f5es dos pa\u00edses. E uma classe m\u00e9dia que tem abrigado no seu seio tanto correntes muito conservadoras, como tamb\u00e9m setores que assumem posi\u00e7\u00f5es de extrema-direita, de intoler\u00e2ncia com a diversidade de opini\u00f5es, de racismo e de machismo marcantes. E o fazem com estardalha\u00e7o, contaminando a percep\u00e7\u00e3o das posi\u00e7\u00f5es do conjunto da sociedade.<\/p>\n<p>As elei\u00e7\u00f5es municipais de quatro anos atr\u00e1s revelaram com clareza esse fen\u00f4meno, com resultados muito favor\u00e1veis \u00e0 direita, que n\u00e3o apareceram t\u00e3o claramente, pela vit\u00f3ria de Haddad em S\u00e3o Paulo, um fen\u00f4meno na contram\u00e3o das tend\u00eancias predominantes. Os resultados no Rio de Janeiro, em Belo Horizonte, em Porto Alegre, em Salvador, em Fortaleza, em Bel\u00e9m, em Manaus, entre outros, definiram essa tend\u00eancia geral, que agora volta a se expressar.<\/p>\n<p>Os resultados do primeiro turno das elei\u00e7\u00f5es municipais deste ano confirmam esse cen\u00e1rio e essa tend\u00eancia. Antes de tudo, pela vit\u00f3ria do candidato tucano, Jo\u00e3o Doria, em S\u00e3o Paulo, impedindo a reelei\u00e7\u00e3o de Fernando Haddad, apesar do excelente mandato do atual prefeito. \u00c9 a express\u00e3o mais categ\u00f3rica dessa tend\u00eancia. A direita acabou concentrando seus votos em Doria e impediu, pela terceira vez, que o PT pudesse reeleger o seu prefeito.<\/p>\n<p>Em cidades como Salvador, o prefeito de direita conseguiu se reeleger no primeiro turno. Em outras cidades importantes, como Belo Horizonte, Curitiba, Porto Alegre, foram para o segundo turno somente candidatos de direita. Mesmo onde a esquerda chegou ao segundo turno, como no Rio de Janeiro, Recife e Bel\u00e9m, chegou em segundo lugar, \u00e0s vezes em duras disputas com os que ficaram para tr\u00e1s, enfrentando vantagens substanciais do candidato da direita que liderou o primeiro turno.<\/p>\n<p>No Rio, Freixo teve vota\u00e7\u00e3o mais de 10 pontos inferior da obtida h\u00e1 quatro anos, contou com o voto \u00fatil para chegar ao segundo turno e o Psol ainda perdeu um vereador na C\u00e2mara.<\/p>\n<p>Em suma, o monop\u00f3lio dos meios de comunica\u00e7\u00e3o, que tanto mal tem provocado \u00e0 democracia brasileira, tem seus efeitos concentrados sobre as grandes cidades, onde o eleitorado, uma vez mais, revela o peso do conservadorismo. Campanhas dirigidas para produzir rejei\u00e7\u00e3o nos pol\u00edticos e governantes de esquerda \u2013 de que o caso de S\u00e3o Paulo \u00e9 o mais escandaloso \u2013, abrem caminho para pol\u00edticos aventureiros e candidatos sem maior express\u00e3o, catalisarem o voto antipetista.<\/p>\n<p>Nas grandes cidades se concentram os dois fatores mencionados acima: o peso da m\u00eddia e o peso da classe m\u00e9dia, particularmente sens\u00edvel a essas campanhas. O primeiro turno das elei\u00e7\u00f5es municipais deste ano reflete diretamente esse fen\u00f4meno. Ele tem se manifestado tamb\u00e9m nas grandes cidades latino-americanas, assim como nas europeias, onde esses fatores pesam igualmente.<\/p>\n","protected":false},"excerpt":{"rendered":"<p>Emir Sader Uma das caracter\u00edsticas pol\u00edticas do Brasil nos \u00faltimos anos tem sido a polaridade entre a vota\u00e7\u00e3o nas regi\u00f5es em que o papel dos meios de comunica\u00e7\u00e3o \u00e9 determinante \u2013 de que as grandes cidades do Centro-Sul \u00e9 o melhor exemplo \u2013 e aquelas em que a melhoria das condi\u00e7\u00f5es de vida da popula\u00e7\u00e3o [&hellip;]<\/p>\n","protected":false},"author":2,"featured_media":118755,"comment_status":"open","ping_status":"closed","sticky":false,"template":"","format":"standard","meta":{"_acf_changed":false,"footnotes":""},"categories":[25],"tags":[],"class_list":["post-118754","post","type-post","status-publish","format-standard","has-post-thumbnail","hentry","category-opina-ai"],"acf":[],"yoast_head":"<!-- This site is optimized with the Yoast SEO plugin v27.5 - https:\/\/yoast.com\/product\/yoast-seo-wordpress\/ -->\n<title>M\u00eddia, classe m\u00e9dia e o voto do eleitor conservador - Notibras<\/title>\n<meta name=\"robots\" content=\"index, follow, max-snippet:-1, max-image-preview:large, max-video-preview:-1\" \/>\n<link rel=\"canonical\" href=\"https:\/\/www.notibras.com\/site\/midia-classe-media-e-o-voto-do-eleitor-conservador\/\" \/>\n<meta property=\"og:locale\" content=\"pt_BR\" \/>\n<meta property=\"og:type\" content=\"article\" \/>\n<meta property=\"og:title\" content=\"M\u00eddia, classe m\u00e9dia e o voto do eleitor conservador - Notibras\" \/>\n<meta property=\"og:description\" content=\"Emir Sader Uma das caracter\u00edsticas pol\u00edticas do Brasil nos \u00faltimos anos tem sido a polaridade entre a vota\u00e7\u00e3o nas regi\u00f5es em que o papel dos meios de comunica\u00e7\u00e3o \u00e9 determinante \u2013 de que as grandes cidades do Centro-Sul \u00e9 o melhor exemplo \u2013 e aquelas em que a melhoria das condi\u00e7\u00f5es de vida da popula\u00e7\u00e3o [&hellip;]\" \/>\n<meta property=\"og:url\" content=\"https:\/\/www.notibras.com\/site\/midia-classe-media-e-o-voto-do-eleitor-conservador\/\" \/>\n<meta property=\"og:site_name\" content=\"Notibras\" \/>\n<meta property=\"article:publisher\" content=\"https:\/\/www.facebook.com\/notibras\/\" \/>\n<meta property=\"article:published_time\" content=\"2016-10-17T11:47:31+00:00\" \/>\n<meta property=\"og:image\" content=\"https:\/\/www.notibras.com\/site\/wp-content\/uploads\/2016\/10\/103168.jpg\" \/>\n\t<meta property=\"og:image:width\" content=\"600\" \/>\n\t<meta property=\"og:image:height\" content=\"400\" \/>\n\t<meta property=\"og:image:type\" content=\"image\/jpeg\" \/>\n<meta name=\"author\" content=\"Reda\u00e7\u00e3o\" \/>\n<meta name=\"twitter:card\" content=\"summary_large_image\" \/>\n<meta name=\"twitter:creator\" content=\"@Notibras\" \/>\n<meta name=\"twitter:site\" content=\"@Notibras\" \/>\n<meta name=\"twitter:label1\" content=\"Escrito por\" \/>\n\t<meta name=\"twitter:data1\" content=\"Reda\u00e7\u00e3o\" \/>\n\t<meta name=\"twitter:label2\" content=\"Est. tempo de leitura\" \/>\n\t<meta name=\"twitter:data2\" content=\"3 minutos\" \/>\n<script type=\"application\/ld+json\" class=\"yoast-schema-graph\">{\"@context\":\"https:\\\/\\\/schema.org\",\"@graph\":[{\"@type\":\"Article\",\"@id\":\"https:\\\/\\\/www.notibras.com\\\/site\\\/midia-classe-media-e-o-voto-do-eleitor-conservador\\\/#article\",\"isPartOf\":{\"@id\":\"https:\\\/\\\/www.notibras.com\\\/site\\\/midia-classe-media-e-o-voto-do-eleitor-conservador\\\/\"},\"author\":{\"name\":\"Reda\u00e7\u00e3o\",\"@id\":\"https:\\\/\\\/www.notibras.com\\\/site\\\/#\\\/schema\\\/person\\\/36ab0979449956132d3e5b517ea76ac8\"},\"headline\":\"M\u00eddia, classe m\u00e9dia e o voto do eleitor conservador\",\"datePublished\":\"2016-10-17T11:47:31+00:00\",\"mainEntityOfPage\":{\"@id\":\"https:\\\/\\\/www.notibras.com\\\/site\\\/midia-classe-media-e-o-voto-do-eleitor-conservador\\\/\"},\"wordCount\":659,\"commentCount\":0,\"publisher\":{\"@id\":\"https:\\\/\\\/www.notibras.com\\\/site\\\/#organization\"},\"image\":{\"@id\":\"https:\\\/\\\/www.notibras.com\\\/site\\\/midia-classe-media-e-o-voto-do-eleitor-conservador\\\/#primaryimage\"},\"thumbnailUrl\":\"https:\\\/\\\/www.notibras.com\\\/site\\\/wp-content\\\/uploads\\\/2016\\\/10\\\/103168.jpg\",\"articleSection\":[\"Opina a\u00ed\"],\"inLanguage\":\"pt-BR\",\"potentialAction\":[{\"@type\":\"CommentAction\",\"name\":\"Comment\",\"target\":[\"https:\\\/\\\/www.notibras.com\\\/site\\\/midia-classe-media-e-o-voto-do-eleitor-conservador\\\/#respond\"]}]},{\"@type\":\"WebPage\",\"@id\":\"https:\\\/\\\/www.notibras.com\\\/site\\\/midia-classe-media-e-o-voto-do-eleitor-conservador\\\/\",\"url\":\"https:\\\/\\\/www.notibras.com\\\/site\\\/midia-classe-media-e-o-voto-do-eleitor-conservador\\\/\",\"name\":\"M\u00eddia, classe m\u00e9dia e o voto do eleitor conservador - Notibras\",\"isPartOf\":{\"@id\":\"https:\\\/\\\/www.notibras.com\\\/site\\\/#website\"},\"primaryImageOfPage\":{\"@id\":\"https:\\\/\\\/www.notibras.com\\\/site\\\/midia-classe-media-e-o-voto-do-eleitor-conservador\\\/#primaryimage\"},\"image\":{\"@id\":\"https:\\\/\\\/www.notibras.com\\\/site\\\/midia-classe-media-e-o-voto-do-eleitor-conservador\\\/#primaryimage\"},\"thumbnailUrl\":\"https:\\\/\\\/www.notibras.com\\\/site\\\/wp-content\\\/uploads\\\/2016\\\/10\\\/103168.jpg\",\"datePublished\":\"2016-10-17T11:47:31+00:00\",\"breadcrumb\":{\"@id\":\"https:\\\/\\\/www.notibras.com\\\/site\\\/midia-classe-media-e-o-voto-do-eleitor-conservador\\\/#breadcrumb\"},\"inLanguage\":\"pt-BR\",\"potentialAction\":[{\"@type\":\"ReadAction\",\"target\":[\"https:\\\/\\\/www.notibras.com\\\/site\\\/midia-classe-media-e-o-voto-do-eleitor-conservador\\\/\"]}]},{\"@type\":\"ImageObject\",\"inLanguage\":\"pt-BR\",\"@id\":\"https:\\\/\\\/www.notibras.com\\\/site\\\/midia-classe-media-e-o-voto-do-eleitor-conservador\\\/#primaryimage\",\"url\":\"https:\\\/\\\/www.notibras.com\\\/site\\\/wp-content\\\/uploads\\\/2016\\\/10\\\/103168.jpg\",\"contentUrl\":\"https:\\\/\\\/www.notibras.com\\\/site\\\/wp-content\\\/uploads\\\/2016\\\/10\\\/103168.jpg\",\"width\":600,\"height\":400},{\"@type\":\"BreadcrumbList\",\"@id\":\"https:\\\/\\\/www.notibras.com\\\/site\\\/midia-classe-media-e-o-voto-do-eleitor-conservador\\\/#breadcrumb\",\"itemListElement\":[{\"@type\":\"ListItem\",\"position\":1,\"name\":\"In\u00edcio\",\"item\":\"https:\\\/\\\/www.notibras.com\\\/site\\\/\"},{\"@type\":\"ListItem\",\"position\":2,\"name\":\"M\u00eddia, classe m\u00e9dia e o voto do eleitor conservador\"}]},{\"@type\":\"WebSite\",\"@id\":\"https:\\\/\\\/www.notibras.com\\\/site\\\/#website\",\"url\":\"https:\\\/\\\/www.notibras.com\\\/site\\\/\",\"name\":\"Notibras\",\"description\":\"Not\u00edcias de Bras\u00edlia, do Brasil e do Mundo\",\"publisher\":{\"@id\":\"https:\\\/\\\/www.notibras.com\\\/site\\\/#organization\"},\"potentialAction\":[{\"@type\":\"SearchAction\",\"target\":{\"@type\":\"EntryPoint\",\"urlTemplate\":\"https:\\\/\\\/www.notibras.com\\\/site\\\/?s={search_term_string}\"},\"query-input\":{\"@type\":\"PropertyValueSpecification\",\"valueRequired\":true,\"valueName\":\"search_term_string\"}}],\"inLanguage\":\"pt-BR\"},{\"@type\":\"Organization\",\"@id\":\"https:\\\/\\\/www.notibras.com\\\/site\\\/#organization\",\"name\":\"Grupo Notibras de Comunica\u00e7\u00e3o\",\"url\":\"https:\\\/\\\/www.notibras.com\\\/site\\\/\",\"logo\":{\"@type\":\"ImageObject\",\"inLanguage\":\"pt-BR\",\"@id\":\"https:\\\/\\\/www.notibras.com\\\/site\\\/#\\\/schema\\\/logo\\\/image\\\/\",\"url\":\"https:\\\/\\\/www.notibras.com\\\/site\\\/wp-content\\\/uploads\\\/2023\\\/01\\\/notibras23.png\",\"contentUrl\":\"https:\\\/\\\/www.notibras.com\\\/site\\\/wp-content\\\/uploads\\\/2023\\\/01\\\/notibras23.png\",\"width\":350,\"height\":87,\"caption\":\"Grupo Notibras de Comunica\u00e7\u00e3o\"},\"image\":{\"@id\":\"https:\\\/\\\/www.notibras.com\\\/site\\\/#\\\/schema\\\/logo\\\/image\\\/\"},\"sameAs\":[\"https:\\\/\\\/www.facebook.com\\\/notibras\\\/\",\"https:\\\/\\\/x.com\\\/Notibras\",\"https:\\\/\\\/www.instagram.com\\\/notibras\\\/\"]},{\"@type\":\"Person\",\"@id\":\"https:\\\/\\\/www.notibras.com\\\/site\\\/#\\\/schema\\\/person\\\/36ab0979449956132d3e5b517ea76ac8\",\"name\":\"Reda\u00e7\u00e3o\",\"image\":{\"@type\":\"ImageObject\",\"inLanguage\":\"pt-BR\",\"@id\":\"https:\\\/\\\/secure.gravatar.com\\\/avatar\\\/e0a867bdedb85fd243eadf09663511f96fc81e0720a4a42581f334ad4303aa6b?s=96&d=mm&r=g\",\"url\":\"https:\\\/\\\/secure.gravatar.com\\\/avatar\\\/e0a867bdedb85fd243eadf09663511f96fc81e0720a4a42581f334ad4303aa6b?s=96&d=mm&r=g\",\"contentUrl\":\"https:\\\/\\\/secure.gravatar.com\\\/avatar\\\/e0a867bdedb85fd243eadf09663511f96fc81e0720a4a42581f334ad4303aa6b?s=96&d=mm&r=g\",\"caption\":\"Reda\u00e7\u00e3o\"}}]}<\/script>\n<!-- \/ Yoast SEO plugin. -->","yoast_head_json":{"title":"M\u00eddia, classe m\u00e9dia e o voto do eleitor conservador - Notibras","robots":{"index":"index","follow":"follow","max-snippet":"max-snippet:-1","max-image-preview":"max-image-preview:large","max-video-preview":"max-video-preview:-1"},"canonical":"https:\/\/www.notibras.com\/site\/midia-classe-media-e-o-voto-do-eleitor-conservador\/","og_locale":"pt_BR","og_type":"article","og_title":"M\u00eddia, classe m\u00e9dia e o voto do eleitor conservador - Notibras","og_description":"Emir Sader Uma das caracter\u00edsticas pol\u00edticas do Brasil nos \u00faltimos anos tem sido a polaridade entre a vota\u00e7\u00e3o nas regi\u00f5es em que o papel dos meios de comunica\u00e7\u00e3o \u00e9 determinante \u2013 de que as grandes cidades do Centro-Sul \u00e9 o melhor exemplo \u2013 e aquelas em que a melhoria das condi\u00e7\u00f5es de vida da popula\u00e7\u00e3o [&hellip;]","og_url":"https:\/\/www.notibras.com\/site\/midia-classe-media-e-o-voto-do-eleitor-conservador\/","og_site_name":"Notibras","article_publisher":"https:\/\/www.facebook.com\/notibras\/","article_published_time":"2016-10-17T11:47:31+00:00","og_image":[{"width":600,"height":400,"url":"https:\/\/www.notibras.com\/site\/wp-content\/uploads\/2016\/10\/103168.jpg","type":"image\/jpeg"}],"author":"Reda\u00e7\u00e3o","twitter_card":"summary_large_image","twitter_creator":"@Notibras","twitter_site":"@Notibras","twitter_misc":{"Escrito por":"Reda\u00e7\u00e3o","Est. tempo de leitura":"3 minutos"},"schema":{"@context":"https:\/\/schema.org","@graph":[{"@type":"Article","@id":"https:\/\/www.notibras.com\/site\/midia-classe-media-e-o-voto-do-eleitor-conservador\/#article","isPartOf":{"@id":"https:\/\/www.notibras.com\/site\/midia-classe-media-e-o-voto-do-eleitor-conservador\/"},"author":{"name":"Reda\u00e7\u00e3o","@id":"https:\/\/www.notibras.com\/site\/#\/schema\/person\/36ab0979449956132d3e5b517ea76ac8"},"headline":"M\u00eddia, classe m\u00e9dia e o voto do eleitor conservador","datePublished":"2016-10-17T11:47:31+00:00","mainEntityOfPage":{"@id":"https:\/\/www.notibras.com\/site\/midia-classe-media-e-o-voto-do-eleitor-conservador\/"},"wordCount":659,"commentCount":0,"publisher":{"@id":"https:\/\/www.notibras.com\/site\/#organization"},"image":{"@id":"https:\/\/www.notibras.com\/site\/midia-classe-media-e-o-voto-do-eleitor-conservador\/#primaryimage"},"thumbnailUrl":"https:\/\/www.notibras.com\/site\/wp-content\/uploads\/2016\/10\/103168.jpg","articleSection":["Opina a\u00ed"],"inLanguage":"pt-BR","potentialAction":[{"@type":"CommentAction","name":"Comment","target":["https:\/\/www.notibras.com\/site\/midia-classe-media-e-o-voto-do-eleitor-conservador\/#respond"]}]},{"@type":"WebPage","@id":"https:\/\/www.notibras.com\/site\/midia-classe-media-e-o-voto-do-eleitor-conservador\/","url":"https:\/\/www.notibras.com\/site\/midia-classe-media-e-o-voto-do-eleitor-conservador\/","name":"M\u00eddia, classe m\u00e9dia e o voto do eleitor conservador - Notibras","isPartOf":{"@id":"https:\/\/www.notibras.com\/site\/#website"},"primaryImageOfPage":{"@id":"https:\/\/www.notibras.com\/site\/midia-classe-media-e-o-voto-do-eleitor-conservador\/#primaryimage"},"image":{"@id":"https:\/\/www.notibras.com\/site\/midia-classe-media-e-o-voto-do-eleitor-conservador\/#primaryimage"},"thumbnailUrl":"https:\/\/www.notibras.com\/site\/wp-content\/uploads\/2016\/10\/103168.jpg","datePublished":"2016-10-17T11:47:31+00:00","breadcrumb":{"@id":"https:\/\/www.notibras.com\/site\/midia-classe-media-e-o-voto-do-eleitor-conservador\/#breadcrumb"},"inLanguage":"pt-BR","potentialAction":[{"@type":"ReadAction","target":["https:\/\/www.notibras.com\/site\/midia-classe-media-e-o-voto-do-eleitor-conservador\/"]}]},{"@type":"ImageObject","inLanguage":"pt-BR","@id":"https:\/\/www.notibras.com\/site\/midia-classe-media-e-o-voto-do-eleitor-conservador\/#primaryimage","url":"https:\/\/www.notibras.com\/site\/wp-content\/uploads\/2016\/10\/103168.jpg","contentUrl":"https:\/\/www.notibras.com\/site\/wp-content\/uploads\/2016\/10\/103168.jpg","width":600,"height":400},{"@type":"BreadcrumbList","@id":"https:\/\/www.notibras.com\/site\/midia-classe-media-e-o-voto-do-eleitor-conservador\/#breadcrumb","itemListElement":[{"@type":"ListItem","position":1,"name":"In\u00edcio","item":"https:\/\/www.notibras.com\/site\/"},{"@type":"ListItem","position":2,"name":"M\u00eddia, classe m\u00e9dia e o voto do eleitor conservador"}]},{"@type":"WebSite","@id":"https:\/\/www.notibras.com\/site\/#website","url":"https:\/\/www.notibras.com\/site\/","name":"Notibras","description":"Not\u00edcias de Bras\u00edlia, do Brasil e do Mundo","publisher":{"@id":"https:\/\/www.notibras.com\/site\/#organization"},"potentialAction":[{"@type":"SearchAction","target":{"@type":"EntryPoint","urlTemplate":"https:\/\/www.notibras.com\/site\/?s={search_term_string}"},"query-input":{"@type":"PropertyValueSpecification","valueRequired":true,"valueName":"search_term_string"}}],"inLanguage":"pt-BR"},{"@type":"Organization","@id":"https:\/\/www.notibras.com\/site\/#organization","name":"Grupo Notibras de Comunica\u00e7\u00e3o","url":"https:\/\/www.notibras.com\/site\/","logo":{"@type":"ImageObject","inLanguage":"pt-BR","@id":"https:\/\/www.notibras.com\/site\/#\/schema\/logo\/image\/","url":"https:\/\/www.notibras.com\/site\/wp-content\/uploads\/2023\/01\/notibras23.png","contentUrl":"https:\/\/www.notibras.com\/site\/wp-content\/uploads\/2023\/01\/notibras23.png","width":350,"height":87,"caption":"Grupo Notibras de Comunica\u00e7\u00e3o"},"image":{"@id":"https:\/\/www.notibras.com\/site\/#\/schema\/logo\/image\/"},"sameAs":["https:\/\/www.facebook.com\/notibras\/","https:\/\/x.com\/Notibras","https:\/\/www.instagram.com\/notibras\/"]},{"@type":"Person","@id":"https:\/\/www.notibras.com\/site\/#\/schema\/person\/36ab0979449956132d3e5b517ea76ac8","name":"Reda\u00e7\u00e3o","image":{"@type":"ImageObject","inLanguage":"pt-BR","@id":"https:\/\/secure.gravatar.com\/avatar\/e0a867bdedb85fd243eadf09663511f96fc81e0720a4a42581f334ad4303aa6b?s=96&d=mm&r=g","url":"https:\/\/secure.gravatar.com\/avatar\/e0a867bdedb85fd243eadf09663511f96fc81e0720a4a42581f334ad4303aa6b?s=96&d=mm&r=g","contentUrl":"https:\/\/secure.gravatar.com\/avatar\/e0a867bdedb85fd243eadf09663511f96fc81e0720a4a42581f334ad4303aa6b?s=96&d=mm&r=g","caption":"Reda\u00e7\u00e3o"}}]}},"amp_enabled":true,"_links":{"self":[{"href":"https:\/\/www.notibras.com\/site\/wp-json\/wp\/v2\/posts\/118754","targetHints":{"allow":["GET"]}}],"collection":[{"href":"https:\/\/www.notibras.com\/site\/wp-json\/wp\/v2\/posts"}],"about":[{"href":"https:\/\/www.notibras.com\/site\/wp-json\/wp\/v2\/types\/post"}],"author":[{"embeddable":true,"href":"https:\/\/www.notibras.com\/site\/wp-json\/wp\/v2\/users\/2"}],"replies":[{"embeddable":true,"href":"https:\/\/www.notibras.com\/site\/wp-json\/wp\/v2\/comments?post=118754"}],"version-history":[{"count":1,"href":"https:\/\/www.notibras.com\/site\/wp-json\/wp\/v2\/posts\/118754\/revisions"}],"predecessor-version":[{"id":118756,"href":"https:\/\/www.notibras.com\/site\/wp-json\/wp\/v2\/posts\/118754\/revisions\/118756"}],"wp:featuredmedia":[{"embeddable":true,"href":"https:\/\/www.notibras.com\/site\/wp-json\/wp\/v2\/media\/118755"}],"wp:attachment":[{"href":"https:\/\/www.notibras.com\/site\/wp-json\/wp\/v2\/media?parent=118754"}],"wp:term":[{"taxonomy":"category","embeddable":true,"href":"https:\/\/www.notibras.com\/site\/wp-json\/wp\/v2\/categories?post=118754"},{"taxonomy":"post_tag","embeddable":true,"href":"https:\/\/www.notibras.com\/site\/wp-json\/wp\/v2\/tags?post=118754"}],"curies":[{"name":"wp","href":"https:\/\/api.w.org\/{rel}","templated":true}]}}