{"id":11884,"date":"2014-06-01T16:19:43","date_gmt":"2014-06-01T19:19:43","guid":{"rendered":"http:\/\/www.notibras.com\/site\/?p=11884"},"modified":"2014-06-03T11:22:14","modified_gmt":"2014-06-03T14:22:14","slug":"abraco-simbolico-marca-ato-em-defesa-da-represa-de-guarapiranga","status":"publish","type":"post","link":"https:\/\/www.notibras.com\/site\/abraco-simbolico-marca-ato-em-defesa-da-represa-de-guarapiranga\/","title":{"rendered":"Abra\u00e7o simb\u00f3lico marca novo ato em defesa da Guarapiranga"},"content":{"rendered":"<p>Diversas entidades ambientalistas organizaram neste domingo um grande abra\u00e7o simb\u00f3lico na Represa de Guarapiranga, na zona sul de S\u00e3o Paulo.<\/p>\n<p>O ato teve como finalidade\u00a0alertar sobre a urg\u00eancia de a\u00e7\u00f5es para a preserva\u00e7\u00e3o dos mananciais e o uso racional da \u00e1gua na capital paulista, principalmente por causa da crise de abastecimento que\u00a0atualmente afeta a cidade.<\/p>\n<p>O lema da campanha deste ano \u00e9 &#8220;\u00c1gua: somos todos respons\u00e1veis. Cuidar para n\u00e3o secar&#8221;.<\/p>\n<p class=\"text\">Segundo lembraram os organizadores do evento, S\u00e3o Paulo vive sua pior crise de \u00e1gua, com os n\u00edveis baixos do Sistema Cantareira, que abastece cerca de 9 milh\u00f5es de habitantes da regi\u00e3o metropolitana.<\/p>\n<p class=\"text\">De acordo com o governo paulista, o ano hidrol\u00f3gico 2013-2014 apresentou \u00edndices pluviom\u00e9tricos fortemente desfavor\u00e1veis na bacia de contribui\u00e7\u00e3o do Cantareira, caracterizando a maior seca desde que as medi\u00e7\u00f5es dos institutos de meteorologia come\u00e7aram, h\u00e1 84 anos.<\/p>\n<blockquote>\n<p class=\"text\">Para superar a situa\u00e7\u00e3o at\u00edpica, a Companhia de Saneamento B\u00e1sico do Estado de S\u00e3o Paulo (Sabesp) passou a transferir vaz\u00f5es dos sistemas Guarapiranga e Alto Tiet\u00ea para a \u00e1rea de influ\u00eancia do Sistema Cantareira. Para os organizadores do evento, a maior utiliza\u00e7\u00e3o do Sistema Guarapiranga para o abastecimento da cidade pode trazer problemas \u00e0 represa, que j\u00e1 sofre com o despejo de esgotos, as ocupa\u00e7\u00f5es desordenadas e os desmatamentos.<\/p>\n<\/blockquote>\n<p class=\"text\">Essa foi a nona edi\u00e7\u00e3o do Abra\u00e7o \u00e0 Represa de Guarapiranga e ocorreu em tr\u00eas diferentes pontos: no\u00a0Parque da Barragem de Guarapiranga, no Solo Sagrado e no Parque Ecol\u00f3gico de Guarapiranga. No Solo Sagrado, onde a reportagem da Ag\u00eancia Brasil esteve, centenas de pessoas deram as m\u00e3os para abra\u00e7ar a represa ao meio-dia de hoje e para cantar a m\u00fasica Planeta \u00c1gua, de Guilherme Arantes.<\/p>\n<p class=\"text\">\u201cO Abra\u00e7o \u00e0 Guarapiranga \u00e9 uma homenagem simb\u00f3lica da comunidade \u00e0 represa. Estamos convivendo atualmente com o Cantareira com seus problemas e Guarapiranga \u00e9 uma grande abastecedora de \u00e1gua pot\u00e1vel para S\u00e3o Paulo. Ent\u00e3o, preservar e conscientizar sobre o respeito a ela \u00e9 fundamental para o valor \u00e0 vida\u201d, disse Jos\u00e9 Luiz Tomita, coordenador de atividades ambientais do Solo Sagrado. \u201cPara termos \u00e1gua de qualidade, \u00e9 preciso cuidar: n\u00e3o jogar lixo, n\u00e3o maltratar e usar com cuidado\u201d, acrescentou ele.<\/p>\n<p class=\"text\">Segundo Nilton de Oliveira, subprefeito de Parelheiros, uma for\u00e7a-tarefa envolvendo v\u00e1rias secret\u00e1rias municipais dever\u00e1 ocorrer em breve na regi\u00e3o para combater o desmatamento e do loteamento irregular em Parelheiros, distrito rural localizado no extremo sul da cidade de S\u00e3o Paulo.<\/p>\n","protected":false},"excerpt":{"rendered":"<p>Diversas entidades ambientalistas organizaram neste domingo um grande abra\u00e7o simb\u00f3lico na Represa de Guarapiranga, na zona sul de S\u00e3o Paulo. O ato teve como finalidade\u00a0alertar sobre a urg\u00eancia de a\u00e7\u00f5es para a preserva\u00e7\u00e3o dos mananciais e o uso racional da \u00e1gua na capital paulista, principalmente por causa da crise de abastecimento que\u00a0atualmente afeta a cidade. [&hellip;]<\/p>\n","protected":false},"author":2,"featured_media":11885,"comment_status":"open","ping_status":"closed","sticky":false,"template":"","format":"standard","meta":{"_acf_changed":false,"footnotes":""},"categories":[24],"tags":[],"class_list":["post-11884","post","type-post","status-publish","format-standard","has-post-thumbnail","hentry","category-sao-paulo"],"acf":[],"yoast_head":"<!-- This site is optimized with the Yoast SEO plugin v27.2 - https:\/\/yoast.com\/product\/yoast-seo-wordpress\/ -->\n<title>Abra\u00e7o simb\u00f3lico marca novo ato em defesa da Guarapiranga - Notibras<\/title>\n<meta name=\"robots\" content=\"index, follow, max-snippet:-1, max-image-preview:large, max-video-preview:-1\" \/>\n<link rel=\"canonical\" href=\"https:\/\/www.notibras.com\/site\/abraco-simbolico-marca-ato-em-defesa-da-represa-de-guarapiranga\/\" \/>\n<meta property=\"og:locale\" content=\"pt_BR\" \/>\n<meta property=\"og:type\" content=\"article\" \/>\n<meta property=\"og:title\" content=\"Abra\u00e7o simb\u00f3lico marca novo ato em defesa da Guarapiranga - Notibras\" \/>\n<meta property=\"og:description\" content=\"Diversas entidades ambientalistas organizaram neste domingo um grande abra\u00e7o simb\u00f3lico na Represa de Guarapiranga, na zona sul de S\u00e3o Paulo. O ato teve como finalidade\u00a0alertar sobre a urg\u00eancia de a\u00e7\u00f5es para a preserva\u00e7\u00e3o dos mananciais e o uso racional da \u00e1gua na capital paulista, principalmente por causa da crise de abastecimento que\u00a0atualmente afeta a cidade. [&hellip;]\" \/>\n<meta property=\"og:url\" content=\"https:\/\/www.notibras.com\/site\/abraco-simbolico-marca-ato-em-defesa-da-represa-de-guarapiranga\/\" \/>\n<meta property=\"og:site_name\" content=\"Notibras\" \/>\n<meta property=\"article:publisher\" content=\"https:\/\/www.facebook.com\/notibras\/\" \/>\n<meta property=\"article:published_time\" content=\"2014-06-01T19:19:43+00:00\" \/>\n<meta property=\"article:modified_time\" content=\"2014-06-03T14:22:14+00:00\" \/>\n<meta property=\"og:image\" content=\"https:\/\/www.notibras.com\/site\/wp-content\/uploads\/2014\/06\/abraco-guarapiranga2.jpg\" \/>\n\t<meta property=\"og:image:width\" content=\"450\" \/>\n\t<meta property=\"og:image:height\" content=\"340\" \/>\n\t<meta property=\"og:image:type\" content=\"image\/jpeg\" \/>\n<meta name=\"author\" content=\"Reda\u00e7\u00e3o\" \/>\n<meta name=\"twitter:card\" content=\"summary_large_image\" \/>\n<meta name=\"twitter:creator\" content=\"@Notibras\" \/>\n<meta name=\"twitter:site\" content=\"@Notibras\" \/>\n<meta name=\"twitter:label1\" content=\"Escrito por\" \/>\n\t<meta name=\"twitter:data1\" content=\"Reda\u00e7\u00e3o\" \/>\n\t<meta name=\"twitter:label2\" content=\"Est. tempo de leitura\" \/>\n\t<meta name=\"twitter:data2\" content=\"2 minutos\" \/>\n<script type=\"application\/ld+json\" class=\"yoast-schema-graph\">{\"@context\":\"https:\/\/schema.org\",\"@graph\":[{\"@type\":\"Article\",\"@id\":\"https:\/\/www.notibras.com\/site\/abraco-simbolico-marca-ato-em-defesa-da-represa-de-guarapiranga\/#article\",\"isPartOf\":{\"@id\":\"https:\/\/www.notibras.com\/site\/abraco-simbolico-marca-ato-em-defesa-da-represa-de-guarapiranga\/\"},\"author\":{\"name\":\"Reda\u00e7\u00e3o\",\"@id\":\"https:\/\/www.notibras.com\/site\/#\/schema\/person\/36ab0979449956132d3e5b517ea76ac8\"},\"headline\":\"Abra\u00e7o simb\u00f3lico marca novo ato em defesa da Guarapiranga\",\"datePublished\":\"2014-06-01T19:19:43+00:00\",\"dateModified\":\"2014-06-03T14:22:14+00:00\",\"mainEntityOfPage\":{\"@id\":\"https:\/\/www.notibras.com\/site\/abraco-simbolico-marca-ato-em-defesa-da-represa-de-guarapiranga\/\"},\"wordCount\":440,\"commentCount\":0,\"publisher\":{\"@id\":\"https:\/\/www.notibras.com\/site\/#organization\"},\"image\":{\"@id\":\"https:\/\/www.notibras.com\/site\/abraco-simbolico-marca-ato-em-defesa-da-represa-de-guarapiranga\/#primaryimage\"},\"thumbnailUrl\":\"https:\/\/www.notibras.com\/site\/wp-content\/uploads\/2014\/06\/abraco-guarapiranga2.jpg\",\"articleSection\":[\"S\u00e3o Paulo\"],\"inLanguage\":\"pt-BR\",\"potentialAction\":[{\"@type\":\"CommentAction\",\"name\":\"Comment\",\"target\":[\"https:\/\/www.notibras.com\/site\/abraco-simbolico-marca-ato-em-defesa-da-represa-de-guarapiranga\/#respond\"]}]},{\"@type\":\"WebPage\",\"@id\":\"https:\/\/www.notibras.com\/site\/abraco-simbolico-marca-ato-em-defesa-da-represa-de-guarapiranga\/\",\"url\":\"https:\/\/www.notibras.com\/site\/abraco-simbolico-marca-ato-em-defesa-da-represa-de-guarapiranga\/\",\"name\":\"Abra\u00e7o simb\u00f3lico marca novo ato em defesa da Guarapiranga - Notibras\",\"isPartOf\":{\"@id\":\"https:\/\/www.notibras.com\/site\/#website\"},\"primaryImageOfPage\":{\"@id\":\"https:\/\/www.notibras.com\/site\/abraco-simbolico-marca-ato-em-defesa-da-represa-de-guarapiranga\/#primaryimage\"},\"image\":{\"@id\":\"https:\/\/www.notibras.com\/site\/abraco-simbolico-marca-ato-em-defesa-da-represa-de-guarapiranga\/#primaryimage\"},\"thumbnailUrl\":\"https:\/\/www.notibras.com\/site\/wp-content\/uploads\/2014\/06\/abraco-guarapiranga2.jpg\",\"datePublished\":\"2014-06-01T19:19:43+00:00\",\"dateModified\":\"2014-06-03T14:22:14+00:00\",\"breadcrumb\":{\"@id\":\"https:\/\/www.notibras.com\/site\/abraco-simbolico-marca-ato-em-defesa-da-represa-de-guarapiranga\/#breadcrumb\"},\"inLanguage\":\"pt-BR\",\"potentialAction\":[{\"@type\":\"ReadAction\",\"target\":[\"https:\/\/www.notibras.com\/site\/abraco-simbolico-marca-ato-em-defesa-da-represa-de-guarapiranga\/\"]}]},{\"@type\":\"ImageObject\",\"inLanguage\":\"pt-BR\",\"@id\":\"https:\/\/www.notibras.com\/site\/abraco-simbolico-marca-ato-em-defesa-da-represa-de-guarapiranga\/#primaryimage\",\"url\":\"https:\/\/www.notibras.com\/site\/wp-content\/uploads\/2014\/06\/abraco-guarapiranga2.jpg\",\"contentUrl\":\"https:\/\/www.notibras.com\/site\/wp-content\/uploads\/2014\/06\/abraco-guarapiranga2.jpg\",\"width\":450,\"height\":340},{\"@type\":\"BreadcrumbList\",\"@id\":\"https:\/\/www.notibras.com\/site\/abraco-simbolico-marca-ato-em-defesa-da-represa-de-guarapiranga\/#breadcrumb\",\"itemListElement\":[{\"@type\":\"ListItem\",\"position\":1,\"name\":\"In\u00edcio\",\"item\":\"https:\/\/www.notibras.com\/site\/\"},{\"@type\":\"ListItem\",\"position\":2,\"name\":\"Abra\u00e7o simb\u00f3lico marca novo ato em defesa da Guarapiranga\"}]},{\"@type\":\"WebSite\",\"@id\":\"https:\/\/www.notibras.com\/site\/#website\",\"url\":\"https:\/\/www.notibras.com\/site\/\",\"name\":\"Notibras\",\"description\":\"Not\u00edcias de Bras\u00edlia, do Brasil e do Mundo\",\"publisher\":{\"@id\":\"https:\/\/www.notibras.com\/site\/#organization\"},\"potentialAction\":[{\"@type\":\"SearchAction\",\"target\":{\"@type\":\"EntryPoint\",\"urlTemplate\":\"https:\/\/www.notibras.com\/site\/?s={search_term_string}\"},\"query-input\":{\"@type\":\"PropertyValueSpecification\",\"valueRequired\":true,\"valueName\":\"search_term_string\"}}],\"inLanguage\":\"pt-BR\"},{\"@type\":\"Organization\",\"@id\":\"https:\/\/www.notibras.com\/site\/#organization\",\"name\":\"Grupo Notibras de Comunica\u00e7\u00e3o\",\"url\":\"https:\/\/www.notibras.com\/site\/\",\"logo\":{\"@type\":\"ImageObject\",\"inLanguage\":\"pt-BR\",\"@id\":\"https:\/\/www.notibras.com\/site\/#\/schema\/logo\/image\/\",\"url\":\"https:\/\/www.notibras.com\/site\/wp-content\/uploads\/2023\/01\/notibras23.png\",\"contentUrl\":\"https:\/\/www.notibras.com\/site\/wp-content\/uploads\/2023\/01\/notibras23.png\",\"width\":350,\"height\":87,\"caption\":\"Grupo Notibras de Comunica\u00e7\u00e3o\"},\"image\":{\"@id\":\"https:\/\/www.notibras.com\/site\/#\/schema\/logo\/image\/\"},\"sameAs\":[\"https:\/\/www.facebook.com\/notibras\/\",\"https:\/\/x.com\/Notibras\",\"https:\/\/www.instagram.com\/notibras\/\"]},{\"@type\":\"Person\",\"@id\":\"https:\/\/www.notibras.com\/site\/#\/schema\/person\/36ab0979449956132d3e5b517ea76ac8\",\"name\":\"Reda\u00e7\u00e3o\",\"image\":{\"@type\":\"ImageObject\",\"inLanguage\":\"pt-BR\",\"@id\":\"https:\/\/secure.gravatar.com\/avatar\/e0a867bdedb85fd243eadf09663511f96fc81e0720a4a42581f334ad4303aa6b?s=96&d=mm&r=g\",\"url\":\"https:\/\/secure.gravatar.com\/avatar\/e0a867bdedb85fd243eadf09663511f96fc81e0720a4a42581f334ad4303aa6b?s=96&d=mm&r=g\",\"contentUrl\":\"https:\/\/secure.gravatar.com\/avatar\/e0a867bdedb85fd243eadf09663511f96fc81e0720a4a42581f334ad4303aa6b?s=96&d=mm&r=g\",\"caption\":\"Reda\u00e7\u00e3o\"}}]}<\/script>\n<!-- \/ Yoast SEO plugin. -->","yoast_head_json":{"title":"Abra\u00e7o simb\u00f3lico marca novo ato em defesa da Guarapiranga - Notibras","robots":{"index":"index","follow":"follow","max-snippet":"max-snippet:-1","max-image-preview":"max-image-preview:large","max-video-preview":"max-video-preview:-1"},"canonical":"https:\/\/www.notibras.com\/site\/abraco-simbolico-marca-ato-em-defesa-da-represa-de-guarapiranga\/","og_locale":"pt_BR","og_type":"article","og_title":"Abra\u00e7o simb\u00f3lico marca novo ato em defesa da Guarapiranga - Notibras","og_description":"Diversas entidades ambientalistas organizaram neste domingo um grande abra\u00e7o simb\u00f3lico na Represa de Guarapiranga, na zona sul de S\u00e3o Paulo. O ato teve como finalidade\u00a0alertar sobre a urg\u00eancia de a\u00e7\u00f5es para a preserva\u00e7\u00e3o dos mananciais e o uso racional da \u00e1gua na capital paulista, principalmente por causa da crise de abastecimento que\u00a0atualmente afeta a cidade. [&hellip;]","og_url":"https:\/\/www.notibras.com\/site\/abraco-simbolico-marca-ato-em-defesa-da-represa-de-guarapiranga\/","og_site_name":"Notibras","article_publisher":"https:\/\/www.facebook.com\/notibras\/","article_published_time":"2014-06-01T19:19:43+00:00","article_modified_time":"2014-06-03T14:22:14+00:00","og_image":[{"width":450,"height":340,"url":"https:\/\/www.notibras.com\/site\/wp-content\/uploads\/2014\/06\/abraco-guarapiranga2.jpg","type":"image\/jpeg"}],"author":"Reda\u00e7\u00e3o","twitter_card":"summary_large_image","twitter_creator":"@Notibras","twitter_site":"@Notibras","twitter_misc":{"Escrito por":"Reda\u00e7\u00e3o","Est. tempo de leitura":"2 minutos"},"schema":{"@context":"https:\/\/schema.org","@graph":[{"@type":"Article","@id":"https:\/\/www.notibras.com\/site\/abraco-simbolico-marca-ato-em-defesa-da-represa-de-guarapiranga\/#article","isPartOf":{"@id":"https:\/\/www.notibras.com\/site\/abraco-simbolico-marca-ato-em-defesa-da-represa-de-guarapiranga\/"},"author":{"name":"Reda\u00e7\u00e3o","@id":"https:\/\/www.notibras.com\/site\/#\/schema\/person\/36ab0979449956132d3e5b517ea76ac8"},"headline":"Abra\u00e7o simb\u00f3lico marca novo ato em defesa da Guarapiranga","datePublished":"2014-06-01T19:19:43+00:00","dateModified":"2014-06-03T14:22:14+00:00","mainEntityOfPage":{"@id":"https:\/\/www.notibras.com\/site\/abraco-simbolico-marca-ato-em-defesa-da-represa-de-guarapiranga\/"},"wordCount":440,"commentCount":0,"publisher":{"@id":"https:\/\/www.notibras.com\/site\/#organization"},"image":{"@id":"https:\/\/www.notibras.com\/site\/abraco-simbolico-marca-ato-em-defesa-da-represa-de-guarapiranga\/#primaryimage"},"thumbnailUrl":"https:\/\/www.notibras.com\/site\/wp-content\/uploads\/2014\/06\/abraco-guarapiranga2.jpg","articleSection":["S\u00e3o Paulo"],"inLanguage":"pt-BR","potentialAction":[{"@type":"CommentAction","name":"Comment","target":["https:\/\/www.notibras.com\/site\/abraco-simbolico-marca-ato-em-defesa-da-represa-de-guarapiranga\/#respond"]}]},{"@type":"WebPage","@id":"https:\/\/www.notibras.com\/site\/abraco-simbolico-marca-ato-em-defesa-da-represa-de-guarapiranga\/","url":"https:\/\/www.notibras.com\/site\/abraco-simbolico-marca-ato-em-defesa-da-represa-de-guarapiranga\/","name":"Abra\u00e7o simb\u00f3lico marca novo ato em defesa da Guarapiranga - Notibras","isPartOf":{"@id":"https:\/\/www.notibras.com\/site\/#website"},"primaryImageOfPage":{"@id":"https:\/\/www.notibras.com\/site\/abraco-simbolico-marca-ato-em-defesa-da-represa-de-guarapiranga\/#primaryimage"},"image":{"@id":"https:\/\/www.notibras.com\/site\/abraco-simbolico-marca-ato-em-defesa-da-represa-de-guarapiranga\/#primaryimage"},"thumbnailUrl":"https:\/\/www.notibras.com\/site\/wp-content\/uploads\/2014\/06\/abraco-guarapiranga2.jpg","datePublished":"2014-06-01T19:19:43+00:00","dateModified":"2014-06-03T14:22:14+00:00","breadcrumb":{"@id":"https:\/\/www.notibras.com\/site\/abraco-simbolico-marca-ato-em-defesa-da-represa-de-guarapiranga\/#breadcrumb"},"inLanguage":"pt-BR","potentialAction":[{"@type":"ReadAction","target":["https:\/\/www.notibras.com\/site\/abraco-simbolico-marca-ato-em-defesa-da-represa-de-guarapiranga\/"]}]},{"@type":"ImageObject","inLanguage":"pt-BR","@id":"https:\/\/www.notibras.com\/site\/abraco-simbolico-marca-ato-em-defesa-da-represa-de-guarapiranga\/#primaryimage","url":"https:\/\/www.notibras.com\/site\/wp-content\/uploads\/2014\/06\/abraco-guarapiranga2.jpg","contentUrl":"https:\/\/www.notibras.com\/site\/wp-content\/uploads\/2014\/06\/abraco-guarapiranga2.jpg","width":450,"height":340},{"@type":"BreadcrumbList","@id":"https:\/\/www.notibras.com\/site\/abraco-simbolico-marca-ato-em-defesa-da-represa-de-guarapiranga\/#breadcrumb","itemListElement":[{"@type":"ListItem","position":1,"name":"In\u00edcio","item":"https:\/\/www.notibras.com\/site\/"},{"@type":"ListItem","position":2,"name":"Abra\u00e7o simb\u00f3lico marca novo ato em defesa da Guarapiranga"}]},{"@type":"WebSite","@id":"https:\/\/www.notibras.com\/site\/#website","url":"https:\/\/www.notibras.com\/site\/","name":"Notibras","description":"Not\u00edcias de Bras\u00edlia, do Brasil e do Mundo","publisher":{"@id":"https:\/\/www.notibras.com\/site\/#organization"},"potentialAction":[{"@type":"SearchAction","target":{"@type":"EntryPoint","urlTemplate":"https:\/\/www.notibras.com\/site\/?s={search_term_string}"},"query-input":{"@type":"PropertyValueSpecification","valueRequired":true,"valueName":"search_term_string"}}],"inLanguage":"pt-BR"},{"@type":"Organization","@id":"https:\/\/www.notibras.com\/site\/#organization","name":"Grupo Notibras de Comunica\u00e7\u00e3o","url":"https:\/\/www.notibras.com\/site\/","logo":{"@type":"ImageObject","inLanguage":"pt-BR","@id":"https:\/\/www.notibras.com\/site\/#\/schema\/logo\/image\/","url":"https:\/\/www.notibras.com\/site\/wp-content\/uploads\/2023\/01\/notibras23.png","contentUrl":"https:\/\/www.notibras.com\/site\/wp-content\/uploads\/2023\/01\/notibras23.png","width":350,"height":87,"caption":"Grupo Notibras de Comunica\u00e7\u00e3o"},"image":{"@id":"https:\/\/www.notibras.com\/site\/#\/schema\/logo\/image\/"},"sameAs":["https:\/\/www.facebook.com\/notibras\/","https:\/\/x.com\/Notibras","https:\/\/www.instagram.com\/notibras\/"]},{"@type":"Person","@id":"https:\/\/www.notibras.com\/site\/#\/schema\/person\/36ab0979449956132d3e5b517ea76ac8","name":"Reda\u00e7\u00e3o","image":{"@type":"ImageObject","inLanguage":"pt-BR","@id":"https:\/\/secure.gravatar.com\/avatar\/e0a867bdedb85fd243eadf09663511f96fc81e0720a4a42581f334ad4303aa6b?s=96&d=mm&r=g","url":"https:\/\/secure.gravatar.com\/avatar\/e0a867bdedb85fd243eadf09663511f96fc81e0720a4a42581f334ad4303aa6b?s=96&d=mm&r=g","contentUrl":"https:\/\/secure.gravatar.com\/avatar\/e0a867bdedb85fd243eadf09663511f96fc81e0720a4a42581f334ad4303aa6b?s=96&d=mm&r=g","caption":"Reda\u00e7\u00e3o"}}]}},"amp_enabled":true,"_links":{"self":[{"href":"https:\/\/www.notibras.com\/site\/wp-json\/wp\/v2\/posts\/11884","targetHints":{"allow":["GET"]}}],"collection":[{"href":"https:\/\/www.notibras.com\/site\/wp-json\/wp\/v2\/posts"}],"about":[{"href":"https:\/\/www.notibras.com\/site\/wp-json\/wp\/v2\/types\/post"}],"author":[{"embeddable":true,"href":"https:\/\/www.notibras.com\/site\/wp-json\/wp\/v2\/users\/2"}],"replies":[{"embeddable":true,"href":"https:\/\/www.notibras.com\/site\/wp-json\/wp\/v2\/comments?post=11884"}],"version-history":[{"count":0,"href":"https:\/\/www.notibras.com\/site\/wp-json\/wp\/v2\/posts\/11884\/revisions"}],"wp:featuredmedia":[{"embeddable":true,"href":"https:\/\/www.notibras.com\/site\/wp-json\/wp\/v2\/media\/11885"}],"wp:attachment":[{"href":"https:\/\/www.notibras.com\/site\/wp-json\/wp\/v2\/media?parent=11884"}],"wp:term":[{"taxonomy":"category","embeddable":true,"href":"https:\/\/www.notibras.com\/site\/wp-json\/wp\/v2\/categories?post=11884"},{"taxonomy":"post_tag","embeddable":true,"href":"https:\/\/www.notibras.com\/site\/wp-json\/wp\/v2\/tags?post=11884"}],"curies":[{"name":"wp","href":"https:\/\/api.w.org\/{rel}","templated":true}]}}