{"id":11889,"date":"2014-06-01T23:33:20","date_gmt":"2014-06-02T02:33:20","guid":{"rendered":"http:\/\/www.notibras.com\/site\/?p=11889"},"modified":"2014-06-02T04:15:55","modified_gmt":"2014-06-02T07:15:55","slug":"como-em-pelada-em-3-vira-mas-cruzeiro-teve-pena-do-flamengo-e-fico-nisso","status":"publish","type":"post","link":"https:\/\/www.notibras.com\/site\/como-em-pelada-em-3-vira-mas-cruzeiro-teve-pena-do-flamengo-e-fico-nisso\/","title":{"rendered":"Como em pelada, &#8216;em 3 vira&#8217;. Mas o Cruzeiro teve pena do Fla e parou a\u00ed"},"content":{"rendered":"<p>O Cruzeiro n\u00e3o deu a m\u00ednima chance para o Flamengo neste domingo, no Parque do Sabi\u00e1, em Uberl\u00e2ndia. Demonstrando um entrosamento fant\u00e1stico, o\u00a0atual campe\u00e3o nacional venceu por 3 a 0, com todos os gols no primeiro tempo, e manteve a lideran\u00e7a isolada do Campeonato Brasileiro. J\u00e1 os cariocas completam seis jogos sem vit\u00f3ria e continuam na zona de rebaixamento.<\/p>\n<p class=\"text\">Essa foi a nona rodada do Campeonato Brasileiro, \u00faltima antes da realiza\u00e7\u00e3o da Copa do Mundo. Agora as equipes s\u00f3 voltam a jogar no dia 16 de julho, ap\u00f3s o Mundial, quando o Cruzeiro recebe o Vit\u00f3ria, de volta ao Mineir\u00e3o e\u00a0o Flamengo encara o Atl\u00e9tico-PR.<\/p>\n<blockquote>\n<p class=\"text\">A equipe cruzeirense teve total dom\u00ednio do primeiro tempo. Com menos de 20 minutos o placar j\u00e1 marcava 2 a 0. Aos 16min, Alecsandro perdeu a bola e o time mineiro armou um contra-ataque fatal. Ap\u00f3s bela troca de passes do ataque do Cruzeiro, \u00c9verton Ribeiro serviu Ricardo Goulart, que bateu de primeira e abriu o placar. Dois minutos depois, a equipe roubou a bola na intermedi\u00e1ria e Henrique acertou belo toque para \u00c9verton Ribeiro, que invadiu a \u00e1rea pela esquerda e bateu cruzado, sem chances para o goleiro Paulo Victor.<\/p>\n<\/blockquote>\n<p class=\"text\">Aos 28min, \u00c9verton Ribeiro teve mais uma oportunidade, mas o goleiro flamenguista fez \u00f3tima defesa. A press\u00e3o era grande e um outro gol era quest\u00e3o de tempo. Aos 45min, em outra bela troca de passes, Ricardo Goulart arriscou e Paulo Victor defendeu parcialmente. No rebote, Borges manda faz o terceiro para os mineiros.<\/p>\n<p class=\"text\">Na volta do intervalo, a \u00fanica altera\u00e7\u00e3o no jogo foi o lado em que as equipes atacavam. A\u00a0partida era a mesma. O Flamengo at\u00e9 tentava sair mais para o ataque para diminuir o placar, mas n\u00e3o conseguia superar o sistema defensivo dos mineiros. Paulo Victor salvou os cariocas de levarem uma goleada hist\u00f3ria no Campeonato Brasileiro.\u00a0Nilton, Luan e Ricardo Goulart, duas vezes,\u00a0desperdi\u00e7aram chances claras de aumentar o placar. Com a vit\u00f3ria garantida, Marcelo Oliveira come\u00e7ou a poupar os atletas e s\u00f3 esperou o apito final do juiz.<\/p>\n<p class=\"text\">Com a vit\u00f3ria, o Cruzeiro mant\u00e9m a lideran\u00e7a isolada, agora com 19 pontos. J\u00e1 o Flamengo continua na zona de rebaixamento, com apenas sete pontos.<\/p>\n","protected":false},"excerpt":{"rendered":"<p>O Cruzeiro n\u00e3o deu a m\u00ednima chance para o Flamengo neste domingo, no Parque do Sabi\u00e1, em Uberl\u00e2ndia. Demonstrando um entrosamento fant\u00e1stico, o\u00a0atual campe\u00e3o nacional venceu por 3 a 0, com todos os gols no primeiro tempo, e manteve a lideran\u00e7a isolada do Campeonato Brasileiro. J\u00e1 os cariocas completam seis jogos sem vit\u00f3ria e continuam [&hellip;]<\/p>\n","protected":false},"author":2,"featured_media":11890,"comment_status":"open","ping_status":"closed","sticky":false,"template":"","format":"standard","meta":{"_acf_changed":false,"footnotes":""},"categories":[19,29],"tags":[],"class_list":["post-11889","post","type-post","status-publish","format-standard","has-post-thumbnail","hentry","category-esportes","category-futebol"],"acf":[],"yoast_head":"<!-- This site is optimized with the Yoast SEO plugin v27.2 - https:\/\/yoast.com\/product\/yoast-seo-wordpress\/ -->\n<title>Como em pelada, &#039;em 3 vira&#039;. Mas o Cruzeiro teve pena do Fla e parou a\u00ed - Notibras<\/title>\n<meta name=\"robots\" content=\"index, follow, max-snippet:-1, max-image-preview:large, max-video-preview:-1\" \/>\n<link rel=\"canonical\" href=\"https:\/\/www.notibras.com\/site\/como-em-pelada-em-3-vira-mas-cruzeiro-teve-pena-do-flamengo-e-fico-nisso\/\" \/>\n<meta property=\"og:locale\" content=\"pt_BR\" \/>\n<meta property=\"og:type\" content=\"article\" \/>\n<meta property=\"og:title\" content=\"Como em pelada, &#039;em 3 vira&#039;. Mas o Cruzeiro teve pena do Fla e parou a\u00ed - Notibras\" \/>\n<meta property=\"og:description\" content=\"O Cruzeiro n\u00e3o deu a m\u00ednima chance para o Flamengo neste domingo, no Parque do Sabi\u00e1, em Uberl\u00e2ndia. Demonstrando um entrosamento fant\u00e1stico, o\u00a0atual campe\u00e3o nacional venceu por 3 a 0, com todos os gols no primeiro tempo, e manteve a lideran\u00e7a isolada do Campeonato Brasileiro. J\u00e1 os cariocas completam seis jogos sem vit\u00f3ria e continuam [&hellip;]\" \/>\n<meta property=\"og:url\" content=\"https:\/\/www.notibras.com\/site\/como-em-pelada-em-3-vira-mas-cruzeiro-teve-pena-do-flamengo-e-fico-nisso\/\" \/>\n<meta property=\"og:site_name\" content=\"Notibras\" \/>\n<meta property=\"article:publisher\" content=\"https:\/\/www.facebook.com\/notibras\/\" \/>\n<meta property=\"article:published_time\" content=\"2014-06-02T02:33:20+00:00\" \/>\n<meta property=\"article:modified_time\" content=\"2014-06-02T07:15:55+00:00\" \/>\n<meta property=\"og:image\" content=\"https:\/\/www.notibras.com\/site\/wp-content\/uploads\/2014\/06\/es.jpg\" \/>\n\t<meta property=\"og:image:width\" content=\"460\" \/>\n\t<meta property=\"og:image:height\" content=\"340\" \/>\n\t<meta property=\"og:image:type\" content=\"image\/jpeg\" \/>\n<meta name=\"author\" content=\"Reda\u00e7\u00e3o\" \/>\n<meta name=\"twitter:card\" content=\"summary_large_image\" \/>\n<meta name=\"twitter:creator\" content=\"@Notibras\" \/>\n<meta name=\"twitter:site\" content=\"@Notibras\" \/>\n<meta name=\"twitter:label1\" content=\"Escrito por\" \/>\n\t<meta name=\"twitter:data1\" content=\"Reda\u00e7\u00e3o\" \/>\n\t<meta name=\"twitter:label2\" content=\"Est. tempo de leitura\" \/>\n\t<meta name=\"twitter:data2\" content=\"2 minutos\" \/>\n<script type=\"application\/ld+json\" class=\"yoast-schema-graph\">{\"@context\":\"https:\/\/schema.org\",\"@graph\":[{\"@type\":\"Article\",\"@id\":\"https:\/\/www.notibras.com\/site\/como-em-pelada-em-3-vira-mas-cruzeiro-teve-pena-do-flamengo-e-fico-nisso\/#article\",\"isPartOf\":{\"@id\":\"https:\/\/www.notibras.com\/site\/como-em-pelada-em-3-vira-mas-cruzeiro-teve-pena-do-flamengo-e-fico-nisso\/\"},\"author\":{\"name\":\"Reda\u00e7\u00e3o\",\"@id\":\"https:\/\/www.notibras.com\/site\/#\/schema\/person\/36ab0979449956132d3e5b517ea76ac8\"},\"headline\":\"Como em pelada, &#8216;em 3 vira&#8217;. Mas o Cruzeiro teve pena do Fla e parou a\u00ed\",\"datePublished\":\"2014-06-02T02:33:20+00:00\",\"dateModified\":\"2014-06-02T07:15:55+00:00\",\"mainEntityOfPage\":{\"@id\":\"https:\/\/www.notibras.com\/site\/como-em-pelada-em-3-vira-mas-cruzeiro-teve-pena-do-flamengo-e-fico-nisso\/\"},\"wordCount\":400,\"commentCount\":0,\"publisher\":{\"@id\":\"https:\/\/www.notibras.com\/site\/#organization\"},\"image\":{\"@id\":\"https:\/\/www.notibras.com\/site\/como-em-pelada-em-3-vira-mas-cruzeiro-teve-pena-do-flamengo-e-fico-nisso\/#primaryimage\"},\"thumbnailUrl\":\"https:\/\/www.notibras.com\/site\/wp-content\/uploads\/2014\/06\/es.jpg\",\"articleSection\":[\"Esportes\",\"Futebol\"],\"inLanguage\":\"pt-BR\",\"potentialAction\":[{\"@type\":\"CommentAction\",\"name\":\"Comment\",\"target\":[\"https:\/\/www.notibras.com\/site\/como-em-pelada-em-3-vira-mas-cruzeiro-teve-pena-do-flamengo-e-fico-nisso\/#respond\"]}]},{\"@type\":\"WebPage\",\"@id\":\"https:\/\/www.notibras.com\/site\/como-em-pelada-em-3-vira-mas-cruzeiro-teve-pena-do-flamengo-e-fico-nisso\/\",\"url\":\"https:\/\/www.notibras.com\/site\/como-em-pelada-em-3-vira-mas-cruzeiro-teve-pena-do-flamengo-e-fico-nisso\/\",\"name\":\"Como em pelada, 'em 3 vira'. Mas o Cruzeiro teve pena do Fla e parou a\u00ed - Notibras\",\"isPartOf\":{\"@id\":\"https:\/\/www.notibras.com\/site\/#website\"},\"primaryImageOfPage\":{\"@id\":\"https:\/\/www.notibras.com\/site\/como-em-pelada-em-3-vira-mas-cruzeiro-teve-pena-do-flamengo-e-fico-nisso\/#primaryimage\"},\"image\":{\"@id\":\"https:\/\/www.notibras.com\/site\/como-em-pelada-em-3-vira-mas-cruzeiro-teve-pena-do-flamengo-e-fico-nisso\/#primaryimage\"},\"thumbnailUrl\":\"https:\/\/www.notibras.com\/site\/wp-content\/uploads\/2014\/06\/es.jpg\",\"datePublished\":\"2014-06-02T02:33:20+00:00\",\"dateModified\":\"2014-06-02T07:15:55+00:00\",\"breadcrumb\":{\"@id\":\"https:\/\/www.notibras.com\/site\/como-em-pelada-em-3-vira-mas-cruzeiro-teve-pena-do-flamengo-e-fico-nisso\/#breadcrumb\"},\"inLanguage\":\"pt-BR\",\"potentialAction\":[{\"@type\":\"ReadAction\",\"target\":[\"https:\/\/www.notibras.com\/site\/como-em-pelada-em-3-vira-mas-cruzeiro-teve-pena-do-flamengo-e-fico-nisso\/\"]}]},{\"@type\":\"ImageObject\",\"inLanguage\":\"pt-BR\",\"@id\":\"https:\/\/www.notibras.com\/site\/como-em-pelada-em-3-vira-mas-cruzeiro-teve-pena-do-flamengo-e-fico-nisso\/#primaryimage\",\"url\":\"https:\/\/www.notibras.com\/site\/wp-content\/uploads\/2014\/06\/es.jpg\",\"contentUrl\":\"https:\/\/www.notibras.com\/site\/wp-content\/uploads\/2014\/06\/es.jpg\",\"width\":460,\"height\":340},{\"@type\":\"BreadcrumbList\",\"@id\":\"https:\/\/www.notibras.com\/site\/como-em-pelada-em-3-vira-mas-cruzeiro-teve-pena-do-flamengo-e-fico-nisso\/#breadcrumb\",\"itemListElement\":[{\"@type\":\"ListItem\",\"position\":1,\"name\":\"In\u00edcio\",\"item\":\"https:\/\/www.notibras.com\/site\/\"},{\"@type\":\"ListItem\",\"position\":2,\"name\":\"Como em pelada, &#8216;em 3 vira&#8217;. Mas o Cruzeiro teve pena do Fla e parou a\u00ed\"}]},{\"@type\":\"WebSite\",\"@id\":\"https:\/\/www.notibras.com\/site\/#website\",\"url\":\"https:\/\/www.notibras.com\/site\/\",\"name\":\"Notibras\",\"description\":\"Not\u00edcias de Bras\u00edlia, do Brasil e do Mundo\",\"publisher\":{\"@id\":\"https:\/\/www.notibras.com\/site\/#organization\"},\"potentialAction\":[{\"@type\":\"SearchAction\",\"target\":{\"@type\":\"EntryPoint\",\"urlTemplate\":\"https:\/\/www.notibras.com\/site\/?s={search_term_string}\"},\"query-input\":{\"@type\":\"PropertyValueSpecification\",\"valueRequired\":true,\"valueName\":\"search_term_string\"}}],\"inLanguage\":\"pt-BR\"},{\"@type\":\"Organization\",\"@id\":\"https:\/\/www.notibras.com\/site\/#organization\",\"name\":\"Grupo Notibras de Comunica\u00e7\u00e3o\",\"url\":\"https:\/\/www.notibras.com\/site\/\",\"logo\":{\"@type\":\"ImageObject\",\"inLanguage\":\"pt-BR\",\"@id\":\"https:\/\/www.notibras.com\/site\/#\/schema\/logo\/image\/\",\"url\":\"https:\/\/www.notibras.com\/site\/wp-content\/uploads\/2023\/01\/notibras23.png\",\"contentUrl\":\"https:\/\/www.notibras.com\/site\/wp-content\/uploads\/2023\/01\/notibras23.png\",\"width\":350,\"height\":87,\"caption\":\"Grupo Notibras de Comunica\u00e7\u00e3o\"},\"image\":{\"@id\":\"https:\/\/www.notibras.com\/site\/#\/schema\/logo\/image\/\"},\"sameAs\":[\"https:\/\/www.facebook.com\/notibras\/\",\"https:\/\/x.com\/Notibras\",\"https:\/\/www.instagram.com\/notibras\/\"]},{\"@type\":\"Person\",\"@id\":\"https:\/\/www.notibras.com\/site\/#\/schema\/person\/36ab0979449956132d3e5b517ea76ac8\",\"name\":\"Reda\u00e7\u00e3o\",\"image\":{\"@type\":\"ImageObject\",\"inLanguage\":\"pt-BR\",\"@id\":\"https:\/\/secure.gravatar.com\/avatar\/e0a867bdedb85fd243eadf09663511f96fc81e0720a4a42581f334ad4303aa6b?s=96&d=mm&r=g\",\"url\":\"https:\/\/secure.gravatar.com\/avatar\/e0a867bdedb85fd243eadf09663511f96fc81e0720a4a42581f334ad4303aa6b?s=96&d=mm&r=g\",\"contentUrl\":\"https:\/\/secure.gravatar.com\/avatar\/e0a867bdedb85fd243eadf09663511f96fc81e0720a4a42581f334ad4303aa6b?s=96&d=mm&r=g\",\"caption\":\"Reda\u00e7\u00e3o\"}}]}<\/script>\n<!-- \/ Yoast SEO plugin. -->","yoast_head_json":{"title":"Como em pelada, 'em 3 vira'. Mas o Cruzeiro teve pena do Fla e parou a\u00ed - Notibras","robots":{"index":"index","follow":"follow","max-snippet":"max-snippet:-1","max-image-preview":"max-image-preview:large","max-video-preview":"max-video-preview:-1"},"canonical":"https:\/\/www.notibras.com\/site\/como-em-pelada-em-3-vira-mas-cruzeiro-teve-pena-do-flamengo-e-fico-nisso\/","og_locale":"pt_BR","og_type":"article","og_title":"Como em pelada, 'em 3 vira'. Mas o Cruzeiro teve pena do Fla e parou a\u00ed - Notibras","og_description":"O Cruzeiro n\u00e3o deu a m\u00ednima chance para o Flamengo neste domingo, no Parque do Sabi\u00e1, em Uberl\u00e2ndia. Demonstrando um entrosamento fant\u00e1stico, o\u00a0atual campe\u00e3o nacional venceu por 3 a 0, com todos os gols no primeiro tempo, e manteve a lideran\u00e7a isolada do Campeonato Brasileiro. J\u00e1 os cariocas completam seis jogos sem vit\u00f3ria e continuam [&hellip;]","og_url":"https:\/\/www.notibras.com\/site\/como-em-pelada-em-3-vira-mas-cruzeiro-teve-pena-do-flamengo-e-fico-nisso\/","og_site_name":"Notibras","article_publisher":"https:\/\/www.facebook.com\/notibras\/","article_published_time":"2014-06-02T02:33:20+00:00","article_modified_time":"2014-06-02T07:15:55+00:00","og_image":[{"width":460,"height":340,"url":"https:\/\/www.notibras.com\/site\/wp-content\/uploads\/2014\/06\/es.jpg","type":"image\/jpeg"}],"author":"Reda\u00e7\u00e3o","twitter_card":"summary_large_image","twitter_creator":"@Notibras","twitter_site":"@Notibras","twitter_misc":{"Escrito por":"Reda\u00e7\u00e3o","Est. tempo de leitura":"2 minutos"},"schema":{"@context":"https:\/\/schema.org","@graph":[{"@type":"Article","@id":"https:\/\/www.notibras.com\/site\/como-em-pelada-em-3-vira-mas-cruzeiro-teve-pena-do-flamengo-e-fico-nisso\/#article","isPartOf":{"@id":"https:\/\/www.notibras.com\/site\/como-em-pelada-em-3-vira-mas-cruzeiro-teve-pena-do-flamengo-e-fico-nisso\/"},"author":{"name":"Reda\u00e7\u00e3o","@id":"https:\/\/www.notibras.com\/site\/#\/schema\/person\/36ab0979449956132d3e5b517ea76ac8"},"headline":"Como em pelada, &#8216;em 3 vira&#8217;. Mas o Cruzeiro teve pena do Fla e parou a\u00ed","datePublished":"2014-06-02T02:33:20+00:00","dateModified":"2014-06-02T07:15:55+00:00","mainEntityOfPage":{"@id":"https:\/\/www.notibras.com\/site\/como-em-pelada-em-3-vira-mas-cruzeiro-teve-pena-do-flamengo-e-fico-nisso\/"},"wordCount":400,"commentCount":0,"publisher":{"@id":"https:\/\/www.notibras.com\/site\/#organization"},"image":{"@id":"https:\/\/www.notibras.com\/site\/como-em-pelada-em-3-vira-mas-cruzeiro-teve-pena-do-flamengo-e-fico-nisso\/#primaryimage"},"thumbnailUrl":"https:\/\/www.notibras.com\/site\/wp-content\/uploads\/2014\/06\/es.jpg","articleSection":["Esportes","Futebol"],"inLanguage":"pt-BR","potentialAction":[{"@type":"CommentAction","name":"Comment","target":["https:\/\/www.notibras.com\/site\/como-em-pelada-em-3-vira-mas-cruzeiro-teve-pena-do-flamengo-e-fico-nisso\/#respond"]}]},{"@type":"WebPage","@id":"https:\/\/www.notibras.com\/site\/como-em-pelada-em-3-vira-mas-cruzeiro-teve-pena-do-flamengo-e-fico-nisso\/","url":"https:\/\/www.notibras.com\/site\/como-em-pelada-em-3-vira-mas-cruzeiro-teve-pena-do-flamengo-e-fico-nisso\/","name":"Como em pelada, 'em 3 vira'. Mas o Cruzeiro teve pena do Fla e parou a\u00ed - Notibras","isPartOf":{"@id":"https:\/\/www.notibras.com\/site\/#website"},"primaryImageOfPage":{"@id":"https:\/\/www.notibras.com\/site\/como-em-pelada-em-3-vira-mas-cruzeiro-teve-pena-do-flamengo-e-fico-nisso\/#primaryimage"},"image":{"@id":"https:\/\/www.notibras.com\/site\/como-em-pelada-em-3-vira-mas-cruzeiro-teve-pena-do-flamengo-e-fico-nisso\/#primaryimage"},"thumbnailUrl":"https:\/\/www.notibras.com\/site\/wp-content\/uploads\/2014\/06\/es.jpg","datePublished":"2014-06-02T02:33:20+00:00","dateModified":"2014-06-02T07:15:55+00:00","breadcrumb":{"@id":"https:\/\/www.notibras.com\/site\/como-em-pelada-em-3-vira-mas-cruzeiro-teve-pena-do-flamengo-e-fico-nisso\/#breadcrumb"},"inLanguage":"pt-BR","potentialAction":[{"@type":"ReadAction","target":["https:\/\/www.notibras.com\/site\/como-em-pelada-em-3-vira-mas-cruzeiro-teve-pena-do-flamengo-e-fico-nisso\/"]}]},{"@type":"ImageObject","inLanguage":"pt-BR","@id":"https:\/\/www.notibras.com\/site\/como-em-pelada-em-3-vira-mas-cruzeiro-teve-pena-do-flamengo-e-fico-nisso\/#primaryimage","url":"https:\/\/www.notibras.com\/site\/wp-content\/uploads\/2014\/06\/es.jpg","contentUrl":"https:\/\/www.notibras.com\/site\/wp-content\/uploads\/2014\/06\/es.jpg","width":460,"height":340},{"@type":"BreadcrumbList","@id":"https:\/\/www.notibras.com\/site\/como-em-pelada-em-3-vira-mas-cruzeiro-teve-pena-do-flamengo-e-fico-nisso\/#breadcrumb","itemListElement":[{"@type":"ListItem","position":1,"name":"In\u00edcio","item":"https:\/\/www.notibras.com\/site\/"},{"@type":"ListItem","position":2,"name":"Como em pelada, &#8216;em 3 vira&#8217;. Mas o Cruzeiro teve pena do Fla e parou a\u00ed"}]},{"@type":"WebSite","@id":"https:\/\/www.notibras.com\/site\/#website","url":"https:\/\/www.notibras.com\/site\/","name":"Notibras","description":"Not\u00edcias de Bras\u00edlia, do Brasil e do Mundo","publisher":{"@id":"https:\/\/www.notibras.com\/site\/#organization"},"potentialAction":[{"@type":"SearchAction","target":{"@type":"EntryPoint","urlTemplate":"https:\/\/www.notibras.com\/site\/?s={search_term_string}"},"query-input":{"@type":"PropertyValueSpecification","valueRequired":true,"valueName":"search_term_string"}}],"inLanguage":"pt-BR"},{"@type":"Organization","@id":"https:\/\/www.notibras.com\/site\/#organization","name":"Grupo Notibras de Comunica\u00e7\u00e3o","url":"https:\/\/www.notibras.com\/site\/","logo":{"@type":"ImageObject","inLanguage":"pt-BR","@id":"https:\/\/www.notibras.com\/site\/#\/schema\/logo\/image\/","url":"https:\/\/www.notibras.com\/site\/wp-content\/uploads\/2023\/01\/notibras23.png","contentUrl":"https:\/\/www.notibras.com\/site\/wp-content\/uploads\/2023\/01\/notibras23.png","width":350,"height":87,"caption":"Grupo Notibras de Comunica\u00e7\u00e3o"},"image":{"@id":"https:\/\/www.notibras.com\/site\/#\/schema\/logo\/image\/"},"sameAs":["https:\/\/www.facebook.com\/notibras\/","https:\/\/x.com\/Notibras","https:\/\/www.instagram.com\/notibras\/"]},{"@type":"Person","@id":"https:\/\/www.notibras.com\/site\/#\/schema\/person\/36ab0979449956132d3e5b517ea76ac8","name":"Reda\u00e7\u00e3o","image":{"@type":"ImageObject","inLanguage":"pt-BR","@id":"https:\/\/secure.gravatar.com\/avatar\/e0a867bdedb85fd243eadf09663511f96fc81e0720a4a42581f334ad4303aa6b?s=96&d=mm&r=g","url":"https:\/\/secure.gravatar.com\/avatar\/e0a867bdedb85fd243eadf09663511f96fc81e0720a4a42581f334ad4303aa6b?s=96&d=mm&r=g","contentUrl":"https:\/\/secure.gravatar.com\/avatar\/e0a867bdedb85fd243eadf09663511f96fc81e0720a4a42581f334ad4303aa6b?s=96&d=mm&r=g","caption":"Reda\u00e7\u00e3o"}}]}},"amp_enabled":true,"_links":{"self":[{"href":"https:\/\/www.notibras.com\/site\/wp-json\/wp\/v2\/posts\/11889","targetHints":{"allow":["GET"]}}],"collection":[{"href":"https:\/\/www.notibras.com\/site\/wp-json\/wp\/v2\/posts"}],"about":[{"href":"https:\/\/www.notibras.com\/site\/wp-json\/wp\/v2\/types\/post"}],"author":[{"embeddable":true,"href":"https:\/\/www.notibras.com\/site\/wp-json\/wp\/v2\/users\/2"}],"replies":[{"embeddable":true,"href":"https:\/\/www.notibras.com\/site\/wp-json\/wp\/v2\/comments?post=11889"}],"version-history":[{"count":0,"href":"https:\/\/www.notibras.com\/site\/wp-json\/wp\/v2\/posts\/11889\/revisions"}],"wp:featuredmedia":[{"embeddable":true,"href":"https:\/\/www.notibras.com\/site\/wp-json\/wp\/v2\/media\/11890"}],"wp:attachment":[{"href":"https:\/\/www.notibras.com\/site\/wp-json\/wp\/v2\/media?parent=11889"}],"wp:term":[{"taxonomy":"category","embeddable":true,"href":"https:\/\/www.notibras.com\/site\/wp-json\/wp\/v2\/categories?post=11889"},{"taxonomy":"post_tag","embeddable":true,"href":"https:\/\/www.notibras.com\/site\/wp-json\/wp\/v2\/tags?post=11889"}],"curies":[{"name":"wp","href":"https:\/\/api.w.org\/{rel}","templated":true}]}}