{"id":11895,"date":"2014-06-01T18:38:55","date_gmt":"2014-06-01T21:38:55","guid":{"rendered":"http:\/\/www.notibras.com\/site\/?p=11895"},"modified":"2014-06-01T18:43:41","modified_gmt":"2014-06-01T21:43:41","slug":"corinthians-cede-empate-ao-botafogo-e-mantem-jejum-na-arena","status":"publish","type":"post","link":"https:\/\/www.notibras.com\/site\/corinthians-cede-empate-ao-botafogo-e-mantem-jejum-na-arena\/","title":{"rendered":"Corinthians cede empate ao Botafogo e mant\u00e9m jejum"},"content":{"rendered":"<p>Ainda n\u00e3o foi neste domingo que os corintianos puderam comemorar a primeira vit\u00f3ria na moderna Arena em Itaquera. A equipe do t\u00e9cnico Mano Menezes abriu o placar com Jadson no primeiro tempo e sofria poucos sustos na etapa final, mas no fim da partida o Botafogo arrancou empate por 1 a 1 em S\u00e3o Paulo pela nona rodada do Campeonato Brasileiro e manteve o jejum corintiano no novo est\u00e1dio.<\/p>\n<p class=\"text\">No primeiro jogo no sonhado est\u00e1dio, o time do Parque S\u00e3o Jorge havia dado vexame: derrota por 1 a 0 para o Figueirense \u2013 \u00e9, at\u00e9 aqui, a \u00fanica vit\u00f3ria do clube catarinense no torneio nacional. A Arena agora ser\u00e1 entregue \u00e0 Fifa e sediar\u00e1 a abertura da Copa do Mundo em 12 de junho.<\/p>\n<p class=\"text\">Com 16 pontos, o Corinthians fica provisoriamente na segunda coloca\u00e7\u00e3o \u2013 pode ser ultrapassado pelo Fluminense no fechamento da rodada. J\u00e1 o Botafogo segue em recupera\u00e7\u00e3o: ap\u00f3s vencer o Palmeiras na rodada anterior, sobe para nove pontos, em 14\u00ba lugar.<\/p>\n<p class=\"text\">Agora, ambas as equipes ter\u00e3o uma pausa de 40 dias para a Copa do Mundo. Os dois times s\u00f3 voltam a campo pelo Campeonato Brasileiro em 16 de julho \u2013 os corintianos recebem o Inter, enquanto os botafoguenses visitam o Sport.<\/p>\n<p class=\"text\">Em campo, o Botafogo come\u00e7ou bem e controlou todas as investidas do Corinthians nos primeiros minutos. De quebra, ainda teve a primeira chance da partida: ap\u00f3s cruzamento, Zeballos cabeceou para boa defesa de Walter no canto aos 22min. O time paulista mostrava dificuldades em sair para o campo de ataque e pouco criava, deixando o jogo sem grandes emo\u00e7\u00f5es.<\/p>\n<p class=\"text\">Para burlar a falta de criatividade, Jadson resolveu utilizar a habilidade. Aos 24min, em uma das primeiras jogadas corintianas, o meio-campista recebeu no bico da grande \u00e1rea, limpou Bolatti e, de frente para o gol, chutou colocado de esquerda para fazer o primeiro gol oficial do Corinthians na Arena. Os mandantes ainda quase aumentaram em duas chances com Bruno Henrique antes do intervalo.<\/p>\n<p class=\"text\">A equipe da casa continuou bem no retorno para a etapa final e Ralf acertou a trave em dividida com o goleiro Renan aos 2min. Os corintianos, no entanto, passaram a recuar e viram o advers\u00e1rio crescer. A partida ficou aberta e o Corinthians tentou aproveitar os contra-ataques \u2013 Petros chegou a parar duas vezes em boas defesas de Renan.<\/p>\n<p class=\"text\">Recuados, os paulistas tentaram se segurar\u00a0como puderam para sair com a vit\u00f3ria. No entanto, aos 42min da etapa final o lateral Ed\u00edlson chutou cruzado e viu a bola bater no zagueiro corintiano Cl\u00e9ber antes de morrer no fundo do gol para dar n\u00fameros finais para a partida. A sina de voltar a sofrer gols no fim com recuo no segundo tempo rendeu novas vaias dos torcedores na arquibancada ap\u00f3s o apito final.<\/p>\n","protected":false},"excerpt":{"rendered":"<p>Ainda n\u00e3o foi neste domingo que os corintianos puderam comemorar a primeira vit\u00f3ria na moderna Arena em Itaquera. A equipe do t\u00e9cnico Mano Menezes abriu o placar com Jadson no primeiro tempo e sofria poucos sustos na etapa final, mas no fim da partida o Botafogo arrancou empate por 1 a 1 em S\u00e3o Paulo [&hellip;]<\/p>\n","protected":false},"author":2,"featured_media":11896,"comment_status":"open","ping_status":"closed","sticky":false,"template":"","format":"standard","meta":{"_acf_changed":false,"footnotes":""},"categories":[19,29],"tags":[],"class_list":["post-11895","post","type-post","status-publish","format-standard","has-post-thumbnail","hentry","category-esportes","category-futebol"],"acf":[],"yoast_head":"<!-- This site is optimized with the Yoast SEO plugin v27.2 - https:\/\/yoast.com\/product\/yoast-seo-wordpress\/ -->\n<title>Corinthians cede empate ao Botafogo e mant\u00e9m jejum  - Notibras<\/title>\n<meta name=\"robots\" content=\"index, follow, max-snippet:-1, max-image-preview:large, max-video-preview:-1\" \/>\n<link rel=\"canonical\" href=\"https:\/\/www.notibras.com\/site\/corinthians-cede-empate-ao-botafogo-e-mantem-jejum-na-arena\/\" \/>\n<meta property=\"og:locale\" content=\"pt_BR\" \/>\n<meta property=\"og:type\" content=\"article\" \/>\n<meta property=\"og:title\" content=\"Corinthians cede empate ao Botafogo e mant\u00e9m jejum  - Notibras\" \/>\n<meta property=\"og:description\" content=\"Ainda n\u00e3o foi neste domingo que os corintianos puderam comemorar a primeira vit\u00f3ria na moderna Arena em Itaquera. A equipe do t\u00e9cnico Mano Menezes abriu o placar com Jadson no primeiro tempo e sofria poucos sustos na etapa final, mas no fim da partida o Botafogo arrancou empate por 1 a 1 em S\u00e3o Paulo [&hellip;]\" \/>\n<meta property=\"og:url\" content=\"https:\/\/www.notibras.com\/site\/corinthians-cede-empate-ao-botafogo-e-mantem-jejum-na-arena\/\" \/>\n<meta property=\"og:site_name\" content=\"Notibras\" \/>\n<meta property=\"article:publisher\" content=\"https:\/\/www.facebook.com\/notibras\/\" \/>\n<meta property=\"article:published_time\" content=\"2014-06-01T21:38:55+00:00\" \/>\n<meta property=\"article:modified_time\" content=\"2014-06-01T21:43:41+00:00\" \/>\n<meta property=\"og:image\" content=\"https:\/\/www.notibras.com\/site\/wp-content\/uploads\/2014\/06\/esp1.jpg\" \/>\n\t<meta property=\"og:image:width\" content=\"751\" \/>\n\t<meta property=\"og:image:height\" content=\"500\" \/>\n\t<meta property=\"og:image:type\" content=\"image\/jpeg\" \/>\n<meta name=\"author\" content=\"Reda\u00e7\u00e3o\" \/>\n<meta name=\"twitter:card\" content=\"summary_large_image\" \/>\n<meta name=\"twitter:creator\" content=\"@Notibras\" \/>\n<meta name=\"twitter:site\" content=\"@Notibras\" \/>\n<meta name=\"twitter:label1\" content=\"Escrito por\" \/>\n\t<meta name=\"twitter:data1\" content=\"Reda\u00e7\u00e3o\" \/>\n\t<meta name=\"twitter:label2\" content=\"Est. tempo de leitura\" \/>\n\t<meta name=\"twitter:data2\" content=\"2 minutos\" \/>\n<script type=\"application\/ld+json\" class=\"yoast-schema-graph\">{\"@context\":\"https:\/\/schema.org\",\"@graph\":[{\"@type\":\"Article\",\"@id\":\"https:\/\/www.notibras.com\/site\/corinthians-cede-empate-ao-botafogo-e-mantem-jejum-na-arena\/#article\",\"isPartOf\":{\"@id\":\"https:\/\/www.notibras.com\/site\/corinthians-cede-empate-ao-botafogo-e-mantem-jejum-na-arena\/\"},\"author\":{\"name\":\"Reda\u00e7\u00e3o\",\"@id\":\"https:\/\/www.notibras.com\/site\/#\/schema\/person\/36ab0979449956132d3e5b517ea76ac8\"},\"headline\":\"Corinthians cede empate ao Botafogo e mant\u00e9m jejum\",\"datePublished\":\"2014-06-01T21:38:55+00:00\",\"dateModified\":\"2014-06-01T21:43:41+00:00\",\"mainEntityOfPage\":{\"@id\":\"https:\/\/www.notibras.com\/site\/corinthians-cede-empate-ao-botafogo-e-mantem-jejum-na-arena\/\"},\"wordCount\":475,\"commentCount\":0,\"publisher\":{\"@id\":\"https:\/\/www.notibras.com\/site\/#organization\"},\"image\":{\"@id\":\"https:\/\/www.notibras.com\/site\/corinthians-cede-empate-ao-botafogo-e-mantem-jejum-na-arena\/#primaryimage\"},\"thumbnailUrl\":\"https:\/\/www.notibras.com\/site\/wp-content\/uploads\/2014\/06\/esp1.jpg\",\"articleSection\":[\"Esportes\",\"Futebol\"],\"inLanguage\":\"pt-BR\",\"potentialAction\":[{\"@type\":\"CommentAction\",\"name\":\"Comment\",\"target\":[\"https:\/\/www.notibras.com\/site\/corinthians-cede-empate-ao-botafogo-e-mantem-jejum-na-arena\/#respond\"]}]},{\"@type\":\"WebPage\",\"@id\":\"https:\/\/www.notibras.com\/site\/corinthians-cede-empate-ao-botafogo-e-mantem-jejum-na-arena\/\",\"url\":\"https:\/\/www.notibras.com\/site\/corinthians-cede-empate-ao-botafogo-e-mantem-jejum-na-arena\/\",\"name\":\"Corinthians cede empate ao Botafogo e mant\u00e9m jejum - Notibras\",\"isPartOf\":{\"@id\":\"https:\/\/www.notibras.com\/site\/#website\"},\"primaryImageOfPage\":{\"@id\":\"https:\/\/www.notibras.com\/site\/corinthians-cede-empate-ao-botafogo-e-mantem-jejum-na-arena\/#primaryimage\"},\"image\":{\"@id\":\"https:\/\/www.notibras.com\/site\/corinthians-cede-empate-ao-botafogo-e-mantem-jejum-na-arena\/#primaryimage\"},\"thumbnailUrl\":\"https:\/\/www.notibras.com\/site\/wp-content\/uploads\/2014\/06\/esp1.jpg\",\"datePublished\":\"2014-06-01T21:38:55+00:00\",\"dateModified\":\"2014-06-01T21:43:41+00:00\",\"breadcrumb\":{\"@id\":\"https:\/\/www.notibras.com\/site\/corinthians-cede-empate-ao-botafogo-e-mantem-jejum-na-arena\/#breadcrumb\"},\"inLanguage\":\"pt-BR\",\"potentialAction\":[{\"@type\":\"ReadAction\",\"target\":[\"https:\/\/www.notibras.com\/site\/corinthians-cede-empate-ao-botafogo-e-mantem-jejum-na-arena\/\"]}]},{\"@type\":\"ImageObject\",\"inLanguage\":\"pt-BR\",\"@id\":\"https:\/\/www.notibras.com\/site\/corinthians-cede-empate-ao-botafogo-e-mantem-jejum-na-arena\/#primaryimage\",\"url\":\"https:\/\/www.notibras.com\/site\/wp-content\/uploads\/2014\/06\/esp1.jpg\",\"contentUrl\":\"https:\/\/www.notibras.com\/site\/wp-content\/uploads\/2014\/06\/esp1.jpg\",\"width\":751,\"height\":500},{\"@type\":\"BreadcrumbList\",\"@id\":\"https:\/\/www.notibras.com\/site\/corinthians-cede-empate-ao-botafogo-e-mantem-jejum-na-arena\/#breadcrumb\",\"itemListElement\":[{\"@type\":\"ListItem\",\"position\":1,\"name\":\"In\u00edcio\",\"item\":\"https:\/\/www.notibras.com\/site\/\"},{\"@type\":\"ListItem\",\"position\":2,\"name\":\"Corinthians cede empate ao Botafogo e mant\u00e9m jejum\"}]},{\"@type\":\"WebSite\",\"@id\":\"https:\/\/www.notibras.com\/site\/#website\",\"url\":\"https:\/\/www.notibras.com\/site\/\",\"name\":\"Notibras\",\"description\":\"Not\u00edcias de Bras\u00edlia, do Brasil e do Mundo\",\"publisher\":{\"@id\":\"https:\/\/www.notibras.com\/site\/#organization\"},\"potentialAction\":[{\"@type\":\"SearchAction\",\"target\":{\"@type\":\"EntryPoint\",\"urlTemplate\":\"https:\/\/www.notibras.com\/site\/?s={search_term_string}\"},\"query-input\":{\"@type\":\"PropertyValueSpecification\",\"valueRequired\":true,\"valueName\":\"search_term_string\"}}],\"inLanguage\":\"pt-BR\"},{\"@type\":\"Organization\",\"@id\":\"https:\/\/www.notibras.com\/site\/#organization\",\"name\":\"Grupo Notibras de Comunica\u00e7\u00e3o\",\"url\":\"https:\/\/www.notibras.com\/site\/\",\"logo\":{\"@type\":\"ImageObject\",\"inLanguage\":\"pt-BR\",\"@id\":\"https:\/\/www.notibras.com\/site\/#\/schema\/logo\/image\/\",\"url\":\"https:\/\/www.notibras.com\/site\/wp-content\/uploads\/2023\/01\/notibras23.png\",\"contentUrl\":\"https:\/\/www.notibras.com\/site\/wp-content\/uploads\/2023\/01\/notibras23.png\",\"width\":350,\"height\":87,\"caption\":\"Grupo Notibras de Comunica\u00e7\u00e3o\"},\"image\":{\"@id\":\"https:\/\/www.notibras.com\/site\/#\/schema\/logo\/image\/\"},\"sameAs\":[\"https:\/\/www.facebook.com\/notibras\/\",\"https:\/\/x.com\/Notibras\",\"https:\/\/www.instagram.com\/notibras\/\"]},{\"@type\":\"Person\",\"@id\":\"https:\/\/www.notibras.com\/site\/#\/schema\/person\/36ab0979449956132d3e5b517ea76ac8\",\"name\":\"Reda\u00e7\u00e3o\",\"image\":{\"@type\":\"ImageObject\",\"inLanguage\":\"pt-BR\",\"@id\":\"https:\/\/secure.gravatar.com\/avatar\/e0a867bdedb85fd243eadf09663511f96fc81e0720a4a42581f334ad4303aa6b?s=96&d=mm&r=g\",\"url\":\"https:\/\/secure.gravatar.com\/avatar\/e0a867bdedb85fd243eadf09663511f96fc81e0720a4a42581f334ad4303aa6b?s=96&d=mm&r=g\",\"contentUrl\":\"https:\/\/secure.gravatar.com\/avatar\/e0a867bdedb85fd243eadf09663511f96fc81e0720a4a42581f334ad4303aa6b?s=96&d=mm&r=g\",\"caption\":\"Reda\u00e7\u00e3o\"}}]}<\/script>\n<!-- \/ Yoast SEO plugin. -->","yoast_head_json":{"title":"Corinthians cede empate ao Botafogo e mant\u00e9m jejum  - Notibras","robots":{"index":"index","follow":"follow","max-snippet":"max-snippet:-1","max-image-preview":"max-image-preview:large","max-video-preview":"max-video-preview:-1"},"canonical":"https:\/\/www.notibras.com\/site\/corinthians-cede-empate-ao-botafogo-e-mantem-jejum-na-arena\/","og_locale":"pt_BR","og_type":"article","og_title":"Corinthians cede empate ao Botafogo e mant\u00e9m jejum  - Notibras","og_description":"Ainda n\u00e3o foi neste domingo que os corintianos puderam comemorar a primeira vit\u00f3ria na moderna Arena em Itaquera. A equipe do t\u00e9cnico Mano Menezes abriu o placar com Jadson no primeiro tempo e sofria poucos sustos na etapa final, mas no fim da partida o Botafogo arrancou empate por 1 a 1 em S\u00e3o Paulo [&hellip;]","og_url":"https:\/\/www.notibras.com\/site\/corinthians-cede-empate-ao-botafogo-e-mantem-jejum-na-arena\/","og_site_name":"Notibras","article_publisher":"https:\/\/www.facebook.com\/notibras\/","article_published_time":"2014-06-01T21:38:55+00:00","article_modified_time":"2014-06-01T21:43:41+00:00","og_image":[{"width":751,"height":500,"url":"https:\/\/www.notibras.com\/site\/wp-content\/uploads\/2014\/06\/esp1.jpg","type":"image\/jpeg"}],"author":"Reda\u00e7\u00e3o","twitter_card":"summary_large_image","twitter_creator":"@Notibras","twitter_site":"@Notibras","twitter_misc":{"Escrito por":"Reda\u00e7\u00e3o","Est. tempo de leitura":"2 minutos"},"schema":{"@context":"https:\/\/schema.org","@graph":[{"@type":"Article","@id":"https:\/\/www.notibras.com\/site\/corinthians-cede-empate-ao-botafogo-e-mantem-jejum-na-arena\/#article","isPartOf":{"@id":"https:\/\/www.notibras.com\/site\/corinthians-cede-empate-ao-botafogo-e-mantem-jejum-na-arena\/"},"author":{"name":"Reda\u00e7\u00e3o","@id":"https:\/\/www.notibras.com\/site\/#\/schema\/person\/36ab0979449956132d3e5b517ea76ac8"},"headline":"Corinthians cede empate ao Botafogo e mant\u00e9m jejum","datePublished":"2014-06-01T21:38:55+00:00","dateModified":"2014-06-01T21:43:41+00:00","mainEntityOfPage":{"@id":"https:\/\/www.notibras.com\/site\/corinthians-cede-empate-ao-botafogo-e-mantem-jejum-na-arena\/"},"wordCount":475,"commentCount":0,"publisher":{"@id":"https:\/\/www.notibras.com\/site\/#organization"},"image":{"@id":"https:\/\/www.notibras.com\/site\/corinthians-cede-empate-ao-botafogo-e-mantem-jejum-na-arena\/#primaryimage"},"thumbnailUrl":"https:\/\/www.notibras.com\/site\/wp-content\/uploads\/2014\/06\/esp1.jpg","articleSection":["Esportes","Futebol"],"inLanguage":"pt-BR","potentialAction":[{"@type":"CommentAction","name":"Comment","target":["https:\/\/www.notibras.com\/site\/corinthians-cede-empate-ao-botafogo-e-mantem-jejum-na-arena\/#respond"]}]},{"@type":"WebPage","@id":"https:\/\/www.notibras.com\/site\/corinthians-cede-empate-ao-botafogo-e-mantem-jejum-na-arena\/","url":"https:\/\/www.notibras.com\/site\/corinthians-cede-empate-ao-botafogo-e-mantem-jejum-na-arena\/","name":"Corinthians cede empate ao Botafogo e mant\u00e9m jejum - Notibras","isPartOf":{"@id":"https:\/\/www.notibras.com\/site\/#website"},"primaryImageOfPage":{"@id":"https:\/\/www.notibras.com\/site\/corinthians-cede-empate-ao-botafogo-e-mantem-jejum-na-arena\/#primaryimage"},"image":{"@id":"https:\/\/www.notibras.com\/site\/corinthians-cede-empate-ao-botafogo-e-mantem-jejum-na-arena\/#primaryimage"},"thumbnailUrl":"https:\/\/www.notibras.com\/site\/wp-content\/uploads\/2014\/06\/esp1.jpg","datePublished":"2014-06-01T21:38:55+00:00","dateModified":"2014-06-01T21:43:41+00:00","breadcrumb":{"@id":"https:\/\/www.notibras.com\/site\/corinthians-cede-empate-ao-botafogo-e-mantem-jejum-na-arena\/#breadcrumb"},"inLanguage":"pt-BR","potentialAction":[{"@type":"ReadAction","target":["https:\/\/www.notibras.com\/site\/corinthians-cede-empate-ao-botafogo-e-mantem-jejum-na-arena\/"]}]},{"@type":"ImageObject","inLanguage":"pt-BR","@id":"https:\/\/www.notibras.com\/site\/corinthians-cede-empate-ao-botafogo-e-mantem-jejum-na-arena\/#primaryimage","url":"https:\/\/www.notibras.com\/site\/wp-content\/uploads\/2014\/06\/esp1.jpg","contentUrl":"https:\/\/www.notibras.com\/site\/wp-content\/uploads\/2014\/06\/esp1.jpg","width":751,"height":500},{"@type":"BreadcrumbList","@id":"https:\/\/www.notibras.com\/site\/corinthians-cede-empate-ao-botafogo-e-mantem-jejum-na-arena\/#breadcrumb","itemListElement":[{"@type":"ListItem","position":1,"name":"In\u00edcio","item":"https:\/\/www.notibras.com\/site\/"},{"@type":"ListItem","position":2,"name":"Corinthians cede empate ao Botafogo e mant\u00e9m jejum"}]},{"@type":"WebSite","@id":"https:\/\/www.notibras.com\/site\/#website","url":"https:\/\/www.notibras.com\/site\/","name":"Notibras","description":"Not\u00edcias de Bras\u00edlia, do Brasil e do Mundo","publisher":{"@id":"https:\/\/www.notibras.com\/site\/#organization"},"potentialAction":[{"@type":"SearchAction","target":{"@type":"EntryPoint","urlTemplate":"https:\/\/www.notibras.com\/site\/?s={search_term_string}"},"query-input":{"@type":"PropertyValueSpecification","valueRequired":true,"valueName":"search_term_string"}}],"inLanguage":"pt-BR"},{"@type":"Organization","@id":"https:\/\/www.notibras.com\/site\/#organization","name":"Grupo Notibras de Comunica\u00e7\u00e3o","url":"https:\/\/www.notibras.com\/site\/","logo":{"@type":"ImageObject","inLanguage":"pt-BR","@id":"https:\/\/www.notibras.com\/site\/#\/schema\/logo\/image\/","url":"https:\/\/www.notibras.com\/site\/wp-content\/uploads\/2023\/01\/notibras23.png","contentUrl":"https:\/\/www.notibras.com\/site\/wp-content\/uploads\/2023\/01\/notibras23.png","width":350,"height":87,"caption":"Grupo Notibras de Comunica\u00e7\u00e3o"},"image":{"@id":"https:\/\/www.notibras.com\/site\/#\/schema\/logo\/image\/"},"sameAs":["https:\/\/www.facebook.com\/notibras\/","https:\/\/x.com\/Notibras","https:\/\/www.instagram.com\/notibras\/"]},{"@type":"Person","@id":"https:\/\/www.notibras.com\/site\/#\/schema\/person\/36ab0979449956132d3e5b517ea76ac8","name":"Reda\u00e7\u00e3o","image":{"@type":"ImageObject","inLanguage":"pt-BR","@id":"https:\/\/secure.gravatar.com\/avatar\/e0a867bdedb85fd243eadf09663511f96fc81e0720a4a42581f334ad4303aa6b?s=96&d=mm&r=g","url":"https:\/\/secure.gravatar.com\/avatar\/e0a867bdedb85fd243eadf09663511f96fc81e0720a4a42581f334ad4303aa6b?s=96&d=mm&r=g","contentUrl":"https:\/\/secure.gravatar.com\/avatar\/e0a867bdedb85fd243eadf09663511f96fc81e0720a4a42581f334ad4303aa6b?s=96&d=mm&r=g","caption":"Reda\u00e7\u00e3o"}}]}},"amp_enabled":true,"_links":{"self":[{"href":"https:\/\/www.notibras.com\/site\/wp-json\/wp\/v2\/posts\/11895","targetHints":{"allow":["GET"]}}],"collection":[{"href":"https:\/\/www.notibras.com\/site\/wp-json\/wp\/v2\/posts"}],"about":[{"href":"https:\/\/www.notibras.com\/site\/wp-json\/wp\/v2\/types\/post"}],"author":[{"embeddable":true,"href":"https:\/\/www.notibras.com\/site\/wp-json\/wp\/v2\/users\/2"}],"replies":[{"embeddable":true,"href":"https:\/\/www.notibras.com\/site\/wp-json\/wp\/v2\/comments?post=11895"}],"version-history":[{"count":0,"href":"https:\/\/www.notibras.com\/site\/wp-json\/wp\/v2\/posts\/11895\/revisions"}],"wp:featuredmedia":[{"embeddable":true,"href":"https:\/\/www.notibras.com\/site\/wp-json\/wp\/v2\/media\/11896"}],"wp:attachment":[{"href":"https:\/\/www.notibras.com\/site\/wp-json\/wp\/v2\/media?parent=11895"}],"wp:term":[{"taxonomy":"category","embeddable":true,"href":"https:\/\/www.notibras.com\/site\/wp-json\/wp\/v2\/categories?post=11895"},{"taxonomy":"post_tag","embeddable":true,"href":"https:\/\/www.notibras.com\/site\/wp-json\/wp\/v2\/tags?post=11895"}],"curies":[{"name":"wp","href":"https:\/\/api.w.org\/{rel}","templated":true}]}}