{"id":118968,"date":"2016-10-18T13:47:12","date_gmt":"2016-10-18T15:47:12","guid":{"rendered":"http:\/\/www.notibras.com\/site\/?p=118968"},"modified":"2016-10-18T13:47:12","modified_gmt":"2016-10-18T15:47:12","slug":"fim-da-reprovacao-e-o-comeco-da-melhora-na-escola","status":"publish","type":"post","link":"https:\/\/www.notibras.com\/site\/fim-da-reprovacao-e-o-comeco-da-melhora-na-escola\/","title":{"rendered":"Fim da reprova\u00e7\u00e3o \u00e9 o come\u00e7o da melhora na escola"},"content":{"rendered":"<p><strong>Ernesto Martins Faria<\/strong><\/p>\n<p>Nas \u00faltimas semanas, foram divulgados os resultados da Prova Brasil, do Ideb (\u00cdndice de Desenvolvimento da Educa\u00e7\u00e3o B\u00e1sica) e do Enem 2015 \u2013tr\u00eas importantes avalia\u00e7\u00f5es da nossa educa\u00e7\u00e3o b\u00e1sica. V\u00e1rios especialistas e jornalistas repercutiram os resultados, e a an\u00e1lise a seguir se prop\u00f5e a apresentar o que eles representam de forma concreta. Para isso, foi feita uma analogia. Imagine tr\u00eas fases na vida de seu filho:<\/p>\n<p>Com 10 anos, ele tirava notas 6 e 7 na escola. Aluno regular, conseguia passar de ano sem grandes dificuldades e demonstrava uma razo\u00e1vel evolu\u00e7\u00e3o em rela\u00e7\u00e3o aos \u00faltimos anos. Sabia ler, escrever, dominava as quatro opera\u00e7\u00f5es b\u00e1sicas, mas ainda podia se desenvolver mais em rela\u00e7\u00e3o \u00e0 compreens\u00e3o leitora e ao racioc\u00ednio l\u00f3gico, al\u00e9m de estudar pouco proativamente.<\/p>\n<p>J\u00e1 aos 14 anos, n\u00e3o via mais sentido na escola. Desde que ingressara nos anos finais, tinha muitas dificuldades, principalmente com matem\u00e1tica. N\u00e3o via sentido no que estudava e seu professor n\u00e3o conseguia engaj\u00e1-lo para o estudo.<\/p>\n<p>J\u00e1 aos 18 anos e tendo passado por uma reprova\u00e7\u00e3o escolar, estava no ensino m\u00e9dio. Pretendia entrar na universidade, mas se sentia muito pouco preparado para isso. N\u00e3o achava que aprendera os conhecimentos cobrados pelos processos seletivos e tinha pouca no\u00e7\u00e3o das compet\u00eancias que precisava desenvolver e quais caminhos poderia seguir.<\/p>\n<p>Podemos tomar essas tr\u00eas fases como representa\u00e7\u00f5es dos resultados que tivemos nos anos iniciais e finais do ensino fundamental e do ensino m\u00e9dio, de acordo com as avalia\u00e7\u00f5es.<\/p>\n<p>O Ideb dos anos iniciais do ensino fundamental avan\u00e7ou, embora muitos alunos do pa\u00eds ainda apresentem um n\u00edvel de profici\u00eancia muito abaixo do desej\u00e1vel. Em 2015, o Ideb da rede p\u00fablica foi de 5,3, enquanto que o Ideb geral foi de 5,5.<\/p>\n<p>J\u00e1 os anos finais t\u00eam avan\u00e7ado pouco nas \u00faltimas avalia\u00e7\u00f5es. As taxas de aprova\u00e7\u00e3o est\u00e3o subindo muito lentamente, e a evolu\u00e7\u00e3o em profici\u00eancia \u00e9 abaixo do desej\u00e1vel, al\u00e9m de n\u00e3o concretizar completamente os avan\u00e7os dos anos iniciais em anos anteriores. O Ideb da rede p\u00fablica em tal etapa \u00e9 de 4,2, e o Ideb geral do pa\u00eds \u00e9 de 4,5.<\/p>\n<p>Aqui cabe a pergunta: por que um aluno que est\u00e1 chegando razoavelmente melhor no 6\u00ba ano n\u00e3o termina o 9\u00ba ano razoavelmente melhor do que as gera\u00e7\u00f5es anteriores?<\/p>\n<p>N\u00e3o tendo evolu\u00eddo nos \u00faltimos anos, os \u00edndices do ensino m\u00e9dio tamb\u00e9m s\u00e3o preocupantes. As taxas de aprova\u00e7\u00e3o evoluem muito lentamente e os \u00edndices de profici\u00eancia s\u00e3o muito baixos. O Ideb da rede p\u00fablica em 2015 foi de 3,5 e o Ideb geral do pa\u00eds foi de 3,7. J\u00e1 os resultados no Enem mostram que os melhores resultados s\u00e3o sistematicamente obtidos por estudantes com melhores condi\u00e7\u00f5es sociais.<\/p>\n<p>O mais grave ainda, no caso do ensino m\u00e9dio, \u00e9 que ningu\u00e9m apontou o caminho. S\u00e3o Paulo e Pernambuco, cujas redes estaduais s\u00e3o as com melhores resultados no Ideb, apresentam \u00edndices muito baixos (3,9).<\/p>\n<p><strong>Como melhorar tais resultados?<\/strong> &#8211; Sabendo que n\u00e3o h\u00e1 uma \u00fanica solu\u00e7\u00e3o ou uma f\u00f3rmula m\u00e1gica, primeiramente, deve-se ressaltar que um bom sistema educacional depende de v\u00e1rias a\u00e7\u00f5es estruturantes, como um curr\u00edculo de altas expectativas, uma boa forma\u00e7\u00e3o de professores e um bom acompanhamento pedag\u00f3gico.<\/p>\n<p>Recomendo a leitura da s\u00e9rie de estudos Excel\u00eancia com Equidade que fizemos na Funda\u00e7\u00e3o Lemann em parceria com o Ita\u00fa BBA e com o Instituto Credit Suisse Hedging-Griffo. Essa s\u00e9rie retrata qual \u00e9 o diferencial das escolas que conseguem bons resultados com alunos de baixa renda.<\/p>\n<p>Por\u00e9m, quero apenas discutir que um bom come\u00e7o \u00e9 n\u00e3o aceitar o inaceit\u00e1vel. Precisamos, mesmo que com dificuldades, ter altas expectativas e buscar garantir o aprendizado dos alunos. Nesse sentido, quero colocar a relev\u00e2ncia de dois pontos.<\/p>\n<p>O primeiro refere-se \u00e0 cultura da reprova\u00e7\u00e3o. Nossos \u00edndices de reprova\u00e7\u00e3o s\u00e3o inaceit\u00e1veis e a secretaria deve sempre trabalhar com a premissa de que todo aluno pode aprender. Os alunos que s\u00e3o reprovados tendem a ter mais chances de abandonar a escola, al\u00e9m de serem raros os casos de alunos repetentes que obt\u00eam um bom n\u00edvel de aprendizado. As secretarias de educa\u00e7\u00e3o precisam dar as condi\u00e7\u00f5es e o suporte para que escolas consigam garantir a recupera\u00e7\u00e3o de defasagens da aprendizagem ao longo do ano.<\/p>\n<p>O segundo \u00e9 que o foco de todo o sistema educacional deve ser o pedag\u00f3gico. Alunos brasileiros erram sistematicamente conte\u00fados, como \u00e9 o caso da fra\u00e7\u00e3o. N\u00e3o podemos permitir que crian\u00e7as n\u00e3o dominem conhecimentos b\u00e1sicos e importantes para a vida. Dessa forma, orientados pelo que as escolas de bons resultados apontam, precisamos diagnosticar e trabalhar as habilidades que os alunos n\u00e3o dominam em a\u00e7\u00f5es de refor\u00e7o escolar e nos programas de forma\u00e7\u00e3o de professores.<\/p>\n<p>Certamente, essas a\u00e7\u00f5es n\u00e3o resolvem todos os problemas, mas o olhar de que o aluno sempre pode aprender e ter todo o sistema orientado para os resultados pedag\u00f3gicos j\u00e1 s\u00e3o um bom come\u00e7o.<\/p>\n","protected":false},"excerpt":{"rendered":"<p>Ernesto Martins Faria Nas \u00faltimas semanas, foram divulgados os resultados da Prova Brasil, do Ideb (\u00cdndice de Desenvolvimento da Educa\u00e7\u00e3o B\u00e1sica) e do Enem 2015 \u2013tr\u00eas importantes avalia\u00e7\u00f5es da nossa educa\u00e7\u00e3o b\u00e1sica. V\u00e1rios especialistas e jornalistas repercutiram os resultados, e a an\u00e1lise a seguir se prop\u00f5e a apresentar o que eles representam de forma concreta. [&hellip;]<\/p>\n","protected":false},"author":2,"featured_media":118969,"comment_status":"open","ping_status":"closed","sticky":false,"template":"","format":"standard","meta":{"_acf_changed":false,"footnotes":""},"categories":[25],"tags":[],"class_list":["post-118968","post","type-post","status-publish","format-standard","has-post-thumbnail","hentry","category-opina-ai"],"acf":[],"yoast_head":"<!-- This site is optimized with the Yoast SEO plugin v27.5 - https:\/\/yoast.com\/product\/yoast-seo-wordpress\/ -->\n<title>Fim da reprova\u00e7\u00e3o \u00e9 o come\u00e7o da melhora na escola - Notibras<\/title>\n<meta name=\"robots\" content=\"index, follow, max-snippet:-1, max-image-preview:large, max-video-preview:-1\" \/>\n<link rel=\"canonical\" href=\"https:\/\/www.notibras.com\/site\/fim-da-reprovacao-e-o-comeco-da-melhora-na-escola\/\" \/>\n<meta property=\"og:locale\" content=\"pt_BR\" \/>\n<meta property=\"og:type\" content=\"article\" \/>\n<meta property=\"og:title\" content=\"Fim da reprova\u00e7\u00e3o \u00e9 o come\u00e7o da melhora na escola - Notibras\" \/>\n<meta property=\"og:description\" content=\"Ernesto Martins Faria Nas \u00faltimas semanas, foram divulgados os resultados da Prova Brasil, do Ideb (\u00cdndice de Desenvolvimento da Educa\u00e7\u00e3o B\u00e1sica) e do Enem 2015 \u2013tr\u00eas importantes avalia\u00e7\u00f5es da nossa educa\u00e7\u00e3o b\u00e1sica. V\u00e1rios especialistas e jornalistas repercutiram os resultados, e a an\u00e1lise a seguir se prop\u00f5e a apresentar o que eles representam de forma concreta. [&hellip;]\" \/>\n<meta property=\"og:url\" content=\"https:\/\/www.notibras.com\/site\/fim-da-reprovacao-e-o-comeco-da-melhora-na-escola\/\" \/>\n<meta property=\"og:site_name\" content=\"Notibras\" \/>\n<meta property=\"article:publisher\" content=\"https:\/\/www.facebook.com\/notibras\/\" \/>\n<meta property=\"article:published_time\" content=\"2016-10-18T15:47:12+00:00\" \/>\n<meta property=\"og:image\" content=\"https:\/\/www.notibras.com\/site\/wp-content\/uploads\/2016\/10\/201311261201440000001527.jpg\" \/>\n\t<meta property=\"og:image:width\" content=\"480\" \/>\n\t<meta property=\"og:image:height\" content=\"350\" \/>\n\t<meta property=\"og:image:type\" content=\"image\/jpeg\" \/>\n<meta name=\"author\" content=\"Reda\u00e7\u00e3o\" \/>\n<meta name=\"twitter:card\" content=\"summary_large_image\" \/>\n<meta name=\"twitter:creator\" content=\"@Notibras\" \/>\n<meta name=\"twitter:site\" content=\"@Notibras\" \/>\n<meta name=\"twitter:label1\" content=\"Escrito por\" \/>\n\t<meta name=\"twitter:data1\" content=\"Reda\u00e7\u00e3o\" \/>\n\t<meta name=\"twitter:label2\" content=\"Est. tempo de leitura\" \/>\n\t<meta name=\"twitter:data2\" content=\"4 minutos\" \/>\n<script type=\"application\/ld+json\" class=\"yoast-schema-graph\">{\"@context\":\"https:\\\/\\\/schema.org\",\"@graph\":[{\"@type\":\"Article\",\"@id\":\"https:\\\/\\\/www.notibras.com\\\/site\\\/fim-da-reprovacao-e-o-comeco-da-melhora-na-escola\\\/#article\",\"isPartOf\":{\"@id\":\"https:\\\/\\\/www.notibras.com\\\/site\\\/fim-da-reprovacao-e-o-comeco-da-melhora-na-escola\\\/\"},\"author\":{\"name\":\"Reda\u00e7\u00e3o\",\"@id\":\"https:\\\/\\\/www.notibras.com\\\/site\\\/#\\\/schema\\\/person\\\/36ab0979449956132d3e5b517ea76ac8\"},\"headline\":\"Fim da reprova\u00e7\u00e3o \u00e9 o come\u00e7o da melhora na escola\",\"datePublished\":\"2016-10-18T15:47:12+00:00\",\"mainEntityOfPage\":{\"@id\":\"https:\\\/\\\/www.notibras.com\\\/site\\\/fim-da-reprovacao-e-o-comeco-da-melhora-na-escola\\\/\"},\"wordCount\":893,\"commentCount\":0,\"publisher\":{\"@id\":\"https:\\\/\\\/www.notibras.com\\\/site\\\/#organization\"},\"image\":{\"@id\":\"https:\\\/\\\/www.notibras.com\\\/site\\\/fim-da-reprovacao-e-o-comeco-da-melhora-na-escola\\\/#primaryimage\"},\"thumbnailUrl\":\"https:\\\/\\\/www.notibras.com\\\/site\\\/wp-content\\\/uploads\\\/2016\\\/10\\\/201311261201440000001527.jpg\",\"articleSection\":[\"Opina a\u00ed\"],\"inLanguage\":\"pt-BR\",\"potentialAction\":[{\"@type\":\"CommentAction\",\"name\":\"Comment\",\"target\":[\"https:\\\/\\\/www.notibras.com\\\/site\\\/fim-da-reprovacao-e-o-comeco-da-melhora-na-escola\\\/#respond\"]}]},{\"@type\":\"WebPage\",\"@id\":\"https:\\\/\\\/www.notibras.com\\\/site\\\/fim-da-reprovacao-e-o-comeco-da-melhora-na-escola\\\/\",\"url\":\"https:\\\/\\\/www.notibras.com\\\/site\\\/fim-da-reprovacao-e-o-comeco-da-melhora-na-escola\\\/\",\"name\":\"Fim da reprova\u00e7\u00e3o \u00e9 o come\u00e7o da melhora na escola - Notibras\",\"isPartOf\":{\"@id\":\"https:\\\/\\\/www.notibras.com\\\/site\\\/#website\"},\"primaryImageOfPage\":{\"@id\":\"https:\\\/\\\/www.notibras.com\\\/site\\\/fim-da-reprovacao-e-o-comeco-da-melhora-na-escola\\\/#primaryimage\"},\"image\":{\"@id\":\"https:\\\/\\\/www.notibras.com\\\/site\\\/fim-da-reprovacao-e-o-comeco-da-melhora-na-escola\\\/#primaryimage\"},\"thumbnailUrl\":\"https:\\\/\\\/www.notibras.com\\\/site\\\/wp-content\\\/uploads\\\/2016\\\/10\\\/201311261201440000001527.jpg\",\"datePublished\":\"2016-10-18T15:47:12+00:00\",\"breadcrumb\":{\"@id\":\"https:\\\/\\\/www.notibras.com\\\/site\\\/fim-da-reprovacao-e-o-comeco-da-melhora-na-escola\\\/#breadcrumb\"},\"inLanguage\":\"pt-BR\",\"potentialAction\":[{\"@type\":\"ReadAction\",\"target\":[\"https:\\\/\\\/www.notibras.com\\\/site\\\/fim-da-reprovacao-e-o-comeco-da-melhora-na-escola\\\/\"]}]},{\"@type\":\"ImageObject\",\"inLanguage\":\"pt-BR\",\"@id\":\"https:\\\/\\\/www.notibras.com\\\/site\\\/fim-da-reprovacao-e-o-comeco-da-melhora-na-escola\\\/#primaryimage\",\"url\":\"https:\\\/\\\/www.notibras.com\\\/site\\\/wp-content\\\/uploads\\\/2016\\\/10\\\/201311261201440000001527.jpg\",\"contentUrl\":\"https:\\\/\\\/www.notibras.com\\\/site\\\/wp-content\\\/uploads\\\/2016\\\/10\\\/201311261201440000001527.jpg\",\"width\":480,\"height\":350},{\"@type\":\"BreadcrumbList\",\"@id\":\"https:\\\/\\\/www.notibras.com\\\/site\\\/fim-da-reprovacao-e-o-comeco-da-melhora-na-escola\\\/#breadcrumb\",\"itemListElement\":[{\"@type\":\"ListItem\",\"position\":1,\"name\":\"In\u00edcio\",\"item\":\"https:\\\/\\\/www.notibras.com\\\/site\\\/\"},{\"@type\":\"ListItem\",\"position\":2,\"name\":\"Fim da reprova\u00e7\u00e3o \u00e9 o come\u00e7o da melhora na escola\"}]},{\"@type\":\"WebSite\",\"@id\":\"https:\\\/\\\/www.notibras.com\\\/site\\\/#website\",\"url\":\"https:\\\/\\\/www.notibras.com\\\/site\\\/\",\"name\":\"Notibras\",\"description\":\"Not\u00edcias de Bras\u00edlia, do Brasil e do Mundo\",\"publisher\":{\"@id\":\"https:\\\/\\\/www.notibras.com\\\/site\\\/#organization\"},\"potentialAction\":[{\"@type\":\"SearchAction\",\"target\":{\"@type\":\"EntryPoint\",\"urlTemplate\":\"https:\\\/\\\/www.notibras.com\\\/site\\\/?s={search_term_string}\"},\"query-input\":{\"@type\":\"PropertyValueSpecification\",\"valueRequired\":true,\"valueName\":\"search_term_string\"}}],\"inLanguage\":\"pt-BR\"},{\"@type\":\"Organization\",\"@id\":\"https:\\\/\\\/www.notibras.com\\\/site\\\/#organization\",\"name\":\"Grupo Notibras de Comunica\u00e7\u00e3o\",\"url\":\"https:\\\/\\\/www.notibras.com\\\/site\\\/\",\"logo\":{\"@type\":\"ImageObject\",\"inLanguage\":\"pt-BR\",\"@id\":\"https:\\\/\\\/www.notibras.com\\\/site\\\/#\\\/schema\\\/logo\\\/image\\\/\",\"url\":\"https:\\\/\\\/www.notibras.com\\\/site\\\/wp-content\\\/uploads\\\/2023\\\/01\\\/notibras23.png\",\"contentUrl\":\"https:\\\/\\\/www.notibras.com\\\/site\\\/wp-content\\\/uploads\\\/2023\\\/01\\\/notibras23.png\",\"width\":350,\"height\":87,\"caption\":\"Grupo Notibras de Comunica\u00e7\u00e3o\"},\"image\":{\"@id\":\"https:\\\/\\\/www.notibras.com\\\/site\\\/#\\\/schema\\\/logo\\\/image\\\/\"},\"sameAs\":[\"https:\\\/\\\/www.facebook.com\\\/notibras\\\/\",\"https:\\\/\\\/x.com\\\/Notibras\",\"https:\\\/\\\/www.instagram.com\\\/notibras\\\/\"]},{\"@type\":\"Person\",\"@id\":\"https:\\\/\\\/www.notibras.com\\\/site\\\/#\\\/schema\\\/person\\\/36ab0979449956132d3e5b517ea76ac8\",\"name\":\"Reda\u00e7\u00e3o\",\"image\":{\"@type\":\"ImageObject\",\"inLanguage\":\"pt-BR\",\"@id\":\"https:\\\/\\\/secure.gravatar.com\\\/avatar\\\/e0a867bdedb85fd243eadf09663511f96fc81e0720a4a42581f334ad4303aa6b?s=96&d=mm&r=g\",\"url\":\"https:\\\/\\\/secure.gravatar.com\\\/avatar\\\/e0a867bdedb85fd243eadf09663511f96fc81e0720a4a42581f334ad4303aa6b?s=96&d=mm&r=g\",\"contentUrl\":\"https:\\\/\\\/secure.gravatar.com\\\/avatar\\\/e0a867bdedb85fd243eadf09663511f96fc81e0720a4a42581f334ad4303aa6b?s=96&d=mm&r=g\",\"caption\":\"Reda\u00e7\u00e3o\"}}]}<\/script>\n<!-- \/ Yoast SEO plugin. -->","yoast_head_json":{"title":"Fim da reprova\u00e7\u00e3o \u00e9 o come\u00e7o da melhora na escola - Notibras","robots":{"index":"index","follow":"follow","max-snippet":"max-snippet:-1","max-image-preview":"max-image-preview:large","max-video-preview":"max-video-preview:-1"},"canonical":"https:\/\/www.notibras.com\/site\/fim-da-reprovacao-e-o-comeco-da-melhora-na-escola\/","og_locale":"pt_BR","og_type":"article","og_title":"Fim da reprova\u00e7\u00e3o \u00e9 o come\u00e7o da melhora na escola - Notibras","og_description":"Ernesto Martins Faria Nas \u00faltimas semanas, foram divulgados os resultados da Prova Brasil, do Ideb (\u00cdndice de Desenvolvimento da Educa\u00e7\u00e3o B\u00e1sica) e do Enem 2015 \u2013tr\u00eas importantes avalia\u00e7\u00f5es da nossa educa\u00e7\u00e3o b\u00e1sica. V\u00e1rios especialistas e jornalistas repercutiram os resultados, e a an\u00e1lise a seguir se prop\u00f5e a apresentar o que eles representam de forma concreta. [&hellip;]","og_url":"https:\/\/www.notibras.com\/site\/fim-da-reprovacao-e-o-comeco-da-melhora-na-escola\/","og_site_name":"Notibras","article_publisher":"https:\/\/www.facebook.com\/notibras\/","article_published_time":"2016-10-18T15:47:12+00:00","og_image":[{"width":480,"height":350,"url":"https:\/\/www.notibras.com\/site\/wp-content\/uploads\/2016\/10\/201311261201440000001527.jpg","type":"image\/jpeg"}],"author":"Reda\u00e7\u00e3o","twitter_card":"summary_large_image","twitter_creator":"@Notibras","twitter_site":"@Notibras","twitter_misc":{"Escrito por":"Reda\u00e7\u00e3o","Est. tempo de leitura":"4 minutos"},"schema":{"@context":"https:\/\/schema.org","@graph":[{"@type":"Article","@id":"https:\/\/www.notibras.com\/site\/fim-da-reprovacao-e-o-comeco-da-melhora-na-escola\/#article","isPartOf":{"@id":"https:\/\/www.notibras.com\/site\/fim-da-reprovacao-e-o-comeco-da-melhora-na-escola\/"},"author":{"name":"Reda\u00e7\u00e3o","@id":"https:\/\/www.notibras.com\/site\/#\/schema\/person\/36ab0979449956132d3e5b517ea76ac8"},"headline":"Fim da reprova\u00e7\u00e3o \u00e9 o come\u00e7o da melhora na escola","datePublished":"2016-10-18T15:47:12+00:00","mainEntityOfPage":{"@id":"https:\/\/www.notibras.com\/site\/fim-da-reprovacao-e-o-comeco-da-melhora-na-escola\/"},"wordCount":893,"commentCount":0,"publisher":{"@id":"https:\/\/www.notibras.com\/site\/#organization"},"image":{"@id":"https:\/\/www.notibras.com\/site\/fim-da-reprovacao-e-o-comeco-da-melhora-na-escola\/#primaryimage"},"thumbnailUrl":"https:\/\/www.notibras.com\/site\/wp-content\/uploads\/2016\/10\/201311261201440000001527.jpg","articleSection":["Opina a\u00ed"],"inLanguage":"pt-BR","potentialAction":[{"@type":"CommentAction","name":"Comment","target":["https:\/\/www.notibras.com\/site\/fim-da-reprovacao-e-o-comeco-da-melhora-na-escola\/#respond"]}]},{"@type":"WebPage","@id":"https:\/\/www.notibras.com\/site\/fim-da-reprovacao-e-o-comeco-da-melhora-na-escola\/","url":"https:\/\/www.notibras.com\/site\/fim-da-reprovacao-e-o-comeco-da-melhora-na-escola\/","name":"Fim da reprova\u00e7\u00e3o \u00e9 o come\u00e7o da melhora na escola - Notibras","isPartOf":{"@id":"https:\/\/www.notibras.com\/site\/#website"},"primaryImageOfPage":{"@id":"https:\/\/www.notibras.com\/site\/fim-da-reprovacao-e-o-comeco-da-melhora-na-escola\/#primaryimage"},"image":{"@id":"https:\/\/www.notibras.com\/site\/fim-da-reprovacao-e-o-comeco-da-melhora-na-escola\/#primaryimage"},"thumbnailUrl":"https:\/\/www.notibras.com\/site\/wp-content\/uploads\/2016\/10\/201311261201440000001527.jpg","datePublished":"2016-10-18T15:47:12+00:00","breadcrumb":{"@id":"https:\/\/www.notibras.com\/site\/fim-da-reprovacao-e-o-comeco-da-melhora-na-escola\/#breadcrumb"},"inLanguage":"pt-BR","potentialAction":[{"@type":"ReadAction","target":["https:\/\/www.notibras.com\/site\/fim-da-reprovacao-e-o-comeco-da-melhora-na-escola\/"]}]},{"@type":"ImageObject","inLanguage":"pt-BR","@id":"https:\/\/www.notibras.com\/site\/fim-da-reprovacao-e-o-comeco-da-melhora-na-escola\/#primaryimage","url":"https:\/\/www.notibras.com\/site\/wp-content\/uploads\/2016\/10\/201311261201440000001527.jpg","contentUrl":"https:\/\/www.notibras.com\/site\/wp-content\/uploads\/2016\/10\/201311261201440000001527.jpg","width":480,"height":350},{"@type":"BreadcrumbList","@id":"https:\/\/www.notibras.com\/site\/fim-da-reprovacao-e-o-comeco-da-melhora-na-escola\/#breadcrumb","itemListElement":[{"@type":"ListItem","position":1,"name":"In\u00edcio","item":"https:\/\/www.notibras.com\/site\/"},{"@type":"ListItem","position":2,"name":"Fim da reprova\u00e7\u00e3o \u00e9 o come\u00e7o da melhora na escola"}]},{"@type":"WebSite","@id":"https:\/\/www.notibras.com\/site\/#website","url":"https:\/\/www.notibras.com\/site\/","name":"Notibras","description":"Not\u00edcias de Bras\u00edlia, do Brasil e do Mundo","publisher":{"@id":"https:\/\/www.notibras.com\/site\/#organization"},"potentialAction":[{"@type":"SearchAction","target":{"@type":"EntryPoint","urlTemplate":"https:\/\/www.notibras.com\/site\/?s={search_term_string}"},"query-input":{"@type":"PropertyValueSpecification","valueRequired":true,"valueName":"search_term_string"}}],"inLanguage":"pt-BR"},{"@type":"Organization","@id":"https:\/\/www.notibras.com\/site\/#organization","name":"Grupo Notibras de Comunica\u00e7\u00e3o","url":"https:\/\/www.notibras.com\/site\/","logo":{"@type":"ImageObject","inLanguage":"pt-BR","@id":"https:\/\/www.notibras.com\/site\/#\/schema\/logo\/image\/","url":"https:\/\/www.notibras.com\/site\/wp-content\/uploads\/2023\/01\/notibras23.png","contentUrl":"https:\/\/www.notibras.com\/site\/wp-content\/uploads\/2023\/01\/notibras23.png","width":350,"height":87,"caption":"Grupo Notibras de Comunica\u00e7\u00e3o"},"image":{"@id":"https:\/\/www.notibras.com\/site\/#\/schema\/logo\/image\/"},"sameAs":["https:\/\/www.facebook.com\/notibras\/","https:\/\/x.com\/Notibras","https:\/\/www.instagram.com\/notibras\/"]},{"@type":"Person","@id":"https:\/\/www.notibras.com\/site\/#\/schema\/person\/36ab0979449956132d3e5b517ea76ac8","name":"Reda\u00e7\u00e3o","image":{"@type":"ImageObject","inLanguage":"pt-BR","@id":"https:\/\/secure.gravatar.com\/avatar\/e0a867bdedb85fd243eadf09663511f96fc81e0720a4a42581f334ad4303aa6b?s=96&d=mm&r=g","url":"https:\/\/secure.gravatar.com\/avatar\/e0a867bdedb85fd243eadf09663511f96fc81e0720a4a42581f334ad4303aa6b?s=96&d=mm&r=g","contentUrl":"https:\/\/secure.gravatar.com\/avatar\/e0a867bdedb85fd243eadf09663511f96fc81e0720a4a42581f334ad4303aa6b?s=96&d=mm&r=g","caption":"Reda\u00e7\u00e3o"}}]}},"amp_enabled":true,"_links":{"self":[{"href":"https:\/\/www.notibras.com\/site\/wp-json\/wp\/v2\/posts\/118968","targetHints":{"allow":["GET"]}}],"collection":[{"href":"https:\/\/www.notibras.com\/site\/wp-json\/wp\/v2\/posts"}],"about":[{"href":"https:\/\/www.notibras.com\/site\/wp-json\/wp\/v2\/types\/post"}],"author":[{"embeddable":true,"href":"https:\/\/www.notibras.com\/site\/wp-json\/wp\/v2\/users\/2"}],"replies":[{"embeddable":true,"href":"https:\/\/www.notibras.com\/site\/wp-json\/wp\/v2\/comments?post=118968"}],"version-history":[{"count":1,"href":"https:\/\/www.notibras.com\/site\/wp-json\/wp\/v2\/posts\/118968\/revisions"}],"predecessor-version":[{"id":118970,"href":"https:\/\/www.notibras.com\/site\/wp-json\/wp\/v2\/posts\/118968\/revisions\/118970"}],"wp:featuredmedia":[{"embeddable":true,"href":"https:\/\/www.notibras.com\/site\/wp-json\/wp\/v2\/media\/118969"}],"wp:attachment":[{"href":"https:\/\/www.notibras.com\/site\/wp-json\/wp\/v2\/media?parent=118968"}],"wp:term":[{"taxonomy":"category","embeddable":true,"href":"https:\/\/www.notibras.com\/site\/wp-json\/wp\/v2\/categories?post=118968"},{"taxonomy":"post_tag","embeddable":true,"href":"https:\/\/www.notibras.com\/site\/wp-json\/wp\/v2\/tags?post=118968"}],"curies":[{"name":"wp","href":"https:\/\/api.w.org\/{rel}","templated":true}]}}