{"id":11903,"date":"2014-06-01T17:47:46","date_gmt":"2014-06-01T20:47:46","guid":{"rendered":"http:\/\/www.notibras.com\/site\/?p=11903"},"modified":"2014-06-01T18:48:01","modified_gmt":"2014-06-01T21:48:01","slug":"chapecoense-passa-pelo-bahia-e-respira-mais-aliviado","status":"publish","type":"post","link":"https:\/\/www.notibras.com\/site\/chapecoense-passa-pelo-bahia-e-respira-mais-aliviado\/","title":{"rendered":"Chapecoense passa pelo Bahia e respira mais aliviado"},"content":{"rendered":"<p>Na \u00faltima rodada do Campeonato Brasileiro antes da parada para a Copa do Mundo, a Chapecoense derrotou o Bahia por 2 a 1 na Arena Cond\u00e1, em Chapec\u00f3, conquistando a sua segunda vit\u00f3ria na competi\u00e7\u00e3o. O resultado levou a equipe catarinense a 16\u00aa posi\u00e7\u00e3o, oito pontos, uma posi\u00e7\u00e3o abaixo do Bahia, que possui o mesmo n\u00famero de pontos.<\/p>\n<p class=\"text\">O primeiro tempo da partida foi bastante morno, sem grandes chances para nenhuma das duas equipes. O primeiro chute com um pouco mais de perigo foi de Tiago Luis, que arriscou de longe e exigiu defesa em dois tempos de Marcelo Lomba. O Bahia respondeu aos 25min, com Anderson Talisca; ele aproveitou a bola de Maxi Biancucchi e bateu forte, mas o goleiro da Chapecoense conseguiu segurar.<\/p>\n<blockquote>\n<p class=\"text\">Sem boas finaliza\u00e7\u00f5es, os goleiros tiveram pouco trabalho no primeiro tempo, mas o time da casa foi quem mais tentou abrir o placar. Aos 43min Tiago Luis mais uma vez foi o respons\u00e1vel por uma boa chance da Chapecoense, tentando de cabe\u00e7a, mas a arbitragem paralisou a jogada, marcando falta de ataque.<\/p>\n<\/blockquote>\n<p class=\"text\">Na volta ao gramado para a segunda etapa o Bahia tentou pressionar, mas aos 8min Abuda colocou a Chapecoense na frente. O atacante, que estava no Vasco da Gama, recebeu passe de Fabiano e, de perna esquerda, bateu firme, sem chances para o goleiro Marcelo Lomba.<\/p>\n<p class=\"text\">O Bahia buscou o empate, mas sofreu com o excessivo n\u00famero de passes errados, e viu o Chapecoense ampliar o placar aos 25min. Depois de boa jogada, Tiago Luis fez passe para Alem\u00e3o, que bateu para o gol a e ainda contou com a sorte: a bola passou por baixo das pernas de Marcelo Lomba, e a zaga baiana ainda tentou tirar, mas j\u00e1 tinha ultrapassado a linha.<\/p>\n<p class=\"text\">Nas bolas paradas e nos chutes de bola o Bahia tentava diminuir o placar. Aos 29min Talisca arriscou, mas o chute foi por cima do gol de Danilo. Oito minutos depois o mesmo jogador tentou de falta, e a bola explodiu na zaga. Sobrou para a zaga baiana deixar a sua marca\u00a0e quase no fim do jogo\u00a0diminuir o placar em Chapec\u00f3. Aos 40min,\u00a0depois de escanteio cobrado por Talisca, a bola sobrou para D\u00e9merson acertar um belo chute e marcar o gol do Bahia.<\/p>\n<p class=\"text\">Quando o Campeonato Brasileiro voltar, em 16 de julho, tr\u00eas dias ap\u00f3s a final da Copa do Mundo, a Chapecoense recebe o Atl\u00e9tico-MG novamente na Arena Cond\u00e1, e o Bahia enfrenta o S\u00e3o Paulo, na Arena Fonte Nova.<\/p>\n","protected":false},"excerpt":{"rendered":"<p>Na \u00faltima rodada do Campeonato Brasileiro antes da parada para a Copa do Mundo, a Chapecoense derrotou o Bahia por 2 a 1 na Arena Cond\u00e1, em Chapec\u00f3, conquistando a sua segunda vit\u00f3ria na competi\u00e7\u00e3o. O resultado levou a equipe catarinense a 16\u00aa posi\u00e7\u00e3o, oito pontos, uma posi\u00e7\u00e3o abaixo do Bahia, que possui o mesmo [&hellip;]<\/p>\n","protected":false},"author":2,"featured_media":11904,"comment_status":"open","ping_status":"closed","sticky":false,"template":"","format":"standard","meta":{"_acf_changed":false,"footnotes":""},"categories":[19,29],"tags":[],"class_list":["post-11903","post","type-post","status-publish","format-standard","has-post-thumbnail","hentry","category-esportes","category-futebol"],"acf":[],"yoast_head":"<!-- This site is optimized with the Yoast SEO plugin v27.2 - https:\/\/yoast.com\/product\/yoast-seo-wordpress\/ -->\n<title>Chapecoense passa pelo Bahia e respira mais aliviado - Notibras<\/title>\n<meta name=\"robots\" content=\"index, follow, max-snippet:-1, max-image-preview:large, max-video-preview:-1\" \/>\n<link rel=\"canonical\" href=\"https:\/\/www.notibras.com\/site\/chapecoense-passa-pelo-bahia-e-respira-mais-aliviado\/\" \/>\n<meta property=\"og:locale\" content=\"pt_BR\" \/>\n<meta property=\"og:type\" content=\"article\" \/>\n<meta property=\"og:title\" content=\"Chapecoense passa pelo Bahia e respira mais aliviado - Notibras\" \/>\n<meta property=\"og:description\" content=\"Na \u00faltima rodada do Campeonato Brasileiro antes da parada para a Copa do Mundo, a Chapecoense derrotou o Bahia por 2 a 1 na Arena Cond\u00e1, em Chapec\u00f3, conquistando a sua segunda vit\u00f3ria na competi\u00e7\u00e3o. O resultado levou a equipe catarinense a 16\u00aa posi\u00e7\u00e3o, oito pontos, uma posi\u00e7\u00e3o abaixo do Bahia, que possui o mesmo [&hellip;]\" \/>\n<meta property=\"og:url\" content=\"https:\/\/www.notibras.com\/site\/chapecoense-passa-pelo-bahia-e-respira-mais-aliviado\/\" \/>\n<meta property=\"og:site_name\" content=\"Notibras\" \/>\n<meta property=\"article:publisher\" content=\"https:\/\/www.facebook.com\/notibras\/\" \/>\n<meta property=\"article:published_time\" content=\"2014-06-01T20:47:46+00:00\" \/>\n<meta property=\"article:modified_time\" content=\"2014-06-01T21:48:01+00:00\" \/>\n<meta property=\"og:image\" content=\"https:\/\/www.notibras.com\/site\/wp-content\/uploads\/2014\/06\/fabianorafaelmirandachapecoensexbahia0106getty.jpg\" \/>\n\t<meta property=\"og:image:width\" content=\"480\" \/>\n\t<meta property=\"og:image:height\" content=\"640\" \/>\n\t<meta property=\"og:image:type\" content=\"image\/jpeg\" \/>\n<meta name=\"author\" content=\"Reda\u00e7\u00e3o\" \/>\n<meta name=\"twitter:card\" content=\"summary_large_image\" \/>\n<meta name=\"twitter:creator\" content=\"@Notibras\" \/>\n<meta name=\"twitter:site\" content=\"@Notibras\" \/>\n<meta name=\"twitter:label1\" content=\"Escrito por\" \/>\n\t<meta name=\"twitter:data1\" content=\"Reda\u00e7\u00e3o\" \/>\n\t<meta name=\"twitter:label2\" content=\"Est. tempo de leitura\" \/>\n\t<meta name=\"twitter:data2\" content=\"2 minutos\" \/>\n<script type=\"application\/ld+json\" class=\"yoast-schema-graph\">{\"@context\":\"https:\/\/schema.org\",\"@graph\":[{\"@type\":\"Article\",\"@id\":\"https:\/\/www.notibras.com\/site\/chapecoense-passa-pelo-bahia-e-respira-mais-aliviado\/#article\",\"isPartOf\":{\"@id\":\"https:\/\/www.notibras.com\/site\/chapecoense-passa-pelo-bahia-e-respira-mais-aliviado\/\"},\"author\":{\"name\":\"Reda\u00e7\u00e3o\",\"@id\":\"https:\/\/www.notibras.com\/site\/#\/schema\/person\/36ab0979449956132d3e5b517ea76ac8\"},\"headline\":\"Chapecoense passa pelo Bahia e respira mais aliviado\",\"datePublished\":\"2014-06-01T20:47:46+00:00\",\"dateModified\":\"2014-06-01T21:48:01+00:00\",\"mainEntityOfPage\":{\"@id\":\"https:\/\/www.notibras.com\/site\/chapecoense-passa-pelo-bahia-e-respira-mais-aliviado\/\"},\"wordCount\":434,\"commentCount\":0,\"publisher\":{\"@id\":\"https:\/\/www.notibras.com\/site\/#organization\"},\"image\":{\"@id\":\"https:\/\/www.notibras.com\/site\/chapecoense-passa-pelo-bahia-e-respira-mais-aliviado\/#primaryimage\"},\"thumbnailUrl\":\"https:\/\/www.notibras.com\/site\/wp-content\/uploads\/2014\/06\/fabianorafaelmirandachapecoensexbahia0106getty.jpg\",\"articleSection\":[\"Esportes\",\"Futebol\"],\"inLanguage\":\"pt-BR\",\"potentialAction\":[{\"@type\":\"CommentAction\",\"name\":\"Comment\",\"target\":[\"https:\/\/www.notibras.com\/site\/chapecoense-passa-pelo-bahia-e-respira-mais-aliviado\/#respond\"]}]},{\"@type\":\"WebPage\",\"@id\":\"https:\/\/www.notibras.com\/site\/chapecoense-passa-pelo-bahia-e-respira-mais-aliviado\/\",\"url\":\"https:\/\/www.notibras.com\/site\/chapecoense-passa-pelo-bahia-e-respira-mais-aliviado\/\",\"name\":\"Chapecoense passa pelo Bahia e respira mais aliviado - Notibras\",\"isPartOf\":{\"@id\":\"https:\/\/www.notibras.com\/site\/#website\"},\"primaryImageOfPage\":{\"@id\":\"https:\/\/www.notibras.com\/site\/chapecoense-passa-pelo-bahia-e-respira-mais-aliviado\/#primaryimage\"},\"image\":{\"@id\":\"https:\/\/www.notibras.com\/site\/chapecoense-passa-pelo-bahia-e-respira-mais-aliviado\/#primaryimage\"},\"thumbnailUrl\":\"https:\/\/www.notibras.com\/site\/wp-content\/uploads\/2014\/06\/fabianorafaelmirandachapecoensexbahia0106getty.jpg\",\"datePublished\":\"2014-06-01T20:47:46+00:00\",\"dateModified\":\"2014-06-01T21:48:01+00:00\",\"breadcrumb\":{\"@id\":\"https:\/\/www.notibras.com\/site\/chapecoense-passa-pelo-bahia-e-respira-mais-aliviado\/#breadcrumb\"},\"inLanguage\":\"pt-BR\",\"potentialAction\":[{\"@type\":\"ReadAction\",\"target\":[\"https:\/\/www.notibras.com\/site\/chapecoense-passa-pelo-bahia-e-respira-mais-aliviado\/\"]}]},{\"@type\":\"ImageObject\",\"inLanguage\":\"pt-BR\",\"@id\":\"https:\/\/www.notibras.com\/site\/chapecoense-passa-pelo-bahia-e-respira-mais-aliviado\/#primaryimage\",\"url\":\"https:\/\/www.notibras.com\/site\/wp-content\/uploads\/2014\/06\/fabianorafaelmirandachapecoensexbahia0106getty.jpg\",\"contentUrl\":\"https:\/\/www.notibras.com\/site\/wp-content\/uploads\/2014\/06\/fabianorafaelmirandachapecoensexbahia0106getty.jpg\",\"width\":480,\"height\":640},{\"@type\":\"BreadcrumbList\",\"@id\":\"https:\/\/www.notibras.com\/site\/chapecoense-passa-pelo-bahia-e-respira-mais-aliviado\/#breadcrumb\",\"itemListElement\":[{\"@type\":\"ListItem\",\"position\":1,\"name\":\"In\u00edcio\",\"item\":\"https:\/\/www.notibras.com\/site\/\"},{\"@type\":\"ListItem\",\"position\":2,\"name\":\"Chapecoense passa pelo Bahia e respira mais aliviado\"}]},{\"@type\":\"WebSite\",\"@id\":\"https:\/\/www.notibras.com\/site\/#website\",\"url\":\"https:\/\/www.notibras.com\/site\/\",\"name\":\"Notibras\",\"description\":\"Not\u00edcias de Bras\u00edlia, do Brasil e do Mundo\",\"publisher\":{\"@id\":\"https:\/\/www.notibras.com\/site\/#organization\"},\"potentialAction\":[{\"@type\":\"SearchAction\",\"target\":{\"@type\":\"EntryPoint\",\"urlTemplate\":\"https:\/\/www.notibras.com\/site\/?s={search_term_string}\"},\"query-input\":{\"@type\":\"PropertyValueSpecification\",\"valueRequired\":true,\"valueName\":\"search_term_string\"}}],\"inLanguage\":\"pt-BR\"},{\"@type\":\"Organization\",\"@id\":\"https:\/\/www.notibras.com\/site\/#organization\",\"name\":\"Grupo Notibras de Comunica\u00e7\u00e3o\",\"url\":\"https:\/\/www.notibras.com\/site\/\",\"logo\":{\"@type\":\"ImageObject\",\"inLanguage\":\"pt-BR\",\"@id\":\"https:\/\/www.notibras.com\/site\/#\/schema\/logo\/image\/\",\"url\":\"https:\/\/www.notibras.com\/site\/wp-content\/uploads\/2023\/01\/notibras23.png\",\"contentUrl\":\"https:\/\/www.notibras.com\/site\/wp-content\/uploads\/2023\/01\/notibras23.png\",\"width\":350,\"height\":87,\"caption\":\"Grupo Notibras de Comunica\u00e7\u00e3o\"},\"image\":{\"@id\":\"https:\/\/www.notibras.com\/site\/#\/schema\/logo\/image\/\"},\"sameAs\":[\"https:\/\/www.facebook.com\/notibras\/\",\"https:\/\/x.com\/Notibras\",\"https:\/\/www.instagram.com\/notibras\/\"]},{\"@type\":\"Person\",\"@id\":\"https:\/\/www.notibras.com\/site\/#\/schema\/person\/36ab0979449956132d3e5b517ea76ac8\",\"name\":\"Reda\u00e7\u00e3o\",\"image\":{\"@type\":\"ImageObject\",\"inLanguage\":\"pt-BR\",\"@id\":\"https:\/\/secure.gravatar.com\/avatar\/e0a867bdedb85fd243eadf09663511f96fc81e0720a4a42581f334ad4303aa6b?s=96&d=mm&r=g\",\"url\":\"https:\/\/secure.gravatar.com\/avatar\/e0a867bdedb85fd243eadf09663511f96fc81e0720a4a42581f334ad4303aa6b?s=96&d=mm&r=g\",\"contentUrl\":\"https:\/\/secure.gravatar.com\/avatar\/e0a867bdedb85fd243eadf09663511f96fc81e0720a4a42581f334ad4303aa6b?s=96&d=mm&r=g\",\"caption\":\"Reda\u00e7\u00e3o\"}}]}<\/script>\n<!-- \/ Yoast SEO plugin. -->","yoast_head_json":{"title":"Chapecoense passa pelo Bahia e respira mais aliviado - Notibras","robots":{"index":"index","follow":"follow","max-snippet":"max-snippet:-1","max-image-preview":"max-image-preview:large","max-video-preview":"max-video-preview:-1"},"canonical":"https:\/\/www.notibras.com\/site\/chapecoense-passa-pelo-bahia-e-respira-mais-aliviado\/","og_locale":"pt_BR","og_type":"article","og_title":"Chapecoense passa pelo Bahia e respira mais aliviado - Notibras","og_description":"Na \u00faltima rodada do Campeonato Brasileiro antes da parada para a Copa do Mundo, a Chapecoense derrotou o Bahia por 2 a 1 na Arena Cond\u00e1, em Chapec\u00f3, conquistando a sua segunda vit\u00f3ria na competi\u00e7\u00e3o. O resultado levou a equipe catarinense a 16\u00aa posi\u00e7\u00e3o, oito pontos, uma posi\u00e7\u00e3o abaixo do Bahia, que possui o mesmo [&hellip;]","og_url":"https:\/\/www.notibras.com\/site\/chapecoense-passa-pelo-bahia-e-respira-mais-aliviado\/","og_site_name":"Notibras","article_publisher":"https:\/\/www.facebook.com\/notibras\/","article_published_time":"2014-06-01T20:47:46+00:00","article_modified_time":"2014-06-01T21:48:01+00:00","og_image":[{"width":480,"height":640,"url":"https:\/\/www.notibras.com\/site\/wp-content\/uploads\/2014\/06\/fabianorafaelmirandachapecoensexbahia0106getty.jpg","type":"image\/jpeg"}],"author":"Reda\u00e7\u00e3o","twitter_card":"summary_large_image","twitter_creator":"@Notibras","twitter_site":"@Notibras","twitter_misc":{"Escrito por":"Reda\u00e7\u00e3o","Est. tempo de leitura":"2 minutos"},"schema":{"@context":"https:\/\/schema.org","@graph":[{"@type":"Article","@id":"https:\/\/www.notibras.com\/site\/chapecoense-passa-pelo-bahia-e-respira-mais-aliviado\/#article","isPartOf":{"@id":"https:\/\/www.notibras.com\/site\/chapecoense-passa-pelo-bahia-e-respira-mais-aliviado\/"},"author":{"name":"Reda\u00e7\u00e3o","@id":"https:\/\/www.notibras.com\/site\/#\/schema\/person\/36ab0979449956132d3e5b517ea76ac8"},"headline":"Chapecoense passa pelo Bahia e respira mais aliviado","datePublished":"2014-06-01T20:47:46+00:00","dateModified":"2014-06-01T21:48:01+00:00","mainEntityOfPage":{"@id":"https:\/\/www.notibras.com\/site\/chapecoense-passa-pelo-bahia-e-respira-mais-aliviado\/"},"wordCount":434,"commentCount":0,"publisher":{"@id":"https:\/\/www.notibras.com\/site\/#organization"},"image":{"@id":"https:\/\/www.notibras.com\/site\/chapecoense-passa-pelo-bahia-e-respira-mais-aliviado\/#primaryimage"},"thumbnailUrl":"https:\/\/www.notibras.com\/site\/wp-content\/uploads\/2014\/06\/fabianorafaelmirandachapecoensexbahia0106getty.jpg","articleSection":["Esportes","Futebol"],"inLanguage":"pt-BR","potentialAction":[{"@type":"CommentAction","name":"Comment","target":["https:\/\/www.notibras.com\/site\/chapecoense-passa-pelo-bahia-e-respira-mais-aliviado\/#respond"]}]},{"@type":"WebPage","@id":"https:\/\/www.notibras.com\/site\/chapecoense-passa-pelo-bahia-e-respira-mais-aliviado\/","url":"https:\/\/www.notibras.com\/site\/chapecoense-passa-pelo-bahia-e-respira-mais-aliviado\/","name":"Chapecoense passa pelo Bahia e respira mais aliviado - Notibras","isPartOf":{"@id":"https:\/\/www.notibras.com\/site\/#website"},"primaryImageOfPage":{"@id":"https:\/\/www.notibras.com\/site\/chapecoense-passa-pelo-bahia-e-respira-mais-aliviado\/#primaryimage"},"image":{"@id":"https:\/\/www.notibras.com\/site\/chapecoense-passa-pelo-bahia-e-respira-mais-aliviado\/#primaryimage"},"thumbnailUrl":"https:\/\/www.notibras.com\/site\/wp-content\/uploads\/2014\/06\/fabianorafaelmirandachapecoensexbahia0106getty.jpg","datePublished":"2014-06-01T20:47:46+00:00","dateModified":"2014-06-01T21:48:01+00:00","breadcrumb":{"@id":"https:\/\/www.notibras.com\/site\/chapecoense-passa-pelo-bahia-e-respira-mais-aliviado\/#breadcrumb"},"inLanguage":"pt-BR","potentialAction":[{"@type":"ReadAction","target":["https:\/\/www.notibras.com\/site\/chapecoense-passa-pelo-bahia-e-respira-mais-aliviado\/"]}]},{"@type":"ImageObject","inLanguage":"pt-BR","@id":"https:\/\/www.notibras.com\/site\/chapecoense-passa-pelo-bahia-e-respira-mais-aliviado\/#primaryimage","url":"https:\/\/www.notibras.com\/site\/wp-content\/uploads\/2014\/06\/fabianorafaelmirandachapecoensexbahia0106getty.jpg","contentUrl":"https:\/\/www.notibras.com\/site\/wp-content\/uploads\/2014\/06\/fabianorafaelmirandachapecoensexbahia0106getty.jpg","width":480,"height":640},{"@type":"BreadcrumbList","@id":"https:\/\/www.notibras.com\/site\/chapecoense-passa-pelo-bahia-e-respira-mais-aliviado\/#breadcrumb","itemListElement":[{"@type":"ListItem","position":1,"name":"In\u00edcio","item":"https:\/\/www.notibras.com\/site\/"},{"@type":"ListItem","position":2,"name":"Chapecoense passa pelo Bahia e respira mais aliviado"}]},{"@type":"WebSite","@id":"https:\/\/www.notibras.com\/site\/#website","url":"https:\/\/www.notibras.com\/site\/","name":"Notibras","description":"Not\u00edcias de Bras\u00edlia, do Brasil e do Mundo","publisher":{"@id":"https:\/\/www.notibras.com\/site\/#organization"},"potentialAction":[{"@type":"SearchAction","target":{"@type":"EntryPoint","urlTemplate":"https:\/\/www.notibras.com\/site\/?s={search_term_string}"},"query-input":{"@type":"PropertyValueSpecification","valueRequired":true,"valueName":"search_term_string"}}],"inLanguage":"pt-BR"},{"@type":"Organization","@id":"https:\/\/www.notibras.com\/site\/#organization","name":"Grupo Notibras de Comunica\u00e7\u00e3o","url":"https:\/\/www.notibras.com\/site\/","logo":{"@type":"ImageObject","inLanguage":"pt-BR","@id":"https:\/\/www.notibras.com\/site\/#\/schema\/logo\/image\/","url":"https:\/\/www.notibras.com\/site\/wp-content\/uploads\/2023\/01\/notibras23.png","contentUrl":"https:\/\/www.notibras.com\/site\/wp-content\/uploads\/2023\/01\/notibras23.png","width":350,"height":87,"caption":"Grupo Notibras de Comunica\u00e7\u00e3o"},"image":{"@id":"https:\/\/www.notibras.com\/site\/#\/schema\/logo\/image\/"},"sameAs":["https:\/\/www.facebook.com\/notibras\/","https:\/\/x.com\/Notibras","https:\/\/www.instagram.com\/notibras\/"]},{"@type":"Person","@id":"https:\/\/www.notibras.com\/site\/#\/schema\/person\/36ab0979449956132d3e5b517ea76ac8","name":"Reda\u00e7\u00e3o","image":{"@type":"ImageObject","inLanguage":"pt-BR","@id":"https:\/\/secure.gravatar.com\/avatar\/e0a867bdedb85fd243eadf09663511f96fc81e0720a4a42581f334ad4303aa6b?s=96&d=mm&r=g","url":"https:\/\/secure.gravatar.com\/avatar\/e0a867bdedb85fd243eadf09663511f96fc81e0720a4a42581f334ad4303aa6b?s=96&d=mm&r=g","contentUrl":"https:\/\/secure.gravatar.com\/avatar\/e0a867bdedb85fd243eadf09663511f96fc81e0720a4a42581f334ad4303aa6b?s=96&d=mm&r=g","caption":"Reda\u00e7\u00e3o"}}]}},"amp_enabled":true,"_links":{"self":[{"href":"https:\/\/www.notibras.com\/site\/wp-json\/wp\/v2\/posts\/11903","targetHints":{"allow":["GET"]}}],"collection":[{"href":"https:\/\/www.notibras.com\/site\/wp-json\/wp\/v2\/posts"}],"about":[{"href":"https:\/\/www.notibras.com\/site\/wp-json\/wp\/v2\/types\/post"}],"author":[{"embeddable":true,"href":"https:\/\/www.notibras.com\/site\/wp-json\/wp\/v2\/users\/2"}],"replies":[{"embeddable":true,"href":"https:\/\/www.notibras.com\/site\/wp-json\/wp\/v2\/comments?post=11903"}],"version-history":[{"count":0,"href":"https:\/\/www.notibras.com\/site\/wp-json\/wp\/v2\/posts\/11903\/revisions"}],"wp:featuredmedia":[{"embeddable":true,"href":"https:\/\/www.notibras.com\/site\/wp-json\/wp\/v2\/media\/11904"}],"wp:attachment":[{"href":"https:\/\/www.notibras.com\/site\/wp-json\/wp\/v2\/media?parent=11903"}],"wp:term":[{"taxonomy":"category","embeddable":true,"href":"https:\/\/www.notibras.com\/site\/wp-json\/wp\/v2\/categories?post=11903"},{"taxonomy":"post_tag","embeddable":true,"href":"https:\/\/www.notibras.com\/site\/wp-json\/wp\/v2\/tags?post=11903"}],"curies":[{"name":"wp","href":"https:\/\/api.w.org\/{rel}","templated":true}]}}