{"id":119079,"date":"2016-10-19T13:41:33","date_gmt":"2016-10-19T15:41:33","guid":{"rendered":"http:\/\/www.notibras.com\/site\/?p=119079"},"modified":"2016-10-19T13:41:33","modified_gmt":"2016-10-19T15:41:33","slug":"midia-esta-sendo-usada-por-porta-vozes-da-iii-guerra","status":"publish","type":"post","link":"https:\/\/www.notibras.com\/site\/midia-esta-sendo-usada-por-porta-vozes-da-iii-guerra\/","title":{"rendered":"M\u00eddia est\u00e1 sendo usada por porta-vozes da III Guerra"},"content":{"rendered":"<p><strong>John Pilger<\/strong><\/p>\n<p>A absolvi\u00e7\u00e3o de um homem acusado do pior dos crimes, o genoc\u00eddio, n\u00e3o provocou manchetes. Nem a BBC nem a CNN cobriram isto. S\u00f3 o Guardian permitiu um breve coment\u00e1rio. Uma t\u00e3o rara confiss\u00e3o oficial foi enterrada ou ocultada, compreensivelmente. Ela explicaria demasiado acerca do modo como os dominadores do mundo governam.<\/p>\n<p>O Tribunal Penal Internacional para a antiga Jugosl\u00e1via (ICTY, na sigla em ingl\u00eas), em Haia, silenciosamente absolveu o falecido presidente s\u00e9rvio, Slobodan Milosevic, de crimes de guerra cometidos durante a guerra da B\u00f3snia de 1992-95, incluindo o massacre de Srebrenica.<\/p>\n<p>Longe de conspirar com o condenado l\u00edder b\u00f3snio-s\u00e9rvio Radovan Karadzic, Milosevic realmente \u201ccondenou a limpeza \u00e9tnica\u201d, op\u00f4s-se a Karadzic e tentou impedir a guerra que desmembrou a Jugosl\u00e1via. Enterrada no fim de uma senten\u00e7a de 2.590 p\u00e1ginas sobre Karadzic, em Fevereiro \u00faltimo, esta verdade mais uma vez demole a propaganda que em 1999 justificou a carnificina ilegal da NATO na S\u00e9rvia.<\/p>\n<p>Milosevic morreu de um ataque de cora\u00e7\u00e3o em 2006, sozinho na sua cela em Haia, durante a uma farsa de julgamento inventado por um \u201ctribunal internacional\u201d americano. Recusada a cirurgia que poderia ter salvo sua vida, a sua condi\u00e7\u00e3o de sa\u00fade agravou-se e foi monitorada e mantida secreta por respons\u00e1veis dos EUA, como revelou a WikiLeaks.<\/p>\n<p>Milosevic foi a v\u00edtima da propaganda de guerra que hoje flui como uma torrente atrav\u00e9s dos nossos\u00a0sites\u00a0e jornais e acena com grandes perigos para todos n\u00f3s. Ele foi o prot\u00f3tipo do dem\u00f4nio, vilipendiado pelos media ocidentais como o \u201ccarniceiro dos Balc\u00e3s\u201d respons\u00e1vel por \u201cgenoc\u00eddios\u201d, especialmente na prov\u00edncia jugoslava secessionista do Kosovo. O primeiro-ministro Tony Blair disse isso, mencionou o Holocausto e exigiu a\u00e7\u00e3o contra \u201ceste novo Hitler\u201d. David Scheffer, o embaixador itinerante dos EUA para crimes de guerra (sic), declarou que at\u00e9 \u201c225 mil albaneses \u00e9tnicos entre 14 e 59 anos\u201d podiam ter sido assassinados pelas for\u00e7as de Milosevic.<\/p>\n<p>Esta foi a justifica\u00e7\u00e3o para o bombardeamento da NATO, liderado por Bill Clinton e Blair, que matou centenas de civis em hospitais, escolas, igrejas, parques e est\u00fadios de televis\u00e3o e destruiu infraestrutura econ\u00f4mica S\u00e9rvia. Isto foi descaradamente ideol\u00f3gico. Na not\u00f3ria \u201cconfer\u00eancia de paz\u201d em Rambouillet, em Fran\u00e7a, Milosevic foi confrontado por Madeleine Albright, a secret\u00e1ria de Estado dos EUA, a mesma que atingiu a inf\u00e2mia com a sua observa\u00e7\u00e3o de que a morte de meio milh\u00e3o de crian\u00e7as iraquianas \u201cvaleu a pena\u201d.<\/p>\n<p>Albright fez a Milosevic uma \u201coferta\u201d que nenhum l\u00edder nacional poderia aceitar. A menos que concordasse com a ocupa\u00e7\u00e3o militar estrangeira do seu pa\u00eds, com as for\u00e7as ocupantes \u201cisentas de processo legal\u201d e com a imposi\u00e7\u00e3o de um \u201cmercado livre\u201d neoliberal, a S\u00e9rvia seria bombardeada. Isto estava contido num \u201cAp\u00eandice B\u201d, o qual os media deixaram de ler ou ocultaram. O objectivo era esmagar o \u00faltimo estado \u201csocialista\u201d independente da Europa.<\/p>\n<p>Uma vez come\u00e7ado o bombardeamento da OTAN houve uma debandada de refugiados kosovares \u201ca fugirem de um holocausto\u201d. Quando acabado, equipes internacionais de pol\u00edcia baixaram ao Kosovo para exumar as v\u00edtimas do \u201cholocausto\u201d. O FBI n\u00e3o conseguiu encontrar uma \u00fanica sepultura em massa e voltou para casa. A equipe espanhola de per\u00edcia forense fez o mesmo, o seu l\u00edder colericamente denunciou \u201cuma pirueta sem\u00e2ntica da m\u00e1quinas de propaganda de guerra\u201d. A contagem final dos mortos no Kosovo foi de 2.788. Isto inclu\u00eda combatentes de ambos os lados e s\u00e9rvios e ciganos assassinado pela Frente de Liberta\u00e7\u00e3o do Kosovo, pr\u00f3 NATO. N\u00e3o houve genoc\u00eddio. O ataque da NATO foi tanto uma fraude como um crime de guerra.<\/p>\n<p>Poucos dos louvados m\u00edsseis \u201cde precis\u00e3o\u201d da Am\u00e9rica atingiram alvos militares. Atingiram, sim, alvos civis \u2013 incluindo os est\u00fadios de notici\u00e1rios da R\u00e1dio Televis\u00e3o S\u00e9rvia em Belgrado. Dezasseis pessoas foram mortas, incluindo operadores de c\u00e2mara, produtores e maquiladores. Blair descreveu as mortes, grosseiramente, como parte do \u201ccomando e controle\u201d da S\u00e9rvia. Em 2008, a promotora do Tribunal Penal Internacional para a Antiga Jugosl\u00e1via, Cala Del Ponte, revelou que fora pressionada a n\u00e3o investigar crimes da OTAN.<\/p>\n<p>Este foi o modelo para as invas\u00f5es seguintes de Washington ao Afeganist\u00e3o, Iraque, L\u00edbia e, furtivamente, a S\u00edria. Todas qualificam-se como \u201ccrimes supremos\u201d sob o padr\u00e3o de Nuremberg; todas dependeram da propaganda dos media. Enquanto o jornalismo tabl\u00f3ide desempenhou a sua parte tradicional, o jornalismo s\u00e9rio, cr\u00edvel e muitas vezes liberal foi o mais eficaz \u2013 a promo\u00e7\u00e3o evang\u00e9lica de Blair e suas guerras pelo Guardian, as mentiras incessantes acerca das n\u00e3o existentes armas de destrui\u00e7\u00e3o em massa de Saddam Hussein no Observer e no New York Times, e o indefect\u00edvel bater de tambores com propaganda governamental por parte da BBC em meio ao sil\u00eancio das suas omiss\u00f5es.<\/p>\n<p>Na altura do bombardeamento, Kirsty Wark, da BBC, entrevistou o general Wesley Clark, o comandante da OTAN. A cidade s\u00e9rvia de Nis acabara de ser pulverizada com bombas cluster americanas, matando mulheres, idosos e crian\u00e7as num mercado ao ar livre e num hospital. Wark n\u00e3o perguntou uma \u00fanica quest\u00e3o acerca disto, ou acerca de quaisquer outras mortes civis. Outros foram mais ousados. Em Fevereiro de 2003, no dia seguinte ap\u00f3s Blair e Bush terem ateado fogo ao Iraque, o editor pol\u00edtico da BBC, Andrew Marr, substituiu-se \u00e0 Downing Street e fez o equivalente a um discurso de vit\u00f3ria. Excitadamente ele contou ao seu p\u00fablico que Blair havia \u201cdito que seria capaz de tomar Bagdad sem um banho de sangue e que no fim os iraquianos estariam a celebrar. E sobre estes dois pontos ele se havia provado conclusivamente correto\u201d. Hoje, com um milh\u00e3o de mortos e uma sociedade em ru\u00ednas, as entrevistas de Marr na BBC s\u00e3o recomendadas pela embaixada dos EUA em Londres.<\/p>\n<p>Colegas de Marr alinharam-se para proclamar que Blair como \u201cvingado\u201d. O correspondente da BBC em Washington, Matt Frei, disse: \u201cN\u00e3o h\u00e1 d\u00favida de que o desejo de trazer o bem, trazer os valores americanos para o resto do mundo e especialmente para o M\u00e9dio Oriente \u2026 est\u00e1 agora cada vez mais ligado ao poder militar\u201d.<\/p>\n<p>Esta rever\u00eancia aos Estados Unidos e seus colaboradores como uma for\u00e7a benigna que \u201ctraz o bem\u201d est\u00e1 profundamente entranhada no establishment do jornalismo ocidental. Ela assegura que a culpa pela cat\u00e1strofe dos dias atuais na S\u00edria \u00e9 exclusivamente de Bashar al-Assad, a quem o ocidente e Israel h\u00e1 muito conspiram para derrubar, n\u00e3o por quaisquer preocupa\u00e7\u00f5es humanit\u00e1rias, mas para consolidar o poder agressivo de Israel na regi\u00e3o. As for\u00e7as jihadistas desencadeadas e armadas pelos EUA, Gr\u00e3-Bretanha, Fran\u00e7a, Turquia e seus procuradores da \u201ccoliga\u00e7\u00e3o\u201d servem a este fim. S\u00e3o eles que distribuem a propaganda e os v\u00eddeos que se tornam not\u00edcias nos EUA e na Europa e que d\u00e3o acesso a jornalistas que garantam uma \u201ccobertura\u201d unilateral da S\u00edria.<\/p>\n<p>A cidade de Alepo est\u00e1 nos notici\u00e1rios. A maior parte dos leitores e telespectadores estar\u00e1 inconsciente de que a maioria da popula\u00e7\u00e3o de Alepo vive na parte ocidental da cidade controlada pelo governo. Que eles sofrem bombardeamento de artilharia di\u00e1rio a partir da al-Qaida patrocinada pelo ocidente n\u00e3o est\u00e1 nas not\u00edcias. Em 21 de Julho, bombardeiros franceses e americanos atacaram uma aldeia do governo na prov\u00edncia de Alepo, matando at\u00e9 125 civis. Isto foi noticiado na p\u00e1gina 22 do Guardian, sem fotografias.<\/p>\n<p>Tendo criado e endossado o jihadismo no Afeganist\u00e3o na d\u00e9cada de 1980 como a Opera\u00e7\u00e3o Ciclone \u2013 uma arma para destruir a Uni\u00e3o Sovi\u00e9tica \u2013 os EUA est\u00e3o a fazer algo semelhante na S\u00edria. Tal como os mujahideen afeg\u00e3os, os \u201crebeldes\u201d s\u00edrios s\u00e3o soldados de infantaria da Am\u00e9rica e da Gr\u00e3-Bretanha. Muitos combatem pela al-Qaida e suas variantes. Alguns, como a Frente Nusra, rebatizaram-se para cumprir sensibilidades americanas quanto ao 11\/Set. A CIA dirige-os, com dificuldade, assim como dirige jihadistas de todo o mundo.<\/p>\n<p>O objectivo imediato \u00e9 destruir o governo em Damasco, o qual, segundo o inqu\u00e9rito de opini\u00e3o mais cr\u00edvel (YouGov Siraj), a maioria dos s\u00edrios apoias ou pelo menos procura-o para prote\u00e7\u00e3o, apesar da barb\u00e1rie nas suas sombras. O objectivo a longo prazo \u00e9 negar \u00e0 R\u00fassia um aliado chave no M\u00e9dio Oriente como parte de uma guerra da NATO contra a Federa\u00e7\u00e3o Russa que em algum momento a destrua.<\/p>\n<p>O risco nuclear \u00e9 \u00f3bvio, embora ocultado pelos media por todo \u201co mundo livre\u201d. Os editorialistas do Washington Post, tendo promovido a fic\u00e7\u00e3o das ADM no Ira que, pedem que Obama ataque a S\u00edria. Hillary Clinton, que publicamente rejubilou-se pelo seu papel de carrasco durante a destrui\u00e7\u00e3o da L\u00edbia, indicou reiteradamente que, como presidente, ir\u00e1 \u201cmais al\u00e9m\u201d do que Obama.<\/p>\n<p>Gareth Porter, um jornalista samidzat que informa a partir de Washington, revelou recentemente os nomes daqueles que provavelmente constituir\u00e3o um gabinete de Clinton, a qual planeia um ataque \u00e0 S\u00edria. Todos t\u00eam hist\u00f3rias beligerantes na guerra fria. O antigo diretor da CIA, Leon Panetta, diz que \u201co pr\u00f3ximo presidente prepara-se para considerar acrescentar for\u00e7as especiais adicionais sobre o terreno\u201d.<\/p>\n<p>O que \u00e9 mais not\u00e1vel acerca da propaganda de guerra agora em cl\u00edmax \u00e9 seu absurdo e familiaridade patentes. Tenho andado a procurar em arquivos de filmes de Washington da d\u00e9cada de 1950 quando diplomatas, funcion\u00e1rios p\u00fablicos e jornalistas sofreram a ca\u00e7a \u00e0s feiticeiras e foram arruinados pelo senador Joe McCarthy por desafiar as mentiras e a paranoia acerca da Uni\u00e3o Sovi\u00e9tica e da China. Tal como um tumor ressurgente o culto anti-R\u00fassia retornou.<\/p>\n<p>Na Gr\u00e3-Bretanha, Luke Harding do Guardian lidera os inimigos da R\u00fassia do seu jornal a um fluxo de par\u00f3dias jornal\u00edsticas que atribuem a Vladimir Putin todas as iniquidades da terra. Quando a fuga dos Panam\u00e1 Papers foi publicada, a primeira p\u00e1gina dizia Putin, e havia uma foto dele. Pouco importa que Putin n\u00e3o fosse mencionado em parte alguma dos Panam\u00e1 Papers.<\/p>\n<p>Tal como Milosevic, Putin \u00e9 o Dem\u00f3nio N\u00fambero Um. Foi Putin que derrubou um avi\u00e3o de carreira da Mal\u00e1sia sobre a Ucr\u00e2nia. Manchete: \u201cTanto quanto me preocupa, Putin matou meu filho\u201d. Nenhuma prova \u00e9 exigida. Foi Putin o respons\u00e1vel pelo documentado (e pago) derrube de Washington em 2014 do governo eleito em Kiev. A campanha de terror que se seguiu por mil\u00edcias fascistas contra a popula\u00e7\u00e3o de l\u00edngua russa da Ucr\u00e2nia foi o resultado da \u201cagress\u00e3o\u201d de Putin. Impedir a Crimeia de se tornar uma base de m\u00edsseis da NATO e proteger a maior parte da popula\u00e7\u00e3o russa que votou num referendo par voltar \u00e0 R\u00fassia \u2013 da qual a Crimeia fora anexada \u2013 foram mais exemplos da \u201cagress\u00e3o\u201d de Putin. A difama\u00e7\u00e3o pelos media inevitavelmente torna-se guerra pelos media. Se a guerra com a R\u00fassia estalar, por inten\u00e7\u00e3o ou por acidente, jornalistas arcar\u00e3o com grande parte da responsabilidade.<\/p>\n<p>Nos EUA, a campanha anti-russa foi elevada a realidade virtual. O colunista do New York Times Paul Krugman, um economista com Pr\u00eamio Nobel, chamou Donald Trump de \u201cCandidato siberiano\u201d porque Trump \u00e9 homem Putin, diz ele. Trump ousou sugerir, num momento de rara lucidez, que guerra com a R\u00fassia pode ser uma ideia m\u00e1. De facto, ele avan\u00e7ou ainda mais e removeu despachos de armas americanas para a Ucr\u00e2nia da plataforma republicana. \u201cIsto n\u00e3o seria bom para chegar a um acordo com a R\u00fassia\u201d, disse ele.<\/p>\n<p>Eis porque o establishment belicista liberal da Am\u00e9rica o odeia. O racismo de Trump e as vocifera\u00e7\u00f5es demag\u00f3gicas nada tem a ver com isto. O registo de Bill e Hillary Clinton de racismo e extremismo pode ultrapassar o de Trump. (Esta semana \u00e9 o 20\u00ba aniversario da \u201creforma\u201d da previd\u00eancia de Clinton que lan\u00e7ou uma guerra aos afro-americanos). Quanto a Obama: enquanto a pol\u00edcia americana abate a tiros seus companheiro afro-americanos a grande esperan\u00e7a na Casa Branca nada fez para proteg\u00ea-los, nada para aliviar seu empobrecimento, enquanto dirigia quatro guerras de rapina e uma campanha de assassinatos sem precedente.<\/p>\n<p>A CIA tem pedido que Trump n\u00e3o seja eleito. Generais do Pent\u00e1gono t\u00eam pedido que n\u00e3o seja eleito. O pr\u00f3 guerra New York Times \u2013 fazendo uma pausa na sua implac\u00e1vel difama\u00e7\u00e3o ordin\u00e1ria de Putin \u2013 pede que n\u00e3o seja eleito. Algo se agita. Estes tribunos da \u201cguerra perp\u00e9tua est\u00e3o aterrorizados com a perspectiva de que neg\u00f3cios de guerra de muitos milhares de milh\u00f5es de d\u00f3lares pelos quais os EUA mant\u00eam a sua domin\u00e2ncia sejam minutos se Trump fizer um acordo com Putin, a seguir com Xi Jinping da China. O seu p\u00e2nico perante a possibilidade de a maior pot\u00eancia do mundo falar de paz \u2013 ainda que improv\u00e1vel \u2013 seria a mais negra das farsas se as quest\u00f5es em causa n\u00e3o fossem t\u00e3o terr\u00edveis.<\/p>\n<p>\u201cTrump teria amado Stalin!\u201d rugiu o vice-presidente Joe Biden num com\u00edcio a favor de Hillary Clinton. Com Clinton a anuir, ele gritou: \u201cN\u00f3s nunca nos curvamos. N\u00f3s nunca nos inclinamos. N\u00f3s nunca nos ajoelhamos. N\u00f3s nunca nos rendemos. N\u00f3s possu\u00edmos a linha de chegada. Isso \u00e9 o que somos. Somos a Am\u00e9rica!\u201d<\/p>\n<p>Na Gr\u00e3-Bretanha, Jeremy Corbyn tamb\u00e9m excitou a histeria dos fautores da guerra no Partido Trabalhista e nos media dedicados a descart\u00e1-lo. Lord West, antigo almirante e ministro do Trabalho, disse isso bem. Corbyn estava a adotar uma \u201cultrajante\u201d posi\u00e7\u00e3o anti-guerra \u201cporque consegue que massas irracionais (unthinking) votem por ele\u201d.<\/p>\n<p>Num debate com o l\u00edder que o desafiava, Owen Smith, o moderador perguntou a Corbyn: \u201cComo atuaria numa viola\u00e7\u00e3o por Vladimir Putin de um estado companheiro da NATO?\u201d Corby respondeu: \u201cVoc\u00ea desejaria evitar que isso acontecesse em primeiro lugar. Voc\u00ea construiria um bom di\u00e1logo com a R\u00fassa\u2026 Tentar\u00edamos introduzir uma desmilitariza\u00e7\u00e3o das fronteiras entre a R\u00fassia, a Ucr\u00e2nia e os outros pa\u00edses que fazem fronteira com a Europa do Leste. O que n\u00e3o podemos permitir \u00e9 uma s\u00e9rie de calamitosas acumula\u00e7\u00f5es de tropas de ambos os lados, as quais s\u00f3 podem levar a um grande perigo\u201d.<\/p>\n<p>Pressionado a dizer se autorizaria uma guerra contra a R\u00fassia \u201cse tivesse de fazer\u201d, Corbyn replicou: \u201cN\u00e3o desejo ir \u00e0 guerra \u2013 o que desejo fazer \u00e9 alcan\u00e7ar um mundo em que n\u00e3o precisemos de ir \u00e0 guerra\u201d.<\/p>\n<p>A linha de questionamento deveu-se muito \u00e0 ascens\u00e3o de liberais belicosos na Gr\u00e3-Bretanha. O Partido Trabalhista e os media h\u00e1 muito que lhes oferecem oportunidades de carreira. Por um momento o tsunami moral do grande crime do Iraque deixou-os em apuros, as suas invers\u00f5es da verdade num embara\u00e7o tempor\u00e1rio. Pouco se importante com [o relat\u00f3rio] de Chilcot e a montanha de facto incriminadores, Blair permanece a sua inspira\u00e7\u00e3o porque ele foi um \u201cvencedor\u201d.<\/p>\n<p>O jornalismo e o mundo acad\u00eamico dissidente tem sido sistematicamente banido ou apropriado e as ideias democr\u00e1ticas esvaziadas e preenchidas com \u201cpol\u00edticas de identidade\u201d que confundem g\u00eanero com feminismo e ansiedade p\u00fablica com liberta\u00e7\u00e3o e deliberadamente ignoram a viol\u00eancia do estado e os lucros com armas que destroem vidas incont\u00e1veis em lugares remotos, como o I\u00e9men e a S\u00edria, e acenam \u00e0 guerra nuclear na Europa e por todo o mundo.<\/p>\n<p>A mobiliza\u00e7\u00e3o de pessoas de todas as idades que cerca a ascens\u00e3o espetacular de Jeremy Corbyn contrap\u00f5e-se a isto em alguma medida. Sua vida foi passada a iluminar o horror da guerra. O problema de Corbyn e seus apoiantes \u00e9 o Partido Trabalhista. Na Am\u00e9rica, o problema para os milhares de seguidores de Bernie Sanders era o Partido Democr\u00e1tico, sem mencionar a sua trai\u00e7\u00e3o final \u00e0 grande esperan\u00e7a. Nos EUA, lar dos grandes movimentos de direitos civis e anti-guerra, \u00e9 no Black Lives Matter e nos outros da esp\u00e9cie do Codepink [1] que repousam as ra\u00edzes das suas vers\u00f5es moderna.<\/p>\n<p>S\u00f3 um movimento que cres\u00e7a em todas as ruas e atrav\u00e9s de fronteiras e n\u00e3o desista pode travar os instigadores da guerra. No pr\u00f3ximo ano far\u00e1 um s\u00e9culo desde que Wilfred Owen escreveu este poema. Todo jornalista deveria le-lo e record\u00e1-lo\u2026<\/p>\n","protected":false},"excerpt":{"rendered":"<p>John Pilger A absolvi\u00e7\u00e3o de um homem acusado do pior dos crimes, o genoc\u00eddio, n\u00e3o provocou manchetes. Nem a BBC nem a CNN cobriram isto. S\u00f3 o Guardian permitiu um breve coment\u00e1rio. Uma t\u00e3o rara confiss\u00e3o oficial foi enterrada ou ocultada, compreensivelmente. Ela explicaria demasiado acerca do modo como os dominadores do mundo governam. O [&hellip;]<\/p>\n","protected":false},"author":2,"featured_media":119080,"comment_status":"open","ping_status":"closed","sticky":false,"template":"","format":"standard","meta":{"_acf_changed":false,"footnotes":""},"categories":[25],"tags":[],"class_list":["post-119079","post","type-post","status-publish","format-standard","has-post-thumbnail","hentry","category-opina-ai"],"acf":[],"yoast_head":"<!-- This site is optimized with the Yoast SEO plugin v27.5 - https:\/\/yoast.com\/product\/yoast-seo-wordpress\/ -->\n<title>M\u00eddia est\u00e1 sendo usada por porta-vozes da III Guerra - Notibras<\/title>\n<meta name=\"robots\" content=\"index, follow, max-snippet:-1, max-image-preview:large, max-video-preview:-1\" \/>\n<link rel=\"canonical\" href=\"https:\/\/www.notibras.com\/site\/midia-esta-sendo-usada-por-porta-vozes-da-iii-guerra\/\" \/>\n<meta property=\"og:locale\" content=\"pt_BR\" \/>\n<meta property=\"og:type\" content=\"article\" \/>\n<meta property=\"og:title\" content=\"M\u00eddia est\u00e1 sendo usada por porta-vozes da III Guerra - Notibras\" \/>\n<meta property=\"og:description\" content=\"John Pilger A absolvi\u00e7\u00e3o de um homem acusado do pior dos crimes, o genoc\u00eddio, n\u00e3o provocou manchetes. Nem a BBC nem a CNN cobriram isto. S\u00f3 o Guardian permitiu um breve coment\u00e1rio. Uma t\u00e3o rara confiss\u00e3o oficial foi enterrada ou ocultada, compreensivelmente. Ela explicaria demasiado acerca do modo como os dominadores do mundo governam. O [&hellip;]\" \/>\n<meta property=\"og:url\" content=\"https:\/\/www.notibras.com\/site\/midia-esta-sendo-usada-por-porta-vozes-da-iii-guerra\/\" \/>\n<meta property=\"og:site_name\" content=\"Notibras\" \/>\n<meta property=\"article:publisher\" content=\"https:\/\/www.facebook.com\/notibras\/\" \/>\n<meta property=\"article:published_time\" content=\"2016-10-19T15:41:33+00:00\" \/>\n<meta property=\"og:image\" content=\"https:\/\/www.notibras.com\/site\/wp-content\/uploads\/2016\/10\/JTW-Guerra-Nuclear.png\" \/>\n\t<meta property=\"og:image:width\" content=\"960\" \/>\n\t<meta property=\"og:image:height\" content=\"720\" \/>\n\t<meta property=\"og:image:type\" content=\"image\/png\" \/>\n<meta name=\"author\" content=\"Reda\u00e7\u00e3o\" \/>\n<meta name=\"twitter:card\" content=\"summary_large_image\" \/>\n<meta name=\"twitter:creator\" content=\"@Notibras\" \/>\n<meta name=\"twitter:site\" content=\"@Notibras\" \/>\n<meta name=\"twitter:label1\" content=\"Escrito por\" \/>\n\t<meta name=\"twitter:data1\" content=\"Reda\u00e7\u00e3o\" \/>\n\t<meta name=\"twitter:label2\" content=\"Est. tempo de leitura\" \/>\n\t<meta name=\"twitter:data2\" content=\"14 minutos\" \/>\n<script type=\"application\/ld+json\" class=\"yoast-schema-graph\">{\"@context\":\"https:\\\/\\\/schema.org\",\"@graph\":[{\"@type\":\"Article\",\"@id\":\"https:\\\/\\\/www.notibras.com\\\/site\\\/midia-esta-sendo-usada-por-porta-vozes-da-iii-guerra\\\/#article\",\"isPartOf\":{\"@id\":\"https:\\\/\\\/www.notibras.com\\\/site\\\/midia-esta-sendo-usada-por-porta-vozes-da-iii-guerra\\\/\"},\"author\":{\"name\":\"Reda\u00e7\u00e3o\",\"@id\":\"https:\\\/\\\/www.notibras.com\\\/site\\\/#\\\/schema\\\/person\\\/36ab0979449956132d3e5b517ea76ac8\"},\"headline\":\"M\u00eddia est\u00e1 sendo usada por porta-vozes da III Guerra\",\"datePublished\":\"2016-10-19T15:41:33+00:00\",\"mainEntityOfPage\":{\"@id\":\"https:\\\/\\\/www.notibras.com\\\/site\\\/midia-esta-sendo-usada-por-porta-vozes-da-iii-guerra\\\/\"},\"wordCount\":2822,\"commentCount\":0,\"publisher\":{\"@id\":\"https:\\\/\\\/www.notibras.com\\\/site\\\/#organization\"},\"image\":{\"@id\":\"https:\\\/\\\/www.notibras.com\\\/site\\\/midia-esta-sendo-usada-por-porta-vozes-da-iii-guerra\\\/#primaryimage\"},\"thumbnailUrl\":\"https:\\\/\\\/www.notibras.com\\\/site\\\/wp-content\\\/uploads\\\/2016\\\/10\\\/JTW-Guerra-Nuclear.png\",\"articleSection\":[\"Opina a\u00ed\"],\"inLanguage\":\"pt-BR\",\"potentialAction\":[{\"@type\":\"CommentAction\",\"name\":\"Comment\",\"target\":[\"https:\\\/\\\/www.notibras.com\\\/site\\\/midia-esta-sendo-usada-por-porta-vozes-da-iii-guerra\\\/#respond\"]}]},{\"@type\":\"WebPage\",\"@id\":\"https:\\\/\\\/www.notibras.com\\\/site\\\/midia-esta-sendo-usada-por-porta-vozes-da-iii-guerra\\\/\",\"url\":\"https:\\\/\\\/www.notibras.com\\\/site\\\/midia-esta-sendo-usada-por-porta-vozes-da-iii-guerra\\\/\",\"name\":\"M\u00eddia est\u00e1 sendo usada por porta-vozes da III Guerra - Notibras\",\"isPartOf\":{\"@id\":\"https:\\\/\\\/www.notibras.com\\\/site\\\/#website\"},\"primaryImageOfPage\":{\"@id\":\"https:\\\/\\\/www.notibras.com\\\/site\\\/midia-esta-sendo-usada-por-porta-vozes-da-iii-guerra\\\/#primaryimage\"},\"image\":{\"@id\":\"https:\\\/\\\/www.notibras.com\\\/site\\\/midia-esta-sendo-usada-por-porta-vozes-da-iii-guerra\\\/#primaryimage\"},\"thumbnailUrl\":\"https:\\\/\\\/www.notibras.com\\\/site\\\/wp-content\\\/uploads\\\/2016\\\/10\\\/JTW-Guerra-Nuclear.png\",\"datePublished\":\"2016-10-19T15:41:33+00:00\",\"breadcrumb\":{\"@id\":\"https:\\\/\\\/www.notibras.com\\\/site\\\/midia-esta-sendo-usada-por-porta-vozes-da-iii-guerra\\\/#breadcrumb\"},\"inLanguage\":\"pt-BR\",\"potentialAction\":[{\"@type\":\"ReadAction\",\"target\":[\"https:\\\/\\\/www.notibras.com\\\/site\\\/midia-esta-sendo-usada-por-porta-vozes-da-iii-guerra\\\/\"]}]},{\"@type\":\"ImageObject\",\"inLanguage\":\"pt-BR\",\"@id\":\"https:\\\/\\\/www.notibras.com\\\/site\\\/midia-esta-sendo-usada-por-porta-vozes-da-iii-guerra\\\/#primaryimage\",\"url\":\"https:\\\/\\\/www.notibras.com\\\/site\\\/wp-content\\\/uploads\\\/2016\\\/10\\\/JTW-Guerra-Nuclear.png\",\"contentUrl\":\"https:\\\/\\\/www.notibras.com\\\/site\\\/wp-content\\\/uploads\\\/2016\\\/10\\\/JTW-Guerra-Nuclear.png\",\"width\":960,\"height\":720,\"caption\":\"Ataque verbal \u00e0 Coreia pode ter revide sem precedentes. Foto: Propaganda do regime norte-coreano\\\/Arquivo Notibras\"},{\"@type\":\"BreadcrumbList\",\"@id\":\"https:\\\/\\\/www.notibras.com\\\/site\\\/midia-esta-sendo-usada-por-porta-vozes-da-iii-guerra\\\/#breadcrumb\",\"itemListElement\":[{\"@type\":\"ListItem\",\"position\":1,\"name\":\"In\u00edcio\",\"item\":\"https:\\\/\\\/www.notibras.com\\\/site\\\/\"},{\"@type\":\"ListItem\",\"position\":2,\"name\":\"M\u00eddia est\u00e1 sendo usada por porta-vozes da III Guerra\"}]},{\"@type\":\"WebSite\",\"@id\":\"https:\\\/\\\/www.notibras.com\\\/site\\\/#website\",\"url\":\"https:\\\/\\\/www.notibras.com\\\/site\\\/\",\"name\":\"Notibras\",\"description\":\"Not\u00edcias de Bras\u00edlia, do Brasil e do Mundo\",\"publisher\":{\"@id\":\"https:\\\/\\\/www.notibras.com\\\/site\\\/#organization\"},\"potentialAction\":[{\"@type\":\"SearchAction\",\"target\":{\"@type\":\"EntryPoint\",\"urlTemplate\":\"https:\\\/\\\/www.notibras.com\\\/site\\\/?s={search_term_string}\"},\"query-input\":{\"@type\":\"PropertyValueSpecification\",\"valueRequired\":true,\"valueName\":\"search_term_string\"}}],\"inLanguage\":\"pt-BR\"},{\"@type\":\"Organization\",\"@id\":\"https:\\\/\\\/www.notibras.com\\\/site\\\/#organization\",\"name\":\"Grupo Notibras de Comunica\u00e7\u00e3o\",\"url\":\"https:\\\/\\\/www.notibras.com\\\/site\\\/\",\"logo\":{\"@type\":\"ImageObject\",\"inLanguage\":\"pt-BR\",\"@id\":\"https:\\\/\\\/www.notibras.com\\\/site\\\/#\\\/schema\\\/logo\\\/image\\\/\",\"url\":\"https:\\\/\\\/www.notibras.com\\\/site\\\/wp-content\\\/uploads\\\/2023\\\/01\\\/notibras23.png\",\"contentUrl\":\"https:\\\/\\\/www.notibras.com\\\/site\\\/wp-content\\\/uploads\\\/2023\\\/01\\\/notibras23.png\",\"width\":350,\"height\":87,\"caption\":\"Grupo Notibras de Comunica\u00e7\u00e3o\"},\"image\":{\"@id\":\"https:\\\/\\\/www.notibras.com\\\/site\\\/#\\\/schema\\\/logo\\\/image\\\/\"},\"sameAs\":[\"https:\\\/\\\/www.facebook.com\\\/notibras\\\/\",\"https:\\\/\\\/x.com\\\/Notibras\",\"https:\\\/\\\/www.instagram.com\\\/notibras\\\/\"]},{\"@type\":\"Person\",\"@id\":\"https:\\\/\\\/www.notibras.com\\\/site\\\/#\\\/schema\\\/person\\\/36ab0979449956132d3e5b517ea76ac8\",\"name\":\"Reda\u00e7\u00e3o\",\"image\":{\"@type\":\"ImageObject\",\"inLanguage\":\"pt-BR\",\"@id\":\"https:\\\/\\\/secure.gravatar.com\\\/avatar\\\/e0a867bdedb85fd243eadf09663511f96fc81e0720a4a42581f334ad4303aa6b?s=96&d=mm&r=g\",\"url\":\"https:\\\/\\\/secure.gravatar.com\\\/avatar\\\/e0a867bdedb85fd243eadf09663511f96fc81e0720a4a42581f334ad4303aa6b?s=96&d=mm&r=g\",\"contentUrl\":\"https:\\\/\\\/secure.gravatar.com\\\/avatar\\\/e0a867bdedb85fd243eadf09663511f96fc81e0720a4a42581f334ad4303aa6b?s=96&d=mm&r=g\",\"caption\":\"Reda\u00e7\u00e3o\"}}]}<\/script>\n<!-- \/ Yoast SEO plugin. -->","yoast_head_json":{"title":"M\u00eddia est\u00e1 sendo usada por porta-vozes da III Guerra - Notibras","robots":{"index":"index","follow":"follow","max-snippet":"max-snippet:-1","max-image-preview":"max-image-preview:large","max-video-preview":"max-video-preview:-1"},"canonical":"https:\/\/www.notibras.com\/site\/midia-esta-sendo-usada-por-porta-vozes-da-iii-guerra\/","og_locale":"pt_BR","og_type":"article","og_title":"M\u00eddia est\u00e1 sendo usada por porta-vozes da III Guerra - Notibras","og_description":"John Pilger A absolvi\u00e7\u00e3o de um homem acusado do pior dos crimes, o genoc\u00eddio, n\u00e3o provocou manchetes. Nem a BBC nem a CNN cobriram isto. S\u00f3 o Guardian permitiu um breve coment\u00e1rio. Uma t\u00e3o rara confiss\u00e3o oficial foi enterrada ou ocultada, compreensivelmente. Ela explicaria demasiado acerca do modo como os dominadores do mundo governam. O [&hellip;]","og_url":"https:\/\/www.notibras.com\/site\/midia-esta-sendo-usada-por-porta-vozes-da-iii-guerra\/","og_site_name":"Notibras","article_publisher":"https:\/\/www.facebook.com\/notibras\/","article_published_time":"2016-10-19T15:41:33+00:00","og_image":[{"width":960,"height":720,"url":"https:\/\/www.notibras.com\/site\/wp-content\/uploads\/2016\/10\/JTW-Guerra-Nuclear.png","type":"image\/png"}],"author":"Reda\u00e7\u00e3o","twitter_card":"summary_large_image","twitter_creator":"@Notibras","twitter_site":"@Notibras","twitter_misc":{"Escrito por":"Reda\u00e7\u00e3o","Est. tempo de leitura":"14 minutos"},"schema":{"@context":"https:\/\/schema.org","@graph":[{"@type":"Article","@id":"https:\/\/www.notibras.com\/site\/midia-esta-sendo-usada-por-porta-vozes-da-iii-guerra\/#article","isPartOf":{"@id":"https:\/\/www.notibras.com\/site\/midia-esta-sendo-usada-por-porta-vozes-da-iii-guerra\/"},"author":{"name":"Reda\u00e7\u00e3o","@id":"https:\/\/www.notibras.com\/site\/#\/schema\/person\/36ab0979449956132d3e5b517ea76ac8"},"headline":"M\u00eddia est\u00e1 sendo usada por porta-vozes da III Guerra","datePublished":"2016-10-19T15:41:33+00:00","mainEntityOfPage":{"@id":"https:\/\/www.notibras.com\/site\/midia-esta-sendo-usada-por-porta-vozes-da-iii-guerra\/"},"wordCount":2822,"commentCount":0,"publisher":{"@id":"https:\/\/www.notibras.com\/site\/#organization"},"image":{"@id":"https:\/\/www.notibras.com\/site\/midia-esta-sendo-usada-por-porta-vozes-da-iii-guerra\/#primaryimage"},"thumbnailUrl":"https:\/\/www.notibras.com\/site\/wp-content\/uploads\/2016\/10\/JTW-Guerra-Nuclear.png","articleSection":["Opina a\u00ed"],"inLanguage":"pt-BR","potentialAction":[{"@type":"CommentAction","name":"Comment","target":["https:\/\/www.notibras.com\/site\/midia-esta-sendo-usada-por-porta-vozes-da-iii-guerra\/#respond"]}]},{"@type":"WebPage","@id":"https:\/\/www.notibras.com\/site\/midia-esta-sendo-usada-por-porta-vozes-da-iii-guerra\/","url":"https:\/\/www.notibras.com\/site\/midia-esta-sendo-usada-por-porta-vozes-da-iii-guerra\/","name":"M\u00eddia est\u00e1 sendo usada por porta-vozes da III Guerra - Notibras","isPartOf":{"@id":"https:\/\/www.notibras.com\/site\/#website"},"primaryImageOfPage":{"@id":"https:\/\/www.notibras.com\/site\/midia-esta-sendo-usada-por-porta-vozes-da-iii-guerra\/#primaryimage"},"image":{"@id":"https:\/\/www.notibras.com\/site\/midia-esta-sendo-usada-por-porta-vozes-da-iii-guerra\/#primaryimage"},"thumbnailUrl":"https:\/\/www.notibras.com\/site\/wp-content\/uploads\/2016\/10\/JTW-Guerra-Nuclear.png","datePublished":"2016-10-19T15:41:33+00:00","breadcrumb":{"@id":"https:\/\/www.notibras.com\/site\/midia-esta-sendo-usada-por-porta-vozes-da-iii-guerra\/#breadcrumb"},"inLanguage":"pt-BR","potentialAction":[{"@type":"ReadAction","target":["https:\/\/www.notibras.com\/site\/midia-esta-sendo-usada-por-porta-vozes-da-iii-guerra\/"]}]},{"@type":"ImageObject","inLanguage":"pt-BR","@id":"https:\/\/www.notibras.com\/site\/midia-esta-sendo-usada-por-porta-vozes-da-iii-guerra\/#primaryimage","url":"https:\/\/www.notibras.com\/site\/wp-content\/uploads\/2016\/10\/JTW-Guerra-Nuclear.png","contentUrl":"https:\/\/www.notibras.com\/site\/wp-content\/uploads\/2016\/10\/JTW-Guerra-Nuclear.png","width":960,"height":720,"caption":"Ataque verbal \u00e0 Coreia pode ter revide sem precedentes. Foto: Propaganda do regime norte-coreano\/Arquivo Notibras"},{"@type":"BreadcrumbList","@id":"https:\/\/www.notibras.com\/site\/midia-esta-sendo-usada-por-porta-vozes-da-iii-guerra\/#breadcrumb","itemListElement":[{"@type":"ListItem","position":1,"name":"In\u00edcio","item":"https:\/\/www.notibras.com\/site\/"},{"@type":"ListItem","position":2,"name":"M\u00eddia est\u00e1 sendo usada por porta-vozes da III Guerra"}]},{"@type":"WebSite","@id":"https:\/\/www.notibras.com\/site\/#website","url":"https:\/\/www.notibras.com\/site\/","name":"Notibras","description":"Not\u00edcias de Bras\u00edlia, do Brasil e do Mundo","publisher":{"@id":"https:\/\/www.notibras.com\/site\/#organization"},"potentialAction":[{"@type":"SearchAction","target":{"@type":"EntryPoint","urlTemplate":"https:\/\/www.notibras.com\/site\/?s={search_term_string}"},"query-input":{"@type":"PropertyValueSpecification","valueRequired":true,"valueName":"search_term_string"}}],"inLanguage":"pt-BR"},{"@type":"Organization","@id":"https:\/\/www.notibras.com\/site\/#organization","name":"Grupo Notibras de Comunica\u00e7\u00e3o","url":"https:\/\/www.notibras.com\/site\/","logo":{"@type":"ImageObject","inLanguage":"pt-BR","@id":"https:\/\/www.notibras.com\/site\/#\/schema\/logo\/image\/","url":"https:\/\/www.notibras.com\/site\/wp-content\/uploads\/2023\/01\/notibras23.png","contentUrl":"https:\/\/www.notibras.com\/site\/wp-content\/uploads\/2023\/01\/notibras23.png","width":350,"height":87,"caption":"Grupo Notibras de Comunica\u00e7\u00e3o"},"image":{"@id":"https:\/\/www.notibras.com\/site\/#\/schema\/logo\/image\/"},"sameAs":["https:\/\/www.facebook.com\/notibras\/","https:\/\/x.com\/Notibras","https:\/\/www.instagram.com\/notibras\/"]},{"@type":"Person","@id":"https:\/\/www.notibras.com\/site\/#\/schema\/person\/36ab0979449956132d3e5b517ea76ac8","name":"Reda\u00e7\u00e3o","image":{"@type":"ImageObject","inLanguage":"pt-BR","@id":"https:\/\/secure.gravatar.com\/avatar\/e0a867bdedb85fd243eadf09663511f96fc81e0720a4a42581f334ad4303aa6b?s=96&d=mm&r=g","url":"https:\/\/secure.gravatar.com\/avatar\/e0a867bdedb85fd243eadf09663511f96fc81e0720a4a42581f334ad4303aa6b?s=96&d=mm&r=g","contentUrl":"https:\/\/secure.gravatar.com\/avatar\/e0a867bdedb85fd243eadf09663511f96fc81e0720a4a42581f334ad4303aa6b?s=96&d=mm&r=g","caption":"Reda\u00e7\u00e3o"}}]}},"amp_enabled":true,"_links":{"self":[{"href":"https:\/\/www.notibras.com\/site\/wp-json\/wp\/v2\/posts\/119079","targetHints":{"allow":["GET"]}}],"collection":[{"href":"https:\/\/www.notibras.com\/site\/wp-json\/wp\/v2\/posts"}],"about":[{"href":"https:\/\/www.notibras.com\/site\/wp-json\/wp\/v2\/types\/post"}],"author":[{"embeddable":true,"href":"https:\/\/www.notibras.com\/site\/wp-json\/wp\/v2\/users\/2"}],"replies":[{"embeddable":true,"href":"https:\/\/www.notibras.com\/site\/wp-json\/wp\/v2\/comments?post=119079"}],"version-history":[{"count":1,"href":"https:\/\/www.notibras.com\/site\/wp-json\/wp\/v2\/posts\/119079\/revisions"}],"predecessor-version":[{"id":119081,"href":"https:\/\/www.notibras.com\/site\/wp-json\/wp\/v2\/posts\/119079\/revisions\/119081"}],"wp:featuredmedia":[{"embeddable":true,"href":"https:\/\/www.notibras.com\/site\/wp-json\/wp\/v2\/media\/119080"}],"wp:attachment":[{"href":"https:\/\/www.notibras.com\/site\/wp-json\/wp\/v2\/media?parent=119079"}],"wp:term":[{"taxonomy":"category","embeddable":true,"href":"https:\/\/www.notibras.com\/site\/wp-json\/wp\/v2\/categories?post=119079"},{"taxonomy":"post_tag","embeddable":true,"href":"https:\/\/www.notibras.com\/site\/wp-json\/wp\/v2\/tags?post=119079"}],"curies":[{"name":"wp","href":"https:\/\/api.w.org\/{rel}","templated":true}]}}