{"id":11913,"date":"2014-06-01T21:04:34","date_gmt":"2014-06-02T00:04:34","guid":{"rendered":"http:\/\/www.notibras.com\/site\/?p=11913"},"modified":"2014-06-01T21:04:34","modified_gmt":"2014-06-02T00:04:34","slug":"em-duelo-pela-vice-flu-empata-e-joga-internacional-para-quinto","status":"publish","type":"post","link":"https:\/\/www.notibras.com\/site\/em-duelo-pela-vice-flu-empata-e-joga-internacional-para-quinto\/","title":{"rendered":"Em duelo pela vice, Flu empata e joga Internacional para quinto"},"content":{"rendered":"<p>Fluminense e Internacional fizeram um confronto para ver quem ficava com a segunda posi\u00e7\u00e3o do Campeonato Brasileiro antes da parada da Copa do Mundo. Jogando em Maca\u00e9, as equipes empataram em 1 a 1, o que resultou com a manuten\u00e7\u00e3o da equipe carioca na vice-lideran\u00e7a da competi\u00e7\u00e3o. Jorge Henrique e Jean foram os autores dos gols ainda no primeiro tempo.<\/p>\n<p class=\"text\">Os times terminaram a nona rodada, \u00faltima antes do Mundial, empatados em 16 pontos. Por\u00e9m, com uma vit\u00f3ria a mais, o Fluminense ocupa o segundo lugar, enquanto o Inter aparece apenas em quinto. S\u00e3o Paulo e Corinthians tamb\u00e9m est\u00e3o com a mesma pontua\u00e7\u00e3o, mas, nos crit\u00e9rios de desempate, ficam a frente dos ga\u00fachos.<\/p>\n<p class=\"text\">Fluminense e Internacional fizeram um primeiro tempo bem movimentado, com a equipe carioca com leve superioridade. Aos 11min, Conca cobrou escanteio, Walter subiu e marcou de cabe\u00e7a, mas o \u00e1rbitro assinalou falta do atacante no goleiro. O time carioca continuou com mais volume de jogo e aos 15min S\u00f3bis teve uma oportunidade, mas chutou nas m\u00e3os de Dida.<\/p>\n<blockquote>\n<p class=\"text\">Aos 21min, o Inter aproveitou sua primeira chance. Ap\u00f3s \u00f3timo lan\u00e7amento de Alan Patrick, Jorge Henrique saiu na cara de Diego Cavalieri e bateu no canto para abrir o placar. O empate n\u00e3o demorou a chegar. Aos 31min, Chiquinho lan\u00e7ou para S\u00f3bis, que escorou de cabe\u00e7a para Jean chegar batendo de fora da \u00e1rea, no cantinho, sem chances para Dida.<\/p>\n<\/blockquote>\n<p class=\"text\">No segundo tempo o Inter mudou o jogo e foi superior.\u00a0Logo no primeiro minuto, Cl\u00e1udio Winck recebeu passe no bico da \u00e1rea e tentou o cruzamento. A bola desviou em Jean e saiu rente ao travess\u00e3o. Aos 29min,\u00a0Cl\u00e1udio Winck quase chegou ao gol. O lateral direito arriscou\u00a0da entrada da \u00e1rea e Diego Cavalieri defendeu em dois tempos. A press\u00e3o do time ga\u00facho era grande e por falta de sorte n\u00e3o conseguiu sair com a vit\u00f3ria. Valdivia e Eduardo Sasha ainda tiveram suas chances, mas finalizaram para fora.<\/p>\n<p class=\"text\">A \u00fanica oportunidade do Fluminense no segundo tempo foi com Walter. O atacante\u00a0subiu\u00a0sozinho, mas\u00a0cabeceou\u00a0\u00e0 esquerda do gol defendido por Dida. Na pr\u00f3xima rodada, que acontece apenas em 16 de julho, o Fluminense visita o Crici\u00fama, no Heriberto H\u00fclse, e o Internacional encara o Corinthians, em locar a ser definido.<\/p>\n","protected":false},"excerpt":{"rendered":"<p>Fluminense e Internacional fizeram um confronto para ver quem ficava com a segunda posi\u00e7\u00e3o do Campeonato Brasileiro antes da parada da Copa do Mundo. Jogando em Maca\u00e9, as equipes empataram em 1 a 1, o que resultou com a manuten\u00e7\u00e3o da equipe carioca na vice-lideran\u00e7a da competi\u00e7\u00e3o. Jorge Henrique e Jean foram os autores dos [&hellip;]<\/p>\n","protected":false},"author":2,"featured_media":11914,"comment_status":"open","ping_status":"closed","sticky":false,"template":"","format":"standard","meta":{"_acf_changed":false,"footnotes":""},"categories":[19,29],"tags":[],"class_list":["post-11913","post","type-post","status-publish","format-standard","has-post-thumbnail","hentry","category-esportes","category-futebol"],"acf":[],"yoast_head":"<!-- This site is optimized with the Yoast SEO plugin v27.2 - https:\/\/yoast.com\/product\/yoast-seo-wordpress\/ -->\n<title>Em duelo pela vice, Flu empata e joga Internacional para quinto - Notibras<\/title>\n<meta name=\"robots\" content=\"index, follow, max-snippet:-1, max-image-preview:large, max-video-preview:-1\" \/>\n<link rel=\"canonical\" href=\"https:\/\/www.notibras.com\/site\/em-duelo-pela-vice-flu-empata-e-joga-internacional-para-quinto\/\" \/>\n<meta property=\"og:locale\" content=\"pt_BR\" \/>\n<meta property=\"og:type\" content=\"article\" \/>\n<meta property=\"og:title\" content=\"Em duelo pela vice, Flu empata e joga Internacional para quinto - Notibras\" \/>\n<meta property=\"og:description\" content=\"Fluminense e Internacional fizeram um confronto para ver quem ficava com a segunda posi\u00e7\u00e3o do Campeonato Brasileiro antes da parada da Copa do Mundo. Jogando em Maca\u00e9, as equipes empataram em 1 a 1, o que resultou com a manuten\u00e7\u00e3o da equipe carioca na vice-lideran\u00e7a da competi\u00e7\u00e3o. Jorge Henrique e Jean foram os autores dos [&hellip;]\" \/>\n<meta property=\"og:url\" content=\"https:\/\/www.notibras.com\/site\/em-duelo-pela-vice-flu-empata-e-joga-internacional-para-quinto\/\" \/>\n<meta property=\"og:site_name\" content=\"Notibras\" \/>\n<meta property=\"article:publisher\" content=\"https:\/\/www.facebook.com\/notibras\/\" \/>\n<meta property=\"article:published_time\" content=\"2014-06-02T00:04:34+00:00\" \/>\n<meta property=\"og:image\" content=\"https:\/\/www.notibras.com\/site\/wp-content\/uploads\/2014\/06\/bolaaerearicardoayresphotocamera.jpg\" \/>\n\t<meta property=\"og:image:width\" content=\"460\" \/>\n\t<meta property=\"og:image:height\" content=\"340\" \/>\n\t<meta property=\"og:image:type\" content=\"image\/jpeg\" \/>\n<meta name=\"author\" content=\"Reda\u00e7\u00e3o\" \/>\n<meta name=\"twitter:card\" content=\"summary_large_image\" \/>\n<meta name=\"twitter:creator\" content=\"@Notibras\" \/>\n<meta name=\"twitter:site\" content=\"@Notibras\" \/>\n<meta name=\"twitter:label1\" content=\"Escrito por\" \/>\n\t<meta name=\"twitter:data1\" content=\"Reda\u00e7\u00e3o\" \/>\n\t<meta name=\"twitter:label2\" content=\"Est. tempo de leitura\" \/>\n\t<meta name=\"twitter:data2\" content=\"2 minutos\" \/>\n<script type=\"application\/ld+json\" class=\"yoast-schema-graph\">{\"@context\":\"https:\/\/schema.org\",\"@graph\":[{\"@type\":\"Article\",\"@id\":\"https:\/\/www.notibras.com\/site\/em-duelo-pela-vice-flu-empata-e-joga-internacional-para-quinto\/#article\",\"isPartOf\":{\"@id\":\"https:\/\/www.notibras.com\/site\/em-duelo-pela-vice-flu-empata-e-joga-internacional-para-quinto\/\"},\"author\":{\"name\":\"Reda\u00e7\u00e3o\",\"@id\":\"https:\/\/www.notibras.com\/site\/#\/schema\/person\/36ab0979449956132d3e5b517ea76ac8\"},\"headline\":\"Em duelo pela vice, Flu empata e joga Internacional para quinto\",\"datePublished\":\"2014-06-02T00:04:34+00:00\",\"mainEntityOfPage\":{\"@id\":\"https:\/\/www.notibras.com\/site\/em-duelo-pela-vice-flu-empata-e-joga-internacional-para-quinto\/\"},\"wordCount\":411,\"commentCount\":0,\"publisher\":{\"@id\":\"https:\/\/www.notibras.com\/site\/#organization\"},\"image\":{\"@id\":\"https:\/\/www.notibras.com\/site\/em-duelo-pela-vice-flu-empata-e-joga-internacional-para-quinto\/#primaryimage\"},\"thumbnailUrl\":\"https:\/\/www.notibras.com\/site\/wp-content\/uploads\/2014\/06\/bolaaerearicardoayresphotocamera.jpg\",\"articleSection\":[\"Esportes\",\"Futebol\"],\"inLanguage\":\"pt-BR\",\"potentialAction\":[{\"@type\":\"CommentAction\",\"name\":\"Comment\",\"target\":[\"https:\/\/www.notibras.com\/site\/em-duelo-pela-vice-flu-empata-e-joga-internacional-para-quinto\/#respond\"]}]},{\"@type\":\"WebPage\",\"@id\":\"https:\/\/www.notibras.com\/site\/em-duelo-pela-vice-flu-empata-e-joga-internacional-para-quinto\/\",\"url\":\"https:\/\/www.notibras.com\/site\/em-duelo-pela-vice-flu-empata-e-joga-internacional-para-quinto\/\",\"name\":\"Em duelo pela vice, Flu empata e joga Internacional para quinto - Notibras\",\"isPartOf\":{\"@id\":\"https:\/\/www.notibras.com\/site\/#website\"},\"primaryImageOfPage\":{\"@id\":\"https:\/\/www.notibras.com\/site\/em-duelo-pela-vice-flu-empata-e-joga-internacional-para-quinto\/#primaryimage\"},\"image\":{\"@id\":\"https:\/\/www.notibras.com\/site\/em-duelo-pela-vice-flu-empata-e-joga-internacional-para-quinto\/#primaryimage\"},\"thumbnailUrl\":\"https:\/\/www.notibras.com\/site\/wp-content\/uploads\/2014\/06\/bolaaerearicardoayresphotocamera.jpg\",\"datePublished\":\"2014-06-02T00:04:34+00:00\",\"breadcrumb\":{\"@id\":\"https:\/\/www.notibras.com\/site\/em-duelo-pela-vice-flu-empata-e-joga-internacional-para-quinto\/#breadcrumb\"},\"inLanguage\":\"pt-BR\",\"potentialAction\":[{\"@type\":\"ReadAction\",\"target\":[\"https:\/\/www.notibras.com\/site\/em-duelo-pela-vice-flu-empata-e-joga-internacional-para-quinto\/\"]}]},{\"@type\":\"ImageObject\",\"inLanguage\":\"pt-BR\",\"@id\":\"https:\/\/www.notibras.com\/site\/em-duelo-pela-vice-flu-empata-e-joga-internacional-para-quinto\/#primaryimage\",\"url\":\"https:\/\/www.notibras.com\/site\/wp-content\/uploads\/2014\/06\/bolaaerearicardoayresphotocamera.jpg\",\"contentUrl\":\"https:\/\/www.notibras.com\/site\/wp-content\/uploads\/2014\/06\/bolaaerearicardoayresphotocamera.jpg\",\"width\":460,\"height\":340},{\"@type\":\"BreadcrumbList\",\"@id\":\"https:\/\/www.notibras.com\/site\/em-duelo-pela-vice-flu-empata-e-joga-internacional-para-quinto\/#breadcrumb\",\"itemListElement\":[{\"@type\":\"ListItem\",\"position\":1,\"name\":\"In\u00edcio\",\"item\":\"https:\/\/www.notibras.com\/site\/\"},{\"@type\":\"ListItem\",\"position\":2,\"name\":\"Em duelo pela vice, Flu empata e joga Internacional para quinto\"}]},{\"@type\":\"WebSite\",\"@id\":\"https:\/\/www.notibras.com\/site\/#website\",\"url\":\"https:\/\/www.notibras.com\/site\/\",\"name\":\"Notibras\",\"description\":\"Not\u00edcias de Bras\u00edlia, do Brasil e do Mundo\",\"publisher\":{\"@id\":\"https:\/\/www.notibras.com\/site\/#organization\"},\"potentialAction\":[{\"@type\":\"SearchAction\",\"target\":{\"@type\":\"EntryPoint\",\"urlTemplate\":\"https:\/\/www.notibras.com\/site\/?s={search_term_string}\"},\"query-input\":{\"@type\":\"PropertyValueSpecification\",\"valueRequired\":true,\"valueName\":\"search_term_string\"}}],\"inLanguage\":\"pt-BR\"},{\"@type\":\"Organization\",\"@id\":\"https:\/\/www.notibras.com\/site\/#organization\",\"name\":\"Grupo Notibras de Comunica\u00e7\u00e3o\",\"url\":\"https:\/\/www.notibras.com\/site\/\",\"logo\":{\"@type\":\"ImageObject\",\"inLanguage\":\"pt-BR\",\"@id\":\"https:\/\/www.notibras.com\/site\/#\/schema\/logo\/image\/\",\"url\":\"https:\/\/www.notibras.com\/site\/wp-content\/uploads\/2023\/01\/notibras23.png\",\"contentUrl\":\"https:\/\/www.notibras.com\/site\/wp-content\/uploads\/2023\/01\/notibras23.png\",\"width\":350,\"height\":87,\"caption\":\"Grupo Notibras de Comunica\u00e7\u00e3o\"},\"image\":{\"@id\":\"https:\/\/www.notibras.com\/site\/#\/schema\/logo\/image\/\"},\"sameAs\":[\"https:\/\/www.facebook.com\/notibras\/\",\"https:\/\/x.com\/Notibras\",\"https:\/\/www.instagram.com\/notibras\/\"]},{\"@type\":\"Person\",\"@id\":\"https:\/\/www.notibras.com\/site\/#\/schema\/person\/36ab0979449956132d3e5b517ea76ac8\",\"name\":\"Reda\u00e7\u00e3o\",\"image\":{\"@type\":\"ImageObject\",\"inLanguage\":\"pt-BR\",\"@id\":\"https:\/\/secure.gravatar.com\/avatar\/e0a867bdedb85fd243eadf09663511f96fc81e0720a4a42581f334ad4303aa6b?s=96&d=mm&r=g\",\"url\":\"https:\/\/secure.gravatar.com\/avatar\/e0a867bdedb85fd243eadf09663511f96fc81e0720a4a42581f334ad4303aa6b?s=96&d=mm&r=g\",\"contentUrl\":\"https:\/\/secure.gravatar.com\/avatar\/e0a867bdedb85fd243eadf09663511f96fc81e0720a4a42581f334ad4303aa6b?s=96&d=mm&r=g\",\"caption\":\"Reda\u00e7\u00e3o\"}}]}<\/script>\n<!-- \/ Yoast SEO plugin. -->","yoast_head_json":{"title":"Em duelo pela vice, Flu empata e joga Internacional para quinto - Notibras","robots":{"index":"index","follow":"follow","max-snippet":"max-snippet:-1","max-image-preview":"max-image-preview:large","max-video-preview":"max-video-preview:-1"},"canonical":"https:\/\/www.notibras.com\/site\/em-duelo-pela-vice-flu-empata-e-joga-internacional-para-quinto\/","og_locale":"pt_BR","og_type":"article","og_title":"Em duelo pela vice, Flu empata e joga Internacional para quinto - Notibras","og_description":"Fluminense e Internacional fizeram um confronto para ver quem ficava com a segunda posi\u00e7\u00e3o do Campeonato Brasileiro antes da parada da Copa do Mundo. Jogando em Maca\u00e9, as equipes empataram em 1 a 1, o que resultou com a manuten\u00e7\u00e3o da equipe carioca na vice-lideran\u00e7a da competi\u00e7\u00e3o. Jorge Henrique e Jean foram os autores dos [&hellip;]","og_url":"https:\/\/www.notibras.com\/site\/em-duelo-pela-vice-flu-empata-e-joga-internacional-para-quinto\/","og_site_name":"Notibras","article_publisher":"https:\/\/www.facebook.com\/notibras\/","article_published_time":"2014-06-02T00:04:34+00:00","og_image":[{"width":460,"height":340,"url":"https:\/\/www.notibras.com\/site\/wp-content\/uploads\/2014\/06\/bolaaerearicardoayresphotocamera.jpg","type":"image\/jpeg"}],"author":"Reda\u00e7\u00e3o","twitter_card":"summary_large_image","twitter_creator":"@Notibras","twitter_site":"@Notibras","twitter_misc":{"Escrito por":"Reda\u00e7\u00e3o","Est. tempo de leitura":"2 minutos"},"schema":{"@context":"https:\/\/schema.org","@graph":[{"@type":"Article","@id":"https:\/\/www.notibras.com\/site\/em-duelo-pela-vice-flu-empata-e-joga-internacional-para-quinto\/#article","isPartOf":{"@id":"https:\/\/www.notibras.com\/site\/em-duelo-pela-vice-flu-empata-e-joga-internacional-para-quinto\/"},"author":{"name":"Reda\u00e7\u00e3o","@id":"https:\/\/www.notibras.com\/site\/#\/schema\/person\/36ab0979449956132d3e5b517ea76ac8"},"headline":"Em duelo pela vice, Flu empata e joga Internacional para quinto","datePublished":"2014-06-02T00:04:34+00:00","mainEntityOfPage":{"@id":"https:\/\/www.notibras.com\/site\/em-duelo-pela-vice-flu-empata-e-joga-internacional-para-quinto\/"},"wordCount":411,"commentCount":0,"publisher":{"@id":"https:\/\/www.notibras.com\/site\/#organization"},"image":{"@id":"https:\/\/www.notibras.com\/site\/em-duelo-pela-vice-flu-empata-e-joga-internacional-para-quinto\/#primaryimage"},"thumbnailUrl":"https:\/\/www.notibras.com\/site\/wp-content\/uploads\/2014\/06\/bolaaerearicardoayresphotocamera.jpg","articleSection":["Esportes","Futebol"],"inLanguage":"pt-BR","potentialAction":[{"@type":"CommentAction","name":"Comment","target":["https:\/\/www.notibras.com\/site\/em-duelo-pela-vice-flu-empata-e-joga-internacional-para-quinto\/#respond"]}]},{"@type":"WebPage","@id":"https:\/\/www.notibras.com\/site\/em-duelo-pela-vice-flu-empata-e-joga-internacional-para-quinto\/","url":"https:\/\/www.notibras.com\/site\/em-duelo-pela-vice-flu-empata-e-joga-internacional-para-quinto\/","name":"Em duelo pela vice, Flu empata e joga Internacional para quinto - Notibras","isPartOf":{"@id":"https:\/\/www.notibras.com\/site\/#website"},"primaryImageOfPage":{"@id":"https:\/\/www.notibras.com\/site\/em-duelo-pela-vice-flu-empata-e-joga-internacional-para-quinto\/#primaryimage"},"image":{"@id":"https:\/\/www.notibras.com\/site\/em-duelo-pela-vice-flu-empata-e-joga-internacional-para-quinto\/#primaryimage"},"thumbnailUrl":"https:\/\/www.notibras.com\/site\/wp-content\/uploads\/2014\/06\/bolaaerearicardoayresphotocamera.jpg","datePublished":"2014-06-02T00:04:34+00:00","breadcrumb":{"@id":"https:\/\/www.notibras.com\/site\/em-duelo-pela-vice-flu-empata-e-joga-internacional-para-quinto\/#breadcrumb"},"inLanguage":"pt-BR","potentialAction":[{"@type":"ReadAction","target":["https:\/\/www.notibras.com\/site\/em-duelo-pela-vice-flu-empata-e-joga-internacional-para-quinto\/"]}]},{"@type":"ImageObject","inLanguage":"pt-BR","@id":"https:\/\/www.notibras.com\/site\/em-duelo-pela-vice-flu-empata-e-joga-internacional-para-quinto\/#primaryimage","url":"https:\/\/www.notibras.com\/site\/wp-content\/uploads\/2014\/06\/bolaaerearicardoayresphotocamera.jpg","contentUrl":"https:\/\/www.notibras.com\/site\/wp-content\/uploads\/2014\/06\/bolaaerearicardoayresphotocamera.jpg","width":460,"height":340},{"@type":"BreadcrumbList","@id":"https:\/\/www.notibras.com\/site\/em-duelo-pela-vice-flu-empata-e-joga-internacional-para-quinto\/#breadcrumb","itemListElement":[{"@type":"ListItem","position":1,"name":"In\u00edcio","item":"https:\/\/www.notibras.com\/site\/"},{"@type":"ListItem","position":2,"name":"Em duelo pela vice, Flu empata e joga Internacional para quinto"}]},{"@type":"WebSite","@id":"https:\/\/www.notibras.com\/site\/#website","url":"https:\/\/www.notibras.com\/site\/","name":"Notibras","description":"Not\u00edcias de Bras\u00edlia, do Brasil e do Mundo","publisher":{"@id":"https:\/\/www.notibras.com\/site\/#organization"},"potentialAction":[{"@type":"SearchAction","target":{"@type":"EntryPoint","urlTemplate":"https:\/\/www.notibras.com\/site\/?s={search_term_string}"},"query-input":{"@type":"PropertyValueSpecification","valueRequired":true,"valueName":"search_term_string"}}],"inLanguage":"pt-BR"},{"@type":"Organization","@id":"https:\/\/www.notibras.com\/site\/#organization","name":"Grupo Notibras de Comunica\u00e7\u00e3o","url":"https:\/\/www.notibras.com\/site\/","logo":{"@type":"ImageObject","inLanguage":"pt-BR","@id":"https:\/\/www.notibras.com\/site\/#\/schema\/logo\/image\/","url":"https:\/\/www.notibras.com\/site\/wp-content\/uploads\/2023\/01\/notibras23.png","contentUrl":"https:\/\/www.notibras.com\/site\/wp-content\/uploads\/2023\/01\/notibras23.png","width":350,"height":87,"caption":"Grupo Notibras de Comunica\u00e7\u00e3o"},"image":{"@id":"https:\/\/www.notibras.com\/site\/#\/schema\/logo\/image\/"},"sameAs":["https:\/\/www.facebook.com\/notibras\/","https:\/\/x.com\/Notibras","https:\/\/www.instagram.com\/notibras\/"]},{"@type":"Person","@id":"https:\/\/www.notibras.com\/site\/#\/schema\/person\/36ab0979449956132d3e5b517ea76ac8","name":"Reda\u00e7\u00e3o","image":{"@type":"ImageObject","inLanguage":"pt-BR","@id":"https:\/\/secure.gravatar.com\/avatar\/e0a867bdedb85fd243eadf09663511f96fc81e0720a4a42581f334ad4303aa6b?s=96&d=mm&r=g","url":"https:\/\/secure.gravatar.com\/avatar\/e0a867bdedb85fd243eadf09663511f96fc81e0720a4a42581f334ad4303aa6b?s=96&d=mm&r=g","contentUrl":"https:\/\/secure.gravatar.com\/avatar\/e0a867bdedb85fd243eadf09663511f96fc81e0720a4a42581f334ad4303aa6b?s=96&d=mm&r=g","caption":"Reda\u00e7\u00e3o"}}]}},"amp_enabled":true,"_links":{"self":[{"href":"https:\/\/www.notibras.com\/site\/wp-json\/wp\/v2\/posts\/11913","targetHints":{"allow":["GET"]}}],"collection":[{"href":"https:\/\/www.notibras.com\/site\/wp-json\/wp\/v2\/posts"}],"about":[{"href":"https:\/\/www.notibras.com\/site\/wp-json\/wp\/v2\/types\/post"}],"author":[{"embeddable":true,"href":"https:\/\/www.notibras.com\/site\/wp-json\/wp\/v2\/users\/2"}],"replies":[{"embeddable":true,"href":"https:\/\/www.notibras.com\/site\/wp-json\/wp\/v2\/comments?post=11913"}],"version-history":[{"count":0,"href":"https:\/\/www.notibras.com\/site\/wp-json\/wp\/v2\/posts\/11913\/revisions"}],"wp:featuredmedia":[{"embeddable":true,"href":"https:\/\/www.notibras.com\/site\/wp-json\/wp\/v2\/media\/11914"}],"wp:attachment":[{"href":"https:\/\/www.notibras.com\/site\/wp-json\/wp\/v2\/media?parent=11913"}],"wp:term":[{"taxonomy":"category","embeddable":true,"href":"https:\/\/www.notibras.com\/site\/wp-json\/wp\/v2\/categories?post=11913"},{"taxonomy":"post_tag","embeddable":true,"href":"https:\/\/www.notibras.com\/site\/wp-json\/wp\/v2\/tags?post=11913"}],"curies":[{"name":"wp","href":"https:\/\/api.w.org\/{rel}","templated":true}]}}