{"id":119177,"date":"2016-10-20T13:33:14","date_gmt":"2016-10-20T15:33:14","guid":{"rendered":"http:\/\/www.notibras.com\/site\/?p=119177"},"modified":"2016-10-20T22:35:36","modified_gmt":"2016-10-21T00:35:36","slug":"um-rei-que-pensa-ser-juiz-ou-um-juiz-que-sonha-ser-rei","status":"publish","type":"post","link":"https:\/\/www.notibras.com\/site\/um-rei-que-pensa-ser-juiz-ou-um-juiz-que-sonha-ser-rei\/","title":{"rendered":"Um rei que pensa ser juiz, ou juiz que sonha ser rei?"},"content":{"rendered":"<p><strong>Luis Carlos Alcoforado<\/strong><\/p>\n<p>A decreta\u00e7\u00e3o de pris\u00e3o antes da cita\u00e7\u00e3o do r\u00e9u para o exerc\u00edcio de seu direito de defesa sugere abomin\u00e1vel voca\u00e7\u00e3o totalit\u00e1ria, fora de qualquer compromisso institucional, com inspira\u00e7\u00e3o no terror do Estado ou estado de terror.<\/p>\n<p>Antes da defesa, o castigo da barb\u00e1rie \u00e9 incomunic\u00e1vel com a civilidade, porque fruto de voluntarismo personal\u00edssimo, mas disfar\u00e7ada sob a \u00e9gide de comando estatal.<\/p>\n<p>O poder de julgar se violenta na comunica\u00e7\u00e3o com o justicialismo vulgar, como se a sociedade dispensasse a imparcialidade da Justi\u00e7a para a afirma\u00e7\u00e3o de uma decis\u00e3o judicial como elixir \u00e0 sobreviv\u00eancia da sanha utilitarista do julgamento popular.<\/p>\n<p>Bastam urros col\u00e9ricos para a consci\u00eancia deformada do Estado-juiz consagrar o virtuosismo da puni\u00e7\u00e3o, sem defesa.<\/p>\n<p>A defesa deixou de ser direito natural e universal para se transformar em mera eventualidade ideol\u00f3gica do aparato que comanda o poder revolto de um Estado perdido entre a institucionalidade e a justicionalidade, num ambiente em que a justi\u00e7a dialoga com seu pr\u00f3prio fracasso.<\/p>\n<p><img loading=\"lazy\" decoding=\"async\" class=\"alignnone size-full wp-image-119178\" src=\"http:\/\/www.notibras.com\/site\/wp-content\/uploads\/2016\/10\/9840mundo.jpg\" alt=\"9840mundo\" width=\"1024\" height=\"768\" srcset=\"https:\/\/www.notibras.com\/site\/wp-content\/uploads\/2016\/10\/9840mundo.jpg 1024w, https:\/\/www.notibras.com\/site\/wp-content\/uploads\/2016\/10\/9840mundo-300x225.jpg 300w, https:\/\/www.notibras.com\/site\/wp-content\/uploads\/2016\/10\/9840mundo-768x576.jpg 768w, https:\/\/www.notibras.com\/site\/wp-content\/uploads\/2016\/10\/9840mundo-80x60.jpg 80w, https:\/\/www.notibras.com\/site\/wp-content\/uploads\/2016\/10\/9840mundo-265x198.jpg 265w, https:\/\/www.notibras.com\/site\/wp-content\/uploads\/2016\/10\/9840mundo-696x522.jpg 696w, https:\/\/www.notibras.com\/site\/wp-content\/uploads\/2016\/10\/9840mundo-560x420.jpg 560w\" sizes=\"auto, (max-width: 1024px) 100vw, 1024px\" \/><\/p>\n<p>A injusti\u00e7a da pris\u00e3o reclama supera\u00e7\u00e3o pela justi\u00e7a de hoje, em cujo organismo recrutas abdicados fazem da teoria um laborat\u00f3rio de terror, com \u00edmpeto voluntarista t\u00edpico dos soldados aliciados para fidelizarem a consci\u00eancia adormecida dos falsos her\u00f3is, depois severamente julgados pela Hist\u00f3ria.<\/p>\n<p>A liberdade consiste no essencial direito de indisposi\u00e7\u00e3o contra o Estado, raz\u00e3o por que as franquias que asseguram o seu exerc\u00edcio se governam pelo irrefut\u00e1vel poder do cidad\u00e3o em se confortar na garantia do princ\u00edpio da presun\u00e7\u00e3o de inoc\u00eancia, indestrut\u00edvel pelo prazer m\u00f3rbido da fantasia do rei travestido de juiz ou do juiz que queria ser rei, como soberano absoluto e sem constitui\u00e7\u00e3o.<\/p>\n<p>No momento em que as excepcionalidades, anomalias e extravag\u00e2ncias se identificam com o festejo popular, imp\u00f5e-se o di\u00e1logo com o vision\u00e1rio para contornar a zona abissal em cuja escurid\u00e3o o mundo mergulhou, ao sacrificar os ineg\u00e1veis valores da Justi\u00e7a em nome da atoleimada voca\u00e7\u00e3o fugaz do julgador algoz, tolhido pela aparente compreens\u00e3o de que \u00e9 demiurgo.<\/p>\n<p>A Justi\u00e7a \u00e9 o imperativo da cidadania, mas n\u00e3o pode se converter em instrumento para agu\u00e7ar a crise de identidade de seus valores mais caros e virtuosos, como se as circunst\u00e2ncias justificassem o terror para corrigir os erros do passado.<\/p>\n<p>Pensar no futuro \u00e9 a melhor reflex\u00e3o.<\/p>\n","protected":false},"excerpt":{"rendered":"<p>Luis Carlos Alcoforado A decreta\u00e7\u00e3o de pris\u00e3o antes da cita\u00e7\u00e3o do r\u00e9u para o exerc\u00edcio de seu direito de defesa sugere abomin\u00e1vel voca\u00e7\u00e3o totalit\u00e1ria, fora de qualquer compromisso institucional, com inspira\u00e7\u00e3o no terror do Estado ou estado de terror. Antes da defesa, o castigo da barb\u00e1rie \u00e9 incomunic\u00e1vel com a civilidade, porque fruto de voluntarismo [&hellip;]<\/p>\n","protected":false},"author":2,"featured_media":96611,"comment_status":"open","ping_status":"closed","sticky":false,"template":"","format":"standard","meta":{"_acf_changed":false,"footnotes":""},"categories":[25],"tags":[],"class_list":["post-119177","post","type-post","status-publish","format-standard","has-post-thumbnail","hentry","category-opina-ai"],"acf":[],"yoast_head":"<!-- This site is optimized with the Yoast SEO plugin v27.5 - https:\/\/yoast.com\/product\/yoast-seo-wordpress\/ -->\n<title>Um rei que pensa ser juiz, ou juiz que sonha ser rei? - Notibras<\/title>\n<meta name=\"robots\" content=\"index, follow, max-snippet:-1, max-image-preview:large, max-video-preview:-1\" \/>\n<link rel=\"canonical\" href=\"https:\/\/www.notibras.com\/site\/um-rei-que-pensa-ser-juiz-ou-um-juiz-que-sonha-ser-rei\/\" \/>\n<meta property=\"og:locale\" content=\"pt_BR\" \/>\n<meta property=\"og:type\" content=\"article\" \/>\n<meta property=\"og:title\" content=\"Um rei que pensa ser juiz, ou juiz que sonha ser rei? - Notibras\" \/>\n<meta property=\"og:description\" content=\"Luis Carlos Alcoforado A decreta\u00e7\u00e3o de pris\u00e3o antes da cita\u00e7\u00e3o do r\u00e9u para o exerc\u00edcio de seu direito de defesa sugere abomin\u00e1vel voca\u00e7\u00e3o totalit\u00e1ria, fora de qualquer compromisso institucional, com inspira\u00e7\u00e3o no terror do Estado ou estado de terror. Antes da defesa, o castigo da barb\u00e1rie \u00e9 incomunic\u00e1vel com a civilidade, porque fruto de voluntarismo [&hellip;]\" \/>\n<meta property=\"og:url\" content=\"https:\/\/www.notibras.com\/site\/um-rei-que-pensa-ser-juiz-ou-um-juiz-que-sonha-ser-rei\/\" \/>\n<meta property=\"og:site_name\" content=\"Notibras\" \/>\n<meta property=\"article:publisher\" content=\"https:\/\/www.facebook.com\/notibras\/\" \/>\n<meta property=\"article:published_time\" content=\"2016-10-20T15:33:14+00:00\" \/>\n<meta property=\"article:modified_time\" content=\"2016-10-21T00:35:36+00:00\" \/>\n<meta property=\"og:image\" content=\"https:\/\/www.notibras.com\/site\/wp-content\/uploads\/2016\/04\/stf.jpg\" \/>\n\t<meta property=\"og:image:width\" content=\"590\" \/>\n\t<meta property=\"og:image:height\" content=\"443\" \/>\n\t<meta property=\"og:image:type\" content=\"image\/jpeg\" \/>\n<meta name=\"author\" content=\"Reda\u00e7\u00e3o\" \/>\n<meta name=\"twitter:card\" content=\"summary_large_image\" \/>\n<meta name=\"twitter:creator\" content=\"@Notibras\" \/>\n<meta name=\"twitter:site\" content=\"@Notibras\" \/>\n<meta name=\"twitter:label1\" content=\"Escrito por\" \/>\n\t<meta name=\"twitter:data1\" content=\"Reda\u00e7\u00e3o\" \/>\n\t<meta name=\"twitter:label2\" content=\"Est. tempo de leitura\" \/>\n\t<meta name=\"twitter:data2\" content=\"2 minutos\" \/>\n<script type=\"application\/ld+json\" class=\"yoast-schema-graph\">{\"@context\":\"https:\\\/\\\/schema.org\",\"@graph\":[{\"@type\":\"Article\",\"@id\":\"https:\\\/\\\/www.notibras.com\\\/site\\\/um-rei-que-pensa-ser-juiz-ou-um-juiz-que-sonha-ser-rei\\\/#article\",\"isPartOf\":{\"@id\":\"https:\\\/\\\/www.notibras.com\\\/site\\\/um-rei-que-pensa-ser-juiz-ou-um-juiz-que-sonha-ser-rei\\\/\"},\"author\":{\"name\":\"Reda\u00e7\u00e3o\",\"@id\":\"https:\\\/\\\/www.notibras.com\\\/site\\\/#\\\/schema\\\/person\\\/36ab0979449956132d3e5b517ea76ac8\"},\"headline\":\"Um rei que pensa ser juiz, ou juiz que sonha ser rei?\",\"datePublished\":\"2016-10-20T15:33:14+00:00\",\"dateModified\":\"2016-10-21T00:35:36+00:00\",\"mainEntityOfPage\":{\"@id\":\"https:\\\/\\\/www.notibras.com\\\/site\\\/um-rei-que-pensa-ser-juiz-ou-um-juiz-que-sonha-ser-rei\\\/\"},\"wordCount\":435,\"commentCount\":0,\"publisher\":{\"@id\":\"https:\\\/\\\/www.notibras.com\\\/site\\\/#organization\"},\"image\":{\"@id\":\"https:\\\/\\\/www.notibras.com\\\/site\\\/um-rei-que-pensa-ser-juiz-ou-um-juiz-que-sonha-ser-rei\\\/#primaryimage\"},\"thumbnailUrl\":\"https:\\\/\\\/www.notibras.com\\\/site\\\/wp-content\\\/uploads\\\/2016\\\/04\\\/stf.jpg\",\"articleSection\":[\"Opina a\u00ed\"],\"inLanguage\":\"pt-BR\",\"potentialAction\":[{\"@type\":\"CommentAction\",\"name\":\"Comment\",\"target\":[\"https:\\\/\\\/www.notibras.com\\\/site\\\/um-rei-que-pensa-ser-juiz-ou-um-juiz-que-sonha-ser-rei\\\/#respond\"]}]},{\"@type\":\"WebPage\",\"@id\":\"https:\\\/\\\/www.notibras.com\\\/site\\\/um-rei-que-pensa-ser-juiz-ou-um-juiz-que-sonha-ser-rei\\\/\",\"url\":\"https:\\\/\\\/www.notibras.com\\\/site\\\/um-rei-que-pensa-ser-juiz-ou-um-juiz-que-sonha-ser-rei\\\/\",\"name\":\"Um rei que pensa ser juiz, ou juiz que sonha ser rei? - Notibras\",\"isPartOf\":{\"@id\":\"https:\\\/\\\/www.notibras.com\\\/site\\\/#website\"},\"primaryImageOfPage\":{\"@id\":\"https:\\\/\\\/www.notibras.com\\\/site\\\/um-rei-que-pensa-ser-juiz-ou-um-juiz-que-sonha-ser-rei\\\/#primaryimage\"},\"image\":{\"@id\":\"https:\\\/\\\/www.notibras.com\\\/site\\\/um-rei-que-pensa-ser-juiz-ou-um-juiz-que-sonha-ser-rei\\\/#primaryimage\"},\"thumbnailUrl\":\"https:\\\/\\\/www.notibras.com\\\/site\\\/wp-content\\\/uploads\\\/2016\\\/04\\\/stf.jpg\",\"datePublished\":\"2016-10-20T15:33:14+00:00\",\"dateModified\":\"2016-10-21T00:35:36+00:00\",\"breadcrumb\":{\"@id\":\"https:\\\/\\\/www.notibras.com\\\/site\\\/um-rei-que-pensa-ser-juiz-ou-um-juiz-que-sonha-ser-rei\\\/#breadcrumb\"},\"inLanguage\":\"pt-BR\",\"potentialAction\":[{\"@type\":\"ReadAction\",\"target\":[\"https:\\\/\\\/www.notibras.com\\\/site\\\/um-rei-que-pensa-ser-juiz-ou-um-juiz-que-sonha-ser-rei\\\/\"]}]},{\"@type\":\"ImageObject\",\"inLanguage\":\"pt-BR\",\"@id\":\"https:\\\/\\\/www.notibras.com\\\/site\\\/um-rei-que-pensa-ser-juiz-ou-um-juiz-que-sonha-ser-rei\\\/#primaryimage\",\"url\":\"https:\\\/\\\/www.notibras.com\\\/site\\\/wp-content\\\/uploads\\\/2016\\\/04\\\/stf.jpg\",\"contentUrl\":\"https:\\\/\\\/www.notibras.com\\\/site\\\/wp-content\\\/uploads\\\/2016\\\/04\\\/stf.jpg\",\"width\":590,\"height\":443},{\"@type\":\"BreadcrumbList\",\"@id\":\"https:\\\/\\\/www.notibras.com\\\/site\\\/um-rei-que-pensa-ser-juiz-ou-um-juiz-que-sonha-ser-rei\\\/#breadcrumb\",\"itemListElement\":[{\"@type\":\"ListItem\",\"position\":1,\"name\":\"In\u00edcio\",\"item\":\"https:\\\/\\\/www.notibras.com\\\/site\\\/\"},{\"@type\":\"ListItem\",\"position\":2,\"name\":\"Um rei que pensa ser juiz, ou juiz que sonha ser rei?\"}]},{\"@type\":\"WebSite\",\"@id\":\"https:\\\/\\\/www.notibras.com\\\/site\\\/#website\",\"url\":\"https:\\\/\\\/www.notibras.com\\\/site\\\/\",\"name\":\"Notibras\",\"description\":\"Not\u00edcias de Bras\u00edlia, do Brasil e do Mundo\",\"publisher\":{\"@id\":\"https:\\\/\\\/www.notibras.com\\\/site\\\/#organization\"},\"potentialAction\":[{\"@type\":\"SearchAction\",\"target\":{\"@type\":\"EntryPoint\",\"urlTemplate\":\"https:\\\/\\\/www.notibras.com\\\/site\\\/?s={search_term_string}\"},\"query-input\":{\"@type\":\"PropertyValueSpecification\",\"valueRequired\":true,\"valueName\":\"search_term_string\"}}],\"inLanguage\":\"pt-BR\"},{\"@type\":\"Organization\",\"@id\":\"https:\\\/\\\/www.notibras.com\\\/site\\\/#organization\",\"name\":\"Grupo Notibras de Comunica\u00e7\u00e3o\",\"url\":\"https:\\\/\\\/www.notibras.com\\\/site\\\/\",\"logo\":{\"@type\":\"ImageObject\",\"inLanguage\":\"pt-BR\",\"@id\":\"https:\\\/\\\/www.notibras.com\\\/site\\\/#\\\/schema\\\/logo\\\/image\\\/\",\"url\":\"https:\\\/\\\/www.notibras.com\\\/site\\\/wp-content\\\/uploads\\\/2023\\\/01\\\/notibras23.png\",\"contentUrl\":\"https:\\\/\\\/www.notibras.com\\\/site\\\/wp-content\\\/uploads\\\/2023\\\/01\\\/notibras23.png\",\"width\":350,\"height\":87,\"caption\":\"Grupo Notibras de Comunica\u00e7\u00e3o\"},\"image\":{\"@id\":\"https:\\\/\\\/www.notibras.com\\\/site\\\/#\\\/schema\\\/logo\\\/image\\\/\"},\"sameAs\":[\"https:\\\/\\\/www.facebook.com\\\/notibras\\\/\",\"https:\\\/\\\/x.com\\\/Notibras\",\"https:\\\/\\\/www.instagram.com\\\/notibras\\\/\"]},{\"@type\":\"Person\",\"@id\":\"https:\\\/\\\/www.notibras.com\\\/site\\\/#\\\/schema\\\/person\\\/36ab0979449956132d3e5b517ea76ac8\",\"name\":\"Reda\u00e7\u00e3o\",\"image\":{\"@type\":\"ImageObject\",\"inLanguage\":\"pt-BR\",\"@id\":\"https:\\\/\\\/secure.gravatar.com\\\/avatar\\\/e0a867bdedb85fd243eadf09663511f96fc81e0720a4a42581f334ad4303aa6b?s=96&d=mm&r=g\",\"url\":\"https:\\\/\\\/secure.gravatar.com\\\/avatar\\\/e0a867bdedb85fd243eadf09663511f96fc81e0720a4a42581f334ad4303aa6b?s=96&d=mm&r=g\",\"contentUrl\":\"https:\\\/\\\/secure.gravatar.com\\\/avatar\\\/e0a867bdedb85fd243eadf09663511f96fc81e0720a4a42581f334ad4303aa6b?s=96&d=mm&r=g\",\"caption\":\"Reda\u00e7\u00e3o\"}}]}<\/script>\n<!-- \/ Yoast SEO plugin. -->","yoast_head_json":{"title":"Um rei que pensa ser juiz, ou juiz que sonha ser rei? - Notibras","robots":{"index":"index","follow":"follow","max-snippet":"max-snippet:-1","max-image-preview":"max-image-preview:large","max-video-preview":"max-video-preview:-1"},"canonical":"https:\/\/www.notibras.com\/site\/um-rei-que-pensa-ser-juiz-ou-um-juiz-que-sonha-ser-rei\/","og_locale":"pt_BR","og_type":"article","og_title":"Um rei que pensa ser juiz, ou juiz que sonha ser rei? - Notibras","og_description":"Luis Carlos Alcoforado A decreta\u00e7\u00e3o de pris\u00e3o antes da cita\u00e7\u00e3o do r\u00e9u para o exerc\u00edcio de seu direito de defesa sugere abomin\u00e1vel voca\u00e7\u00e3o totalit\u00e1ria, fora de qualquer compromisso institucional, com inspira\u00e7\u00e3o no terror do Estado ou estado de terror. Antes da defesa, o castigo da barb\u00e1rie \u00e9 incomunic\u00e1vel com a civilidade, porque fruto de voluntarismo [&hellip;]","og_url":"https:\/\/www.notibras.com\/site\/um-rei-que-pensa-ser-juiz-ou-um-juiz-que-sonha-ser-rei\/","og_site_name":"Notibras","article_publisher":"https:\/\/www.facebook.com\/notibras\/","article_published_time":"2016-10-20T15:33:14+00:00","article_modified_time":"2016-10-21T00:35:36+00:00","og_image":[{"width":590,"height":443,"url":"https:\/\/www.notibras.com\/site\/wp-content\/uploads\/2016\/04\/stf.jpg","type":"image\/jpeg"}],"author":"Reda\u00e7\u00e3o","twitter_card":"summary_large_image","twitter_creator":"@Notibras","twitter_site":"@Notibras","twitter_misc":{"Escrito por":"Reda\u00e7\u00e3o","Est. tempo de leitura":"2 minutos"},"schema":{"@context":"https:\/\/schema.org","@graph":[{"@type":"Article","@id":"https:\/\/www.notibras.com\/site\/um-rei-que-pensa-ser-juiz-ou-um-juiz-que-sonha-ser-rei\/#article","isPartOf":{"@id":"https:\/\/www.notibras.com\/site\/um-rei-que-pensa-ser-juiz-ou-um-juiz-que-sonha-ser-rei\/"},"author":{"name":"Reda\u00e7\u00e3o","@id":"https:\/\/www.notibras.com\/site\/#\/schema\/person\/36ab0979449956132d3e5b517ea76ac8"},"headline":"Um rei que pensa ser juiz, ou juiz que sonha ser rei?","datePublished":"2016-10-20T15:33:14+00:00","dateModified":"2016-10-21T00:35:36+00:00","mainEntityOfPage":{"@id":"https:\/\/www.notibras.com\/site\/um-rei-que-pensa-ser-juiz-ou-um-juiz-que-sonha-ser-rei\/"},"wordCount":435,"commentCount":0,"publisher":{"@id":"https:\/\/www.notibras.com\/site\/#organization"},"image":{"@id":"https:\/\/www.notibras.com\/site\/um-rei-que-pensa-ser-juiz-ou-um-juiz-que-sonha-ser-rei\/#primaryimage"},"thumbnailUrl":"https:\/\/www.notibras.com\/site\/wp-content\/uploads\/2016\/04\/stf.jpg","articleSection":["Opina a\u00ed"],"inLanguage":"pt-BR","potentialAction":[{"@type":"CommentAction","name":"Comment","target":["https:\/\/www.notibras.com\/site\/um-rei-que-pensa-ser-juiz-ou-um-juiz-que-sonha-ser-rei\/#respond"]}]},{"@type":"WebPage","@id":"https:\/\/www.notibras.com\/site\/um-rei-que-pensa-ser-juiz-ou-um-juiz-que-sonha-ser-rei\/","url":"https:\/\/www.notibras.com\/site\/um-rei-que-pensa-ser-juiz-ou-um-juiz-que-sonha-ser-rei\/","name":"Um rei que pensa ser juiz, ou juiz que sonha ser rei? - Notibras","isPartOf":{"@id":"https:\/\/www.notibras.com\/site\/#website"},"primaryImageOfPage":{"@id":"https:\/\/www.notibras.com\/site\/um-rei-que-pensa-ser-juiz-ou-um-juiz-que-sonha-ser-rei\/#primaryimage"},"image":{"@id":"https:\/\/www.notibras.com\/site\/um-rei-que-pensa-ser-juiz-ou-um-juiz-que-sonha-ser-rei\/#primaryimage"},"thumbnailUrl":"https:\/\/www.notibras.com\/site\/wp-content\/uploads\/2016\/04\/stf.jpg","datePublished":"2016-10-20T15:33:14+00:00","dateModified":"2016-10-21T00:35:36+00:00","breadcrumb":{"@id":"https:\/\/www.notibras.com\/site\/um-rei-que-pensa-ser-juiz-ou-um-juiz-que-sonha-ser-rei\/#breadcrumb"},"inLanguage":"pt-BR","potentialAction":[{"@type":"ReadAction","target":["https:\/\/www.notibras.com\/site\/um-rei-que-pensa-ser-juiz-ou-um-juiz-que-sonha-ser-rei\/"]}]},{"@type":"ImageObject","inLanguage":"pt-BR","@id":"https:\/\/www.notibras.com\/site\/um-rei-que-pensa-ser-juiz-ou-um-juiz-que-sonha-ser-rei\/#primaryimage","url":"https:\/\/www.notibras.com\/site\/wp-content\/uploads\/2016\/04\/stf.jpg","contentUrl":"https:\/\/www.notibras.com\/site\/wp-content\/uploads\/2016\/04\/stf.jpg","width":590,"height":443},{"@type":"BreadcrumbList","@id":"https:\/\/www.notibras.com\/site\/um-rei-que-pensa-ser-juiz-ou-um-juiz-que-sonha-ser-rei\/#breadcrumb","itemListElement":[{"@type":"ListItem","position":1,"name":"In\u00edcio","item":"https:\/\/www.notibras.com\/site\/"},{"@type":"ListItem","position":2,"name":"Um rei que pensa ser juiz, ou juiz que sonha ser rei?"}]},{"@type":"WebSite","@id":"https:\/\/www.notibras.com\/site\/#website","url":"https:\/\/www.notibras.com\/site\/","name":"Notibras","description":"Not\u00edcias de Bras\u00edlia, do Brasil e do Mundo","publisher":{"@id":"https:\/\/www.notibras.com\/site\/#organization"},"potentialAction":[{"@type":"SearchAction","target":{"@type":"EntryPoint","urlTemplate":"https:\/\/www.notibras.com\/site\/?s={search_term_string}"},"query-input":{"@type":"PropertyValueSpecification","valueRequired":true,"valueName":"search_term_string"}}],"inLanguage":"pt-BR"},{"@type":"Organization","@id":"https:\/\/www.notibras.com\/site\/#organization","name":"Grupo Notibras de Comunica\u00e7\u00e3o","url":"https:\/\/www.notibras.com\/site\/","logo":{"@type":"ImageObject","inLanguage":"pt-BR","@id":"https:\/\/www.notibras.com\/site\/#\/schema\/logo\/image\/","url":"https:\/\/www.notibras.com\/site\/wp-content\/uploads\/2023\/01\/notibras23.png","contentUrl":"https:\/\/www.notibras.com\/site\/wp-content\/uploads\/2023\/01\/notibras23.png","width":350,"height":87,"caption":"Grupo Notibras de Comunica\u00e7\u00e3o"},"image":{"@id":"https:\/\/www.notibras.com\/site\/#\/schema\/logo\/image\/"},"sameAs":["https:\/\/www.facebook.com\/notibras\/","https:\/\/x.com\/Notibras","https:\/\/www.instagram.com\/notibras\/"]},{"@type":"Person","@id":"https:\/\/www.notibras.com\/site\/#\/schema\/person\/36ab0979449956132d3e5b517ea76ac8","name":"Reda\u00e7\u00e3o","image":{"@type":"ImageObject","inLanguage":"pt-BR","@id":"https:\/\/secure.gravatar.com\/avatar\/e0a867bdedb85fd243eadf09663511f96fc81e0720a4a42581f334ad4303aa6b?s=96&d=mm&r=g","url":"https:\/\/secure.gravatar.com\/avatar\/e0a867bdedb85fd243eadf09663511f96fc81e0720a4a42581f334ad4303aa6b?s=96&d=mm&r=g","contentUrl":"https:\/\/secure.gravatar.com\/avatar\/e0a867bdedb85fd243eadf09663511f96fc81e0720a4a42581f334ad4303aa6b?s=96&d=mm&r=g","caption":"Reda\u00e7\u00e3o"}}]}},"amp_enabled":true,"_links":{"self":[{"href":"https:\/\/www.notibras.com\/site\/wp-json\/wp\/v2\/posts\/119177","targetHints":{"allow":["GET"]}}],"collection":[{"href":"https:\/\/www.notibras.com\/site\/wp-json\/wp\/v2\/posts"}],"about":[{"href":"https:\/\/www.notibras.com\/site\/wp-json\/wp\/v2\/types\/post"}],"author":[{"embeddable":true,"href":"https:\/\/www.notibras.com\/site\/wp-json\/wp\/v2\/users\/2"}],"replies":[{"embeddable":true,"href":"https:\/\/www.notibras.com\/site\/wp-json\/wp\/v2\/comments?post=119177"}],"version-history":[{"count":4,"href":"https:\/\/www.notibras.com\/site\/wp-json\/wp\/v2\/posts\/119177\/revisions"}],"predecessor-version":[{"id":119243,"href":"https:\/\/www.notibras.com\/site\/wp-json\/wp\/v2\/posts\/119177\/revisions\/119243"}],"wp:featuredmedia":[{"embeddable":true,"href":"https:\/\/www.notibras.com\/site\/wp-json\/wp\/v2\/media\/96611"}],"wp:attachment":[{"href":"https:\/\/www.notibras.com\/site\/wp-json\/wp\/v2\/media?parent=119177"}],"wp:term":[{"taxonomy":"category","embeddable":true,"href":"https:\/\/www.notibras.com\/site\/wp-json\/wp\/v2\/categories?post=119177"},{"taxonomy":"post_tag","embeddable":true,"href":"https:\/\/www.notibras.com\/site\/wp-json\/wp\/v2\/tags?post=119177"}],"curies":[{"name":"wp","href":"https:\/\/api.w.org\/{rel}","templated":true}]}}