{"id":11921,"date":"2014-06-01T20:34:12","date_gmt":"2014-06-01T23:34:12","guid":{"rendered":"http:\/\/www.notibras.com\/site\/?p=11921"},"modified":"2014-06-01T21:38:11","modified_gmt":"2014-06-02T00:38:11","slug":"inscricoes-para-51-mil-vagas-para-sisu-vao-de-2a-a-quarta-feira","status":"publish","type":"post","link":"https:\/\/www.notibras.com\/site\/inscricoes-para-51-mil-vagas-para-sisu-vao-de-2a-a-quarta-feira\/","title":{"rendered":"Inscri\u00e7\u00f5es para 51 mil vagas para Sisu v\u00e3o de 2\u00aa a 4\u00aa feira"},"content":{"rendered":"<blockquote><p>Come\u00e7am nesta segunda-feira 2 as inscri\u00e7\u00f5es para o Sistema de Sele\u00e7\u00e3o Unificada (Sisu), pela internet. Os candidatos devem ficar atentos aos prazos. Este ano, eles ter\u00e3o apenas tr\u00eas dias para se inscrever, at\u00e9 quarta-feira (4). Para participar, \u00e9 preciso ter feito o Exame Nacional do Ensino M\u00e9dio (Enem) do ano passado e n\u00e3o ter zerado a reda\u00e7\u00e3o.<\/p>\n<p>O Sisu oferce vagas em institui\u00e7\u00f5es p\u00fablicas de ensino. O n\u00famero de vagas nesta edi\u00e7\u00e3o cresceu 29% em compara\u00e7\u00e3o ao mesmo per\u00edodo do ano anterior, chegando a 51.412 em 67 institui\u00e7\u00f5es. O n\u00famero de cursos tamb\u00e9m teve aumento, passando de 1.179, em junho de 2013, para 1.447 em 2014.<\/p>\n<p>Neste semestre, 41% das vagas ser\u00e3o destinadas \u00e0s cotas e 3% para outros tipos de a\u00e7\u00f5es afirmativas pr\u00f3prias das institui\u00e7\u00f5es. Os cursos de medicina e engenharias aumentaram o n\u00famero de vagas.\u00a0 Ser\u00e3o 1.374 em medicina, um acr\u00e9scimo de 847 em rela\u00e7\u00e3o ao ano passado, e 2.550 mais nas engenharias, somando 8.707 vagas abertas.<\/p>\n<p>Durante o per\u00edodo de incri\u00e7\u00e3o, o candidato poder\u00e1 consultar, em seu boletim na p\u00e1gina do Sisu, a classifica\u00e7\u00e3o parcial na op\u00e7\u00e3o de curso escolhido. At\u00e9 o dia 4 tamb\u00e9m \u00e9 poss\u00edvel mudar de op\u00e7\u00e3o. O sistema vai considerar a \u00faltima inscri\u00e7\u00e3o confirmada.<\/p>\n<p>O resultado da primeira chamada do Sisu ser\u00e1 divulgado no dia 6 deste m\u00eas e as matr\u00edculas ocorrer\u00e3o entre os dias 9 e 13. A segunda chamada est\u00e1 prevista para o dia 24, com matr\u00edculas entre 27 de junho e 2 de julho.<\/p><\/blockquote>\n","protected":false},"excerpt":{"rendered":"<p>Come\u00e7am nesta segunda-feira 2 as inscri\u00e7\u00f5es para o Sistema de Sele\u00e7\u00e3o Unificada (Sisu), pela internet. Os candidatos devem ficar atentos aos prazos. Este ano, eles ter\u00e3o apenas tr\u00eas dias para se inscrever, at\u00e9 quarta-feira (4). Para participar, \u00e9 preciso ter feito o Exame Nacional do Ensino M\u00e9dio (Enem) do ano passado e n\u00e3o ter zerado [&hellip;]<\/p>\n","protected":false},"author":2,"featured_media":11922,"comment_status":"open","ping_status":"closed","sticky":false,"template":"","format":"standard","meta":{"_acf_changed":false,"footnotes":""},"categories":[16],"tags":[],"class_list":["post-11921","post","type-post","status-publish","format-standard","has-post-thumbnail","hentry","category-brasil"],"acf":[],"yoast_head":"<!-- This site is optimized with the Yoast SEO plugin v27.2 - https:\/\/yoast.com\/product\/yoast-seo-wordpress\/ -->\n<title>Inscri\u00e7\u00f5es para 51 mil vagas para Sisu v\u00e3o de 2\u00aa a 4\u00aa feira - Notibras<\/title>\n<meta name=\"robots\" content=\"index, follow, max-snippet:-1, max-image-preview:large, max-video-preview:-1\" \/>\n<link rel=\"canonical\" href=\"https:\/\/www.notibras.com\/site\/inscricoes-para-51-mil-vagas-para-sisu-vao-de-2a-a-quarta-feira\/\" \/>\n<meta property=\"og:locale\" content=\"pt_BR\" \/>\n<meta property=\"og:type\" content=\"article\" \/>\n<meta property=\"og:title\" content=\"Inscri\u00e7\u00f5es para 51 mil vagas para Sisu v\u00e3o de 2\u00aa a 4\u00aa feira - Notibras\" \/>\n<meta property=\"og:description\" content=\"Come\u00e7am nesta segunda-feira 2 as inscri\u00e7\u00f5es para o Sistema de Sele\u00e7\u00e3o Unificada (Sisu), pela internet. Os candidatos devem ficar atentos aos prazos. Este ano, eles ter\u00e3o apenas tr\u00eas dias para se inscrever, at\u00e9 quarta-feira (4). Para participar, \u00e9 preciso ter feito o Exame Nacional do Ensino M\u00e9dio (Enem) do ano passado e n\u00e3o ter zerado [&hellip;]\" \/>\n<meta property=\"og:url\" content=\"https:\/\/www.notibras.com\/site\/inscricoes-para-51-mil-vagas-para-sisu-vao-de-2a-a-quarta-feira\/\" \/>\n<meta property=\"og:site_name\" content=\"Notibras\" \/>\n<meta property=\"article:publisher\" content=\"https:\/\/www.facebook.com\/notibras\/\" \/>\n<meta property=\"article:published_time\" content=\"2014-06-01T23:34:12+00:00\" \/>\n<meta property=\"article:modified_time\" content=\"2014-06-02T00:38:11+00:00\" \/>\n<meta property=\"og:image\" content=\"https:\/\/www.notibras.com\/site\/wp-content\/uploads\/2014\/06\/sisu.jpg\" \/>\n\t<meta property=\"og:image:width\" content=\"800\" \/>\n\t<meta property=\"og:image:height\" content=\"506\" \/>\n\t<meta property=\"og:image:type\" content=\"image\/jpeg\" \/>\n<meta name=\"author\" content=\"Reda\u00e7\u00e3o\" \/>\n<meta name=\"twitter:card\" content=\"summary_large_image\" \/>\n<meta name=\"twitter:creator\" content=\"@Notibras\" \/>\n<meta name=\"twitter:site\" content=\"@Notibras\" \/>\n<meta name=\"twitter:label1\" content=\"Escrito por\" \/>\n\t<meta name=\"twitter:data1\" content=\"Reda\u00e7\u00e3o\" \/>\n\t<meta name=\"twitter:label2\" content=\"Est. tempo de leitura\" \/>\n\t<meta name=\"twitter:data2\" content=\"1 minuto\" \/>\n<script type=\"application\/ld+json\" class=\"yoast-schema-graph\">{\"@context\":\"https:\/\/schema.org\",\"@graph\":[{\"@type\":\"Article\",\"@id\":\"https:\/\/www.notibras.com\/site\/inscricoes-para-51-mil-vagas-para-sisu-vao-de-2a-a-quarta-feira\/#article\",\"isPartOf\":{\"@id\":\"https:\/\/www.notibras.com\/site\/inscricoes-para-51-mil-vagas-para-sisu-vao-de-2a-a-quarta-feira\/\"},\"author\":{\"name\":\"Reda\u00e7\u00e3o\",\"@id\":\"https:\/\/www.notibras.com\/site\/#\/schema\/person\/36ab0979449956132d3e5b517ea76ac8\"},\"headline\":\"Inscri\u00e7\u00f5es para 51 mil vagas para Sisu v\u00e3o de 2\u00aa a 4\u00aa feira\",\"datePublished\":\"2014-06-01T23:34:12+00:00\",\"dateModified\":\"2014-06-02T00:38:11+00:00\",\"mainEntityOfPage\":{\"@id\":\"https:\/\/www.notibras.com\/site\/inscricoes-para-51-mil-vagas-para-sisu-vao-de-2a-a-quarta-feira\/\"},\"wordCount\":270,\"commentCount\":0,\"publisher\":{\"@id\":\"https:\/\/www.notibras.com\/site\/#organization\"},\"image\":{\"@id\":\"https:\/\/www.notibras.com\/site\/inscricoes-para-51-mil-vagas-para-sisu-vao-de-2a-a-quarta-feira\/#primaryimage\"},\"thumbnailUrl\":\"https:\/\/www.notibras.com\/site\/wp-content\/uploads\/2014\/06\/sisu.jpg\",\"articleSection\":[\"Brasil\"],\"inLanguage\":\"pt-BR\",\"potentialAction\":[{\"@type\":\"CommentAction\",\"name\":\"Comment\",\"target\":[\"https:\/\/www.notibras.com\/site\/inscricoes-para-51-mil-vagas-para-sisu-vao-de-2a-a-quarta-feira\/#respond\"]}]},{\"@type\":\"WebPage\",\"@id\":\"https:\/\/www.notibras.com\/site\/inscricoes-para-51-mil-vagas-para-sisu-vao-de-2a-a-quarta-feira\/\",\"url\":\"https:\/\/www.notibras.com\/site\/inscricoes-para-51-mil-vagas-para-sisu-vao-de-2a-a-quarta-feira\/\",\"name\":\"Inscri\u00e7\u00f5es para 51 mil vagas para Sisu v\u00e3o de 2\u00aa a 4\u00aa feira - Notibras\",\"isPartOf\":{\"@id\":\"https:\/\/www.notibras.com\/site\/#website\"},\"primaryImageOfPage\":{\"@id\":\"https:\/\/www.notibras.com\/site\/inscricoes-para-51-mil-vagas-para-sisu-vao-de-2a-a-quarta-feira\/#primaryimage\"},\"image\":{\"@id\":\"https:\/\/www.notibras.com\/site\/inscricoes-para-51-mil-vagas-para-sisu-vao-de-2a-a-quarta-feira\/#primaryimage\"},\"thumbnailUrl\":\"https:\/\/www.notibras.com\/site\/wp-content\/uploads\/2014\/06\/sisu.jpg\",\"datePublished\":\"2014-06-01T23:34:12+00:00\",\"dateModified\":\"2014-06-02T00:38:11+00:00\",\"breadcrumb\":{\"@id\":\"https:\/\/www.notibras.com\/site\/inscricoes-para-51-mil-vagas-para-sisu-vao-de-2a-a-quarta-feira\/#breadcrumb\"},\"inLanguage\":\"pt-BR\",\"potentialAction\":[{\"@type\":\"ReadAction\",\"target\":[\"https:\/\/www.notibras.com\/site\/inscricoes-para-51-mil-vagas-para-sisu-vao-de-2a-a-quarta-feira\/\"]}]},{\"@type\":\"ImageObject\",\"inLanguage\":\"pt-BR\",\"@id\":\"https:\/\/www.notibras.com\/site\/inscricoes-para-51-mil-vagas-para-sisu-vao-de-2a-a-quarta-feira\/#primaryimage\",\"url\":\"https:\/\/www.notibras.com\/site\/wp-content\/uploads\/2014\/06\/sisu.jpg\",\"contentUrl\":\"https:\/\/www.notibras.com\/site\/wp-content\/uploads\/2014\/06\/sisu.jpg\",\"width\":800,\"height\":506},{\"@type\":\"BreadcrumbList\",\"@id\":\"https:\/\/www.notibras.com\/site\/inscricoes-para-51-mil-vagas-para-sisu-vao-de-2a-a-quarta-feira\/#breadcrumb\",\"itemListElement\":[{\"@type\":\"ListItem\",\"position\":1,\"name\":\"In\u00edcio\",\"item\":\"https:\/\/www.notibras.com\/site\/\"},{\"@type\":\"ListItem\",\"position\":2,\"name\":\"Inscri\u00e7\u00f5es para 51 mil vagas para Sisu v\u00e3o de 2\u00aa a 4\u00aa feira\"}]},{\"@type\":\"WebSite\",\"@id\":\"https:\/\/www.notibras.com\/site\/#website\",\"url\":\"https:\/\/www.notibras.com\/site\/\",\"name\":\"Notibras\",\"description\":\"Not\u00edcias de Bras\u00edlia, do Brasil e do Mundo\",\"publisher\":{\"@id\":\"https:\/\/www.notibras.com\/site\/#organization\"},\"potentialAction\":[{\"@type\":\"SearchAction\",\"target\":{\"@type\":\"EntryPoint\",\"urlTemplate\":\"https:\/\/www.notibras.com\/site\/?s={search_term_string}\"},\"query-input\":{\"@type\":\"PropertyValueSpecification\",\"valueRequired\":true,\"valueName\":\"search_term_string\"}}],\"inLanguage\":\"pt-BR\"},{\"@type\":\"Organization\",\"@id\":\"https:\/\/www.notibras.com\/site\/#organization\",\"name\":\"Grupo Notibras de Comunica\u00e7\u00e3o\",\"url\":\"https:\/\/www.notibras.com\/site\/\",\"logo\":{\"@type\":\"ImageObject\",\"inLanguage\":\"pt-BR\",\"@id\":\"https:\/\/www.notibras.com\/site\/#\/schema\/logo\/image\/\",\"url\":\"https:\/\/www.notibras.com\/site\/wp-content\/uploads\/2023\/01\/notibras23.png\",\"contentUrl\":\"https:\/\/www.notibras.com\/site\/wp-content\/uploads\/2023\/01\/notibras23.png\",\"width\":350,\"height\":87,\"caption\":\"Grupo Notibras de Comunica\u00e7\u00e3o\"},\"image\":{\"@id\":\"https:\/\/www.notibras.com\/site\/#\/schema\/logo\/image\/\"},\"sameAs\":[\"https:\/\/www.facebook.com\/notibras\/\",\"https:\/\/x.com\/Notibras\",\"https:\/\/www.instagram.com\/notibras\/\"]},{\"@type\":\"Person\",\"@id\":\"https:\/\/www.notibras.com\/site\/#\/schema\/person\/36ab0979449956132d3e5b517ea76ac8\",\"name\":\"Reda\u00e7\u00e3o\",\"image\":{\"@type\":\"ImageObject\",\"inLanguage\":\"pt-BR\",\"@id\":\"https:\/\/secure.gravatar.com\/avatar\/e0a867bdedb85fd243eadf09663511f96fc81e0720a4a42581f334ad4303aa6b?s=96&d=mm&r=g\",\"url\":\"https:\/\/secure.gravatar.com\/avatar\/e0a867bdedb85fd243eadf09663511f96fc81e0720a4a42581f334ad4303aa6b?s=96&d=mm&r=g\",\"contentUrl\":\"https:\/\/secure.gravatar.com\/avatar\/e0a867bdedb85fd243eadf09663511f96fc81e0720a4a42581f334ad4303aa6b?s=96&d=mm&r=g\",\"caption\":\"Reda\u00e7\u00e3o\"}}]}<\/script>\n<!-- \/ Yoast SEO plugin. -->","yoast_head_json":{"title":"Inscri\u00e7\u00f5es para 51 mil vagas para Sisu v\u00e3o de 2\u00aa a 4\u00aa feira - Notibras","robots":{"index":"index","follow":"follow","max-snippet":"max-snippet:-1","max-image-preview":"max-image-preview:large","max-video-preview":"max-video-preview:-1"},"canonical":"https:\/\/www.notibras.com\/site\/inscricoes-para-51-mil-vagas-para-sisu-vao-de-2a-a-quarta-feira\/","og_locale":"pt_BR","og_type":"article","og_title":"Inscri\u00e7\u00f5es para 51 mil vagas para Sisu v\u00e3o de 2\u00aa a 4\u00aa feira - Notibras","og_description":"Come\u00e7am nesta segunda-feira 2 as inscri\u00e7\u00f5es para o Sistema de Sele\u00e7\u00e3o Unificada (Sisu), pela internet. Os candidatos devem ficar atentos aos prazos. Este ano, eles ter\u00e3o apenas tr\u00eas dias para se inscrever, at\u00e9 quarta-feira (4). Para participar, \u00e9 preciso ter feito o Exame Nacional do Ensino M\u00e9dio (Enem) do ano passado e n\u00e3o ter zerado [&hellip;]","og_url":"https:\/\/www.notibras.com\/site\/inscricoes-para-51-mil-vagas-para-sisu-vao-de-2a-a-quarta-feira\/","og_site_name":"Notibras","article_publisher":"https:\/\/www.facebook.com\/notibras\/","article_published_time":"2014-06-01T23:34:12+00:00","article_modified_time":"2014-06-02T00:38:11+00:00","og_image":[{"width":800,"height":506,"url":"https:\/\/www.notibras.com\/site\/wp-content\/uploads\/2014\/06\/sisu.jpg","type":"image\/jpeg"}],"author":"Reda\u00e7\u00e3o","twitter_card":"summary_large_image","twitter_creator":"@Notibras","twitter_site":"@Notibras","twitter_misc":{"Escrito por":"Reda\u00e7\u00e3o","Est. tempo de leitura":"1 minuto"},"schema":{"@context":"https:\/\/schema.org","@graph":[{"@type":"Article","@id":"https:\/\/www.notibras.com\/site\/inscricoes-para-51-mil-vagas-para-sisu-vao-de-2a-a-quarta-feira\/#article","isPartOf":{"@id":"https:\/\/www.notibras.com\/site\/inscricoes-para-51-mil-vagas-para-sisu-vao-de-2a-a-quarta-feira\/"},"author":{"name":"Reda\u00e7\u00e3o","@id":"https:\/\/www.notibras.com\/site\/#\/schema\/person\/36ab0979449956132d3e5b517ea76ac8"},"headline":"Inscri\u00e7\u00f5es para 51 mil vagas para Sisu v\u00e3o de 2\u00aa a 4\u00aa feira","datePublished":"2014-06-01T23:34:12+00:00","dateModified":"2014-06-02T00:38:11+00:00","mainEntityOfPage":{"@id":"https:\/\/www.notibras.com\/site\/inscricoes-para-51-mil-vagas-para-sisu-vao-de-2a-a-quarta-feira\/"},"wordCount":270,"commentCount":0,"publisher":{"@id":"https:\/\/www.notibras.com\/site\/#organization"},"image":{"@id":"https:\/\/www.notibras.com\/site\/inscricoes-para-51-mil-vagas-para-sisu-vao-de-2a-a-quarta-feira\/#primaryimage"},"thumbnailUrl":"https:\/\/www.notibras.com\/site\/wp-content\/uploads\/2014\/06\/sisu.jpg","articleSection":["Brasil"],"inLanguage":"pt-BR","potentialAction":[{"@type":"CommentAction","name":"Comment","target":["https:\/\/www.notibras.com\/site\/inscricoes-para-51-mil-vagas-para-sisu-vao-de-2a-a-quarta-feira\/#respond"]}]},{"@type":"WebPage","@id":"https:\/\/www.notibras.com\/site\/inscricoes-para-51-mil-vagas-para-sisu-vao-de-2a-a-quarta-feira\/","url":"https:\/\/www.notibras.com\/site\/inscricoes-para-51-mil-vagas-para-sisu-vao-de-2a-a-quarta-feira\/","name":"Inscri\u00e7\u00f5es para 51 mil vagas para Sisu v\u00e3o de 2\u00aa a 4\u00aa feira - Notibras","isPartOf":{"@id":"https:\/\/www.notibras.com\/site\/#website"},"primaryImageOfPage":{"@id":"https:\/\/www.notibras.com\/site\/inscricoes-para-51-mil-vagas-para-sisu-vao-de-2a-a-quarta-feira\/#primaryimage"},"image":{"@id":"https:\/\/www.notibras.com\/site\/inscricoes-para-51-mil-vagas-para-sisu-vao-de-2a-a-quarta-feira\/#primaryimage"},"thumbnailUrl":"https:\/\/www.notibras.com\/site\/wp-content\/uploads\/2014\/06\/sisu.jpg","datePublished":"2014-06-01T23:34:12+00:00","dateModified":"2014-06-02T00:38:11+00:00","breadcrumb":{"@id":"https:\/\/www.notibras.com\/site\/inscricoes-para-51-mil-vagas-para-sisu-vao-de-2a-a-quarta-feira\/#breadcrumb"},"inLanguage":"pt-BR","potentialAction":[{"@type":"ReadAction","target":["https:\/\/www.notibras.com\/site\/inscricoes-para-51-mil-vagas-para-sisu-vao-de-2a-a-quarta-feira\/"]}]},{"@type":"ImageObject","inLanguage":"pt-BR","@id":"https:\/\/www.notibras.com\/site\/inscricoes-para-51-mil-vagas-para-sisu-vao-de-2a-a-quarta-feira\/#primaryimage","url":"https:\/\/www.notibras.com\/site\/wp-content\/uploads\/2014\/06\/sisu.jpg","contentUrl":"https:\/\/www.notibras.com\/site\/wp-content\/uploads\/2014\/06\/sisu.jpg","width":800,"height":506},{"@type":"BreadcrumbList","@id":"https:\/\/www.notibras.com\/site\/inscricoes-para-51-mil-vagas-para-sisu-vao-de-2a-a-quarta-feira\/#breadcrumb","itemListElement":[{"@type":"ListItem","position":1,"name":"In\u00edcio","item":"https:\/\/www.notibras.com\/site\/"},{"@type":"ListItem","position":2,"name":"Inscri\u00e7\u00f5es para 51 mil vagas para Sisu v\u00e3o de 2\u00aa a 4\u00aa feira"}]},{"@type":"WebSite","@id":"https:\/\/www.notibras.com\/site\/#website","url":"https:\/\/www.notibras.com\/site\/","name":"Notibras","description":"Not\u00edcias de Bras\u00edlia, do Brasil e do Mundo","publisher":{"@id":"https:\/\/www.notibras.com\/site\/#organization"},"potentialAction":[{"@type":"SearchAction","target":{"@type":"EntryPoint","urlTemplate":"https:\/\/www.notibras.com\/site\/?s={search_term_string}"},"query-input":{"@type":"PropertyValueSpecification","valueRequired":true,"valueName":"search_term_string"}}],"inLanguage":"pt-BR"},{"@type":"Organization","@id":"https:\/\/www.notibras.com\/site\/#organization","name":"Grupo Notibras de Comunica\u00e7\u00e3o","url":"https:\/\/www.notibras.com\/site\/","logo":{"@type":"ImageObject","inLanguage":"pt-BR","@id":"https:\/\/www.notibras.com\/site\/#\/schema\/logo\/image\/","url":"https:\/\/www.notibras.com\/site\/wp-content\/uploads\/2023\/01\/notibras23.png","contentUrl":"https:\/\/www.notibras.com\/site\/wp-content\/uploads\/2023\/01\/notibras23.png","width":350,"height":87,"caption":"Grupo Notibras de Comunica\u00e7\u00e3o"},"image":{"@id":"https:\/\/www.notibras.com\/site\/#\/schema\/logo\/image\/"},"sameAs":["https:\/\/www.facebook.com\/notibras\/","https:\/\/x.com\/Notibras","https:\/\/www.instagram.com\/notibras\/"]},{"@type":"Person","@id":"https:\/\/www.notibras.com\/site\/#\/schema\/person\/36ab0979449956132d3e5b517ea76ac8","name":"Reda\u00e7\u00e3o","image":{"@type":"ImageObject","inLanguage":"pt-BR","@id":"https:\/\/secure.gravatar.com\/avatar\/e0a867bdedb85fd243eadf09663511f96fc81e0720a4a42581f334ad4303aa6b?s=96&d=mm&r=g","url":"https:\/\/secure.gravatar.com\/avatar\/e0a867bdedb85fd243eadf09663511f96fc81e0720a4a42581f334ad4303aa6b?s=96&d=mm&r=g","contentUrl":"https:\/\/secure.gravatar.com\/avatar\/e0a867bdedb85fd243eadf09663511f96fc81e0720a4a42581f334ad4303aa6b?s=96&d=mm&r=g","caption":"Reda\u00e7\u00e3o"}}]}},"amp_enabled":true,"_links":{"self":[{"href":"https:\/\/www.notibras.com\/site\/wp-json\/wp\/v2\/posts\/11921","targetHints":{"allow":["GET"]}}],"collection":[{"href":"https:\/\/www.notibras.com\/site\/wp-json\/wp\/v2\/posts"}],"about":[{"href":"https:\/\/www.notibras.com\/site\/wp-json\/wp\/v2\/types\/post"}],"author":[{"embeddable":true,"href":"https:\/\/www.notibras.com\/site\/wp-json\/wp\/v2\/users\/2"}],"replies":[{"embeddable":true,"href":"https:\/\/www.notibras.com\/site\/wp-json\/wp\/v2\/comments?post=11921"}],"version-history":[{"count":0,"href":"https:\/\/www.notibras.com\/site\/wp-json\/wp\/v2\/posts\/11921\/revisions"}],"wp:featuredmedia":[{"embeddable":true,"href":"https:\/\/www.notibras.com\/site\/wp-json\/wp\/v2\/media\/11922"}],"wp:attachment":[{"href":"https:\/\/www.notibras.com\/site\/wp-json\/wp\/v2\/media?parent=11921"}],"wp:term":[{"taxonomy":"category","embeddable":true,"href":"https:\/\/www.notibras.com\/site\/wp-json\/wp\/v2\/categories?post=11921"},{"taxonomy":"post_tag","embeddable":true,"href":"https:\/\/www.notibras.com\/site\/wp-json\/wp\/v2\/tags?post=11921"}],"curies":[{"name":"wp","href":"https:\/\/api.w.org\/{rel}","templated":true}]}}