{"id":119392,"date":"2016-10-22T04:38:48","date_gmt":"2016-10-22T06:38:48","guid":{"rendered":"http:\/\/www.notibras.com\/site\/?p=119392"},"modified":"2016-10-22T08:43:46","modified_gmt":"2016-10-22T10:43:46","slug":"brasil-subaproveita-a-industria-florestal","status":"publish","type":"post","link":"https:\/\/www.notibras.com\/site\/brasil-subaproveita-a-industria-florestal\/","title":{"rendered":"Brasil subaproveita a ind\u00fastria florestal"},"content":{"rendered":"<p><strong>Kim Cartensen<\/strong><\/p>\n<p>O Brasil tem um enorme e instigante desafio pela frente, que \u00e9 o de se tornar l\u00edder mundial no tipo de produ\u00e7\u00e3o que une biodiversidade com o desenvolvimento econ\u00f4mico e social. Cuidar do nosso planeta \u2013o que \u00e9 um aspecto crucial enquanto se gera riqueza e se proporciona \u00e0s comunidades um futuro sustent\u00e1vel\u2013 \u00e9 parte da equa\u00e7\u00e3o.<\/p>\n<p>Uma equa\u00e7\u00e3o que h\u00e1 mais de duas d\u00e9cadas o FSC (Forest Stewardship Council) trabalha para aperfei\u00e7oar. E como os consumidores exigem cada vez mais produtos de origem respons\u00e1vel, as empresas brasileiras t\u00eam uma oportunidade \u00fanica para ganhar certa vantagem competitiva em biodiversidade global.<\/p>\n<p>Recentemente, participei de um evento sobre florestas, biodiversidade e mercados organizado no Rio de Janeiro pela Confedera\u00e7\u00e3o Nacional da Ind\u00fastria. L\u00e1, nos envolvemos em um interessante debate sobre a import\u00e2ncia da biodiversidade em todas as \u00e1reas de gera\u00e7\u00e3o de riqueza e sobre como as for\u00e7as produtivas do pa\u00eds, a exemplo da ind\u00fastria florestal, podem se beneficiar ao olhar para o futuro e se adaptar a uma sociedade em muta\u00e7\u00e3o.<\/p>\n<p>O Brasil \u00e9 um pa\u00eds riqu\u00edssimo em recursos naturais e sua ind\u00fastria florestal pode tirar proveito disso. Quase 60% do territ\u00f3rio nacional est\u00e1 coberto de florestas, e esta ind\u00fastria gera mais de 610 mil empregos diretos. Se somarmos tamb\u00e9m com os empregos indiretos, o montante sobe para impressionantes 4,2 milh\u00f5es de postos de trabalho. Com tais estat\u00edsticas, seu peso e sua relev\u00e2ncia ficam evidentes.<\/p>\n<p>No entanto, apesar da import\u00e2ncia do setor florestal brasileiro, sua representatividade internacional ainda \u00e9 pequena. De acordo com estat\u00edsticas da FAO (Organiza\u00e7\u00e3o das Na\u00e7\u00f5es Unidas para a Alimenta\u00e7\u00e3o e a Agricultura), o mercado mundial de produtos florestais totalizou U$ 230 bilh\u00f5es em 2015, mas o Brasil contribuiu com apenas 3% desse montante.<\/p>\n<p>No Rio, foi interessante constatar que os l\u00edderes empresariais brasileiros j\u00e1 percebem a liga\u00e7\u00e3o entre biodiversidade e desenvolvimento econ\u00f4mico. Para 82% deles, uma redu\u00e7\u00e3o da biodiversidade afetaria a capacidade das empresas de crescer. Al\u00e9m disso, 84% dos mesmos l\u00edderes acreditam que o pa\u00eds n\u00e3o est\u00e1 se beneficiando do potencial que a biodiversidade representa para a economia nacional. Isso sinaliza que ainda h\u00e1 muitas oportunidades para um pa\u00eds como o Brasil. Por\u00e9m, o que pode ser feito?<\/p>\n<p>Primeiro, os governantes devem criar incentivos significativos para apoiarem e promoverem a biodiversidade. Al\u00e9m disso, medidas regulamentares adequadas precisam ser asseguradas a fim de proporcionarem um quadro normativo para a economia crescer em paralelo com uma gest\u00e3o sustent\u00e1vel. Esta \u00faltima, portanto, deve andar de m\u00e3os dadas com pol\u00edticas p\u00fablicas expressivas.<\/p>\n<p>Al\u00e9m disso, as empresas precisam encarar a biodiversidade como uma forma de gerar valor agregado em toda a sua cadeia de produ\u00e7\u00e3o, promovendo fortes pr\u00e1ticas de gest\u00e3o sustent\u00e1vel, diversificando os ativos e aumentando o seu acesso ao mercado global por meio de certifica\u00e7\u00f5es que garantem a rastreabilidade e o manejo florestal sustent\u00e1vel. Eles t\u00eam de entender que a perda da biodiversidade \u00e9 tamb\u00e9m uma perda de riqueza e de desenvolvimento, algo que o Brasil n\u00e3o pode prescindir.<\/p>\n<p>Contudo, a biodiversidade n\u00e3o pode crescer sem um conjunto claro de padr\u00f5es que garantam que pr\u00e1ticas sustent\u00e1veis estejam sendo implementadas corretamente. No setor florestal, por exemplo, o FSC define um conjunto claro de regras que orientam uma gest\u00e3o sustent\u00e1vel desses recursos. O equil\u00edbrio entre pr\u00e1ticas ambientais sustent\u00e1veis, pol\u00edticas sociais \u2013como o reconhecimento de direitos do trabalho ou o respeito aos meios de subsist\u00eancia dos povos ind\u00edgenas\u2013 e oportunidades de crescimento para o setor econ\u00f4mico \u00e9 fundamental para o desenvolvimento de uma ind\u00fastria sustent\u00e1vel da biodiversidade.<\/p>\n<p>O manejo florestal certificado pelo FSC exige a prote\u00e7\u00e3o dos servi\u00e7os ecossist\u00eamicos e, em breve, incluir\u00e1 novas ferramentas que mostram \u00e0s empresas, aos investidores e aos governos o impacto positivo que suas compras, pagamentos e investimentos sustent\u00e1veis t\u00eam no ecossistema e na preserva\u00e7\u00e3o dos recursos naturais. O pagamento por servi\u00e7os ambientais, inclusive, \u00e9 um excelente modelo de incentivo alternativo que traz benef\u00edcios econ\u00f4micos em curto prazo e freia a degrada\u00e7\u00e3o florestal.<\/p>\n<p>O Brasil encontra-se numa importante encruzilhada em que, dependendo do caminho escolhido, pode mostrar ao mundo como um pa\u00eds \u00e9 capaz de desenvolver pol\u00edticas econ\u00f4micas coerentes e que protegem a biodiversidade ao mesmo tempo que garantem um desenvolvimento sustent\u00e1vel usando seus recursos naturais. Por\u00e9m, \u00e9 preciso fazer isso de uma forma conciliat\u00f3ria e coesa, baseada em pesquisa. Do contr\u00e1rio, perder\u00e1 o bonde e uma oportunidade hist\u00f3rica.<\/p>\n","protected":false},"excerpt":{"rendered":"<p>Kim Cartensen O Brasil tem um enorme e instigante desafio pela frente, que \u00e9 o de se tornar l\u00edder mundial no tipo de produ\u00e7\u00e3o que une biodiversidade com o desenvolvimento econ\u00f4mico e social. Cuidar do nosso planeta \u2013o que \u00e9 um aspecto crucial enquanto se gera riqueza e se proporciona \u00e0s comunidades um futuro sustent\u00e1vel\u2013 [&hellip;]<\/p>\n","protected":false},"author":2,"featured_media":119393,"comment_status":"open","ping_status":"closed","sticky":false,"template":"","format":"standard","meta":{"_acf_changed":false,"footnotes":""},"categories":[25],"tags":[],"class_list":["post-119392","post","type-post","status-publish","format-standard","has-post-thumbnail","hentry","category-opina-ai"],"acf":[],"yoast_head":"<!-- This site is optimized with the Yoast SEO plugin v27.5 - https:\/\/yoast.com\/product\/yoast-seo-wordpress\/ -->\n<title>Brasil subaproveita a ind\u00fastria florestal - Notibras<\/title>\n<meta name=\"robots\" content=\"index, follow, max-snippet:-1, max-image-preview:large, max-video-preview:-1\" \/>\n<link rel=\"canonical\" href=\"https:\/\/www.notibras.com\/site\/brasil-subaproveita-a-industria-florestal\/\" \/>\n<meta property=\"og:locale\" content=\"pt_BR\" \/>\n<meta property=\"og:type\" content=\"article\" \/>\n<meta property=\"og:title\" content=\"Brasil subaproveita a ind\u00fastria florestal - Notibras\" \/>\n<meta property=\"og:description\" content=\"Kim Cartensen O Brasil tem um enorme e instigante desafio pela frente, que \u00e9 o de se tornar l\u00edder mundial no tipo de produ\u00e7\u00e3o que une biodiversidade com o desenvolvimento econ\u00f4mico e social. Cuidar do nosso planeta \u2013o que \u00e9 um aspecto crucial enquanto se gera riqueza e se proporciona \u00e0s comunidades um futuro sustent\u00e1vel\u2013 [&hellip;]\" \/>\n<meta property=\"og:url\" content=\"https:\/\/www.notibras.com\/site\/brasil-subaproveita-a-industria-florestal\/\" \/>\n<meta property=\"og:site_name\" content=\"Notibras\" \/>\n<meta property=\"article:publisher\" content=\"https:\/\/www.facebook.com\/notibras\/\" \/>\n<meta property=\"article:published_time\" content=\"2016-10-22T06:38:48+00:00\" \/>\n<meta property=\"article:modified_time\" content=\"2016-10-22T10:43:46+00:00\" \/>\n<meta property=\"og:image\" content=\"https:\/\/www.notibras.com\/site\/wp-content\/uploads\/2016\/10\/Floresta-10.jpg\" \/>\n\t<meta property=\"og:image:width\" content=\"1600\" \/>\n\t<meta property=\"og:image:height\" content=\"1056\" \/>\n\t<meta property=\"og:image:type\" content=\"image\/jpeg\" \/>\n<meta name=\"author\" content=\"Reda\u00e7\u00e3o\" \/>\n<meta name=\"twitter:card\" content=\"summary_large_image\" \/>\n<meta name=\"twitter:creator\" content=\"@Notibras\" \/>\n<meta name=\"twitter:site\" content=\"@Notibras\" \/>\n<meta name=\"twitter:label1\" content=\"Escrito por\" \/>\n\t<meta name=\"twitter:data1\" content=\"Reda\u00e7\u00e3o\" \/>\n\t<meta name=\"twitter:label2\" content=\"Est. tempo de leitura\" \/>\n\t<meta name=\"twitter:data2\" content=\"4 minutos\" \/>\n<script type=\"application\/ld+json\" class=\"yoast-schema-graph\">{\"@context\":\"https:\\\/\\\/schema.org\",\"@graph\":[{\"@type\":\"Article\",\"@id\":\"https:\\\/\\\/www.notibras.com\\\/site\\\/brasil-subaproveita-a-industria-florestal\\\/#article\",\"isPartOf\":{\"@id\":\"https:\\\/\\\/www.notibras.com\\\/site\\\/brasil-subaproveita-a-industria-florestal\\\/\"},\"author\":{\"name\":\"Reda\u00e7\u00e3o\",\"@id\":\"https:\\\/\\\/www.notibras.com\\\/site\\\/#\\\/schema\\\/person\\\/36ab0979449956132d3e5b517ea76ac8\"},\"headline\":\"Brasil subaproveita a ind\u00fastria florestal\",\"datePublished\":\"2016-10-22T06:38:48+00:00\",\"dateModified\":\"2016-10-22T10:43:46+00:00\",\"mainEntityOfPage\":{\"@id\":\"https:\\\/\\\/www.notibras.com\\\/site\\\/brasil-subaproveita-a-industria-florestal\\\/\"},\"wordCount\":792,\"commentCount\":0,\"publisher\":{\"@id\":\"https:\\\/\\\/www.notibras.com\\\/site\\\/#organization\"},\"image\":{\"@id\":\"https:\\\/\\\/www.notibras.com\\\/site\\\/brasil-subaproveita-a-industria-florestal\\\/#primaryimage\"},\"thumbnailUrl\":\"https:\\\/\\\/www.notibras.com\\\/site\\\/wp-content\\\/uploads\\\/2016\\\/10\\\/Floresta-10.jpg\",\"articleSection\":[\"Opina a\u00ed\"],\"inLanguage\":\"pt-BR\",\"potentialAction\":[{\"@type\":\"CommentAction\",\"name\":\"Comment\",\"target\":[\"https:\\\/\\\/www.notibras.com\\\/site\\\/brasil-subaproveita-a-industria-florestal\\\/#respond\"]}]},{\"@type\":\"WebPage\",\"@id\":\"https:\\\/\\\/www.notibras.com\\\/site\\\/brasil-subaproveita-a-industria-florestal\\\/\",\"url\":\"https:\\\/\\\/www.notibras.com\\\/site\\\/brasil-subaproveita-a-industria-florestal\\\/\",\"name\":\"Brasil subaproveita a ind\u00fastria florestal - Notibras\",\"isPartOf\":{\"@id\":\"https:\\\/\\\/www.notibras.com\\\/site\\\/#website\"},\"primaryImageOfPage\":{\"@id\":\"https:\\\/\\\/www.notibras.com\\\/site\\\/brasil-subaproveita-a-industria-florestal\\\/#primaryimage\"},\"image\":{\"@id\":\"https:\\\/\\\/www.notibras.com\\\/site\\\/brasil-subaproveita-a-industria-florestal\\\/#primaryimage\"},\"thumbnailUrl\":\"https:\\\/\\\/www.notibras.com\\\/site\\\/wp-content\\\/uploads\\\/2016\\\/10\\\/Floresta-10.jpg\",\"datePublished\":\"2016-10-22T06:38:48+00:00\",\"dateModified\":\"2016-10-22T10:43:46+00:00\",\"breadcrumb\":{\"@id\":\"https:\\\/\\\/www.notibras.com\\\/site\\\/brasil-subaproveita-a-industria-florestal\\\/#breadcrumb\"},\"inLanguage\":\"pt-BR\",\"potentialAction\":[{\"@type\":\"ReadAction\",\"target\":[\"https:\\\/\\\/www.notibras.com\\\/site\\\/brasil-subaproveita-a-industria-florestal\\\/\"]}]},{\"@type\":\"ImageObject\",\"inLanguage\":\"pt-BR\",\"@id\":\"https:\\\/\\\/www.notibras.com\\\/site\\\/brasil-subaproveita-a-industria-florestal\\\/#primaryimage\",\"url\":\"https:\\\/\\\/www.notibras.com\\\/site\\\/wp-content\\\/uploads\\\/2016\\\/10\\\/Floresta-10.jpg\",\"contentUrl\":\"https:\\\/\\\/www.notibras.com\\\/site\\\/wp-content\\\/uploads\\\/2016\\\/10\\\/Floresta-10.jpg\",\"width\":1600,\"height\":1056},{\"@type\":\"BreadcrumbList\",\"@id\":\"https:\\\/\\\/www.notibras.com\\\/site\\\/brasil-subaproveita-a-industria-florestal\\\/#breadcrumb\",\"itemListElement\":[{\"@type\":\"ListItem\",\"position\":1,\"name\":\"In\u00edcio\",\"item\":\"https:\\\/\\\/www.notibras.com\\\/site\\\/\"},{\"@type\":\"ListItem\",\"position\":2,\"name\":\"Brasil subaproveita a ind\u00fastria florestal\"}]},{\"@type\":\"WebSite\",\"@id\":\"https:\\\/\\\/www.notibras.com\\\/site\\\/#website\",\"url\":\"https:\\\/\\\/www.notibras.com\\\/site\\\/\",\"name\":\"Notibras\",\"description\":\"Not\u00edcias de Bras\u00edlia, do Brasil e do Mundo\",\"publisher\":{\"@id\":\"https:\\\/\\\/www.notibras.com\\\/site\\\/#organization\"},\"potentialAction\":[{\"@type\":\"SearchAction\",\"target\":{\"@type\":\"EntryPoint\",\"urlTemplate\":\"https:\\\/\\\/www.notibras.com\\\/site\\\/?s={search_term_string}\"},\"query-input\":{\"@type\":\"PropertyValueSpecification\",\"valueRequired\":true,\"valueName\":\"search_term_string\"}}],\"inLanguage\":\"pt-BR\"},{\"@type\":\"Organization\",\"@id\":\"https:\\\/\\\/www.notibras.com\\\/site\\\/#organization\",\"name\":\"Grupo Notibras de Comunica\u00e7\u00e3o\",\"url\":\"https:\\\/\\\/www.notibras.com\\\/site\\\/\",\"logo\":{\"@type\":\"ImageObject\",\"inLanguage\":\"pt-BR\",\"@id\":\"https:\\\/\\\/www.notibras.com\\\/site\\\/#\\\/schema\\\/logo\\\/image\\\/\",\"url\":\"https:\\\/\\\/www.notibras.com\\\/site\\\/wp-content\\\/uploads\\\/2023\\\/01\\\/notibras23.png\",\"contentUrl\":\"https:\\\/\\\/www.notibras.com\\\/site\\\/wp-content\\\/uploads\\\/2023\\\/01\\\/notibras23.png\",\"width\":350,\"height\":87,\"caption\":\"Grupo Notibras de Comunica\u00e7\u00e3o\"},\"image\":{\"@id\":\"https:\\\/\\\/www.notibras.com\\\/site\\\/#\\\/schema\\\/logo\\\/image\\\/\"},\"sameAs\":[\"https:\\\/\\\/www.facebook.com\\\/notibras\\\/\",\"https:\\\/\\\/x.com\\\/Notibras\",\"https:\\\/\\\/www.instagram.com\\\/notibras\\\/\"]},{\"@type\":\"Person\",\"@id\":\"https:\\\/\\\/www.notibras.com\\\/site\\\/#\\\/schema\\\/person\\\/36ab0979449956132d3e5b517ea76ac8\",\"name\":\"Reda\u00e7\u00e3o\",\"image\":{\"@type\":\"ImageObject\",\"inLanguage\":\"pt-BR\",\"@id\":\"https:\\\/\\\/secure.gravatar.com\\\/avatar\\\/e0a867bdedb85fd243eadf09663511f96fc81e0720a4a42581f334ad4303aa6b?s=96&d=mm&r=g\",\"url\":\"https:\\\/\\\/secure.gravatar.com\\\/avatar\\\/e0a867bdedb85fd243eadf09663511f96fc81e0720a4a42581f334ad4303aa6b?s=96&d=mm&r=g\",\"contentUrl\":\"https:\\\/\\\/secure.gravatar.com\\\/avatar\\\/e0a867bdedb85fd243eadf09663511f96fc81e0720a4a42581f334ad4303aa6b?s=96&d=mm&r=g\",\"caption\":\"Reda\u00e7\u00e3o\"}}]}<\/script>\n<!-- \/ Yoast SEO plugin. -->","yoast_head_json":{"title":"Brasil subaproveita a ind\u00fastria florestal - Notibras","robots":{"index":"index","follow":"follow","max-snippet":"max-snippet:-1","max-image-preview":"max-image-preview:large","max-video-preview":"max-video-preview:-1"},"canonical":"https:\/\/www.notibras.com\/site\/brasil-subaproveita-a-industria-florestal\/","og_locale":"pt_BR","og_type":"article","og_title":"Brasil subaproveita a ind\u00fastria florestal - Notibras","og_description":"Kim Cartensen O Brasil tem um enorme e instigante desafio pela frente, que \u00e9 o de se tornar l\u00edder mundial no tipo de produ\u00e7\u00e3o que une biodiversidade com o desenvolvimento econ\u00f4mico e social. Cuidar do nosso planeta \u2013o que \u00e9 um aspecto crucial enquanto se gera riqueza e se proporciona \u00e0s comunidades um futuro sustent\u00e1vel\u2013 [&hellip;]","og_url":"https:\/\/www.notibras.com\/site\/brasil-subaproveita-a-industria-florestal\/","og_site_name":"Notibras","article_publisher":"https:\/\/www.facebook.com\/notibras\/","article_published_time":"2016-10-22T06:38:48+00:00","article_modified_time":"2016-10-22T10:43:46+00:00","og_image":[{"width":1600,"height":1056,"url":"https:\/\/www.notibras.com\/site\/wp-content\/uploads\/2016\/10\/Floresta-10.jpg","type":"image\/jpeg"}],"author":"Reda\u00e7\u00e3o","twitter_card":"summary_large_image","twitter_creator":"@Notibras","twitter_site":"@Notibras","twitter_misc":{"Escrito por":"Reda\u00e7\u00e3o","Est. tempo de leitura":"4 minutos"},"schema":{"@context":"https:\/\/schema.org","@graph":[{"@type":"Article","@id":"https:\/\/www.notibras.com\/site\/brasil-subaproveita-a-industria-florestal\/#article","isPartOf":{"@id":"https:\/\/www.notibras.com\/site\/brasil-subaproveita-a-industria-florestal\/"},"author":{"name":"Reda\u00e7\u00e3o","@id":"https:\/\/www.notibras.com\/site\/#\/schema\/person\/36ab0979449956132d3e5b517ea76ac8"},"headline":"Brasil subaproveita a ind\u00fastria florestal","datePublished":"2016-10-22T06:38:48+00:00","dateModified":"2016-10-22T10:43:46+00:00","mainEntityOfPage":{"@id":"https:\/\/www.notibras.com\/site\/brasil-subaproveita-a-industria-florestal\/"},"wordCount":792,"commentCount":0,"publisher":{"@id":"https:\/\/www.notibras.com\/site\/#organization"},"image":{"@id":"https:\/\/www.notibras.com\/site\/brasil-subaproveita-a-industria-florestal\/#primaryimage"},"thumbnailUrl":"https:\/\/www.notibras.com\/site\/wp-content\/uploads\/2016\/10\/Floresta-10.jpg","articleSection":["Opina a\u00ed"],"inLanguage":"pt-BR","potentialAction":[{"@type":"CommentAction","name":"Comment","target":["https:\/\/www.notibras.com\/site\/brasil-subaproveita-a-industria-florestal\/#respond"]}]},{"@type":"WebPage","@id":"https:\/\/www.notibras.com\/site\/brasil-subaproveita-a-industria-florestal\/","url":"https:\/\/www.notibras.com\/site\/brasil-subaproveita-a-industria-florestal\/","name":"Brasil subaproveita a ind\u00fastria florestal - Notibras","isPartOf":{"@id":"https:\/\/www.notibras.com\/site\/#website"},"primaryImageOfPage":{"@id":"https:\/\/www.notibras.com\/site\/brasil-subaproveita-a-industria-florestal\/#primaryimage"},"image":{"@id":"https:\/\/www.notibras.com\/site\/brasil-subaproveita-a-industria-florestal\/#primaryimage"},"thumbnailUrl":"https:\/\/www.notibras.com\/site\/wp-content\/uploads\/2016\/10\/Floresta-10.jpg","datePublished":"2016-10-22T06:38:48+00:00","dateModified":"2016-10-22T10:43:46+00:00","breadcrumb":{"@id":"https:\/\/www.notibras.com\/site\/brasil-subaproveita-a-industria-florestal\/#breadcrumb"},"inLanguage":"pt-BR","potentialAction":[{"@type":"ReadAction","target":["https:\/\/www.notibras.com\/site\/brasil-subaproveita-a-industria-florestal\/"]}]},{"@type":"ImageObject","inLanguage":"pt-BR","@id":"https:\/\/www.notibras.com\/site\/brasil-subaproveita-a-industria-florestal\/#primaryimage","url":"https:\/\/www.notibras.com\/site\/wp-content\/uploads\/2016\/10\/Floresta-10.jpg","contentUrl":"https:\/\/www.notibras.com\/site\/wp-content\/uploads\/2016\/10\/Floresta-10.jpg","width":1600,"height":1056},{"@type":"BreadcrumbList","@id":"https:\/\/www.notibras.com\/site\/brasil-subaproveita-a-industria-florestal\/#breadcrumb","itemListElement":[{"@type":"ListItem","position":1,"name":"In\u00edcio","item":"https:\/\/www.notibras.com\/site\/"},{"@type":"ListItem","position":2,"name":"Brasil subaproveita a ind\u00fastria florestal"}]},{"@type":"WebSite","@id":"https:\/\/www.notibras.com\/site\/#website","url":"https:\/\/www.notibras.com\/site\/","name":"Notibras","description":"Not\u00edcias de Bras\u00edlia, do Brasil e do Mundo","publisher":{"@id":"https:\/\/www.notibras.com\/site\/#organization"},"potentialAction":[{"@type":"SearchAction","target":{"@type":"EntryPoint","urlTemplate":"https:\/\/www.notibras.com\/site\/?s={search_term_string}"},"query-input":{"@type":"PropertyValueSpecification","valueRequired":true,"valueName":"search_term_string"}}],"inLanguage":"pt-BR"},{"@type":"Organization","@id":"https:\/\/www.notibras.com\/site\/#organization","name":"Grupo Notibras de Comunica\u00e7\u00e3o","url":"https:\/\/www.notibras.com\/site\/","logo":{"@type":"ImageObject","inLanguage":"pt-BR","@id":"https:\/\/www.notibras.com\/site\/#\/schema\/logo\/image\/","url":"https:\/\/www.notibras.com\/site\/wp-content\/uploads\/2023\/01\/notibras23.png","contentUrl":"https:\/\/www.notibras.com\/site\/wp-content\/uploads\/2023\/01\/notibras23.png","width":350,"height":87,"caption":"Grupo Notibras de Comunica\u00e7\u00e3o"},"image":{"@id":"https:\/\/www.notibras.com\/site\/#\/schema\/logo\/image\/"},"sameAs":["https:\/\/www.facebook.com\/notibras\/","https:\/\/x.com\/Notibras","https:\/\/www.instagram.com\/notibras\/"]},{"@type":"Person","@id":"https:\/\/www.notibras.com\/site\/#\/schema\/person\/36ab0979449956132d3e5b517ea76ac8","name":"Reda\u00e7\u00e3o","image":{"@type":"ImageObject","inLanguage":"pt-BR","@id":"https:\/\/secure.gravatar.com\/avatar\/e0a867bdedb85fd243eadf09663511f96fc81e0720a4a42581f334ad4303aa6b?s=96&d=mm&r=g","url":"https:\/\/secure.gravatar.com\/avatar\/e0a867bdedb85fd243eadf09663511f96fc81e0720a4a42581f334ad4303aa6b?s=96&d=mm&r=g","contentUrl":"https:\/\/secure.gravatar.com\/avatar\/e0a867bdedb85fd243eadf09663511f96fc81e0720a4a42581f334ad4303aa6b?s=96&d=mm&r=g","caption":"Reda\u00e7\u00e3o"}}]}},"amp_enabled":true,"_links":{"self":[{"href":"https:\/\/www.notibras.com\/site\/wp-json\/wp\/v2\/posts\/119392","targetHints":{"allow":["GET"]}}],"collection":[{"href":"https:\/\/www.notibras.com\/site\/wp-json\/wp\/v2\/posts"}],"about":[{"href":"https:\/\/www.notibras.com\/site\/wp-json\/wp\/v2\/types\/post"}],"author":[{"embeddable":true,"href":"https:\/\/www.notibras.com\/site\/wp-json\/wp\/v2\/users\/2"}],"replies":[{"embeddable":true,"href":"https:\/\/www.notibras.com\/site\/wp-json\/wp\/v2\/comments?post=119392"}],"version-history":[{"count":1,"href":"https:\/\/www.notibras.com\/site\/wp-json\/wp\/v2\/posts\/119392\/revisions"}],"predecessor-version":[{"id":119394,"href":"https:\/\/www.notibras.com\/site\/wp-json\/wp\/v2\/posts\/119392\/revisions\/119394"}],"wp:featuredmedia":[{"embeddable":true,"href":"https:\/\/www.notibras.com\/site\/wp-json\/wp\/v2\/media\/119393"}],"wp:attachment":[{"href":"https:\/\/www.notibras.com\/site\/wp-json\/wp\/v2\/media?parent=119392"}],"wp:term":[{"taxonomy":"category","embeddable":true,"href":"https:\/\/www.notibras.com\/site\/wp-json\/wp\/v2\/categories?post=119392"},{"taxonomy":"post_tag","embeddable":true,"href":"https:\/\/www.notibras.com\/site\/wp-json\/wp\/v2\/tags?post=119392"}],"curies":[{"name":"wp","href":"https:\/\/api.w.org\/{rel}","templated":true}]}}