{"id":12010,"date":"2014-06-03T00:24:51","date_gmt":"2014-06-03T03:24:51","guid":{"rendered":"http:\/\/www.notibras.com\/site\/?p=12010"},"modified":"2014-06-03T10:45:18","modified_gmt":"2014-06-03T13:45:18","slug":"planalto-da-aumento-de-15-e-policia-federal-suspende-greve-da-copa","status":"publish","type":"post","link":"https:\/\/www.notibras.com\/site\/planalto-da-aumento-de-15-e-policia-federal-suspende-greve-da-copa\/","title":{"rendered":"Planalto d\u00e1 aumento de 16% e PF suspende a &#8216;Greve da Copa&#8217;"},"content":{"rendered":"<p>A Pol\u00edcia Federal &#8211; agentes policiais, escriv\u00e3es e papiloscopistas &#8211; conseguiu arrancar do Pal\u00e1cio do Planalto um reajuste salarial de 15,8%. O acordo foi feito na noite da segunda-feira 2 e afasta a greve anunciada para come\u00e7ar junto com a Copa da Fifa.<\/p>\n<p>A categoria vai receber\u00a0 12% j\u00e1 este m\u00eas. Os 3,8% restantes ser\u00e3o incorporados ma folha salarial de janeiro de 2015.<\/p>\n<blockquote><p>A corre\u00e7\u00e3o salarial ter\u00e1 um impacto de R$ 376 milh\u00f5es na folha de pagamento da Uni\u00e3o at\u00e9 janeiro, segundo a Federa\u00e7\u00e3o Nacional dos Policiais Federais (Fenapef), entidade que representa mais de dez mil servidores.<\/p><\/blockquote>\n<p>Com isso, a categoria que amea\u00e7ava fazer greve durante o mundial para pressionar o Planalto a retomar as negocia\u00e7\u00f5es de aumento e reestrutura\u00e7\u00e3o de carreiras, decidiu suspender a amea\u00e7a de paralisa\u00e7\u00e3o &#8211; o que impactaria principalmente os aeroportos da cidades-sede da Copa.<\/p>\n<p>A PF \u00e9 parte essencial do plano de seguran\u00e7a da Copa, cujo planejamento foi elaborado com base em uma cartilha produzida pelas For\u00e7as Armadas e a pr\u00f3pria PF.<\/p>\n","protected":false},"excerpt":{"rendered":"<p>A Pol\u00edcia Federal &#8211; agentes policiais, escriv\u00e3es e papiloscopistas &#8211; conseguiu arrancar do Pal\u00e1cio do Planalto um reajuste salarial de 15,8%. O acordo foi feito na noite da segunda-feira 2 e afasta a greve anunciada para come\u00e7ar junto com a Copa da Fifa. A categoria vai receber\u00a0 12% j\u00e1 este m\u00eas. Os 3,8% restantes ser\u00e3o [&hellip;]<\/p>\n","protected":false},"author":2,"featured_media":12011,"comment_status":"open","ping_status":"closed","sticky":false,"template":"","format":"standard","meta":{"_acf_changed":false,"footnotes":""},"categories":[16],"tags":[],"class_list":["post-12010","post","type-post","status-publish","format-standard","has-post-thumbnail","hentry","category-brasil"],"acf":[],"yoast_head":"<!-- This site is optimized with the Yoast SEO plugin v27.2 - https:\/\/yoast.com\/product\/yoast-seo-wordpress\/ -->\n<title>Planalto d\u00e1 aumento de 16% e PF suspende a &#039;Greve da Copa&#039; - Notibras<\/title>\n<meta name=\"robots\" content=\"index, follow, max-snippet:-1, max-image-preview:large, max-video-preview:-1\" \/>\n<link rel=\"canonical\" href=\"https:\/\/www.notibras.com\/site\/planalto-da-aumento-de-15-e-policia-federal-suspende-greve-da-copa\/\" \/>\n<meta property=\"og:locale\" content=\"pt_BR\" \/>\n<meta property=\"og:type\" content=\"article\" \/>\n<meta property=\"og:title\" content=\"Planalto d\u00e1 aumento de 16% e PF suspende a &#039;Greve da Copa&#039; - Notibras\" \/>\n<meta property=\"og:description\" content=\"A Pol\u00edcia Federal &#8211; agentes policiais, escriv\u00e3es e papiloscopistas &#8211; conseguiu arrancar do Pal\u00e1cio do Planalto um reajuste salarial de 15,8%. O acordo foi feito na noite da segunda-feira 2 e afasta a greve anunciada para come\u00e7ar junto com a Copa da Fifa. A categoria vai receber\u00a0 12% j\u00e1 este m\u00eas. Os 3,8% restantes ser\u00e3o [&hellip;]\" \/>\n<meta property=\"og:url\" content=\"https:\/\/www.notibras.com\/site\/planalto-da-aumento-de-15-e-policia-federal-suspende-greve-da-copa\/\" \/>\n<meta property=\"og:site_name\" content=\"Notibras\" \/>\n<meta property=\"article:publisher\" content=\"https:\/\/www.facebook.com\/notibras\/\" \/>\n<meta property=\"article:published_time\" content=\"2014-06-03T03:24:51+00:00\" \/>\n<meta property=\"article:modified_time\" content=\"2014-06-03T13:45:18+00:00\" \/>\n<meta property=\"og:image\" content=\"https:\/\/www.notibras.com\/site\/wp-content\/uploads\/2014\/06\/tn_620_600_policia_federal_200812.jpg\" \/>\n\t<meta property=\"og:image:width\" content=\"620\" \/>\n\t<meta property=\"og:image:height\" content=\"413\" \/>\n\t<meta property=\"og:image:type\" content=\"image\/jpeg\" \/>\n<meta name=\"author\" content=\"Reda\u00e7\u00e3o\" \/>\n<meta name=\"twitter:card\" content=\"summary_large_image\" \/>\n<meta name=\"twitter:creator\" content=\"@Notibras\" \/>\n<meta name=\"twitter:site\" content=\"@Notibras\" \/>\n<meta name=\"twitter:label1\" content=\"Escrito por\" \/>\n\t<meta name=\"twitter:data1\" content=\"Reda\u00e7\u00e3o\" \/>\n\t<meta name=\"twitter:label2\" content=\"Est. tempo de leitura\" \/>\n\t<meta name=\"twitter:data2\" content=\"1 minuto\" \/>\n<script type=\"application\/ld+json\" class=\"yoast-schema-graph\">{\"@context\":\"https:\/\/schema.org\",\"@graph\":[{\"@type\":\"Article\",\"@id\":\"https:\/\/www.notibras.com\/site\/planalto-da-aumento-de-15-e-policia-federal-suspende-greve-da-copa\/#article\",\"isPartOf\":{\"@id\":\"https:\/\/www.notibras.com\/site\/planalto-da-aumento-de-15-e-policia-federal-suspende-greve-da-copa\/\"},\"author\":{\"name\":\"Reda\u00e7\u00e3o\",\"@id\":\"https:\/\/www.notibras.com\/site\/#\/schema\/person\/36ab0979449956132d3e5b517ea76ac8\"},\"headline\":\"Planalto d\u00e1 aumento de 16% e PF suspende a &#8216;Greve da Copa&#8217;\",\"datePublished\":\"2014-06-03T03:24:51+00:00\",\"dateModified\":\"2014-06-03T13:45:18+00:00\",\"mainEntityOfPage\":{\"@id\":\"https:\/\/www.notibras.com\/site\/planalto-da-aumento-de-15-e-policia-federal-suspende-greve-da-copa\/\"},\"wordCount\":189,\"commentCount\":0,\"publisher\":{\"@id\":\"https:\/\/www.notibras.com\/site\/#organization\"},\"image\":{\"@id\":\"https:\/\/www.notibras.com\/site\/planalto-da-aumento-de-15-e-policia-federal-suspende-greve-da-copa\/#primaryimage\"},\"thumbnailUrl\":\"https:\/\/www.notibras.com\/site\/wp-content\/uploads\/2014\/06\/tn_620_600_policia_federal_200812.jpg\",\"articleSection\":[\"Brasil\"],\"inLanguage\":\"pt-BR\",\"potentialAction\":[{\"@type\":\"CommentAction\",\"name\":\"Comment\",\"target\":[\"https:\/\/www.notibras.com\/site\/planalto-da-aumento-de-15-e-policia-federal-suspende-greve-da-copa\/#respond\"]}]},{\"@type\":\"WebPage\",\"@id\":\"https:\/\/www.notibras.com\/site\/planalto-da-aumento-de-15-e-policia-federal-suspende-greve-da-copa\/\",\"url\":\"https:\/\/www.notibras.com\/site\/planalto-da-aumento-de-15-e-policia-federal-suspende-greve-da-copa\/\",\"name\":\"Planalto d\u00e1 aumento de 16% e PF suspende a 'Greve da Copa' - Notibras\",\"isPartOf\":{\"@id\":\"https:\/\/www.notibras.com\/site\/#website\"},\"primaryImageOfPage\":{\"@id\":\"https:\/\/www.notibras.com\/site\/planalto-da-aumento-de-15-e-policia-federal-suspende-greve-da-copa\/#primaryimage\"},\"image\":{\"@id\":\"https:\/\/www.notibras.com\/site\/planalto-da-aumento-de-15-e-policia-federal-suspende-greve-da-copa\/#primaryimage\"},\"thumbnailUrl\":\"https:\/\/www.notibras.com\/site\/wp-content\/uploads\/2014\/06\/tn_620_600_policia_federal_200812.jpg\",\"datePublished\":\"2014-06-03T03:24:51+00:00\",\"dateModified\":\"2014-06-03T13:45:18+00:00\",\"breadcrumb\":{\"@id\":\"https:\/\/www.notibras.com\/site\/planalto-da-aumento-de-15-e-policia-federal-suspende-greve-da-copa\/#breadcrumb\"},\"inLanguage\":\"pt-BR\",\"potentialAction\":[{\"@type\":\"ReadAction\",\"target\":[\"https:\/\/www.notibras.com\/site\/planalto-da-aumento-de-15-e-policia-federal-suspende-greve-da-copa\/\"]}]},{\"@type\":\"ImageObject\",\"inLanguage\":\"pt-BR\",\"@id\":\"https:\/\/www.notibras.com\/site\/planalto-da-aumento-de-15-e-policia-federal-suspende-greve-da-copa\/#primaryimage\",\"url\":\"https:\/\/www.notibras.com\/site\/wp-content\/uploads\/2014\/06\/tn_620_600_policia_federal_200812.jpg\",\"contentUrl\":\"https:\/\/www.notibras.com\/site\/wp-content\/uploads\/2014\/06\/tn_620_600_policia_federal_200812.jpg\",\"width\":620,\"height\":413},{\"@type\":\"BreadcrumbList\",\"@id\":\"https:\/\/www.notibras.com\/site\/planalto-da-aumento-de-15-e-policia-federal-suspende-greve-da-copa\/#breadcrumb\",\"itemListElement\":[{\"@type\":\"ListItem\",\"position\":1,\"name\":\"In\u00edcio\",\"item\":\"https:\/\/www.notibras.com\/site\/\"},{\"@type\":\"ListItem\",\"position\":2,\"name\":\"Planalto d\u00e1 aumento de 16% e PF suspende a &#8216;Greve da Copa&#8217;\"}]},{\"@type\":\"WebSite\",\"@id\":\"https:\/\/www.notibras.com\/site\/#website\",\"url\":\"https:\/\/www.notibras.com\/site\/\",\"name\":\"Notibras\",\"description\":\"Not\u00edcias de Bras\u00edlia, do Brasil e do Mundo\",\"publisher\":{\"@id\":\"https:\/\/www.notibras.com\/site\/#organization\"},\"potentialAction\":[{\"@type\":\"SearchAction\",\"target\":{\"@type\":\"EntryPoint\",\"urlTemplate\":\"https:\/\/www.notibras.com\/site\/?s={search_term_string}\"},\"query-input\":{\"@type\":\"PropertyValueSpecification\",\"valueRequired\":true,\"valueName\":\"search_term_string\"}}],\"inLanguage\":\"pt-BR\"},{\"@type\":\"Organization\",\"@id\":\"https:\/\/www.notibras.com\/site\/#organization\",\"name\":\"Grupo Notibras de Comunica\u00e7\u00e3o\",\"url\":\"https:\/\/www.notibras.com\/site\/\",\"logo\":{\"@type\":\"ImageObject\",\"inLanguage\":\"pt-BR\",\"@id\":\"https:\/\/www.notibras.com\/site\/#\/schema\/logo\/image\/\",\"url\":\"https:\/\/www.notibras.com\/site\/wp-content\/uploads\/2023\/01\/notibras23.png\",\"contentUrl\":\"https:\/\/www.notibras.com\/site\/wp-content\/uploads\/2023\/01\/notibras23.png\",\"width\":350,\"height\":87,\"caption\":\"Grupo Notibras de Comunica\u00e7\u00e3o\"},\"image\":{\"@id\":\"https:\/\/www.notibras.com\/site\/#\/schema\/logo\/image\/\"},\"sameAs\":[\"https:\/\/www.facebook.com\/notibras\/\",\"https:\/\/x.com\/Notibras\",\"https:\/\/www.instagram.com\/notibras\/\"]},{\"@type\":\"Person\",\"@id\":\"https:\/\/www.notibras.com\/site\/#\/schema\/person\/36ab0979449956132d3e5b517ea76ac8\",\"name\":\"Reda\u00e7\u00e3o\",\"image\":{\"@type\":\"ImageObject\",\"inLanguage\":\"pt-BR\",\"@id\":\"https:\/\/secure.gravatar.com\/avatar\/e0a867bdedb85fd243eadf09663511f96fc81e0720a4a42581f334ad4303aa6b?s=96&d=mm&r=g\",\"url\":\"https:\/\/secure.gravatar.com\/avatar\/e0a867bdedb85fd243eadf09663511f96fc81e0720a4a42581f334ad4303aa6b?s=96&d=mm&r=g\",\"contentUrl\":\"https:\/\/secure.gravatar.com\/avatar\/e0a867bdedb85fd243eadf09663511f96fc81e0720a4a42581f334ad4303aa6b?s=96&d=mm&r=g\",\"caption\":\"Reda\u00e7\u00e3o\"}}]}<\/script>\n<!-- \/ Yoast SEO plugin. -->","yoast_head_json":{"title":"Planalto d\u00e1 aumento de 16% e PF suspende a 'Greve da Copa' - Notibras","robots":{"index":"index","follow":"follow","max-snippet":"max-snippet:-1","max-image-preview":"max-image-preview:large","max-video-preview":"max-video-preview:-1"},"canonical":"https:\/\/www.notibras.com\/site\/planalto-da-aumento-de-15-e-policia-federal-suspende-greve-da-copa\/","og_locale":"pt_BR","og_type":"article","og_title":"Planalto d\u00e1 aumento de 16% e PF suspende a 'Greve da Copa' - Notibras","og_description":"A Pol\u00edcia Federal &#8211; agentes policiais, escriv\u00e3es e papiloscopistas &#8211; conseguiu arrancar do Pal\u00e1cio do Planalto um reajuste salarial de 15,8%. O acordo foi feito na noite da segunda-feira 2 e afasta a greve anunciada para come\u00e7ar junto com a Copa da Fifa. A categoria vai receber\u00a0 12% j\u00e1 este m\u00eas. Os 3,8% restantes ser\u00e3o [&hellip;]","og_url":"https:\/\/www.notibras.com\/site\/planalto-da-aumento-de-15-e-policia-federal-suspende-greve-da-copa\/","og_site_name":"Notibras","article_publisher":"https:\/\/www.facebook.com\/notibras\/","article_published_time":"2014-06-03T03:24:51+00:00","article_modified_time":"2014-06-03T13:45:18+00:00","og_image":[{"width":620,"height":413,"url":"https:\/\/www.notibras.com\/site\/wp-content\/uploads\/2014\/06\/tn_620_600_policia_federal_200812.jpg","type":"image\/jpeg"}],"author":"Reda\u00e7\u00e3o","twitter_card":"summary_large_image","twitter_creator":"@Notibras","twitter_site":"@Notibras","twitter_misc":{"Escrito por":"Reda\u00e7\u00e3o","Est. tempo de leitura":"1 minuto"},"schema":{"@context":"https:\/\/schema.org","@graph":[{"@type":"Article","@id":"https:\/\/www.notibras.com\/site\/planalto-da-aumento-de-15-e-policia-federal-suspende-greve-da-copa\/#article","isPartOf":{"@id":"https:\/\/www.notibras.com\/site\/planalto-da-aumento-de-15-e-policia-federal-suspende-greve-da-copa\/"},"author":{"name":"Reda\u00e7\u00e3o","@id":"https:\/\/www.notibras.com\/site\/#\/schema\/person\/36ab0979449956132d3e5b517ea76ac8"},"headline":"Planalto d\u00e1 aumento de 16% e PF suspende a &#8216;Greve da Copa&#8217;","datePublished":"2014-06-03T03:24:51+00:00","dateModified":"2014-06-03T13:45:18+00:00","mainEntityOfPage":{"@id":"https:\/\/www.notibras.com\/site\/planalto-da-aumento-de-15-e-policia-federal-suspende-greve-da-copa\/"},"wordCount":189,"commentCount":0,"publisher":{"@id":"https:\/\/www.notibras.com\/site\/#organization"},"image":{"@id":"https:\/\/www.notibras.com\/site\/planalto-da-aumento-de-15-e-policia-federal-suspende-greve-da-copa\/#primaryimage"},"thumbnailUrl":"https:\/\/www.notibras.com\/site\/wp-content\/uploads\/2014\/06\/tn_620_600_policia_federal_200812.jpg","articleSection":["Brasil"],"inLanguage":"pt-BR","potentialAction":[{"@type":"CommentAction","name":"Comment","target":["https:\/\/www.notibras.com\/site\/planalto-da-aumento-de-15-e-policia-federal-suspende-greve-da-copa\/#respond"]}]},{"@type":"WebPage","@id":"https:\/\/www.notibras.com\/site\/planalto-da-aumento-de-15-e-policia-federal-suspende-greve-da-copa\/","url":"https:\/\/www.notibras.com\/site\/planalto-da-aumento-de-15-e-policia-federal-suspende-greve-da-copa\/","name":"Planalto d\u00e1 aumento de 16% e PF suspende a 'Greve da Copa' - Notibras","isPartOf":{"@id":"https:\/\/www.notibras.com\/site\/#website"},"primaryImageOfPage":{"@id":"https:\/\/www.notibras.com\/site\/planalto-da-aumento-de-15-e-policia-federal-suspende-greve-da-copa\/#primaryimage"},"image":{"@id":"https:\/\/www.notibras.com\/site\/planalto-da-aumento-de-15-e-policia-federal-suspende-greve-da-copa\/#primaryimage"},"thumbnailUrl":"https:\/\/www.notibras.com\/site\/wp-content\/uploads\/2014\/06\/tn_620_600_policia_federal_200812.jpg","datePublished":"2014-06-03T03:24:51+00:00","dateModified":"2014-06-03T13:45:18+00:00","breadcrumb":{"@id":"https:\/\/www.notibras.com\/site\/planalto-da-aumento-de-15-e-policia-federal-suspende-greve-da-copa\/#breadcrumb"},"inLanguage":"pt-BR","potentialAction":[{"@type":"ReadAction","target":["https:\/\/www.notibras.com\/site\/planalto-da-aumento-de-15-e-policia-federal-suspende-greve-da-copa\/"]}]},{"@type":"ImageObject","inLanguage":"pt-BR","@id":"https:\/\/www.notibras.com\/site\/planalto-da-aumento-de-15-e-policia-federal-suspende-greve-da-copa\/#primaryimage","url":"https:\/\/www.notibras.com\/site\/wp-content\/uploads\/2014\/06\/tn_620_600_policia_federal_200812.jpg","contentUrl":"https:\/\/www.notibras.com\/site\/wp-content\/uploads\/2014\/06\/tn_620_600_policia_federal_200812.jpg","width":620,"height":413},{"@type":"BreadcrumbList","@id":"https:\/\/www.notibras.com\/site\/planalto-da-aumento-de-15-e-policia-federal-suspende-greve-da-copa\/#breadcrumb","itemListElement":[{"@type":"ListItem","position":1,"name":"In\u00edcio","item":"https:\/\/www.notibras.com\/site\/"},{"@type":"ListItem","position":2,"name":"Planalto d\u00e1 aumento de 16% e PF suspende a &#8216;Greve da Copa&#8217;"}]},{"@type":"WebSite","@id":"https:\/\/www.notibras.com\/site\/#website","url":"https:\/\/www.notibras.com\/site\/","name":"Notibras","description":"Not\u00edcias de Bras\u00edlia, do Brasil e do Mundo","publisher":{"@id":"https:\/\/www.notibras.com\/site\/#organization"},"potentialAction":[{"@type":"SearchAction","target":{"@type":"EntryPoint","urlTemplate":"https:\/\/www.notibras.com\/site\/?s={search_term_string}"},"query-input":{"@type":"PropertyValueSpecification","valueRequired":true,"valueName":"search_term_string"}}],"inLanguage":"pt-BR"},{"@type":"Organization","@id":"https:\/\/www.notibras.com\/site\/#organization","name":"Grupo Notibras de Comunica\u00e7\u00e3o","url":"https:\/\/www.notibras.com\/site\/","logo":{"@type":"ImageObject","inLanguage":"pt-BR","@id":"https:\/\/www.notibras.com\/site\/#\/schema\/logo\/image\/","url":"https:\/\/www.notibras.com\/site\/wp-content\/uploads\/2023\/01\/notibras23.png","contentUrl":"https:\/\/www.notibras.com\/site\/wp-content\/uploads\/2023\/01\/notibras23.png","width":350,"height":87,"caption":"Grupo Notibras de Comunica\u00e7\u00e3o"},"image":{"@id":"https:\/\/www.notibras.com\/site\/#\/schema\/logo\/image\/"},"sameAs":["https:\/\/www.facebook.com\/notibras\/","https:\/\/x.com\/Notibras","https:\/\/www.instagram.com\/notibras\/"]},{"@type":"Person","@id":"https:\/\/www.notibras.com\/site\/#\/schema\/person\/36ab0979449956132d3e5b517ea76ac8","name":"Reda\u00e7\u00e3o","image":{"@type":"ImageObject","inLanguage":"pt-BR","@id":"https:\/\/secure.gravatar.com\/avatar\/e0a867bdedb85fd243eadf09663511f96fc81e0720a4a42581f334ad4303aa6b?s=96&d=mm&r=g","url":"https:\/\/secure.gravatar.com\/avatar\/e0a867bdedb85fd243eadf09663511f96fc81e0720a4a42581f334ad4303aa6b?s=96&d=mm&r=g","contentUrl":"https:\/\/secure.gravatar.com\/avatar\/e0a867bdedb85fd243eadf09663511f96fc81e0720a4a42581f334ad4303aa6b?s=96&d=mm&r=g","caption":"Reda\u00e7\u00e3o"}}]}},"amp_enabled":true,"_links":{"self":[{"href":"https:\/\/www.notibras.com\/site\/wp-json\/wp\/v2\/posts\/12010","targetHints":{"allow":["GET"]}}],"collection":[{"href":"https:\/\/www.notibras.com\/site\/wp-json\/wp\/v2\/posts"}],"about":[{"href":"https:\/\/www.notibras.com\/site\/wp-json\/wp\/v2\/types\/post"}],"author":[{"embeddable":true,"href":"https:\/\/www.notibras.com\/site\/wp-json\/wp\/v2\/users\/2"}],"replies":[{"embeddable":true,"href":"https:\/\/www.notibras.com\/site\/wp-json\/wp\/v2\/comments?post=12010"}],"version-history":[{"count":0,"href":"https:\/\/www.notibras.com\/site\/wp-json\/wp\/v2\/posts\/12010\/revisions"}],"wp:featuredmedia":[{"embeddable":true,"href":"https:\/\/www.notibras.com\/site\/wp-json\/wp\/v2\/media\/12011"}],"wp:attachment":[{"href":"https:\/\/www.notibras.com\/site\/wp-json\/wp\/v2\/media?parent=12010"}],"wp:term":[{"taxonomy":"category","embeddable":true,"href":"https:\/\/www.notibras.com\/site\/wp-json\/wp\/v2\/categories?post=12010"},{"taxonomy":"post_tag","embeddable":true,"href":"https:\/\/www.notibras.com\/site\/wp-json\/wp\/v2\/tags?post=12010"}],"curies":[{"name":"wp","href":"https:\/\/api.w.org\/{rel}","templated":true}]}}