{"id":120324,"date":"2016-10-31T11:27:55","date_gmt":"2016-10-31T13:27:55","guid":{"rendered":"http:\/\/www.notibras.com\/site\/?p=120324"},"modified":"2016-10-31T11:27:55","modified_gmt":"2016-10-31T13:27:55","slug":"como-explicar-por-que-o-brasileiro-le-tao-pouco","status":"publish","type":"post","link":"https:\/\/www.notibras.com\/site\/como-explicar-por-que-o-brasileiro-le-tao-pouco\/","title":{"rendered":"Como explicar por que o brasileiro l\u00ea t\u00e3o pouco?"},"content":{"rendered":"<p><strong>Levi Ceregato<\/strong><\/p>\n<p>Em 2015, o Brasil tinha 188 milh\u00f5es de habitantes com mais de cinco anos, conforme estimativa populacional do IBGE. Considerando que a partir dessa idade os indiv\u00edduos t\u00eam potencial para ser leitores, \u00e9 poss\u00edvel fazer um interessante c\u00e1lculo, cruzando os dados demogr\u00e1ficos com a \u00faltima edi\u00e7\u00e3o da pesquisa &#8220;Produ\u00e7\u00e3o e Vendas do Setor Editorial Brasileiro&#8221; (Fipe-USP\/CBL\/SNEL).<\/p>\n<p>No ano passado, foram vendidos 389,27 milh\u00f5es de livros no pa\u00eds. Dividindo-se esse n\u00famero por 188 milh\u00f5es, temos m\u00e9dia de 2,07 exemplares\/ano por brasileiro com mais de cinco anos. Esse total, contudo, inclui os 134,59 milh\u00f5es de unidades compradas pelo governo. Se efetuarmos a conta apenas com os 254,68 milh\u00f5es de exemplares adquiridos diretamente pelos consumidores nas livrarias e demais canais de venda, a m\u00e9dia cai para 1,35 livro\/ano por habitante com mais de cinco anos.<\/p>\n<p>Ent\u00e3o, continua sendo inevit\u00e1vel a velha pergunta: por que o brasileiro l\u00ea t\u00e3o pouco? Refletir sobre a resposta \u00e9 oportuno neste Dia Nacional do Livro, 29 de outubro. Os principais motivos s\u00e3o: a distribui\u00e7\u00e3o desigual da renda; o analfabetismo, inclusive funcional, de quase 30 milh\u00f5es de pessoas; a falta de est\u00edmulo em casa e na escola; a car\u00eancia de pontos de venda e de bibliotecas p\u00fablicas; 2,8 milh\u00f5es de crian\u00e7as e adolescentes, ou 6,2% dos brasileiros entre 4 e 17 anos, est\u00e3o fora da escola, segundo o IBGE; e mais de 3,3 milh\u00f5es de crian\u00e7as e adolescentes encontram-se em situa\u00e7\u00e3o irregular de trabalho infantil (Funda\u00e7\u00e3o Abrinq).<\/p>\n<p>S\u00e3o muitos os brasileiros, adultos, crian\u00e7as e adolescentes, que, antes da oportunidade da leitura, lutam pela sobreviv\u00eancia. Por isso, nosso pa\u00eds carece de pol\u00edticas p\u00fablicas que ampliem o acesso ao livro, pois o direito de ler \u00e9 inerente \u00e0 cidadania e decisivo para a ascens\u00e3o socioecon\u00f4mica e redu\u00e7\u00e3o da d\u00edvida social. Quantos mais pessoas lerem, menor ser\u00e1 o contingente de exclu\u00eddos.<\/p>\n<p>As escolas seriam uma grande porta de entrada para o universo dos livros. No Brasil, por\u00e9m, 53% das 120,5 mil escolas existentes nas redes p\u00fablicas n\u00e3o t\u00eam biblioteca ou sala de leitura, conforme levantamento feito em 2015 pelo portal Qedu, da Funda\u00e7\u00e3o Lemann. Al\u00e9m disso, em decorr\u00eancia da crise econ\u00f4mica, os programas de compras governamentais de obras n\u00e3o did\u00e1ticas tamb\u00e9m sofreram atrasos e paralisa\u00e7\u00f5es nos \u00faltimos anos.<\/p>\n<p>Outra quest\u00e3o a ser solucionada para o est\u00edmulo \u00e0 leitura diz respeito a um incompreens\u00edvel e impune desrespeito ao princ\u00edpio constitucional referente \u00e0 imunidade tribut\u00e1ria do livro: na sua impress\u00e3o, as gr\u00e1ficas recolhem al\u00edquota de 9,25% de contribui\u00e7\u00e3o para o Pis\/Cofins. Da\u00ed a import\u00e2ncia do projeto de lei 2.396\/2015, que reduz a zero as al\u00edquotas do Pis\/Pasep e da Cofins incidentes sobre a receita bruta decorrente da impress\u00e3o de livros, reduzindo o seu custo. Ali\u00e1s, por mais incr\u00edvel que possa parecer, os materiais escolares, como cadernos, fich\u00e1rios e agendas, tamb\u00e9m s\u00e3o taxados, o que pode ser solucionado por outro Projeto de Lei, o de n\u00famero 6.705\/2009, j\u00e1 aprovado no Senado.<\/p>\n<p>Da baixa renda de parcela populacional expressiva ao desrespeito \u00e0 Constitui\u00e7\u00e3o, s\u00e3o muitas as causas do p\u00edfio \u00edndice de leitura no Brasil. Entretanto, o problema n\u00e3o tem apenas origem social ou referente ao pre\u00e7o dos livros, pois tamb\u00e9m nas classes m\u00e9dia e alta l\u00ea-se pouco. O motivo, definitivamente, n\u00e3o \u00e9 a concentra\u00e7\u00e3o do foco dos jovens na internet e redes sociais. Em numerosas na\u00e7\u00f5es, inclusive na Argentina, as pessoas continuam lendo bastante.<\/p>\n<p>Falta ao nosso pa\u00eds uma pol\u00edtica consistente, pois o Plano Nacional do Livro e Leitura (PNLL), institu\u00eddo por decreto presidencial em 2011, jamais decolou em seus quatro eixos \u2013democratiza\u00e7\u00e3o do acesso, fomento da leitura e forma\u00e7\u00e3o de mediadores, valoriza\u00e7\u00e3o institucional da leitura e incremento de seu valor simb\u00f3lico e desenvolvimento da economia do livro. Assim, \u00e9 preponderante passar da in\u00e9rcia \u00e0 a\u00e7\u00e3o. \u00c9 preciso que tenhamos motivos concretos para comemorar o Dia Nacional do Livro!<\/p>\n","protected":false},"excerpt":{"rendered":"<p>Levi Ceregato Em 2015, o Brasil tinha 188 milh\u00f5es de habitantes com mais de cinco anos, conforme estimativa populacional do IBGE. Considerando que a partir dessa idade os indiv\u00edduos t\u00eam potencial para ser leitores, \u00e9 poss\u00edvel fazer um interessante c\u00e1lculo, cruzando os dados demogr\u00e1ficos com a \u00faltima edi\u00e7\u00e3o da pesquisa &#8220;Produ\u00e7\u00e3o e Vendas do Setor [&hellip;]<\/p>\n","protected":false},"author":2,"featured_media":120325,"comment_status":"open","ping_status":"closed","sticky":false,"template":"","format":"standard","meta":{"_acf_changed":false,"footnotes":""},"categories":[25],"tags":[],"class_list":["post-120324","post","type-post","status-publish","format-standard","has-post-thumbnail","hentry","category-opina-ai"],"acf":[],"yoast_head":"<!-- This site is optimized with the Yoast SEO plugin v27.5 - https:\/\/yoast.com\/product\/yoast-seo-wordpress\/ -->\n<title>Como explicar por que o brasileiro l\u00ea t\u00e3o pouco? - Notibras<\/title>\n<meta name=\"robots\" content=\"index, follow, max-snippet:-1, max-image-preview:large, max-video-preview:-1\" \/>\n<link rel=\"canonical\" href=\"https:\/\/www.notibras.com\/site\/como-explicar-por-que-o-brasileiro-le-tao-pouco\/\" \/>\n<meta property=\"og:locale\" content=\"pt_BR\" \/>\n<meta property=\"og:type\" content=\"article\" \/>\n<meta property=\"og:title\" content=\"Como explicar por que o brasileiro l\u00ea t\u00e3o pouco? - Notibras\" \/>\n<meta property=\"og:description\" content=\"Levi Ceregato Em 2015, o Brasil tinha 188 milh\u00f5es de habitantes com mais de cinco anos, conforme estimativa populacional do IBGE. Considerando que a partir dessa idade os indiv\u00edduos t\u00eam potencial para ser leitores, \u00e9 poss\u00edvel fazer um interessante c\u00e1lculo, cruzando os dados demogr\u00e1ficos com a \u00faltima edi\u00e7\u00e3o da pesquisa &#8220;Produ\u00e7\u00e3o e Vendas do Setor [&hellip;]\" \/>\n<meta property=\"og:url\" content=\"https:\/\/www.notibras.com\/site\/como-explicar-por-que-o-brasileiro-le-tao-pouco\/\" \/>\n<meta property=\"og:site_name\" content=\"Notibras\" \/>\n<meta property=\"article:publisher\" content=\"https:\/\/www.facebook.com\/notibras\/\" \/>\n<meta property=\"article:published_time\" content=\"2016-10-31T13:27:55+00:00\" \/>\n<meta property=\"og:image\" content=\"https:\/\/www.notibras.com\/site\/wp-content\/uploads\/2016\/10\/biblioteca.jpg\" \/>\n\t<meta property=\"og:image:width\" content=\"1600\" \/>\n\t<meta property=\"og:image:height\" content=\"1064\" \/>\n\t<meta property=\"og:image:type\" content=\"image\/jpeg\" \/>\n<meta name=\"author\" content=\"Reda\u00e7\u00e3o\" \/>\n<meta name=\"twitter:card\" content=\"summary_large_image\" \/>\n<meta name=\"twitter:creator\" content=\"@Notibras\" \/>\n<meta name=\"twitter:site\" content=\"@Notibras\" \/>\n<meta name=\"twitter:label1\" content=\"Escrito por\" \/>\n\t<meta name=\"twitter:data1\" content=\"Reda\u00e7\u00e3o\" \/>\n\t<meta name=\"twitter:label2\" content=\"Est. tempo de leitura\" \/>\n\t<meta name=\"twitter:data2\" content=\"3 minutos\" \/>\n<script type=\"application\/ld+json\" class=\"yoast-schema-graph\">{\"@context\":\"https:\\\/\\\/schema.org\",\"@graph\":[{\"@type\":\"Article\",\"@id\":\"https:\\\/\\\/www.notibras.com\\\/site\\\/como-explicar-por-que-o-brasileiro-le-tao-pouco\\\/#article\",\"isPartOf\":{\"@id\":\"https:\\\/\\\/www.notibras.com\\\/site\\\/como-explicar-por-que-o-brasileiro-le-tao-pouco\\\/\"},\"author\":{\"name\":\"Reda\u00e7\u00e3o\",\"@id\":\"https:\\\/\\\/www.notibras.com\\\/site\\\/#\\\/schema\\\/person\\\/36ab0979449956132d3e5b517ea76ac8\"},\"headline\":\"Como explicar por que o brasileiro l\u00ea t\u00e3o pouco?\",\"datePublished\":\"2016-10-31T13:27:55+00:00\",\"mainEntityOfPage\":{\"@id\":\"https:\\\/\\\/www.notibras.com\\\/site\\\/como-explicar-por-que-o-brasileiro-le-tao-pouco\\\/\"},\"wordCount\":701,\"commentCount\":0,\"publisher\":{\"@id\":\"https:\\\/\\\/www.notibras.com\\\/site\\\/#organization\"},\"image\":{\"@id\":\"https:\\\/\\\/www.notibras.com\\\/site\\\/como-explicar-por-que-o-brasileiro-le-tao-pouco\\\/#primaryimage\"},\"thumbnailUrl\":\"https:\\\/\\\/www.notibras.com\\\/site\\\/wp-content\\\/uploads\\\/2016\\\/10\\\/biblioteca.jpg\",\"articleSection\":[\"Opina a\u00ed\"],\"inLanguage\":\"pt-BR\",\"potentialAction\":[{\"@type\":\"CommentAction\",\"name\":\"Comment\",\"target\":[\"https:\\\/\\\/www.notibras.com\\\/site\\\/como-explicar-por-que-o-brasileiro-le-tao-pouco\\\/#respond\"]}]},{\"@type\":\"WebPage\",\"@id\":\"https:\\\/\\\/www.notibras.com\\\/site\\\/como-explicar-por-que-o-brasileiro-le-tao-pouco\\\/\",\"url\":\"https:\\\/\\\/www.notibras.com\\\/site\\\/como-explicar-por-que-o-brasileiro-le-tao-pouco\\\/\",\"name\":\"Como explicar por que o brasileiro l\u00ea t\u00e3o pouco? - Notibras\",\"isPartOf\":{\"@id\":\"https:\\\/\\\/www.notibras.com\\\/site\\\/#website\"},\"primaryImageOfPage\":{\"@id\":\"https:\\\/\\\/www.notibras.com\\\/site\\\/como-explicar-por-que-o-brasileiro-le-tao-pouco\\\/#primaryimage\"},\"image\":{\"@id\":\"https:\\\/\\\/www.notibras.com\\\/site\\\/como-explicar-por-que-o-brasileiro-le-tao-pouco\\\/#primaryimage\"},\"thumbnailUrl\":\"https:\\\/\\\/www.notibras.com\\\/site\\\/wp-content\\\/uploads\\\/2016\\\/10\\\/biblioteca.jpg\",\"datePublished\":\"2016-10-31T13:27:55+00:00\",\"breadcrumb\":{\"@id\":\"https:\\\/\\\/www.notibras.com\\\/site\\\/como-explicar-por-que-o-brasileiro-le-tao-pouco\\\/#breadcrumb\"},\"inLanguage\":\"pt-BR\",\"potentialAction\":[{\"@type\":\"ReadAction\",\"target\":[\"https:\\\/\\\/www.notibras.com\\\/site\\\/como-explicar-por-que-o-brasileiro-le-tao-pouco\\\/\"]}]},{\"@type\":\"ImageObject\",\"inLanguage\":\"pt-BR\",\"@id\":\"https:\\\/\\\/www.notibras.com\\\/site\\\/como-explicar-por-que-o-brasileiro-le-tao-pouco\\\/#primaryimage\",\"url\":\"https:\\\/\\\/www.notibras.com\\\/site\\\/wp-content\\\/uploads\\\/2016\\\/10\\\/biblioteca.jpg\",\"contentUrl\":\"https:\\\/\\\/www.notibras.com\\\/site\\\/wp-content\\\/uploads\\\/2016\\\/10\\\/biblioteca.jpg\",\"width\":1600,\"height\":1064},{\"@type\":\"BreadcrumbList\",\"@id\":\"https:\\\/\\\/www.notibras.com\\\/site\\\/como-explicar-por-que-o-brasileiro-le-tao-pouco\\\/#breadcrumb\",\"itemListElement\":[{\"@type\":\"ListItem\",\"position\":1,\"name\":\"In\u00edcio\",\"item\":\"https:\\\/\\\/www.notibras.com\\\/site\\\/\"},{\"@type\":\"ListItem\",\"position\":2,\"name\":\"Como explicar por que o brasileiro l\u00ea t\u00e3o pouco?\"}]},{\"@type\":\"WebSite\",\"@id\":\"https:\\\/\\\/www.notibras.com\\\/site\\\/#website\",\"url\":\"https:\\\/\\\/www.notibras.com\\\/site\\\/\",\"name\":\"Notibras\",\"description\":\"Not\u00edcias de Bras\u00edlia, do Brasil e do Mundo\",\"publisher\":{\"@id\":\"https:\\\/\\\/www.notibras.com\\\/site\\\/#organization\"},\"potentialAction\":[{\"@type\":\"SearchAction\",\"target\":{\"@type\":\"EntryPoint\",\"urlTemplate\":\"https:\\\/\\\/www.notibras.com\\\/site\\\/?s={search_term_string}\"},\"query-input\":{\"@type\":\"PropertyValueSpecification\",\"valueRequired\":true,\"valueName\":\"search_term_string\"}}],\"inLanguage\":\"pt-BR\"},{\"@type\":\"Organization\",\"@id\":\"https:\\\/\\\/www.notibras.com\\\/site\\\/#organization\",\"name\":\"Grupo Notibras de Comunica\u00e7\u00e3o\",\"url\":\"https:\\\/\\\/www.notibras.com\\\/site\\\/\",\"logo\":{\"@type\":\"ImageObject\",\"inLanguage\":\"pt-BR\",\"@id\":\"https:\\\/\\\/www.notibras.com\\\/site\\\/#\\\/schema\\\/logo\\\/image\\\/\",\"url\":\"https:\\\/\\\/www.notibras.com\\\/site\\\/wp-content\\\/uploads\\\/2023\\\/01\\\/notibras23.png\",\"contentUrl\":\"https:\\\/\\\/www.notibras.com\\\/site\\\/wp-content\\\/uploads\\\/2023\\\/01\\\/notibras23.png\",\"width\":350,\"height\":87,\"caption\":\"Grupo Notibras de Comunica\u00e7\u00e3o\"},\"image\":{\"@id\":\"https:\\\/\\\/www.notibras.com\\\/site\\\/#\\\/schema\\\/logo\\\/image\\\/\"},\"sameAs\":[\"https:\\\/\\\/www.facebook.com\\\/notibras\\\/\",\"https:\\\/\\\/x.com\\\/Notibras\",\"https:\\\/\\\/www.instagram.com\\\/notibras\\\/\"]},{\"@type\":\"Person\",\"@id\":\"https:\\\/\\\/www.notibras.com\\\/site\\\/#\\\/schema\\\/person\\\/36ab0979449956132d3e5b517ea76ac8\",\"name\":\"Reda\u00e7\u00e3o\",\"image\":{\"@type\":\"ImageObject\",\"inLanguage\":\"pt-BR\",\"@id\":\"https:\\\/\\\/secure.gravatar.com\\\/avatar\\\/e0a867bdedb85fd243eadf09663511f96fc81e0720a4a42581f334ad4303aa6b?s=96&d=mm&r=g\",\"url\":\"https:\\\/\\\/secure.gravatar.com\\\/avatar\\\/e0a867bdedb85fd243eadf09663511f96fc81e0720a4a42581f334ad4303aa6b?s=96&d=mm&r=g\",\"contentUrl\":\"https:\\\/\\\/secure.gravatar.com\\\/avatar\\\/e0a867bdedb85fd243eadf09663511f96fc81e0720a4a42581f334ad4303aa6b?s=96&d=mm&r=g\",\"caption\":\"Reda\u00e7\u00e3o\"}}]}<\/script>\n<!-- \/ Yoast SEO plugin. -->","yoast_head_json":{"title":"Como explicar por que o brasileiro l\u00ea t\u00e3o pouco? - Notibras","robots":{"index":"index","follow":"follow","max-snippet":"max-snippet:-1","max-image-preview":"max-image-preview:large","max-video-preview":"max-video-preview:-1"},"canonical":"https:\/\/www.notibras.com\/site\/como-explicar-por-que-o-brasileiro-le-tao-pouco\/","og_locale":"pt_BR","og_type":"article","og_title":"Como explicar por que o brasileiro l\u00ea t\u00e3o pouco? - Notibras","og_description":"Levi Ceregato Em 2015, o Brasil tinha 188 milh\u00f5es de habitantes com mais de cinco anos, conforme estimativa populacional do IBGE. Considerando que a partir dessa idade os indiv\u00edduos t\u00eam potencial para ser leitores, \u00e9 poss\u00edvel fazer um interessante c\u00e1lculo, cruzando os dados demogr\u00e1ficos com a \u00faltima edi\u00e7\u00e3o da pesquisa &#8220;Produ\u00e7\u00e3o e Vendas do Setor [&hellip;]","og_url":"https:\/\/www.notibras.com\/site\/como-explicar-por-que-o-brasileiro-le-tao-pouco\/","og_site_name":"Notibras","article_publisher":"https:\/\/www.facebook.com\/notibras\/","article_published_time":"2016-10-31T13:27:55+00:00","og_image":[{"width":1600,"height":1064,"url":"https:\/\/www.notibras.com\/site\/wp-content\/uploads\/2016\/10\/biblioteca.jpg","type":"image\/jpeg"}],"author":"Reda\u00e7\u00e3o","twitter_card":"summary_large_image","twitter_creator":"@Notibras","twitter_site":"@Notibras","twitter_misc":{"Escrito por":"Reda\u00e7\u00e3o","Est. tempo de leitura":"3 minutos"},"schema":{"@context":"https:\/\/schema.org","@graph":[{"@type":"Article","@id":"https:\/\/www.notibras.com\/site\/como-explicar-por-que-o-brasileiro-le-tao-pouco\/#article","isPartOf":{"@id":"https:\/\/www.notibras.com\/site\/como-explicar-por-que-o-brasileiro-le-tao-pouco\/"},"author":{"name":"Reda\u00e7\u00e3o","@id":"https:\/\/www.notibras.com\/site\/#\/schema\/person\/36ab0979449956132d3e5b517ea76ac8"},"headline":"Como explicar por que o brasileiro l\u00ea t\u00e3o pouco?","datePublished":"2016-10-31T13:27:55+00:00","mainEntityOfPage":{"@id":"https:\/\/www.notibras.com\/site\/como-explicar-por-que-o-brasileiro-le-tao-pouco\/"},"wordCount":701,"commentCount":0,"publisher":{"@id":"https:\/\/www.notibras.com\/site\/#organization"},"image":{"@id":"https:\/\/www.notibras.com\/site\/como-explicar-por-que-o-brasileiro-le-tao-pouco\/#primaryimage"},"thumbnailUrl":"https:\/\/www.notibras.com\/site\/wp-content\/uploads\/2016\/10\/biblioteca.jpg","articleSection":["Opina a\u00ed"],"inLanguage":"pt-BR","potentialAction":[{"@type":"CommentAction","name":"Comment","target":["https:\/\/www.notibras.com\/site\/como-explicar-por-que-o-brasileiro-le-tao-pouco\/#respond"]}]},{"@type":"WebPage","@id":"https:\/\/www.notibras.com\/site\/como-explicar-por-que-o-brasileiro-le-tao-pouco\/","url":"https:\/\/www.notibras.com\/site\/como-explicar-por-que-o-brasileiro-le-tao-pouco\/","name":"Como explicar por que o brasileiro l\u00ea t\u00e3o pouco? - Notibras","isPartOf":{"@id":"https:\/\/www.notibras.com\/site\/#website"},"primaryImageOfPage":{"@id":"https:\/\/www.notibras.com\/site\/como-explicar-por-que-o-brasileiro-le-tao-pouco\/#primaryimage"},"image":{"@id":"https:\/\/www.notibras.com\/site\/como-explicar-por-que-o-brasileiro-le-tao-pouco\/#primaryimage"},"thumbnailUrl":"https:\/\/www.notibras.com\/site\/wp-content\/uploads\/2016\/10\/biblioteca.jpg","datePublished":"2016-10-31T13:27:55+00:00","breadcrumb":{"@id":"https:\/\/www.notibras.com\/site\/como-explicar-por-que-o-brasileiro-le-tao-pouco\/#breadcrumb"},"inLanguage":"pt-BR","potentialAction":[{"@type":"ReadAction","target":["https:\/\/www.notibras.com\/site\/como-explicar-por-que-o-brasileiro-le-tao-pouco\/"]}]},{"@type":"ImageObject","inLanguage":"pt-BR","@id":"https:\/\/www.notibras.com\/site\/como-explicar-por-que-o-brasileiro-le-tao-pouco\/#primaryimage","url":"https:\/\/www.notibras.com\/site\/wp-content\/uploads\/2016\/10\/biblioteca.jpg","contentUrl":"https:\/\/www.notibras.com\/site\/wp-content\/uploads\/2016\/10\/biblioteca.jpg","width":1600,"height":1064},{"@type":"BreadcrumbList","@id":"https:\/\/www.notibras.com\/site\/como-explicar-por-que-o-brasileiro-le-tao-pouco\/#breadcrumb","itemListElement":[{"@type":"ListItem","position":1,"name":"In\u00edcio","item":"https:\/\/www.notibras.com\/site\/"},{"@type":"ListItem","position":2,"name":"Como explicar por que o brasileiro l\u00ea t\u00e3o pouco?"}]},{"@type":"WebSite","@id":"https:\/\/www.notibras.com\/site\/#website","url":"https:\/\/www.notibras.com\/site\/","name":"Notibras","description":"Not\u00edcias de Bras\u00edlia, do Brasil e do Mundo","publisher":{"@id":"https:\/\/www.notibras.com\/site\/#organization"},"potentialAction":[{"@type":"SearchAction","target":{"@type":"EntryPoint","urlTemplate":"https:\/\/www.notibras.com\/site\/?s={search_term_string}"},"query-input":{"@type":"PropertyValueSpecification","valueRequired":true,"valueName":"search_term_string"}}],"inLanguage":"pt-BR"},{"@type":"Organization","@id":"https:\/\/www.notibras.com\/site\/#organization","name":"Grupo Notibras de Comunica\u00e7\u00e3o","url":"https:\/\/www.notibras.com\/site\/","logo":{"@type":"ImageObject","inLanguage":"pt-BR","@id":"https:\/\/www.notibras.com\/site\/#\/schema\/logo\/image\/","url":"https:\/\/www.notibras.com\/site\/wp-content\/uploads\/2023\/01\/notibras23.png","contentUrl":"https:\/\/www.notibras.com\/site\/wp-content\/uploads\/2023\/01\/notibras23.png","width":350,"height":87,"caption":"Grupo Notibras de Comunica\u00e7\u00e3o"},"image":{"@id":"https:\/\/www.notibras.com\/site\/#\/schema\/logo\/image\/"},"sameAs":["https:\/\/www.facebook.com\/notibras\/","https:\/\/x.com\/Notibras","https:\/\/www.instagram.com\/notibras\/"]},{"@type":"Person","@id":"https:\/\/www.notibras.com\/site\/#\/schema\/person\/36ab0979449956132d3e5b517ea76ac8","name":"Reda\u00e7\u00e3o","image":{"@type":"ImageObject","inLanguage":"pt-BR","@id":"https:\/\/secure.gravatar.com\/avatar\/e0a867bdedb85fd243eadf09663511f96fc81e0720a4a42581f334ad4303aa6b?s=96&d=mm&r=g","url":"https:\/\/secure.gravatar.com\/avatar\/e0a867bdedb85fd243eadf09663511f96fc81e0720a4a42581f334ad4303aa6b?s=96&d=mm&r=g","contentUrl":"https:\/\/secure.gravatar.com\/avatar\/e0a867bdedb85fd243eadf09663511f96fc81e0720a4a42581f334ad4303aa6b?s=96&d=mm&r=g","caption":"Reda\u00e7\u00e3o"}}]}},"amp_enabled":true,"_links":{"self":[{"href":"https:\/\/www.notibras.com\/site\/wp-json\/wp\/v2\/posts\/120324","targetHints":{"allow":["GET"]}}],"collection":[{"href":"https:\/\/www.notibras.com\/site\/wp-json\/wp\/v2\/posts"}],"about":[{"href":"https:\/\/www.notibras.com\/site\/wp-json\/wp\/v2\/types\/post"}],"author":[{"embeddable":true,"href":"https:\/\/www.notibras.com\/site\/wp-json\/wp\/v2\/users\/2"}],"replies":[{"embeddable":true,"href":"https:\/\/www.notibras.com\/site\/wp-json\/wp\/v2\/comments?post=120324"}],"version-history":[{"count":1,"href":"https:\/\/www.notibras.com\/site\/wp-json\/wp\/v2\/posts\/120324\/revisions"}],"predecessor-version":[{"id":120326,"href":"https:\/\/www.notibras.com\/site\/wp-json\/wp\/v2\/posts\/120324\/revisions\/120326"}],"wp:featuredmedia":[{"embeddable":true,"href":"https:\/\/www.notibras.com\/site\/wp-json\/wp\/v2\/media\/120325"}],"wp:attachment":[{"href":"https:\/\/www.notibras.com\/site\/wp-json\/wp\/v2\/media?parent=120324"}],"wp:term":[{"taxonomy":"category","embeddable":true,"href":"https:\/\/www.notibras.com\/site\/wp-json\/wp\/v2\/categories?post=120324"},{"taxonomy":"post_tag","embeddable":true,"href":"https:\/\/www.notibras.com\/site\/wp-json\/wp\/v2\/tags?post=120324"}],"curies":[{"name":"wp","href":"https:\/\/api.w.org\/{rel}","templated":true}]}}